{"id":7552,"date":"2025-06-14T22:52:04","date_gmt":"2025-06-14T20:52:04","guid":{"rendered":"https:\/\/slams.fr\/blog\/a-la-une\/plongee-au-coeur-des-communautes-facebook-et-slack-dediees-au-slam\/"},"modified":"2025-06-14T22:52:04","modified_gmt":"2025-06-14T20:52:04","slug":"plongee-au-coeur-des-communautes-facebook-et-slack-dediees-au-slam","status":"publish","type":"post","link":"https:\/\/slams.fr\/blog\/a-la-une\/plongee-au-coeur-des-communautes-facebook-et-slack-dediees-au-slam\/","title":{"rendered":"Plong\u00e9e au c\u0153ur des communaut\u00e9s Facebook et Slack d\u00e9di\u00e9es au slam"},"content":{"rendered":"<h1>Plong\u00e9e au c\u0153ur des communaut\u00e9s Facebook et Slack d\u00e9di\u00e9es au slam<\/h1>\n<h2>\u00c9cosyst\u00e8me num\u00e9rique du slam : pourquoi Facebook et Slack sont devenus incontournables<\/h2>\n<p>\nL\u2019engouement pour le <strong>slam<\/strong> s\u2019est rapidement d\u00e9plac\u00e9 des sc\u00e8nes physiques vers les espaces virtuels. Les groupes Facebook, totalisant parfois plusieurs milliers de membres, offrent une grande accessibilit\u00e9 et une simplicit\u00e9 de prise de parole, tandis que Slack s\u00e9duit par la <u>structuration de ses canaux<\/u> et la possibilit\u00e9 d\u2019interagir en temps r\u00e9el. Ces plateformes permettent \u00e0 la fois des \u00e9changes spontan\u00e9s et des collaborations approfondies, connectant des cr\u00e9ateurs issus de tous horizons g\u00e9ographiques et g\u00e9n\u00e9rationnels.\n<\/p>\n<ul>\n<li>\n<strong>Facebook<\/strong> favorise la visibilit\u00e9 gr\u00e2ce aux fonctionnalit\u00e9s de partage, d\u2019\u00e9v\u00e9nements et de sondages, tout en rassemblant une diversit\u00e9 de profils : jeunes auteurs, organisateurs d\u2019\u00e9v\u00e9nements, mentors, professionnels du spectacle.\n<\/li>\n<li>\n<strong>Slack<\/strong> structure les discussions par th\u00e9matiques (ateliers, retours, organisation), cr\u00e9ant un cadre propice \u00e0 la co-cr\u00e9ation et \u00e0 la critique constructive. Les membres y d\u00e9veloppent des projets communs et planifient des r\u00e9sidences artistiques.\n<\/li>\n<\/ul>\n<p>\nCes espaces servent de <strong>laboratoires d\u2019innovation<\/strong> \u00e0 la sc\u00e8ne slam francophone, dynamisant la diffusion des textes originaux et permettant l\u2019\u00e9mergence de nouvelles voix. De nombreux concours, festivals et collectifs y sont initi\u00e9s et relay\u00e9s, tels que le <strong>Festival Slam, Rap, Po\u00e9sie &amp; Cie<\/strong> pilot\u00e9 par MC June, dont le rayonnement s\u2019est appuy\u00e9 sur la vitalit\u00e9 des r\u00e9seaux sociaux pour f\u00e9d\u00e9rer artistes et public autour d\u2019une programmation \u00e9clectique.\n<\/p>\n<h2>Les groupes Facebook de slameurs : viviers d\u2019inspiration et de partage<\/h2>\n<p>\nLa sc\u00e8ne slam francophone se cristallise sur Facebook autour de groupes th\u00e9matiques, qui constituent de v\u00e9ritables <u>communaut\u00e9s de pratique<\/u>. On y trouve des espaces comme <strong>Slam Po\u00e9sie Francophone<\/strong> (plus de 7 000 membres), <strong>Slam Qu\u00e9bec<\/strong>, <strong>Slam Paris<\/strong> ou encore <strong>Festival Slam, Rap, Po\u00e9sie &amp; Cie<\/strong>, chacun proposant des activit\u00e9s sp\u00e9cifiques et une ambiance propre.\n<\/p>\n<ul>\n<li>\nPublication de textes originaux pour recueil de retours rapides et personnalis\u00e9s.\n<\/li>\n<li>\nAnnonces de <strong>sc\u00e8nes ouvertes<\/strong>, concours, festivals majeurs et tourn\u00e9es (ex : <strong>Dix ans de slam qu\u00e9b\u00e9cois<\/strong> f\u00eat\u00e9s \u00e0 Montr\u00e9al avec la participation de collectifs comme Po\u00e9zyk ou Slamontr\u00e9al).\n<\/li>\n<li>\nLancement de <u>d\u00e9fis cr\u00e9atifs<\/u> th\u00e9matiques pour stimuler l\u2019inspiration collective.\n<\/li>\n<li>\nEntraide entre novices et artistes confirm\u00e9s, avec partage d\u2019astuces sur la structuration d\u2019un texte, la gestion du trac sc\u00e9nique ou l\u2019\u00e9dition d\u2019un recueil.\n<\/li>\n<\/ul>\n<p>\nLa viralit\u00e9 des publications permet \u00e0 certains slameurs de se faire rep\u00e9rer et d\u2019acc\u00e9der \u00e0 une audience plus large, comme V\u00e9ronique Bachand, rep\u00e9r\u00e9e via le groupe Slam Qu\u00e9bec, avant de remporter le concours France-Qu\u00e9bec et de se produire en tourn\u00e9e. On note une mod\u00e9ration active visant \u00e0 prot\u00e9ger l\u2019\u00e9quilibre entre libert\u00e9 d\u2019expression et respect, pr\u00e9servant ainsi un climat de <strong>bienveillance artistique<\/strong>.\n<\/p>\n<h2>Slack : ateliers d\u2019\u00e9criture et collaborations en temps r\u00e9el pour slameurs connect\u00e9s<\/h2>\n<p>\nL\u2019environnement Slack, adopt\u00e9 par des collectifs tels que <strong>Slamers Connected<\/strong> ou certaines branches d\u2019associations de po\u00e9sie urbaine, permet d\u2019orchestrer des <strong>ateliers d\u2019\u00e9criture collaboratifs<\/strong> sans contrainte de localisation. L\u2019architecture multi-canaux facilite la cr\u00e9ation d\u2019espaces r\u00e9serv\u00e9s \u00e0 chaque \u00e9tape :\n<\/p>\n<ul>\n<li>\nCanaux pour <strong>propositions de th\u00e8mes<\/strong> ou prompts cr\u00e9atifs hebdomadaires.<\/li>\n<li>\nEspaces d\u00e9di\u00e9s \u00e0 l\u2019<strong>analyse de textes<\/strong> ou \u00e0 l\u2019entra\u00eenement \u00e0 la performance orale (retours audio et vid\u00e9o entre membres).<\/li>\n<li>\nOrganisation d\u2019<u>ateliers virtuels synchrones<\/u> pour r\u00e9diger en groupe et recevoir des feedbacks imm\u00e9diats.\n<\/li>\n<\/ul>\n<p>\nL\u2019un des atouts de Slack r\u00e9side dans la possibilit\u00e9 de constituer des archives consultables, facilitant l\u2019acc\u00e8s \u00e0 des bases de textes et \u00e0 des ressources p\u00e9dagogiques issues des ateliers. Les interactions y sont souvent plus structur\u00e9es que sur Facebook, favorisant le d\u00e9veloppement de projets \u00e0 long terme, tels que la cr\u00e9ation de <strong>recueils collectifs<\/strong> ou la pr\u00e9paration de performances live coordonn\u00e9es. L\u2019utilisation de Slack s\u2019intensifie notamment lors de festivals hybrides ou d\u2019\u00e9v\u00e9nements en ligne n\u00e9cessitant une coordination sans faille entre intervenants.\n<\/p>\n<h2>R\u00e9seautage et opportunit\u00e9s : comment ces communaut\u00e9s propulsent la carri\u00e8re des slameurs<\/h2>\n<p>\nLes groupes Facebook et canaux Slack sp\u00e9cialis\u00e9s ont consid\u00e9rablement \u00e9tendu les possibilit\u00e9s de r\u00e9seautage pour les slameurs. En rejoignant ces espaces, les artistes b\u00e9n\u00e9ficient d\u2019un acc\u00e8s direct \u00e0 des organisateurs, agents, programmateurs de festivals, ou encore \u00e0 des mentors partageant leur exp\u00e9rience de la sc\u00e8ne internationale.\n<\/p>\n<ul>\n<li>\nParticipation directe \u00e0 des <u>concours en ligne<\/u> et sc\u00e8nes ouvertes connect\u00e9es, souvent diffus\u00e9es en streaming, \u00e0 l\u2019instar du <strong>Festival Slam, Rap, Po\u00e9sie &amp; Cie<\/strong>.\n<\/li>\n<li>\nRencontres entre artistes de diff\u00e9rents pays, permettant la cr\u00e9ation de duos internationaux et l\u2019invitation \u00e0 des tourn\u00e9es \u00e0 l\u2019\u00e9tranger, comme en t\u00e9moigne la carri\u00e8re de certains laur\u00e9ats des concours France-Qu\u00e9bec.<\/li>\n<li>\nAnnonces r\u00e9guli\u00e8res d\u2019appels \u00e0 candidature pour des r\u00e9sidences artistiques (programme Spoken Word \u00e0 Banff, rencontres de Natashquan\u2026).\n<\/li>\n<li>\nCirculation d\u2019informations sur les possibilit\u00e9s d\u2019\u00e9dition, d\u2019enregistrement studio et d\u2019acc\u00e8s \u00e0 des dispositifs de financement.\n<\/li>\n<\/ul>\n<p>\nLe bouche-\u00e0-oreille digital, aliment\u00e9 par les partages de vid\u00e9os de performances et de textes marquants, propulse la notori\u00e9t\u00e9 des artistes les plus actifs. L\u2019accompagnement par des communaut\u00e9s engag\u00e9es permet d\u2019affiner sa pratique, de se constituer une audience fid\u00e8le, et d\u2019int\u00e9grer des collectifs influents.\n<\/p>\n<h2>Ressources, ateliers et \u00e9v\u00e9nements : la richesse des contenus partag\u00e9s par les slameurs<\/h2>\n<p>\nLa valeur ajout\u00e9e des groupes Facebook et de Slack se mesure aussi \u00e0 la diversit\u00e9 et \u00e0 la qualit\u00e9 des contenus partag\u00e9s. Ces espaces concentrent un flux continu de <strong>ressources p\u00e9dagogiques<\/strong> et pratiques pour toute personne d\u00e9sireuse de s\u2019initier ou de se perfectionner.\n<\/p>\n<ul>\n<li>\nProposition d\u2019ateliers d\u2019\u00e9criture collectifs, comme ceux anim\u00e9s par MC June lors du Festival Slam, Rap, Po\u00e9sie &amp; Cie, ou par Mathieu Lipp\u00e9 par le biais de son programme \u00ab Lib\u00e8re ta parole \u00bb structur\u00e9 autour des axes sens, son, image, performance.<\/li>\n<li>\nPartage de supports p\u00e9dagogiques (guides techniques, vid\u00e9os de performances, fiches d\u2019exercices sur les proc\u00e9d\u00e9s litt\u00e9raires : m\u00e9taphores, assonances, hyperboles\u2026)<\/li>\n<li>\nDiffusion d\u2019annonces d\u2019\u00e9v\u00e9nements incontournables sur la sc\u00e8ne slam (rencontres \u00e0 la biblioth\u00e8que Mordeca\u00ef-Richler, vitrines du slam qu\u00e9b\u00e9cois \u00e0 la librairie Le Port de T\u00eate).<\/li>\n<li>\n\u00c9changes sur l\u2019auto\u00e9dition, les dispositifs de publication num\u00e9rique et les outils de promotion en ligne.\n<\/li>\n<\/ul>\n<p>\nLa <strong>mutualisation des connaissances<\/strong> facilite la mont\u00e9e en comp\u00e9tence collective, offrant notamment aux \u00e9tablissements scolaires et aux collectivit\u00e9s territoriales des outils pour int\u00e9grer le slam \u00e0 leur programmation culturelle. Les retours d\u2019exp\u00e9riences, captations de spectacles et conseils en prise de parole renforcent l\u2019impact formateur de ces communaut\u00e9s pour tous les profils d\u2019artistes, de l\u2019\u00e9l\u00e8ve au professionnel.\n<\/p>\n<h2>S\u2019engager, rester actif et respecter les codes : bonnes pratiques pour int\u00e9grer une communaut\u00e9 de slameurs en ligne<\/h2>\n<p>\nInt\u00e9grer une communaut\u00e9 slam en ligne requiert une posture active et respectueuse. Quelques r\u00e8gles tacites d\u00e9terminent la qualit\u00e9 des \u00e9changes et la p\u00e9rennit\u00e9 des groupes, assurant \u00e0 chacun un environnement stimulant et ouvert.\n<\/p>\n<ul>\n<li>\nSe pr\u00e9senter en arrivant, en partageant ses aspirations et premi\u00e8res cr\u00e9ations pour initier le dialogue.<\/li>\n<li>\nParticiper r\u00e9guli\u00e8rement aux discussions, encourager les autres membres et donner des retours constructifs sur les textes publi\u00e9s.<\/li>\n<li>\nRespecter les r\u00e8gles propres \u00e0 chaque groupe (fr\u00e9quence de publication, copyright des \u0153uvres, interdiction des propos discriminants\u2026), signal\u00e9es par les mod\u00e9rateurs.\n<\/li>\n<li>\nValoriser l\u2019\u00e9coute active et la diversit\u00e9 des voix, acceptant la critique positive et \u00e9vitant les pol\u00e9miques st\u00e9riles.\n<\/li>\n<li>\nUtiliser les outils propos\u00e9s (sondages, ateliers collectifs, feedback audio\u2026) pour enrichir sa pratique et contribuer \u00e0 la dynamique du groupe.\n<\/li>\n<\/ul>\n<p>\nUne participation \u00e9thique et bienveillante, alli\u00e9e \u00e0 une curiosit\u00e9 artistique, permet \u00e0 chacun d\u2019\u00e9largir son r\u00e9seau, d\u2019acqu\u00e9rir de nouvelles comp\u00e9tences et de s\u2019impliquer dans des projets d\u2019envergure, tout en respectant l\u2019esprit inclusif propre \u00e0 la <strong>sc\u00e8ne slam<\/strong>. La transparence dans la gestion des d\u00e9bats, le respect des codes de la po\u00e9sie urbaine et une implication constante sont les clefs pour s\u2019int\u00e9grer durablement et faire rayonner sa voix.<\/p>\n","protected":false},"excerpt":{"rendered":"","protected":false},"author":34,"featured_media":7612,"comment_status":"open","ping_status":"open","sticky":false,"template":"","format":"standard","meta":{"_acf_changed":false,"manual_indexmenow":false,"indexmenow_id_project":0,"footnotes":""},"categories":[1],"tags":[4741,4740,4526],"class_list":["post-7552","post","type-post","status-publish","format-standard","has-post-thumbnail","hentry","category-a-la-une","tag-communautes","tag-reseaux-sociaux","tag-slam","generate-columns","tablet-grid-50","mobile-grid-100","grid-parent","grid-25"],"acf":[],"yoast_head":"<!-- This site is optimized with the Yoast SEO Premium plugin v21.3 (Yoast SEO v26.5) - https:\/\/yoast.com\/wordpress\/plugins\/seo\/ -->\n<title>Les communaut\u00e9s Facebook et Slack d\u00e9di\u00e9es au slam<\/title>\n<meta name=\"description\" content=\"L\u2019engouement pour le slam s\u2019est rapidement d\u00e9plac\u00e9 des sc\u00e8nes physiques vers les espaces virtuels.\" \/>\n<meta name=\"robots\" content=\"index, follow, max-snippet:-1, max-image-preview:large, max-video-preview:-1\" \/>\n<link rel=\"canonical\" href=\"https:\/\/slams.fr\/blog\/a-la-une\/plongee-au-coeur-des-communautes-facebook-et-slack-dediees-au-slam\/\" \/>\n<meta property=\"og:locale\" content=\"fr_FR\" \/>\n<meta property=\"og:type\" content=\"article\" \/>\n<meta property=\"og:title\" content=\"Les communaut\u00e9s Facebook et Slack d\u00e9di\u00e9es au slam\" \/>\n<meta property=\"og:description\" content=\"L\u2019engouement pour le slam s\u2019est rapidement d\u00e9plac\u00e9 des sc\u00e8nes physiques vers les espaces virtuels.\" \/>\n<meta property=\"og:url\" content=\"https:\/\/slams.fr\/blog\/a-la-une\/plongee-au-coeur-des-communautes-facebook-et-slack-dediees-au-slam\/\" \/>\n<meta property=\"og:site_name\" content=\"slams\" \/>\n<meta property=\"og:image\" content=\"https:\/\/slams.fr\/blog\/wp-content\/uploads\/2025\/07\/sdxl-1c4e5f7d4666061be2a47aee7f35e1a0-scaled.png\" \/>\n\t<meta property=\"og:image:width\" content=\"1200\" \/>\n\t<meta property=\"og:image:height\" content=\"500\" \/>\n\t<meta property=\"og:image:type\" content=\"image\/png\" \/>\n<meta name=\"author\" content=\"Rapha\u00ebl D.\" \/>\n<meta name=\"twitter:card\" content=\"summary_large_image\" \/>\n<script type=\"application\/ld+json\" class=\"yoast-schema-graph\">{\"@context\":\"https:\/\/schema.org\",\"@graph\":[{\"@type\":\"NewsArticle\",\"@id\":\"https:\/\/slams.fr\/blog\/a-la-une\/plongee-au-coeur-des-communautes-facebook-et-slack-dediees-au-slam\/#article\",\"isPartOf\":{\"@id\":\"https:\/\/slams.fr\/blog\/a-la-une\/plongee-au-coeur-des-communautes-facebook-et-slack-dediees-au-slam\/\"},\"author\":{\"name\":\"Rapha\u00ebl D.\",\"@id\":\"https:\/\/slams.fr\/blog\/#\/schema\/person\/3c864cdc320801e3db34b663e7e3f816\"},\"headline\":\"Plong\u00e9e au c\u0153ur des communaut\u00e9s Facebook et Slack d\u00e9di\u00e9es au slam\",\"datePublished\":\"2025-06-14T20:52:04+00:00\",\"mainEntityOfPage\":{\"@id\":\"https:\/\/slams.fr\/blog\/a-la-une\/plongee-au-coeur-des-communautes-facebook-et-slack-dediees-au-slam\/\"},\"wordCount\":1417,\"commentCount\":0,\"publisher\":{\"@id\":\"https:\/\/slams.fr\/blog\/#organization\"},\"image\":{\"@id\":\"https:\/\/slams.fr\/blog\/a-la-une\/plongee-au-coeur-des-communautes-facebook-et-slack-dediees-au-slam\/#primaryimage\"},\"thumbnailUrl\":\"https:\/\/slams.fr\/blog\/wp-content\/uploads\/2025\/07\/sdxl-1c4e5f7d4666061be2a47aee7f35e1a0-scaled.png\",\"keywords\":[\"communautes\",\"reseaux sociaux\",\"Slam\"],\"articleSection\":[\"\u00c0 la une\"],\"inLanguage\":\"fr-FR\",\"potentialAction\":[{\"@type\":\"CommentAction\",\"name\":\"Comment\",\"target\":[\"https:\/\/slams.fr\/blog\/a-la-une\/plongee-au-coeur-des-communautes-facebook-et-slack-dediees-au-slam\/#respond\"]}]},{\"@type\":\"WebPage\",\"@id\":\"https:\/\/slams.fr\/blog\/a-la-une\/plongee-au-coeur-des-communautes-facebook-et-slack-dediees-au-slam\/\",\"url\":\"https:\/\/slams.fr\/blog\/a-la-une\/plongee-au-coeur-des-communautes-facebook-et-slack-dediees-au-slam\/\",\"name\":\"Les communaut\u00e9s Facebook et Slack d\u00e9di\u00e9es au slam\",\"isPartOf\":{\"@id\":\"https:\/\/slams.fr\/blog\/#website\"},\"primaryImageOfPage\":{\"@id\":\"https:\/\/slams.fr\/blog\/a-la-une\/plongee-au-coeur-des-communautes-facebook-et-slack-dediees-au-slam\/#primaryimage\"},\"image\":{\"@id\":\"https:\/\/slams.fr\/blog\/a-la-une\/plongee-au-coeur-des-communautes-facebook-et-slack-dediees-au-slam\/#primaryimage\"},\"thumbnailUrl\":\"https:\/\/slams.fr\/blog\/wp-content\/uploads\/2025\/07\/sdxl-1c4e5f7d4666061be2a47aee7f35e1a0-scaled.png\",\"datePublished\":\"2025-06-14T20:52:04+00:00\",\"description\":\"L\u2019engouement pour le slam s\u2019est rapidement d\u00e9plac\u00e9 des sc\u00e8nes physiques vers les espaces virtuels.\",\"inLanguage\":\"fr-FR\",\"potentialAction\":[{\"@type\":\"ReadAction\",\"target\":[\"https:\/\/slams.fr\/blog\/a-la-une\/plongee-au-coeur-des-communautes-facebook-et-slack-dediees-au-slam\/\"]}]},{\"@type\":\"ImageObject\",\"inLanguage\":\"fr-FR\",\"@id\":\"https:\/\/slams.fr\/blog\/a-la-une\/plongee-au-coeur-des-communautes-facebook-et-slack-dediees-au-slam\/#primaryimage\",\"url\":\"https:\/\/slams.fr\/blog\/wp-content\/uploads\/2025\/07\/sdxl-1c4e5f7d4666061be2a47aee7f35e1a0-scaled.png\",\"contentUrl\":\"https:\/\/slams.fr\/blog\/wp-content\/uploads\/2025\/07\/sdxl-1c4e5f7d4666061be2a47aee7f35e1a0-scaled.png\",\"width\":1200,\"height\":500},{\"@type\":\"WebSite\",\"@id\":\"https:\/\/slams.fr\/blog\/#website\",\"url\":\"https:\/\/slams.fr\/blog\/\",\"name\":\"slams.fr\",\"description\":\"Slams, l&#039;\u00e9nergie des mots en action\",\"publisher\":{\"@id\":\"https:\/\/slams.fr\/blog\/#organization\"},\"alternateName\":\"Slams, l'\u00e9nergie des mots en action\",\"potentialAction\":[{\"@type\":\"SearchAction\",\"target\":{\"@type\":\"EntryPoint\",\"urlTemplate\":\"https:\/\/slams.fr\/blog\/?s={search_term_string}\"},\"query-input\":{\"@type\":\"PropertyValueSpecification\",\"valueRequired\":true,\"valueName\":\"search_term_string\"}}],\"inLanguage\":\"fr-FR\"},{\"@type\":\"Organization\",\"@id\":\"https:\/\/slams.fr\/blog\/#organization\",\"name\":\"Foretsensations.fr\",\"url\":\"https:\/\/slams.fr\/blog\/\",\"logo\":{\"@type\":\"ImageObject\",\"inLanguage\":\"fr-FR\",\"@id\":\"https:\/\/slams.fr\/blog\/#\/schema\/logo\/image\/\",\"url\":\"https:\/\/slams.fr\/blog\/wp-content\/uploads\/2026\/07\/logo-auto-1.png\",\"contentUrl\":\"https:\/\/slams.fr\/blog\/wp-content\/uploads\/2026\/07\/logo-auto-1.png\",\"width\":1024,\"height\":1024,\"caption\":\"Foretsensations.fr\"},\"image\":{\"@id\":\"https:\/\/slams.fr\/blog\/#\/schema\/logo\/image\/\"}},{\"@type\":\"Person\",\"@id\":\"https:\/\/slams.fr\/blog\/#\/schema\/person\/3c864cdc320801e3db34b663e7e3f816\",\"name\":\"Rapha\u00ebl D.\",\"image\":{\"@type\":\"ImageObject\",\"inLanguage\":\"fr-FR\",\"@id\":\"https:\/\/slams.fr\/blog\/#\/schema\/person\/image\/\",\"url\":\"https:\/\/slams.fr\/blog\/wp-content\/uploads\/2026\/06\/persona_raphael-d-96x96.jpg\",\"contentUrl\":\"https:\/\/slams.fr\/blog\/wp-content\/uploads\/2026\/06\/persona_raphael-d-96x96.jpg\",\"caption\":\"Rapha\u00ebl D.\"},\"description\":\"La culture est mon terrain de jeu depuis une dizaine d'ann\u00e9es : arts visuels, s\u00e9ries, cr\u00e9ation et tout ce qui nourrit l'imaginaire. J'\u00e9cris aussi bien sur l'actualit\u00e9 des \u0153uvres que sur les coulisses de la cr\u00e9ation, avec l'envie de relier l'amateur curieux \u00e0 des univers parfois jug\u00e9s intimidants. J'aime analyser une s\u00e9rie ou une d\u00e9marche artistique sans p\u00e9dantisme, replacer une \u0153uvre dans son contexte et donner des cl\u00e9s de lecture accessibles. Avant de publier, je v\u00e9rifie mes r\u00e9f\u00e9rences, je recoupe les sources et je distingue clairement le fait de mon interpr\u00e9tation subjective. Je crois qu'une critique vaut surtout par les arguments qu'elle expose, pas par la sentence qu'elle rend. Mon angle : transmettre l'envie de d\u00e9couvrir, de regarder autrement et de se forger son propre go\u00fbt. La culture n'appartient pas qu'aux initi\u00e9s, et c'est tout l'enjeu de mon \u00e9criture.\",\"url\":\"https:\/\/slams.fr\/blog\/auteur\/raphael-d\/\",\"jobTitle\":\"R\u00e9dacteur en chef \u00b7 Culture & Cr\u00e9ation\",\"knowsAbout\":[\"Culture\",\"Cr\u00e9ation\"],\"email\":\"raphael.d@a-l-asso-de-l-art.fr\"}]}<\/script>\n<!-- \/ Yoast SEO Premium plugin. -->","yoast_head_json":{"title":"Les communaut\u00e9s Facebook et Slack d\u00e9di\u00e9es au slam","description":"L\u2019engouement pour le slam s\u2019est rapidement d\u00e9plac\u00e9 des sc\u00e8nes physiques vers les espaces virtuels.","robots":{"index":"index","follow":"follow","max-snippet":"max-snippet:-1","max-image-preview":"max-image-preview:large","max-video-preview":"max-video-preview:-1"},"canonical":"https:\/\/slams.fr\/blog\/a-la-une\/plongee-au-coeur-des-communautes-facebook-et-slack-dediees-au-slam\/","og_locale":"fr_FR","og_type":"article","og_title":"Les communaut\u00e9s Facebook et Slack d\u00e9di\u00e9es au slam","og_description":"L\u2019engouement pour le slam s\u2019est rapidement d\u00e9plac\u00e9 des sc\u00e8nes physiques vers les espaces virtuels.","og_url":"https:\/\/slams.fr\/blog\/a-la-une\/plongee-au-coeur-des-communautes-facebook-et-slack-dediees-au-slam\/","og_site_name":"slams","og_image":[{"width":1200,"height":500,"url":"https:\/\/slams.fr\/blog\/wp-content\/uploads\/2025\/07\/sdxl-1c4e5f7d4666061be2a47aee7f35e1a0-scaled.png","type":"image\/png"}],"author":"Rapha\u00ebl D.","twitter_card":"summary_large_image","schema":{"@context":"https:\/\/schema.org","@graph":[{"@type":"NewsArticle","@id":"https:\/\/slams.fr\/blog\/a-la-une\/plongee-au-coeur-des-communautes-facebook-et-slack-dediees-au-slam\/#article","isPartOf":{"@id":"https:\/\/slams.fr\/blog\/a-la-une\/plongee-au-coeur-des-communautes-facebook-et-slack-dediees-au-slam\/"},"author":{"name":"Rapha\u00ebl D.","@id":"https:\/\/slams.fr\/blog\/#\/schema\/person\/3c864cdc320801e3db34b663e7e3f816"},"headline":"Plong\u00e9e au c\u0153ur des communaut\u00e9s Facebook et Slack d\u00e9di\u00e9es au slam","datePublished":"2025-06-14T20:52:04+00:00","mainEntityOfPage":{"@id":"https:\/\/slams.fr\/blog\/a-la-une\/plongee-au-coeur-des-communautes-facebook-et-slack-dediees-au-slam\/"},"wordCount":1417,"commentCount":0,"publisher":{"@id":"https:\/\/slams.fr\/blog\/#organization"},"image":{"@id":"https:\/\/slams.fr\/blog\/a-la-une\/plongee-au-coeur-des-communautes-facebook-et-slack-dediees-au-slam\/#primaryimage"},"thumbnailUrl":"https:\/\/slams.fr\/blog\/wp-content\/uploads\/2025\/07\/sdxl-1c4e5f7d4666061be2a47aee7f35e1a0-scaled.png","keywords":["communautes","reseaux sociaux","Slam"],"articleSection":["\u00c0 la une"],"inLanguage":"fr-FR","potentialAction":[{"@type":"CommentAction","name":"Comment","target":["https:\/\/slams.fr\/blog\/a-la-une\/plongee-au-coeur-des-communautes-facebook-et-slack-dediees-au-slam\/#respond"]}]},{"@type":"WebPage","@id":"https:\/\/slams.fr\/blog\/a-la-une\/plongee-au-coeur-des-communautes-facebook-et-slack-dediees-au-slam\/","url":"https:\/\/slams.fr\/blog\/a-la-une\/plongee-au-coeur-des-communautes-facebook-et-slack-dediees-au-slam\/","name":"Les communaut\u00e9s Facebook et Slack d\u00e9di\u00e9es au slam","isPartOf":{"@id":"https:\/\/slams.fr\/blog\/#website"},"primaryImageOfPage":{"@id":"https:\/\/slams.fr\/blog\/a-la-une\/plongee-au-coeur-des-communautes-facebook-et-slack-dediees-au-slam\/#primaryimage"},"image":{"@id":"https:\/\/slams.fr\/blog\/a-la-une\/plongee-au-coeur-des-communautes-facebook-et-slack-dediees-au-slam\/#primaryimage"},"thumbnailUrl":"https:\/\/slams.fr\/blog\/wp-content\/uploads\/2025\/07\/sdxl-1c4e5f7d4666061be2a47aee7f35e1a0-scaled.png","datePublished":"2025-06-14T20:52:04+00:00","description":"L\u2019engouement pour le slam s\u2019est rapidement d\u00e9plac\u00e9 des sc\u00e8nes physiques vers les espaces virtuels.","inLanguage":"fr-FR","potentialAction":[{"@type":"ReadAction","target":["https:\/\/slams.fr\/blog\/a-la-une\/plongee-au-coeur-des-communautes-facebook-et-slack-dediees-au-slam\/"]}]},{"@type":"ImageObject","inLanguage":"fr-FR","@id":"https:\/\/slams.fr\/blog\/a-la-une\/plongee-au-coeur-des-communautes-facebook-et-slack-dediees-au-slam\/#primaryimage","url":"https:\/\/slams.fr\/blog\/wp-content\/uploads\/2025\/07\/sdxl-1c4e5f7d4666061be2a47aee7f35e1a0-scaled.png","contentUrl":"https:\/\/slams.fr\/blog\/wp-content\/uploads\/2025\/07\/sdxl-1c4e5f7d4666061be2a47aee7f35e1a0-scaled.png","width":1200,"height":500},{"@type":"WebSite","@id":"https:\/\/slams.fr\/blog\/#website","url":"https:\/\/slams.fr\/blog\/","name":"slams.fr","description":"Slams, l&#039;\u00e9nergie des mots en action","publisher":{"@id":"https:\/\/slams.fr\/blog\/#organization"},"alternateName":"Slams, l'\u00e9nergie des mots en action","potentialAction":[{"@type":"SearchAction","target":{"@type":"EntryPoint","urlTemplate":"https:\/\/slams.fr\/blog\/?s={search_term_string}"},"query-input":{"@type":"PropertyValueSpecification","valueRequired":true,"valueName":"search_term_string"}}],"inLanguage":"fr-FR"},{"@type":"Organization","@id":"https:\/\/slams.fr\/blog\/#organization","name":"Foretsensations.fr","url":"https:\/\/slams.fr\/blog\/","logo":{"@type":"ImageObject","inLanguage":"fr-FR","@id":"https:\/\/slams.fr\/blog\/#\/schema\/logo\/image\/","url":"https:\/\/slams.fr\/blog\/wp-content\/uploads\/2026\/07\/logo-auto-1.png","contentUrl":"https:\/\/slams.fr\/blog\/wp-content\/uploads\/2026\/07\/logo-auto-1.png","width":1024,"height":1024,"caption":"Foretsensations.fr"},"image":{"@id":"https:\/\/slams.fr\/blog\/#\/schema\/logo\/image\/"}},{"@type":"Person","@id":"https:\/\/slams.fr\/blog\/#\/schema\/person\/3c864cdc320801e3db34b663e7e3f816","name":"Rapha\u00ebl D.","image":{"@type":"ImageObject","inLanguage":"fr-FR","@id":"https:\/\/slams.fr\/blog\/#\/schema\/person\/image\/","url":"https:\/\/slams.fr\/blog\/wp-content\/uploads\/2026\/06\/persona_raphael-d-96x96.jpg","contentUrl":"https:\/\/slams.fr\/blog\/wp-content\/uploads\/2026\/06\/persona_raphael-d-96x96.jpg","caption":"Rapha\u00ebl D."},"description":"La culture est mon terrain de jeu depuis une dizaine d'ann\u00e9es : arts visuels, s\u00e9ries, cr\u00e9ation et tout ce qui nourrit l'imaginaire. J'\u00e9cris aussi bien sur l'actualit\u00e9 des \u0153uvres que sur les coulisses de la cr\u00e9ation, avec l'envie de relier l'amateur curieux \u00e0 des univers parfois jug\u00e9s intimidants. J'aime analyser une s\u00e9rie ou une d\u00e9marche artistique sans p\u00e9dantisme, replacer une \u0153uvre dans son contexte et donner des cl\u00e9s de lecture accessibles. Avant de publier, je v\u00e9rifie mes r\u00e9f\u00e9rences, je recoupe les sources et je distingue clairement le fait de mon interpr\u00e9tation subjective. Je crois qu'une critique vaut surtout par les arguments qu'elle expose, pas par la sentence qu'elle rend. Mon angle : transmettre l'envie de d\u00e9couvrir, de regarder autrement et de se forger son propre go\u00fbt. La culture n'appartient pas qu'aux initi\u00e9s, et c'est tout l'enjeu de mon \u00e9criture.","url":"https:\/\/slams.fr\/blog\/auteur\/raphael-d\/","jobTitle":"R\u00e9dacteur en chef \u00b7 Culture & Cr\u00e9ation","knowsAbout":["Culture","Cr\u00e9ation"],"email":"raphael.d@a-l-asso-de-l-art.fr"}]}},"_links":{"self":[{"href":"https:\/\/slams.fr\/blog\/wp-json\/wp\/v2\/posts\/7552","targetHints":{"allow":["GET"]}}],"collection":[{"href":"https:\/\/slams.fr\/blog\/wp-json\/wp\/v2\/posts"}],"about":[{"href":"https:\/\/slams.fr\/blog\/wp-json\/wp\/v2\/types\/post"}],"author":[{"embeddable":true,"href":"https:\/\/slams.fr\/blog\/wp-json\/wp\/v2\/users\/34"}],"replies":[{"embeddable":true,"href":"https:\/\/slams.fr\/blog\/wp-json\/wp\/v2\/comments?post=7552"}],"version-history":[{"count":0,"href":"https:\/\/slams.fr\/blog\/wp-json\/wp\/v2\/posts\/7552\/revisions"}],"wp:featuredmedia":[{"embeddable":true,"href":"https:\/\/slams.fr\/blog\/wp-json\/wp\/v2\/media\/7612"}],"wp:attachment":[{"href":"https:\/\/slams.fr\/blog\/wp-json\/wp\/v2\/media?parent=7552"}],"wp:term":[{"taxonomy":"category","embeddable":true,"href":"https:\/\/slams.fr\/blog\/wp-json\/wp\/v2\/categories?post=7552"},{"taxonomy":"post_tag","embeddable":true,"href":"https:\/\/slams.fr\/blog\/wp-json\/wp\/v2\/tags?post=7552"}],"curies":[{"name":"wp","href":"https:\/\/api.w.org\/{rel}","templated":true}]}}