{"id":7556,"date":"2025-06-14T23:02:32","date_gmt":"2025-06-14T21:02:32","guid":{"rendered":"https:\/\/slams.fr\/blog\/a-la-une\/espaces-de-coworking-creatifs-le-tremplin-ideal-pour-slameurs-en-quete-dinspiration\/"},"modified":"2025-06-14T23:02:32","modified_gmt":"2025-06-14T21:02:32","slug":"espaces-de-coworking-creatifs-le-tremplin-ideal-pour-slameurs-en-quete-dinspiration","status":"publish","type":"post","link":"https:\/\/slams.fr\/blog\/a-la-une\/espaces-de-coworking-creatifs-le-tremplin-ideal-pour-slameurs-en-quete-dinspiration\/","title":{"rendered":"Espaces de coworking cr\u00e9atifs : le tremplin id\u00e9al pour slameurs en qu\u00eate d\u2019inspiration"},"content":{"rendered":"<h1>Espaces de coworking cr\u00e9atifs : le tremplin id\u00e9al pour slameurs en qu\u00eate d\u2019inspiration<\/h1>\n<h2>Pourquoi choisir un espace de coworking cr\u00e9atif pour pratiquer le slam\u202f?<\/h2>\n<p>\n    S\u2019installer dans un <strong>environnement collaboratif<\/strong> bouleverse positivement la dynamique cr\u00e9ative\u202f: l\u2019influence du groupe, la diversit\u00e9 des profils pr\u00e9sents et la circulation des id\u00e9es constituent un terreau d\u2019\u00e9mulation unique. Nous constatons, dans les p\u00f4les comme <strong>La Paillasse<\/strong> \u00e0 Paris ou <strong>Le Lavoir Moderne<\/strong> \u00e0 Lyon, une mutation de la pratique du slam, qui s\u2019\u00e9loigne de l\u2019isolement pour se nourrir de la confrontation bienveillante entre pairs. <u>La fertilisation crois\u00e9e des disciplines<\/u> \u2013 po\u00e9sie, musique, performance, arts visuels \u2013 \u00e9largit les horizons, permet de repousser les fronti\u00e8res de la cr\u00e9ation et d\u2019atteindre de nouveaux publics, en particulier lors de <strong>sc\u00e8nes ouvertes<\/strong> accessibles \u00e0 toutes et tous.\n  <\/p>\n<ul>\n<li><strong>\u00c9mulation de groupe<\/strong>\u202f: l\u2019\u00e9nergie collective d\u00e9cuple la motivation et pousse chaque membre \u00e0 se surpasser<\/li>\n<li><strong>Synergie d\u2019id\u00e9es<\/strong>\u202f: les \u00e9changes informels autour d\u2019un texte ou d\u2019un rythme d\u00e9bouchent souvent sur des collaborations in\u00e9dites<\/li>\n<li><strong>Ouverture artistique<\/strong>\u202f: l\u2019acc\u00e8s \u00e0 un vivier d\u2019artistes de disciplines diff\u00e9rentes favorise l\u2019\u00e9mergence d\u2019un slam hybride, nourri de diversit\u00e9<\/li>\n<\/ul>\n<p>\n    Les espaces tels que <strong>Le 59Rivoli<\/strong> \u00e0 Paris ou <strong>La Poudri\u00e8re<\/strong> \u00e0 Nancy, r\u00e9servent des cr\u00e9neaux pour les auteurs oraux\u202f: des rencontres o\u00f9 l\u2019on partage, d\u00e9construit et reconstruit ses textes sous l\u2019\u0153il attentif d\u2019une audience exigeante mais solidaire. <u>La force du collectif<\/u> s\u2019y combine \u00e0 la capacit\u00e9 d\u2019ouvrir des portes insoup\u00e7onn\u00e9es, tant sur le plan artistique que professionnel.\n  <\/p>\n<h2>Caract\u00e9ristiques uniques des espaces pens\u00e9s pour les artistes oraux<\/h2>\n<p>\n    Les espaces de coworking d\u00e9di\u00e9s aux <strong>artistes oraux<\/strong> d\u00e9ploient des <u>am\u00e9nagements sp\u00e9cifiquement con\u00e7us pour l\u2019expression sc\u00e9nique<\/u>. \u00c0 <strong>La Maison du Slam<\/strong> \u00e0 Lille, on d\u00e9couvre des <strong>studios d\u2019enregistrement<\/strong> modulables, des <strong>cabines phon\u00e9tiques<\/strong> pour r\u00e9p\u00e9ter sans \u00eatre d\u00e9rang\u00e9, ainsi qu\u2019une <strong>biblioth\u00e8que de textes contemporains<\/strong> et classiques pour nourrir l\u2019inspiration. Les structures investissent dans un <strong>mat\u00e9riel audiovisuel<\/strong> professionnel (micros, projecteurs, enregistreurs portables) permettant de capter et de valoriser chaque performance.\n  <\/p>\n<ul>\n<li><strong>Sc\u00e8nes de r\u00e9p\u00e9tition<\/strong> \u00e9quip\u00e9es (lumi\u00e8re, son, gradins modulables) pour tester ses textes en conditions r\u00e9elles<\/li>\n<li><strong>Studios d\u2019enregistrement pro<\/strong>\u202f: \u00e0 La Bellevilloise (Paris), acc\u00e8s sur r\u00e9servation \u00e0 des cabines avec r\u00e9gie pour une prise de son optimale<\/li>\n<li><strong>Biblioth\u00e8ques et m\u00e9diath\u00e8ques<\/strong> sp\u00e9cialis\u00e9es dans la po\u00e9sie urbaine, \u00e0 l\u2019image du Centre International de la Po\u00e9sie \u00e0 Marseille<\/li>\n<li><strong>Espaces d\u2019isolation phonique<\/strong>, comme \u00e0 La Cit\u00e9 des Arts \u00e0 Toulouse, pour l\u2019\u00e9criture intense ou l\u2019enregistrement confidentiel<\/li>\n<\/ul>\n<p>\n    Le soin apport\u00e9 \u00e0 la <strong>d\u00e9coration<\/strong> et au <strong>confort<\/strong> favorise aussi l\u2019\u00e9closion des id\u00e9es\u202f: murs couverts d\u2019\u0153uvres originales, mobilier ergonomique, zones v\u00e9g\u00e9talis\u00e9es ou immersives, parfois m\u00eame installations interactives inspirantes. Un lieu comme <strong>Les Ateliers de la Ville en Bois<\/strong> \u00e0 Nantes en fait un axe majeur de diff\u00e9renciation avec ses ambiances lumineuses et sa palette de textures, cr\u00e9ant un environnement o\u00f9 le slameur travaille avec plaisir et efficacit\u00e9.\n  <\/p>\n<h2>Communaut\u00e9s et r\u00e9seaux\u202f: la force du collectif pour les po\u00e8tes urbains<\/h2>\n<p>\n    S\u2019int\u00e9grer \u00e0 une <strong>communaut\u00e9 artistique<\/strong> transforme chaque session de coworking en une opportunit\u00e9 d\u2019apprentissage et d\u2019\u00e9volution. Les dynamiques communautaires sont centrales dans des lieux comme <strong>Le G\u00e9n\u00e9rateur<\/strong> \u00e0 Gentilly, o\u00f9 se tiennent des <strong>ateliers d\u2019\u00e9criture collective<\/strong> et des <strong>sessions de coaching<\/strong> dispens\u00e9es par des slameurs chevronn\u00e9s. \u00c0 <strong>L\u2019Espace 59<\/strong>, les membres b\u00e9n\u00e9ficient d\u2019une plateforme d\u2019\u00e9changes permettant de trouver des partenaires de cr\u00e9ation ou de pr\u00e9parer ensemble des <strong>repr\u00e9sentations publiques<\/strong>.\n  <\/p>\n<ul>\n<li><strong>Ateliers d\u2019\u00e9criture<\/strong> r\u00e9guliers anim\u00e9s par des auteurs confirm\u00e9s, favorisant le d\u00e9veloppement d\u2019une plume personnelle<\/li>\n<li><strong>Sc\u00e8nes ouvertes<\/strong> et sc\u00e8nes slam hebdomadaires (pr\u00e9sentes chez <strong>Le Social Hub<\/strong> ou <strong>Le Lavoir Moderne<\/strong>)<\/li>\n<li><strong>\u00c9changes interdisciplinaires<\/strong>\u202f: marionnettistes, beatmakers, graphistes collaborent avec les slameurs sur des projets crois\u00e9s<\/li>\n<li><strong>Mentorat<\/strong>\u202f: accompagnement par des artistes exp\u00e9riment\u00e9s pour progresser techniquement, gagner en confiance et s\u2019ins\u00e9rer dans le circuit professionnel<\/li>\n<li><strong>\u00c9v\u00e9nements<\/strong> uniques\u202f: battles de slam, festivals internes, r\u00e9sidences artistiques autour de la po\u00e9sie urbaine<\/li>\n<\/ul>\n<p>\n    L\u2019enrichissement par le collectif va bien au-del\u00e0 du simple partage\u202f: il permet de b\u00e9n\u00e9ficier de retours constructifs et d\u2019un <u>effet de levier<\/u> pour diffuser son art. \u00c0 <strong>The Social Hub<\/strong> (pr\u00e9sent dans de grandes villes europ\u00e9ennes), l\u2019appartenance \u00e0 une communaut\u00e9 dynamique garantit des opportunit\u00e9s in\u00e9dites\u202f: formations, s\u00e9ances de networking, ou participation \u00e0 des projets d\u2019envergure. Le <u>r\u00e9seau<\/u> ainsi d\u00e9velopp\u00e9 devient un atout d\u00e9cisif pour tout slameur souhaitant se professionnaliser.\n  <\/p>\n<h2>Zoom sur des espaces atypiques incontournables pour les cr\u00e9ateurs de slam<\/h2>\n<p>\n    La sc\u00e8ne du coworking artistique regorge de lieux atypiques ayant fait leurs preuves aupr\u00e8s des slameurs. Les <strong>espaces \u00e9co-con\u00e7us<\/strong> comme <strong>La Recyclerie<\/strong> \u00e0 Paris misent sur le recyclage des mat\u00e9riaux et des ambiances naturelles, invitant \u00e0 la cr\u00e9ation durable et \u00e0 la connexion avec la nature. <strong>Le B\u00e2timent B<\/strong> \u00e0 Lyon, avec son style industriel r\u00e9invent\u00e9 en village artistique, propose une pluralit\u00e9 de zones permettant \u00e0 chaque cr\u00e9ateur d\u2019adapter son mode de travail au fil de la journ\u00e9e.\n  <\/p>\n<ul>\n<li><strong>Fablabs artistiques<\/strong> (\u00e0 l\u2019image du <strong>MakerZ<\/strong> \u00e0 Marseille)\u202f: acc\u00e8s \u00e0 des outils de fabrication num\u00e9rique pour int\u00e9grer la dimension visuelle \u00e0 la performance slam<\/li>\n<li><strong>Ambiances boh\u00e8mes<\/strong>, avec salons cosy et sc\u00e8nes intimistes, dans des lieux tels que <strong>Le PLATEAU<\/strong> \u00e0 Bordeaux<\/li>\n<li><strong>Coworkings th\u00e9matiques<\/strong>\u202f: \u00e0 <strong>La Maison de la Po\u00e9sie<\/strong> (Paris), chaque espace multiplie les influences (musique, arts plastiques, vid\u00e9o)<\/li>\n<li><strong>Espaces musicaux hybrides<\/strong>\u202f: \u00e0 <strong>Music WorkX<\/strong>, il devient simple d\u2019organiser des sessions slam-musique live avec sc\u00e8ne et backline inclus<\/li>\n<li><strong>Sites int\u00e9grant la culture urbaine<\/strong>, tels que <strong>Urban Station<\/strong> \u00e0 Lille, d\u00e9cor\u00e9s de street art et orient\u00e9s vers l\u2019\u00e9v\u00e9nementiel slam hip-hop<\/li>\n<\/ul>\n<p>\n    Chaque espace cultive une identit\u00e9 forte, propice \u00e0 l\u2019ancrage personnel et \u00e0 la performance sc\u00e9nique. \u00c0 <strong>Le Lab\u2019O<\/strong> \u00e0 Orl\u00e9ans, on valorise le bien-\u00eatre par la lumi\u00e8re naturelle, la cr\u00e9ation de modules privatifs et la mixit\u00e9 des usages\u202f: r\u00e9p\u00e9ter, m\u00e9diter, \u00e9changer, se produire, tout devient possible dans un environnement pens\u00e9 pour renforcer le potentiel artistique individuel.\n  <\/p>\n<h2>Optimiser sa pr\u00e9sence artistique gr\u00e2ce aux outils et ressources sur place<\/h2>\n<p>\n    Travailler son slam dans un espace de coworking cr\u00e9atif, c\u2019est b\u00e9n\u00e9ficier d\u2019outils et de ressources professionnels qui acc\u00e9l\u00e8rent la croissance artistique. <strong>La Manufacture Chanson<\/strong> \u00e0 Paris propose des <strong>accompagnements sur mesure<\/strong>\u202f: mentorat, masterclasses th\u00e9matiques (rimes, storytelling, voix), sessions d\u2019enregistrement et captation vid\u00e9o en conditions sc\u00e8ne. Pour maximiser la visibilit\u00e9, des <strong>espaces de diffusion num\u00e9rique<\/strong> tels que ceux de <strong>Ground Control<\/strong> permettent de produire et partager rapidement des podcasts ou vid\u00e9os slam.\n  <\/p>\n<ul>\n<li><strong>Mat\u00e9riel d\u2019enregistrement professionnel<\/strong> en acc\u00e8s libre\u202f: micros haut-de-gamme, interfaces audio, logiciels sp\u00e9cialis\u00e9s<\/li>\n<li><strong>Espaces sc\u00e9niques<\/strong>\u202f: salles de r\u00e9p\u00e9tition \u00e9quip\u00e9es pour organiser captations et r\u00e9p\u00e9titions publiques (exemple\u202f: <strong>Le Pan Piper<\/strong> \u00e0 Paris)<\/li>\n<li><strong>Supports de promotion<\/strong>\u202f: cr\u00e9ation facilit\u00e9e de dossiers de presse, book num\u00e9rique ou teaser vid\u00e9o avec l\u2019aide de graphistes pr\u00e9sents sur place<\/li>\n<li><strong>Services d\u2019accompagnement \u00e0 la professionnalisation<\/strong>\u202f: conseils en d\u00e9p\u00f4t de droits, organisation de tourn\u00e9es ou gestion administrative fournis par des permanents sp\u00e9cialis\u00e9s<\/li>\n<\/ul>\n<p>\n    Ces ressources sont d\u00e9ploy\u00e9es dans des lieux tels que <strong>La Friche Belle de Mai<\/strong> \u00e0 Marseille, qui h\u00e9berge r\u00e9guli\u00e8rement des festivals et des r\u00e9sidences slam. Nous consid\u00e9rons ce soutien logistique et technique comme un levier de l\u00e9gitimit\u00e9 et d\u2019essor pour chaque artiste oral d\u00e9sirant franchir un cap, en alliant qualit\u00e9 de production et cr\u00e9ativit\u00e9 d\u00e9brid\u00e9e.\n  <\/p>\n<h2>Conseils pratiques pour int\u00e9grer un espace de coworking adapt\u00e9 \u00e0 la pratique du slam<\/h2>\n<p>\n    Le choix du bon espace de coworking est strat\u00e9gique pour tout slameur d\u00e9sireux de progresser et de s\u2019\u00e9panouir. Nous recommandons d\u2019accorder une attention particuli\u00e8re aux <u>crit\u00e8res d\u2019ambiance<\/u>, \u00e0 la <strong>pr\u00e9sence de communaut\u00e9s artistiques<\/strong> actives et \u00e0 la flexibilit\u00e9 des offres. \u00c0 <strong>The Social Hub<\/strong>, plusieurs niveaux d\u2019abonnement permettent de passer d\u2019un acc\u00e8s nomade \u00e0 un statut r\u00e9sident, facilitant la transition entre projets ponctuels et immersion de long terme.\n  <\/p>\n<ul>\n<li><strong>Ambiance et d\u00e9coration<\/strong>\u202f: privil\u00e9gier les lieux int\u00e9grant des \u0153uvres originales, des espaces lumineux et modulables<\/li>\n<li><strong>Tarifs et flexibilit\u00e9<\/strong>\u202f: v\u00e9rifier la possibilit\u00e9 de formules \u00e0 la carte (\u00e0 la journ\u00e9e, \u00e0 la semaine, en soir\u00e9e ou 24\/7)<\/li>\n<li><strong>Communaut\u00e9 d\u2019artistes<\/strong>\u202f: opter pour les espaces proposant des ateliers, sc\u00e8nes slam r\u00e9guli\u00e8res et mentorat<\/li>\n<li><strong>Accessibilit\u00e9 g\u00e9ographique<\/strong>\u202f: choisir un site facilement accessible en transports, avec stationnements ou proche de p\u00f4les culturels<\/li>\n<li><strong>R\u00e9putation et r\u00e9seau<\/strong>\u202f: se renseigner sur l\u2019activit\u00e9 \u00e9v\u00e9nementielle du lieu, la diversit\u00e9 des profils pr\u00e9sents et la vitalit\u00e9 du r\u00e9seau interne<\/li>\n<\/ul>\n<p>\n    L\u2019exemple de <strong>La Cord\u00e9e<\/strong> \u00e0 Lyon illustre cette capacit\u00e9 \u00e0 offrir une vie communautaire riche, propice \u00e0 la cr\u00e9ation et au r\u00e9seautage, tout en garantissant une grande adaptabilit\u00e9 dans les usages. Enfin, il est pertinent de visiter plusieurs espaces, d\u2019assister \u00e0 une sc\u00e8ne ouverte ou \u00e0 un atelier avant de s\u2019engager, afin de ressentir la dynamique propre \u00e0 chaque lieu et d\u2019identifier celui qui correspond le mieux \u00e0 ses valeurs et ambitions.\n  <\/p>\n","protected":false},"excerpt":{"rendered":"","protected":false},"author":34,"featured_media":7563,"comment_status":"open","ping_status":"open","sticky":false,"template":"","format":"standard","meta":{"_acf_changed":false,"manual_indexmenow":false,"indexmenow_id_project":0,"footnotes":""},"categories":[1],"tags":[4745,4746,4747],"class_list":["post-7556","post","type-post","status-publish","format-standard","has-post-thumbnail","hentry","category-a-la-une","tag-coworking-creatif","tag-espace-inspiration","tag-slameur","generate-columns","tablet-grid-50","mobile-grid-100","grid-parent","grid-25"],"acf":[],"yoast_head":"<!-- This site is optimized with the Yoast SEO Premium plugin v21.3 (Yoast SEO v26.5) - https:\/\/yoast.com\/wordpress\/plugins\/seo\/ -->\n<title>Espaces de coworking cr\u00e9atifs pour slameurs<\/title>\n<meta name=\"description\" content=\"S\u2019installer dans un environnement collaboratif bouleverse positivement la dynamique cr\u00e9ative : l\u2019influence du groupe, la diversit\u00e9 des profils pr\u00e9sents\" \/>\n<meta name=\"robots\" content=\"index, follow, max-snippet:-1, max-image-preview:large, max-video-preview:-1\" \/>\n<link rel=\"canonical\" href=\"https:\/\/slams.fr\/blog\/a-la-une\/espaces-de-coworking-creatifs-le-tremplin-ideal-pour-slameurs-en-quete-dinspiration\/\" \/>\n<meta property=\"og:locale\" content=\"fr_FR\" \/>\n<meta property=\"og:type\" content=\"article\" \/>\n<meta property=\"og:title\" content=\"Espaces de coworking cr\u00e9atifs pour slameurs\" \/>\n<meta property=\"og:description\" content=\"S\u2019installer dans un environnement collaboratif bouleverse positivement la dynamique cr\u00e9ative : l\u2019influence du groupe, la diversit\u00e9 des profils pr\u00e9sents\" \/>\n<meta property=\"og:url\" content=\"https:\/\/slams.fr\/blog\/a-la-une\/espaces-de-coworking-creatifs-le-tremplin-ideal-pour-slameurs-en-quete-dinspiration\/\" \/>\n<meta property=\"og:site_name\" content=\"slams\" \/>\n<meta property=\"og:image\" content=\"https:\/\/slams.fr\/blog\/wp-content\/uploads\/2025\/07\/sdxl-c582020b264fbc8b12896c8d9e2584af-scaled.png\" \/>\n\t<meta property=\"og:image:width\" content=\"1200\" \/>\n\t<meta property=\"og:image:height\" content=\"500\" \/>\n\t<meta property=\"og:image:type\" content=\"image\/png\" \/>\n<meta name=\"author\" content=\"Rapha\u00ebl D.\" \/>\n<meta name=\"twitter:card\" content=\"summary_large_image\" \/>\n<script type=\"application\/ld+json\" class=\"yoast-schema-graph\">{\"@context\":\"https:\/\/schema.org\",\"@graph\":[{\"@type\":\"NewsArticle\",\"@id\":\"https:\/\/slams.fr\/blog\/a-la-une\/espaces-de-coworking-creatifs-le-tremplin-ideal-pour-slameurs-en-quete-dinspiration\/#article\",\"isPartOf\":{\"@id\":\"https:\/\/slams.fr\/blog\/a-la-une\/espaces-de-coworking-creatifs-le-tremplin-ideal-pour-slameurs-en-quete-dinspiration\/\"},\"author\":{\"name\":\"Rapha\u00ebl D.\",\"@id\":\"https:\/\/slams.fr\/blog\/#\/schema\/person\/3c864cdc320801e3db34b663e7e3f816\"},\"headline\":\"Espaces de coworking cr\u00e9atifs : le tremplin id\u00e9al pour slameurs en qu\u00eate d\u2019inspiration\",\"datePublished\":\"2025-06-14T21:02:32+00:00\",\"mainEntityOfPage\":{\"@id\":\"https:\/\/slams.fr\/blog\/a-la-une\/espaces-de-coworking-creatifs-le-tremplin-ideal-pour-slameurs-en-quete-dinspiration\/\"},\"wordCount\":1595,\"commentCount\":0,\"publisher\":{\"@id\":\"https:\/\/slams.fr\/blog\/#organization\"},\"image\":{\"@id\":\"https:\/\/slams.fr\/blog\/a-la-une\/espaces-de-coworking-creatifs-le-tremplin-ideal-pour-slameurs-en-quete-dinspiration\/#primaryimage\"},\"thumbnailUrl\":\"https:\/\/slams.fr\/blog\/wp-content\/uploads\/2025\/07\/sdxl-c582020b264fbc8b12896c8d9e2584af-scaled.png\",\"keywords\":[\"coworking creatif\",\"espace inspiration\",\"slameur\"],\"articleSection\":[\"\u00c0 la une\"],\"inLanguage\":\"fr-FR\",\"potentialAction\":[{\"@type\":\"CommentAction\",\"name\":\"Comment\",\"target\":[\"https:\/\/slams.fr\/blog\/a-la-une\/espaces-de-coworking-creatifs-le-tremplin-ideal-pour-slameurs-en-quete-dinspiration\/#respond\"]}]},{\"@type\":\"WebPage\",\"@id\":\"https:\/\/slams.fr\/blog\/a-la-une\/espaces-de-coworking-creatifs-le-tremplin-ideal-pour-slameurs-en-quete-dinspiration\/\",\"url\":\"https:\/\/slams.fr\/blog\/a-la-une\/espaces-de-coworking-creatifs-le-tremplin-ideal-pour-slameurs-en-quete-dinspiration\/\",\"name\":\"Espaces de coworking cr\u00e9atifs pour slameurs\",\"isPartOf\":{\"@id\":\"https:\/\/slams.fr\/blog\/#website\"},\"primaryImageOfPage\":{\"@id\":\"https:\/\/slams.fr\/blog\/a-la-une\/espaces-de-coworking-creatifs-le-tremplin-ideal-pour-slameurs-en-quete-dinspiration\/#primaryimage\"},\"image\":{\"@id\":\"https:\/\/slams.fr\/blog\/a-la-une\/espaces-de-coworking-creatifs-le-tremplin-ideal-pour-slameurs-en-quete-dinspiration\/#primaryimage\"},\"thumbnailUrl\":\"https:\/\/slams.fr\/blog\/wp-content\/uploads\/2025\/07\/sdxl-c582020b264fbc8b12896c8d9e2584af-scaled.png\",\"datePublished\":\"2025-06-14T21:02:32+00:00\",\"description\":\"S\u2019installer dans un environnement collaboratif bouleverse positivement la dynamique cr\u00e9ative : l\u2019influence du groupe, la diversit\u00e9 des profils pr\u00e9sents\",\"inLanguage\":\"fr-FR\",\"potentialAction\":[{\"@type\":\"ReadAction\",\"target\":[\"https:\/\/slams.fr\/blog\/a-la-une\/espaces-de-coworking-creatifs-le-tremplin-ideal-pour-slameurs-en-quete-dinspiration\/\"]}]},{\"@type\":\"ImageObject\",\"inLanguage\":\"fr-FR\",\"@id\":\"https:\/\/slams.fr\/blog\/a-la-une\/espaces-de-coworking-creatifs-le-tremplin-ideal-pour-slameurs-en-quete-dinspiration\/#primaryimage\",\"url\":\"https:\/\/slams.fr\/blog\/wp-content\/uploads\/2025\/07\/sdxl-c582020b264fbc8b12896c8d9e2584af-scaled.png\",\"contentUrl\":\"https:\/\/slams.fr\/blog\/wp-content\/uploads\/2025\/07\/sdxl-c582020b264fbc8b12896c8d9e2584af-scaled.png\",\"width\":1200,\"height\":500},{\"@type\":\"WebSite\",\"@id\":\"https:\/\/slams.fr\/blog\/#website\",\"url\":\"https:\/\/slams.fr\/blog\/\",\"name\":\"slams.fr\",\"description\":\"Slams, l&#039;\u00e9nergie des mots en action\",\"publisher\":{\"@id\":\"https:\/\/slams.fr\/blog\/#organization\"},\"alternateName\":\"Slams, l'\u00e9nergie des mots en action\",\"potentialAction\":[{\"@type\":\"SearchAction\",\"target\":{\"@type\":\"EntryPoint\",\"urlTemplate\":\"https:\/\/slams.fr\/blog\/?s={search_term_string}\"},\"query-input\":{\"@type\":\"PropertyValueSpecification\",\"valueRequired\":true,\"valueName\":\"search_term_string\"}}],\"inLanguage\":\"fr-FR\"},{\"@type\":\"Organization\",\"@id\":\"https:\/\/slams.fr\/blog\/#organization\",\"name\":\"Foretsensations.fr\",\"url\":\"https:\/\/slams.fr\/blog\/\",\"logo\":{\"@type\":\"ImageObject\",\"inLanguage\":\"fr-FR\",\"@id\":\"https:\/\/slams.fr\/blog\/#\/schema\/logo\/image\/\",\"url\":\"https:\/\/slams.fr\/blog\/wp-content\/uploads\/2026\/07\/logo-auto-1.png\",\"contentUrl\":\"https:\/\/slams.fr\/blog\/wp-content\/uploads\/2026\/07\/logo-auto-1.png\",\"width\":1024,\"height\":1024,\"caption\":\"Foretsensations.fr\"},\"image\":{\"@id\":\"https:\/\/slams.fr\/blog\/#\/schema\/logo\/image\/\"}},{\"@type\":\"Person\",\"@id\":\"https:\/\/slams.fr\/blog\/#\/schema\/person\/3c864cdc320801e3db34b663e7e3f816\",\"name\":\"Rapha\u00ebl D.\",\"image\":{\"@type\":\"ImageObject\",\"inLanguage\":\"fr-FR\",\"@id\":\"https:\/\/slams.fr\/blog\/#\/schema\/person\/image\/\",\"url\":\"https:\/\/slams.fr\/blog\/wp-content\/uploads\/2026\/06\/persona_raphael-d-96x96.jpg\",\"contentUrl\":\"https:\/\/slams.fr\/blog\/wp-content\/uploads\/2026\/06\/persona_raphael-d-96x96.jpg\",\"caption\":\"Rapha\u00ebl D.\"},\"description\":\"La culture est mon terrain de jeu depuis une dizaine d'ann\u00e9es : arts visuels, s\u00e9ries, cr\u00e9ation et tout ce qui nourrit l'imaginaire. J'\u00e9cris aussi bien sur l'actualit\u00e9 des \u0153uvres que sur les coulisses de la cr\u00e9ation, avec l'envie de relier l'amateur curieux \u00e0 des univers parfois jug\u00e9s intimidants. J'aime analyser une s\u00e9rie ou une d\u00e9marche artistique sans p\u00e9dantisme, replacer une \u0153uvre dans son contexte et donner des cl\u00e9s de lecture accessibles. Avant de publier, je v\u00e9rifie mes r\u00e9f\u00e9rences, je recoupe les sources et je distingue clairement le fait de mon interpr\u00e9tation subjective. Je crois qu'une critique vaut surtout par les arguments qu'elle expose, pas par la sentence qu'elle rend. Mon angle : transmettre l'envie de d\u00e9couvrir, de regarder autrement et de se forger son propre go\u00fbt. La culture n'appartient pas qu'aux initi\u00e9s, et c'est tout l'enjeu de mon \u00e9criture.\",\"url\":\"https:\/\/slams.fr\/blog\/auteur\/raphael-d\/\",\"jobTitle\":\"R\u00e9dacteur en chef \u00b7 Culture & Cr\u00e9ation\",\"knowsAbout\":[\"Culture\",\"Cr\u00e9ation\"],\"email\":\"raphael.d@a-l-asso-de-l-art.fr\"}]}<\/script>\n<!-- \/ Yoast SEO Premium plugin. -->","yoast_head_json":{"title":"Espaces de coworking cr\u00e9atifs pour slameurs","description":"S\u2019installer dans un environnement collaboratif bouleverse positivement la dynamique cr\u00e9ative : l\u2019influence du groupe, la diversit\u00e9 des profils pr\u00e9sents","robots":{"index":"index","follow":"follow","max-snippet":"max-snippet:-1","max-image-preview":"max-image-preview:large","max-video-preview":"max-video-preview:-1"},"canonical":"https:\/\/slams.fr\/blog\/a-la-une\/espaces-de-coworking-creatifs-le-tremplin-ideal-pour-slameurs-en-quete-dinspiration\/","og_locale":"fr_FR","og_type":"article","og_title":"Espaces de coworking cr\u00e9atifs pour slameurs","og_description":"S\u2019installer dans un environnement collaboratif bouleverse positivement la dynamique cr\u00e9ative : l\u2019influence du groupe, la diversit\u00e9 des profils pr\u00e9sents","og_url":"https:\/\/slams.fr\/blog\/a-la-une\/espaces-de-coworking-creatifs-le-tremplin-ideal-pour-slameurs-en-quete-dinspiration\/","og_site_name":"slams","og_image":[{"width":1200,"height":500,"url":"https:\/\/slams.fr\/blog\/wp-content\/uploads\/2025\/07\/sdxl-c582020b264fbc8b12896c8d9e2584af-scaled.png","type":"image\/png"}],"author":"Rapha\u00ebl D.","twitter_card":"summary_large_image","schema":{"@context":"https:\/\/schema.org","@graph":[{"@type":"NewsArticle","@id":"https:\/\/slams.fr\/blog\/a-la-une\/espaces-de-coworking-creatifs-le-tremplin-ideal-pour-slameurs-en-quete-dinspiration\/#article","isPartOf":{"@id":"https:\/\/slams.fr\/blog\/a-la-une\/espaces-de-coworking-creatifs-le-tremplin-ideal-pour-slameurs-en-quete-dinspiration\/"},"author":{"name":"Rapha\u00ebl D.","@id":"https:\/\/slams.fr\/blog\/#\/schema\/person\/3c864cdc320801e3db34b663e7e3f816"},"headline":"Espaces de coworking cr\u00e9atifs : le tremplin id\u00e9al pour slameurs en qu\u00eate d\u2019inspiration","datePublished":"2025-06-14T21:02:32+00:00","mainEntityOfPage":{"@id":"https:\/\/slams.fr\/blog\/a-la-une\/espaces-de-coworking-creatifs-le-tremplin-ideal-pour-slameurs-en-quete-dinspiration\/"},"wordCount":1595,"commentCount":0,"publisher":{"@id":"https:\/\/slams.fr\/blog\/#organization"},"image":{"@id":"https:\/\/slams.fr\/blog\/a-la-une\/espaces-de-coworking-creatifs-le-tremplin-ideal-pour-slameurs-en-quete-dinspiration\/#primaryimage"},"thumbnailUrl":"https:\/\/slams.fr\/blog\/wp-content\/uploads\/2025\/07\/sdxl-c582020b264fbc8b12896c8d9e2584af-scaled.png","keywords":["coworking creatif","espace inspiration","slameur"],"articleSection":["\u00c0 la une"],"inLanguage":"fr-FR","potentialAction":[{"@type":"CommentAction","name":"Comment","target":["https:\/\/slams.fr\/blog\/a-la-une\/espaces-de-coworking-creatifs-le-tremplin-ideal-pour-slameurs-en-quete-dinspiration\/#respond"]}]},{"@type":"WebPage","@id":"https:\/\/slams.fr\/blog\/a-la-une\/espaces-de-coworking-creatifs-le-tremplin-ideal-pour-slameurs-en-quete-dinspiration\/","url":"https:\/\/slams.fr\/blog\/a-la-une\/espaces-de-coworking-creatifs-le-tremplin-ideal-pour-slameurs-en-quete-dinspiration\/","name":"Espaces de coworking cr\u00e9atifs pour slameurs","isPartOf":{"@id":"https:\/\/slams.fr\/blog\/#website"},"primaryImageOfPage":{"@id":"https:\/\/slams.fr\/blog\/a-la-une\/espaces-de-coworking-creatifs-le-tremplin-ideal-pour-slameurs-en-quete-dinspiration\/#primaryimage"},"image":{"@id":"https:\/\/slams.fr\/blog\/a-la-une\/espaces-de-coworking-creatifs-le-tremplin-ideal-pour-slameurs-en-quete-dinspiration\/#primaryimage"},"thumbnailUrl":"https:\/\/slams.fr\/blog\/wp-content\/uploads\/2025\/07\/sdxl-c582020b264fbc8b12896c8d9e2584af-scaled.png","datePublished":"2025-06-14T21:02:32+00:00","description":"S\u2019installer dans un environnement collaboratif bouleverse positivement la dynamique cr\u00e9ative : l\u2019influence du groupe, la diversit\u00e9 des profils pr\u00e9sents","inLanguage":"fr-FR","potentialAction":[{"@type":"ReadAction","target":["https:\/\/slams.fr\/blog\/a-la-une\/espaces-de-coworking-creatifs-le-tremplin-ideal-pour-slameurs-en-quete-dinspiration\/"]}]},{"@type":"ImageObject","inLanguage":"fr-FR","@id":"https:\/\/slams.fr\/blog\/a-la-une\/espaces-de-coworking-creatifs-le-tremplin-ideal-pour-slameurs-en-quete-dinspiration\/#primaryimage","url":"https:\/\/slams.fr\/blog\/wp-content\/uploads\/2025\/07\/sdxl-c582020b264fbc8b12896c8d9e2584af-scaled.png","contentUrl":"https:\/\/slams.fr\/blog\/wp-content\/uploads\/2025\/07\/sdxl-c582020b264fbc8b12896c8d9e2584af-scaled.png","width":1200,"height":500},{"@type":"WebSite","@id":"https:\/\/slams.fr\/blog\/#website","url":"https:\/\/slams.fr\/blog\/","name":"slams.fr","description":"Slams, l&#039;\u00e9nergie des mots en action","publisher":{"@id":"https:\/\/slams.fr\/blog\/#organization"},"alternateName":"Slams, l'\u00e9nergie des mots en action","potentialAction":[{"@type":"SearchAction","target":{"@type":"EntryPoint","urlTemplate":"https:\/\/slams.fr\/blog\/?s={search_term_string}"},"query-input":{"@type":"PropertyValueSpecification","valueRequired":true,"valueName":"search_term_string"}}],"inLanguage":"fr-FR"},{"@type":"Organization","@id":"https:\/\/slams.fr\/blog\/#organization","name":"Foretsensations.fr","url":"https:\/\/slams.fr\/blog\/","logo":{"@type":"ImageObject","inLanguage":"fr-FR","@id":"https:\/\/slams.fr\/blog\/#\/schema\/logo\/image\/","url":"https:\/\/slams.fr\/blog\/wp-content\/uploads\/2026\/07\/logo-auto-1.png","contentUrl":"https:\/\/slams.fr\/blog\/wp-content\/uploads\/2026\/07\/logo-auto-1.png","width":1024,"height":1024,"caption":"Foretsensations.fr"},"image":{"@id":"https:\/\/slams.fr\/blog\/#\/schema\/logo\/image\/"}},{"@type":"Person","@id":"https:\/\/slams.fr\/blog\/#\/schema\/person\/3c864cdc320801e3db34b663e7e3f816","name":"Rapha\u00ebl D.","image":{"@type":"ImageObject","inLanguage":"fr-FR","@id":"https:\/\/slams.fr\/blog\/#\/schema\/person\/image\/","url":"https:\/\/slams.fr\/blog\/wp-content\/uploads\/2026\/06\/persona_raphael-d-96x96.jpg","contentUrl":"https:\/\/slams.fr\/blog\/wp-content\/uploads\/2026\/06\/persona_raphael-d-96x96.jpg","caption":"Rapha\u00ebl D."},"description":"La culture est mon terrain de jeu depuis une dizaine d'ann\u00e9es : arts visuels, s\u00e9ries, cr\u00e9ation et tout ce qui nourrit l'imaginaire. J'\u00e9cris aussi bien sur l'actualit\u00e9 des \u0153uvres que sur les coulisses de la cr\u00e9ation, avec l'envie de relier l'amateur curieux \u00e0 des univers parfois jug\u00e9s intimidants. J'aime analyser une s\u00e9rie ou une d\u00e9marche artistique sans p\u00e9dantisme, replacer une \u0153uvre dans son contexte et donner des cl\u00e9s de lecture accessibles. Avant de publier, je v\u00e9rifie mes r\u00e9f\u00e9rences, je recoupe les sources et je distingue clairement le fait de mon interpr\u00e9tation subjective. Je crois qu'une critique vaut surtout par les arguments qu'elle expose, pas par la sentence qu'elle rend. Mon angle : transmettre l'envie de d\u00e9couvrir, de regarder autrement et de se forger son propre go\u00fbt. La culture n'appartient pas qu'aux initi\u00e9s, et c'est tout l'enjeu de mon \u00e9criture.","url":"https:\/\/slams.fr\/blog\/auteur\/raphael-d\/","jobTitle":"R\u00e9dacteur en chef \u00b7 Culture & Cr\u00e9ation","knowsAbout":["Culture","Cr\u00e9ation"],"email":"raphael.d@a-l-asso-de-l-art.fr"}]}},"_links":{"self":[{"href":"https:\/\/slams.fr\/blog\/wp-json\/wp\/v2\/posts\/7556","targetHints":{"allow":["GET"]}}],"collection":[{"href":"https:\/\/slams.fr\/blog\/wp-json\/wp\/v2\/posts"}],"about":[{"href":"https:\/\/slams.fr\/blog\/wp-json\/wp\/v2\/types\/post"}],"author":[{"embeddable":true,"href":"https:\/\/slams.fr\/blog\/wp-json\/wp\/v2\/users\/34"}],"replies":[{"embeddable":true,"href":"https:\/\/slams.fr\/blog\/wp-json\/wp\/v2\/comments?post=7556"}],"version-history":[{"count":0,"href":"https:\/\/slams.fr\/blog\/wp-json\/wp\/v2\/posts\/7556\/revisions"}],"wp:featuredmedia":[{"embeddable":true,"href":"https:\/\/slams.fr\/blog\/wp-json\/wp\/v2\/media\/7563"}],"wp:attachment":[{"href":"https:\/\/slams.fr\/blog\/wp-json\/wp\/v2\/media?parent=7556"}],"wp:term":[{"taxonomy":"category","embeddable":true,"href":"https:\/\/slams.fr\/blog\/wp-json\/wp\/v2\/categories?post=7556"},{"taxonomy":"post_tag","embeddable":true,"href":"https:\/\/slams.fr\/blog\/wp-json\/wp\/v2\/tags?post=7556"}],"curies":[{"name":"wp","href":"https:\/\/api.w.org\/{rel}","templated":true}]}}