{"id":7557,"date":"2026-06-02T06:20:09","date_gmt":"2026-06-02T04:20:09","guid":{"rendered":"https:\/\/slams.fr\/blog\/a-la-une\/guide-pratique-des-ressources-pedagogiques-slam-pour-enseignants-passionnes\/"},"modified":"2026-06-02T06:20:09","modified_gmt":"2026-06-02T04:20:09","slug":"guide-pratique-des-ressources-pedagogiques-slam-pour-enseignants-passionnes","status":"publish","type":"post","link":"https:\/\/slams.fr\/blog\/a-la-une\/guide-pratique-des-ressources-pedagogiques-slam-pour-enseignants-passionnes\/","title":{"rendered":"Guide pratique des ressources p\u00e9dagogiques slam pour enseignants passionn\u00e9s"},"content":{"rendered":"<style>\n.sl-info-wrap{--sl-accent:#7c3aed;--sl-accent-dk:#5b21b6;--sl-ink:#1c1830;--sl-soft:#f4f1fb;--sl-line:#e6e1f2;font-family:'Inter',-apple-system,BlinkMacSystemFont,'Segoe UI',sans-serif;color:#2a2540;line-height:1.65;font-size:17px;}\n.sl-info-wrap h2{font-family:'Space Grotesk','Inter',sans-serif;font-weight:700;font-size:clamp(23px,3.1vw,32px);letter-spacing:-0.02em;color:var(--sl-ink);margin:50px 0 14px;line-height:1.2;}\n.sl-info-wrap h3{font-family:'Space Grotesk','Inter',sans-serif;font-weight:600;font-size:18px;letter-spacing:-0.01em;color:var(--sl-ink);margin:0 0 6px;}\n.sl-info-wrap p{margin:0 0 16px;}\n.sl-info-wrap ul{margin:0 0 18px;padding-left:22px;}\n.sl-info-wrap li{margin:0 0 10px;line-height:1.6;}\n.sl-info-kicker{display:inline-block;font-family:'JetBrains Mono',monospace;font-size:12px;font-weight:600;letter-spacing:2.5px;text-transform:uppercase;color:var(--sl-accent);margin-bottom:10px;}\n.sl-info-lead{font-size:19px;line-height:1.6;color:#3a3450;font-weight:400;margin:0 0 8px;}\n.sl-info-brief{background:var(--sl-soft);border-left:5px solid var(--sl-accent);border-radius:0 10px 10px 0;padding:24px 28px;margin:28px 0;}\n.sl-info-brief .sl-info-bt{font-family:'JetBrains Mono',monospace;font-size:12px;font-weight:600;letter-spacing:2px;text-transform:uppercase;color:var(--sl-accent-dk);margin-bottom:10px;}\n.sl-info-brief .sl-info-ans{font-size:19px;line-height:1.55;color:var(--sl-ink);font-weight:500;margin-bottom:14px;}\n.sl-info-brief ul{margin:0;padding-left:20px;}\n.sl-info-brief li{font-size:15px;color:#3a3450;}\n.sl-info-grid{display:grid;grid-template-columns:repeat(auto-fit,minmax(230px,1fr));gap:16px;margin:28px 0;}\n.sl-info-card{background:#fff;border:1px solid var(--sl-line);border-top:3px solid var(--sl-accent);border-radius:8px;padding:20px 20px 18px;box-shadow:0 1px 2px rgba(28,24,48,.04),0 14px 30px -18px rgba(91,33,182,.22);transition:transform .25s ease,box-shadow .25s ease;}\n.sl-info-card:hover{transform:translateY(-3px);box-shadow:0 4px 8px rgba(28,24,48,.06),0 22px 40px -20px rgba(91,33,182,.35);}\n.sl-info-num{display:inline-flex;align-items:center;justify-content:center;width:34px;height:34px;border-radius:50%;background:var(--sl-soft);color:var(--sl-accent);font-family:'Space Grotesk',sans-serif;font-weight:700;font-size:15px;margin-bottom:12px;}\n.sl-info-card .sl-info-txt{font-size:14px;line-height:1.55;color:#4a4560;}\n.sl-info-note{background:#faf8fe;border-left:4px solid var(--sl-accent);border-radius:0 6px 6px 0;padding:16px 20px;margin:22px 0;}\n.sl-info-note .sl-info-tag{display:inline-block;font-family:'JetBrains Mono',monospace;font-size:11px;font-weight:600;letter-spacing:1.5px;text-transform:uppercase;color:var(--sl-accent-dk);margin-right:8px;}\n.sl-info-note span{font-size:15px;line-height:1.55;color:#3a3450;}\n.sl-info-quote{margin:42px auto;padding:26px 24px;text-align:center;border-top:1px solid var(--sl-ink);border-bottom:1px solid var(--sl-ink);max-width:660px;position:relative;}\n.sl-info-quote .sl-info-mark{position:absolute;top:-22px;left:50%;transform:translateX(-50%);background:#fff;padding:0 14px;font-size:46px;line-height:1;color:var(--sl-accent);font-family:'Space Grotesk',serif;}\n.sl-info-quote blockquote{margin:0;font-family:'Space Grotesk',sans-serif;font-size:24px;line-height:1.4;font-style:italic;color:var(--sl-ink);letter-spacing:-0.01em;}\n.sl-info-retain{background:#fbfaff;border:1px solid var(--sl-line);border-radius:10px;padding:24px 26px;margin:34px 0;}\n.sl-info-retain .sl-info-bt{font-family:'JetBrains Mono',monospace;font-size:12px;font-weight:600;letter-spacing:2px;text-transform:uppercase;color:var(--sl-accent);margin-bottom:16px;}\n.sl-info-rgrid{display:grid;grid-template-columns:repeat(auto-fit,minmax(250px,1fr));gap:10px;}\n.sl-info-rcard{display:flex;gap:12px;background:#fff;border:1px solid var(--sl-line);border-radius:7px;padding:13px 15px;align-items:flex-start;transition:transform .25s ease;}\n.sl-info-rcard:hover{transform:translateY(-2px);}\n.sl-info-rcard .sl-info-dot{flex:0 0 24px;width:24px;height:24px;border-radius:50%;background:var(--sl-accent);color:#fff;display:inline-flex;align-items:center;justify-content:center;font-family:'Space Grotesk',sans-serif;font-size:12px;font-weight:700;}\n.sl-info-rcard span:last-child{font-size:14px;line-height:1.5;color:#3a3450;}\n.sl-info-faq{margin:34px 0;}\n.sl-info-faq h2{margin-top:0;}\n.sl-info-faq .sl-info-fwrap{border-top:1px solid var(--sl-line);}\n.sl-info-faq details{border-bottom:1px solid var(--sl-line);}\n.sl-info-faq summary{cursor:pointer;padding:16px 0;font-family:'Space Grotesk',sans-serif;font-size:17px;font-weight:600;color:var(--sl-ink);list-style:none;display:flex;justify-content:space-between;gap:14px;align-items:center;}\n.sl-info-faq summary::-webkit-details-marker{display:none;}\n.sl-info-faq summary .sl-info-pl{font-size:22px;font-weight:400;color:var(--sl-accent);line-height:1;}\n.sl-info-faq .sl-info-fa{padding:0 0 18px;font-size:15px;line-height:1.7;color:#4a4560;}\n@media(max-width:600px){.sl-info-wrap{font-size:16px;}}\n<\/style>\n<link rel=\"stylesheet\" href=\"https:\/\/fonts.googleapis.com\/css2?family=Space+Grotesk:wght@500;600;700&#038;family=Inter:wght@400;500;600&#038;family=JetBrains+Mono:wght@500;600&#038;display=swap\">\n<div class=\"sl-info-wrap\">\n<h1>Guide pratique des ressources p\u00e9dagogiques slam pour enseignants passionn\u00e9s<\/h1>\n<p><span class=\"sl-info-kicker\">P\u00e9dagogie \u00b7 Slam<\/span><\/p>\n<p class=\"sl-info-lead\">Le slam s\u00e9duit de plus en plus la classe : po\u00e9sie orale, sc\u00e8ne ouverte, parole lib\u00e9r\u00e9e. Encore faut-il les bons supports pour passer de l&rsquo;\u00e9coute \u00e0 la cr\u00e9ation. Ce guide r\u00e9unit les ressources, les d\u00e9marches et les rep\u00e8res d&rsquo;\u00e9valuation qui font d&rsquo;un atelier slam une r\u00e9ussite p\u00e9dagogique.<\/p>\n<div class=\"sl-info-brief\">\n<div class=\"sl-info-bt\">En bref<\/div>\n<div class=\"sl-info-ans\">Le slam est une forme de po\u00e9sie orale, \u00e9crite pour \u00eatre dite \u00e0 voix haute devant un public, sans musique ni accessoire \u2014 la voix et le texte suffisent. En classe, c&rsquo;est un levier d&rsquo;\u00e9criture, d&rsquo;oralisation et d&rsquo;expression citoyenne, soutenu par des ressources d\u00e9di\u00e9es cl\u00e9s en main.<\/div>\n<ul>\n<li>Une <strong>po\u00e9sie orale<\/strong> centr\u00e9e sur le rythme, l&rsquo;image et la performance, plus que sur la forme \u00e9crite fig\u00e9e.<\/li>\n<li>Des <strong>ressources sp\u00e9cialis\u00e9es<\/strong> existent (fiches, guides, recueils) pour structurer une s\u00e9quence du B1 au B2.<\/li>\n<li>Une <strong>d\u00e9marche progressive<\/strong> : immersion \u2192 \u00e9criture \u2192 oralisation \u2192 restitution.<\/li>\n<li>Une <strong>\u00e9valuation bienveillante<\/strong> qui valorise la cr\u00e9ativit\u00e9 et la prise de risque sans formater la parole.<\/li>\n<\/ul>\n<\/div>\n<h2>Identifier les ressources p\u00e9dagogiques slam adapt\u00e9es \u00e0 la classe<\/h2>\n<p>L&rsquo;acc\u00e8s \u00e0 des <strong>ressources p\u00e9dagogiques sp\u00e9cialis\u00e9es<\/strong> est d\u00e9terminant pour instaurer un climat cr\u00e9atif propice \u00e0 la d\u00e9couverte du slam. Plusieurs plateformes reconnues proposent des outils efficaces, qu&rsquo;il s&rsquo;agit de croiser pour diversifier les approches.<\/p>\n<div class=\"sl-info-grid\">\n<div class=\"sl-info-card\">\n<span class=\"sl-info-num\">01<\/span><\/p>\n<h3>Boite \u00e0 outils p\u00e9dagogiques<\/h3>\n<div class=\"sl-info-txt\">Des fiches cl\u00e9s en main qui sensibilisent les \u00e9l\u00e8ves \u00e0 cette forme de <u>po\u00e9sie orale<\/u> : textes s\u00e9lectionn\u00e9s, exercices de compr\u00e9hension et de production, enrichissement du vocabulaire et analyse stylistique. Adapt\u00e9es aux adolescents comme aux adultes, du niveau B1 \u00e0 B2.<\/div>\n<\/div>\n<div class=\"sl-info-card\">\n<span class=\"sl-info-num\">02<\/span><\/p>\n<h3>Centre de la francophonie des Am\u00e9riques<\/h3>\n<div class=\"sl-info-txt\">Le guide \u00ab Slame en fran\u00e7ais \u00bb accompagne l&rsquo;enseignant de la d\u00e9couverte jusqu&rsquo;\u00e0 l&rsquo;\u00e9criture collective de slams : s\u00e9quences structur\u00e9es, exercices de style, activit\u00e9s orales et r\u00e9flexion sur la langue, en phase avec l&rsquo;enseignement moderne du fran\u00e7ais.<\/div>\n<\/div>\n<div class=\"sl-info-card\">\n<span class=\"sl-info-num\">03<\/span><\/p>\n<h3>Autres ressources notables<\/h3>\n<div class=\"sl-info-txt\">Les publications de l&rsquo;acad\u00e9mie de Nantes, des DVD p\u00e9dagogiques comme \u00ab Slam, le fran\u00e7ais autrement \u00bb de Fabrice Millot, ainsi que le <strong>Petit guide p\u00e9dagogique<\/strong> du collectif 129H, r\u00e9put\u00e9 pour ses formations et ateliers.<\/div>\n<\/div>\n<\/div>\n<p>Nous recommandons de croiser ces supports avec des <strong>recueils d&rsquo;auteurs contemporains<\/strong> pour favoriser l&rsquo;exposition \u00e0 une pluralit\u00e9 de styles. Les fiches d&rsquo;accompagnement facilitent la prise en main des s\u00e9ances et garantissent une mise en \u0153uvre efficace et stimulante.<\/p>\n<h2>Construire une progression p\u00e9dagogique autour de la po\u00e9sie slam<\/h2>\n<p>L&rsquo;\u00e9laboration d&rsquo;une s\u00e9quence autour du slam n\u00e9cessite une structure claire, allant de la <strong>sensibilisation culturelle<\/strong> \u00e0 la <u>production perform\u00e9e<\/u>. Une d\u00e9marche progressive optimise l&rsquo;appropriation des codes du genre et favorise l&rsquo;engagement des \u00e9l\u00e8ves.<\/p>\n<div class=\"sl-info-grid\">\n<div class=\"sl-info-card\">\n<span class=\"sl-info-num\">1<\/span><\/p>\n<h3>Immersion<\/h3>\n<div class=\"sl-info-txt\">Faire \u00e9couter et analyser des slams vari\u00e9s, issus de contextes et de th\u00e9matiques multiples. Cette \u00e9tape aiguise la curiosit\u00e9 et pose les bases de la r\u00e9flexion sur la <strong>dimension artistique<\/strong> et engag\u00e9e du slam.<\/div>\n<\/div>\n<div class=\"sl-info-card\">\n<span class=\"sl-info-num\">2<\/span><\/p>\n<h3>\u00c9criture<\/h3>\n<div class=\"sl-info-txt\">Activit\u00e9s d&rsquo;<strong>\u00e9criture collaborative et individuelle<\/strong> : brainstorming collectif sur des sujets d&rsquo;actualit\u00e9, jeux de style (allit\u00e9ration, assonance, anaphore), puis r\u00e9daction guid\u00e9e en exploitant les proc\u00e9d\u00e9s observ\u00e9s.<\/div>\n<\/div>\n<div class=\"sl-info-card\">\n<span class=\"sl-info-num\">3<\/span><\/p>\n<h3>Oralisation<\/h3>\n<div class=\"sl-info-txt\">Exercices pr\u00e9paratoires oraux : lecture expressive, jeux de diction, improvisations courtes pour d\u00e9velopper l&rsquo;aisance sc\u00e9nique avant la performance.<\/div>\n<\/div>\n<\/div>\n<p>La progression doit int\u00e9grer des moments d&rsquo;<strong>\u00e9change r\u00e9flexif<\/strong> et de retour sur exp\u00e9rience, afin de renforcer la confiance des participants et leur donner les outils pour affiner leur message et leur posture.<\/p>\n<h2>Exploiter les ateliers de slam en milieu scolaire<\/h2>\n<p>L&rsquo;animation d&rsquo;<strong>ateliers slam<\/strong> en milieu scolaire cr\u00e9e un espace unique d&rsquo;exp\u00e9rimentation et de valorisation de la parole individuelle. Chaque atelier se d\u00e9roule en plusieurs temps, articulant initiation, \u00e9criture, r\u00e9p\u00e9tition et restitution sur sc\u00e8ne.<\/p>\n<ul>\n<li>L&rsquo;intervenant ou l&rsquo;enseignant pose le cadre en soulignant l&rsquo;esprit de respect et d&rsquo;\u00e9coute mutuelle. <strong>Animation<\/strong> et <strong>mise en sc\u00e8ne<\/strong> encouragent la prise de parole devant le groupe, tout en d\u00e9sacralisant l&rsquo;erreur.<\/li>\n<li>Les \u00e9tapes-cl\u00e9s incluent la lecture de textes embl\u00e9matiques, l&rsquo;\u00e9criture guid\u00e9e sur des th\u00e8mes choisis collectivement, puis la pr\u00e9paration \u00e0 l&rsquo;oralisation (posture, voix, gestuelle).<\/li>\n<li>L&rsquo;atelier se termine le plus souvent par une restitution publique ou semi-publique, puissant levier de <strong>d\u00e9veloppement de la confiance en soi<\/strong> et de coh\u00e9sion de classe.<\/li>\n<\/ul>\n<div class=\"sl-info-note\">\n<span class=\"sl-info-tag\">\u00c0 savoir<\/span><br \/>\n<span>Les exp\u00e9riences men\u00e9es \u00e0 la MLF Monde, avec l&rsquo;association Slam Connexion ou lors d&rsquo;\u00e9v\u00e9nements \u00ab sc\u00e8ne ouverte \u00bb r\u00e9v\u00e8lent un impact notable sur l&rsquo;<strong>expression cr\u00e9ative, la coop\u00e9ration et la valorisation de la diversit\u00e9<\/strong>. Ces ateliers renforcent le sentiment d&rsquo;appartenance et stimulent les apprentissages transversaux.<\/span>\n<\/div>\n<h2>Utiliser des supports authentiques pour engager les \u00e9l\u00e8ves<\/h2>\n<p>Mobiliser des <strong>supports authentiques<\/strong> s&rsquo;av\u00e8re particuli\u00e8rement efficace pour nourrir la r\u00e9flexion, inspirer l&rsquo;\u00e9criture et approfondir la compr\u00e9hension du slam. Les enseignants gagnent \u00e0 s\u00e9lectionner des \u0153uvres marquantes, port\u00e9es par des slameurs reconnus pour la force de leur propos et la qualit\u00e9 de leur performance.<\/p>\n<ul>\n<li>Les vid\u00e9os et enregistrements de Queen K\u00e2 (\u00ab Tueries \u00bb), Mathieu Lipp\u00e9 (sur la spiritualit\u00e9) ou Marjolaine Beauchamp (sur le grand \u00e2ge) illustrent concr\u00e8tement la pluralit\u00e9 des styles et des th\u00e9matiques. Leur exploitation favorise l&rsquo;analyse des proc\u00e9d\u00e9s d&rsquo;\u00e9criture et des m\u00e9canismes d&rsquo;engagement propres au slam.<\/li>\n<li>L&rsquo;\u00e9coute attentive, suivie d&rsquo;une prise de notes individuelle, stimule l&rsquo;esprit critique et ouvre la voie \u00e0 des d\u00e9bats riches, notamment autour des enjeux sociaux (\u00e9cologie, discriminations, identit\u00e9 culturelle).<\/li>\n<li>Le recours \u00e0 des textes publi\u00e9s en recueils, des extraits de battles ou des podcasts sp\u00e9cialis\u00e9s compl\u00e8te l&rsquo;\u00e9ventail et enrichit la culture litt\u00e9raire des \u00e9l\u00e8ves tout en diversifiant les r\u00e9f\u00e9rents.<\/li>\n<\/ul>\n<div class=\"sl-info-quote\">\n<span class=\"sl-info-mark\" aria-hidden=\"true\">\u00ab<\/span><\/p>\n<blockquote><p>Le slam transforme la salle de classe en sc\u00e8ne bienveillante o\u00f9 chaque voix compte.<\/p><\/blockquote>\n<\/div>\n<p>Nous conseillons la construction d&rsquo;une banque de ressources num\u00e9riques, facilitant la rotation des supports et l&rsquo;adaptation aux int\u00e9r\u00eats de chaque groupe.<\/p>\n<h2>Faire du slam un levier d&rsquo;inclusion et d&rsquo;expression citoyenne<\/h2>\n<p>Au-del\u00e0 de l&rsquo;activit\u00e9 litt\u00e9raire, le <strong>slam<\/strong> agit tel un catalyseur d&rsquo;<u>inclusion scolaire<\/u> et d&rsquo;<u>expression citoyenne<\/u>. Ce mode d&rsquo;expression met en valeur la diversit\u00e9 linguistique, culturelle et sociale, tout en favorisant l&rsquo;appropriation de sujets sensibles ou complexes.<\/p>\n<ul>\n<li>En classe, les enseignants transforment l&rsquo;espace p\u00e9dagogique en sc\u00e8ne bienveillante o\u00f9 chaque voix compte. Les \u00e9l\u00e8ves sont convi\u00e9s \u00e0 s&rsquo;exprimer sur leur v\u00e9cu, leurs valeurs, leurs espoirs, renfor\u00e7ant l&rsquo;\u00e9coute mutuelle et l&rsquo;esprit critique.<\/li>\n<li>Les th\u00e9matiques abord\u00e9es (l&rsquo;\u00e9galit\u00e9, le racisme, le d\u00e9veloppement durable, les droits humains) servent de point d&rsquo;ancrage pour d\u00e9velopper la citoyennet\u00e9 active et l&rsquo;ouverture \u00e0 l&rsquo;Autre.<\/li>\n<li>Les retours d&rsquo;exp\u00e9rience d&rsquo;ateliers anim\u00e9s par des collectifs tels que <strong>129H<\/strong> ou dans le cadre des parcours EAC (\u00c9ducation Artistique et Culturelle) t\u00e9moignent de la capacit\u00e9 du slam \u00e0 f\u00e9d\u00e9rer des groupes h\u00e9t\u00e9rog\u00e8nes et \u00e0 r\u00e9v\u00e9ler des talents insoup\u00e7onn\u00e9s.<\/li>\n<\/ul>\n<p>Notre analyse conforte la place du slam comme outil privil\u00e9gi\u00e9 pour valoriser la pluralit\u00e9, responsabiliser les apprenants et instaurer un climat scolaire \u00e9panouissant, propice \u00e0 la r\u00e9ussite de tous.<\/p>\n<h2>\u00c9valuer les productions slam : crit\u00e8res et retours constructifs<\/h2>\n<p>L&rsquo;\u00e9valuation du slam requiert des grilles sp\u00e9cifiques, prenant en compte la <strong>cr\u00e9ativit\u00e9<\/strong>, la <u>ma\u00eetrise de la langue<\/u>, l&rsquo;<u>impact \u00e9motionnel<\/u> et la performativit\u00e9 orale. Le respect de l&rsquo;authenticit\u00e9 de la d\u00e9marche artistique prime sur l&rsquo;application de crit\u00e8res stricts.<\/p>\n<ul>\n<li>Les grilles les plus efficaces combinent des indicateurs mesurables : originalit\u00e9 du texte, pertinence des figures de style, clart\u00e9 du message, articulation, expressivit\u00e9, gestion du rythme et pr\u00e9sence sc\u00e9nique.<\/li>\n<li>Un <strong>retour p\u00e9dagogique constructif<\/strong> s&rsquo;\u00e9labore \u00e0 partir d&rsquo;observations pr\u00e9cises, valorisant les points forts tout en proposant des pistes d&rsquo;am\u00e9lioration individualis\u00e9es.<\/li>\n<li>L&rsquo;objectif demeure d&rsquo;encourager l&rsquo;\u00e9volution, la prise de risque et la capacit\u00e9 \u00e0 d\u00e9fendre un message devant un public, sans formater la parole.<\/li>\n<\/ul>\n<p>Les enseignants disposent, via les guides du Centre de la francophonie des Am\u00e9riques ou les fiches de la Boite \u00e0 outils p\u00e9dagogiques, de mod\u00e8les de grilles modulables, adaptables aux profils des apprenants et \u00e0 la finalit\u00e9 du projet (restitution, concours, exposition publique).<\/p>\n<div class=\"sl-info-retain\">\n<div class=\"sl-info-bt\">\u00c0 retenir<\/div>\n<div class=\"sl-info-rgrid\">\n<div class=\"sl-info-rcard\"><span class=\"sl-info-dot\">1<\/span><span>Croiser plusieurs ressources (fiches, guides, recueils) plut\u00f4t que de s&rsquo;appuyer sur un seul support.<\/span><\/div>\n<div class=\"sl-info-rcard\"><span class=\"sl-info-dot\">2<\/span><span>Suivre une progression : immersion, \u00e9criture, oralisation, puis restitution sur sc\u00e8ne.<\/span><\/div>\n<div class=\"sl-info-rcard\"><span class=\"sl-info-dot\">3<\/span><span>Utiliser des slameurs authentiques pour nourrir l&rsquo;analyse et l&rsquo;inspiration.<\/span><\/div>\n<div class=\"sl-info-rcard\"><span class=\"sl-info-dot\">4<\/span><span>Mobiliser le slam comme levier d&rsquo;inclusion et de citoyennet\u00e9, pas seulement d&rsquo;\u00e9criture.<\/span><\/div>\n<div class=\"sl-info-rcard\"><span class=\"sl-info-dot\">5<\/span><span>\u00c9valuer avec des grilles modulables qui valorisent la prise de risque sans formater la parole.<\/span><\/div>\n<\/div>\n<\/div>\n<section class=\"sl-info-faq\">\n<h2>Questions fr\u00e9quentes<\/h2>\n<div class=\"sl-info-fwrap\">\n<details>\n<summary><span>Qu&rsquo;est-ce que le slam ?<\/span><span class=\"sl-info-pl\">+<\/span><\/summary>\n<div class=\"sl-info-fa\">Le slam est une forme de po\u00e9sie orale, \u00e9crite pour \u00eatre dite \u00e0 voix haute devant un public. La voix et le texte suffisent : pas de musique ni d&rsquo;accessoire impos\u00e9. C&rsquo;est avant tout une parole partag\u00e9e, centr\u00e9e sur le rythme, l&rsquo;image et la performance.<\/div>\n<\/details>\n<details>\n<summary><span>Quelles sont les r\u00e8gles du slam ?<\/span><span class=\"sl-info-pl\">+<\/span><\/summary>\n<div class=\"sl-info-fa\">Le slam privil\u00e9gie un cadre simple fond\u00e9 sur le respect et l&rsquo;\u00e9coute mutuelle : on dit son texte sans accessoire, l&rsquo;esprit de sc\u00e8ne ouverte d\u00e9sacralise l&rsquo;erreur. En classe, l&rsquo;enseignant pose ce cadre bienveillant pour encourager chacun \u00e0 prendre la parole devant le groupe.<\/div>\n<\/details>\n<details>\n<summary><span>Comment \u00e9crire un slam en classe ?<\/span><span class=\"sl-info-pl\">+<\/span><\/summary>\n<div class=\"sl-info-fa\">On part d&rsquo;une immersion par l&rsquo;\u00e9coute, puis d&rsquo;une phase d&rsquo;\u00e9criture collaborative et individuelle : brainstorming sur un sujet, jeux de style (allit\u00e9ration, assonance, anaphore) et r\u00e9daction guid\u00e9e. Vient ensuite l&rsquo;oralisation \u2014 lecture expressive, diction et posture \u2014 avant la restitution.<\/div>\n<\/details>\n<details>\n<summary><span>Quelle diff\u00e9rence entre slam et po\u00e9sie ?<\/span><span class=\"sl-info-pl\">+<\/span><\/summary>\n<div class=\"sl-info-fa\">Le slam est une po\u00e9sie orale, pens\u00e9e pour \u00eatre perform\u00e9e \u00e0 voix haute, o\u00f9 le rythme, l&rsquo;image et la pr\u00e9sence sc\u00e9nique comptent autant que le texte. La po\u00e9sie \u00e9crite traditionnelle se vit davantage par la lecture et la forme fig\u00e9e sur la page ; le slam, lui, prend vie dans la voix et devant un public.<\/div>\n<\/details>\n<\/div>\n<\/section>\n<\/div>\n","protected":false},"excerpt":{"rendered":"","protected":false},"author":34,"featured_media":7562,"comment_status":"open","ping_status":"open","sticky":false,"template":"","format":"standard","meta":{"_acf_changed":false,"manual_indexmenow":false,"indexmenow_id_project":0,"footnotes":""},"categories":[1],"tags":[4749,4748,4526],"class_list":["post-7557","post","type-post","status-publish","format-standard","has-post-thumbnail","hentry","category-a-la-une","tag-enseignants","tag-ressources-pedagogiques","tag-slam","generate-columns","tablet-grid-50","mobile-grid-100","grid-parent","grid-25"],"acf":[],"yoast_head":"<!-- This site is optimized with the Yoast SEO Premium plugin v21.3 (Yoast SEO v26.5) - https:\/\/yoast.com\/wordpress\/plugins\/seo\/ -->\n<title>Ressources p\u00e9dagogiques slam pour enseignants<\/title>\n<meta name=\"description\" content=\"Le slam s\u00e9duit de plus en plus la classe : po\u00e9sie orale, sc\u00e8ne ouverte, parole lib\u00e9r\u00e9e.\" \/>\n<meta name=\"robots\" content=\"index, follow, max-snippet:-1, max-image-preview:large, max-video-preview:-1\" \/>\n<link rel=\"canonical\" href=\"https:\/\/slams.fr\/blog\/a-la-une\/guide-pratique-des-ressources-pedagogiques-slam-pour-enseignants-passionnes\/\" \/>\n<meta property=\"og:locale\" content=\"fr_FR\" \/>\n<meta property=\"og:type\" content=\"article\" \/>\n<meta property=\"og:title\" content=\"Ressources p\u00e9dagogiques slam pour enseignants\" \/>\n<meta property=\"og:description\" content=\"Le slam s\u00e9duit de plus en plus la classe : po\u00e9sie orale, sc\u00e8ne ouverte, parole lib\u00e9r\u00e9e.\" \/>\n<meta property=\"og:url\" content=\"https:\/\/slams.fr\/blog\/a-la-une\/guide-pratique-des-ressources-pedagogiques-slam-pour-enseignants-passionnes\/\" \/>\n<meta property=\"og:site_name\" content=\"slams\" \/>\n<meta property=\"og:image\" content=\"https:\/\/slams.fr\/blog\/wp-content\/uploads\/2025\/07\/sdxl-4620918935ed826c10c5418b0b805058-scaled.png\" \/>\n\t<meta property=\"og:image:width\" content=\"1200\" \/>\n\t<meta property=\"og:image:height\" content=\"500\" \/>\n\t<meta property=\"og:image:type\" content=\"image\/png\" \/>\n<meta name=\"author\" content=\"Rapha\u00ebl D.\" \/>\n<meta name=\"twitter:card\" content=\"summary_large_image\" \/>\n<script type=\"application\/ld+json\" class=\"yoast-schema-graph\">{\"@context\":\"https:\/\/schema.org\",\"@graph\":[{\"@type\":\"NewsArticle\",\"@id\":\"https:\/\/slams.fr\/blog\/a-la-une\/guide-pratique-des-ressources-pedagogiques-slam-pour-enseignants-passionnes\/#article\",\"isPartOf\":{\"@id\":\"https:\/\/slams.fr\/blog\/a-la-une\/guide-pratique-des-ressources-pedagogiques-slam-pour-enseignants-passionnes\/\"},\"author\":{\"name\":\"Rapha\u00ebl D.\",\"@id\":\"https:\/\/slams.fr\/blog\/#\/schema\/person\/3c864cdc320801e3db34b663e7e3f816\"},\"headline\":\"Guide pratique des ressources p\u00e9dagogiques slam pour enseignants passionn\u00e9s\",\"datePublished\":\"2026-06-02T04:20:09+00:00\",\"mainEntityOfPage\":{\"@id\":\"https:\/\/slams.fr\/blog\/a-la-une\/guide-pratique-des-ressources-pedagogiques-slam-pour-enseignants-passionnes\/\"},\"wordCount\":1732,\"commentCount\":0,\"publisher\":{\"@id\":\"https:\/\/slams.fr\/blog\/#organization\"},\"image\":{\"@id\":\"https:\/\/slams.fr\/blog\/a-la-une\/guide-pratique-des-ressources-pedagogiques-slam-pour-enseignants-passionnes\/#primaryimage\"},\"thumbnailUrl\":\"https:\/\/slams.fr\/blog\/wp-content\/uploads\/2025\/07\/sdxl-4620918935ed826c10c5418b0b805058-scaled.png\",\"keywords\":[\"enseignants\",\"ressources pedagogiques\",\"Slam\"],\"articleSection\":[\"\u00c0 la une\"],\"inLanguage\":\"fr-FR\",\"potentialAction\":[{\"@type\":\"CommentAction\",\"name\":\"Comment\",\"target\":[\"https:\/\/slams.fr\/blog\/a-la-une\/guide-pratique-des-ressources-pedagogiques-slam-pour-enseignants-passionnes\/#respond\"]}]},{\"@type\":\"WebPage\",\"@id\":\"https:\/\/slams.fr\/blog\/a-la-une\/guide-pratique-des-ressources-pedagogiques-slam-pour-enseignants-passionnes\/\",\"url\":\"https:\/\/slams.fr\/blog\/a-la-une\/guide-pratique-des-ressources-pedagogiques-slam-pour-enseignants-passionnes\/\",\"name\":\"Ressources p\u00e9dagogiques slam pour enseignants\",\"isPartOf\":{\"@id\":\"https:\/\/slams.fr\/blog\/#website\"},\"primaryImageOfPage\":{\"@id\":\"https:\/\/slams.fr\/blog\/a-la-une\/guide-pratique-des-ressources-pedagogiques-slam-pour-enseignants-passionnes\/#primaryimage\"},\"image\":{\"@id\":\"https:\/\/slams.fr\/blog\/a-la-une\/guide-pratique-des-ressources-pedagogiques-slam-pour-enseignants-passionnes\/#primaryimage\"},\"thumbnailUrl\":\"https:\/\/slams.fr\/blog\/wp-content\/uploads\/2025\/07\/sdxl-4620918935ed826c10c5418b0b805058-scaled.png\",\"datePublished\":\"2026-06-02T04:20:09+00:00\",\"description\":\"Le slam s\u00e9duit de plus en plus la classe : po\u00e9sie orale, sc\u00e8ne ouverte, parole lib\u00e9r\u00e9e.\",\"inLanguage\":\"fr-FR\",\"potentialAction\":[{\"@type\":\"ReadAction\",\"target\":[\"https:\/\/slams.fr\/blog\/a-la-une\/guide-pratique-des-ressources-pedagogiques-slam-pour-enseignants-passionnes\/\"]}]},{\"@type\":\"ImageObject\",\"inLanguage\":\"fr-FR\",\"@id\":\"https:\/\/slams.fr\/blog\/a-la-une\/guide-pratique-des-ressources-pedagogiques-slam-pour-enseignants-passionnes\/#primaryimage\",\"url\":\"https:\/\/slams.fr\/blog\/wp-content\/uploads\/2025\/07\/sdxl-4620918935ed826c10c5418b0b805058-scaled.png\",\"contentUrl\":\"https:\/\/slams.fr\/blog\/wp-content\/uploads\/2025\/07\/sdxl-4620918935ed826c10c5418b0b805058-scaled.png\",\"width\":1200,\"height\":500},{\"@type\":\"WebSite\",\"@id\":\"https:\/\/slams.fr\/blog\/#website\",\"url\":\"https:\/\/slams.fr\/blog\/\",\"name\":\"slams.fr\",\"description\":\"Slams, l&#039;\u00e9nergie des mots en action\",\"publisher\":{\"@id\":\"https:\/\/slams.fr\/blog\/#organization\"},\"alternateName\":\"Slams, l'\u00e9nergie des mots en action\",\"potentialAction\":[{\"@type\":\"SearchAction\",\"target\":{\"@type\":\"EntryPoint\",\"urlTemplate\":\"https:\/\/slams.fr\/blog\/?s={search_term_string}\"},\"query-input\":{\"@type\":\"PropertyValueSpecification\",\"valueRequired\":true,\"valueName\":\"search_term_string\"}}],\"inLanguage\":\"fr-FR\"},{\"@type\":\"Organization\",\"@id\":\"https:\/\/slams.fr\/blog\/#organization\",\"name\":\"Foretsensations.fr\",\"url\":\"https:\/\/slams.fr\/blog\/\",\"logo\":{\"@type\":\"ImageObject\",\"inLanguage\":\"fr-FR\",\"@id\":\"https:\/\/slams.fr\/blog\/#\/schema\/logo\/image\/\",\"url\":\"https:\/\/slams.fr\/blog\/wp-content\/uploads\/2026\/07\/logo-auto-1.png\",\"contentUrl\":\"https:\/\/slams.fr\/blog\/wp-content\/uploads\/2026\/07\/logo-auto-1.png\",\"width\":1024,\"height\":1024,\"caption\":\"Foretsensations.fr\"},\"image\":{\"@id\":\"https:\/\/slams.fr\/blog\/#\/schema\/logo\/image\/\"}},{\"@type\":\"Person\",\"@id\":\"https:\/\/slams.fr\/blog\/#\/schema\/person\/3c864cdc320801e3db34b663e7e3f816\",\"name\":\"Rapha\u00ebl D.\",\"image\":{\"@type\":\"ImageObject\",\"inLanguage\":\"fr-FR\",\"@id\":\"https:\/\/slams.fr\/blog\/#\/schema\/person\/image\/\",\"url\":\"https:\/\/slams.fr\/blog\/wp-content\/uploads\/2026\/06\/persona_raphael-d-96x96.jpg\",\"contentUrl\":\"https:\/\/slams.fr\/blog\/wp-content\/uploads\/2026\/06\/persona_raphael-d-96x96.jpg\",\"caption\":\"Rapha\u00ebl D.\"},\"description\":\"La culture est mon terrain de jeu depuis une dizaine d'ann\u00e9es : arts visuels, s\u00e9ries, cr\u00e9ation et tout ce qui nourrit l'imaginaire. J'\u00e9cris aussi bien sur l'actualit\u00e9 des \u0153uvres que sur les coulisses de la cr\u00e9ation, avec l'envie de relier l'amateur curieux \u00e0 des univers parfois jug\u00e9s intimidants. J'aime analyser une s\u00e9rie ou une d\u00e9marche artistique sans p\u00e9dantisme, replacer une \u0153uvre dans son contexte et donner des cl\u00e9s de lecture accessibles. Avant de publier, je v\u00e9rifie mes r\u00e9f\u00e9rences, je recoupe les sources et je distingue clairement le fait de mon interpr\u00e9tation subjective. Je crois qu'une critique vaut surtout par les arguments qu'elle expose, pas par la sentence qu'elle rend. Mon angle : transmettre l'envie de d\u00e9couvrir, de regarder autrement et de se forger son propre go\u00fbt. La culture n'appartient pas qu'aux initi\u00e9s, et c'est tout l'enjeu de mon \u00e9criture.\",\"url\":\"https:\/\/slams.fr\/blog\/auteur\/raphael-d\/\",\"jobTitle\":\"R\u00e9dacteur en chef \u00b7 Culture & Cr\u00e9ation\",\"knowsAbout\":[\"Culture\",\"Cr\u00e9ation\"],\"email\":\"raphael.d@a-l-asso-de-l-art.fr\"}]}<\/script>\n<!-- \/ Yoast SEO Premium plugin. -->","yoast_head_json":{"title":"Ressources p\u00e9dagogiques slam pour enseignants","description":"Le slam s\u00e9duit de plus en plus la classe : po\u00e9sie orale, sc\u00e8ne ouverte, parole lib\u00e9r\u00e9e.","robots":{"index":"index","follow":"follow","max-snippet":"max-snippet:-1","max-image-preview":"max-image-preview:large","max-video-preview":"max-video-preview:-1"},"canonical":"https:\/\/slams.fr\/blog\/a-la-une\/guide-pratique-des-ressources-pedagogiques-slam-pour-enseignants-passionnes\/","og_locale":"fr_FR","og_type":"article","og_title":"Ressources p\u00e9dagogiques slam pour enseignants","og_description":"Le slam s\u00e9duit de plus en plus la classe : po\u00e9sie orale, sc\u00e8ne ouverte, parole lib\u00e9r\u00e9e.","og_url":"https:\/\/slams.fr\/blog\/a-la-une\/guide-pratique-des-ressources-pedagogiques-slam-pour-enseignants-passionnes\/","og_site_name":"slams","og_image":[{"width":1200,"height":500,"url":"https:\/\/slams.fr\/blog\/wp-content\/uploads\/2025\/07\/sdxl-4620918935ed826c10c5418b0b805058-scaled.png","type":"image\/png"}],"author":"Rapha\u00ebl D.","twitter_card":"summary_large_image","schema":{"@context":"https:\/\/schema.org","@graph":[{"@type":"NewsArticle","@id":"https:\/\/slams.fr\/blog\/a-la-une\/guide-pratique-des-ressources-pedagogiques-slam-pour-enseignants-passionnes\/#article","isPartOf":{"@id":"https:\/\/slams.fr\/blog\/a-la-une\/guide-pratique-des-ressources-pedagogiques-slam-pour-enseignants-passionnes\/"},"author":{"name":"Rapha\u00ebl D.","@id":"https:\/\/slams.fr\/blog\/#\/schema\/person\/3c864cdc320801e3db34b663e7e3f816"},"headline":"Guide pratique des ressources p\u00e9dagogiques slam pour enseignants passionn\u00e9s","datePublished":"2026-06-02T04:20:09+00:00","mainEntityOfPage":{"@id":"https:\/\/slams.fr\/blog\/a-la-une\/guide-pratique-des-ressources-pedagogiques-slam-pour-enseignants-passionnes\/"},"wordCount":1732,"commentCount":0,"publisher":{"@id":"https:\/\/slams.fr\/blog\/#organization"},"image":{"@id":"https:\/\/slams.fr\/blog\/a-la-une\/guide-pratique-des-ressources-pedagogiques-slam-pour-enseignants-passionnes\/#primaryimage"},"thumbnailUrl":"https:\/\/slams.fr\/blog\/wp-content\/uploads\/2025\/07\/sdxl-4620918935ed826c10c5418b0b805058-scaled.png","keywords":["enseignants","ressources pedagogiques","Slam"],"articleSection":["\u00c0 la une"],"inLanguage":"fr-FR","potentialAction":[{"@type":"CommentAction","name":"Comment","target":["https:\/\/slams.fr\/blog\/a-la-une\/guide-pratique-des-ressources-pedagogiques-slam-pour-enseignants-passionnes\/#respond"]}]},{"@type":"WebPage","@id":"https:\/\/slams.fr\/blog\/a-la-une\/guide-pratique-des-ressources-pedagogiques-slam-pour-enseignants-passionnes\/","url":"https:\/\/slams.fr\/blog\/a-la-une\/guide-pratique-des-ressources-pedagogiques-slam-pour-enseignants-passionnes\/","name":"Ressources p\u00e9dagogiques slam pour enseignants","isPartOf":{"@id":"https:\/\/slams.fr\/blog\/#website"},"primaryImageOfPage":{"@id":"https:\/\/slams.fr\/blog\/a-la-une\/guide-pratique-des-ressources-pedagogiques-slam-pour-enseignants-passionnes\/#primaryimage"},"image":{"@id":"https:\/\/slams.fr\/blog\/a-la-une\/guide-pratique-des-ressources-pedagogiques-slam-pour-enseignants-passionnes\/#primaryimage"},"thumbnailUrl":"https:\/\/slams.fr\/blog\/wp-content\/uploads\/2025\/07\/sdxl-4620918935ed826c10c5418b0b805058-scaled.png","datePublished":"2026-06-02T04:20:09+00:00","description":"Le slam s\u00e9duit de plus en plus la classe : po\u00e9sie orale, sc\u00e8ne ouverte, parole lib\u00e9r\u00e9e.","inLanguage":"fr-FR","potentialAction":[{"@type":"ReadAction","target":["https:\/\/slams.fr\/blog\/a-la-une\/guide-pratique-des-ressources-pedagogiques-slam-pour-enseignants-passionnes\/"]}]},{"@type":"ImageObject","inLanguage":"fr-FR","@id":"https:\/\/slams.fr\/blog\/a-la-une\/guide-pratique-des-ressources-pedagogiques-slam-pour-enseignants-passionnes\/#primaryimage","url":"https:\/\/slams.fr\/blog\/wp-content\/uploads\/2025\/07\/sdxl-4620918935ed826c10c5418b0b805058-scaled.png","contentUrl":"https:\/\/slams.fr\/blog\/wp-content\/uploads\/2025\/07\/sdxl-4620918935ed826c10c5418b0b805058-scaled.png","width":1200,"height":500},{"@type":"WebSite","@id":"https:\/\/slams.fr\/blog\/#website","url":"https:\/\/slams.fr\/blog\/","name":"slams.fr","description":"Slams, l&#039;\u00e9nergie des mots en action","publisher":{"@id":"https:\/\/slams.fr\/blog\/#organization"},"alternateName":"Slams, l'\u00e9nergie des mots en action","potentialAction":[{"@type":"SearchAction","target":{"@type":"EntryPoint","urlTemplate":"https:\/\/slams.fr\/blog\/?s={search_term_string}"},"query-input":{"@type":"PropertyValueSpecification","valueRequired":true,"valueName":"search_term_string"}}],"inLanguage":"fr-FR"},{"@type":"Organization","@id":"https:\/\/slams.fr\/blog\/#organization","name":"Foretsensations.fr","url":"https:\/\/slams.fr\/blog\/","logo":{"@type":"ImageObject","inLanguage":"fr-FR","@id":"https:\/\/slams.fr\/blog\/#\/schema\/logo\/image\/","url":"https:\/\/slams.fr\/blog\/wp-content\/uploads\/2026\/07\/logo-auto-1.png","contentUrl":"https:\/\/slams.fr\/blog\/wp-content\/uploads\/2026\/07\/logo-auto-1.png","width":1024,"height":1024,"caption":"Foretsensations.fr"},"image":{"@id":"https:\/\/slams.fr\/blog\/#\/schema\/logo\/image\/"}},{"@type":"Person","@id":"https:\/\/slams.fr\/blog\/#\/schema\/person\/3c864cdc320801e3db34b663e7e3f816","name":"Rapha\u00ebl D.","image":{"@type":"ImageObject","inLanguage":"fr-FR","@id":"https:\/\/slams.fr\/blog\/#\/schema\/person\/image\/","url":"https:\/\/slams.fr\/blog\/wp-content\/uploads\/2026\/06\/persona_raphael-d-96x96.jpg","contentUrl":"https:\/\/slams.fr\/blog\/wp-content\/uploads\/2026\/06\/persona_raphael-d-96x96.jpg","caption":"Rapha\u00ebl D."},"description":"La culture est mon terrain de jeu depuis une dizaine d'ann\u00e9es : arts visuels, s\u00e9ries, cr\u00e9ation et tout ce qui nourrit l'imaginaire. J'\u00e9cris aussi bien sur l'actualit\u00e9 des \u0153uvres que sur les coulisses de la cr\u00e9ation, avec l'envie de relier l'amateur curieux \u00e0 des univers parfois jug\u00e9s intimidants. J'aime analyser une s\u00e9rie ou une d\u00e9marche artistique sans p\u00e9dantisme, replacer une \u0153uvre dans son contexte et donner des cl\u00e9s de lecture accessibles. Avant de publier, je v\u00e9rifie mes r\u00e9f\u00e9rences, je recoupe les sources et je distingue clairement le fait de mon interpr\u00e9tation subjective. Je crois qu'une critique vaut surtout par les arguments qu'elle expose, pas par la sentence qu'elle rend. Mon angle : transmettre l'envie de d\u00e9couvrir, de regarder autrement et de se forger son propre go\u00fbt. La culture n'appartient pas qu'aux initi\u00e9s, et c'est tout l'enjeu de mon \u00e9criture.","url":"https:\/\/slams.fr\/blog\/auteur\/raphael-d\/","jobTitle":"R\u00e9dacteur en chef \u00b7 Culture & Cr\u00e9ation","knowsAbout":["Culture","Cr\u00e9ation"],"email":"raphael.d@a-l-asso-de-l-art.fr"}]}},"_links":{"self":[{"href":"https:\/\/slams.fr\/blog\/wp-json\/wp\/v2\/posts\/7557","targetHints":{"allow":["GET"]}}],"collection":[{"href":"https:\/\/slams.fr\/blog\/wp-json\/wp\/v2\/posts"}],"about":[{"href":"https:\/\/slams.fr\/blog\/wp-json\/wp\/v2\/types\/post"}],"author":[{"embeddable":true,"href":"https:\/\/slams.fr\/blog\/wp-json\/wp\/v2\/users\/34"}],"replies":[{"embeddable":true,"href":"https:\/\/slams.fr\/blog\/wp-json\/wp\/v2\/comments?post=7557"}],"version-history":[{"count":1,"href":"https:\/\/slams.fr\/blog\/wp-json\/wp\/v2\/posts\/7557\/revisions"}],"predecessor-version":[{"id":7792,"href":"https:\/\/slams.fr\/blog\/wp-json\/wp\/v2\/posts\/7557\/revisions\/7792"}],"wp:featuredmedia":[{"embeddable":true,"href":"https:\/\/slams.fr\/blog\/wp-json\/wp\/v2\/media\/7562"}],"wp:attachment":[{"href":"https:\/\/slams.fr\/blog\/wp-json\/wp\/v2\/media?parent=7557"}],"wp:term":[{"taxonomy":"category","embeddable":true,"href":"https:\/\/slams.fr\/blog\/wp-json\/wp\/v2\/categories?post=7557"},{"taxonomy":"post_tag","embeddable":true,"href":"https:\/\/slams.fr\/blog\/wp-json\/wp\/v2\/tags?post=7557"}],"curies":[{"name":"wp","href":"https:\/\/api.w.org\/{rel}","templated":true}]}}