{"id":7558,"date":"2025-06-14T23:09:50","date_gmt":"2025-06-14T21:09:50","guid":{"rendered":"https:\/\/slams.fr\/blog\/a-la-une\/les-evenements-slam-en-ligne-a-ne-pas-manquer-cette-annee\/"},"modified":"2025-06-14T23:09:50","modified_gmt":"2025-06-14T21:09:50","slug":"les-evenements-slam-en-ligne-a-ne-pas-manquer-cette-annee","status":"publish","type":"post","link":"https:\/\/slams.fr\/blog\/a-la-une\/les-evenements-slam-en-ligne-a-ne-pas-manquer-cette-annee\/","title":{"rendered":"Les \u00e9v\u00e9nements slam en ligne \u00e0 ne pas manquer cette ann\u00e9e"},"content":{"rendered":"<h1>Les \u00e9v\u00e9nements slam en ligne \u00e0 ne pas manquer cette ann\u00e9e<\/h1>\n<h2>La mont\u00e9e en puissance des festivals slam num\u00e9riques<\/h2>\n<p>Les plus grands festivals de po\u00e9sie mondiaux embrassent r\u00e9solument le format num\u00e9rique, r\u00e9inventant la mani\u00e8re de r\u00e9unir publics et artistes. L\u2019organisation d\u2019\u00e9v\u00e9nements comme le <strong>Grand Slam National<\/strong> ou la <strong>Poetry Slam World Cup<\/strong> sur des plateformes de diffusion en ligne a profond\u00e9ment renouvel\u00e9 l\u2019exp\u00e9rience slam pour des milliers de passionn\u00e9s \u00e0 travers le globe. Cette transition digitale a favoris\u00e9 une <strong>participation \u00e9largie des artistes internationaux<\/strong>, qui, de Rio \u00e0 Paris, peuvent d\u00e9sormais d\u00e9clamer leurs textes et d\u00e9fendre leurs couleurs sans barri\u00e8res g\u00e9ographiques ni contraintes logistiques.<\/p>\n<p>La diversit\u00e9 des performances se trouve nettement renforc\u00e9e, en t\u00e9moigne la derni\u00e8re \u00e9dition du <strong>Grand Poetry Slam de Paris<\/strong> ayant r\u00e9uni des po\u00e8tes venus de 24 pays : une mosa\u00efque de voix, de styles et de langues rendant chaque \u00e9dition unique. L\u2019accessibilit\u00e9 s\u2019en trouve aussi grandement am\u00e9lior\u00e9e : il est d\u00e9sormais possible d\u2019assister \u00e0 des shows ou comp\u00e9titions majeurs depuis chez soi, tout en profitant d\u2019une interactivit\u00e9 croissante. En s\u2019appuyant sur des retransmissions en direct, des salons de discussion et des modules de vote en ligne, les festivals slam s\u2019adaptent aux usages num\u00e9riques et ouvrent la porte \u00e0 une audience plus large, plus jeune et plus engag\u00e9e.<\/p>\n<ul>\n<li><strong>Participation internationale accrue<\/strong> gr\u00e2ce \u00e0 la suppression des fronti\u00e8res physiques.<\/li>\n<li><strong>Accessibilit\u00e9 \u00e9tendue<\/strong> pour le public et les personnes \u00e0 mobilit\u00e9 r\u00e9duite.<\/li>\n<li><strong>Diversit\u00e9 des expressions<\/strong> et \u00e9largissement du r\u00e9pertoire po\u00e9tique repr\u00e9sent\u00e9.<\/li>\n<li><strong>Visibilit\u00e9 m\u00e9diatique<\/strong> d\u00e9multipli\u00e9e via le streaming et les r\u00e9seaux sociaux.<\/li>\n<\/ul>\n<h2>Crit\u00e8res essentiels pour rep\u00e9rer les rendez-vous slam virtuels de qualit\u00e9<\/h2>\n<p>Pour naviguer efficacement parmi la profusion d\u2019\u00e9v\u00e9nements slam en ligne, certains <strong>crit\u00e8res objectifs<\/strong> s\u2019imposent pour distinguer les rendez-vous les plus signifiants. Avant toute chose, <u>la r\u00e9putation des organisateurs<\/u> constitue un gage de fiabilit\u00e9 et de pertinence : les <strong>f\u00e9d\u00e9rations reconnues<\/strong>, telles que la <strong>Ligue Slam de France<\/strong>, les <strong>collectifs historiques<\/strong> et les <strong>ligues internationales<\/strong> s\u2019appuient sur une exp\u00e9rience logistique et artistique solide. La pluralit\u00e9 des styles pr\u00e9sent\u00e9s, allant du <strong>spoken word<\/strong> \u00e0 la <strong>po\u00e9sie engag\u00e9e<\/strong> ou aux <strong>performances collaboratives<\/strong>, refl\u00e8te la vitalit\u00e9 de chaque \u00e9v\u00e9nement et sa capacit\u00e9 \u00e0 embrasser l\u2019\u00e9volution du slam contemporain.<\/p>\n<p>Les <strong>invitations d\u2019artistes majeurs<\/strong> ou de figures \u00e9mergentes reconnues jouent un r\u00f4le cl\u00e9 dans la densit\u00e9 du programme, tout comme la dimension interactive offerte au public : possibilit\u00e9 de voter, commenter ou \u00e9changer avec les slameurs en direct. Les phases de <strong>pr\u00e9-s\u00e9lection<\/strong> et les <strong>finales nationales diffus\u00e9es<\/strong> en ligne (notamment la <strong>Coupe de la Ligue Slam de France<\/strong> retransmise en direct du Grand Op\u00e9ra de Tours) confirment l\u2019exigence artistique et la l\u00e9gitimit\u00e9 de l\u2019\u00e9v\u00e9nement. Ces crit\u00e8res, rigoureusement appliqu\u00e9s, permettent de cibler des \u00e9v\u00e9nements qui conjuguent <strong>professionnalisme<\/strong>, <strong>innovation<\/strong> et <strong>impact culturel<\/strong>.<\/p>\n<ul>\n<li><strong>Notori\u00e9t\u00e9 de la structure organisatrice<\/strong> (f\u00e9d\u00e9ration, collectif, historique d\u2019\u00e9v\u00e9nements majeurs).<\/li>\n<li><strong>Diversit\u00e9 des intervenants et des styles propos\u00e9s<\/strong>.<\/li>\n<li><strong>Pr\u00e9sence d\u2019artistes invit\u00e9s reconnus<\/strong> sur la sc\u00e8ne nationale ou internationale.<\/li>\n<li><strong>Interaction directe<\/strong> avec le public via sessions questions\/r\u00e9ponses ou votes en live.<\/li>\n<li><strong>Processus de s\u00e9lection rigoureux<\/strong> (phases \u00e9liminatoires, jury professionnel, streaming).<\/li>\n<\/ul>\n<h2>Plateformes incontournables et formats innovants du slam d\u00e9mat\u00e9rialis\u00e9<\/h2>\n<p>Le virage num\u00e9rique du slam s\u2019est accompagn\u00e9 d\u2019une diversification remarquable des supports de diffusion. Les grandes sc\u00e8nes slam exploitent aujourd\u2019hui un large \u00e9ventail de plateformes sp\u00e9cialis\u00e9es, \u00e0 l\u2019instar de <strong>cha\u00eenes YouTube d\u00e9di\u00e9es<\/strong>, d\u2019\u00e9missions \u00e9v\u00e9nementielles diffus\u00e9es sur <strong>France TV<\/strong>, de <strong>forums interactifs<\/strong> et de r\u00e9seaux sociaux orient\u00e9s culture urbaine. Cette pluralit\u00e9 de canaux rend le slam accessible et visible, tout en favorisant le renouvellement des formats.<\/p>\n<p>Les <strong>soir\u00e9es \u00e0 th\u00e8me<\/strong> et <strong>d\u00e9fis d\u2019\u00e9criture collectifs<\/strong> s\u00e9duisent un public large, novices et initi\u00e9s confondus. Les tournois inter-villes, parfois dot\u00e9s de phases qualificatives en ligne puis de finales retransmises, cr\u00e9ent une dynamique comp\u00e9titive et f\u00e9d\u00e9ratrice. L\u2019engouement pour les <strong>retransmissions en direct<\/strong> permet aussi d\u2019int\u00e9grer le spectateur au c\u0153ur du processus cr\u00e9atif, lui offrant la possibilit\u00e9 de r\u00e9agir, de questionner ou de soutenir ses artistes favoris en temps r\u00e9el. Les strat\u00e9gies de diffusion test\u00e9es lors d\u2019\u00e9v\u00e9nements tels que le <strong>Festival Se Passer le Mot !<\/strong> d\u00e9montrent combien le slam peut s\u2019adapter \u00e0 des formats hybrides, m\u00ealant spectacle vivant, interactivit\u00e9 num\u00e9rique et accessibilit\u00e9 totale.<\/p>\n<ul>\n<li><strong>YouTube<\/strong> : rediffusions de finales, performances film\u00e9es depuis les grandes sc\u00e8nes nationales.<\/li>\n<li><strong>France TV<\/strong> : \u00e9missions \u00e9v\u00e9nementielles, jeux de lettres en live, reportages sur les comp\u00e9titions majeures.<\/li>\n<li><strong>Sites officiels<\/strong> des f\u00e9d\u00e9rations et ligues pour le streaming des phases finales et archives.<\/li>\n<li><strong>R\u00e9seaux sociaux sp\u00e9cialis\u00e9s<\/strong> (Instagram, Facebook, Discord) pour les open mics et annonces en temps r\u00e9el.<\/li>\n<li><strong>Forums et salons interactifs<\/strong> pour \u00e9changes, coaching et votes collectifs.<\/li>\n<\/ul>\n<h2>Communaut\u00e9s actives et \u00e9changes dans les espaces slam virtuels<\/h2>\n<p>La vitalit\u00e9 des communaut\u00e9s slam ne se d\u00e9ment pas \u00e0 l\u2019\u00e8re du tout-digital. Les comp\u00e9titions et open mics num\u00e9riques f\u00e9d\u00e8rent chaque semaine des centaines de participants d\u00e9sireux de partager leurs textes, d\u2019exp\u00e9rimenter de nouveaux formats ou de d\u00e9couvrir de jeunes talents. La <u>dimension collective<\/u> s\u2019incarne notamment dans les <strong>ateliers d\u2019\u00e9criture collaboratifs<\/strong>, o\u00f9 slameurs confirm\u00e9s et n\u00e9ophytes croisent leurs univers, stimulent leur cr\u00e9ativit\u00e9 et b\u00e9n\u00e9ficient d\u2019un accompagnement personnalis\u00e9. Les <strong>votes interactifs<\/strong> du public, d\u00e9sormais monnaie courante sur nombre de plateformes, donnent une r\u00e9sonance nouvelle au parcours des artistes et renforcent la perception d\u2019un slam r\u00e9solument participatif.<\/p>\n<p>L\u2019\u00e9mergence de <strong>talents professionnels issus de communaut\u00e9s num\u00e9riques<\/strong> est un ph\u00e9nom\u00e8ne marquant de ces derni\u00e8res ann\u00e9es : certains slameurs, rep\u00e9r\u00e9s lors de phases finales ou de sc\u00e8nes ouvertes virtuelles, voient aujourd\u2019hui leur carri\u00e8re d\u00e9coller \u00e0 la faveur d\u2019une notori\u00e9t\u00e9 acquise en ligne. Cet engouement, entretenu par la diversit\u00e9 culturelle et linguistique des participants (notamment lors de grandes finales nationales ou mondiales), contribue \u00e0 faire du slam une discipline en perp\u00e9tuelle \u00e9volution, ouverte \u00e0 tous les horizons.<\/p>\n<ul>\n<li><strong>Partage de textes et retours constructifs<\/strong> sur des plateformes ouvertes ou priv\u00e9es.<\/li>\n<li><strong>Ateliers d\u2019\u00e9criture collectifs<\/strong> anim\u00e9s par des figures du slam reconnu.<\/li>\n<li><strong>Votes en temps r\u00e9el<\/strong> lors des comp\u00e9titions majeures ou des phases de s\u00e9lection.<\/li>\n<li><strong>Rep\u00e9rage de nouveaux talents<\/strong> via les open mics et les challenges mensuels.<\/li>\n<li><strong>Valorisation de la diversit\u00e9 linguistique et culturelle<\/strong> sur les grandes sc\u00e8nes virtuelles.<\/li>\n<\/ul>\n<h2>Ressources et agendas pour suivre les \u00e9v\u00e9nements slam en temps r\u00e9el<\/h2>\n<p>Anticiper les temps forts de la saison slam passe par l\u2019identification des meilleures ressources num\u00e9riques. Les <strong>calendriers en ligne<\/strong> des principales f\u00e9d\u00e9rations, ligues et r\u00e9seaux sociaux sp\u00e9cialis\u00e9s constituent des outils de veille pr\u00e9cieux. Plusieurs sites officiels proposent un <strong>agenda actualis\u00e9<\/strong>, une pr\u00e9sentation des \u00e9v\u00e9nements \u00e0 venir, ainsi que la possibilit\u00e9 de visionner des <strong>replays<\/strong> des sc\u00e8nes majeures pour ne rien manquer, m\u00eame en diff\u00e9r\u00e9. Les r\u00e9seaux sociaux viennent compl\u00e9ter cette veille en relayant l\u2019annonce des <strong>prochaines sc\u00e8nes ouvertes<\/strong>, <strong>concours<\/strong> ou <strong>festivals num\u00e9riques<\/strong>, rarement absents du calendrier d\u2019un slameur aguerri.<\/p>\n<p>Savoir rep\u00e9rer les rendez-vous majeurs \u00e0 venir, s\u2019inscrire ou proposer sa candidature repose sur une appropriation fine des ressources existantes, \u00e0 l\u2019image des sites de la <strong>Ligue Slam de France<\/strong> ou des f\u00e9d\u00e9rations internationales. Partager, \u00e9couter ou m\u00eame participer comme slameur(se) lors d\u2019une saison rythm\u00e9e par l\u2019\u00e9motion po\u00e9tique en ligne devient alors une d\u00e9marche fluide, structur\u00e9e et enthousiasmante. A nos yeux, l\u2019essence du slam num\u00e9rique r\u00e9side dans cette capacit\u00e9 \u00e0 f\u00e9d\u00e9rer talents et publics autour de rendez-vous toujours plus interactifs, inclusifs et novateurs.<\/p>\n<ul>\n<li><strong>Agendas interactifs<\/strong> propos\u00e9s par les f\u00e9d\u00e9rations nationales et internationales.<\/li>\n<li><strong>Sites sp\u00e9cialis\u00e9s<\/strong> pour visionner les replays et archives des comp\u00e9titions majeures.<\/li>\n<li><strong>R\u00e9seaux sociaux et applications<\/strong> pour s\u2019abonner, \u00e9changer et recevoir des notifications d\u2019\u00e9v\u00e9nements \u00e0 venir.<\/li>\n<li><strong>Formulaires d\u2019inscription en ligne<\/strong> pour participer aux open mics ou d\u00e9poser sa candidature aux tournois nationaux.<\/li>\n<\/ul>\n","protected":false},"excerpt":{"rendered":"","protected":false},"author":34,"featured_media":7561,"comment_status":"open","ping_status":"open","sticky":false,"template":"","format":"standard","meta":{"_acf_changed":false,"manual_indexmenow":false,"indexmenow_id_project":0,"footnotes":""},"categories":[1],"tags":[4751,4750,4526],"class_list":["post-7558","post","type-post","status-publish","format-standard","has-post-thumbnail","hentry","category-a-la-une","tag-en-ligne","tag-evenement","tag-slam","generate-columns","tablet-grid-50","mobile-grid-100","grid-parent","grid-25"],"acf":[],"yoast_head":"<!-- This site is optimized with the Yoast SEO Premium plugin v21.3 (Yoast SEO v26.5) - https:\/\/yoast.com\/wordpress\/plugins\/seo\/ -->\n<title>Les \u00e9v\u00e9nements slam en ligne \u00e0 ne pas manquer cette ann\u00e9e<\/title>\n<meta name=\"description\" content=\"Les plus grands festivals de po\u00e9sie mondiaux embrassent r\u00e9solument le format num\u00e9rique, r\u00e9inventant la mani\u00e8re de r\u00e9unir publics et artistes.\" \/>\n<meta name=\"robots\" content=\"index, follow, max-snippet:-1, max-image-preview:large, max-video-preview:-1\" \/>\n<link rel=\"canonical\" href=\"https:\/\/slams.fr\/blog\/a-la-une\/les-evenements-slam-en-ligne-a-ne-pas-manquer-cette-annee\/\" \/>\n<meta property=\"og:locale\" content=\"fr_FR\" \/>\n<meta property=\"og:type\" content=\"article\" \/>\n<meta property=\"og:title\" content=\"Les \u00e9v\u00e9nements slam en ligne \u00e0 ne pas manquer cette ann\u00e9e\" \/>\n<meta property=\"og:description\" content=\"Les plus grands festivals de po\u00e9sie mondiaux embrassent r\u00e9solument le format num\u00e9rique, r\u00e9inventant la mani\u00e8re de r\u00e9unir publics et artistes.\" \/>\n<meta property=\"og:url\" content=\"https:\/\/slams.fr\/blog\/a-la-une\/les-evenements-slam-en-ligne-a-ne-pas-manquer-cette-annee\/\" \/>\n<meta property=\"og:site_name\" content=\"slams\" \/>\n<meta property=\"og:image\" content=\"https:\/\/slams.fr\/blog\/wp-content\/uploads\/2025\/07\/sdxl-5e9afe06a64ce1c404d602458f96a3e6-scaled.png\" \/>\n\t<meta property=\"og:image:width\" content=\"1200\" \/>\n\t<meta property=\"og:image:height\" content=\"500\" \/>\n\t<meta property=\"og:image:type\" content=\"image\/png\" \/>\n<meta name=\"author\" content=\"Rapha\u00ebl D.\" \/>\n<meta name=\"twitter:card\" content=\"summary_large_image\" \/>\n<script type=\"application\/ld+json\" class=\"yoast-schema-graph\">{\"@context\":\"https:\/\/schema.org\",\"@graph\":[{\"@type\":\"NewsArticle\",\"@id\":\"https:\/\/slams.fr\/blog\/a-la-une\/les-evenements-slam-en-ligne-a-ne-pas-manquer-cette-annee\/#article\",\"isPartOf\":{\"@id\":\"https:\/\/slams.fr\/blog\/a-la-une\/les-evenements-slam-en-ligne-a-ne-pas-manquer-cette-annee\/\"},\"author\":{\"name\":\"Rapha\u00ebl D.\",\"@id\":\"https:\/\/slams.fr\/blog\/#\/schema\/person\/3c864cdc320801e3db34b663e7e3f816\"},\"headline\":\"Les \u00e9v\u00e9nements slam en ligne \u00e0 ne pas manquer cette ann\u00e9e\",\"datePublished\":\"2025-06-14T21:09:50+00:00\",\"mainEntityOfPage\":{\"@id\":\"https:\/\/slams.fr\/blog\/a-la-une\/les-evenements-slam-en-ligne-a-ne-pas-manquer-cette-annee\/\"},\"wordCount\":1436,\"commentCount\":0,\"publisher\":{\"@id\":\"https:\/\/slams.fr\/blog\/#organization\"},\"image\":{\"@id\":\"https:\/\/slams.fr\/blog\/a-la-une\/les-evenements-slam-en-ligne-a-ne-pas-manquer-cette-annee\/#primaryimage\"},\"thumbnailUrl\":\"https:\/\/slams.fr\/blog\/wp-content\/uploads\/2025\/07\/sdxl-5e9afe06a64ce1c404d602458f96a3e6-scaled.png\",\"keywords\":[\"en ligne\",\"evenement\",\"Slam\"],\"articleSection\":[\"\u00c0 la une\"],\"inLanguage\":\"fr-FR\",\"potentialAction\":[{\"@type\":\"CommentAction\",\"name\":\"Comment\",\"target\":[\"https:\/\/slams.fr\/blog\/a-la-une\/les-evenements-slam-en-ligne-a-ne-pas-manquer-cette-annee\/#respond\"]}]},{\"@type\":\"WebPage\",\"@id\":\"https:\/\/slams.fr\/blog\/a-la-une\/les-evenements-slam-en-ligne-a-ne-pas-manquer-cette-annee\/\",\"url\":\"https:\/\/slams.fr\/blog\/a-la-une\/les-evenements-slam-en-ligne-a-ne-pas-manquer-cette-annee\/\",\"name\":\"Les \u00e9v\u00e9nements slam en ligne \u00e0 ne pas manquer cette ann\u00e9e\",\"isPartOf\":{\"@id\":\"https:\/\/slams.fr\/blog\/#website\"},\"primaryImageOfPage\":{\"@id\":\"https:\/\/slams.fr\/blog\/a-la-une\/les-evenements-slam-en-ligne-a-ne-pas-manquer-cette-annee\/#primaryimage\"},\"image\":{\"@id\":\"https:\/\/slams.fr\/blog\/a-la-une\/les-evenements-slam-en-ligne-a-ne-pas-manquer-cette-annee\/#primaryimage\"},\"thumbnailUrl\":\"https:\/\/slams.fr\/blog\/wp-content\/uploads\/2025\/07\/sdxl-5e9afe06a64ce1c404d602458f96a3e6-scaled.png\",\"datePublished\":\"2025-06-14T21:09:50+00:00\",\"description\":\"Les plus grands festivals de po\u00e9sie mondiaux embrassent r\u00e9solument le format num\u00e9rique, r\u00e9inventant la mani\u00e8re de r\u00e9unir publics et artistes.\",\"inLanguage\":\"fr-FR\",\"potentialAction\":[{\"@type\":\"ReadAction\",\"target\":[\"https:\/\/slams.fr\/blog\/a-la-une\/les-evenements-slam-en-ligne-a-ne-pas-manquer-cette-annee\/\"]}]},{\"@type\":\"ImageObject\",\"inLanguage\":\"fr-FR\",\"@id\":\"https:\/\/slams.fr\/blog\/a-la-une\/les-evenements-slam-en-ligne-a-ne-pas-manquer-cette-annee\/#primaryimage\",\"url\":\"https:\/\/slams.fr\/blog\/wp-content\/uploads\/2025\/07\/sdxl-5e9afe06a64ce1c404d602458f96a3e6-scaled.png\",\"contentUrl\":\"https:\/\/slams.fr\/blog\/wp-content\/uploads\/2025\/07\/sdxl-5e9afe06a64ce1c404d602458f96a3e6-scaled.png\",\"width\":1200,\"height\":500},{\"@type\":\"WebSite\",\"@id\":\"https:\/\/slams.fr\/blog\/#website\",\"url\":\"https:\/\/slams.fr\/blog\/\",\"name\":\"slams.fr\",\"description\":\"Slams, l&#039;\u00e9nergie des mots en action\",\"publisher\":{\"@id\":\"https:\/\/slams.fr\/blog\/#organization\"},\"alternateName\":\"Slams, l'\u00e9nergie des mots en action\",\"potentialAction\":[{\"@type\":\"SearchAction\",\"target\":{\"@type\":\"EntryPoint\",\"urlTemplate\":\"https:\/\/slams.fr\/blog\/?s={search_term_string}\"},\"query-input\":{\"@type\":\"PropertyValueSpecification\",\"valueRequired\":true,\"valueName\":\"search_term_string\"}}],\"inLanguage\":\"fr-FR\"},{\"@type\":\"Organization\",\"@id\":\"https:\/\/slams.fr\/blog\/#organization\",\"name\":\"Foretsensations.fr\",\"url\":\"https:\/\/slams.fr\/blog\/\",\"logo\":{\"@type\":\"ImageObject\",\"inLanguage\":\"fr-FR\",\"@id\":\"https:\/\/slams.fr\/blog\/#\/schema\/logo\/image\/\",\"url\":\"https:\/\/slams.fr\/blog\/wp-content\/uploads\/2026\/07\/logo-auto-1.png\",\"contentUrl\":\"https:\/\/slams.fr\/blog\/wp-content\/uploads\/2026\/07\/logo-auto-1.png\",\"width\":1024,\"height\":1024,\"caption\":\"Foretsensations.fr\"},\"image\":{\"@id\":\"https:\/\/slams.fr\/blog\/#\/schema\/logo\/image\/\"}},{\"@type\":\"Person\",\"@id\":\"https:\/\/slams.fr\/blog\/#\/schema\/person\/3c864cdc320801e3db34b663e7e3f816\",\"name\":\"Rapha\u00ebl D.\",\"image\":{\"@type\":\"ImageObject\",\"inLanguage\":\"fr-FR\",\"@id\":\"https:\/\/slams.fr\/blog\/#\/schema\/person\/image\/\",\"url\":\"https:\/\/slams.fr\/blog\/wp-content\/uploads\/2026\/06\/persona_raphael-d-96x96.jpg\",\"contentUrl\":\"https:\/\/slams.fr\/blog\/wp-content\/uploads\/2026\/06\/persona_raphael-d-96x96.jpg\",\"caption\":\"Rapha\u00ebl D.\"},\"description\":\"La culture est mon terrain de jeu depuis une dizaine d'ann\u00e9es : arts visuels, s\u00e9ries, cr\u00e9ation et tout ce qui nourrit l'imaginaire. J'\u00e9cris aussi bien sur l'actualit\u00e9 des \u0153uvres que sur les coulisses de la cr\u00e9ation, avec l'envie de relier l'amateur curieux \u00e0 des univers parfois jug\u00e9s intimidants. J'aime analyser une s\u00e9rie ou une d\u00e9marche artistique sans p\u00e9dantisme, replacer une \u0153uvre dans son contexte et donner des cl\u00e9s de lecture accessibles. Avant de publier, je v\u00e9rifie mes r\u00e9f\u00e9rences, je recoupe les sources et je distingue clairement le fait de mon interpr\u00e9tation subjective. Je crois qu'une critique vaut surtout par les arguments qu'elle expose, pas par la sentence qu'elle rend. Mon angle : transmettre l'envie de d\u00e9couvrir, de regarder autrement et de se forger son propre go\u00fbt. La culture n'appartient pas qu'aux initi\u00e9s, et c'est tout l'enjeu de mon \u00e9criture.\",\"url\":\"https:\/\/slams.fr\/blog\/auteur\/raphael-d\/\",\"jobTitle\":\"R\u00e9dacteur en chef \u00b7 Culture & Cr\u00e9ation\",\"knowsAbout\":[\"Culture\",\"Cr\u00e9ation\"],\"email\":\"raphael.d@a-l-asso-de-l-art.fr\"}]}<\/script>\n<!-- \/ Yoast SEO Premium plugin. -->","yoast_head_json":{"title":"Les \u00e9v\u00e9nements slam en ligne \u00e0 ne pas manquer cette ann\u00e9e","description":"Les plus grands festivals de po\u00e9sie mondiaux embrassent r\u00e9solument le format num\u00e9rique, r\u00e9inventant la mani\u00e8re de r\u00e9unir publics et artistes.","robots":{"index":"index","follow":"follow","max-snippet":"max-snippet:-1","max-image-preview":"max-image-preview:large","max-video-preview":"max-video-preview:-1"},"canonical":"https:\/\/slams.fr\/blog\/a-la-une\/les-evenements-slam-en-ligne-a-ne-pas-manquer-cette-annee\/","og_locale":"fr_FR","og_type":"article","og_title":"Les \u00e9v\u00e9nements slam en ligne \u00e0 ne pas manquer cette ann\u00e9e","og_description":"Les plus grands festivals de po\u00e9sie mondiaux embrassent r\u00e9solument le format num\u00e9rique, r\u00e9inventant la mani\u00e8re de r\u00e9unir publics et artistes.","og_url":"https:\/\/slams.fr\/blog\/a-la-une\/les-evenements-slam-en-ligne-a-ne-pas-manquer-cette-annee\/","og_site_name":"slams","og_image":[{"width":1200,"height":500,"url":"https:\/\/slams.fr\/blog\/wp-content\/uploads\/2025\/07\/sdxl-5e9afe06a64ce1c404d602458f96a3e6-scaled.png","type":"image\/png"}],"author":"Rapha\u00ebl D.","twitter_card":"summary_large_image","schema":{"@context":"https:\/\/schema.org","@graph":[{"@type":"NewsArticle","@id":"https:\/\/slams.fr\/blog\/a-la-une\/les-evenements-slam-en-ligne-a-ne-pas-manquer-cette-annee\/#article","isPartOf":{"@id":"https:\/\/slams.fr\/blog\/a-la-une\/les-evenements-slam-en-ligne-a-ne-pas-manquer-cette-annee\/"},"author":{"name":"Rapha\u00ebl D.","@id":"https:\/\/slams.fr\/blog\/#\/schema\/person\/3c864cdc320801e3db34b663e7e3f816"},"headline":"Les \u00e9v\u00e9nements slam en ligne \u00e0 ne pas manquer cette ann\u00e9e","datePublished":"2025-06-14T21:09:50+00:00","mainEntityOfPage":{"@id":"https:\/\/slams.fr\/blog\/a-la-une\/les-evenements-slam-en-ligne-a-ne-pas-manquer-cette-annee\/"},"wordCount":1436,"commentCount":0,"publisher":{"@id":"https:\/\/slams.fr\/blog\/#organization"},"image":{"@id":"https:\/\/slams.fr\/blog\/a-la-une\/les-evenements-slam-en-ligne-a-ne-pas-manquer-cette-annee\/#primaryimage"},"thumbnailUrl":"https:\/\/slams.fr\/blog\/wp-content\/uploads\/2025\/07\/sdxl-5e9afe06a64ce1c404d602458f96a3e6-scaled.png","keywords":["en ligne","evenement","Slam"],"articleSection":["\u00c0 la une"],"inLanguage":"fr-FR","potentialAction":[{"@type":"CommentAction","name":"Comment","target":["https:\/\/slams.fr\/blog\/a-la-une\/les-evenements-slam-en-ligne-a-ne-pas-manquer-cette-annee\/#respond"]}]},{"@type":"WebPage","@id":"https:\/\/slams.fr\/blog\/a-la-une\/les-evenements-slam-en-ligne-a-ne-pas-manquer-cette-annee\/","url":"https:\/\/slams.fr\/blog\/a-la-une\/les-evenements-slam-en-ligne-a-ne-pas-manquer-cette-annee\/","name":"Les \u00e9v\u00e9nements slam en ligne \u00e0 ne pas manquer cette ann\u00e9e","isPartOf":{"@id":"https:\/\/slams.fr\/blog\/#website"},"primaryImageOfPage":{"@id":"https:\/\/slams.fr\/blog\/a-la-une\/les-evenements-slam-en-ligne-a-ne-pas-manquer-cette-annee\/#primaryimage"},"image":{"@id":"https:\/\/slams.fr\/blog\/a-la-une\/les-evenements-slam-en-ligne-a-ne-pas-manquer-cette-annee\/#primaryimage"},"thumbnailUrl":"https:\/\/slams.fr\/blog\/wp-content\/uploads\/2025\/07\/sdxl-5e9afe06a64ce1c404d602458f96a3e6-scaled.png","datePublished":"2025-06-14T21:09:50+00:00","description":"Les plus grands festivals de po\u00e9sie mondiaux embrassent r\u00e9solument le format num\u00e9rique, r\u00e9inventant la mani\u00e8re de r\u00e9unir publics et artistes.","inLanguage":"fr-FR","potentialAction":[{"@type":"ReadAction","target":["https:\/\/slams.fr\/blog\/a-la-une\/les-evenements-slam-en-ligne-a-ne-pas-manquer-cette-annee\/"]}]},{"@type":"ImageObject","inLanguage":"fr-FR","@id":"https:\/\/slams.fr\/blog\/a-la-une\/les-evenements-slam-en-ligne-a-ne-pas-manquer-cette-annee\/#primaryimage","url":"https:\/\/slams.fr\/blog\/wp-content\/uploads\/2025\/07\/sdxl-5e9afe06a64ce1c404d602458f96a3e6-scaled.png","contentUrl":"https:\/\/slams.fr\/blog\/wp-content\/uploads\/2025\/07\/sdxl-5e9afe06a64ce1c404d602458f96a3e6-scaled.png","width":1200,"height":500},{"@type":"WebSite","@id":"https:\/\/slams.fr\/blog\/#website","url":"https:\/\/slams.fr\/blog\/","name":"slams.fr","description":"Slams, l&#039;\u00e9nergie des mots en action","publisher":{"@id":"https:\/\/slams.fr\/blog\/#organization"},"alternateName":"Slams, l'\u00e9nergie des mots en action","potentialAction":[{"@type":"SearchAction","target":{"@type":"EntryPoint","urlTemplate":"https:\/\/slams.fr\/blog\/?s={search_term_string}"},"query-input":{"@type":"PropertyValueSpecification","valueRequired":true,"valueName":"search_term_string"}}],"inLanguage":"fr-FR"},{"@type":"Organization","@id":"https:\/\/slams.fr\/blog\/#organization","name":"Foretsensations.fr","url":"https:\/\/slams.fr\/blog\/","logo":{"@type":"ImageObject","inLanguage":"fr-FR","@id":"https:\/\/slams.fr\/blog\/#\/schema\/logo\/image\/","url":"https:\/\/slams.fr\/blog\/wp-content\/uploads\/2026\/07\/logo-auto-1.png","contentUrl":"https:\/\/slams.fr\/blog\/wp-content\/uploads\/2026\/07\/logo-auto-1.png","width":1024,"height":1024,"caption":"Foretsensations.fr"},"image":{"@id":"https:\/\/slams.fr\/blog\/#\/schema\/logo\/image\/"}},{"@type":"Person","@id":"https:\/\/slams.fr\/blog\/#\/schema\/person\/3c864cdc320801e3db34b663e7e3f816","name":"Rapha\u00ebl D.","image":{"@type":"ImageObject","inLanguage":"fr-FR","@id":"https:\/\/slams.fr\/blog\/#\/schema\/person\/image\/","url":"https:\/\/slams.fr\/blog\/wp-content\/uploads\/2026\/06\/persona_raphael-d-96x96.jpg","contentUrl":"https:\/\/slams.fr\/blog\/wp-content\/uploads\/2026\/06\/persona_raphael-d-96x96.jpg","caption":"Rapha\u00ebl D."},"description":"La culture est mon terrain de jeu depuis une dizaine d'ann\u00e9es : arts visuels, s\u00e9ries, cr\u00e9ation et tout ce qui nourrit l'imaginaire. J'\u00e9cris aussi bien sur l'actualit\u00e9 des \u0153uvres que sur les coulisses de la cr\u00e9ation, avec l'envie de relier l'amateur curieux \u00e0 des univers parfois jug\u00e9s intimidants. J'aime analyser une s\u00e9rie ou une d\u00e9marche artistique sans p\u00e9dantisme, replacer une \u0153uvre dans son contexte et donner des cl\u00e9s de lecture accessibles. Avant de publier, je v\u00e9rifie mes r\u00e9f\u00e9rences, je recoupe les sources et je distingue clairement le fait de mon interpr\u00e9tation subjective. Je crois qu'une critique vaut surtout par les arguments qu'elle expose, pas par la sentence qu'elle rend. Mon angle : transmettre l'envie de d\u00e9couvrir, de regarder autrement et de se forger son propre go\u00fbt. La culture n'appartient pas qu'aux initi\u00e9s, et c'est tout l'enjeu de mon \u00e9criture.","url":"https:\/\/slams.fr\/blog\/auteur\/raphael-d\/","jobTitle":"R\u00e9dacteur en chef \u00b7 Culture & Cr\u00e9ation","knowsAbout":["Culture","Cr\u00e9ation"],"email":"raphael.d@a-l-asso-de-l-art.fr"}]}},"_links":{"self":[{"href":"https:\/\/slams.fr\/blog\/wp-json\/wp\/v2\/posts\/7558","targetHints":{"allow":["GET"]}}],"collection":[{"href":"https:\/\/slams.fr\/blog\/wp-json\/wp\/v2\/posts"}],"about":[{"href":"https:\/\/slams.fr\/blog\/wp-json\/wp\/v2\/types\/post"}],"author":[{"embeddable":true,"href":"https:\/\/slams.fr\/blog\/wp-json\/wp\/v2\/users\/34"}],"replies":[{"embeddable":true,"href":"https:\/\/slams.fr\/blog\/wp-json\/wp\/v2\/comments?post=7558"}],"version-history":[{"count":0,"href":"https:\/\/slams.fr\/blog\/wp-json\/wp\/v2\/posts\/7558\/revisions"}],"wp:featuredmedia":[{"embeddable":true,"href":"https:\/\/slams.fr\/blog\/wp-json\/wp\/v2\/media\/7561"}],"wp:attachment":[{"href":"https:\/\/slams.fr\/blog\/wp-json\/wp\/v2\/media?parent=7558"}],"wp:term":[{"taxonomy":"category","embeddable":true,"href":"https:\/\/slams.fr\/blog\/wp-json\/wp\/v2\/categories?post=7558"},{"taxonomy":"post_tag","embeddable":true,"href":"https:\/\/slams.fr\/blog\/wp-json\/wp\/v2\/tags?post=7558"}],"curies":[{"name":"wp","href":"https:\/\/api.w.org\/{rel}","templated":true}]}}