{"id":7655,"date":"2025-08-24T19:51:06","date_gmt":"2025-08-24T17:51:06","guid":{"rendered":"https:\/\/slams.fr\/blog\/?p=7655"},"modified":"2025-08-24T19:51:06","modified_gmt":"2025-08-24T17:51:06","slug":"formation-prise-de-parole-en-reunion-captiver-son-auditoire","status":"publish","type":"post","link":"https:\/\/slams.fr\/blog\/a-la-une\/formation-prise-de-parole-en-reunion-captiver-son-auditoire\/","title":{"rendered":"Formation prise de parole en r\u00e9union : captiver son auditoire"},"content":{"rendered":"<p>\u00c0 cet instant, l\u2019enjeu n\u2019est plus seulement d\u2019apporter une information : il s\u2019agit de <strong>captiver son auditoire<\/strong>, de gagner leur \u00e9coute, leur confiance et d\u2019<u>influencer le d\u00e9bat<\/u>. Cette situation sollicite la <strong>gestion du trac<\/strong>, la capacit\u00e9 \u00e0 <strong>structurer un discours<\/strong> pertinent et \u00e0 faire preuve d\u2019une <u>pr\u00e9sence affirm\u00e9e<\/u>. Pour beaucoup, ce passage suscite appr\u00e9hension et doute : vais-je r\u00e9ussir \u00e0 attirer l\u2019attention, \u00e0 convaincre, \u00e0 f\u00e9d\u00e9rer autour de mes id\u00e9es ? Une <strong>formation prise de parole en r\u00e9union<\/strong> s\u2019impose alors comme un levier d\u00e9cisif pour transformer ce d\u00e9fi en v\u00e9ritable opportunit\u00e9 de progression.<\/p>\n<h2>D\u00e9crypter les enjeux de la parole en collectif<\/h2>\n<p>La <strong>prise de parole en r\u00e9union<\/strong> n\u2019est plus une simple formalit\u00e9 : elle constitue un vecteur strat\u00e9gique pour l\u2019entreprise et un facteur cl\u00e9 d\u2019\u00e9volution professionnelle. La capacit\u00e9 \u00e0 <strong>captiver son auditoire<\/strong> favorise la cr\u00e9dibilit\u00e9, stimule la confiance en soi et renforce l\u2019<u>efficacit\u00e9 du groupe<\/u>. Les entreprises attendent de leurs collaborateurs qu\u2019ils ma\u00eetrisent les <strong>comp\u00e9tences en communication<\/strong>, qu\u2019ils sachent animer et f\u00e9d\u00e9rer en toute circonstance. Dans les situations \u00e0 enjeux (lancement de projet, management de crise, restitution d\u2019analyse), celui qui sait mobiliser l\u2019attention obtient plus d\u2019\u00e9coute, d\u2019impact et d\u2019influence. Une <strong>formation communication orale<\/strong> r\u00e9pond \u00e0 ces attentes : elle permet d\u2019acqu\u00e9rir les outils n\u00e9cessaires pour transformer chaque intervention en levier de succ\u00e8s collectif.<\/p>\n<ul>\n<li><strong>Cr\u00e9dibilit\u00e9<\/strong> renforc\u00e9e aupr\u00e8s des coll\u00e8gues et managers<\/li>\n<li><u>Meilleure efficacit\u00e9<\/u> dans la prise de d\u00e9cision<\/li>\n<li>Dynamisation des \u00e9quipes et r\u00e9duction des incompr\u00e9hensions<\/li>\n<li>Valorisation des id\u00e9es et des expertises individuelles<\/li>\n<\/ul>\n<p>En d\u00e9veloppant votre aptitude \u00e0 susciter l\u2019\u00e9coute, vous contribuez \u00e0 une <strong>animation de r\u00e9union<\/strong> plus interactive, g\u00e9n\u00e9ratrice de coh\u00e9sion et de performance.<\/p>\n<h2>Pr\u00e9parer ses interventions pour mieux convaincre<\/h2>\n<p>La r\u00e9ussite d\u2019une <strong>prise de parole en r\u00e9union<\/strong> d\u00e9bute bien avant l\u2019heure de l\u2019intervention. Il est essentiel d\u2019analyser pr\u00e9cis\u00e9ment le contexte : qui sont les participants ? Quels sont leurs int\u00e9r\u00eats ? Quelle dynamique anime le groupe ? La <u>d\u00e9finition des objectifs<\/u> clarifie votre intention : informer, convaincre, f\u00e9d\u00e9rer ou arbitrer. La s\u00e9lection des <strong>arguments principaux<\/strong> vient ensuite : ils doivent \u00eatre adapt\u00e9s au public et soutenus par des donn\u00e9es ou exemples concrets. Pour structurer ses id\u00e9es efficacement, il convient de <strong>collecter<\/strong> puis d\u2019<u>organiser l\u2019information<\/u>, en hi\u00e9rarchisant les points prioritaires. Cette phase de pr\u00e9paration augmente la confiance et r\u00e9duit les risques d\u2019oubli ou de digression.<\/p>\n<ul>\n<li>D\u00e9crypter les attentes et r\u00f4les de l\u2019auditoire<\/li>\n<li>Fixer un objectif clair et mesurable pour l\u2019intervention<\/li>\n<li>Recenser les faits cl\u00e9s, sc\u00e9narios et exemples pertinents<\/li>\n<li>R\u00e9p\u00e9ter son intervention en conditions proches du r\u00e9el<\/li>\n<\/ul>\n<p>L\u2019efficacit\u00e9 repose sur l\u2019anticipation des <strong>objections<\/strong> et des questions probables : la formulation de r\u00e9ponses adapt\u00e9es t\u00e9moigne de votre expertise et rassure sur votre ma\u00eetrise du sujet.<\/p>\n<h2>Structurer un discours pour faciliter la compr\u00e9hension<\/h2>\n<p>Un discours clair et impactant repose sur une <u>organisation m\u00e9thodique des id\u00e9es<\/u>. L\u2019usage d\u2019un <strong>plan en trois temps<\/strong> (introduction, d\u00e9veloppement, conclusion) offre un canevas efficace : introduction du probl\u00e8me ou du contexte, exposition des principaux arguments, et synth\u00e8se orient\u00e9e vers l\u2019action. Les <strong>transitions logiques<\/strong> et les phrases de relance maintiennent l\u2019attention et facilitent la m\u00e9morisation. Il s\u2019agit de limiter les digressions et d\u2019ins\u00e9rer des <u>pauses strat\u00e9giques<\/u> pour permettre \u00e0 l\u2019auditoire d\u2019assimiler l\u2019information.<\/p>\n<p>Quelques <strong>structures de discours<\/strong> \u00e9prouv\u00e9es :<\/p>\n<ul>\n<li><strong>Probl\u00e9matique\/Solution\/B\u00e9n\u00e9fice<\/strong><\/li>\n<li><strong>Pourquoi\/Comment\/Impact<\/strong><\/li>\n<li><strong>Question\/R\u00e9ponse\/Appel \u00e0 l\u2019action<\/strong><\/li>\n<\/ul>\n<p>Int\u00e9grer des <strong>id\u00e9es-cl\u00e9s<\/strong> et des <u>exemples concrets<\/u> dynamise la pr\u00e9sentation et favorise l\u2019adh\u00e9sion. Un fil conducteur solide rassure le public et valorise votre posture de communicant efficace.<\/p>\n<h2>Ma\u00eetriser le langage non verbal pour renforcer son impact<\/h2>\n<p>Le <strong>langage non verbal<\/strong> constitue une dimension strat\u00e9gique de la <u>pr\u00e9sentation efficace<\/u>. La posture, les gestes, le regard et l\u2019intonation transmettent autant d\u2019informations que les mots. Un regard franc, une posture ouverte et des gestes ma\u00eetris\u00e9s accroissent la confiance et l\u2019\u00e9nergie d\u00e9gag\u00e9e. Travailler sa voix (volume, d\u00e9bit, articulation) permet de soutenir l\u2019\u00e9coute et d\u2019\u00e9viter la monotonie. Les micro-tics et gestes r\u00e9p\u00e9titifs sont \u00e0 bannir : ils d\u00e9tournent l\u2019attention et \u00e9moussent la cr\u00e9dibilit\u00e9.<\/p>\n<ul>\n<li><strong>Regard<\/strong> : \u00e9tablir le contact visuel avec chaque membre<\/li>\n<li>Posture : adoptez une position stable et dynamique<\/li>\n<li>Gestes : privil\u00e9gier la sobri\u00e9t\u00e9 et la pertinence<\/li>\n<li>Respiration : pratiquer des exercices pour la gestion du stress<\/li>\n<li>Articulation : prononcer clairement chaque mot<\/li>\n<\/ul>\n<p>Le training devant miroir, la captation vid\u00e9o ou les ateliers peuvent acc\u00e9l\u00e9rer la progression : cela aide \u00e0 identifier les axes d\u2019am\u00e9lioration et \u00e0 projeter une image affirm\u00e9e et s\u00e9curisante, indispensable pour <strong>captiver son auditoire<\/strong>.<\/p>\n<h2>G\u00e9rer le stress et prendre confiance devant un groupe<\/h2>\n<p>La <strong>gestion du trac<\/strong> n\u2019est pas une faiblesse, mais une \u00e9tape commune et surmontable. Apprendre \u00e0 canaliser ses \u00e9motions, \u00e0 se recentrer via la respiration ou la visualisation, permet de retrouver le contr\u00f4le et de s\u2019ancrer dans l\u2019instant pr\u00e9sent. Les formations proposent souvent des <strong>exercices pratiques d\u2019\u00e9loquence<\/strong>, des mises en situation et des techniques de pr\u00e9paration mentale pour transformer l\u2019appr\u00e9hension en moteur d\u2019\u00e9nergie et de pr\u00e9sence.<\/p>\n<p>Quelques conseils pour <u>gagner rapidement en confiance<\/u> :<\/p>\n<ul>\n<li><strong>S\u2019entra\u00eener en petit groupe<\/strong> avant la r\u00e9union<\/li>\n<li>Utiliser des techniques de respiration (coh\u00e9rence cardiaque, souffle contr\u00f4l\u00e9)<\/li>\n<li>Pr\u00e9voir un mantra ou une phrase de relance pour garder le cap<\/li>\n<li>Accepter le stress et l\u2019utiliser pour dynamiser son discours<\/li>\n<\/ul>\n<p>Les ateliers interactifs aident \u00e0 prendre conscience de ses forces : chaque d\u00e9fi partag\u00e9 contribue \u00e0 l\u2019affirmation de soi et \u00e0 une confiance durable.<\/p>\n<h2>Animer et dynamiser les \u00e9changes lors des r\u00e9unions<\/h2>\n<p>Une <strong>prise de parole<\/strong> r\u00e9ussie ne se limite pas \u00e0 une transmission d\u2019information : il s\u2019agit de <u>susciter l\u2019interaction<\/u>, de cr\u00e9er du lien et d\u2019impliquer chacun des participants. L\u2019art de rebondir sur les interventions, de reformuler les points de vue, et d\u2019utiliser des techniques de relance (questionnement ouvert, sondages rapides, feedback instantan\u00e9) favorise la construction collective des d\u00e9cisions et la mont\u00e9e en \u00e9nergie du groupe. L\u2019<strong>\u00e9coute active<\/strong> est centrale : elle permet d\u2019ajuster son discours en temps r\u00e9el et de d\u00e9montrer un int\u00e9r\u00eat authentique pour les contributions de l\u2019auditoire.<\/p>\n<ul>\n<li>Stimuler la participation par des questions cibl\u00e9es<\/li>\n<li>Valoriser les r\u00e9actions par des reformulations constructives<\/li>\n<li>Dynamiser les \u00e9changes via des sc\u00e9narios ou micro-exercices<\/li>\n<li>Encourager les retours et les points de vue divergents<\/li>\n<\/ul>\n<p>La capacit\u00e9 \u00e0 g\u00e9rer les objections, \u00e0 canaliser les d\u00e9bats et \u00e0 orchestrer les temps forts marque votre aptitude \u00e0 l\u2019<strong>animation de r\u00e9union<\/strong> efficace.<\/p>\n<h2>S\u2019adapter \u00e0 son auditoire pour maximiser l\u2019adh\u00e9sion<\/h2>\n<p>L\u2019impact \u00e0 l\u2019oral repose sur une adaptation imm\u00e9diate : il importe d\u2019observer les signaux non verbaux (expressions, gestes, posture) et d\u2019\u00e9couter les commentaires ou silences. Adapter son langage (formel\/informel), ses exemples et son rythme d\u2019intervention \u00e0 la typologie du public (experts, novices, d\u00e9cideurs) maximise l\u2019adh\u00e9sion et permet de <u>d\u00e9passer les blocages<\/u>. Les techniques d\u2019improvisation, l\u2019emploi de m\u00e9taphores, ou les r\u00e9f\u00e9rences partag\u00e9es renforcent la connexion \u00e9motionnelle et intellectuelle.<\/p>\n<table border=\"1\" cellspacing=\"0\" cellpadding=\"8\">\n<tbody>\n<tr>\n<td><strong>Type d\u2019auditoire<\/strong><\/td>\n<td><strong>Attentes principales<\/strong><\/td>\n<td><strong>M\u00e9thodes recommand\u00e9es<\/strong><\/td>\n<\/tr>\n<tr>\n<td>Comit\u00e9 de direction<\/td>\n<td>D\u00e9cision, synth\u00e8se, cr\u00e9dibilit\u00e9<\/td>\n<td>Argumentation factuelle, timing pr\u00e9cis, posture affirm\u00e9e<\/td>\n<\/tr>\n<tr>\n<td>\u00c9quipe projet<\/td>\n<td>Participation, engagement, clart\u00e9<\/td>\n<td>Exemples concrets, \u00e9changes interactifs, \u00e9coute active<\/td>\n<\/tr>\n<tr>\n<td>Clients \/ partenaires<\/td>\n<td>Fiabilit\u00e9, r\u00e9ponse aux objections, accessibilit\u00e9<\/td>\n<td>Langage accessible, storytelling, relances personnalis\u00e9es<\/td>\n<\/tr>\n<\/tbody>\n<\/table>\n<p>La flexibilit\u00e9 et la capacit\u00e9 \u00e0 ajuster son discours en direct font toute la diff\u00e9rence entre une intervention ordinaire et une prestation marquante.<\/p>\n<h2>S\u2019entra\u00eener et progresser gr\u00e2ce \u00e0 des retours constructifs<\/h2>\n<p>Qu\u2019il s\u2019agisse de pr\u00e9senter un projet, de d\u00e9fendre une analyse ou de motiver son \u00e9quipe, l\u2019<strong>entrainement pratique<\/strong> est incontournable. Les <strong>exercices d\u2019\u00e9loquence<\/strong>, les mises en situation et les simulations enrichissent la prise de parole : ils permettent d\u2019ancrer les comportements efficaces et de rep\u00e9rer les axes d\u2019am\u00e9lioration. Le <u>feedback constructif<\/u>, dispens\u00e9 par un formateur ou les pairs, invite \u00e0 une progression continue : il cible la posture, l\u2019argumentation, le non-verbal et l\u2019impact global. Les <strong>ateliers interactifs<\/strong> (pr\u00e9sentiel, distanciel, groupes de pratique) offrent une approche personnalis\u00e9e, adapt\u00e9e au rythme et aux besoins de chacun.<\/p>\n<ul>\n<li>R\u00e9p\u00e9tition en conditions r\u00e9elles ou simul\u00e9es<\/li>\n<li>Auto\u00e9valuation et analyse vid\u00e9o de ses interventions<\/li>\n<li>Feedback cibl\u00e9 sur la voix, le regard, la posture, le contenu<\/li>\n<li>Groupes de pratique pour des retours crois\u00e9s et bienveillants<\/li>\n<\/ul>\n<p>Pour aller plus loin, d\u00e9couvrez comment une <a href=\"https:\/\/www.devop.pro\/formations\/efficacite-professionnelle\/\" target=\"_blank\" rel=\"noopener\">captiver son auditoire<\/a> gr\u00e2ce \u00e0 des programmes de formation structur\u00e9s : ils int\u00e8grent r\u00e9p\u00e9tition, retours personnalis\u00e9s et suivi, assurant une mont\u00e9e en comp\u00e9tence durable.<\/p>\n<h2>Comment choisir sa formation prise de parole en r\u00e9union ?<\/h2>\n<p>Choisir une <strong>formation prise de parole en r\u00e9union<\/strong> suppose de comparer plusieurs crit\u00e8res : le contenu du programme (module sur le non-verbal, gestion du stress, animation de r\u00e9union), la qualit\u00e9 des intervenants (formateurs certifi\u00e9s, exp\u00e9rience terrain), la dur\u00e9e (stage court, parcours long), les formats p\u00e9dagogiques (<strong>ateliers interactifs<\/strong>, coaching, e-learning), et le suivi post-formation (accompagnement, groupes de pratique). N\u2019h\u00e9sitez pas \u00e0 consulter des t\u00e9moignages d\u2019anciens stagiaires et \u00e0 privil\u00e9gier les dispositifs proposant des sc\u00e9narios vari\u00e9s et des \u00e9valuations r\u00e9guli\u00e8res.<\/p>\n<ul>\n<li>Analyse du programme : ciblage des comp\u00e9tences cl\u00e9s<\/li>\n<li>Modalit\u00e9s : pr\u00e9sentiel, distanciel, coaching individuel<\/li>\n<li>Suivi et accompagnement post-formation<\/li>\n<li>Outils concrets : guides, supports vid\u00e9o, exercices progressifs<\/li>\n<\/ul>\n<p>La r\u00e9ussite d\u2019une formation tient \u00e0 son op\u00e9rationnalit\u00e9 et \u00e0 sa capacit\u00e9 \u00e0 g\u00e9n\u00e9rer un v\u00e9ritable <strong>retour sur investissement<\/strong> pour le participant.<\/p>\n<h2>Quels b\u00e9n\u00e9fices pour le professionnel ?<\/h2>\n<p>Les apports d\u2019une <strong>formation communication orale<\/strong> s\u2019observent rapidement : prise de parole plus assur\u00e9e, interventions mieux structur\u00e9es, gestion du trac ma\u00eetris\u00e9e. Les stagiaires t\u00e9moignent d\u2019un gain de temps dans l\u2019organisation des r\u00e9unions, d\u2019une augmentation significative de leur influence et d\u2019une am\u00e9lioration de la coh\u00e9sion d\u2019\u00e9quipe. L\u2019impact est tangible : progression individuelle, valorisation des acquis et reconnaissance par la hi\u00e9rarchie. \u00c0 titre d\u2019exemple, un collaborateur ayant suivi la formation passe d\u2019une posture h\u00e9sitante \u00e0 une intervention dynamique et f\u00e9d\u00e9ratrice, capable de mener l\u2019\u00e9quipe vers les objectifs fix\u00e9s.<\/p>\n<p>Les b\u00e9n\u00e9fices majeurs \u00e0 retenir :<\/p>\n<ul>\n<li>Confiance renforc\u00e9e dans les situations \u00e0 enjeux<\/li>\n<li>Interventions structur\u00e9es et claires<\/li>\n<li>Capacit\u00e9 \u00e0 g\u00e9rer les objections et les inattendus<\/li>\n<li>Valorisation professionnelle et ouverture \u00e0 de nouvelles responsabilit\u00e9s<\/li>\n<\/ul>\n<p>Ce parcours de <u>d\u00e9veloppement personnel<\/u> constitue un v\u00e9ritable levier de performance, tant individuel que collectif.<\/p>\n<h2>Foire aux questions (FAQ)<\/h2>\n<p><strong>\u00c0 qui s\u2019adresse cette formation ?<\/strong><br \/>\n\u00c0 tous les profils : d\u00e9butants ou initi\u00e9s, managers ou contributeurs, d\u00e9sireux de progresser dans leur communication orale.<\/p>\n<p><strong>Quels sont les modalit\u00e9s pratiques ?<\/strong><br \/>\nFormations en pr\u00e9sentiel, distanciel ou blended, modules courts ou longs, accompagnement personnalis\u00e9 selon les besoins. Ateliers pratiques et mises en situation inclus.<\/p>\n<p><strong>Comment financer sa formation ?<\/strong><br \/>\nComptez sur le CPF, les dispositifs de formation continue, ou le plan de d\u00e9veloppement des comp\u00e9tences de votre entreprise.<\/p>\n<p><strong>Est-il possible de s\u2019inscrire en groupe ?<\/strong><br \/>\nOui, de nombreux organismes proposent des formules modulables pour \u00e9quipes, id\u00e9al pour favoriser une synergie collective autour des objectifs de prise de parole.<\/p>\n<p><strong>Combien de temps dure la formation ?<\/strong><br \/>\nDe quelques heures \u00e0 plusieurs jours, selon l\u2019intensit\u00e9 souhait\u00e9e et le niveau de d\u00e9part.<\/p>\n<h2>Conclusion et appel \u00e0 l\u2019action : passer de la th\u00e9orie \u00e0 la pratique<\/h2>\n<p>Ma\u00eetriser la <strong>prise de parole en r\u00e9union<\/strong> et savoir <strong>captiver son auditoire<\/strong> ne s\u2019improvise pas : il s\u2019agit d\u2019une comp\u00e9tence strat\u00e9gique, accessible \u00e0 chacun par l\u2019entra\u00eenement et l\u2019accompagnement adapt\u00e9. Loin de se limiter \u00e0 la dimension th\u00e9orique, la <strong>formation<\/strong> propose des outils concrets, des ateliers d\u2019\u00e9loquence et des sc\u00e9narios personnalis\u00e9s pour relever tous les d\u00e9fis du collectif de demain. Pour franchir le pas, <u>d\u00e9couvrez le programme<\/u>, osez l\u2019inscription et b\u00e9n\u00e9ficiez d\u2019un accompagnement op\u00e9rationnel pour r\u00e9ussir vos futures interventions : contactez un conseiller, et transformez votre prochaine r\u00e9union en opportunit\u00e9 de progression professionnelle.<\/p>\n","protected":false},"excerpt":{"rendered":"","protected":false},"author":34,"featured_media":7657,"comment_status":"open","ping_status":"open","sticky":false,"template":"","format":"standard","meta":{"_acf_changed":false,"manual_indexmenow":false,"indexmenow_id_project":0,"footnotes":""},"categories":[1],"tags":[],"class_list":["post-7655","post","type-post","status-publish","format-standard","has-post-thumbnail","hentry","category-a-la-une","generate-columns","tablet-grid-50","mobile-grid-100","grid-parent","grid-25"],"acf":[],"yoast_head":"<!-- This site is optimized with the Yoast SEO Premium plugin v21.3 (Yoast SEO v26.5) - https:\/\/yoast.com\/wordpress\/plugins\/seo\/ -->\n<title>Prise de parole en r\u00e9union : captiver son auditoire<\/title>\n<meta name=\"description\" content=\"\u00c0 cet instant, l\u2019enjeu n\u2019est plus seulement d\u2019apporter une information : il s\u2019agit de captiver son auditoire, de gagner leur \u00e9coute, leur confiance\" \/>\n<meta name=\"robots\" content=\"index, follow, max-snippet:-1, max-image-preview:large, max-video-preview:-1\" \/>\n<link rel=\"canonical\" href=\"https:\/\/slams.fr\/blog\/a-la-une\/formation-prise-de-parole-en-reunion-captiver-son-auditoire\/\" \/>\n<meta property=\"og:locale\" content=\"fr_FR\" \/>\n<meta property=\"og:type\" content=\"article\" \/>\n<meta property=\"og:title\" content=\"Prise de parole en r\u00e9union : captiver son auditoire\" \/>\n<meta property=\"og:description\" content=\"\u00c0 cet instant, l\u2019enjeu n\u2019est plus seulement d\u2019apporter une information : il s\u2019agit de captiver son auditoire, de gagner leur \u00e9coute, leur confiance\" \/>\n<meta property=\"og:url\" content=\"https:\/\/slams.fr\/blog\/a-la-une\/formation-prise-de-parole-en-reunion-captiver-son-auditoire\/\" \/>\n<meta property=\"og:site_name\" content=\"slams\" \/>\n<meta property=\"og:image\" content=\"https:\/\/slams.fr\/blog\/wp-content\/uploads\/2025\/08\/sdxl-e501a7256989355bbb9364577c4cd275-scaled.png\" \/>\n\t<meta property=\"og:image:width\" content=\"1200\" \/>\n\t<meta property=\"og:image:height\" content=\"500\" \/>\n\t<meta property=\"og:image:type\" content=\"image\/png\" \/>\n<meta name=\"author\" content=\"Rapha\u00ebl D.\" \/>\n<meta name=\"twitter:card\" content=\"summary_large_image\" \/>\n<script type=\"application\/ld+json\" class=\"yoast-schema-graph\">{\"@context\":\"https:\/\/schema.org\",\"@graph\":[{\"@type\":\"NewsArticle\",\"@id\":\"https:\/\/slams.fr\/blog\/a-la-une\/formation-prise-de-parole-en-reunion-captiver-son-auditoire\/#article\",\"isPartOf\":{\"@id\":\"https:\/\/slams.fr\/blog\/a-la-une\/formation-prise-de-parole-en-reunion-captiver-son-auditoire\/\"},\"author\":{\"name\":\"Rapha\u00ebl D.\",\"@id\":\"https:\/\/slams.fr\/blog\/#\/schema\/person\/3c864cdc320801e3db34b663e7e3f816\"},\"headline\":\"Formation prise de parole en r\u00e9union : captiver son auditoire\",\"datePublished\":\"2025-08-24T17:51:06+00:00\",\"mainEntityOfPage\":{\"@id\":\"https:\/\/slams.fr\/blog\/a-la-une\/formation-prise-de-parole-en-reunion-captiver-son-auditoire\/\"},\"wordCount\":2102,\"commentCount\":0,\"publisher\":{\"@id\":\"https:\/\/slams.fr\/blog\/#organization\"},\"image\":{\"@id\":\"https:\/\/slams.fr\/blog\/a-la-une\/formation-prise-de-parole-en-reunion-captiver-son-auditoire\/#primaryimage\"},\"thumbnailUrl\":\"https:\/\/slams.fr\/blog\/wp-content\/uploads\/2025\/08\/sdxl-e501a7256989355bbb9364577c4cd275-scaled.png\",\"articleSection\":[\"\u00c0 la une\"],\"inLanguage\":\"fr-FR\",\"potentialAction\":[{\"@type\":\"CommentAction\",\"name\":\"Comment\",\"target\":[\"https:\/\/slams.fr\/blog\/a-la-une\/formation-prise-de-parole-en-reunion-captiver-son-auditoire\/#respond\"]}]},{\"@type\":\"WebPage\",\"@id\":\"https:\/\/slams.fr\/blog\/a-la-une\/formation-prise-de-parole-en-reunion-captiver-son-auditoire\/\",\"url\":\"https:\/\/slams.fr\/blog\/a-la-une\/formation-prise-de-parole-en-reunion-captiver-son-auditoire\/\",\"name\":\"Prise de parole en r\u00e9union : captiver son auditoire\",\"isPartOf\":{\"@id\":\"https:\/\/slams.fr\/blog\/#website\"},\"primaryImageOfPage\":{\"@id\":\"https:\/\/slams.fr\/blog\/a-la-une\/formation-prise-de-parole-en-reunion-captiver-son-auditoire\/#primaryimage\"},\"image\":{\"@id\":\"https:\/\/slams.fr\/blog\/a-la-une\/formation-prise-de-parole-en-reunion-captiver-son-auditoire\/#primaryimage\"},\"thumbnailUrl\":\"https:\/\/slams.fr\/blog\/wp-content\/uploads\/2025\/08\/sdxl-e501a7256989355bbb9364577c4cd275-scaled.png\",\"datePublished\":\"2025-08-24T17:51:06+00:00\",\"description\":\"\u00c0 cet instant, l\u2019enjeu n\u2019est plus seulement d\u2019apporter une information : il s\u2019agit de captiver son auditoire, de gagner leur \u00e9coute, leur confiance\",\"inLanguage\":\"fr-FR\",\"potentialAction\":[{\"@type\":\"ReadAction\",\"target\":[\"https:\/\/slams.fr\/blog\/a-la-une\/formation-prise-de-parole-en-reunion-captiver-son-auditoire\/\"]}]},{\"@type\":\"ImageObject\",\"inLanguage\":\"fr-FR\",\"@id\":\"https:\/\/slams.fr\/blog\/a-la-une\/formation-prise-de-parole-en-reunion-captiver-son-auditoire\/#primaryimage\",\"url\":\"https:\/\/slams.fr\/blog\/wp-content\/uploads\/2025\/08\/sdxl-e501a7256989355bbb9364577c4cd275-scaled.png\",\"contentUrl\":\"https:\/\/slams.fr\/blog\/wp-content\/uploads\/2025\/08\/sdxl-e501a7256989355bbb9364577c4cd275-scaled.png\",\"width\":1200,\"height\":500},{\"@type\":\"WebSite\",\"@id\":\"https:\/\/slams.fr\/blog\/#website\",\"url\":\"https:\/\/slams.fr\/blog\/\",\"name\":\"slams.fr\",\"description\":\"Slams, l&#039;\u00e9nergie des mots en action\",\"publisher\":{\"@id\":\"https:\/\/slams.fr\/blog\/#organization\"},\"alternateName\":\"Slams, l'\u00e9nergie des mots en action\",\"potentialAction\":[{\"@type\":\"SearchAction\",\"target\":{\"@type\":\"EntryPoint\",\"urlTemplate\":\"https:\/\/slams.fr\/blog\/?s={search_term_string}\"},\"query-input\":{\"@type\":\"PropertyValueSpecification\",\"valueRequired\":true,\"valueName\":\"search_term_string\"}}],\"inLanguage\":\"fr-FR\"},{\"@type\":\"Organization\",\"@id\":\"https:\/\/slams.fr\/blog\/#organization\",\"name\":\"Foretsensations.fr\",\"url\":\"https:\/\/slams.fr\/blog\/\",\"logo\":{\"@type\":\"ImageObject\",\"inLanguage\":\"fr-FR\",\"@id\":\"https:\/\/slams.fr\/blog\/#\/schema\/logo\/image\/\",\"url\":\"https:\/\/slams.fr\/blog\/wp-content\/uploads\/2026\/07\/logo-auto-1.png\",\"contentUrl\":\"https:\/\/slams.fr\/blog\/wp-content\/uploads\/2026\/07\/logo-auto-1.png\",\"width\":1024,\"height\":1024,\"caption\":\"Foretsensations.fr\"},\"image\":{\"@id\":\"https:\/\/slams.fr\/blog\/#\/schema\/logo\/image\/\"}},{\"@type\":\"Person\",\"@id\":\"https:\/\/slams.fr\/blog\/#\/schema\/person\/3c864cdc320801e3db34b663e7e3f816\",\"name\":\"Rapha\u00ebl D.\",\"image\":{\"@type\":\"ImageObject\",\"inLanguage\":\"fr-FR\",\"@id\":\"https:\/\/slams.fr\/blog\/#\/schema\/person\/image\/\",\"url\":\"https:\/\/slams.fr\/blog\/wp-content\/uploads\/2026\/06\/persona_raphael-d-96x96.jpg\",\"contentUrl\":\"https:\/\/slams.fr\/blog\/wp-content\/uploads\/2026\/06\/persona_raphael-d-96x96.jpg\",\"caption\":\"Rapha\u00ebl D.\"},\"description\":\"La culture est mon terrain de jeu depuis une dizaine d'ann\u00e9es : arts visuels, s\u00e9ries, cr\u00e9ation et tout ce qui nourrit l'imaginaire. J'\u00e9cris aussi bien sur l'actualit\u00e9 des \u0153uvres que sur les coulisses de la cr\u00e9ation, avec l'envie de relier l'amateur curieux \u00e0 des univers parfois jug\u00e9s intimidants. J'aime analyser une s\u00e9rie ou une d\u00e9marche artistique sans p\u00e9dantisme, replacer une \u0153uvre dans son contexte et donner des cl\u00e9s de lecture accessibles. Avant de publier, je v\u00e9rifie mes r\u00e9f\u00e9rences, je recoupe les sources et je distingue clairement le fait de mon interpr\u00e9tation subjective. Je crois qu'une critique vaut surtout par les arguments qu'elle expose, pas par la sentence qu'elle rend. Mon angle : transmettre l'envie de d\u00e9couvrir, de regarder autrement et de se forger son propre go\u00fbt. La culture n'appartient pas qu'aux initi\u00e9s, et c'est tout l'enjeu de mon \u00e9criture.\",\"url\":\"https:\/\/slams.fr\/blog\/auteur\/raphael-d\/\",\"jobTitle\":\"R\u00e9dacteur en chef \u00b7 Culture & Cr\u00e9ation\",\"knowsAbout\":[\"Culture\",\"Cr\u00e9ation\"],\"email\":\"raphael.d@a-l-asso-de-l-art.fr\"}]}<\/script>\n<!-- \/ Yoast SEO Premium plugin. -->","yoast_head_json":{"title":"Prise de parole en r\u00e9union : captiver son auditoire","description":"\u00c0 cet instant, l\u2019enjeu n\u2019est plus seulement d\u2019apporter une information : il s\u2019agit de captiver son auditoire, de gagner leur \u00e9coute, leur confiance","robots":{"index":"index","follow":"follow","max-snippet":"max-snippet:-1","max-image-preview":"max-image-preview:large","max-video-preview":"max-video-preview:-1"},"canonical":"https:\/\/slams.fr\/blog\/a-la-une\/formation-prise-de-parole-en-reunion-captiver-son-auditoire\/","og_locale":"fr_FR","og_type":"article","og_title":"Prise de parole en r\u00e9union : captiver son auditoire","og_description":"\u00c0 cet instant, l\u2019enjeu n\u2019est plus seulement d\u2019apporter une information : il s\u2019agit de captiver son auditoire, de gagner leur \u00e9coute, leur confiance","og_url":"https:\/\/slams.fr\/blog\/a-la-une\/formation-prise-de-parole-en-reunion-captiver-son-auditoire\/","og_site_name":"slams","og_image":[{"width":1200,"height":500,"url":"https:\/\/slams.fr\/blog\/wp-content\/uploads\/2025\/08\/sdxl-e501a7256989355bbb9364577c4cd275-scaled.png","type":"image\/png"}],"author":"Rapha\u00ebl D.","twitter_card":"summary_large_image","schema":{"@context":"https:\/\/schema.org","@graph":[{"@type":"NewsArticle","@id":"https:\/\/slams.fr\/blog\/a-la-une\/formation-prise-de-parole-en-reunion-captiver-son-auditoire\/#article","isPartOf":{"@id":"https:\/\/slams.fr\/blog\/a-la-une\/formation-prise-de-parole-en-reunion-captiver-son-auditoire\/"},"author":{"name":"Rapha\u00ebl D.","@id":"https:\/\/slams.fr\/blog\/#\/schema\/person\/3c864cdc320801e3db34b663e7e3f816"},"headline":"Formation prise de parole en r\u00e9union : captiver son auditoire","datePublished":"2025-08-24T17:51:06+00:00","mainEntityOfPage":{"@id":"https:\/\/slams.fr\/blog\/a-la-une\/formation-prise-de-parole-en-reunion-captiver-son-auditoire\/"},"wordCount":2102,"commentCount":0,"publisher":{"@id":"https:\/\/slams.fr\/blog\/#organization"},"image":{"@id":"https:\/\/slams.fr\/blog\/a-la-une\/formation-prise-de-parole-en-reunion-captiver-son-auditoire\/#primaryimage"},"thumbnailUrl":"https:\/\/slams.fr\/blog\/wp-content\/uploads\/2025\/08\/sdxl-e501a7256989355bbb9364577c4cd275-scaled.png","articleSection":["\u00c0 la une"],"inLanguage":"fr-FR","potentialAction":[{"@type":"CommentAction","name":"Comment","target":["https:\/\/slams.fr\/blog\/a-la-une\/formation-prise-de-parole-en-reunion-captiver-son-auditoire\/#respond"]}]},{"@type":"WebPage","@id":"https:\/\/slams.fr\/blog\/a-la-une\/formation-prise-de-parole-en-reunion-captiver-son-auditoire\/","url":"https:\/\/slams.fr\/blog\/a-la-une\/formation-prise-de-parole-en-reunion-captiver-son-auditoire\/","name":"Prise de parole en r\u00e9union : captiver son auditoire","isPartOf":{"@id":"https:\/\/slams.fr\/blog\/#website"},"primaryImageOfPage":{"@id":"https:\/\/slams.fr\/blog\/a-la-une\/formation-prise-de-parole-en-reunion-captiver-son-auditoire\/#primaryimage"},"image":{"@id":"https:\/\/slams.fr\/blog\/a-la-une\/formation-prise-de-parole-en-reunion-captiver-son-auditoire\/#primaryimage"},"thumbnailUrl":"https:\/\/slams.fr\/blog\/wp-content\/uploads\/2025\/08\/sdxl-e501a7256989355bbb9364577c4cd275-scaled.png","datePublished":"2025-08-24T17:51:06+00:00","description":"\u00c0 cet instant, l\u2019enjeu n\u2019est plus seulement d\u2019apporter une information : il s\u2019agit de captiver son auditoire, de gagner leur \u00e9coute, leur confiance","inLanguage":"fr-FR","potentialAction":[{"@type":"ReadAction","target":["https:\/\/slams.fr\/blog\/a-la-une\/formation-prise-de-parole-en-reunion-captiver-son-auditoire\/"]}]},{"@type":"ImageObject","inLanguage":"fr-FR","@id":"https:\/\/slams.fr\/blog\/a-la-une\/formation-prise-de-parole-en-reunion-captiver-son-auditoire\/#primaryimage","url":"https:\/\/slams.fr\/blog\/wp-content\/uploads\/2025\/08\/sdxl-e501a7256989355bbb9364577c4cd275-scaled.png","contentUrl":"https:\/\/slams.fr\/blog\/wp-content\/uploads\/2025\/08\/sdxl-e501a7256989355bbb9364577c4cd275-scaled.png","width":1200,"height":500},{"@type":"WebSite","@id":"https:\/\/slams.fr\/blog\/#website","url":"https:\/\/slams.fr\/blog\/","name":"slams.fr","description":"Slams, l&#039;\u00e9nergie des mots en action","publisher":{"@id":"https:\/\/slams.fr\/blog\/#organization"},"alternateName":"Slams, l'\u00e9nergie des mots en action","potentialAction":[{"@type":"SearchAction","target":{"@type":"EntryPoint","urlTemplate":"https:\/\/slams.fr\/blog\/?s={search_term_string}"},"query-input":{"@type":"PropertyValueSpecification","valueRequired":true,"valueName":"search_term_string"}}],"inLanguage":"fr-FR"},{"@type":"Organization","@id":"https:\/\/slams.fr\/blog\/#organization","name":"Foretsensations.fr","url":"https:\/\/slams.fr\/blog\/","logo":{"@type":"ImageObject","inLanguage":"fr-FR","@id":"https:\/\/slams.fr\/blog\/#\/schema\/logo\/image\/","url":"https:\/\/slams.fr\/blog\/wp-content\/uploads\/2026\/07\/logo-auto-1.png","contentUrl":"https:\/\/slams.fr\/blog\/wp-content\/uploads\/2026\/07\/logo-auto-1.png","width":1024,"height":1024,"caption":"Foretsensations.fr"},"image":{"@id":"https:\/\/slams.fr\/blog\/#\/schema\/logo\/image\/"}},{"@type":"Person","@id":"https:\/\/slams.fr\/blog\/#\/schema\/person\/3c864cdc320801e3db34b663e7e3f816","name":"Rapha\u00ebl D.","image":{"@type":"ImageObject","inLanguage":"fr-FR","@id":"https:\/\/slams.fr\/blog\/#\/schema\/person\/image\/","url":"https:\/\/slams.fr\/blog\/wp-content\/uploads\/2026\/06\/persona_raphael-d-96x96.jpg","contentUrl":"https:\/\/slams.fr\/blog\/wp-content\/uploads\/2026\/06\/persona_raphael-d-96x96.jpg","caption":"Rapha\u00ebl D."},"description":"La culture est mon terrain de jeu depuis une dizaine d'ann\u00e9es : arts visuels, s\u00e9ries, cr\u00e9ation et tout ce qui nourrit l'imaginaire. J'\u00e9cris aussi bien sur l'actualit\u00e9 des \u0153uvres que sur les coulisses de la cr\u00e9ation, avec l'envie de relier l'amateur curieux \u00e0 des univers parfois jug\u00e9s intimidants. J'aime analyser une s\u00e9rie ou une d\u00e9marche artistique sans p\u00e9dantisme, replacer une \u0153uvre dans son contexte et donner des cl\u00e9s de lecture accessibles. Avant de publier, je v\u00e9rifie mes r\u00e9f\u00e9rences, je recoupe les sources et je distingue clairement le fait de mon interpr\u00e9tation subjective. Je crois qu'une critique vaut surtout par les arguments qu'elle expose, pas par la sentence qu'elle rend. Mon angle : transmettre l'envie de d\u00e9couvrir, de regarder autrement et de se forger son propre go\u00fbt. La culture n'appartient pas qu'aux initi\u00e9s, et c'est tout l'enjeu de mon \u00e9criture.","url":"https:\/\/slams.fr\/blog\/auteur\/raphael-d\/","jobTitle":"R\u00e9dacteur en chef \u00b7 Culture & Cr\u00e9ation","knowsAbout":["Culture","Cr\u00e9ation"],"email":"raphael.d@a-l-asso-de-l-art.fr"}]}},"_links":{"self":[{"href":"https:\/\/slams.fr\/blog\/wp-json\/wp\/v2\/posts\/7655","targetHints":{"allow":["GET"]}}],"collection":[{"href":"https:\/\/slams.fr\/blog\/wp-json\/wp\/v2\/posts"}],"about":[{"href":"https:\/\/slams.fr\/blog\/wp-json\/wp\/v2\/types\/post"}],"author":[{"embeddable":true,"href":"https:\/\/slams.fr\/blog\/wp-json\/wp\/v2\/users\/34"}],"replies":[{"embeddable":true,"href":"https:\/\/slams.fr\/blog\/wp-json\/wp\/v2\/comments?post=7655"}],"version-history":[{"count":1,"href":"https:\/\/slams.fr\/blog\/wp-json\/wp\/v2\/posts\/7655\/revisions"}],"predecessor-version":[{"id":7656,"href":"https:\/\/slams.fr\/blog\/wp-json\/wp\/v2\/posts\/7655\/revisions\/7656"}],"wp:featuredmedia":[{"embeddable":true,"href":"https:\/\/slams.fr\/blog\/wp-json\/wp\/v2\/media\/7657"}],"wp:attachment":[{"href":"https:\/\/slams.fr\/blog\/wp-json\/wp\/v2\/media?parent=7655"}],"wp:term":[{"taxonomy":"category","embeddable":true,"href":"https:\/\/slams.fr\/blog\/wp-json\/wp\/v2\/categories?post=7655"},{"taxonomy":"post_tag","embeddable":true,"href":"https:\/\/slams.fr\/blog\/wp-json\/wp\/v2\/tags?post=7655"}],"curies":[{"name":"wp","href":"https:\/\/api.w.org\/{rel}","templated":true}]}}