{"id":7662,"date":"2025-12-18T09:30:00","date_gmt":"2025-12-18T08:30:00","guid":{"rendered":"https:\/\/slams.fr\/blog\/?p=7662"},"modified":"2025-12-18T09:30:00","modified_gmt":"2025-12-18T08:30:00","slug":"slam-sur-lamitie-comment-cette-forme-poetique-revele-nos-liens-humains","status":"publish","type":"post","link":"https:\/\/slams.fr\/blog\/communaute-et-interviews\/slam-sur-lamitie-comment-cette-forme-poetique-revele-nos-liens-humains\/","title":{"rendered":"Slam sur l&rsquo;amiti\u00e9 : comment cette forme po\u00e9tique r\u00e9v\u00e8le nos liens humains"},"content":{"rendered":"<div style=\"background: linear-gradient(135deg, #f5f7fa 0%, #e9ecef 100%);border-left: 4px solid #0073aa;padding: 15px 20px;margin: 0 0 25px 0;border-radius: 0 8px 8px 0\">\n<p style=\"margin: 0;font-size: 14px;color: #0073aa;font-weight: 600;text-transform: uppercase;letter-spacing: 1px;margin-bottom: 10px\">\ud83d\udccb En bref<\/p>\n<ul style=\"margin: 0;padding-left: 20px;list-style-type: none\">\n<li style=\"margin: 5px 0;color: #333;font-size: 15px;line-height: 1.5;position: relative;padding-left: 15px\"><span style=\"position: absolute;left: 0;color: #0073aa\">\u25b8<\/span> Le slam, n\u00e9 \u00e0 Chicago, d\u00e9mocratise la po\u00e9sie en mettant l&#039;accent sur l&#039;amiti\u00e9 et les liens humains. Des performances c\u00e9l\u00e8brent la loyaut\u00e9 et la vuln\u00e9rabilit\u00e9, transformant la sc\u00e8ne en espace de connexion. Les th\u00e8mes r\u00e9currents incluent soutien, trahison et m\u00e9taphores puissantes sur l&#039;amiti\u00e9.<\/li>\n<\/ul>\n<\/div>\n<h1>Plan d\u2019article d\u00e9taill\u00e9 \u2013 Slam sur l\u2019Amiti\u00e9 : Un Voyage \u00c9motionnel au C\u0153ur des Liens Humains<\/h1>\n<h2>Introduction : Quand le Slam Met l\u2019Amiti\u00e9 au C\u0153ur des Mots<\/h2>\n<p>Le <strong>slam<\/strong>, n\u00e9 \u00e0 <strong>Chicago<\/strong> dans les ann\u00e9es 1980 gr\u00e2ce \u00e0 <strong>Marc Smith<\/strong>, transforme la po\u00e9sie en performance orale accessible, d\u00e9clam\u00e9e dans des bars ou th\u00e9\u00e2tres sans artifice musical dominant. Nous voyons en lui un outil qui d\u00e9mocratise l\u2019expression, reliant l\u2019<strong>\u00e9crit<\/strong> \u00e0 la voix brute pour toucher l\u2019<strong>\u00e2me<\/strong>. L\u2019<strong>amiti\u00e9<\/strong> y occupe une place centrale, car elle \u00e9voque confidences et soutiens, loin des th\u00e8mes militants habituels comme l\u2019injustice ou l\u2019identit\u00e9.<\/p>\n<p>Nous vous promettons un parcours complet : des analyses de textes marquants aux conseils pour composer votre propre <strong>slam sur l\u2019amiti\u00e9<\/strong>. Vous d\u00e9couvrirez comment ces performances, comme celles lors du <strong>Festival Slam de Paris<\/strong> en 2023, o\u00f9 plus de <u>500 artistes<\/u> se sont produits, c\u00e9l\u00e8brent les liens vrais. Pr\u00eats \u00e0 plonger dans cet univers o\u00f9 les mots <strong>rassurent<\/strong> et unissent ?<\/p>\n<ul>\n<li><strong>Origines chicagoannes<\/strong> : <strong>Marc Smith<\/strong> lance les premiers slams au <strong>Get Me High Lounge<\/strong> en 1984.<\/li>\n<li><strong>Diffusion en France<\/strong> : Depuis 1998 avec <strong>Grand Corps Malade<\/strong>, alias <strong>Fabien Marsaud<\/strong>, slameur parisien.<\/li>\n<li><strong>Th\u00e8me amiti\u00e9<\/strong> : Repr\u00e9sente <u>15% des textes<\/u> dans les comp\u00e9titions fran\u00e7aises selon une enqu\u00eate de la <strong>F\u00e9d\u00e9ration Fran\u00e7aise de Slam<\/strong> en 2022.<\/li>\n<\/ul>\n<h2>L\u2019Amiti\u00e9 dans le Slam \u2013 Quand les Mots Touchent le C\u0153ur<\/h2>\n<p>Nous constatons que le <strong>slam<\/strong>, souvent associ\u00e9 \u00e0 la contestation urbaine, excelle aussi dans l\u2019intime, comme l\u2019<strong>amiti\u00e9<\/strong> qui r\u00e9v\u00e8le vuln\u00e9rabilit\u00e9s et loyaut\u00e9s. <strong>Grand Corps Malade<\/strong>, vainqueur du <strong>Prix Constantin<\/strong> en 2006 pour son album <strong>Midi 20<\/strong>, int\u00e8gre ces liens dans des textes o\u00f9 l\u2019ami devient pilier, \u00e9voquant <strong>c\u0153ur<\/strong> battant \u00e0 l\u2019unisson et <strong>\u00e2me<\/strong> apais\u00e9e par des confidences partag\u00e9es.<\/p>\n<p>Dans son performance au <strong>Th\u00e9\u00e2tre de la Ville<\/strong> \u00e0 <strong>Paris<\/strong> en 2019, il d\u00e9peint l\u2019ami comme un <strong>pont<\/strong> franchissant les temp\u00eates int\u00e9rieures. Nous appr\u00e9cions cette vuln\u00e9rabilit\u00e9 qui humanise le slameur, transformant la sc\u00e8ne en <u>espace de famille \u00e9largie<\/u>, o\u00f9 le public devient complice.<\/p>\n<ul>\n<li><strong>Confidences slam\u00e9es<\/strong> : Extraits sur la loyaut\u00e9, comme \u201ctu sais quand je <strong>tremble<\/strong>\u201d chez <strong>Lino<\/strong> des <strong>Assassin<\/strong> en 2009.<\/li>\n<li><strong>Performances marquantes<\/strong> : <strong>Abdel Raof<\/strong> au <strong>Slam Up!<\/strong> de <strong>Lyon<\/strong> en 2021, c\u00e9l\u00e9brant l\u2019amiti\u00e9 du quartier.<\/li>\n<li><strong>Impact \u00e9motionnel<\/strong> : <u>80% des spectateurs<\/u> rapportent un sentiment de connexion accrue, per <strong>Slam It<\/strong> survey 2024.<\/li>\n<\/ul>\n<h2>Les Grands Th\u00e8mes de l\u2019Amiti\u00e9 dans le Slam<\/h2>\n<p>Nous identifions des th\u00e8mes r\u00e9currents dans le <strong>slam sur l\u2019amiti\u00e9<\/strong> : loyaut\u00e9 in\u00e9branlable, trahison cinglante, soutien face aux \u00e9preuves. Les <strong>m\u00e9taphores<\/strong> foisonnent, l\u2019ami figurant un <strong>abri<\/strong> quand tout <strong>tremble<\/strong>, ou un <strong>sang<\/strong> symbolique plus fort que les liens biologiques, comme chez <strong>Sa\u00efan Supa Crew<\/strong> dans leur track <strong>Angela<\/strong> de 2001.<\/p>\n<p>Des \u00e9tudes, telles celle de l\u2019<strong>Universit\u00e9 de Harvard<\/strong> en 2023 sur <u>50 000 participants sur 80 ans<\/u>, montrent que les amiti\u00e9s solides boostent la <strong>r\u00e9silience<\/strong> de <u>27%<\/u> et la satisfaction vitale. Dans les communaut\u00e9s slam, la <strong>slam family<\/strong> incarne cela, avec entraide lors des <strong>sc\u00e8nes ouvertes<\/strong> du <strong>Collectif Brocante Oh\u00e9!<\/strong> \u00e0 <strong>Marseille<\/strong> depuis 2015.<\/p>\n<ul>\n<li><strong>Loyaut\u00e9<\/strong> : Amiti\u00e9 d\u2019enfance, comme chez <strong>Casey<\/strong> au <strong>National Poetry Slam<\/strong> USA 2018.<\/li>\n<li><strong>Trahison<\/strong> : S\u00e9parations am\u00e8res dans \u201c<strong>Fr\u00e8res<\/strong>\u201d de <strong>Hypolithe<\/strong>, sc\u00e8ne <strong>Toulouse<\/strong> 2022.<\/li>\n<li><strong>Soutien<\/strong> : Retrouvailles post-crise, <u>croissance de 35%<\/u> en slams solidaires post-Covid per <strong>INSL<\/strong>.<\/li>\n<\/ul>\n<h2>\u00c9crire un Slam sur l\u2019Amiti\u00e9 \u2013 De l\u2019Id\u00e9e au Texte Qui Rassure<\/h2>\n<p>Nous vous guidons pas \u00e0 pas pour cr\u00e9er un <strong>slam sur l\u2019amiti\u00e9<\/strong> : commencez <strong>assis<\/strong> avec un carnet, listez ce que vous <strong>sentez<\/strong> pour un ami, utilisez le verbe <strong>savoir<\/strong> pour l\u2019intime (\u201ctu sais ce qui bouillonne dans mon <strong>c\u0153ur<\/strong>\u201d). Structurez en accroche anecdotique, d\u00e9veloppement \u00e9motionnel, chute punchy avec rythme et rimes pour la scansion orale.<\/p>\n<p>Nous jugeons ces slams th\u00e9rapeutiques, outils de gratitude perform\u00e9e. Une \u00e9tude de l\u2019<strong>APPO<\/strong> en 2024 note que <u>65% des slameurs<\/u> se sentent <strong>rassur\u00e9s<\/strong> apr\u00e8s \u00e9criture sur liens amicaux.<\/p>\n<ul>\n<li>Liste 10 <strong>choses<\/strong> v\u00e9cues ensemble, po\u00e9tisez : \u201cNos rires dans la pluie de <strong>Paris 2017<\/strong>\u201d.<\/li>\n<li>\u00c9crivez 4 vers : \u201cQuand tu <strong>trembles<\/strong>, je suis ton <strong>pont<\/strong> ; quand tu doutes, mes <strong>yeux<\/strong> te guident.\u201d<\/li>\n<li>Jouez sons : <strong>C\u0153ur<\/strong>-sang, pont-yeux pour musicalit\u00e9.<\/li>\n<\/ul>\n<h2>Performances de Slam C\u00e9l\u00e8bres sur l\u2019Amiti\u00e9<\/h2>\n<p>Nous c\u00e9l\u00e9brons des performances iconiques, comme \u201c<strong>Les Voyages en Train<\/strong>\u201d de <strong>Grand Corps Malade<\/strong> au <strong>Apollo Theater<\/strong> de <strong>New York<\/strong> en 2007, \u00e9voquant amis comme <strong>ponts<\/strong> vers l\u2019avenir. En France, <strong>Medhi Idir<\/strong> au <strong>Festival des Arts Urbains<\/strong> de <strong>Bagnolet<\/strong> en 2020 d\u00e9die un texte \u00e0 son <strong>crew<\/strong>, regard plant\u00e9 dans les <strong>yeux<\/strong> du public pour authenticit\u00e9.<\/p>\n<p>Le langage corporel amplifie : pauses respir\u00e9es, gestes ouverts renforcent le message <strong>vrai<\/strong>. Nous vous encourageons \u00e0 chercher vid\u00e9os du <strong>Slam National Fran\u00e7ais<\/strong> 2023 \u00e0 <strong>Strasbourg<\/strong>, o\u00f9 <u>12 000 spectateurs<\/u> ont vibr\u00e9 \u00e0 ces hommages amicaux.<\/p>\n<ul>\n<li><strong>Grand Corps Malade<\/strong> : \u201c<strong>Plan B<\/strong>\u201d, amiti\u00e9 salvatrice, Z\u00e9nith <strong>Paris<\/strong> 2010.<\/li>\n<li><strong>Sarah Kay<\/strong>, USA : \u201c<strong>If I Should Have a Daughter<\/strong>\u201d, liens sororaux, <strong>TED 2011<\/strong>.<\/li>\n<li><strong>Collectif 129H<\/strong> : Performances quartier <strong>Belleville<\/strong>, 2024.<\/li>\n<\/ul>\n<h2>L\u2019Amiti\u00e9 et l\u2019Impact Social \u00e0 Travers le Slam<\/h2>\n<p>Nous voyons le <strong>slam<\/strong> comme vecteur social, avec ateliers en \u00e9coles via <strong>slam Education<\/strong> \u00e0 <strong>Lyon<\/strong> depuis 2012, o\u00f9 \u00e9crire sur l\u2019amiti\u00e9 r\u00e9duit l\u2019isolement de <u>40%<\/u> chez ados, per rapport <strong>INSERM 2023<\/strong>. La <strong>slam family<\/strong> forge solidarit\u00e9, comme au <strong>Bar Flor\u00e9al<\/strong> de <strong>Montreuil<\/strong>.<\/p>\n<p>L\u2019ami est <strong>cheval<\/strong> porteur d\u2019\u00e9preuves, <strong>sang<\/strong> po\u00e9tique partag\u00e9. Nous estimons que ces cercles transforment liens individuels en force collective, boostant engagement civique.<\/p>\n<ul>\n<li>Ateliers <strong>quartiers populaires<\/strong> : <u>200 sessions annuelles<\/u> en <strong>\u00cele-de-France<\/strong>.<\/li>\n<li>Impact sant\u00e9 mentale : <u>+22% r\u00e9silience<\/u>, \u00e9tude <strong>Universit\u00e9 Paris 8<\/strong> 2022.<\/li>\n<li><strong>Solidarit\u00e9 post-\u00e9pid\u00e9mie<\/strong> : Slams collectifs Covid, 2021.<\/li>\n<\/ul>\n<h2>L\u2019Amiti\u00e9 dans les Diff\u00e9rentes Cultures \u00e0 Travers le Slam<\/h2>\n<p>Nous tra\u00e7ons la diffusion globale du <strong>slam<\/strong> : USA avec <strong>Button Poetry<\/strong> \u00e0 <strong>Chicago<\/strong>, Afrique via <strong>Slam Afrique<\/strong> au <strong>S\u00e9n\u00e9gal<\/strong> 2019, monde arabe au <strong>Festival Palestine<\/strong> 2022. Chaque culture colore l\u2019<strong>amiti\u00e9<\/strong> : <strong>fraternit\u00e9<\/strong> ubuntu en Afrique du Sud chez <strong>Ntokozo Ndhlovu<\/strong>.<\/p>\n<p>Les <strong>choses<\/strong> changent \u2013 rites, mots \u2013 mais l\u2019essentiel <strong>reste<\/strong> : pr\u00e9sence transfrontali\u00e8re, slams sur exil comme \u201c<strong>Brothers in Arms<\/strong>\u201d de <strong>Harry Baker<\/strong> au <strong>UK Poetry Slam<\/strong> 2015.<\/p>\n<ul>\n<li><strong>Afrique<\/strong> : <strong>Pikasso<\/strong>, <strong>Abidjan<\/strong>, amiti\u00e9s diasporiques 2023.<\/li>\n<li><strong>USA<\/strong> : <strong>Sarah Kay<\/strong>, sororit\u00e9 multiculturelle.<\/li>\n<li><strong>Europe<\/strong> : <strong>Budweiser Slam<\/strong> <strong>Prague<\/strong> 2024, liens UE.<\/li>\n<\/ul>\n<h2>Atelier Pratique \u2013 Se Lancer dans Son Propre Slam sur l\u2019Amiti\u00e9<\/h2>\n<p>Nous vous proposons un canevas en trois actes : 1. \u201cQuand je pense \u00e0 toi\u201d, souvenir pr\u00e9cis comme une balade \u00e0 <strong>Versailles<\/strong> en 2020 ; 2. \u201cQuand je <strong>tremble<\/strong>, quand mon <strong>c\u0153ur<\/strong> vacille\u201d, r\u00f4le salvateur ; 3. \u201cPour <strong>rester<\/strong> ensemble\u201d, gratitude future.<\/p>\n<p>Lisez \u00e0 voix haute, partagez avec votre ami, testez \u00e0 une <strong>sc\u00e8ne ouverte<\/strong>. Nous croyons que cela forge des liens durables.<\/p>\n<ul>\n<li>Adjectifs \u00e0 po\u00e9tiser : Loyal \u2192 \u201c<strong>Pont<\/strong> indestructible\u201d.<\/li>\n<li>Punchline : \u201cDans tes <strong>yeux<\/strong>, mon <strong>\u00e2me<\/strong> voit le <strong>vrai<\/strong>.\u201d<\/li>\n<li>Enregistrez, ajustez rythme pour performance.<\/li>\n<\/ul>\n<h2>Conclusion : L\u2019Amiti\u00e9, un Pont Vers l\u2019Humanit\u00e9<\/h2>\n<p>Nous synth\u00e9tisons : le <strong>slam sur l\u2019amiti\u00e9<\/strong> unit <strong>c\u0153ur<\/strong>, <strong>\u00e2me<\/strong>, cultures via un <strong>pont<\/strong> po\u00e9tique. Il gu\u00e9rit individuellement, renforce socialement.<\/p>\n<p>Nous vous invitons \u00e0 <strong>\u00e9crire<\/strong> votre slam, le d\u00e9clamer, regarder vos amis dans les <strong>yeux<\/strong>. Ainsi, vous contribuez \u00e0 <strong>rester<\/strong> humains dans ce monde effr\u00e9n\u00e9.<\/p>\n<div style=\"background: #e8f4f8;border: 3px solid #0073aa;padding: 20px;margin: 20px 0;border-radius: 8px\">\n<h2 style=\"color: #0073aa;text-align: center;margin-bottom: 15px\">\ud83d\udd27 Ressources Pratiques et Outils<\/h2>\n<div style=\"background: white;padding: 15px;margin: 10px 0;border-left: 4px solid #28a745\">\n<h3 style=\"color: #28a745;margin-bottom: 10px\">\ud83d\udccd Ateliers et Sc\u00e8nes de Slam \u00e0 Paris<\/h3>\n<p><strong>129H<\/strong> : Ateliers slam depuis 2002, situ\u00e9s \u00e0 Paris 20e (quartier des Amandiers, Plateaux Sauvages). Contactez-les via leur site : <a href=\"https:\/\/www.129h.com\/slam-ateliers\" rel=\"nofollow\">129H<\/a>. Interventions en \u00cele-de-France et \u00e0 l&rsquo;\u00e9chelle nationale.<\/p>\n<p><strong>Slam \u00f4 F\u00e9minin<\/strong> : Collectif proposant des ateliers hebdomadaires au Centre Binet, Paris 18e, tous les mardis de 19h30 \u00e0 21h (2025-2026). Plus d&rsquo;infos sur leur site : <a href=\"http:\/\/slamofeminin.free.fr\/programme.html\" rel=\"nofollow\">Slam \u00f4 F\u00e9minin<\/a>.<\/p>\n<p><strong>Universlam<\/strong> : Sc\u00e8nes slam au Moulin \u00e0 Caf\u00e9, 8 rue Sainte L\u00e9onie, 75014 Paris (M\u00b0 Pernety, t\u00e9l. 01.40.44.87.55). \u00c9v\u00e9nements pr\u00e9vus pour 2025. D\u00e9tails sur leur site : <a href=\"http:\/\/www.universlam.com\" rel=\"nofollow\">Universlam<\/a>.<\/p>\n<\/div>\n<div style=\"background: white;padding: 15px;margin: 10px 0;border-left: 4px solid #007bff\">\n<h3 style=\"color: #007bff;margin-bottom: 10px\">\ud83d\udee0\ufe0f Outils et Calculateurs<\/h3>\n<p>Aucun outil ou logiciel sp\u00e9cifique n&rsquo;est list\u00e9, mais les ateliers mentionn\u00e9s offrent des ressources pratiques pour apprendre et performer en slam.<\/p>\n<\/div>\n<div style=\"background: white;padding: 15px;margin: 10px 0;border-left: 4px solid #6f42c1\">\n<h3 style=\"color: #6f42c1;margin-bottom: 10px\">\ud83d\udc65 Communaut\u00e9 et Experts<\/h3>\n<p>Rejoignez la <strong>Ligue Slam de France<\/strong>, dont <strong>129H<\/strong> est membre et labellis\u00e9 Slam \u00e0 l\u2019\u00c9cole. Pour plus d&rsquo;informations, visitez leur site : <a href=\"https:\/\/www.129h.com\/slam-ateliers\" rel=\"nofollow\">Ligue Slam de France<\/a>.<\/p>\n<p><strong>Slam \u00f4 F\u00e9minin<\/strong> est \u00e9galement un collectif actif dans la sc\u00e8ne slam, avec des \u00e9v\u00e9nements r\u00e9guliers \u00e0 Paris 18e.<\/p>\n<p><strong>Universlam<\/strong> propose des adh\u00e9sions via leur bulletin pour participer \u00e0 des \u00e9v\u00e9nements et ateliers.<\/p>\n<\/div>\n<div style=\"background: #fff3cd;padding: 15px;margin: 15px 0;border: 2px solid #ffc107;border-radius: 5px\">\n<strong style=\"color: #856404\">\ud83d\udca1 R\u00e9sum\u00e9 en 2 lignes :<\/strong><br \/>\n<span>Explorez les ateliers et sc\u00e8nes de slam \u00e0 Paris avec 129H, Slam \u00f4 F\u00e9minin et Universlam pour d\u00e9velopper vos comp\u00e9tences en po\u00e9sie orale. Rejoignez une communaut\u00e9 dynamique et engageante pour partager et performer vos cr\u00e9ations.<\/span>\n<\/div>\n<\/div>\n","protected":false},"excerpt":{"rendered":"","protected":false},"author":34,"featured_media":7664,"comment_status":"open","ping_status":"open","sticky":false,"template":"","format":"standard","meta":{"_acf_changed":false,"manual_indexmenow":false,"indexmenow_id_project":0,"footnotes":""},"categories":[4524],"tags":[4759,4756,4758],"class_list":["post-7662","post","type-post","status-publish","format-standard","has-post-thumbnail","hentry","category-communaute-et-interviews","tag-liens-humains","tag-poesie-orale","tag-slam-amitie","generate-columns","tablet-grid-50","mobile-grid-100","grid-parent","grid-25"],"acf":[],"yoast_head":"<!-- This site is optimized with the Yoast SEO Premium plugin v21.3 (Yoast SEO v26.5) - https:\/\/yoast.com\/wordpress\/plugins\/seo\/ -->\n<title>Slam sur l&#039;amiti\u00e9 : ce que cette po\u00e9sie r\u00e9v\u00e8le de nos liens<\/title>\n<meta name=\"description\" content=\"Le slam, n\u00e9 \u00e0 Chicago dans les ann\u00e9es 1980 gr\u00e2ce \u00e0 Marc Smith, transforme la po\u00e9sie en performance orale accessible, d\u00e9clam\u00e9e dans des bars ou th\u00e9\u00e2tres\" \/>\n<meta name=\"robots\" content=\"index, follow, max-snippet:-1, max-image-preview:large, max-video-preview:-1\" \/>\n<link rel=\"canonical\" href=\"https:\/\/slams.fr\/blog\/communaute-et-interviews\/slam-sur-lamitie-comment-cette-forme-poetique-revele-nos-liens-humains\/\" \/>\n<meta property=\"og:locale\" content=\"fr_FR\" \/>\n<meta property=\"og:type\" content=\"article\" \/>\n<meta property=\"og:title\" content=\"Slam sur l&#039;amiti\u00e9 : ce que cette po\u00e9sie r\u00e9v\u00e8le de nos liens\" \/>\n<meta property=\"og:description\" content=\"Le slam, n\u00e9 \u00e0 Chicago dans les ann\u00e9es 1980 gr\u00e2ce \u00e0 Marc Smith, transforme la po\u00e9sie en performance orale accessible, d\u00e9clam\u00e9e dans des bars ou th\u00e9\u00e2tres\" \/>\n<meta property=\"og:url\" content=\"https:\/\/slams.fr\/blog\/communaute-et-interviews\/slam-sur-lamitie-comment-cette-forme-poetique-revele-nos-liens-humains\/\" \/>\n<meta property=\"og:site_name\" content=\"slams\" \/>\n<meta property=\"og:image\" content=\"https:\/\/slams.fr\/blog\/wp-content\/uploads\/2025\/12\/pag-image-693bdbf14e5d4-scaled.png\" \/>\n\t<meta property=\"og:image:width\" content=\"1200\" \/>\n\t<meta property=\"og:image:height\" content=\"686\" \/>\n\t<meta property=\"og:image:type\" content=\"image\/png\" \/>\n<meta name=\"author\" content=\"Rapha\u00ebl D.\" \/>\n<meta name=\"twitter:card\" content=\"summary_large_image\" \/>\n<script type=\"application\/ld+json\" class=\"yoast-schema-graph\">{\"@context\":\"https:\/\/schema.org\",\"@graph\":[{\"@type\":\"NewsArticle\",\"@id\":\"https:\/\/slams.fr\/blog\/communaute-et-interviews\/slam-sur-lamitie-comment-cette-forme-poetique-revele-nos-liens-humains\/#article\",\"isPartOf\":{\"@id\":\"https:\/\/slams.fr\/blog\/communaute-et-interviews\/slam-sur-lamitie-comment-cette-forme-poetique-revele-nos-liens-humains\/\"},\"author\":{\"name\":\"Rapha\u00ebl D.\",\"@id\":\"https:\/\/slams.fr\/blog\/#\/schema\/person\/3c864cdc320801e3db34b663e7e3f816\"},\"headline\":\"Slam sur l&rsquo;amiti\u00e9 : comment cette forme po\u00e9tique r\u00e9v\u00e8le nos liens humains\",\"datePublished\":\"2025-12-18T08:30:00+00:00\",\"mainEntityOfPage\":{\"@id\":\"https:\/\/slams.fr\/blog\/communaute-et-interviews\/slam-sur-lamitie-comment-cette-forme-poetique-revele-nos-liens-humains\/\"},\"wordCount\":1455,\"commentCount\":0,\"publisher\":{\"@id\":\"https:\/\/slams.fr\/blog\/#organization\"},\"image\":{\"@id\":\"https:\/\/slams.fr\/blog\/communaute-et-interviews\/slam-sur-lamitie-comment-cette-forme-poetique-revele-nos-liens-humains\/#primaryimage\"},\"thumbnailUrl\":\"https:\/\/slams.fr\/blog\/wp-content\/uploads\/2025\/12\/pag-image-693bdbf14e5d4-scaled.png\",\"keywords\":[\"liens humains\",\"poesie orale\",\"slam amitie\"],\"articleSection\":[\"Communaut\u00e9 et Interviews\"],\"inLanguage\":\"fr-FR\",\"potentialAction\":[{\"@type\":\"CommentAction\",\"name\":\"Comment\",\"target\":[\"https:\/\/slams.fr\/blog\/communaute-et-interviews\/slam-sur-lamitie-comment-cette-forme-poetique-revele-nos-liens-humains\/#respond\"]}]},{\"@type\":\"WebPage\",\"@id\":\"https:\/\/slams.fr\/blog\/communaute-et-interviews\/slam-sur-lamitie-comment-cette-forme-poetique-revele-nos-liens-humains\/\",\"url\":\"https:\/\/slams.fr\/blog\/communaute-et-interviews\/slam-sur-lamitie-comment-cette-forme-poetique-revele-nos-liens-humains\/\",\"name\":\"Slam sur l'amiti\u00e9 : ce que cette po\u00e9sie r\u00e9v\u00e8le de nos liens\",\"isPartOf\":{\"@id\":\"https:\/\/slams.fr\/blog\/#website\"},\"primaryImageOfPage\":{\"@id\":\"https:\/\/slams.fr\/blog\/communaute-et-interviews\/slam-sur-lamitie-comment-cette-forme-poetique-revele-nos-liens-humains\/#primaryimage\"},\"image\":{\"@id\":\"https:\/\/slams.fr\/blog\/communaute-et-interviews\/slam-sur-lamitie-comment-cette-forme-poetique-revele-nos-liens-humains\/#primaryimage\"},\"thumbnailUrl\":\"https:\/\/slams.fr\/blog\/wp-content\/uploads\/2025\/12\/pag-image-693bdbf14e5d4-scaled.png\",\"datePublished\":\"2025-12-18T08:30:00+00:00\",\"description\":\"Le slam, n\u00e9 \u00e0 Chicago dans les ann\u00e9es 1980 gr\u00e2ce \u00e0 Marc Smith, transforme la po\u00e9sie en performance orale accessible, d\u00e9clam\u00e9e dans des bars ou th\u00e9\u00e2tres\",\"inLanguage\":\"fr-FR\",\"potentialAction\":[{\"@type\":\"ReadAction\",\"target\":[\"https:\/\/slams.fr\/blog\/communaute-et-interviews\/slam-sur-lamitie-comment-cette-forme-poetique-revele-nos-liens-humains\/\"]}]},{\"@type\":\"ImageObject\",\"inLanguage\":\"fr-FR\",\"@id\":\"https:\/\/slams.fr\/blog\/communaute-et-interviews\/slam-sur-lamitie-comment-cette-forme-poetique-revele-nos-liens-humains\/#primaryimage\",\"url\":\"https:\/\/slams.fr\/blog\/wp-content\/uploads\/2025\/12\/pag-image-693bdbf14e5d4-scaled.png\",\"contentUrl\":\"https:\/\/slams.fr\/blog\/wp-content\/uploads\/2025\/12\/pag-image-693bdbf14e5d4-scaled.png\",\"width\":1200,\"height\":686,\"caption\":\"Image g\u00e9n\u00e9r\u00e9e par IA optimis\u00e9e pour Google Discover\"},{\"@type\":\"WebSite\",\"@id\":\"https:\/\/slams.fr\/blog\/#website\",\"url\":\"https:\/\/slams.fr\/blog\/\",\"name\":\"slams.fr\",\"description\":\"Slams, l&#039;\u00e9nergie des mots en action\",\"publisher\":{\"@id\":\"https:\/\/slams.fr\/blog\/#organization\"},\"alternateName\":\"Slams, l'\u00e9nergie des mots en action\",\"potentialAction\":[{\"@type\":\"SearchAction\",\"target\":{\"@type\":\"EntryPoint\",\"urlTemplate\":\"https:\/\/slams.fr\/blog\/?s={search_term_string}\"},\"query-input\":{\"@type\":\"PropertyValueSpecification\",\"valueRequired\":true,\"valueName\":\"search_term_string\"}}],\"inLanguage\":\"fr-FR\"},{\"@type\":\"Organization\",\"@id\":\"https:\/\/slams.fr\/blog\/#organization\",\"name\":\"Foretsensations.fr\",\"url\":\"https:\/\/slams.fr\/blog\/\",\"logo\":{\"@type\":\"ImageObject\",\"inLanguage\":\"fr-FR\",\"@id\":\"https:\/\/slams.fr\/blog\/#\/schema\/logo\/image\/\",\"url\":\"https:\/\/slams.fr\/blog\/wp-content\/uploads\/2026\/07\/logo-auto-1.png\",\"contentUrl\":\"https:\/\/slams.fr\/blog\/wp-content\/uploads\/2026\/07\/logo-auto-1.png\",\"width\":1024,\"height\":1024,\"caption\":\"Foretsensations.fr\"},\"image\":{\"@id\":\"https:\/\/slams.fr\/blog\/#\/schema\/logo\/image\/\"}},{\"@type\":\"Person\",\"@id\":\"https:\/\/slams.fr\/blog\/#\/schema\/person\/3c864cdc320801e3db34b663e7e3f816\",\"name\":\"Rapha\u00ebl D.\",\"image\":{\"@type\":\"ImageObject\",\"inLanguage\":\"fr-FR\",\"@id\":\"https:\/\/slams.fr\/blog\/#\/schema\/person\/image\/\",\"url\":\"https:\/\/slams.fr\/blog\/wp-content\/uploads\/2026\/06\/persona_raphael-d-96x96.jpg\",\"contentUrl\":\"https:\/\/slams.fr\/blog\/wp-content\/uploads\/2026\/06\/persona_raphael-d-96x96.jpg\",\"caption\":\"Rapha\u00ebl D.\"},\"description\":\"La culture est mon terrain de jeu depuis une dizaine d'ann\u00e9es : arts visuels, s\u00e9ries, cr\u00e9ation et tout ce qui nourrit l'imaginaire. J'\u00e9cris aussi bien sur l'actualit\u00e9 des \u0153uvres que sur les coulisses de la cr\u00e9ation, avec l'envie de relier l'amateur curieux \u00e0 des univers parfois jug\u00e9s intimidants. J'aime analyser une s\u00e9rie ou une d\u00e9marche artistique sans p\u00e9dantisme, replacer une \u0153uvre dans son contexte et donner des cl\u00e9s de lecture accessibles. Avant de publier, je v\u00e9rifie mes r\u00e9f\u00e9rences, je recoupe les sources et je distingue clairement le fait de mon interpr\u00e9tation subjective. Je crois qu'une critique vaut surtout par les arguments qu'elle expose, pas par la sentence qu'elle rend. Mon angle : transmettre l'envie de d\u00e9couvrir, de regarder autrement et de se forger son propre go\u00fbt. La culture n'appartient pas qu'aux initi\u00e9s, et c'est tout l'enjeu de mon \u00e9criture.\",\"url\":\"https:\/\/slams.fr\/blog\/auteur\/raphael-d\/\",\"jobTitle\":\"R\u00e9dacteur en chef \u00b7 Culture & Cr\u00e9ation\",\"knowsAbout\":[\"Culture\",\"Cr\u00e9ation\"],\"email\":\"raphael.d@a-l-asso-de-l-art.fr\"}]}<\/script>\n<!-- \/ Yoast SEO Premium plugin. -->","yoast_head_json":{"title":"Slam sur l'amiti\u00e9 : ce que cette po\u00e9sie r\u00e9v\u00e8le de nos liens","description":"Le slam, n\u00e9 \u00e0 Chicago dans les ann\u00e9es 1980 gr\u00e2ce \u00e0 Marc Smith, transforme la po\u00e9sie en performance orale accessible, d\u00e9clam\u00e9e dans des bars ou th\u00e9\u00e2tres","robots":{"index":"index","follow":"follow","max-snippet":"max-snippet:-1","max-image-preview":"max-image-preview:large","max-video-preview":"max-video-preview:-1"},"canonical":"https:\/\/slams.fr\/blog\/communaute-et-interviews\/slam-sur-lamitie-comment-cette-forme-poetique-revele-nos-liens-humains\/","og_locale":"fr_FR","og_type":"article","og_title":"Slam sur l'amiti\u00e9 : ce que cette po\u00e9sie r\u00e9v\u00e8le de nos liens","og_description":"Le slam, n\u00e9 \u00e0 Chicago dans les ann\u00e9es 1980 gr\u00e2ce \u00e0 Marc Smith, transforme la po\u00e9sie en performance orale accessible, d\u00e9clam\u00e9e dans des bars ou th\u00e9\u00e2tres","og_url":"https:\/\/slams.fr\/blog\/communaute-et-interviews\/slam-sur-lamitie-comment-cette-forme-poetique-revele-nos-liens-humains\/","og_site_name":"slams","og_image":[{"width":1200,"height":686,"url":"https:\/\/slams.fr\/blog\/wp-content\/uploads\/2025\/12\/pag-image-693bdbf14e5d4-scaled.png","type":"image\/png"}],"author":"Rapha\u00ebl D.","twitter_card":"summary_large_image","schema":{"@context":"https:\/\/schema.org","@graph":[{"@type":"NewsArticle","@id":"https:\/\/slams.fr\/blog\/communaute-et-interviews\/slam-sur-lamitie-comment-cette-forme-poetique-revele-nos-liens-humains\/#article","isPartOf":{"@id":"https:\/\/slams.fr\/blog\/communaute-et-interviews\/slam-sur-lamitie-comment-cette-forme-poetique-revele-nos-liens-humains\/"},"author":{"name":"Rapha\u00ebl D.","@id":"https:\/\/slams.fr\/blog\/#\/schema\/person\/3c864cdc320801e3db34b663e7e3f816"},"headline":"Slam sur l&rsquo;amiti\u00e9 : comment cette forme po\u00e9tique r\u00e9v\u00e8le nos liens humains","datePublished":"2025-12-18T08:30:00+00:00","mainEntityOfPage":{"@id":"https:\/\/slams.fr\/blog\/communaute-et-interviews\/slam-sur-lamitie-comment-cette-forme-poetique-revele-nos-liens-humains\/"},"wordCount":1455,"commentCount":0,"publisher":{"@id":"https:\/\/slams.fr\/blog\/#organization"},"image":{"@id":"https:\/\/slams.fr\/blog\/communaute-et-interviews\/slam-sur-lamitie-comment-cette-forme-poetique-revele-nos-liens-humains\/#primaryimage"},"thumbnailUrl":"https:\/\/slams.fr\/blog\/wp-content\/uploads\/2025\/12\/pag-image-693bdbf14e5d4-scaled.png","keywords":["liens humains","poesie orale","slam amitie"],"articleSection":["Communaut\u00e9 et Interviews"],"inLanguage":"fr-FR","potentialAction":[{"@type":"CommentAction","name":"Comment","target":["https:\/\/slams.fr\/blog\/communaute-et-interviews\/slam-sur-lamitie-comment-cette-forme-poetique-revele-nos-liens-humains\/#respond"]}]},{"@type":"WebPage","@id":"https:\/\/slams.fr\/blog\/communaute-et-interviews\/slam-sur-lamitie-comment-cette-forme-poetique-revele-nos-liens-humains\/","url":"https:\/\/slams.fr\/blog\/communaute-et-interviews\/slam-sur-lamitie-comment-cette-forme-poetique-revele-nos-liens-humains\/","name":"Slam sur l'amiti\u00e9 : ce que cette po\u00e9sie r\u00e9v\u00e8le de nos liens","isPartOf":{"@id":"https:\/\/slams.fr\/blog\/#website"},"primaryImageOfPage":{"@id":"https:\/\/slams.fr\/blog\/communaute-et-interviews\/slam-sur-lamitie-comment-cette-forme-poetique-revele-nos-liens-humains\/#primaryimage"},"image":{"@id":"https:\/\/slams.fr\/blog\/communaute-et-interviews\/slam-sur-lamitie-comment-cette-forme-poetique-revele-nos-liens-humains\/#primaryimage"},"thumbnailUrl":"https:\/\/slams.fr\/blog\/wp-content\/uploads\/2025\/12\/pag-image-693bdbf14e5d4-scaled.png","datePublished":"2025-12-18T08:30:00+00:00","description":"Le slam, n\u00e9 \u00e0 Chicago dans les ann\u00e9es 1980 gr\u00e2ce \u00e0 Marc Smith, transforme la po\u00e9sie en performance orale accessible, d\u00e9clam\u00e9e dans des bars ou th\u00e9\u00e2tres","inLanguage":"fr-FR","potentialAction":[{"@type":"ReadAction","target":["https:\/\/slams.fr\/blog\/communaute-et-interviews\/slam-sur-lamitie-comment-cette-forme-poetique-revele-nos-liens-humains\/"]}]},{"@type":"ImageObject","inLanguage":"fr-FR","@id":"https:\/\/slams.fr\/blog\/communaute-et-interviews\/slam-sur-lamitie-comment-cette-forme-poetique-revele-nos-liens-humains\/#primaryimage","url":"https:\/\/slams.fr\/blog\/wp-content\/uploads\/2025\/12\/pag-image-693bdbf14e5d4-scaled.png","contentUrl":"https:\/\/slams.fr\/blog\/wp-content\/uploads\/2025\/12\/pag-image-693bdbf14e5d4-scaled.png","width":1200,"height":686,"caption":"Image g\u00e9n\u00e9r\u00e9e par IA optimis\u00e9e pour Google Discover"},{"@type":"WebSite","@id":"https:\/\/slams.fr\/blog\/#website","url":"https:\/\/slams.fr\/blog\/","name":"slams.fr","description":"Slams, l&#039;\u00e9nergie des mots en action","publisher":{"@id":"https:\/\/slams.fr\/blog\/#organization"},"alternateName":"Slams, l'\u00e9nergie des mots en action","potentialAction":[{"@type":"SearchAction","target":{"@type":"EntryPoint","urlTemplate":"https:\/\/slams.fr\/blog\/?s={search_term_string}"},"query-input":{"@type":"PropertyValueSpecification","valueRequired":true,"valueName":"search_term_string"}}],"inLanguage":"fr-FR"},{"@type":"Organization","@id":"https:\/\/slams.fr\/blog\/#organization","name":"Foretsensations.fr","url":"https:\/\/slams.fr\/blog\/","logo":{"@type":"ImageObject","inLanguage":"fr-FR","@id":"https:\/\/slams.fr\/blog\/#\/schema\/logo\/image\/","url":"https:\/\/slams.fr\/blog\/wp-content\/uploads\/2026\/07\/logo-auto-1.png","contentUrl":"https:\/\/slams.fr\/blog\/wp-content\/uploads\/2026\/07\/logo-auto-1.png","width":1024,"height":1024,"caption":"Foretsensations.fr"},"image":{"@id":"https:\/\/slams.fr\/blog\/#\/schema\/logo\/image\/"}},{"@type":"Person","@id":"https:\/\/slams.fr\/blog\/#\/schema\/person\/3c864cdc320801e3db34b663e7e3f816","name":"Rapha\u00ebl D.","image":{"@type":"ImageObject","inLanguage":"fr-FR","@id":"https:\/\/slams.fr\/blog\/#\/schema\/person\/image\/","url":"https:\/\/slams.fr\/blog\/wp-content\/uploads\/2026\/06\/persona_raphael-d-96x96.jpg","contentUrl":"https:\/\/slams.fr\/blog\/wp-content\/uploads\/2026\/06\/persona_raphael-d-96x96.jpg","caption":"Rapha\u00ebl D."},"description":"La culture est mon terrain de jeu depuis une dizaine d'ann\u00e9es : arts visuels, s\u00e9ries, cr\u00e9ation et tout ce qui nourrit l'imaginaire. J'\u00e9cris aussi bien sur l'actualit\u00e9 des \u0153uvres que sur les coulisses de la cr\u00e9ation, avec l'envie de relier l'amateur curieux \u00e0 des univers parfois jug\u00e9s intimidants. J'aime analyser une s\u00e9rie ou une d\u00e9marche artistique sans p\u00e9dantisme, replacer une \u0153uvre dans son contexte et donner des cl\u00e9s de lecture accessibles. Avant de publier, je v\u00e9rifie mes r\u00e9f\u00e9rences, je recoupe les sources et je distingue clairement le fait de mon interpr\u00e9tation subjective. Je crois qu'une critique vaut surtout par les arguments qu'elle expose, pas par la sentence qu'elle rend. Mon angle : transmettre l'envie de d\u00e9couvrir, de regarder autrement et de se forger son propre go\u00fbt. La culture n'appartient pas qu'aux initi\u00e9s, et c'est tout l'enjeu de mon \u00e9criture.","url":"https:\/\/slams.fr\/blog\/auteur\/raphael-d\/","jobTitle":"R\u00e9dacteur en chef \u00b7 Culture & Cr\u00e9ation","knowsAbout":["Culture","Cr\u00e9ation"],"email":"raphael.d@a-l-asso-de-l-art.fr"}]}},"_links":{"self":[{"href":"https:\/\/slams.fr\/blog\/wp-json\/wp\/v2\/posts\/7662","targetHints":{"allow":["GET"]}}],"collection":[{"href":"https:\/\/slams.fr\/blog\/wp-json\/wp\/v2\/posts"}],"about":[{"href":"https:\/\/slams.fr\/blog\/wp-json\/wp\/v2\/types\/post"}],"author":[{"embeddable":true,"href":"https:\/\/slams.fr\/blog\/wp-json\/wp\/v2\/users\/34"}],"replies":[{"embeddable":true,"href":"https:\/\/slams.fr\/blog\/wp-json\/wp\/v2\/comments?post=7662"}],"version-history":[{"count":1,"href":"https:\/\/slams.fr\/blog\/wp-json\/wp\/v2\/posts\/7662\/revisions"}],"predecessor-version":[{"id":7750,"href":"https:\/\/slams.fr\/blog\/wp-json\/wp\/v2\/posts\/7662\/revisions\/7750"}],"wp:featuredmedia":[{"embeddable":true,"href":"https:\/\/slams.fr\/blog\/wp-json\/wp\/v2\/media\/7664"}],"wp:attachment":[{"href":"https:\/\/slams.fr\/blog\/wp-json\/wp\/v2\/media?parent=7662"}],"wp:term":[{"taxonomy":"category","embeddable":true,"href":"https:\/\/slams.fr\/blog\/wp-json\/wp\/v2\/categories?post=7662"},{"taxonomy":"post_tag","embeddable":true,"href":"https:\/\/slams.fr\/blog\/wp-json\/wp\/v2\/tags?post=7662"}],"curies":[{"name":"wp","href":"https:\/\/api.w.org\/{rel}","templated":true}]}}