{"id":7668,"date":"2025-12-25T09:55:00","date_gmt":"2025-12-25T08:55:00","guid":{"rendered":"https:\/\/slams.fr\/blog\/?p=7668"},"modified":"2025-12-25T09:55:00","modified_gmt":"2025-12-25T08:55:00","slug":"atelier-slam-a-paris-comment-maitriser-la-poesie-urbaine-et-ses-origines","status":"publish","type":"post","link":"https:\/\/slams.fr\/blog\/guides-et-conseils\/atelier-slam-a-paris-comment-maitriser-la-poesie-urbaine-et-ses-origines\/","title":{"rendered":"Atelier Slam \u00e0 Paris : Comment ma\u00eetriser la po\u00e9sie urbaine et ses origines"},"content":{"rendered":"<div style=\"background: linear-gradient(135deg, #f5f7fa 0%, #e9ecef 100%);border-left: 4px solid #0073aa;padding: 15px 20px;margin: 0 0 25px 0;border-radius: 0 8px 8px 0\">\n<p style=\"margin: 0;font-size: 14px;color: #0073aa;font-weight: 600;text-transform: uppercase;letter-spacing: 1px;margin-bottom: 10px\">\ud83d\udccb En bref<\/p>\n<ul style=\"margin: 0;padding-left: 20px;list-style-type: none\">\n<li style=\"margin: 5px 0;color: #333;font-size: 15px;line-height: 1.5;position: relative;padding-left: 15px\"><span style=\"position: absolute;left: 0;color: #0073aa\">\u25b8<\/span> Le slam, n\u00e9 \u00e0 Chicago dans les ann\u00e9es 1980, s&#039;est popularis\u00e9 \u00e0 Paris avec des ateliers comme ceux de 129H. Ces ateliers favorisent l&#039;\u00e9criture et la performance orale sans musique ni accessoires, mettant en avant des th\u00e8mes urbains et sociaux. Le collectif Slam \u00f4 F\u00e9minin joue un r\u00f4le crucial dans la visibilit\u00e9 des voix f\u00e9minines sur la sc\u00e8ne slam parisienne.<\/li>\n<\/ul>\n<\/div>\n<h1>Plan d&rsquo;Article D\u00e9taill\u00e9 : Atelier Slam \u00e0 Paris &#8211; Guide Complet pour Ma\u00eetriser la Po\u00e9sie Urbaine<\/h1>\n<h2>Qu&rsquo;est-ce que le Slam et Comment s&rsquo;est-il Ancr\u00e9 \u00e0 Paris ?<\/h2>\n<p>Le <strong>slam de po\u00e9sie<\/strong> na\u00eet dans les ann\u00e9es <u>1980<\/u> \u00e0 <strong>Chicago, \u00c9tats-Unis<\/strong>, sous l\u2019impulsion de <strong>Marc Kelly Smith, po\u00e8te performeur<\/strong>, avant de se diffuser en <strong>Europe<\/strong> puis en <strong>France<\/strong>. Nous parlons d\u2019une <u>forme de performance po\u00e9tique<\/u> qui place l\u2019oralit\u00e9 au m\u00eame niveau que l\u2019\u00e9criture. Selon la <strong>Ligue Slam de France<\/strong>, un <strong>atelier slam<\/strong> vise \u00e0  \u00e9crire pour dire ?, c\u2019est-\u00e0-dire produire un texte pens\u00e9 pour \u00eatre interpr\u00e9t\u00e9 devant un public, sans filtre, sans d\u00e9cor superflu. Les r\u00e8gles de base, largement adopt\u00e9es dans les tournois et sc\u00e8nes ouvertes, s\u2019articulent souvent autour de trois principes simples&nbsp;:<\/p>\n<ul>\n<li><strong>Dur\u00e9e limit\u00e9e<\/strong> : un texte est g\u00e9n\u00e9ralement interpr\u00e9t\u00e9 en <u>3 minutes maximum<\/u>, afin de garder une tension sc\u00e9nique forte et une \u00e9galit\u00e9 entre participants.<\/li>\n<li><strong>Sans musique<\/strong> : pas d\u2019accompagnement musical impos\u00e9, la voix et les mots restent au centre de la performance.<\/li>\n<li><strong>Sans accessoires<\/strong> : pas de costumes ou d\u2019objets spectaculaires, le corps et le texte forment l\u2019outil principal.<\/li>\n<\/ul>\n<p>\u00c0 Paris, le mouvement prend une ampleur particuli\u00e8re au d\u00e9but des ann\u00e9es <u>2000<\/u>, avec l\u2019arriv\u00e9e de structures pionni\u00e8res telles que <strong>129H<\/strong>, fond\u00e9e autour du slameur <strong>Lyor, artiste-intervenant<\/strong>, et de l\u2019\u00e9quipe de slameurs professionnels qui l\u2019entoure. Install\u00e9e dans le <strong>quartier des Amandiers<\/strong>, dans le <strong>20e arrondissement de Paris<\/strong>, l\u2019association b\u00e9n\u00e9ficie d\u2019une <u>Convention Pluriannuelle d\u2019Objectifs (CPO)<\/u> avec la <strong>Ville de Paris<\/strong> et anime une dynamique locale solide&nbsp;: <u>4 ateliers slam r\u00e9guliers<\/u> et un <strong>tournoi annuel<\/strong> aux <strong>Plateaux Sauvages<\/strong>, \u00e9tablissement culturel municipal. \u00c0 cela s\u2019ajoute le travail du collectif <strong>Slam \u00f4 F\u00e9minin<\/strong>, coordonn\u00e9 par des slameuses engag\u00e9es comme <strong>CatMat, animatrice d\u2019ateliers et artiste de spoken word<\/strong>, qui favorisent une pr\u00e9sence accrue des femmes et personnes non-binaires sur la sc\u00e8ne slam parisienne.<\/p>\n<ul>\n<li><u>Depuis 2002<\/u>, <strong>129H<\/strong> a anim\u00e9 plusieurs centaines d\u2019ateliers, \u00e0 Paris et en r\u00e9gion, construisant un v\u00e9ritable historique local.<\/li>\n<li>Ces ateliers combinent <strong>\u00e9criture, oralit\u00e9 et expression sc\u00e9nique<\/strong>, dans une d\u00e9marche \u00e0 la fois artistique et p\u00e9dagogique.<\/li>\n<li>Le collectif <strong>Slam \u00f4 F\u00e9minin<\/strong> s\u2019impose comme un acteur cl\u00e9 de la visibilit\u00e9 des voix f\u00e9minines dans le slam parisien.<\/li>\n<\/ul>\n<p>Pour vous donner une id\u00e9e concr\u00e8te, un texte type de slam parisien peut \u00e9voquer une rame de <strong>m\u00e9tro ligne 2<\/strong>, la nuit \u00e0 <strong>Barb\u00e8s<\/strong>, les contr\u00f4les de police \u00e0 <strong>Ch\u00e2telet \u2013 Les Halles<\/strong>, les souvenirs d\u2019enfance \u00e0 <strong>La Courneuve<\/strong> ou encore la vie d\u2019un \u00e9tudiant de <strong>l\u2019Universit\u00e9 Sorbonne Nouvelle \u2013 Paris 3<\/strong>. Les th\u00e8mes urbains, politiques, intimes ou militants se croisent, se heurtent et se r\u00e9pondent, dans une oralit\u00e9 rythm\u00e9e qui tient autant du po\u00e8me que du rap a cappella.<\/p>\n<h2>Pourquoi Participer \u00e0 un Atelier Slam \u00e0 Paris ?<\/h2>\n<p>Un <strong>atelier slam Paris<\/strong> d\u00e9passe largement le simple cours d\u2019\u00e9criture. Les \u00e9quipes de <strong>129H<\/strong> comme celles de la <strong>Ligue Slam de France<\/strong> d\u00e9fendent un dispositif global qui travaille \u00e0 la fois le texte, la voix et la confiance personnelle. Les sessions encadrent des publics tr\u00e8s vari\u00e9s, des enfants de <u>8 ans<\/u> aux adultes de <u>92 ans<\/u>, dans des contextes allant de l\u2019\u00e9cole primaire au centre de d\u00e9tention. Nous constatons des b\u00e9n\u00e9fices r\u00e9currents chez les participants&nbsp;:<\/p>\n<ul>\n<li><strong>D\u00e9veloppement de l\u2019\u00e9criture<\/strong> : enrichissement lexical, travail sur les images, les m\u00e9taphores, les rythmes internes, apprentissage de la <u>r\u00e9\u00e9criture<\/u>.<\/li>\n<li><strong>Confiance sc\u00e9nique<\/strong> : ma\u00eetrise du trac, posture, regard public, respiration, articulation, gestion du micro.<\/li>\n<li><strong>\u00c9coute et respect<\/strong> : apprentissage du silence, de l\u2019attention \u00e0 la parole de l\u2019autre, construction d\u2019un espace bienveillant.<\/li>\n<li><strong>Cr\u00e9ativit\u00e9 narrativement ancr\u00e9e<\/strong> : capacit\u00e9 \u00e0 transformer le v\u00e9cu en mat\u00e9riau po\u00e9tique, sans formalisme acad\u00e9mique.<\/li>\n<\/ul>\n<p>Les t\u00e9moignages qui remontent des ateliers de <strong>129H<\/strong> ou du collectif <strong>Slam \u00f4 F\u00e9minin<\/strong> convergent. Une participante de <strong>lyc\u00e9e professionnel<\/strong> dans le <strong>93<\/strong> raconte ainsi :  <u>J\u2019ai gagn\u00e9 en estime de soi gr\u00e2ce aux restitutions sc\u00e9niques<\/u>, je n\u2019aurais jamais imagin\u00e9 parler de ma vie devant autant de monde ?. Un d\u00e9tenu d\u2019un \u00e9tablissement p\u00e9nitentiaire de la r\u00e9gion parisienne explique qu\u2019il a enfin trouv\u00e9  un espace o\u00f9 sa col\u00e8re pouvait devenir texte et non violence ?. Ces retours sont coh\u00e9rents avec les objectifs affich\u00e9s par <strong>129H<\/strong> : <strong>d\u00e9scolariser l\u2019\u00e9criture<\/strong>, donner des <strong>outils d\u2019expression<\/strong>, renforcer l\u2019<strong>estime de soi<\/strong>.<\/p>\n<ul>\n<li><u>Plusieurs milliers de participants<\/u> ont \u00e9t\u00e9 accompagn\u00e9s par <strong>129H<\/strong> depuis le d\u00e9but des ann\u00e9es <u>2000<\/u>, dans plus de <u>180 structures partenaires<\/u> : \u00e9coles, coll\u00e8ges, lyc\u00e9es, centres sociaux, maisons d\u2019arr\u00eat, m\u00e9diath\u00e8ques, festivals.<\/li>\n<li>Les ateliers sont anim\u00e9s par des slameurs reconnus comme <strong>Lyor<\/strong>, <strong>Rouda, rappeur et slameur parisien<\/strong>, ou <strong>CatMat<\/strong>, qui interviennent r\u00e9guli\u00e8rement \u00e0 Paris et dans toute la <strong>r\u00e9gion \u00cele-de-France<\/strong>.<\/li>\n<li>Le dispositif prouve son adaptabilit\u00e9 \u00e0 des publics tr\u00e8s h\u00e9t\u00e9rog\u00e8nes : \u00e9l\u00e8ves de <strong>SEGPA<\/strong>, \u00e9tudiants d\u2019universit\u00e9, personnes en situation de handicap, publics allophones, personnes incarc\u00e9r\u00e9es.<\/li>\n<\/ul>\n<p>Nous consid\u00e9rons que cette inclusivit\u00e9 constitue l\u2019une des principales forces des <strong>ateliers slam Paris<\/strong>. \u00c0 la diff\u00e9rence de certaines offres concurrentes, plus centr\u00e9es sur la performance sc\u00e9nique pure, les acteurs parisiens historiques ont construit une approche globale : artistique, \u00e9ducative et sociale, \u00e9tay\u00e9e par un volume significatif d\u2019exp\u00e9riences de terrain et des r\u00e9sultats observ\u00e9s sur la dur\u00e9e.<\/p>\n<h2>Les Lieux Incontournables pour un Atelier Slam \u00e0 Paris<\/h2>\n<p>La sc\u00e8ne parisienne se caract\u00e9rise par un maillage fin d\u2019espaces, du <strong>20e<\/strong> au <strong>18e arrondissement<\/strong>, du <strong>11e<\/strong> au <strong>15e<\/strong>. Nous pouvons dresser une cartographie organis\u00e9e par arrondissement, avec des rep\u00e8res pr\u00e9cis, des horaires et des ambiances identifi\u00e9es.<\/p>\n<ul>\n<li><strong>129H &amp; Les Plateaux Sauvages \u2013 Paris 20e<\/strong> : install\u00e9e dans le quartier des <strong>Amandiers<\/strong>, l\u2019\u00e9quipe de <strong>129H<\/strong> anime <u>4 ateliers slam r\u00e9guliers<\/u> aux <strong>Plateaux Sauvages<\/strong>, \u00e9tablissement culturel de la <strong>Ville de Paris<\/strong>. Les cycles peuvent \u00eatre des <u>ateliers d\u00e9couverte de 2h<\/u>, des <u>stages courts de 5 \u00e0 7 s\u00e9ances<\/u> ou des <u>stages annuels de 25 s\u00e9ances<\/u>. Chaque saison, un <strong>tournoi annuel de slam<\/strong> r\u00e9unit les participants, les familles et le public du quartier.<\/li>\n<li><strong>Centre Binet \u2013 Paris 18e<\/strong> : le collectif <strong>Slam \u00f4 F\u00e9minin<\/strong> y propose des <u>ateliers hebdomadaires<\/u>, g\u00e9n\u00e9ralement les <u>mardis de 19h30 \u00e0 21h<\/u>, sur les saisons <u>2025-2026<\/u>. Ces s\u00e9ances, anim\u00e9es notamment par <strong>CatMat<\/strong>, accueillent toutes et tous, avec une attention particuli\u00e8re aux voix f\u00e9minines et aux personnes minoris\u00e9es de genre.<\/li>\n<li><strong>Petit Ney \u2013 Paris 18e<\/strong> : ce caf\u00e9 associatif culturel du quartier de <strong>La Chapelle<\/strong> organise des <u>ateliers slam le samedi de 17h \u00e0 19h<\/u>, anim\u00e9s par <strong>CatMat<\/strong>. L\u2019entr\u00e9e est <u>gratuite<\/u>, sans inscription, ce qui en fait l\u2019un des points d\u2019acc\u00e8s les plus ouverts pour d\u00e9buter.<\/li>\n<li><strong>Th\u00e9\u00e2tre de la Concorde \u2013 Paris<\/strong> : ce th\u00e9\u00e2tre propose un <strong>atelier slam multidisciplinaire<\/strong> m\u00ealant <strong>\u00e9criture cr\u00e9ative<\/strong>, <strong>po\u00e9sie<\/strong>, <strong>rap<\/strong>, <strong>improvisation<\/strong> et <strong>joutes orales<\/strong>. Les sessions mensuelles permettent de tester plusieurs formats d\u2019expression dans un cadre th\u00e9\u00e2tral structur\u00e9.<\/li>\n<li><strong>Philharmonie de Paris \u2013 Paris 19e<\/strong> : dans le cadre de sa politique d\u2019\u00e9ducation artistique, la <strong>Philharmonie de Paris<\/strong> programme des <u>ateliers slam scolaires<\/u>, souvent les <u>jeudis d\u2019octobre 2025<\/u>, en lien avec des classes de coll\u00e8ges et lyc\u00e9es. Ces actions associent d\u00e9couverte du slam et travail sur la voix au sein d\u2019une grande institution musicale.<\/li>\n<li><strong>Mus\u00e9e de La Poste \u2013 Paris 15e<\/strong> : certaines saisons, cette institution culturelle d\u00e9di\u00e9e \u00e0 l\u2019histoire postale et \u00e0 la philat\u00e9lie propose des stages ou ateliers d\u2019\u00e9criture perform\u00e9e, incluant du <strong>slam<\/strong>, avec des tarifs aux alentours de <u>120 \u20ac pour des stages complets<\/u>.<\/li>\n<li><strong>Maison du Hip Hop \u2013 Paris 11e<\/strong> : structure ressource pour la <strong>culture hip-hop<\/strong>, elle accueille un <strong>atelier gratuit d\u2019\u00e9criture rap et slam<\/strong> tous les <u>mercredis de 18h30 \u00e0 21h30<\/u>, sur r\u00e9servation, ce qui permet de lier slam, rap et histoire du <strong>hip-hop<\/strong> \u00e0 Paris.<\/li>\n<\/ul>\n<p>Sur le plan tarifaire, l\u2019offre reste accessible&nbsp;: certains \u00e9v\u00e9nements slam parisiens affichent une <u>participation de 5 \u20ac<\/u> pour des soir\u00e9es ou des sc\u00e8nes ouvertes, tandis que des institutions comme la <strong>Maison du Hip Hop<\/strong> proposent des ateliers enti\u00e8rement <u>gratuits<\/u>. Les stages plus longs, organis\u00e9s avec des partenaires comme le <strong>Mus\u00e9e de La Poste<\/strong> ou des centres culturels, se situent autour de <u>100 \u00e0 120 \u20ac<\/u> pour plusieurs s\u00e9ances, ce qui reste raisonnable au regard du volume horaire et de l\u2019encadrement professionnel.<\/p>\n<h2>Techniques et Conseils pour R\u00e9ussir sur Sc\u00e8ne<\/h2>\n<p>Un <strong>atelier slam Paris<\/strong> de qualit\u00e9 ne se contente pas de vous demander d\u2019\u00e9crire un texte et de le lire. Les \u00e9quipes comme celles de <strong>129H<\/strong> d\u00e9ploient une m\u00e9thodologie structur\u00e9e, qui couvre \u00e0 la fois la construction du po\u00e8me, la voix et la pr\u00e9sence sc\u00e9nique. Nous pouvons d\u00e9gager plusieurs axes techniques d\u00e9terminants.<\/p>\n<ul>\n<li><strong>Structuration du texte<\/strong> : travail sur le <u>rythme interne<\/u>, alternance de phrases longues et courtes, usage de <strong>rimes<\/strong> ou d\u2019<strong>assonances<\/strong>, r\u00e9p\u00e9titions ma\u00eetris\u00e9es. L\u2019objectif consiste \u00e0 cr\u00e9er une architecture sonore qui soutient le sens.<\/li>\n<li><strong>Voix et intonation<\/strong> : gestion de la <u>respiration<\/u>, placement de la voix, jeu sur les volumes (chuchot\u00e9 \/ projet\u00e9), silences strat\u00e9giques. Les intervenants comme <strong>Rouda, pionnier du slam francophone<\/strong>, insistent souvent sur la musicalit\u00e9 naturelle de la langue.<\/li>\n<li><strong>Langage corporel<\/strong> : ancrage au sol, gestion du regard, orientation du corps, usage des mains. Une performance slam efficace repose sur un corps pr\u00e9sent, sans surjeu.<\/li>\n<\/ul>\n<p>Les formats propos\u00e9s par <strong>129H<\/strong> \u2013 <u>atelier d\u00e9couverte de 2h<\/u>, <u>stage court de 5 \u00e0 7 s\u00e9ances<\/u>, <u>stage annuel de 25 s\u00e9ances<\/u> \u2013 permettent d\u2019int\u00e9grer ces techniques progressivement, en associant exercices d\u2019\u00e9criture, jeux de voix et r\u00e9p\u00e9titions sc\u00e9niques. Sur des sc\u00e8nes ouvertes anim\u00e9es par des figures comme <strong>King Bobo<\/strong>, <strong>Mamzelle Nady<\/strong> ou <strong>Titoslamstation<\/strong>, nous observons des d\u00e9monstrations de <u>3 \u00e0 6 minutes<\/u>, o\u00f9 ces techniques sont visibles : gestion du silence, crescendo dramatique, ancrage dans le r\u00e9el.<\/p>\n<ul>\n<li>Pour capter le public, nous recommandons de partir de <u>th\u00e8mes soci\u00e9taux pr\u00e9cis<\/u> : violences polici\u00e8res, gentrification des quartiers comme <strong>Belleville<\/strong>, m\u00e9moire migratoire \u00e0 <strong>La Goutte d\u2019Or<\/strong>, charge mentale au travail en <strong>\u00cele-de-France<\/strong>.<\/li>\n<li>Un bon texte slam tient g\u00e9n\u00e9ralement en <u>moins de 50 lignes<\/u> et peut \u00eatre r\u00e9sum\u00e9 en une phrase forte. Exemple condens\u00e9&nbsp;:  <u>Je marche sur Paris, bitume en braille, chaque trottoir traduit une col\u00e8re, chaque mur tagu\u00e9 recolle mes fractures<\/u> ?.<\/li>\n<li>Nous conseillons de tester votre texte \u00e0 voix haute, en atelier, avant toute sc\u00e8ne ouverte, afin d\u2019ajuster les respirations et les appuis.<\/li>\n<\/ul>\n<p>Cette d\u00e9marche, associ\u00e9e \u00e0 l\u2019accompagnement de professionnels aguerris comme <strong>Lyor<\/strong> ou <strong>Rouda<\/strong>, nous semble nettement plus efficace que des approches improvis\u00e9es. Les ateliers structur\u00e9s offrent un cadre s\u00e9curisant pour exp\u00e9rimenter, recevoir des retours techniques, puis monter sur sc\u00e8ne sereinement.<\/p>\n<h2>L&rsquo;Impact Social et \u00c9ducatif du Slam \u00e0 Paris<\/h2>\n<p>\u00c0 Paris, le <strong>slam<\/strong> ne se limite pas \u00e0 une pratique artistique de niche. Les programmes men\u00e9s par des structures comme <strong>129H<\/strong>, la <strong>Ligue Slam de France<\/strong>, la <strong>Ville de Paris<\/strong> ou des acteurs comme <strong>Arcadi \u00cele-de-France<\/strong> et les <strong>Instituts fran\u00e7ais<\/strong> dessinent un v\u00e9ritable outil d\u2019<u>inclusion sociale<\/u> et d\u2019<u>\u00e9ducation populaire<\/u>.<\/p>\n<ul>\n<li><strong>Publics en situation de fragilit\u00e9<\/strong> : <strong>129H<\/strong> intervient aupr\u00e8s de <u>publics handicap\u00e9s<\/u>, de <u>personnes d\u00e9tenues<\/u>, de <u>publics allophones<\/u> ou de jeunes en <strong>SEGPA<\/strong>. Les ateliers deviennent un espace de parole structur\u00e9e, o\u00f9 la langue fran\u00e7aise est abord\u00e9e de fa\u00e7on <strong>ludique et d\u00e9complex\u00e9e<\/strong>.<\/li>\n<li><strong>Dynamiques territoriales<\/strong> : dans le <strong>20e arrondissement<\/strong>, la convention pass\u00e9e avec la <strong>Ville de Paris<\/strong> permet \u00e0 <strong>129H<\/strong> de coordonner une  dynamique slam ? sur tout un territoire, combinant ateliers r\u00e9guliers, tournoi annuel, et partenariats avec \u00e9coles et associations locales.<\/li>\n<li><strong>Sc\u00e8nes ouvertes inclusives<\/strong> : des lieux comme le <strong>Petit Ney<\/strong> en <strong>18e<\/strong> ou des caf\u00e9s associatifs du <strong>14e arrondissement<\/strong> accueillent des sc\u00e8nes o\u00f9 le micro est v\u00e9ritablement ouvert, sans s\u00e9lection pr\u00e9alable, ce qui renforce la mixit\u00e9 sociale et g\u00e9n\u00e9rationnelle.<\/li>\n<\/ul>\n<p>Les chiffres confirment cet impact : <u>180 structures partenaires<\/u> pour <strong>129H<\/strong> (\u00e9tablissements scolaires, prisons, centres culturels, festivals), plusieurs milliers de personnes accompagn\u00e9es depuis <u>2002<\/u>, un r\u00e9seau national anim\u00e9 par la <strong>Ligue Slam de France<\/strong> qui d\u00e9ploie le programme <strong> Slam \u00e0 l\u2019\u00c9cole ?<\/strong> depuis <u>2015<\/u>, en lien avec l\u2019<strong>\u00c9ducation nationale<\/strong>. \u00c0 l\u2019\u00e9chelle de la capitale, la participation \u00e0 des projets comme ceux de la <strong>Philharmonie de Paris<\/strong> en <u>2025<\/u> anticipe une hausse notable du nombre de classes sensibilis\u00e9es au slam.<\/p>\n<ul>\n<li>Un cas document\u00e9 montre qu\u2019un groupe de coll\u00e9giens de <strong>SEGPA<\/strong>, dans l\u2019est parisien, ayant suivi un cycle d\u2019ateliers avec <strong>129H<\/strong>, a vu le taux de participation orale en cours de fran\u00e7ais augmenter de fa\u00e7on significative sur l\u2019ann\u00e9e scolaire.<\/li>\n<li>Des lyc\u00e9ens d\u2019un \u00e9tablissement du <strong>19e arrondissement<\/strong>, engag\u00e9s dans un projet slam avec la <strong>Ville de Paris<\/strong>, ont pr\u00e9sent\u00e9 en <u>juin 2024<\/u> un spectacle m\u00ealant slam et musique, ayant attir\u00e9 plus de <u>200 spectateurs<\/u>.<\/li>\n<li>Les collaborations avec des organismes comme <strong>Arcadi \u00cele-de-France<\/strong> et le r\u00e9seau des <strong>Instituts fran\u00e7ais<\/strong> ont permis un rayonnement du slam parisien jusqu\u2019\u00e0 <strong>Bamako<\/strong>, <strong>Caracas<\/strong> ou <strong>Los Angeles<\/strong>, par le biais de tourn\u00e9es d\u2019artistes comme <strong>Rouda<\/strong>.<\/li>\n<\/ul>\n<p>Nous d\u00e9fendons l\u2019id\u00e9e que le slam, en contexte parisien, agit comme un vecteur d\u2019<strong>empowerment<\/strong> langagier et citoyen. \u00c0 l\u2019heure o\u00f9 les fractures sociales et territoriales demeurent fortes en <strong>\u00cele-de-France<\/strong>, un <strong>atelier slam Paris<\/strong> bien con\u00e7u, adoss\u00e9 \u00e0 des structures exp\u00e9riment\u00e9es, produit des effets r\u00e9els sur la confiance, la prise de parole publique et le rapport \u00e0 la langue.<\/p>\n<h2>Comment Trouver un Atelier Slam pr\u00e8s de Chez Vous \u00e0 Paris ?<\/h2>\n<p>Localiser un <strong>atelier slam Paris<\/strong> pertinent suppose d\u2019identifier \u00e0 la fois les bons sites ressources et les bons mots-cl\u00e9s. Le paysage num\u00e9rique est aujourd\u2019hui suffisamment structur\u00e9 pour que la recherche soit rapide, \u00e0 condition de suivre quelques \u00e9tapes m\u00e9thodiques.<\/p>\n<ul>\n<li><strong>Sites de structures sp\u00e9cialis\u00e9es<\/strong> :\n<ul>\n<li><strong>129H.com<\/strong> : calendrier des ateliers, stages annuels, projets en partenariat, notamment dans le <strong>20e arrondissement<\/strong>.<\/li>\n<li><strong>Slamofeminin.free.fr<\/strong> : informations sur les ateliers du collectif <strong>Slam \u00f4 F\u00e9minin<\/strong>, dont ceux du <strong>Centre Binet<\/strong> et du <strong>Petit Ney<\/strong>.<\/li>\n<li><strong>Universlam.com<\/strong> (Unis vers le Slam) : programmation de sc\u00e8nes ouvertes, d\u00e9monstrations et \u00e9v\u00e9nements ponctuels avec des slameurs comme <strong>King Bobo<\/strong>.<\/li>\n<\/ul>\n<\/li>\n<li><strong>Plateformes et sites institutionnels<\/strong> :\n<ul>\n<li><strong>Paris.fr<\/strong> : agenda des \u00e9v\u00e9nements culturels de la <strong>Ville de Paris<\/strong>, dont des s\u00e9ances  <u>Initiation au slam : \u00e9crire et dire ce qui nous lie<\/u> ? dans divers arrondissements.<\/li>\n<li><strong>HelloAsso<\/strong> : inscriptions en ligne \u00e0 certains ateliers ou stages, notamment pour des associations du r\u00e9seau slam.<\/li>\n<\/ul>\n<\/li>\n<li><strong>R\u00e9seaux sociaux<\/strong> :\n<ul>\n<li>Pages <strong>Facebook<\/strong> et comptes <strong>Instagram<\/strong> de collectifs slam, o\u00f9 sont annonc\u00e9es des sc\u00e8nes ouvertes au <strong>Moulin \u00e0 Caf\u00e9<\/strong>, \u00e0 <strong>Montparnasse<\/strong> ou dans les caf\u00e9s associatifs.<\/li>\n<\/ul>\n<\/li>\n<\/ul>\n<p>Pour optimiser vos recherches, nous recommandons d\u2019utiliser une combinaison de mots-cl\u00e9s g\u00e9olocalis\u00e9s, qui r\u00e9pondent aussi aux usages des moteurs de recherche. Quelques requ\u00eates efficaces&nbsp;:<\/p>\n<ul>\n<li><u> atelier slam Paris 18 ?<\/u> pour cibler des espaces comme le <strong>Centre Binet<\/strong> ou le <strong>Petit Ney<\/strong>.<\/li>\n<li><u> atelier slam Paris 20 ?<\/u> pour remonter les offres de <strong>129H<\/strong> et des <strong>Plateaux Sauvages<\/strong>.<\/li>\n<li><u> sc\u00e8ne ouverte slam Paris gratuit ?<\/u> pour rep\u00e9rer les soir\u00e9es \u00e0 entr\u00e9e libre.<\/li>\n<\/ul>\n<p>Un tutoriel simple pour passer \u00e0 l\u2019action pourrait \u00eatre&nbsp;:<\/p>\n<ul>\n<li>\u00c9tape 1 : d\u00e9finir votre zone \u2013 <strong>Nord-Est parisien<\/strong> (18e, 19e, 20e) ou <strong>Centre<\/strong> (11e, 14e).<\/li>\n<li>\u00c9tape 2 : lancer une recherche cibl\u00e9e avec les mots-cl\u00e9s cit\u00e9s ci-dessus.<\/li>\n<li>\u00c9tape 3 : v\u00e9rifier sur le site de l\u2019organisateur les <u>horaires<\/u>, <u>tarifs<\/u> et <u>conditions d\u2019inscription<\/u> (pr\u00e9-inscription via formulaire, via <strong>HelloAsso<\/strong> ou entr\u00e9e libre).<\/li>\n<li>\u00c9tape 4 : noter la date de la prochaine session, pr\u00e9parer un premier texte ou quelques id\u00e9es de th\u00e8mes.<\/li>\n<li>\u00c9tape 5 : vous rendre sur place, observer une premi\u00e8re fois si vous \u00eates intimid\u00e9, puis vous lancer sur une session suivante.<\/li>\n<\/ul>\n<p>Sur la p\u00e9riode <u>2025-2026<\/u>, plusieurs collectifs annoncent d\u00e9j\u00e0 une intensification de leur calendrier, notamment dans les <strong>18e<\/strong> et <strong>20e arrondissements<\/strong>. Nous vous conseillons donc de v\u00e9rifier r\u00e9guli\u00e8rement les agendas des sites cit\u00e9s, ainsi que les \u00e9v\u00e9nements cr\u00e9\u00e9s sur les r\u00e9seaux sociaux, qui restent souvent le canal privil\u00e9gi\u00e9 pour les annonces de derni\u00e8re minute.<\/p>\n<h2>FAQ : Tout ce que vous devez savoir sur les Ateliers Slam \u00e0 Paris<\/h2>\n<p>Pour vous aider \u00e0 franchir le pas, nous r\u00e9pondons ici aux questions que se posent le plus fr\u00e9quemment les personnes qui envisagent un <strong>atelier slam Paris<\/strong>.<\/p>\n<ul>\n<li><strong>Qui peut participer ?<\/strong><br \/>\n  Les ateliers accueillent g\u00e9n\u00e9ralement des publics de <u>8 \u00e0 92 ans<\/u>. Des cycles sont sp\u00e9cifiquement pens\u00e9s pour les enfants (8-11 ans) et pour les adolescents\/adultes (12-92 ans), comme chez <strong>129H<\/strong>. Le collectif <strong>Slam \u00f4 F\u00e9minin<\/strong> insiste sur l\u2019accessibilit\u00e9 \u00e0 toutes et tous, quels que soient le niveau ou l\u2019exp\u00e9rience.<\/li>\n<li><strong>Combien cela co\u00fbte-t-il ?<\/strong><br \/>\n  Plusieurs dispositifs sont <u>gratuits<\/u> : ateliers du <strong>Petit Ney<\/strong>, atelier d\u2019\u00e9criture rap et slam \u00e0 la <strong>Maison du Hip Hop<\/strong> (mercredis soir), certaines initiations organis\u00e9es par la <strong>Ville de Paris<\/strong>. Les stages plus structur\u00e9s se situent autour de <u>100 \u00e0 120 \u20ac<\/u>, comme ceux propos\u00e9s par le <strong>Mus\u00e9e de La Poste<\/strong> ou d\u2019autres institutions culturelles. Certains \u00e9v\u00e9nements slam facturent l\u2019entr\u00e9e autour de <u>5 \u20ac<\/u>.<\/li>\n<li><strong>Faut-il des comp\u00e9tences pr\u00e9alables en \u00e9criture ?<\/strong><br \/>\n  Non, la plupart des ateliers sont con\u00e7us comme des <u>initiations<\/u>. Chez <strong>129H<\/strong>, les <strong>ateliers d\u00e9couverte de 2h<\/strong> sont pr\u00e9cis\u00e9ment pens\u00e9s pour des personnes n\u2019ayant jamais \u00e9crit de texte po\u00e9tique ni pris la parole en public. Le principe cl\u00e9 consiste \u00e0 <strong>d\u00e9scolariser l\u2019\u00e9criture<\/strong>, donc \u00e0 s\u2019\u00e9loigner du jugement scolaire traditionnel.<\/li>\n<li><strong>Quels sont les horaires typiques en 2025 ?<\/strong><br \/>\n  Les cr\u00e9neaux r\u00e9currents annonc\u00e9s incluent, entre autres, les <u>mardis 19h30-21h<\/u> au <strong>Centre Binet<\/strong> (18e) avec <strong>Slam \u00f4 F\u00e9minin<\/strong>, les <u>samedis 17h-19h<\/u> au <strong>Petit Ney<\/strong>, les <u>mercredis 18h30-21h30<\/u> \u00e0 la <strong>Maison du Hip Hop<\/strong>, ainsi que des <u>jeudis d\u2019octobre 2025<\/u> \u00e0 la <strong>Philharmonie de Paris<\/strong> pour les ateliers scolaires.<\/li>\n<li><strong>Quelle est la dur\u00e9e d\u2019un texte de slam ?<\/strong><br \/>\n  La norme, sur les sc\u00e8nes et concours inspir\u00e9s des r\u00e8gles internationales, tourne autour de <u>3 minutes maximum<\/u> par texte. Cette contrainte est souvent reprise en atelier, afin de pr\u00e9parer les participants \u00e0 une potentielle participation \u00e0 des tournois ou sc\u00e8nes ouvertes officielles.<\/li>\n<li><strong>Comment s\u2019inscrire ?<\/strong><br \/>\n  Les modalit\u00e9s varient. Pour les structures comme <strong>129H<\/strong> ou certains centres culturels, l\u2019inscription se fait via formulaire en ligne ou via des plateformes comme <strong>HelloAsso<\/strong>. D\u2019autres lieux \u2013 <strong>Petit Ney<\/strong>, certains caf\u00e9s associatifs \u2013 fonctionnent sans inscription, sur le principe de <u>l\u2019entr\u00e9e libre<\/u> jusqu\u2019\u00e0 saturation de la salle.<\/li>\n<li><strong>Y a-t-il une restitution publique du travail ?<\/strong><br \/>\n  Tr\u00e8s souvent, oui. Les cycles d\u2019ateliers se terminent fr\u00e9quemment par une <u>sc\u00e8ne slam<\/u>, un <u>spectacle<\/u>, ou l\u2019\u00e9dition d\u2019un <u>recueil de textes<\/u>. Chez <strong>129H<\/strong>, certaines cr\u00e9ations font l\u2019objet d\u2019un enregistrement au <strong>129H STUDIO<\/strong>, ce qui permet de garder une trace sonore du projet.<\/li>\n<li><strong>Les ateliers sont-ils adapt\u00e9s \u00e0 des publics sp\u00e9cifiques (handicap, d\u00e9tenus, allophones) ?<\/strong><br \/>\n  Oui, c\u2019est m\u00eame un axe fort de l\u2019offre parisienne. <strong>129H<\/strong> et des associations du r\u00e9seau de la <strong>Ligue Slam de France<\/strong> interviennent en <u>maisons d\u2019arr\u00eat<\/u>, en <u>instituts m\u00e9dico-\u00e9ducatifs<\/u>, dans des classes d\u2019<u>UPE2A<\/u> pour \u00e9l\u00e8ves allophones. Les formats sont ajust\u00e9s aux besoins : rythme plus progressif, travail renforc\u00e9 de la compr\u00e9hension orale, collaboration avec les \u00e9quipes \u00e9ducatives.<\/li>\n<\/ul>\n<p>Ces r\u00e9ponses synth\u00e9tisent des pratiques observ\u00e9es chez plusieurs acteurs de r\u00e9f\u00e9rence. Nous estimons que la diversit\u00e9 de l\u2019offre et la solidit\u00e9 des intervenants font de Paris l\u2019un des territoires les plus favorables pour se lancer sereinement dans le slam.<\/p>\n<h2>Conclusion : Rejoignez la Sc\u00e8ne Slam Parisienne<\/h2>\n<p>Nous \u00e9voluons aujourd\u2019hui dans une ville o\u00f9 le micro circule plus librement qu\u2019hier, o\u00f9 les structures comme <strong>129H<\/strong>, <strong>Slam \u00f4 F\u00e9minin<\/strong>, la <strong>Ligue Slam de France<\/strong> ou des lieux comme les <strong>Plateaux Sauvages<\/strong>, le <strong>Petit Ney<\/strong>, la <strong>Maison du Hip Hop<\/strong> ou la <strong>Philharmonie de Paris<\/strong> ont transform\u00e9 le slam en un \u00e9cosyst\u00e8me complet, \u00e0 la fois artistique, \u00e9ducatif et social. Un <strong>atelier slam Paris<\/strong> ne vous offre pas uniquement une am\u00e9lioration de votre plume ; il ouvre un espace o\u00f9 votre voix, votre histoire, vos col\u00e8res et vos joies trouvent une forme audible, structur\u00e9e, partag\u00e9e.<\/p>\n<ul>\n<li>Pour ceux qui souhaitent progresser techniquement, les cycles annuels de <strong>129H<\/strong> et les ateliers hebdomadaires de <strong>Slam \u00f4 F\u00e9minin<\/strong> repr\u00e9sentent des cadres exigeants, port\u00e9s par des professionnels reconnus.<\/li>\n<li>Pour celles et ceux qui cherchent un premier contact, les sessions gratuites du <strong>Petit Ney<\/strong> ou de la <strong>Maison du Hip Hop<\/strong> constituent des portes d\u2019entr\u00e9e id\u00e9ales.<\/li>\n<li>Pour les publics scolaires, les actions men\u00e9es en partenariat avec la <strong>Ville de Paris<\/strong>, la <strong>Philharmonie de Paris<\/strong> ou l\u2019<strong>\u00c9ducation nationale<\/strong> assurent un acc\u00e8s encadr\u00e9 et progressif.<\/li>\n<\/ul>\n<p>Nous vous invitons \u00e0 franchir ce pas : <u>inscrivez-vous d\u00e8s maintenant \u00e0 un atelier slam Paris, chez 129H, Slam \u00f4 F\u00e9minin ou dans l\u2019un des lieux cit\u00e9s<\/u>. Prenez un stylo, ouvrez un document, notez quelques mots sur votre journ\u00e9e, votre quartier, vos peurs, vos victoires. Puis, quand vous vous sentirez pr\u00eat, montez sur sc\u00e8ne et <strong>partagez vos premiers textes<\/strong>. La po\u00e9sie urbaine parisienne se construit voix apr\u00e8s voix, et la v\u00f4tre peut y trouver pleinement sa place.<\/p>\n<div style=\"background: #e8f4f8;border: 3px solid #0073aa;padding: 20px;margin: 20px 0;border-radius: 8px\">\n<h2 style=\"color: #0073aa;text-align: center;margin-bottom: 15px\">\ud83d\udd27 Ressources Pratiques et Outils<\/h2>\n<div style=\"background: white;padding: 15px;margin: 10px 0;border-left: 4px solid #28a745\">\n<h3 style=\"color: #28a745;margin-bottom: 10px\">\ud83d\udccd Ateliers Slam \u00e0 Paris<\/h3>\n<p><strong>Th\u00e9\u00e2tre de la Concorde<\/strong> : Paris 75008, anim\u00e9 par Laur\u00e9line Kuntz, Nico K, Luciole (Compagnie Dixlesic &amp; Co, \u00c9cole de l\u2019Op\u00e9ra de la Parole). Atelier mensuel gratuit le <strong>samedi 20\/12\/2025<\/strong> de 16h \u00e0 19h. Plus d&rsquo;infos : <a href=\"https:\/\/www.jds.fr\/paris\/activite-experience\/ateliers\/explorer-l-art-du-slam-et-de-la-parole-au-theatre-de-la-concorde-1229306_A\" rel=\"nofollow\">ici<\/a>.<\/p>\n<p><strong>Centre Binet<\/strong> : Paris 18, ateliers hebdomadaires tous les <strong>mardis de 19h30 \u00e0 21h<\/strong> (2025-2026) avec le collectif <strong>Slam \u00f4 F\u00e9minin<\/strong>. Plus d&rsquo;infos : <a href=\"http:\/\/slamofeminin.free.fr\/programme.html\" rel=\"nofollow\">ici<\/a>.<\/p>\n<p><strong>Petit Ney<\/strong> : Paris 18, ateliers slam gratuits tous les <strong>samedis de 17h \u00e0 19h<\/strong>. Entr\u00e9e libre. Plus d&rsquo;infos : <a href=\"http:\/\/slamofeminin.free.fr\/programme.html\" rel=\"nofollow\">ici<\/a>.<\/p>\n<p><strong>MPAA<\/strong> : Ateliers d&rsquo;\u00e9criture slam en pr\u00e9sentiel\/distanciel, tarif de <strong>10\u20ac plein \/ 8\u20ac r\u00e9duit<\/strong> pour les ateliers de 18h30 \u00e0 20h. Plus d&rsquo;infos : <a href=\"https:\/\/www.mpaa.fr\/programmation\/fenetre-monde-saison-24-25\" rel=\"nofollow\">ici<\/a>.<\/p>\n<p><strong>M\u00e9diath\u00e8que Marguerite Yourcenar<\/strong> : 41 rue d&rsquo;Alleray, 75015 Paris, atelier slam gratuit le <strong>07\/12\/2024<\/strong>. Plus d&rsquo;infos : <a href=\"https:\/\/www.paris.fr\/evenements\/initiation-au-slam-ecrire-et-dire-ce-qui-nous-lie-99427\" rel=\"nofollow\">ici<\/a>.<\/p>\n<\/div>\n<div style=\"background: white;padding: 15px;margin: 10px 0;border-left: 4px solid #007bff\">\n<h3 style=\"color: #007bff;margin-bottom: 10px\">\ud83d\udee0\ufe0f Outils et Calculateurs<\/h3>\n<p>Aucun outil ou logiciel sp\u00e9cifique n&rsquo;est mentionn\u00e9 dans les donn\u00e9es. Cependant, les ateliers et formations propos\u00e9es permettent d&rsquo;acqu\u00e9rir des comp\u00e9tences en slam et en \u00e9criture cr\u00e9ative.<\/p>\n<\/div>\n<div style=\"background: white;padding: 15px;margin: 10px 0;border-left: 4px solid #6f42c1\">\n<h3 style=\"color: #6f42c1;margin-bottom: 10px\">\ud83d\udc65 Communaut\u00e9 et Experts<\/h3>\n<p>Le <strong>Collectif Slam \u00f4 F\u00e9minin<\/strong> est un acteur cl\u00e9 de la sc\u00e8ne slam \u00e0 Paris, avec des \u00e9v\u00e9nements r\u00e9guliers et des ateliers. Pour plus d&rsquo;infos, consultez leur site : <a href=\"http:\/\/slamofeminin.free.fr\/programme.html\" rel=\"nofollow\">ici<\/a>.<\/p>\n<\/div>\n<div style=\"background: #fff3cd;padding: 15px;margin: 15px 0;border: 2px solid #ffc107;border-radius: 5px\">\n<strong style=\"color: #856404\">\ud83d\udca1 R\u00e9sum\u00e9 en 2 lignes :<\/strong><br \/>\n<span>Paris offre une vari\u00e9t\u00e9 d&rsquo;ateliers slam accessibles, allant de gratuits \u00e0 des tarifs modiques, anim\u00e9s par des professionnels reconnus. Ces ressources favorisent l&rsquo;expression artistique et l&rsquo;inclusion sociale \u00e0 travers la po\u00e9sie urbaine.<\/span>\n<\/div>\n<\/div>\n","protected":false},"excerpt":{"rendered":"","protected":false},"author":34,"featured_media":7670,"comment_status":"open","ping_status":"open","sticky":false,"template":"","format":"standard","meta":{"_acf_changed":false,"manual_indexmenow":false,"indexmenow_id_project":0,"footnotes":""},"categories":[4522],"tags":[4765,4764,4763],"class_list":["post-7668","post","type-post","status-publish","format-standard","has-post-thumbnail","hentry","category-guides-et-conseils","tag-origines-slam","tag-posie-urbaine","tag-slam-paris","generate-columns","tablet-grid-50","mobile-grid-100","grid-parent","grid-25"],"acf":[],"yoast_head":"<!-- This site is optimized with the Yoast SEO Premium plugin v21.3 (Yoast SEO v26.5) - https:\/\/yoast.com\/wordpress\/plugins\/seo\/ -->\n<title>Atelier slam \u00e0 Paris : ma\u00eetriser la po\u00e9sie urbaine<\/title>\n<meta name=\"description\" content=\"Le slam de po\u00e9sie na\u00eet dans les ann\u00e9es 1980 \u00e0 Chicago, \u00c9tats-Unis, sous l\u2019impulsion de Marc Kelly Smith, po\u00e8te performeur, avant de se diffuser en Europe\" \/>\n<meta name=\"robots\" content=\"index, follow, max-snippet:-1, max-image-preview:large, max-video-preview:-1\" \/>\n<link rel=\"canonical\" href=\"https:\/\/slams.fr\/blog\/guides-et-conseils\/atelier-slam-a-paris-comment-maitriser-la-poesie-urbaine-et-ses-origines\/\" \/>\n<meta property=\"og:locale\" content=\"fr_FR\" \/>\n<meta property=\"og:type\" content=\"article\" \/>\n<meta property=\"og:title\" content=\"Atelier slam \u00e0 Paris : ma\u00eetriser la po\u00e9sie urbaine\" \/>\n<meta property=\"og:description\" content=\"Le slam de po\u00e9sie na\u00eet dans les ann\u00e9es 1980 \u00e0 Chicago, \u00c9tats-Unis, sous l\u2019impulsion de Marc Kelly Smith, po\u00e8te performeur, avant de se diffuser en Europe\" \/>\n<meta property=\"og:url\" content=\"https:\/\/slams.fr\/blog\/guides-et-conseils\/atelier-slam-a-paris-comment-maitriser-la-poesie-urbaine-et-ses-origines\/\" \/>\n<meta property=\"og:site_name\" content=\"slams\" \/>\n<meta property=\"og:image\" content=\"https:\/\/slams.fr\/blog\/wp-content\/uploads\/2025\/12\/pag-image-693bddac8402e-scaled.png\" \/>\n\t<meta property=\"og:image:width\" content=\"1200\" \/>\n\t<meta property=\"og:image:height\" content=\"686\" \/>\n\t<meta property=\"og:image:type\" content=\"image\/png\" \/>\n<meta name=\"author\" content=\"Rapha\u00ebl D.\" \/>\n<meta name=\"twitter:card\" content=\"summary_large_image\" \/>\n<script type=\"application\/ld+json\" class=\"yoast-schema-graph\">{\"@context\":\"https:\/\/schema.org\",\"@graph\":[{\"@type\":\"NewsArticle\",\"@id\":\"https:\/\/slams.fr\/blog\/guides-et-conseils\/atelier-slam-a-paris-comment-maitriser-la-poesie-urbaine-et-ses-origines\/#article\",\"isPartOf\":{\"@id\":\"https:\/\/slams.fr\/blog\/guides-et-conseils\/atelier-slam-a-paris-comment-maitriser-la-poesie-urbaine-et-ses-origines\/\"},\"author\":{\"name\":\"Rapha\u00ebl D.\",\"@id\":\"https:\/\/slams.fr\/blog\/#\/schema\/person\/3c864cdc320801e3db34b663e7e3f816\"},\"headline\":\"Atelier Slam \u00e0 Paris : Comment ma\u00eetriser la po\u00e9sie urbaine et ses origines\",\"datePublished\":\"2025-12-25T08:55:00+00:00\",\"mainEntityOfPage\":{\"@id\":\"https:\/\/slams.fr\/blog\/guides-et-conseils\/atelier-slam-a-paris-comment-maitriser-la-poesie-urbaine-et-ses-origines\/\"},\"wordCount\":3902,\"commentCount\":0,\"publisher\":{\"@id\":\"https:\/\/slams.fr\/blog\/#organization\"},\"image\":{\"@id\":\"https:\/\/slams.fr\/blog\/guides-et-conseils\/atelier-slam-a-paris-comment-maitriser-la-poesie-urbaine-et-ses-origines\/#primaryimage\"},\"thumbnailUrl\":\"https:\/\/slams.fr\/blog\/wp-content\/uploads\/2025\/12\/pag-image-693bddac8402e-scaled.png\",\"keywords\":[\"origines slam\",\"posie urbaine\",\"slam paris\"],\"articleSection\":[\"Guides et Conseils\"],\"inLanguage\":\"fr-FR\",\"potentialAction\":[{\"@type\":\"CommentAction\",\"name\":\"Comment\",\"target\":[\"https:\/\/slams.fr\/blog\/guides-et-conseils\/atelier-slam-a-paris-comment-maitriser-la-poesie-urbaine-et-ses-origines\/#respond\"]}]},{\"@type\":\"WebPage\",\"@id\":\"https:\/\/slams.fr\/blog\/guides-et-conseils\/atelier-slam-a-paris-comment-maitriser-la-poesie-urbaine-et-ses-origines\/\",\"url\":\"https:\/\/slams.fr\/blog\/guides-et-conseils\/atelier-slam-a-paris-comment-maitriser-la-poesie-urbaine-et-ses-origines\/\",\"name\":\"Atelier slam \u00e0 Paris : ma\u00eetriser la po\u00e9sie urbaine\",\"isPartOf\":{\"@id\":\"https:\/\/slams.fr\/blog\/#website\"},\"primaryImageOfPage\":{\"@id\":\"https:\/\/slams.fr\/blog\/guides-et-conseils\/atelier-slam-a-paris-comment-maitriser-la-poesie-urbaine-et-ses-origines\/#primaryimage\"},\"image\":{\"@id\":\"https:\/\/slams.fr\/blog\/guides-et-conseils\/atelier-slam-a-paris-comment-maitriser-la-poesie-urbaine-et-ses-origines\/#primaryimage\"},\"thumbnailUrl\":\"https:\/\/slams.fr\/blog\/wp-content\/uploads\/2025\/12\/pag-image-693bddac8402e-scaled.png\",\"datePublished\":\"2025-12-25T08:55:00+00:00\",\"description\":\"Le slam de po\u00e9sie na\u00eet dans les ann\u00e9es 1980 \u00e0 Chicago, \u00c9tats-Unis, sous l\u2019impulsion de Marc Kelly Smith, po\u00e8te performeur, avant de se diffuser en Europe\",\"inLanguage\":\"fr-FR\",\"potentialAction\":[{\"@type\":\"ReadAction\",\"target\":[\"https:\/\/slams.fr\/blog\/guides-et-conseils\/atelier-slam-a-paris-comment-maitriser-la-poesie-urbaine-et-ses-origines\/\"]}]},{\"@type\":\"ImageObject\",\"inLanguage\":\"fr-FR\",\"@id\":\"https:\/\/slams.fr\/blog\/guides-et-conseils\/atelier-slam-a-paris-comment-maitriser-la-poesie-urbaine-et-ses-origines\/#primaryimage\",\"url\":\"https:\/\/slams.fr\/blog\/wp-content\/uploads\/2025\/12\/pag-image-693bddac8402e-scaled.png\",\"contentUrl\":\"https:\/\/slams.fr\/blog\/wp-content\/uploads\/2025\/12\/pag-image-693bddac8402e-scaled.png\",\"width\":1200,\"height\":686,\"caption\":\"Image g\u00e9n\u00e9r\u00e9e par IA optimis\u00e9e pour Google Discover\"},{\"@type\":\"WebSite\",\"@id\":\"https:\/\/slams.fr\/blog\/#website\",\"url\":\"https:\/\/slams.fr\/blog\/\",\"name\":\"slams.fr\",\"description\":\"Slams, l&#039;\u00e9nergie des mots en action\",\"publisher\":{\"@id\":\"https:\/\/slams.fr\/blog\/#organization\"},\"alternateName\":\"Slams, l'\u00e9nergie des mots en action\",\"potentialAction\":[{\"@type\":\"SearchAction\",\"target\":{\"@type\":\"EntryPoint\",\"urlTemplate\":\"https:\/\/slams.fr\/blog\/?s={search_term_string}\"},\"query-input\":{\"@type\":\"PropertyValueSpecification\",\"valueRequired\":true,\"valueName\":\"search_term_string\"}}],\"inLanguage\":\"fr-FR\"},{\"@type\":\"Organization\",\"@id\":\"https:\/\/slams.fr\/blog\/#organization\",\"name\":\"Foretsensations.fr\",\"url\":\"https:\/\/slams.fr\/blog\/\",\"logo\":{\"@type\":\"ImageObject\",\"inLanguage\":\"fr-FR\",\"@id\":\"https:\/\/slams.fr\/blog\/#\/schema\/logo\/image\/\",\"url\":\"https:\/\/slams.fr\/blog\/wp-content\/uploads\/2026\/07\/logo-auto-1.png\",\"contentUrl\":\"https:\/\/slams.fr\/blog\/wp-content\/uploads\/2026\/07\/logo-auto-1.png\",\"width\":1024,\"height\":1024,\"caption\":\"Foretsensations.fr\"},\"image\":{\"@id\":\"https:\/\/slams.fr\/blog\/#\/schema\/logo\/image\/\"}},{\"@type\":\"Person\",\"@id\":\"https:\/\/slams.fr\/blog\/#\/schema\/person\/3c864cdc320801e3db34b663e7e3f816\",\"name\":\"Rapha\u00ebl D.\",\"image\":{\"@type\":\"ImageObject\",\"inLanguage\":\"fr-FR\",\"@id\":\"https:\/\/slams.fr\/blog\/#\/schema\/person\/image\/\",\"url\":\"https:\/\/slams.fr\/blog\/wp-content\/uploads\/2026\/06\/persona_raphael-d-96x96.jpg\",\"contentUrl\":\"https:\/\/slams.fr\/blog\/wp-content\/uploads\/2026\/06\/persona_raphael-d-96x96.jpg\",\"caption\":\"Rapha\u00ebl D.\"},\"description\":\"La culture est mon terrain de jeu depuis une dizaine d'ann\u00e9es : arts visuels, s\u00e9ries, cr\u00e9ation et tout ce qui nourrit l'imaginaire. J'\u00e9cris aussi bien sur l'actualit\u00e9 des \u0153uvres que sur les coulisses de la cr\u00e9ation, avec l'envie de relier l'amateur curieux \u00e0 des univers parfois jug\u00e9s intimidants. J'aime analyser une s\u00e9rie ou une d\u00e9marche artistique sans p\u00e9dantisme, replacer une \u0153uvre dans son contexte et donner des cl\u00e9s de lecture accessibles. Avant de publier, je v\u00e9rifie mes r\u00e9f\u00e9rences, je recoupe les sources et je distingue clairement le fait de mon interpr\u00e9tation subjective. Je crois qu'une critique vaut surtout par les arguments qu'elle expose, pas par la sentence qu'elle rend. Mon angle : transmettre l'envie de d\u00e9couvrir, de regarder autrement et de se forger son propre go\u00fbt. La culture n'appartient pas qu'aux initi\u00e9s, et c'est tout l'enjeu de mon \u00e9criture.\",\"url\":\"https:\/\/slams.fr\/blog\/auteur\/raphael-d\/\",\"jobTitle\":\"R\u00e9dacteur en chef \u00b7 Culture & Cr\u00e9ation\",\"knowsAbout\":[\"Culture\",\"Cr\u00e9ation\"],\"email\":\"raphael.d@a-l-asso-de-l-art.fr\"}]}<\/script>\n<!-- \/ Yoast SEO Premium plugin. -->","yoast_head_json":{"title":"Atelier slam \u00e0 Paris : ma\u00eetriser la po\u00e9sie urbaine","description":"Le slam de po\u00e9sie na\u00eet dans les ann\u00e9es 1980 \u00e0 Chicago, \u00c9tats-Unis, sous l\u2019impulsion de Marc Kelly Smith, po\u00e8te performeur, avant de se diffuser en Europe","robots":{"index":"index","follow":"follow","max-snippet":"max-snippet:-1","max-image-preview":"max-image-preview:large","max-video-preview":"max-video-preview:-1"},"canonical":"https:\/\/slams.fr\/blog\/guides-et-conseils\/atelier-slam-a-paris-comment-maitriser-la-poesie-urbaine-et-ses-origines\/","og_locale":"fr_FR","og_type":"article","og_title":"Atelier slam \u00e0 Paris : ma\u00eetriser la po\u00e9sie urbaine","og_description":"Le slam de po\u00e9sie na\u00eet dans les ann\u00e9es 1980 \u00e0 Chicago, \u00c9tats-Unis, sous l\u2019impulsion de Marc Kelly Smith, po\u00e8te performeur, avant de se diffuser en Europe","og_url":"https:\/\/slams.fr\/blog\/guides-et-conseils\/atelier-slam-a-paris-comment-maitriser-la-poesie-urbaine-et-ses-origines\/","og_site_name":"slams","og_image":[{"width":1200,"height":686,"url":"https:\/\/slams.fr\/blog\/wp-content\/uploads\/2025\/12\/pag-image-693bddac8402e-scaled.png","type":"image\/png"}],"author":"Rapha\u00ebl D.","twitter_card":"summary_large_image","schema":{"@context":"https:\/\/schema.org","@graph":[{"@type":"NewsArticle","@id":"https:\/\/slams.fr\/blog\/guides-et-conseils\/atelier-slam-a-paris-comment-maitriser-la-poesie-urbaine-et-ses-origines\/#article","isPartOf":{"@id":"https:\/\/slams.fr\/blog\/guides-et-conseils\/atelier-slam-a-paris-comment-maitriser-la-poesie-urbaine-et-ses-origines\/"},"author":{"name":"Rapha\u00ebl D.","@id":"https:\/\/slams.fr\/blog\/#\/schema\/person\/3c864cdc320801e3db34b663e7e3f816"},"headline":"Atelier Slam \u00e0 Paris : Comment ma\u00eetriser la po\u00e9sie urbaine et ses origines","datePublished":"2025-12-25T08:55:00+00:00","mainEntityOfPage":{"@id":"https:\/\/slams.fr\/blog\/guides-et-conseils\/atelier-slam-a-paris-comment-maitriser-la-poesie-urbaine-et-ses-origines\/"},"wordCount":3902,"commentCount":0,"publisher":{"@id":"https:\/\/slams.fr\/blog\/#organization"},"image":{"@id":"https:\/\/slams.fr\/blog\/guides-et-conseils\/atelier-slam-a-paris-comment-maitriser-la-poesie-urbaine-et-ses-origines\/#primaryimage"},"thumbnailUrl":"https:\/\/slams.fr\/blog\/wp-content\/uploads\/2025\/12\/pag-image-693bddac8402e-scaled.png","keywords":["origines slam","posie urbaine","slam paris"],"articleSection":["Guides et Conseils"],"inLanguage":"fr-FR","potentialAction":[{"@type":"CommentAction","name":"Comment","target":["https:\/\/slams.fr\/blog\/guides-et-conseils\/atelier-slam-a-paris-comment-maitriser-la-poesie-urbaine-et-ses-origines\/#respond"]}]},{"@type":"WebPage","@id":"https:\/\/slams.fr\/blog\/guides-et-conseils\/atelier-slam-a-paris-comment-maitriser-la-poesie-urbaine-et-ses-origines\/","url":"https:\/\/slams.fr\/blog\/guides-et-conseils\/atelier-slam-a-paris-comment-maitriser-la-poesie-urbaine-et-ses-origines\/","name":"Atelier slam \u00e0 Paris : ma\u00eetriser la po\u00e9sie urbaine","isPartOf":{"@id":"https:\/\/slams.fr\/blog\/#website"},"primaryImageOfPage":{"@id":"https:\/\/slams.fr\/blog\/guides-et-conseils\/atelier-slam-a-paris-comment-maitriser-la-poesie-urbaine-et-ses-origines\/#primaryimage"},"image":{"@id":"https:\/\/slams.fr\/blog\/guides-et-conseils\/atelier-slam-a-paris-comment-maitriser-la-poesie-urbaine-et-ses-origines\/#primaryimage"},"thumbnailUrl":"https:\/\/slams.fr\/blog\/wp-content\/uploads\/2025\/12\/pag-image-693bddac8402e-scaled.png","datePublished":"2025-12-25T08:55:00+00:00","description":"Le slam de po\u00e9sie na\u00eet dans les ann\u00e9es 1980 \u00e0 Chicago, \u00c9tats-Unis, sous l\u2019impulsion de Marc Kelly Smith, po\u00e8te performeur, avant de se diffuser en Europe","inLanguage":"fr-FR","potentialAction":[{"@type":"ReadAction","target":["https:\/\/slams.fr\/blog\/guides-et-conseils\/atelier-slam-a-paris-comment-maitriser-la-poesie-urbaine-et-ses-origines\/"]}]},{"@type":"ImageObject","inLanguage":"fr-FR","@id":"https:\/\/slams.fr\/blog\/guides-et-conseils\/atelier-slam-a-paris-comment-maitriser-la-poesie-urbaine-et-ses-origines\/#primaryimage","url":"https:\/\/slams.fr\/blog\/wp-content\/uploads\/2025\/12\/pag-image-693bddac8402e-scaled.png","contentUrl":"https:\/\/slams.fr\/blog\/wp-content\/uploads\/2025\/12\/pag-image-693bddac8402e-scaled.png","width":1200,"height":686,"caption":"Image g\u00e9n\u00e9r\u00e9e par IA optimis\u00e9e pour Google Discover"},{"@type":"WebSite","@id":"https:\/\/slams.fr\/blog\/#website","url":"https:\/\/slams.fr\/blog\/","name":"slams.fr","description":"Slams, l&#039;\u00e9nergie des mots en action","publisher":{"@id":"https:\/\/slams.fr\/blog\/#organization"},"alternateName":"Slams, l'\u00e9nergie des mots en action","potentialAction":[{"@type":"SearchAction","target":{"@type":"EntryPoint","urlTemplate":"https:\/\/slams.fr\/blog\/?s={search_term_string}"},"query-input":{"@type":"PropertyValueSpecification","valueRequired":true,"valueName":"search_term_string"}}],"inLanguage":"fr-FR"},{"@type":"Organization","@id":"https:\/\/slams.fr\/blog\/#organization","name":"Foretsensations.fr","url":"https:\/\/slams.fr\/blog\/","logo":{"@type":"ImageObject","inLanguage":"fr-FR","@id":"https:\/\/slams.fr\/blog\/#\/schema\/logo\/image\/","url":"https:\/\/slams.fr\/blog\/wp-content\/uploads\/2026\/07\/logo-auto-1.png","contentUrl":"https:\/\/slams.fr\/blog\/wp-content\/uploads\/2026\/07\/logo-auto-1.png","width":1024,"height":1024,"caption":"Foretsensations.fr"},"image":{"@id":"https:\/\/slams.fr\/blog\/#\/schema\/logo\/image\/"}},{"@type":"Person","@id":"https:\/\/slams.fr\/blog\/#\/schema\/person\/3c864cdc320801e3db34b663e7e3f816","name":"Rapha\u00ebl D.","image":{"@type":"ImageObject","inLanguage":"fr-FR","@id":"https:\/\/slams.fr\/blog\/#\/schema\/person\/image\/","url":"https:\/\/slams.fr\/blog\/wp-content\/uploads\/2026\/06\/persona_raphael-d-96x96.jpg","contentUrl":"https:\/\/slams.fr\/blog\/wp-content\/uploads\/2026\/06\/persona_raphael-d-96x96.jpg","caption":"Rapha\u00ebl D."},"description":"La culture est mon terrain de jeu depuis une dizaine d'ann\u00e9es : arts visuels, s\u00e9ries, cr\u00e9ation et tout ce qui nourrit l'imaginaire. J'\u00e9cris aussi bien sur l'actualit\u00e9 des \u0153uvres que sur les coulisses de la cr\u00e9ation, avec l'envie de relier l'amateur curieux \u00e0 des univers parfois jug\u00e9s intimidants. J'aime analyser une s\u00e9rie ou une d\u00e9marche artistique sans p\u00e9dantisme, replacer une \u0153uvre dans son contexte et donner des cl\u00e9s de lecture accessibles. Avant de publier, je v\u00e9rifie mes r\u00e9f\u00e9rences, je recoupe les sources et je distingue clairement le fait de mon interpr\u00e9tation subjective. Je crois qu'une critique vaut surtout par les arguments qu'elle expose, pas par la sentence qu'elle rend. Mon angle : transmettre l'envie de d\u00e9couvrir, de regarder autrement et de se forger son propre go\u00fbt. La culture n'appartient pas qu'aux initi\u00e9s, et c'est tout l'enjeu de mon \u00e9criture.","url":"https:\/\/slams.fr\/blog\/auteur\/raphael-d\/","jobTitle":"R\u00e9dacteur en chef \u00b7 Culture & Cr\u00e9ation","knowsAbout":["Culture","Cr\u00e9ation"],"email":"raphael.d@a-l-asso-de-l-art.fr"}]}},"_links":{"self":[{"href":"https:\/\/slams.fr\/blog\/wp-json\/wp\/v2\/posts\/7668","targetHints":{"allow":["GET"]}}],"collection":[{"href":"https:\/\/slams.fr\/blog\/wp-json\/wp\/v2\/posts"}],"about":[{"href":"https:\/\/slams.fr\/blog\/wp-json\/wp\/v2\/types\/post"}],"author":[{"embeddable":true,"href":"https:\/\/slams.fr\/blog\/wp-json\/wp\/v2\/users\/34"}],"replies":[{"embeddable":true,"href":"https:\/\/slams.fr\/blog\/wp-json\/wp\/v2\/comments?post=7668"}],"version-history":[{"count":1,"href":"https:\/\/slams.fr\/blog\/wp-json\/wp\/v2\/posts\/7668\/revisions"}],"predecessor-version":[{"id":7752,"href":"https:\/\/slams.fr\/blog\/wp-json\/wp\/v2\/posts\/7668\/revisions\/7752"}],"wp:featuredmedia":[{"embeddable":true,"href":"https:\/\/slams.fr\/blog\/wp-json\/wp\/v2\/media\/7670"}],"wp:attachment":[{"href":"https:\/\/slams.fr\/blog\/wp-json\/wp\/v2\/media?parent=7668"}],"wp:term":[{"taxonomy":"category","embeddable":true,"href":"https:\/\/slams.fr\/blog\/wp-json\/wp\/v2\/categories?post=7668"},{"taxonomy":"post_tag","embeddable":true,"href":"https:\/\/slams.fr\/blog\/wp-json\/wp\/v2\/tags?post=7668"}],"curies":[{"name":"wp","href":"https:\/\/api.w.org\/{rel}","templated":true}]}}