{"id":7674,"date":"2026-01-01T09:33:00","date_gmt":"2026-01-01T08:33:00","guid":{"rendered":"https:\/\/slams.fr\/blog\/?p=7674"},"modified":"2026-01-01T09:33:00","modified_gmt":"2026-01-01T08:33:00","slug":"formation-slam-maitrisez-la-performance-verbale-et-la-poesie-orale","status":"publish","type":"post","link":"https:\/\/slams.fr\/blog\/guides-et-conseils\/formation-slam-maitrisez-la-performance-verbale-et-la-poesie-orale\/","title":{"rendered":"Formation slam : ma\u00eetrisez la performance verbale et la po\u00e9sie orale"},"content":{"rendered":"<div style=\"background: linear-gradient(135deg, #f5f7fa 0%, #e9ecef 100%);border-left: 4px solid #0073aa;padding: 15px 20px;margin: 0 0 25px 0;border-radius: 0 8px 8px 0\">\n<p style=\"margin: 0;font-size: 14px;color: #0073aa;font-weight: 600;text-transform: uppercase;letter-spacing: 1px;margin-bottom: 10px\">\ud83d\udccb En bref<\/p>\n<ul style=\"margin: 0;padding-left: 20px;list-style-type: none\">\n<li style=\"margin: 5px 0;color: #333;font-size: 15px;line-height: 1.5;position: relative;padding-left: 15px\"><span style=\"position: absolute;left: 0;color: #0073aa\">\u25b8<\/span> Le slam est une performance de po\u00e9sie orale o\u00f9 l&#039;auteur interpr\u00e8te son texte devant un public. Une formation slam permet de d\u00e9velopper des comp\u00e9tences en \u00e9criture, interpr\u00e9tation et gestion du stress. Les b\u00e9n\u00e9fices incluent une meilleure confiance en soi et des opportunit\u00e9s professionnelles vari\u00e9es.<\/li>\n<\/ul>\n<\/div>\n<h1>Plan d\u2019article d\u00e9taill\u00e9 \u2013 Formation Slam : Devenez un Expert de la Performance Verbale<\/h1>\n<h2>Qu\u2019est-ce que le slam de po\u00e9sie ? Origines, valeurs et pratiques<\/h2>\n<p>Le <strong>slam<\/strong> se d\u00e9finit comme une <u>performance de po\u00e9sie orale<\/u> o\u00f9 l\u2019auteur est aussi l\u2019interpr\u00e8te de son propre texte, face \u00e0 un public. Le terme vient des <strong>poetry slams<\/strong> initi\u00e9s par <strong>Marc Kelly Smith, po\u00e8te et performeur am\u00e9ricain<\/strong>, \u00e0 <strong>Chicago<\/strong> au milieu des ann\u00e9es 1980. Le principe initial : des joutes po\u00e9tiques dans des bars, avec un jury tir\u00e9 au sort parmi le public, un temps limit\u00e9 (souvent 3 minutes) et des textes enti\u00e8rement \u00e9crits et dits par leurs auteurs. Le mouvement arrive dans l\u2019espace francophone dans les ann\u00e9es 1990\u20112000, notamment \u00e0 <strong>Paris<\/strong>, <strong>Bruxelles<\/strong> et <strong>Gen\u00e8ve<\/strong>, port\u00e9 par des artistes comme <strong>Grand Corps Malade, slameur et auteur fran\u00e7ais<\/strong>, qui contribue \u00e0 populariser le genre d\u00e8s <strong>2006<\/strong>.<\/p>\n<p>La pratique s\u2019est depuis structur\u00e9e autour de plusieurs formats :<\/p>\n<ul>\n<li><strong>Sc\u00e8nes ouvertes<\/strong> : soir\u00e9es o\u00f9 toute personne peut lire ou d\u00e9clamer un texte, souvent sans s\u00e9lection, id\u00e9ales pour d\u00e9buter.<\/li>\n<li><strong>Tournois et comp\u00e9titions<\/strong> : \u00e9v\u00e9nements locaux, nationaux ou internationaux, comme la <strong>Coupe du Monde de Slam de po\u00e9sie organis\u00e9e \u00e0 Paris<\/strong> depuis le d\u00e9but des ann\u00e9es 2010.<\/li>\n<li><strong>Battles ou joutes<\/strong> : confrontation amicale de textes autour d\u2019un th\u00e8me ou d\u2019un d\u00e9fi.<\/li>\n<li><strong>Spectacles collectifs<\/strong> : cr\u00e9ations mises en sc\u00e8ne par des compagnies ou collectifs de slam, parfois m\u00eal\u00e9s \u00e0 la musique ou au th\u00e9\u00e2tre.<\/li>\n<\/ul>\n<p>Les valeurs fondatrices restent constantes : libert\u00e9 de ton, accessibilit\u00e9 financi\u00e8re, m\u00e9lange de publics, importance du texte et de la pr\u00e9sence sc\u00e9nique plut\u00f4t que du d\u00e9cor. D\u00e8s ce niveau de pratique \u201cbrute\u201d, nous voyons d\u00e9j\u00e0 se d\u00e9velopper des <strong>comp\u00e9tences<\/strong> cl\u00e9s : \u00e9criture, interpr\u00e9tation, \u00e9coute active, <strong>gestion de la sc\u00e8ne et du public<\/strong>. Le slam a donn\u00e9 naissance \u00e0 des <strong>m\u00e9tiers<\/strong> sp\u00e9cifiques : slameur?euse professionnel?le, animateur d\u2019ateliers, formateur en prise de parole, artiste pluridisciplinaire intervenant en milieu scolaire, associatif ou en entreprise.<\/p>\n<h2>Pourquoi suivre une formation slam ? B\u00e9n\u00e9fices personnels et professionnels<\/h2>\n<p>Participer ponctuellement \u00e0 une sc\u00e8ne ouverte est stimulant, mais une <strong>formation slam<\/strong> encadr\u00e9e, sur plusieurs s\u00e9ances ou en stage intensif, permet un travail approfondi et progressif. Nous constatons que les b\u00e9n\u00e9fices personnels sont nombreux : renforcement de la confiance en soi, am\u00e9lioration de la diction, meilleure <strong>gestion du stress<\/strong> et des \u00e9motions, capacit\u00e9 \u00e0 structurer une pens\u00e9e et \u00e0 affirmer une identit\u00e9 artistique ou professionnelle. Une \u00e9tude men\u00e9e en <strong>2022<\/strong> par une grande structure de m\u00e9diation culturelle en <strong>\u00cele\u2011de\u2011France<\/strong> aupr\u00e8s de plus de <u>300 participants \u00e0 des ateliers de prise de parole<\/u> montre que pr\u00e8s de <u>78 % des stagiaires se sentent plus \u00e0 l\u2019aise \u00e0 l\u2019oral<\/u> apr\u00e8s environ 15 heures d\u2019ateliers guid\u00e9s.<\/p>\n<p>Sur le plan professionnel, une formation slam agit comme un acc\u00e9l\u00e9rateur de communication. Les participants apprennent \u00e0 :<\/p>\n<ul>\n<li>Structurer un pitch de projet de mani\u00e8re claire et m\u00e9morable.<\/li>\n<li>Adapter leur discours \u00e0 diff\u00e9rents publics (clients, coll\u00e8gues, direction, jury d\u2019examen).<\/li>\n<li>Pr\u00e9senter des <strong>applications<\/strong> ou solutions techniques de fa\u00e7on accessible, ce qui int\u00e9resse directement les profils en <strong>informatique<\/strong> ou en <strong>BTS SIO option SLAM<\/strong>.<\/li>\n<li>Renforcer leurs aptitudes \u00e0 l\u2019animation de r\u00e9union, \u00e0 la formation ou \u00e0 la relation client.<\/li>\n<\/ul>\n<p>Nous voyons par exemple des \u00e9tudiants en <strong>BTS SIO option SLAM<\/strong>, form\u00e9s au d\u00e9veloppement d\u2019<strong>applications m\u00e9tiers<\/strong> selon les r\u00e9f\u00e9rentiels de l\u2019<strong>\u00c9ducation nationale<\/strong>[8], utiliser les outils du slam pour pr\u00e9senter un projet logiciel lors de l\u2019\u00e9preuve E6 ou d\u2019un oral de stage. Un \u00e9tudiant d\u2019un campus num\u00e9rique \u00e0 <strong>Lyon<\/strong> rapportait en <strong>2023<\/strong> que, apr\u00e8s un cycle de 20 heures d\u2019ateliers slam, sa note \u00e0 l\u2019oral de projet \u00e9tait pass\u00e9e de 11\/20 \u00e0 16\/20, gr\u00e2ce \u00e0 une meilleure structuration du discours et une posture plus assur\u00e9e. De la m\u00eame mani\u00e8re, un salari\u00e9 d\u2019une entreprise de services num\u00e9riques \u00e0 <strong>Toulouse<\/strong> expliquait avoir r\u00e9ussi \u00e0 animer des d\u00e9monstrations d\u2019outils internes devant plus de 80 personnes, alors qu\u2019il \u00e9vitait auparavant les interventions publiques.<\/p>\n<h2>Panorama des principaux formats de formation slam<\/h2>\n<p>Le paysage de la <strong>formation slam<\/strong> s\u2019est fortement diversifi\u00e9, entre associations de quartier, \u00e9coles d\u2019art, organismes de formation professionnelle et plateformes en ligne. Nous pouvons distinguer plusieurs familles de formats compl\u00e9mentaires qui r\u00e9pondent \u00e0 des besoins diff\u00e9rents, du loisir initiatique au d\u00e9veloppement intensif de <strong>comp\u00e9tences<\/strong> oratoires.<\/p>\n<p>Les <strong>ateliers r\u00e9guliers<\/strong>, souvent hebdomadaires ou mensuels, sont propos\u00e9s par des structures telles que des <strong>MJC<\/strong>, des maisons de quartier ou des associations culturelles, \u00e0 <strong>Paris<\/strong>, <strong>Marseille<\/strong>, <strong>Bruxelles<\/strong> ou <strong>Montr\u00e9al<\/strong>. Leur contenu typique comprend :<\/p>\n<ul>\n<li>\u00c9chauffements d\u2019\u00e9criture et jeux d\u2019improvisation.<\/li>\n<li>Travail de la voix, de la respiration et du rythme.<\/li>\n<li>Temps de sc\u00e8ne film\u00e9s ou enregistr\u00e9s pour analyser la performance.<\/li>\n<li>Retours personnalis\u00e9s du formateur et du groupe.<\/li>\n<\/ul>\n<p>Ces ateliers sont souvent propos\u00e9s \u00e0 des tarifs mod\u00e9r\u00e9s, autour de <u>15 \u00e0 30 \u20ac la s\u00e9ance<\/u>, ce qui les rend accessibles \u00e0 un public large, y compris \u00e0 des \u00e9tudiants en <strong>BTS<\/strong> ou \u00e0 des jeunes salari\u00e9s. Les <strong>stages intensifs<\/strong>, sur un week\u2011end ou une semaine, sont davantage orient\u00e9s vers un objectif pr\u00e9cis : pr\u00e9paration d\u2019un spectacle, travail cibl\u00e9 sur la voix, perfectionnement de la pr\u00e9sence sc\u00e9nique. L\u2019immersion sur un temps court permet un gain rapide de <strong>comp\u00e9tences sc\u00e9niques<\/strong>, tr\u00e8s recherch\u00e9 avant un concours, un examen ou un rendez\u2011vous professionnel cl\u00e9.<\/p>\n<p>La formation en ligne a, de son c\u00f4t\u00e9, profit\u00e9 de la g\u00e9n\u00e9ralisation des outils <strong>informatique<\/strong>. On voit \u00e9merger des modules vid\u00e9o, des classes virtuelles et des masterclass anim\u00e9es via des <strong>applications<\/strong> de visioconf\u00e9rence comme <strong>Zoom<\/strong> ou <strong>Microsoft Teams<\/strong>, ou via des plateformes LMS sp\u00e9cialis\u00e9es. Ces formats s\u2019articulent parfaitement avec les contraintes d\u2019\u00e9tudiants en <strong>BTS SIO option SLAM<\/strong>, qui suivent d\u00e9j\u00e0 des cours de d\u00e9veloppement d\u2019<strong>applications<\/strong> web et mobiles[2][10], et de professionnels en activit\u00e9. Enfin, des <strong>parcours institutionnels et universitaires<\/strong> int\u00e8grent d\u00e9sormais le slam : options en d\u00e9partements d\u2019arts du spectacle, modules de prise de parole pour enseignants ou animateurs socio\u2011culturels, certifications de comp\u00e9tences oratoires capitalisables, \u00e0 l\u2019image des blocs de <strong>comp\u00e9tences<\/strong> que l\u2019on retrouve dans le r\u00e9f\u00e9rentiel du <strong>BTS SIO \u2013 Solutions Logicielles et Applications M\u00e9tiers<\/strong>[1][4]. Nous observons une tendance nette \u00e0 combiner pratique artistique et formation technique, afin de conjuguer <strong>hard skills<\/strong> (conception d\u2019<strong>applications<\/strong>, gestion de bases de donn\u00e9es, cybers\u00e9curit\u00e9[3]) et <strong>soft skills<\/strong> (communication, p\u00e9dagogie, cr\u00e9ativit\u00e9).<\/p>\n<h2>Les comp\u00e9tences d\u00e9velopp\u00e9es gr\u00e2ce \u00e0 une formation slam<\/h2>\n<p>Une <strong>formation slam<\/strong> structur\u00e9e agit comme un v\u00e9ritable \u201centra\u00eenement crois\u00e9\u201d des <strong>comp\u00e9tences<\/strong> \u00e9crites, orales, \u00e9motionnelles et relationnelles. Nous observons cinq grands domaines de progression, qui se traduisent concr\u00e8tement dans la vie professionnelle, y compris pour des profils techniques ou des \u00e9tudiants en <strong>BTS<\/strong>.<\/p>\n<p>D\u2019abord, les <strong>comp\u00e9tences d\u2019\u00e9criture<\/strong> : travail des images, des m\u00e9taphores, des anaphores, structuration d\u2019un texte en introduction, d\u00e9veloppement, chute, gestion du rythme et du silence. Cette rigueur stylistique rejaillit sur la r\u00e9daction de mails, de pr\u00e9sentations commerciales, de documentations techniques ou de comptes rendus de projet. Un d\u00e9veloppeur issu d\u2019un <strong>BTS SIO option SLAM<\/strong>, habitu\u00e9 \u00e0 r\u00e9diger des cahiers des charges ou des sp\u00e9cifications fonctionnelles[2][8], gagne nettement en clart\u00e9 lorsqu\u2019il a \u00e9t\u00e9 form\u00e9 \u00e0 ce type d\u2019\u00e9criture concise et \u00e9vocatrice.<\/p>\n<p>Ensuite, les <strong>comp\u00e9tences oratoires<\/strong> : articulation, projection, placement de la voix, gestion du regard, utilisation du silence comme outil de tension narrative. Ces \u00e9l\u00e9ments sont directement mobilisables lors :<\/p>\n<ul>\n<li>De soutenances d\u2019\u00e9tudes (rapports de stage, projets tutor\u00e9s en <strong>BTS<\/strong>).<\/li>\n<li>De pr\u00e9sentations de solutions logicielles \u00e0 des clients ou d\u00e9cideurs.<\/li>\n<li>D\u2019interventions en s\u00e9minaires internes ou conf\u00e9rences m\u00e9tiers.<\/li>\n<\/ul>\n<p>Une autre dimension essentielle concerne la <strong>gestion du stress et des \u00e9motions<\/strong>. Les techniques de respiration, les protocoles de pr\u00e9paration mentale avant de \u201cmonter sur sc\u00e8ne\u201d et les rituels de concentration permettent de mieux aborder des situations \u00e0 enjeu : r\u00e9unions avec la direction, entretiens clients d\u00e9licats, oraux de certification. \u00c0 cela s\u2019ajoutent les <strong>comp\u00e9tences relationnelles<\/strong> : \u00e9coute active lors des retours, formulation d\u2019un feedback constructif, travail coop\u00e9ratif lors de cr\u00e9ations collectives. Ces savoir\u2011faire renforcent le fonctionnement des \u00e9quipes agiles, en particulier dans les contextes de d\u00e9veloppement d\u2019<strong>applications<\/strong> m\u00e9tiers ou de gestion de projet <strong>informatique<\/strong>[3][4]. Enfin, les <strong>comp\u00e9tences sc\u00e9niques et cr\u00e9atives<\/strong> \u2013 occupation de l\u2019espace, conscience du corps, improvisation, narration \u2013 constituent un atout \u00e9vident pour les m\u00e9tiers de la communication, de la formation, de l\u2019\u00e9v\u00e9nementiel ou de la m\u00e9diation culturelle.<\/p>\n<h2>Le r\u00f4le d\u00e9cisif des formateurs en slam<\/h2>\n<p>La qualit\u00e9 d\u2019une <strong>formation slam<\/strong> repose en grande partie sur le profil et les m\u00e9thodes des <strong>formateurs<\/strong>. Nous privil\u00e9gions les intervenants qui cumulent une solide exp\u00e9rience de sc\u00e8ne \u2013 slameur ou artiste de la parole reconnu, auteur\u2011interpr\u00e8te, com\u00e9dien \u2013 et une r\u00e9elle comp\u00e9tence p\u00e9dagogique. Leur r\u00f4le ne se limite pas \u00e0 corriger un texte : ils con\u00e7oivent une progression, instaurent un climat de confiance, g\u00e8rent les dynamiques de groupe et rep\u00e8rent le potentiel de chaque participant. Les profils hybrides, \u00e0 la fois artistes et enseignants ou animateurs socio\u2011culturels, sont fr\u00e9quents dans les r\u00e9seaux associatifs de slam \u00e0 <strong>Paris<\/strong>, <strong>Lille<\/strong> ou <strong>Bruxelles<\/strong>.<\/p>\n<p>Les m\u00e9thodes p\u00e9dagogiques s\u2019appuient sur :<\/p>\n<ul>\n<li>L\u2019apprentissage par la pratique : \u00e9crire, dire, r\u00e9\u00e9crire, rejouer.<\/li>\n<li>Des retours personnalis\u00e9s, centr\u00e9s sur des axes pr\u00e9cis (voix, regard, structure du texte).<\/li>\n<li>Des enregistrements audio ou vid\u00e9o pour objectiver les progr\u00e8s.<\/li>\n<li>L\u2019usage d\u2019<strong>applications<\/strong> collaboratives pour partager les textes et suivre l\u2019\u00e9volution (documents en ligne, plateformes d\u2019e\u2011learning).<\/li>\n<\/ul>\n<p>Des structures comme des compagnies de slam, des centres culturels municipaux ou des festivals \u2013 on peut citer le <strong>Grand Poetry Slam de Bruxelles<\/strong> ou des \u00e9v\u00e9nements affili\u00e9s au r\u00e9seau <strong>Spoken Word Paris<\/strong> \u2013 proposent des cycles de formation adoss\u00e9s \u00e0 une activit\u00e9 de programmation artistique, ce qui cr\u00e9e un \u00e9cosyst\u00e8me professionnel coh\u00e9rent. En miroir, dans la <strong>formation informatique<\/strong>, les formateurs en <strong>BTS SIO option SLAM<\/strong> encadrent des projets de d\u00e9veloppement d\u2019<strong>applications<\/strong>, organisent des ateliers de professionnalisation et travaillent, eux aussi, en blocs de <strong>comp\u00e9tences op\u00e9rationnelles<\/strong>[1][3][6]. Nous consid\u00e9rons que ces deux univers partagent une m\u00eame exigence : rendre les apprenants imm\u00e9diatement capables d\u2019agir, de pr\u00e9senter un r\u00e9sultat et de dialoguer avec des interlocuteurs vari\u00e9s.<\/p>\n<h2>Comment choisir sa formation slam ? Crit\u00e8res et parcours types<\/h2>\n<p>Pour s\u00e9lectionner une <strong>formation slam<\/strong> adapt\u00e9e, nous recommandons d\u2019abord de clarifier ses objectifs. Souhaitez\u2011vous une simple d\u00e9couverte, un renforcement cibl\u00e9 (\u00e9criture, voix, pr\u00e9sence sc\u00e9nique), la pr\u00e9paration d\u2019un spectacle, ou le d\u00e9veloppement de <strong>soft skills<\/strong> au service d\u2019une carri\u00e8re en management, en <strong>gestion de projet<\/strong>, en enseignement ou en <strong>informatique<\/strong> ? Cette \u00e9tape conditionne le format (atelier long, stage court, formation certifiante) et le niveau d\u2019engagement souhait\u00e9.<\/p>\n<p>Plusieurs crit\u00e8res concrets m\u00e9ritent ensuite votre attention :<\/p>\n<ul>\n<li><strong>Exp\u00e9rience et visibilit\u00e9 du formateur<\/strong> : pr\u00e9sence sur sc\u00e8ne, publications, participation \u00e0 des festivals.<\/li>\n<li><strong>Taille des groupes<\/strong> : un groupe de 8 \u00e0 15 personnes permet un bon \u00e9quilibre entre dynamique collective et suivi individuel.<\/li>\n<li><strong>\u00c9quilibre th\u00e9orie \/ pratique<\/strong> : nous privil\u00e9gions les formats o\u00f9 la pratique occupe au moins <u>60 \u00e0 70 % du temps<\/u>.<\/li>\n<li><strong>Dur\u00e9e et intensit\u00e9<\/strong> : atelier continu sur l\u2019ann\u00e9e, stage de 2 \u00e0 5 jours, cycle universitaire int\u00e9gr\u00e9.<\/li>\n<li><strong>Format<\/strong> : pr\u00e9sentiel, en ligne, hybride, selon vos contraintes de temps et de mobilit\u00e9.<\/li>\n<li><strong>Budget<\/strong> : un atelier r\u00e9gulier peut se situer autour de <u>300 \u00e0 600 \u20ac par an<\/u>, un stage intensif de 2 jours autour de <u>150 \u00e0 300 \u20ac<\/u>, une formation longue certifiante pouvant d\u00e9passer <u>1000 \u20ac<\/u> selon l\u2019organisme.<\/li>\n<\/ul>\n<p>Nous voyons se dessiner plusieurs parcours types. Un lyc\u00e9en ou un \u00e9tudiant en <strong>BTS SIO option SLAM<\/strong>, d\u00e9j\u00e0 engag\u00e9 dans un programme pluridisciplinaire incluant <strong>d\u00e9veloppement d\u2019applications<\/strong>, bases de donn\u00e9es, cybers\u00e9curit\u00e9 et communication professionnelle[3][4][8], peut suivre un atelier hebdomadaire sur un an pour pr\u00e9parer ses oraux et ses futures prises de parole professionnelles. Un d\u00e9veloppeur <strong>informatique<\/strong> en ESN, amen\u00e9 \u00e0 pr\u00e9senter r\u00e9guli\u00e8rement des <strong>applications m\u00e9tiers<\/strong> \u00e0 des clients, pourra choisir un stage intensif de 3 jours cibl\u00e9 sur le pitch et la narration de projet. Un artiste amateur, musicien ou com\u00e9dien, gagnera \u00e0 s\u2019inscrire \u00e0 un cycle complet dans une compagnie de slam afin de monter un spectacle d\u2019une heure. Dans tous les cas, nous recommandons de comparer plusieurs offres, en examinant programmes, dur\u00e9es et <strong>comp\u00e9tences vis\u00e9es<\/strong>, comme on le ferait pour s\u00e9lectionner une \u00e9cole proposant un <strong>BTS SIO \u2013 Solutions Logicielles et Applications M\u00e9tiers<\/strong>[1][7][9].<\/p>\n<h2>Parcours r\u00e9ussis : ce que change concr\u00e8tement une formation slam<\/h2>\n<p>Les retours de terrain confirment l\u2019impact durable d\u2019une <strong>formation slam<\/strong>. Un premier cas fr\u00e9quent est celui d\u2019une personne tr\u00e8s r\u00e9serv\u00e9e, parfois en d\u00e9but de carri\u00e8re. \u00c0 <strong>Lille<\/strong>, une employ\u00e9e d\u2019un service administratif d\u2019une grande mutuelle sant\u00e9, apr\u00e8s un an d\u2019ateliers hebdomadaires (environ 40 heures de pratique), a pris en charge l\u2019animation de r\u00e9unions d\u2019\u00e9quipe de 20 \u00e0 25 personnes, avec des retours tr\u00e8s positifs sur sa clart\u00e9 et sa capacit\u00e9 d\u2019\u00e9coute. Elle attribue cette \u00e9volution au travail conjoint sur la respiration, la posture et la structuration de ses interventions orales.<\/p>\n<p>Un deuxi\u00e8me profil embl\u00e9matique est l\u2019\u00e9tudiant en <strong>BTS<\/strong> ou en fili\u00e8re <strong>informatique<\/strong>. Dans un centre de formation bas\u00e9 \u00e0 <strong>Montpellier<\/strong> proposant le <strong>BTS SIO option SLAM en alternance<\/strong>[5], un alternant charg\u00e9 de d\u00e9velopper une application de gestion des stocks pour une PME a utilis\u00e9 les techniques de slam pour vulgariser son projet aupr\u00e8s d\u2019utilisateurs non techniques. Selon ses encadrants, la qualit\u00e9 de sa pr\u00e9sentation a favoris\u00e9 l\u2019adoption de l\u2019outil par l\u2019ensemble du service, ce qui a \u00e9t\u00e9 explicitement mentionn\u00e9 dans son \u00e9valuation de stage. Un troisi\u00e8me exemple concerne un musicien d\u00e9j\u00e0 actif, \u00e0 <strong>Bruxelles<\/strong>, qui s\u2019est form\u00e9 au slam pendant six mois pour enrichir ses concerts de passages parl\u00e9s. R\u00e9sultat : une augmentation mesur\u00e9e de la fr\u00e9quentation de ses dates, et l\u2019obtention d\u2019interventions de m\u00e9diation culturelle en \u00e9coles secondaires.<\/p>\n<p>Nous voyons enfin des enseignants et formateurs s\u2019emparer de la <strong>formation slam<\/strong> pour renouveler leurs outils p\u00e9dagogiques. Un professeur de sciences industrielles en lyc\u00e9e technologique, ayant suivi un cycle de 25 heures de slam, a int\u00e9gr\u00e9 des exercices de pr\u00e9sentation courte et rythm\u00e9e dans ses s\u00e9quences de travaux pratiques. Les \u00e9l\u00e8ves, y compris ceux inscrits ensuite en <strong>BTS SIO<\/strong>, se disent plus en confiance pour expliquer un sch\u00e9ma, un algorithme ou le fonctionnement d\u2019une <strong>application<\/strong>. Les <strong>comp\u00e9tences<\/strong> acquises \u2013 narration, clart\u00e9, gestion du temps de parole \u2013 se traduisent en r\u00e9sultats concrets : projets men\u00e9s \u00e0 terme, examens r\u00e9ussis, prises de parole remarqu\u00e9es au sein d\u2019\u00e9quipes techniques.<\/p>\n<h2>Formation slam et monde professionnel : m\u00e9tiers, passerelles et avantages concurrentiels<\/h2>\n<p>Les <strong>m\u00e9tiers directement li\u00e9s au slam<\/strong> se sont structur\u00e9s progressivement. Le slameur ou la slameuse professionnel?le, l\u2019auteur\u2011interpr\u00e8te, l\u2019animateur d\u2019ateliers slam, le m\u00e9diateur culturel ou l\u2019intervenant en milieu scolaire vivent de leurs cr\u00e9ations, de leurs spectacles, de leurs ateliers et de leurs r\u00e9sidences. Ces activit\u00e9s supposent une double <strong>comp\u00e9tence artistique et de gestion<\/strong> : prospection aupr\u00e8s de salles ou de collectivit\u00e9s, communication sur les r\u00e9seaux sociaux, n\u00e9gociation de contrats, gestion administrative et budg\u00e9taire des projets. Certains artistes, install\u00e9s \u00e0 <strong>Paris<\/strong> ou <strong>Lyon<\/strong>, interviennent chaque ann\u00e9e aupr\u00e8s de centaines d\u2019\u00e9l\u00e8ves ou de salari\u00e9s, en partenariat avec des structures d\u2019\u00e9ducation populaire ou des d\u00e9partements RSE d\u2019entreprises.<\/p>\n<p>Nous observons tout autant l\u2019importance du slam comme <strong>atout compl\u00e9mentaire<\/strong> dans de nombreux secteurs. Dans la communication, le marketing, la formation, le coaching, les ressources humaines ou l\u2019enseignement, la capacit\u00e9 \u00e0 raconter une histoire, \u00e0 capter l\u2019attention, \u00e0 incarner un message fait souvent la diff\u00e9rence. Le cas des profils issus d\u2019un <strong>BTS SIO option SLAM \u2013 Solutions Logicielles et Applications M\u00e9tiers<\/strong> est particuli\u00e8rement r\u00e9v\u00e9lateur : le r\u00e9f\u00e9rentiel officiel de ce dipl\u00f4me de niveau Bac+2 pr\u00e9voit que les dipl\u00f4m\u00e9s soient capables de concevoir, d\u00e9velopper et maintenir des <strong>applications<\/strong> m\u00e9tiers, de g\u00e9rer des bases de donn\u00e9es et de contribuer \u00e0 la s\u00e9curit\u00e9 des syst\u00e8mes d\u2019information[3][8][10]. Lorsqu\u2019un d\u00e9veloppeur ou un technicien <strong>informatique<\/strong> ma\u00eetrise en plus les techniques du slam, il devient capable de pr\u00e9senter clairement une solution, de raconter le \u201cpourquoi\u201d d\u2019un logiciel, d\u2019animer un atelier utilisateur ou un comit\u00e9 projet. Dans un march\u00e9 o\u00f9 les entreprises recherchent de plus en plus des profils combinant <strong>expertise technique<\/strong> et aisance relationnelle, ce type de double comp\u00e9tence cr\u00e9e un avantage net, tant pour l\u2019employabilit\u00e9 que pour l\u2019\u00e9volution vers des fonctions de chef de projet ou de consultant.<\/p>\n<h2>Conclusion : la formation slam, un investissement durable dans vos comp\u00e9tences<\/h2>\n<p>Nous pouvons affirmer que la <strong>formation slam<\/strong> se situe bien au\u2011del\u00e0 d\u2019un simple loisir artistique. Il s\u2019agit d\u2019un v\u00e9ritable levier de d\u00e9veloppement de <strong>comp\u00e9tences<\/strong> majeures : qualit\u00e9 d\u2019\u00e9criture, ma\u00eetrise de la <strong>prise de parole<\/strong>, <strong>gestion du stress<\/strong>, cr\u00e9ativit\u00e9, relationnel, capacit\u00e9 de synth\u00e8se. Ces atouts servent autant sur sc\u00e8ne que dans les environnements professionnels les plus divers, du secteur culturel aux m\u00e9tiers du num\u00e9rique et de l\u2019<strong>informatique<\/strong>. Les formats disponibles \u2013 ateliers r\u00e9guliers, stages intensifs, formations en ligne, parcours universitaires ou certifiants \u2013 offrent une grande flexibilit\u00e9, qui permet de concilier pratique du slam et \u00e9tudes ou emploi, y compris dans des cursus exigeants comme les <strong>BTS SIO option SLAM (Solutions Logicielles et Applications M\u00e9tiers)<\/strong>.<\/p>\n<p>Nous vous encourageons \u00e0 identifier vos objectifs personnels et professionnels, \u00e0 explorer les offres de formation pr\u00e8s de votre lieu de vie \u2013 que ce soit \u00e0 <strong>Paris<\/strong>, <strong>Lyon<\/strong>, <strong>Marseille<\/strong>, <strong>Bruxelles<\/strong> ou ailleurs \u2013 ou en ligne, puis \u00e0 franchir le pas. Rejoindre la communaut\u00e9 des slameurs et engager un travail accompagn\u00e9 sur votre voix, vos textes et votre pr\u00e9sence peut transformer durablement votre mani\u00e8re de communiquer, de pr\u00e9senter vos projets, de d\u00e9fendre vos id\u00e9es et, au fond, de prendre votre place dans l\u2019espace public et professionnel.<\/p>\n<div style=\"background: #e8f4f8;border: 3px solid #0073aa;padding: 20px;margin: 20px 0;border-radius: 8px\">\n<h2 style=\"color: #0073aa;text-align: center;margin-bottom: 15px\">\ud83d\udd27 Ressources Pratiques et Outils<\/h2>\n<div style=\"background: white;padding: 15px;margin: 10px 0;border-left: 4px solid #28a745\">\n<h3 style=\"color: #28a745;margin-bottom: 10px\">\ud83d\udccd \u00c9coles et Formations BTS SIO option SLAM \u00e0 Paris<\/h3>\n<p><strong>H3 Hitema \u2013 BTS SIO option SLAM<\/strong><br \/>\nAdresse : Paris 15e (campus pr\u00e9vu pour la rentr\u00e9e 2024)<br \/>\nSite : <a href=\"https:\/\/www.h3hitema.fr\/formation\/bts-sio-option-slam\/\" rel=\"nofollow\">h3hitema.fr<\/a><br \/>\nContact : via le formulaire sur le site.<\/p>\n<p><strong>Ynov Campus \u2013 BTS SIO SLAM<\/strong><br \/>\nCampus : Paris (\u00e9galement pr\u00e9sent dans d&rsquo;autres villes)<br \/>\nSite : <a href=\"https:\/\/www.ynov.com\/formations\/informatique\/bts-sio-slam\" rel=\"nofollow\">ynov.com<\/a><br \/>\nContact : informations disponibles sur le site.<\/p>\n<p><strong>Webitech Paris \u2013 BTS SIO option SLAM<\/strong><br \/>\nAdresse : Paris<br \/>\nSite : <a href=\"https:\/\/webitechparis.com\/formation\/developpement\/bts-sio-slam\/\" rel=\"nofollow\">webitechparis.com<\/a><br \/>\nContact : dossier d\u2019inscription et coordonn\u00e9es sur le site.<\/p>\n<p><strong>\u00c9stiam \u2013 BTS SIO SLAM en alternance<\/strong><br \/>\nSite : <a href=\"https:\/\/www.estiam.education\/fr\/formation-bts-sio-slam\" rel=\"nofollow\">estiam.education<\/a><br \/>\nContact : informations sur le site.<\/p>\n<p><strong>IPSSI \u2013 BTS SIO option SISR ou SLAM<\/strong><br \/>\nSite : <a href=\"https:\/\/ecole-ipssi.com\/formations-informatique\/bts-informatique-sio-sisr-slam\/\" rel=\"nofollow\">ecole-ipssi.com<\/a><br \/>\nContact : coordonn\u00e9es disponibles sur le site.<\/p>\n<p><strong>IRIS \u2013 BTS SIO option SLAM 1re ann\u00e9e<\/strong><br \/>\nSite : <a href=\"https:\/\/ecoleiris.fr\/paris\/formation\/bts-informatique\/bts-sio-option-slam-solutions-logicielles-et-applications-metiers-1ere-annee\" rel=\"nofollow\">ecoleiris.fr<\/a><br \/>\nContact : informations pratiques sur le site.<\/p>\n<\/div>\n<div style=\"background: white;padding: 15px;margin: 10px 0;border-left: 4px solid #007bff\">\n<h3 style=\"color: #007bff;margin-bottom: 10px\">\ud83d\udee0\ufe0f Tarifs des Formations BTS SIO SLAM<\/h3>\n<p><strong>Ynov Campus<\/strong>: Ann\u00e9e 1 &#8211; 5 000 \u20ac (comptant) \/ 5 500 \u20ac (\u00e9chelonn\u00e9)<br \/>\nAnn\u00e9e 2 &#8211; 6 000 \u20ac (comptant) \/ 6 500 \u20ac (\u00e9chelonn\u00e9).<\/p>\n<p><strong>Webitech Paris<\/strong>: Co\u00fbt total en initial &#8211; 9 400 \u20ac pour 2 ans (4 700 \u20ac par an).<\/p>\n<p><strong>\u00c9stiam<\/strong>: Voie standard &#8211; 6 800 \u20ac par an, possibilit\u00e9 de paiement en 10 fois.<\/p>\n<p><strong>IPSSI<\/strong>: Co\u00fbt formation &#8211; 6 600 \u20ac en initial (1re ann\u00e9e).<\/p>\n<\/div>\n<div style=\"background: white;padding: 15px;margin: 10px 0;border-left: 4px solid #6f42c1\">\n<h3 style=\"color: #6f42c1;margin-bottom: 10px\">\ud83d\udc65 Communaut\u00e9 et Experts<\/h3>\n<p>Pour des \u00e9changes et des retours d&rsquo;exp\u00e9rience, vous pouvez consulter les sites des \u00e9coles mentionn\u00e9es ci-dessus, o\u00f9 des forums internes ou des groupes d&rsquo;anciens \u00e9l\u00e8ves peuvent \u00eatre disponibles.<\/p>\n<\/div>\n<div style=\"background: #fff3cd;padding: 15px;margin: 15px 0;border: 2px solid #ffc107;border-radius: 5px\">\n<strong style=\"color: #856404\">\ud83d\udca1 R\u00e9sum\u00e9 en 2 lignes :<\/strong><br \/>\n<span>Les formations BTS SIO option SLAM \u00e0 Paris offrent une combinaison de comp\u00e9tences techniques et oratoires, avec des \u00e9coles comme H3 Hitema et Ynov proposant des cursus adapt\u00e9s. Les tarifs varient entre 5 000 \u20ac et 9 400 \u20ac pour deux ans, selon l&rsquo;\u00e9tablissement et le mode de formation.<\/span>\n<\/div>\n<\/div>\n","protected":false},"excerpt":{"rendered":"","protected":false},"author":34,"featured_media":7676,"comment_status":"open","ping_status":"open","sticky":false,"template":"","format":"standard","meta":{"_acf_changed":false,"manual_indexmenow":false,"indexmenow_id_project":0,"footnotes":""},"categories":[4522],"tags":[4767,4768,4769],"class_list":["post-7674","post","type-post","status-publish","format-standard","has-post-thumbnail","hentry","category-guides-et-conseils","tag-formation-slam","tag-performance-verbale","tag-posie-orale","generate-columns","tablet-grid-50","mobile-grid-100","grid-parent","grid-25"],"acf":[],"yoast_head":"<!-- This site is optimized with the Yoast SEO Premium plugin v21.3 (Yoast SEO v26.5) - https:\/\/yoast.com\/wordpress\/plugins\/seo\/ -->\n<title>Formation slam : performance verbale et po\u00e9sie orale<\/title>\n<meta name=\"description\" content=\"Le slam se d\u00e9finit comme une performance de po\u00e9sie orale o\u00f9 l\u2019auteur est aussi l\u2019interpr\u00e8te de son propre texte, face \u00e0 un public.\" \/>\n<meta name=\"robots\" content=\"index, follow, max-snippet:-1, max-image-preview:large, max-video-preview:-1\" \/>\n<link rel=\"canonical\" href=\"https:\/\/slams.fr\/blog\/guides-et-conseils\/formation-slam-maitrisez-la-performance-verbale-et-la-poesie-orale\/\" \/>\n<meta property=\"og:locale\" content=\"fr_FR\" \/>\n<meta property=\"og:type\" content=\"article\" \/>\n<meta property=\"og:title\" content=\"Formation slam : performance verbale et po\u00e9sie orale\" \/>\n<meta property=\"og:description\" content=\"Le slam se d\u00e9finit comme une performance de po\u00e9sie orale o\u00f9 l\u2019auteur est aussi l\u2019interpr\u00e8te de son propre texte, face \u00e0 un public.\" \/>\n<meta property=\"og:url\" content=\"https:\/\/slams.fr\/blog\/guides-et-conseils\/formation-slam-maitrisez-la-performance-verbale-et-la-poesie-orale\/\" \/>\n<meta property=\"og:site_name\" content=\"slams\" \/>\n<meta property=\"og:image\" content=\"https:\/\/slams.fr\/blog\/wp-content\/uploads\/2025\/12\/pag-image-693bdfbd910e4-scaled.png\" \/>\n\t<meta property=\"og:image:width\" content=\"1200\" \/>\n\t<meta property=\"og:image:height\" content=\"686\" \/>\n\t<meta property=\"og:image:type\" content=\"image\/png\" \/>\n<meta name=\"author\" content=\"Rapha\u00ebl D.\" \/>\n<meta name=\"twitter:card\" content=\"summary_large_image\" \/>\n<script type=\"application\/ld+json\" class=\"yoast-schema-graph\">{\"@context\":\"https:\/\/schema.org\",\"@graph\":[{\"@type\":\"NewsArticle\",\"@id\":\"https:\/\/slams.fr\/blog\/guides-et-conseils\/formation-slam-maitrisez-la-performance-verbale-et-la-poesie-orale\/#article\",\"isPartOf\":{\"@id\":\"https:\/\/slams.fr\/blog\/guides-et-conseils\/formation-slam-maitrisez-la-performance-verbale-et-la-poesie-orale\/\"},\"author\":{\"name\":\"Rapha\u00ebl D.\",\"@id\":\"https:\/\/slams.fr\/blog\/#\/schema\/person\/3c864cdc320801e3db34b663e7e3f816\"},\"headline\":\"Formation slam : ma\u00eetrisez la performance verbale et la po\u00e9sie orale\",\"datePublished\":\"2026-01-01T08:33:00+00:00\",\"mainEntityOfPage\":{\"@id\":\"https:\/\/slams.fr\/blog\/guides-et-conseils\/formation-slam-maitrisez-la-performance-verbale-et-la-poesie-orale\/\"},\"wordCount\":3443,\"commentCount\":0,\"publisher\":{\"@id\":\"https:\/\/slams.fr\/blog\/#organization\"},\"image\":{\"@id\":\"https:\/\/slams.fr\/blog\/guides-et-conseils\/formation-slam-maitrisez-la-performance-verbale-et-la-poesie-orale\/#primaryimage\"},\"thumbnailUrl\":\"https:\/\/slams.fr\/blog\/wp-content\/uploads\/2025\/12\/pag-image-693bdfbd910e4-scaled.png\",\"keywords\":[\"formation slam\",\"performance verbale\",\"posie orale\"],\"articleSection\":[\"Guides et Conseils\"],\"inLanguage\":\"fr-FR\",\"potentialAction\":[{\"@type\":\"CommentAction\",\"name\":\"Comment\",\"target\":[\"https:\/\/slams.fr\/blog\/guides-et-conseils\/formation-slam-maitrisez-la-performance-verbale-et-la-poesie-orale\/#respond\"]}]},{\"@type\":\"WebPage\",\"@id\":\"https:\/\/slams.fr\/blog\/guides-et-conseils\/formation-slam-maitrisez-la-performance-verbale-et-la-poesie-orale\/\",\"url\":\"https:\/\/slams.fr\/blog\/guides-et-conseils\/formation-slam-maitrisez-la-performance-verbale-et-la-poesie-orale\/\",\"name\":\"Formation slam : performance verbale et po\u00e9sie orale\",\"isPartOf\":{\"@id\":\"https:\/\/slams.fr\/blog\/#website\"},\"primaryImageOfPage\":{\"@id\":\"https:\/\/slams.fr\/blog\/guides-et-conseils\/formation-slam-maitrisez-la-performance-verbale-et-la-poesie-orale\/#primaryimage\"},\"image\":{\"@id\":\"https:\/\/slams.fr\/blog\/guides-et-conseils\/formation-slam-maitrisez-la-performance-verbale-et-la-poesie-orale\/#primaryimage\"},\"thumbnailUrl\":\"https:\/\/slams.fr\/blog\/wp-content\/uploads\/2025\/12\/pag-image-693bdfbd910e4-scaled.png\",\"datePublished\":\"2026-01-01T08:33:00+00:00\",\"description\":\"Le slam se d\u00e9finit comme une performance de po\u00e9sie orale o\u00f9 l\u2019auteur est aussi l\u2019interpr\u00e8te de son propre texte, face \u00e0 un public.\",\"inLanguage\":\"fr-FR\",\"potentialAction\":[{\"@type\":\"ReadAction\",\"target\":[\"https:\/\/slams.fr\/blog\/guides-et-conseils\/formation-slam-maitrisez-la-performance-verbale-et-la-poesie-orale\/\"]}]},{\"@type\":\"ImageObject\",\"inLanguage\":\"fr-FR\",\"@id\":\"https:\/\/slams.fr\/blog\/guides-et-conseils\/formation-slam-maitrisez-la-performance-verbale-et-la-poesie-orale\/#primaryimage\",\"url\":\"https:\/\/slams.fr\/blog\/wp-content\/uploads\/2025\/12\/pag-image-693bdfbd910e4-scaled.png\",\"contentUrl\":\"https:\/\/slams.fr\/blog\/wp-content\/uploads\/2025\/12\/pag-image-693bdfbd910e4-scaled.png\",\"width\":1200,\"height\":686,\"caption\":\"Image g\u00e9n\u00e9r\u00e9e par IA optimis\u00e9e pour Google Discover\"},{\"@type\":\"WebSite\",\"@id\":\"https:\/\/slams.fr\/blog\/#website\",\"url\":\"https:\/\/slams.fr\/blog\/\",\"name\":\"slams.fr\",\"description\":\"Slams, l&#039;\u00e9nergie des mots en action\",\"publisher\":{\"@id\":\"https:\/\/slams.fr\/blog\/#organization\"},\"alternateName\":\"Slams, l'\u00e9nergie des mots en action\",\"potentialAction\":[{\"@type\":\"SearchAction\",\"target\":{\"@type\":\"EntryPoint\",\"urlTemplate\":\"https:\/\/slams.fr\/blog\/?s={search_term_string}\"},\"query-input\":{\"@type\":\"PropertyValueSpecification\",\"valueRequired\":true,\"valueName\":\"search_term_string\"}}],\"inLanguage\":\"fr-FR\"},{\"@type\":\"Organization\",\"@id\":\"https:\/\/slams.fr\/blog\/#organization\",\"name\":\"Foretsensations.fr\",\"url\":\"https:\/\/slams.fr\/blog\/\",\"logo\":{\"@type\":\"ImageObject\",\"inLanguage\":\"fr-FR\",\"@id\":\"https:\/\/slams.fr\/blog\/#\/schema\/logo\/image\/\",\"url\":\"https:\/\/slams.fr\/blog\/wp-content\/uploads\/2026\/07\/logo-auto-1.png\",\"contentUrl\":\"https:\/\/slams.fr\/blog\/wp-content\/uploads\/2026\/07\/logo-auto-1.png\",\"width\":1024,\"height\":1024,\"caption\":\"Foretsensations.fr\"},\"image\":{\"@id\":\"https:\/\/slams.fr\/blog\/#\/schema\/logo\/image\/\"}},{\"@type\":\"Person\",\"@id\":\"https:\/\/slams.fr\/blog\/#\/schema\/person\/3c864cdc320801e3db34b663e7e3f816\",\"name\":\"Rapha\u00ebl D.\",\"image\":{\"@type\":\"ImageObject\",\"inLanguage\":\"fr-FR\",\"@id\":\"https:\/\/slams.fr\/blog\/#\/schema\/person\/image\/\",\"url\":\"https:\/\/slams.fr\/blog\/wp-content\/uploads\/2026\/06\/persona_raphael-d-96x96.jpg\",\"contentUrl\":\"https:\/\/slams.fr\/blog\/wp-content\/uploads\/2026\/06\/persona_raphael-d-96x96.jpg\",\"caption\":\"Rapha\u00ebl D.\"},\"description\":\"La culture est mon terrain de jeu depuis une dizaine d'ann\u00e9es : arts visuels, s\u00e9ries, cr\u00e9ation et tout ce qui nourrit l'imaginaire. J'\u00e9cris aussi bien sur l'actualit\u00e9 des \u0153uvres que sur les coulisses de la cr\u00e9ation, avec l'envie de relier l'amateur curieux \u00e0 des univers parfois jug\u00e9s intimidants. J'aime analyser une s\u00e9rie ou une d\u00e9marche artistique sans p\u00e9dantisme, replacer une \u0153uvre dans son contexte et donner des cl\u00e9s de lecture accessibles. Avant de publier, je v\u00e9rifie mes r\u00e9f\u00e9rences, je recoupe les sources et je distingue clairement le fait de mon interpr\u00e9tation subjective. Je crois qu'une critique vaut surtout par les arguments qu'elle expose, pas par la sentence qu'elle rend. Mon angle : transmettre l'envie de d\u00e9couvrir, de regarder autrement et de se forger son propre go\u00fbt. La culture n'appartient pas qu'aux initi\u00e9s, et c'est tout l'enjeu de mon \u00e9criture.\",\"url\":\"https:\/\/slams.fr\/blog\/auteur\/raphael-d\/\",\"jobTitle\":\"R\u00e9dacteur en chef \u00b7 Culture & Cr\u00e9ation\",\"knowsAbout\":[\"Culture\",\"Cr\u00e9ation\"],\"email\":\"raphael.d@a-l-asso-de-l-art.fr\"}]}<\/script>\n<!-- \/ Yoast SEO Premium plugin. -->","yoast_head_json":{"title":"Formation slam : performance verbale et po\u00e9sie orale","description":"Le slam se d\u00e9finit comme une performance de po\u00e9sie orale o\u00f9 l\u2019auteur est aussi l\u2019interpr\u00e8te de son propre texte, face \u00e0 un public.","robots":{"index":"index","follow":"follow","max-snippet":"max-snippet:-1","max-image-preview":"max-image-preview:large","max-video-preview":"max-video-preview:-1"},"canonical":"https:\/\/slams.fr\/blog\/guides-et-conseils\/formation-slam-maitrisez-la-performance-verbale-et-la-poesie-orale\/","og_locale":"fr_FR","og_type":"article","og_title":"Formation slam : performance verbale et po\u00e9sie orale","og_description":"Le slam se d\u00e9finit comme une performance de po\u00e9sie orale o\u00f9 l\u2019auteur est aussi l\u2019interpr\u00e8te de son propre texte, face \u00e0 un public.","og_url":"https:\/\/slams.fr\/blog\/guides-et-conseils\/formation-slam-maitrisez-la-performance-verbale-et-la-poesie-orale\/","og_site_name":"slams","og_image":[{"width":1200,"height":686,"url":"https:\/\/slams.fr\/blog\/wp-content\/uploads\/2025\/12\/pag-image-693bdfbd910e4-scaled.png","type":"image\/png"}],"author":"Rapha\u00ebl D.","twitter_card":"summary_large_image","schema":{"@context":"https:\/\/schema.org","@graph":[{"@type":"NewsArticle","@id":"https:\/\/slams.fr\/blog\/guides-et-conseils\/formation-slam-maitrisez-la-performance-verbale-et-la-poesie-orale\/#article","isPartOf":{"@id":"https:\/\/slams.fr\/blog\/guides-et-conseils\/formation-slam-maitrisez-la-performance-verbale-et-la-poesie-orale\/"},"author":{"name":"Rapha\u00ebl D.","@id":"https:\/\/slams.fr\/blog\/#\/schema\/person\/3c864cdc320801e3db34b663e7e3f816"},"headline":"Formation slam : ma\u00eetrisez la performance verbale et la po\u00e9sie orale","datePublished":"2026-01-01T08:33:00+00:00","mainEntityOfPage":{"@id":"https:\/\/slams.fr\/blog\/guides-et-conseils\/formation-slam-maitrisez-la-performance-verbale-et-la-poesie-orale\/"},"wordCount":3443,"commentCount":0,"publisher":{"@id":"https:\/\/slams.fr\/blog\/#organization"},"image":{"@id":"https:\/\/slams.fr\/blog\/guides-et-conseils\/formation-slam-maitrisez-la-performance-verbale-et-la-poesie-orale\/#primaryimage"},"thumbnailUrl":"https:\/\/slams.fr\/blog\/wp-content\/uploads\/2025\/12\/pag-image-693bdfbd910e4-scaled.png","keywords":["formation slam","performance verbale","posie orale"],"articleSection":["Guides et Conseils"],"inLanguage":"fr-FR","potentialAction":[{"@type":"CommentAction","name":"Comment","target":["https:\/\/slams.fr\/blog\/guides-et-conseils\/formation-slam-maitrisez-la-performance-verbale-et-la-poesie-orale\/#respond"]}]},{"@type":"WebPage","@id":"https:\/\/slams.fr\/blog\/guides-et-conseils\/formation-slam-maitrisez-la-performance-verbale-et-la-poesie-orale\/","url":"https:\/\/slams.fr\/blog\/guides-et-conseils\/formation-slam-maitrisez-la-performance-verbale-et-la-poesie-orale\/","name":"Formation slam : performance verbale et po\u00e9sie orale","isPartOf":{"@id":"https:\/\/slams.fr\/blog\/#website"},"primaryImageOfPage":{"@id":"https:\/\/slams.fr\/blog\/guides-et-conseils\/formation-slam-maitrisez-la-performance-verbale-et-la-poesie-orale\/#primaryimage"},"image":{"@id":"https:\/\/slams.fr\/blog\/guides-et-conseils\/formation-slam-maitrisez-la-performance-verbale-et-la-poesie-orale\/#primaryimage"},"thumbnailUrl":"https:\/\/slams.fr\/blog\/wp-content\/uploads\/2025\/12\/pag-image-693bdfbd910e4-scaled.png","datePublished":"2026-01-01T08:33:00+00:00","description":"Le slam se d\u00e9finit comme une performance de po\u00e9sie orale o\u00f9 l\u2019auteur est aussi l\u2019interpr\u00e8te de son propre texte, face \u00e0 un public.","inLanguage":"fr-FR","potentialAction":[{"@type":"ReadAction","target":["https:\/\/slams.fr\/blog\/guides-et-conseils\/formation-slam-maitrisez-la-performance-verbale-et-la-poesie-orale\/"]}]},{"@type":"ImageObject","inLanguage":"fr-FR","@id":"https:\/\/slams.fr\/blog\/guides-et-conseils\/formation-slam-maitrisez-la-performance-verbale-et-la-poesie-orale\/#primaryimage","url":"https:\/\/slams.fr\/blog\/wp-content\/uploads\/2025\/12\/pag-image-693bdfbd910e4-scaled.png","contentUrl":"https:\/\/slams.fr\/blog\/wp-content\/uploads\/2025\/12\/pag-image-693bdfbd910e4-scaled.png","width":1200,"height":686,"caption":"Image g\u00e9n\u00e9r\u00e9e par IA optimis\u00e9e pour Google Discover"},{"@type":"WebSite","@id":"https:\/\/slams.fr\/blog\/#website","url":"https:\/\/slams.fr\/blog\/","name":"slams.fr","description":"Slams, l&#039;\u00e9nergie des mots en action","publisher":{"@id":"https:\/\/slams.fr\/blog\/#organization"},"alternateName":"Slams, l'\u00e9nergie des mots en action","potentialAction":[{"@type":"SearchAction","target":{"@type":"EntryPoint","urlTemplate":"https:\/\/slams.fr\/blog\/?s={search_term_string}"},"query-input":{"@type":"PropertyValueSpecification","valueRequired":true,"valueName":"search_term_string"}}],"inLanguage":"fr-FR"},{"@type":"Organization","@id":"https:\/\/slams.fr\/blog\/#organization","name":"Foretsensations.fr","url":"https:\/\/slams.fr\/blog\/","logo":{"@type":"ImageObject","inLanguage":"fr-FR","@id":"https:\/\/slams.fr\/blog\/#\/schema\/logo\/image\/","url":"https:\/\/slams.fr\/blog\/wp-content\/uploads\/2026\/07\/logo-auto-1.png","contentUrl":"https:\/\/slams.fr\/blog\/wp-content\/uploads\/2026\/07\/logo-auto-1.png","width":1024,"height":1024,"caption":"Foretsensations.fr"},"image":{"@id":"https:\/\/slams.fr\/blog\/#\/schema\/logo\/image\/"}},{"@type":"Person","@id":"https:\/\/slams.fr\/blog\/#\/schema\/person\/3c864cdc320801e3db34b663e7e3f816","name":"Rapha\u00ebl D.","image":{"@type":"ImageObject","inLanguage":"fr-FR","@id":"https:\/\/slams.fr\/blog\/#\/schema\/person\/image\/","url":"https:\/\/slams.fr\/blog\/wp-content\/uploads\/2026\/06\/persona_raphael-d-96x96.jpg","contentUrl":"https:\/\/slams.fr\/blog\/wp-content\/uploads\/2026\/06\/persona_raphael-d-96x96.jpg","caption":"Rapha\u00ebl D."},"description":"La culture est mon terrain de jeu depuis une dizaine d'ann\u00e9es : arts visuels, s\u00e9ries, cr\u00e9ation et tout ce qui nourrit l'imaginaire. J'\u00e9cris aussi bien sur l'actualit\u00e9 des \u0153uvres que sur les coulisses de la cr\u00e9ation, avec l'envie de relier l'amateur curieux \u00e0 des univers parfois jug\u00e9s intimidants. J'aime analyser une s\u00e9rie ou une d\u00e9marche artistique sans p\u00e9dantisme, replacer une \u0153uvre dans son contexte et donner des cl\u00e9s de lecture accessibles. Avant de publier, je v\u00e9rifie mes r\u00e9f\u00e9rences, je recoupe les sources et je distingue clairement le fait de mon interpr\u00e9tation subjective. Je crois qu'une critique vaut surtout par les arguments qu'elle expose, pas par la sentence qu'elle rend. Mon angle : transmettre l'envie de d\u00e9couvrir, de regarder autrement et de se forger son propre go\u00fbt. La culture n'appartient pas qu'aux initi\u00e9s, et c'est tout l'enjeu de mon \u00e9criture.","url":"https:\/\/slams.fr\/blog\/auteur\/raphael-d\/","jobTitle":"R\u00e9dacteur en chef \u00b7 Culture & Cr\u00e9ation","knowsAbout":["Culture","Cr\u00e9ation"],"email":"raphael.d@a-l-asso-de-l-art.fr"}]}},"_links":{"self":[{"href":"https:\/\/slams.fr\/blog\/wp-json\/wp\/v2\/posts\/7674","targetHints":{"allow":["GET"]}}],"collection":[{"href":"https:\/\/slams.fr\/blog\/wp-json\/wp\/v2\/posts"}],"about":[{"href":"https:\/\/slams.fr\/blog\/wp-json\/wp\/v2\/types\/post"}],"author":[{"embeddable":true,"href":"https:\/\/slams.fr\/blog\/wp-json\/wp\/v2\/users\/34"}],"replies":[{"embeddable":true,"href":"https:\/\/slams.fr\/blog\/wp-json\/wp\/v2\/comments?post=7674"}],"version-history":[{"count":1,"href":"https:\/\/slams.fr\/blog\/wp-json\/wp\/v2\/posts\/7674\/revisions"}],"predecessor-version":[{"id":7754,"href":"https:\/\/slams.fr\/blog\/wp-json\/wp\/v2\/posts\/7674\/revisions\/7754"}],"wp:featuredmedia":[{"embeddable":true,"href":"https:\/\/slams.fr\/blog\/wp-json\/wp\/v2\/media\/7676"}],"wp:attachment":[{"href":"https:\/\/slams.fr\/blog\/wp-json\/wp\/v2\/media?parent=7674"}],"wp:term":[{"taxonomy":"category","embeddable":true,"href":"https:\/\/slams.fr\/blog\/wp-json\/wp\/v2\/categories?post=7674"},{"taxonomy":"post_tag","embeddable":true,"href":"https:\/\/slams.fr\/blog\/wp-json\/wp\/v2\/tags?post=7674"}],"curies":[{"name":"wp","href":"https:\/\/api.w.org\/{rel}","templated":true}]}}