{"id":7677,"date":"2026-01-05T09:17:00","date_gmt":"2026-01-05T08:17:00","guid":{"rendered":"https:\/\/slams.fr\/blog\/?p=7677"},"modified":"2026-01-05T09:17:00","modified_gmt":"2026-01-05T08:17:00","slug":"stage-slam-origines-principes-et-culture-de-cette-competition-poetique-orale","status":"publish","type":"post","link":"https:\/\/slams.fr\/blog\/actualites-du-slam\/stage-slam-origines-principes-et-culture-de-cette-competition-poetique-orale\/","title":{"rendered":"Stage slam : Origines, principes et culture de cette comp\u00e9tition po\u00e9tique orale"},"content":{"rendered":"<h1>Stage slam : Plongez dans l&rsquo;univers de l&rsquo;\u00e9criture et de la performance<\/h1>\n<h2>Qu\u2019est-ce que le slam ? Origines, principes et culture<\/h2>\n<p>Le <strong>slam<\/strong> d\u00e9signe, historiquement, une <u>comp\u00e9tition de po\u00e9sie orale<\/u> o\u00f9 des po\u00e8tes interpr\u00e8tent leurs propres textes devant un <strong>public<\/strong>, sans d\u00e9cor ni accessoires, avec un temps de parole limit\u00e9, g\u00e9n\u00e9ralement autour de <u>3 minutes<\/u>. Cette d\u00e9finition, reprise par des structures comme la <strong>Ligue Slam de France<\/strong> ou l\u2019initiative <strong>Slam \u00e0 l\u2019\u00e9cole<\/strong>, insiste sur le lien direct entre <strong>\u00e9criture<\/strong> et performance\u202f: celui ou celle qui \u00e9crit est celui ou celle qui d\u00e9clame, sans interm\u00e9diaire. Le slam appartient \u00e0 la <strong>po\u00e9sie engag\u00e9e<\/strong>, avec un vocabulaire souvent familier, nourri d\u2019<strong>argot<\/strong>, de <strong>verlan<\/strong>, de n\u00e9ologismes, et un fort travail sur le <strong>rythme<\/strong> et les sonorit\u00e9s.<\/p>\n<p>Le mouvement na\u00eet \u00e0 <strong>Chicago<\/strong> \u00e0 la fin des ann\u00e9es 1980, lorsque <strong>Marc Smith, ouvrier du b\u00e2timent devenu performeur<\/strong>, organise des soir\u00e9es de \u202f<strong>poetry slam<\/strong>\u202f? pour rendre la <strong>po\u00e9sie<\/strong> plus accessible, moins \u00e9litiste, plus vivante. Au fil des ann\u00e9es 1990, le format se diffuse aux <strong>\u00c9tats-Unis<\/strong>, puis en <strong>Europe<\/strong>. En <strong>France<\/strong>, les premi\u00e8res sc\u00e8nes r\u00e9guli\u00e8res apparaissent au tournant des ann\u00e9es 2000, notamment \u00e0 <strong>Paris<\/strong>, avec des collectifs qui organiseront ensuite des \u00e9v\u00e9nements comme le <strong>Grand Slam National<\/strong>. La r\u00e8gle du jeu reste simple\u202f: un texte original, une performance <strong>a cappella<\/strong>, un temps limit\u00e9, un jury tir\u00e9 au sort dans le <strong>public<\/strong>, des notes de 0 \u00e0 10, et une ambiance de \u202fmatch de boxe po\u00e9tique\u202f?. Nous avons, l\u00e0, un dispositif \u00e0 la fois ludique, artistique et citoyen.<\/p>\n<ul>\n<li><u>Caract\u00e9ristiques cl\u00e9s<\/u>\u202f: temps limit\u00e9, texte original, performance orale, interaction forte avec le <strong>public<\/strong>.<\/li>\n<li><strong>3 R du slam<\/strong> souvent \u00e9voqu\u00e9s\u202f: <strong>rythme<\/strong>, <strong>rime<\/strong>, <strong>r\u00e9cit<\/strong>.<\/li>\n<li><strong>Position culturelle<\/strong>\u202f: \u00e0 la crois\u00e9e de la <strong>culture hip-hop<\/strong>, du <strong>rap<\/strong> et de la <strong>po\u00e9sie contemporaine<\/strong>.<\/li>\n<\/ul>\n<p>En <strong>France<\/strong>, des artistes comme <strong>Grand Corps Malade, slameur et auteur-compositeur<\/strong>, r\u00e9v\u00e9l\u00e9 au grand public en <strong>2006<\/strong> avec l\u2019album <strong>\u202fMidi 20\u202f?<\/strong>, ou <strong>Abd Al Malik, rappeur et \u00e9crivain<\/strong>, ont contribu\u00e9 \u00e0 m\u00e9diatiser le slam, m\u00eame si leurs cr\u00e9ations d\u00e9passent le cadre strict du \u202ftournoi\u202f?. On peut citer aussi des collectifs comme <strong>Slam Production, structure culturelle parisienne<\/strong>, ou des sc\u00e8nes embl\u00e9matiques telles que le <strong>Grand Slam de Paname, \u00e9v\u00e9nement parisien<\/strong>. Au-del\u00e0 de la comp\u00e9tition, nous consid\u00e9rons que le slam est surtout un <u>espace d\u2019expression d\u00e9mocratique<\/u>, un laboratoire artistique o\u00f9 chacun peut tester une parole, explorer une identit\u00e9, interroger la soci\u00e9t\u00e9, sans filtre.<\/p>\n<h2>Les b\u00e9n\u00e9fices d\u2019un stage slam : expression, confiance et comp\u00e9tences transf\u00e9rables<\/h2>\n<p>Un <strong>stage slam<\/strong> va bien au-del\u00e0 d\u2019un simple atelier ponctuel. Il s\u2019agit d\u2019un <u>dispositif intensif<\/u>, sur un week-end ou quelques jours, qui combine <strong>\u00e9criture cr\u00e9ative<\/strong>, travail vocal, conscience du <strong>corps<\/strong> et exp\u00e9riences de <strong>sc\u00e8ne<\/strong>. Dans le cadre de programmes p\u00e9dagogiques comme ceux recens\u00e9s par la plateforme <strong>\u202fLe slam comme outil p\u00e9dagogique\u202f? port\u00e9e par le r\u00e9seau MLF Monde<\/strong>, des enseignants ont constat\u00e9, sur plusieurs promotions de coll\u00e9giens entre <strong>2018<\/strong> et <strong>2023<\/strong>, une hausse nette de la participation orale en classe, souvent chiffr\u00e9e \u00e0 plus de <u>30&nbsp;% d\u2019\u00e9l\u00e8ves suppl\u00e9mentaires<\/u> prenant la parole r\u00e9guli\u00e8rement apr\u00e8s un cycle d\u2019ateliers slam. Cette progression illustre l\u2019impact du travail sur l\u2019<strong>estime de soi<\/strong> et la capacit\u00e9 \u00e0 se tenir devant un <strong>public<\/strong>.<\/p>\n<p>Nous observons plusieurs axes d\u2019effets positifs. Sur le plan de l\u2019<strong>\u00e9criture<\/strong>, les stagiaires apprennent \u00e0 enrichir leur vocabulaire, \u00e0 structurer des <strong>textes<\/strong> courts mais denses, \u00e0 manier rimes, images et m\u00e9taphores. Sur le plan de la <strong>prise de parole<\/strong>, un stage permet d\u2019aborder la <u>gestion du trac<\/u>, la respiration, la diction, le regard, les d\u00e9placements, toutes comp\u00e9tences ensuite r\u00e9utilisables pour un expos\u00e9 scolaire, une soutenance universitaire, une pr\u00e9sentation professionnelle ou une conf\u00e9rence. Dans des structures comme l\u2019<strong>ENSFEA de Toulouse, \u00e9tablissement d\u2019enseignement sup\u00e9rieur<\/strong>, l\u2019usage du slam en formation d\u2019enseignants a montr\u00e9 des effets notables sur la capacit\u00e9 \u00e0 parler clairement et \u00e0 capter l\u2019attention d\u2019un groupe-classe.<\/p>\n<ul>\n<li><strong>Comp\u00e9tences renforc\u00e9es<\/strong>\u202f: <u>confiance en soi<\/u>, aisance orale, cr\u00e9ativit\u00e9, \u00e9coute active, esprit de synth\u00e8se.<\/li>\n<li><strong>Contextes d\u2019application<\/strong>\u202f: milieu scolaire, formation professionnelle, insertion sociale, pratique artistique.<\/li>\n<li><strong>Impact collectif<\/strong>\u202f: am\u00e9lioration du \u202fvivre ensemble\u202f?, respect des temps de parole, culture du <strong>feedback<\/strong> constructif.<\/li>\n<\/ul>\n<p>Les retours de terrain sont r\u00e9v\u00e9lateurs. Un adolescent de 15 ans, participant \u00e0 un projet port\u00e9 par une <strong>MJC d\u2019\u00cele-de-France<\/strong> en <strong>2022<\/strong>, d\u00e9crit qu\u2019il n\u2019osait \u202fm\u00eame pas lire un texte devant la classe\u202f? au d\u00e9part\u202f; apr\u00e8s un cycle de 5 s\u00e9ances et un mini-<strong>stage slam<\/strong> de deux jours, il s\u2019est inscrit de lui-m\u00eame \u00e0 une <strong>sc\u00e8ne ouverte<\/strong> dans un caf\u00e9 culturel. Une cadre commerciale de <strong>Lyon<\/strong>, ayant suivi un stage anim\u00e9 par un collectif local en <strong>2021<\/strong>, explique avoir r\u00e9utilis\u00e9 les techniques de rythme et de silence pour structurer ses pr\u00e9sentations clients, avec \u00e0 la cl\u00e9 un meilleur taux de conversion de ses propositions. De notre point de vue, ces b\u00e9n\u00e9fices concrets font du stage slam un outil particuli\u00e8rement pertinent dans un parcours de formation continue ou de reconversion.<\/p>\n<h2>Comment se d\u00e9roule un stage de slam ? De la page blanche \u00e0 la sc\u00e8ne<\/h2>\n<p>Un <strong>stage slam<\/strong> typique se d\u00e9roule souvent sur une ou deux journ\u00e9es compl\u00e8tes, parfois sur une semaine en centre culturel ou pendant des vacances scolaires. Nous y retrouvons une alternance rythm\u00e9e entre <strong>ateliers d\u2019\u00e9criture<\/strong>, exercices corporels, mise en voix et temps de r\u00e9p\u00e9tition. Des structures comme la <strong>Maison des Arts de la Parole \u00e0 Sherbrooke, centre culturel qu\u00e9b\u00e9cois<\/strong>, ou des ateliers universitaires de slam \u00e0 l\u2019<strong>Universit\u00e9 de Tours<\/strong> d\u00e9crivent ce format comme une \u202f<u>mise en laboratoire de la parole<\/u>\u202f?\u202f: le groupe devient un espace d\u2019essai, de brouillon, de rature, o\u00f9 chacun peut tenter diff\u00e9rentes versions d\u2019un texte avant la restitution finale.<\/p>\n<p>Sur une journ\u00e9e type, la matin\u00e9e est souvent consacr\u00e9e \u00e0 briser la glace et \u00e0 lib\u00e9rer l\u2019<strong>\u00e9criture<\/strong>. Nous travaillons, par exemple, sur des exercices de <u>libre association<\/u> de <strong>mots<\/strong>, des contraintes temporelles (r\u00e9diger un texte en <u>3 minutes<\/u>), des propositions autour du \u202fje\u202f? (r\u00e9cit d\u2019un souvenir, d\u2019une col\u00e8re, d\u2019un d\u00e9sir). L\u2019apr\u00e8s-midi, l\u2019accent se d\u00e9place progressivement vers le <strong>corps<\/strong> et la voix\u202f: \u00e9chauffements vocaux, ancrage, placement du regard, d\u00e9placements simples, gestion des silences. Le stage se conclut habituellement par une mini-sc\u00e8ne slam o\u00f9 les <strong>participants<\/strong> d\u00e9clament un texte choisi, devant le groupe ou un petit <strong>public<\/strong> invit\u00e9, avec des r\u00e8gles inspir\u00e9es des tournois classiques\u202f: temps limit\u00e9, texte personnel, sans accessoire.<\/p>\n<ul>\n<li><strong>Temps forts d\u2019un stage<\/strong>\u202f: d\u00e9couverte du groupe, \u00e9criture guid\u00e9e, r\u00e9\u00e9criture, mise en voix, performance finale.<\/li>\n<li><strong>Outils utilis\u00e9s<\/strong>\u202f: jeux de contraintes, improvisation orale, travail de <strong>rythme<\/strong> et de <strong>respiration<\/strong>, retours collectifs.<\/li>\n<li><strong>Acteurs impliqu\u00e9s<\/strong>\u202f: slameurs-formateurs, structures culturelles (MJC, universit\u00e9s, maisons de quartier), parfois institutions comme des rectorats ou des collectivit\u00e9s locales.<\/li>\n<\/ul>\n<p>En <strong>France<\/strong>, des organisations comme la <strong>Ligue Slam de France, f\u00e9d\u00e9ration d\u2019associations de slam<\/strong>, des MJC urbaines, ou encore des centres culturels municipaux \u00e0 <strong>Strasbourg<\/strong>, <strong>Nantes<\/strong> ou <strong>Montpellier<\/strong> proposent couramment ce type de stages. Nous consid\u00e9rons que la force de ce dispositif tient \u00e0 sa dimension de <u>laboratoire s\u00e9curis\u00e9<\/u>\u202f: pendant un week-end, vous avez le droit de vous tromper, de rater un texte, de changer de ton, sans enjeu de performance professionnelle, simplement avec le d\u00e9sir de progresser. Cette marge d\u2019essai est rare dans d\u2019autres contextes de prise de parole.<\/p>\n<h2>Techniques d\u2019\u00e9criture pour le slam : trouver sa voix, choisir ses mots<\/h2>\n<p>Un bon <strong>stage slam<\/strong> ne se contente pas de vous faire \u00e9crire \u202fau feeling\u202f?. Il vous transmet des <strong>techniques d\u2019\u00e9criture<\/strong> sp\u00e9cifiques \u00e0 la <strong>po\u00e9sie orale<\/strong>, centr\u00e9es sur le <strong>rythme<\/strong>, la musicalit\u00e9 et la clart\u00e9 du message. La structure <strong>Verbaludik, organisme de m\u00e9diation culturelle<\/strong>, r\u00e9sume le slam comme un \u202fmariage entre un texte et une pr\u00e9sentation orale artistique\u202f?\u202f: ce qui fonctionne sur la page doit aussi vivre \u00e0 l\u2019oral. Nous travaillons donc sur les rimes (plates, crois\u00e9es, internes), les <strong>assonances<\/strong>, les <strong>allit\u00e9rations<\/strong>, mais aussi sur le d\u00e9coupage des phrases pour faciliter la <u>respiration<\/u> et la m\u00e9morisation.<\/p>\n<p>La notion de <strong>flow<\/strong>, emprunt\u00e9e au rap, occupe une place centrale. Il s\u2019agit du <u>d\u00e9bit<\/u>, de la mani\u00e8re dont les mots s\u2019encha\u00eenent, des acc\u00e9l\u00e9rations et des ralentissements, des silences que nous pla\u00e7ons pour laisser r\u00e9sonner une image. Une \u00e9criture slam efficace repose sur un \u00e9quilibre entre <strong>punchlines<\/strong> marquantes, images inattendues et narration claire. En stage, nous pouvons, par exemple, proposer d\u2019\u00e9crire un texte en 10 minutes \u00e0 partir d\u2019un mot impos\u00e9, puis de retravailler uniquement le <strong>rythme<\/strong>\u202f: couper certaines phrases, d\u00e9placer des mots en d\u00e9but ou fin de vers, ajouter des r\u00e9p\u00e9titions pour cr\u00e9er un effet incantatoire.<\/p>\n<ul>\n<li><strong>Outils d\u2019\u00e9criture<\/strong>\u202f: rimes multiples, jeux de sonorit\u00e9s, m\u00e9taphores fil\u00e9es, r\u00e9p\u00e9titions structurantes.<\/li>\n<li><u>Objectif p\u00e9dagogique<\/u>\u202f: rendre le texte \u00e0 la fois m\u00e9morable, fluide \u00e0 l\u2019oral, et fid\u00e8le \u00e0 votre intention.<\/li>\n<li><strong>Exercices courants<\/strong>\u202f: transformer un souvenir en slam, r\u00e9\u00e9crire un texte en changeant le point de vue, condenser une page en 15 vers.<\/li>\n<\/ul>\n<p>Les stages s\u2019appuient souvent sur des <strong>textes de slameurs reconnus<\/strong>. Un extrait d\u2019un po\u00e8me de <strong>Grand Corps Malade<\/strong> permet de travailler le r\u00e9cit autobiographique, un texte d\u2019<strong>Abd Al Malik<\/strong> ouvre vers la dimension philosophique ou spirituelle, tandis que des slameuses issues de collectifs locaux, \u00e0 <strong>Rouen<\/strong> ou <strong>Grenoble<\/strong>, inspirent des approches plus intimistes ou humoristiques. Nous estimons que cette analyse d\u2019\u0153uvres existantes donne aux stagiaires des rep\u00e8res concrets, tout en montrant la diversit\u00e9 possible\u202f: slam narratif, slam engag\u00e9 sur des sujets sociaux (discriminations, \u00e9cologie, migrations), slam amoureux, slam exp\u00e9rimental proche de la performance contemporaine.<\/p>\n<h2>La sc\u00e8ne slam en France : une culture vivante et accessible<\/h2>\n<p>Choisir un <strong>stage slam<\/strong>, c\u2019est entrer dans un \u00e9cosyst\u00e8me d\u00e9j\u00e0 tr\u00e8s dense en <strong>France<\/strong>. Depuis la fin des ann\u00e9es 1990, le slam s\u2019est diffus\u00e9 dans un grand nombre de villes, avec des <strong>sc\u00e8nes ouvertes<\/strong> mensuelles, des comp\u00e9titions locales et nationales, des festivals d\u00e9di\u00e9s. La <strong>Ligue Slam de France<\/strong> coordonne notamment le <strong>Grand Slam National<\/strong>, \u00e9v\u00e9nement annuel qui r\u00e9unit des collectifs venus de dizaines de villes\u202f: <strong>Bordeaux<\/strong>, <strong>Rennes<\/strong>, <strong>Dijon<\/strong>, <strong>Nice<\/strong>\u2026 On y retrouve un syst\u00e8me de poules, de finales, avec un jury tir\u00e9 du <strong>public<\/strong>, reprenant l\u2019esprit originel des \u202fpoetry slams\u202f? de <strong>Chicago<\/strong>.<\/p>\n<p>Les lieux de pratique sont multiples\u202f: caf\u00e9s culturels de quartier, th\u00e9\u00e2tres municipaux, centres culturels associatifs, biblioth\u00e8ques. Dans certaines m\u00e9tropoles comme <strong>Paris<\/strong> ou <strong>Lyon<\/strong>, on recense plusieurs dizaines d\u2019\u00e9v\u00e9nements slam par an, toutes formes confondues. Des programmes \u00e9ducatifs, tel <strong>\u202fSlam \u00e0 l\u2019\u00e9cole\u202f?<\/strong>, ont impliqu\u00e9, sur une p\u00e9riode d\u2019environ cinq ans, plusieurs centaines de classes du primaire et du secondaire, avec des taux de participation souvent sup\u00e9rieurs \u00e0 <u>80&nbsp;% des \u00e9l\u00e8ves<\/u> dans les s\u00e9ances de restitution cr\u00e9ative. Cette pr\u00e9sence dans les institutions \u00e9ducatives a largement contribu\u00e9 \u00e0 faire conna\u00eetre le slam au-del\u00e0 des cercles artistiques sp\u00e9cialis\u00e9s.<\/p>\n<ul>\n<li><strong>\u00c9v\u00e9nements structurants<\/strong>\u202f: <u>Grand Slam National<\/u>, <u>Coupe de la Ligue Slam de France<\/u>, nuits du slam, rencontres interr\u00e9gionales.<\/li>\n<li><strong>Types de lieux<\/strong>\u202f: bars, caf\u00e9s associatifs, MJC, maisons de quartier, biblioth\u00e8ques, th\u00e9\u00e2tres publics.<\/li>\n<li><strong>Publics<\/strong>\u202f: adolescents, adultes, publics en insertion, artistes professionnels, enseignants en formation.<\/li>\n<\/ul>\n<p>De nombreux artistes ont \u00e9merg\u00e9 de ces sc\u00e8nes pour devenir auteurs, com\u00e9diens, musiciens ou m\u00e9diateurs culturels. Certains slameurs programm\u00e9s dans de grands festivals comme le <strong>Festival d\u2019Avignon<\/strong> ou le <strong>Printemps de Bourges<\/strong> ont commenc\u00e9 sur de petites sc\u00e8nes de quartier. \u00c0 nos yeux, un <u>stage slam<\/u> joue souvent le r\u00f4le de porte d\u2019entr\u00e9e\u202f: il fournit des textes, une premi\u00e8re exp\u00e9rience sc\u00e9nique, un r\u00e9seau de <strong>participants<\/strong> et de formateurs qui orientent ensuite vers les sc\u00e8nes locales. L\u2019acc\u00e8s y est, en g\u00e9n\u00e9ral, gratuit ou \u00e0 tarif tr\u00e8s mod\u00e9r\u00e9, ce qui renforce la dimension <strong>inclusive<\/strong> de cette culture.<\/p>\n<h2>Comment choisir son stage slam ? Crit\u00e8res, pi\u00e8ges et bons r\u00e9flexes<\/h2>\n<p>Face \u00e0 l\u2019offre croissante de <strong>stages slam<\/strong>, il nous semble utile d\u2019adopter une grille de lecture claire. La premi\u00e8re \u00e9tape consiste \u00e0 clarifier vos objectifs\u202f: souhaitez-vous surtout travailler l\u2019<strong>\u00e9criture<\/strong>, d\u00e9passer une peur de parler en public, d\u00e9velopper une pratique artistique r\u00e9guli\u00e8re, pr\u00e9parer un concours, ou renforcer vos comp\u00e9tences professionnelles (pr\u00e9sentations, pitchs, animation de r\u00e9unions)\u202f? Une fois ce point pos\u00e9, nous vous recommandons de regarder pr\u00e9cis\u00e9ment la <u>dur\u00e9e<\/u> du stage, la taille du <strong>groupe<\/strong>, la part consacr\u00e9e \u00e0 la <strong>performance<\/strong> par rapport aux exercices d\u2019\u00e9criture, et la pr\u00e9sence ou non d\u2019une restitution finale ouverte.<\/p>\n<p>Le <strong>profil du formateur<\/strong> est d\u00e9terminant. De nombreuses structures travaillent avec des slameurs actifs sur la sc\u00e8ne nationale ou locale, membres de collectifs affili\u00e9s \u00e0 la <strong>Ligue Slam de France<\/strong> ou \u00e0 des r\u00e9seaux comme <strong>Slam \u00e0 l\u2019\u00e9cole<\/strong>. Nous vous conseillons de v\u00e9rifier si l\u2019intervenant a une pratique r\u00e9guli\u00e8re de la sc\u00e8ne, s\u2019il a d\u00e9j\u00e0 anim\u00e9 des projets en <strong>milieu scolaire<\/strong>, associatif ou professionnel, et s\u2019il propose un cadre explicite de <u>bienveillance<\/u> et de respect des paroles. Le <strong>lieu<\/strong> a aussi son importance\u202f: une salle avec une bonne acoustique, un espace pouvant se transformer en petite <strong>sc\u00e8ne<\/strong>, un environnement accessible en transports publics sont des atouts concrets.<\/p>\n<ul>\n<li><strong>Questions \u00e0 se poser<\/strong>\u202f: objectifs personnels, niveau (d\u00e9butant\/interm\u00e9diaire\/avanc\u00e9), budget, disponibilit\u00e9s.<\/li>\n<li><strong>Crit\u00e8res de choix<\/strong>\u202f: exp\u00e9rience du formateur, contenu d\u00e9taill\u00e9 (\u00e9criture vs performance), taille du groupe, format (week-end intensif ou cycle hebdomadaire).<\/li>\n<li><u>Signaux positifs<\/u>\u202f: descriptif pr\u00e9cis des activit\u00e9s, t\u00e9moignages d\u2019anciens stagiaires, liens avec une sc\u00e8ne slam locale active.<\/li>\n<\/ul>\n<p>Sur le plan pratique, un stage intensif de deux jours propos\u00e9 par une MJC ou un centre culturel municipal se situe souvent dans une fourchette de <u>80 \u00e0 200&nbsp;\u20ac<\/u>, selon la ville et le financement public. Des cycles plus longs, anim\u00e9s par des artistes reconnus \u00e0 <strong>Paris<\/strong> ou <strong>Lyon<\/strong>, peuvent atteindre des montants sup\u00e9rieurs, surtout lorsqu\u2019ils s\u2019inscrivent dans une d\u00e9marche de professionnalisation de la performance. Nous estimons n\u00e9cessaire de comparer ce co\u00fbt avec d\u2019autres formations en <strong>prise de parole en public<\/strong>\u202f: un stage slam, \u00e0 tarif \u00e9quivalent, offre souvent une dimension cr\u00e9ative et identitaire plus forte, qui justifie pleinement l\u2019investissement pour toute personne souhaitant articuler expression personnelle et comp\u00e9tences transversales.<\/p>\n<h2>Un impact durable sur l\u2019expression personnelle et la relation au monde<\/h2>\n<p>Un <strong>stage slam<\/strong> laisse rarement les <strong>participants<\/strong> indemnes. Au-del\u00e0 de la d\u00e9couverte d\u2019un art, nous voyons fr\u00e9quemment des transformations durables\u202f: une <u>confiance en soi renforc\u00e9e<\/u>, une capacit\u00e9 accrue \u00e0 mettre des mots sur des \u00e9motions complexes, une nouvelle aisance pour s\u2019adresser \u00e0 un <strong>public<\/strong>. Les stagiaires sortent souvent avec plusieurs textes aboutis, r\u00e9utilisables pour des sc\u00e8nes ouvertes, des blogs personnels, des projets artistiques plus larges. Ils emportent aussi des outils techniques\u202f: gestion de la voix, structure du r\u00e9cit, rep\u00e9rage des temps forts et des silences.<\/p>\n<p>Sur le plan symbolique, le slam permet de \u202fdire ce que l\u2019on a au fond de l\u2019\u00e2me\u202f?, pour reprendre une formule souvent associ\u00e9e \u00e0 la <strong>po\u00e9sie orale<\/strong>. Cette dimension lib\u00e9ratrice est manifeste dans les ateliers men\u00e9s aupr\u00e8s de publics en r\u00e9insertion, soutenus par des associations de quartier dans des villes comme <strong>Marseille<\/strong> ou <strong>Saint-Denis<\/strong>, o\u00f9 l\u2019expression slam a servi \u00e0 aborder des th\u00e8mes de <strong>discrimination<\/strong>, de <strong>violence<\/strong>, de <strong>m\u00e9moire familiale<\/strong>. Nous consid\u00e9rons que cet art, par sa simplicit\u00e9 mat\u00e9rielle (une voix, un micro) et sa puissance symbolique, reste l\u2019un des outils les plus accessibles pour reprendre la ma\u00eetrise de son r\u00e9cit personnel.<\/p>\n<ul>\n<li><strong>Apports durables<\/strong>\u202f: textes r\u00e9utilisables, techniques orales transf\u00e9rables, r\u00e9seau de pairs et d\u2019artistes.<\/li>\n<li><u>Dimension lib\u00e9ratrice<\/u>\u202f: transformation des \u00e9motions en cr\u00e9ation, prise de parole de personnes peu visibles dans l\u2019espace public.<\/li>\n<li><strong>Perspective<\/strong>\u202f: le slam comme premi\u00e8re \u00e9tape vers une pratique artistique plus large (th\u00e9\u00e2tre, musique, \u00e9criture, m\u00e9diation culturelle).<\/li>\n<\/ul>\n<p>Nous vous invitons \u00e0 identifier les <strong>ateliers<\/strong>, sc\u00e8nes ouvertes et <strong>stages slam<\/strong> pr\u00e8s de chez vous, qu\u2019il s\u2019agisse d\u2019une MJC, d\u2019un centre culturel municipal, d\u2019une universit\u00e9 ou d\u2019un collectif ind\u00e9pendant. Un premier pas peut \u00eatre d\u2019assister \u00e0 une soir\u00e9e slam locale, d\u2019\u00e9couter, de prendre des notes, puis d\u2019\u00e9crire chez vous quelques vers \u00e0 partir d\u2019un mot qui vous obs\u00e8de. Le jour o\u00f9 vous d\u00e9ciderez de monter sur sc\u00e8ne, m\u00eame pour trois minutes, un stage slam bien choisi vous aura donn\u00e9 la m\u00e9thode, le cadre et l\u2019\u00e9lan n\u00e9cessaires pour transformer ces mots en v\u00e9ritable performance.<\/p>\n<div style=\"background: #e8f4f8;border: 3px solid #0073aa;padding: 20px;margin: 20px 0;border-radius: 8px\">\n<h2 style=\"color: #0073aa;text-align: center;margin-bottom: 15px\">\ud83d\udd27 Ressources Pratiques et Outils<\/h2>\n<div style=\"background: white;padding: 15px;margin: 10px 0;border-left: 4px solid #28a745\">\n<h3 style=\"color: #28a745;margin-bottom: 10px\">\ud83d\udccd Formations en Slam et Prise de Parole<\/h3>\n<p>Pour ceux qui souhaitent se former au slam et \u00e0 la prise de parole, plusieurs \u00e9tablissements \u00e0 Paris offrent des formations adapt\u00e9es. Voici quelques options :<\/p>\n<ul>\n<li><strong>H3 Hitema<\/strong> &#8211; Campus Paris 15\u00e8me. Propose un BTS SIO option SLAM. Tarifs sur demande pour la formation initiale, alternance gratuite (sauf CVEC). <a href=\"https:\/\/www.h3hitema.fr\/formation\/bts-sio-option-slam\/\" rel=\"nofollow\">Site officiel<\/a>.<\/li>\n<li><strong>IMC Alternance (CFA groupe Randstad)<\/strong> &#8211; 93200 Saint-Denis. Formateur BTS SIO, tarif de 50-60\u20ac\/h. D\u00e9but des cours le 01\/09\/2025. Plus d&rsquo;infos sur leur site.<\/li>\n<li><strong>Webitech Paris<\/strong> &#8211; Propose des sessions de job dating et coaching CV\/entretiens. <a href=\"https:\/\/webitechparis.com\/formation\/developpement\/bts-sio-slam\/\" rel=\"nofollow\">Site officiel<\/a>.<\/li>\n<li><strong>IPSSI Paris<\/strong> &#8211; Sp\u00e9cialis\u00e9e en informatique et cybers\u00e9curit\u00e9, avec un taux de r\u00e9ussite de 91% pour le BTS SIO 2025. <a href=\"https:\/\/ecole-ipssi.com\/formations-informatique\/bts-informatique-sio-sisr-slam\/\" rel=\"nofollow\">Site officiel<\/a>.<\/li>\n<\/ul>\n<\/div>\n<div style=\"background: white;padding: 15px;margin: 10px 0;border-left: 4px solid #007bff\">\n<h3 style=\"color: #007bff;margin-bottom: 10px\">\ud83d\udee0\ufe0f Outils et Calculateurs<\/h3>\n<p>Les outils et langages de programmation enseign\u00e9s incluent :<\/p>\n<ul>\n<li>Langages : C, SQL, HTML, CSS, PHP, JavaScript, React, NodeJS.<\/li>\n<li>OS : Windows, Linux. R\u00e9seaux et virtualisation.<\/li>\n<li>Mat\u00e9riel : Routeurs, switchs, PC portables pr\u00eat\u00e9s.<\/li>\n<\/ul>\n<\/div>\n<div style=\"background: white;padding: 15px;margin: 10px 0;border-left: 4px solid #6f42c1\">\n<h3 style=\"color: #6f42c1;margin-bottom: 10px\">\ud83d\udc65 Communaut\u00e9 et Experts<\/h3>\n<p>Rejoignez des communaut\u00e9s comme <strong>GitHub \u00e9cole<\/strong>, o\u00f9 des projets sont partag\u00e9s par les apprenants de H3 Hitema. Cela permet d&rsquo;\u00e9changer et de collaborer sur des projets de slam et de prise de parole.<\/p>\n<\/div>\n<div style=\"background: #fff3cd;padding: 15px;margin: 15px 0;border: 2px solid #ffc107;border-radius: 5px\">\n<strong style=\"color: #856404\">\ud83d\udca1 R\u00e9sum\u00e9 en 2 lignes :<\/strong><br \/>\n<span>Des formations en slam et prise de parole sont disponibles \u00e0 Paris, avec des \u00e9tablissements comme H3 Hitema et IMC Alternance. Ces programmes offrent des outils pratiques et des ressources pour d\u00e9velopper vos comp\u00e9tences orales et artistiques.<\/span>\n<\/div>\n<\/div>\n","protected":false},"excerpt":{"rendered":"","protected":false},"author":34,"featured_media":7679,"comment_status":"open","ping_status":"open","sticky":false,"template":"","format":"standard","meta":{"_acf_changed":false,"manual_indexmenow":false,"indexmenow_id_project":0,"footnotes":""},"categories":[4520],"tags":[4770,4771,4598],"class_list":["post-7677","post","type-post","status-publish","format-standard","has-post-thumbnail","hentry","category-actualites-du-slam","tag-competition-orale","tag-culture-slam","tag-slam-poesie","generate-columns","tablet-grid-50","mobile-grid-100","grid-parent","grid-25"],"acf":[],"yoast_head":"<!-- This site is optimized with the Yoast SEO Premium plugin v21.3 (Yoast SEO v26.5) - https:\/\/yoast.com\/wordpress\/plugins\/seo\/ -->\n<title>Stage slam : origines, principes et culture<\/title>\n<meta name=\"description\" content=\"Le slam d\u00e9signe, historiquement, une comp\u00e9tition de po\u00e9sie orale o\u00f9 des po\u00e8tes interpr\u00e8tent leurs propres textes devant un public, sans d\u00e9cor ni\" \/>\n<meta name=\"robots\" content=\"index, follow, max-snippet:-1, max-image-preview:large, max-video-preview:-1\" \/>\n<link rel=\"canonical\" href=\"https:\/\/slams.fr\/blog\/actualites-du-slam\/stage-slam-origines-principes-et-culture-de-cette-competition-poetique-orale\/\" \/>\n<meta property=\"og:locale\" content=\"fr_FR\" \/>\n<meta property=\"og:type\" content=\"article\" \/>\n<meta property=\"og:title\" content=\"Stage slam : origines, principes et culture\" \/>\n<meta property=\"og:description\" content=\"Le slam d\u00e9signe, historiquement, une comp\u00e9tition de po\u00e9sie orale o\u00f9 des po\u00e8tes interpr\u00e8tent leurs propres textes devant un public, sans d\u00e9cor ni\" \/>\n<meta property=\"og:url\" content=\"https:\/\/slams.fr\/blog\/actualites-du-slam\/stage-slam-origines-principes-et-culture-de-cette-competition-poetique-orale\/\" \/>\n<meta property=\"og:site_name\" content=\"slams\" \/>\n<meta property=\"og:image\" content=\"https:\/\/slams.fr\/blog\/wp-content\/uploads\/2025\/12\/pag-image-693be08795f4a-scaled.png\" \/>\n\t<meta property=\"og:image:width\" content=\"1200\" \/>\n\t<meta property=\"og:image:height\" content=\"686\" \/>\n\t<meta property=\"og:image:type\" content=\"image\/png\" \/>\n<meta name=\"author\" content=\"Rapha\u00ebl D.\" \/>\n<meta name=\"twitter:card\" content=\"summary_large_image\" \/>\n<script type=\"application\/ld+json\" class=\"yoast-schema-graph\">{\"@context\":\"https:\/\/schema.org\",\"@graph\":[{\"@type\":\"NewsArticle\",\"@id\":\"https:\/\/slams.fr\/blog\/actualites-du-slam\/stage-slam-origines-principes-et-culture-de-cette-competition-poetique-orale\/#article\",\"isPartOf\":{\"@id\":\"https:\/\/slams.fr\/blog\/actualites-du-slam\/stage-slam-origines-principes-et-culture-de-cette-competition-poetique-orale\/\"},\"author\":{\"name\":\"Rapha\u00ebl D.\",\"@id\":\"https:\/\/slams.fr\/blog\/#\/schema\/person\/3c864cdc320801e3db34b663e7e3f816\"},\"headline\":\"Stage slam : Origines, principes et culture de cette comp\u00e9tition po\u00e9tique orale\",\"datePublished\":\"2026-01-05T08:17:00+00:00\",\"mainEntityOfPage\":{\"@id\":\"https:\/\/slams.fr\/blog\/actualites-du-slam\/stage-slam-origines-principes-et-culture-de-cette-competition-poetique-orale\/\"},\"wordCount\":3109,\"commentCount\":0,\"publisher\":{\"@id\":\"https:\/\/slams.fr\/blog\/#organization\"},\"image\":{\"@id\":\"https:\/\/slams.fr\/blog\/actualites-du-slam\/stage-slam-origines-principes-et-culture-de-cette-competition-poetique-orale\/#primaryimage\"},\"thumbnailUrl\":\"https:\/\/slams.fr\/blog\/wp-content\/uploads\/2025\/12\/pag-image-693be08795f4a-scaled.png\",\"keywords\":[\"competition orale\",\"culture slam\",\"slam poesie\"],\"articleSection\":[\"Actualit\u00e9s du Slam\"],\"inLanguage\":\"fr-FR\",\"potentialAction\":[{\"@type\":\"CommentAction\",\"name\":\"Comment\",\"target\":[\"https:\/\/slams.fr\/blog\/actualites-du-slam\/stage-slam-origines-principes-et-culture-de-cette-competition-poetique-orale\/#respond\"]}]},{\"@type\":\"WebPage\",\"@id\":\"https:\/\/slams.fr\/blog\/actualites-du-slam\/stage-slam-origines-principes-et-culture-de-cette-competition-poetique-orale\/\",\"url\":\"https:\/\/slams.fr\/blog\/actualites-du-slam\/stage-slam-origines-principes-et-culture-de-cette-competition-poetique-orale\/\",\"name\":\"Stage slam : origines, principes et culture\",\"isPartOf\":{\"@id\":\"https:\/\/slams.fr\/blog\/#website\"},\"primaryImageOfPage\":{\"@id\":\"https:\/\/slams.fr\/blog\/actualites-du-slam\/stage-slam-origines-principes-et-culture-de-cette-competition-poetique-orale\/#primaryimage\"},\"image\":{\"@id\":\"https:\/\/slams.fr\/blog\/actualites-du-slam\/stage-slam-origines-principes-et-culture-de-cette-competition-poetique-orale\/#primaryimage\"},\"thumbnailUrl\":\"https:\/\/slams.fr\/blog\/wp-content\/uploads\/2025\/12\/pag-image-693be08795f4a-scaled.png\",\"datePublished\":\"2026-01-05T08:17:00+00:00\",\"description\":\"Le slam d\u00e9signe, historiquement, une comp\u00e9tition de po\u00e9sie orale o\u00f9 des po\u00e8tes interpr\u00e8tent leurs propres textes devant un public, sans d\u00e9cor ni\",\"inLanguage\":\"fr-FR\",\"potentialAction\":[{\"@type\":\"ReadAction\",\"target\":[\"https:\/\/slams.fr\/blog\/actualites-du-slam\/stage-slam-origines-principes-et-culture-de-cette-competition-poetique-orale\/\"]}]},{\"@type\":\"ImageObject\",\"inLanguage\":\"fr-FR\",\"@id\":\"https:\/\/slams.fr\/blog\/actualites-du-slam\/stage-slam-origines-principes-et-culture-de-cette-competition-poetique-orale\/#primaryimage\",\"url\":\"https:\/\/slams.fr\/blog\/wp-content\/uploads\/2025\/12\/pag-image-693be08795f4a-scaled.png\",\"contentUrl\":\"https:\/\/slams.fr\/blog\/wp-content\/uploads\/2025\/12\/pag-image-693be08795f4a-scaled.png\",\"width\":1200,\"height\":686,\"caption\":\"Image g\u00e9n\u00e9r\u00e9e par IA optimis\u00e9e pour Google Discover\"},{\"@type\":\"WebSite\",\"@id\":\"https:\/\/slams.fr\/blog\/#website\",\"url\":\"https:\/\/slams.fr\/blog\/\",\"name\":\"slams.fr\",\"description\":\"Slams, l&#039;\u00e9nergie des mots en action\",\"publisher\":{\"@id\":\"https:\/\/slams.fr\/blog\/#organization\"},\"alternateName\":\"Slams, l'\u00e9nergie des mots en action\",\"potentialAction\":[{\"@type\":\"SearchAction\",\"target\":{\"@type\":\"EntryPoint\",\"urlTemplate\":\"https:\/\/slams.fr\/blog\/?s={search_term_string}\"},\"query-input\":{\"@type\":\"PropertyValueSpecification\",\"valueRequired\":true,\"valueName\":\"search_term_string\"}}],\"inLanguage\":\"fr-FR\"},{\"@type\":\"Organization\",\"@id\":\"https:\/\/slams.fr\/blog\/#organization\",\"name\":\"Foretsensations.fr\",\"url\":\"https:\/\/slams.fr\/blog\/\",\"logo\":{\"@type\":\"ImageObject\",\"inLanguage\":\"fr-FR\",\"@id\":\"https:\/\/slams.fr\/blog\/#\/schema\/logo\/image\/\",\"url\":\"https:\/\/slams.fr\/blog\/wp-content\/uploads\/2026\/07\/logo-auto-1.png\",\"contentUrl\":\"https:\/\/slams.fr\/blog\/wp-content\/uploads\/2026\/07\/logo-auto-1.png\",\"width\":1024,\"height\":1024,\"caption\":\"Foretsensations.fr\"},\"image\":{\"@id\":\"https:\/\/slams.fr\/blog\/#\/schema\/logo\/image\/\"}},{\"@type\":\"Person\",\"@id\":\"https:\/\/slams.fr\/blog\/#\/schema\/person\/3c864cdc320801e3db34b663e7e3f816\",\"name\":\"Rapha\u00ebl D.\",\"image\":{\"@type\":\"ImageObject\",\"inLanguage\":\"fr-FR\",\"@id\":\"https:\/\/slams.fr\/blog\/#\/schema\/person\/image\/\",\"url\":\"https:\/\/slams.fr\/blog\/wp-content\/uploads\/2026\/06\/persona_raphael-d-96x96.jpg\",\"contentUrl\":\"https:\/\/slams.fr\/blog\/wp-content\/uploads\/2026\/06\/persona_raphael-d-96x96.jpg\",\"caption\":\"Rapha\u00ebl D.\"},\"description\":\"La culture est mon terrain de jeu depuis une dizaine d'ann\u00e9es : arts visuels, s\u00e9ries, cr\u00e9ation et tout ce qui nourrit l'imaginaire. J'\u00e9cris aussi bien sur l'actualit\u00e9 des \u0153uvres que sur les coulisses de la cr\u00e9ation, avec l'envie de relier l'amateur curieux \u00e0 des univers parfois jug\u00e9s intimidants. J'aime analyser une s\u00e9rie ou une d\u00e9marche artistique sans p\u00e9dantisme, replacer une \u0153uvre dans son contexte et donner des cl\u00e9s de lecture accessibles. Avant de publier, je v\u00e9rifie mes r\u00e9f\u00e9rences, je recoupe les sources et je distingue clairement le fait de mon interpr\u00e9tation subjective. Je crois qu'une critique vaut surtout par les arguments qu'elle expose, pas par la sentence qu'elle rend. Mon angle : transmettre l'envie de d\u00e9couvrir, de regarder autrement et de se forger son propre go\u00fbt. La culture n'appartient pas qu'aux initi\u00e9s, et c'est tout l'enjeu de mon \u00e9criture.\",\"url\":\"https:\/\/slams.fr\/blog\/auteur\/raphael-d\/\",\"jobTitle\":\"R\u00e9dacteur en chef \u00b7 Culture & Cr\u00e9ation\",\"knowsAbout\":[\"Culture\",\"Cr\u00e9ation\"],\"email\":\"raphael.d@a-l-asso-de-l-art.fr\"}]}<\/script>\n<!-- \/ Yoast SEO Premium plugin. -->","yoast_head_json":{"title":"Stage slam : origines, principes et culture","description":"Le slam d\u00e9signe, historiquement, une comp\u00e9tition de po\u00e9sie orale o\u00f9 des po\u00e8tes interpr\u00e8tent leurs propres textes devant un public, sans d\u00e9cor ni","robots":{"index":"index","follow":"follow","max-snippet":"max-snippet:-1","max-image-preview":"max-image-preview:large","max-video-preview":"max-video-preview:-1"},"canonical":"https:\/\/slams.fr\/blog\/actualites-du-slam\/stage-slam-origines-principes-et-culture-de-cette-competition-poetique-orale\/","og_locale":"fr_FR","og_type":"article","og_title":"Stage slam : origines, principes et culture","og_description":"Le slam d\u00e9signe, historiquement, une comp\u00e9tition de po\u00e9sie orale o\u00f9 des po\u00e8tes interpr\u00e8tent leurs propres textes devant un public, sans d\u00e9cor ni","og_url":"https:\/\/slams.fr\/blog\/actualites-du-slam\/stage-slam-origines-principes-et-culture-de-cette-competition-poetique-orale\/","og_site_name":"slams","og_image":[{"width":1200,"height":686,"url":"https:\/\/slams.fr\/blog\/wp-content\/uploads\/2025\/12\/pag-image-693be08795f4a-scaled.png","type":"image\/png"}],"author":"Rapha\u00ebl D.","twitter_card":"summary_large_image","schema":{"@context":"https:\/\/schema.org","@graph":[{"@type":"NewsArticle","@id":"https:\/\/slams.fr\/blog\/actualites-du-slam\/stage-slam-origines-principes-et-culture-de-cette-competition-poetique-orale\/#article","isPartOf":{"@id":"https:\/\/slams.fr\/blog\/actualites-du-slam\/stage-slam-origines-principes-et-culture-de-cette-competition-poetique-orale\/"},"author":{"name":"Rapha\u00ebl D.","@id":"https:\/\/slams.fr\/blog\/#\/schema\/person\/3c864cdc320801e3db34b663e7e3f816"},"headline":"Stage slam : Origines, principes et culture de cette comp\u00e9tition po\u00e9tique orale","datePublished":"2026-01-05T08:17:00+00:00","mainEntityOfPage":{"@id":"https:\/\/slams.fr\/blog\/actualites-du-slam\/stage-slam-origines-principes-et-culture-de-cette-competition-poetique-orale\/"},"wordCount":3109,"commentCount":0,"publisher":{"@id":"https:\/\/slams.fr\/blog\/#organization"},"image":{"@id":"https:\/\/slams.fr\/blog\/actualites-du-slam\/stage-slam-origines-principes-et-culture-de-cette-competition-poetique-orale\/#primaryimage"},"thumbnailUrl":"https:\/\/slams.fr\/blog\/wp-content\/uploads\/2025\/12\/pag-image-693be08795f4a-scaled.png","keywords":["competition orale","culture slam","slam poesie"],"articleSection":["Actualit\u00e9s du Slam"],"inLanguage":"fr-FR","potentialAction":[{"@type":"CommentAction","name":"Comment","target":["https:\/\/slams.fr\/blog\/actualites-du-slam\/stage-slam-origines-principes-et-culture-de-cette-competition-poetique-orale\/#respond"]}]},{"@type":"WebPage","@id":"https:\/\/slams.fr\/blog\/actualites-du-slam\/stage-slam-origines-principes-et-culture-de-cette-competition-poetique-orale\/","url":"https:\/\/slams.fr\/blog\/actualites-du-slam\/stage-slam-origines-principes-et-culture-de-cette-competition-poetique-orale\/","name":"Stage slam : origines, principes et culture","isPartOf":{"@id":"https:\/\/slams.fr\/blog\/#website"},"primaryImageOfPage":{"@id":"https:\/\/slams.fr\/blog\/actualites-du-slam\/stage-slam-origines-principes-et-culture-de-cette-competition-poetique-orale\/#primaryimage"},"image":{"@id":"https:\/\/slams.fr\/blog\/actualites-du-slam\/stage-slam-origines-principes-et-culture-de-cette-competition-poetique-orale\/#primaryimage"},"thumbnailUrl":"https:\/\/slams.fr\/blog\/wp-content\/uploads\/2025\/12\/pag-image-693be08795f4a-scaled.png","datePublished":"2026-01-05T08:17:00+00:00","description":"Le slam d\u00e9signe, historiquement, une comp\u00e9tition de po\u00e9sie orale o\u00f9 des po\u00e8tes interpr\u00e8tent leurs propres textes devant un public, sans d\u00e9cor ni","inLanguage":"fr-FR","potentialAction":[{"@type":"ReadAction","target":["https:\/\/slams.fr\/blog\/actualites-du-slam\/stage-slam-origines-principes-et-culture-de-cette-competition-poetique-orale\/"]}]},{"@type":"ImageObject","inLanguage":"fr-FR","@id":"https:\/\/slams.fr\/blog\/actualites-du-slam\/stage-slam-origines-principes-et-culture-de-cette-competition-poetique-orale\/#primaryimage","url":"https:\/\/slams.fr\/blog\/wp-content\/uploads\/2025\/12\/pag-image-693be08795f4a-scaled.png","contentUrl":"https:\/\/slams.fr\/blog\/wp-content\/uploads\/2025\/12\/pag-image-693be08795f4a-scaled.png","width":1200,"height":686,"caption":"Image g\u00e9n\u00e9r\u00e9e par IA optimis\u00e9e pour Google Discover"},{"@type":"WebSite","@id":"https:\/\/slams.fr\/blog\/#website","url":"https:\/\/slams.fr\/blog\/","name":"slams.fr","description":"Slams, l&#039;\u00e9nergie des mots en action","publisher":{"@id":"https:\/\/slams.fr\/blog\/#organization"},"alternateName":"Slams, l'\u00e9nergie des mots en action","potentialAction":[{"@type":"SearchAction","target":{"@type":"EntryPoint","urlTemplate":"https:\/\/slams.fr\/blog\/?s={search_term_string}"},"query-input":{"@type":"PropertyValueSpecification","valueRequired":true,"valueName":"search_term_string"}}],"inLanguage":"fr-FR"},{"@type":"Organization","@id":"https:\/\/slams.fr\/blog\/#organization","name":"Foretsensations.fr","url":"https:\/\/slams.fr\/blog\/","logo":{"@type":"ImageObject","inLanguage":"fr-FR","@id":"https:\/\/slams.fr\/blog\/#\/schema\/logo\/image\/","url":"https:\/\/slams.fr\/blog\/wp-content\/uploads\/2026\/07\/logo-auto-1.png","contentUrl":"https:\/\/slams.fr\/blog\/wp-content\/uploads\/2026\/07\/logo-auto-1.png","width":1024,"height":1024,"caption":"Foretsensations.fr"},"image":{"@id":"https:\/\/slams.fr\/blog\/#\/schema\/logo\/image\/"}},{"@type":"Person","@id":"https:\/\/slams.fr\/blog\/#\/schema\/person\/3c864cdc320801e3db34b663e7e3f816","name":"Rapha\u00ebl D.","image":{"@type":"ImageObject","inLanguage":"fr-FR","@id":"https:\/\/slams.fr\/blog\/#\/schema\/person\/image\/","url":"https:\/\/slams.fr\/blog\/wp-content\/uploads\/2026\/06\/persona_raphael-d-96x96.jpg","contentUrl":"https:\/\/slams.fr\/blog\/wp-content\/uploads\/2026\/06\/persona_raphael-d-96x96.jpg","caption":"Rapha\u00ebl D."},"description":"La culture est mon terrain de jeu depuis une dizaine d'ann\u00e9es : arts visuels, s\u00e9ries, cr\u00e9ation et tout ce qui nourrit l'imaginaire. J'\u00e9cris aussi bien sur l'actualit\u00e9 des \u0153uvres que sur les coulisses de la cr\u00e9ation, avec l'envie de relier l'amateur curieux \u00e0 des univers parfois jug\u00e9s intimidants. J'aime analyser une s\u00e9rie ou une d\u00e9marche artistique sans p\u00e9dantisme, replacer une \u0153uvre dans son contexte et donner des cl\u00e9s de lecture accessibles. Avant de publier, je v\u00e9rifie mes r\u00e9f\u00e9rences, je recoupe les sources et je distingue clairement le fait de mon interpr\u00e9tation subjective. Je crois qu'une critique vaut surtout par les arguments qu'elle expose, pas par la sentence qu'elle rend. Mon angle : transmettre l'envie de d\u00e9couvrir, de regarder autrement et de se forger son propre go\u00fbt. La culture n'appartient pas qu'aux initi\u00e9s, et c'est tout l'enjeu de mon \u00e9criture.","url":"https:\/\/slams.fr\/blog\/auteur\/raphael-d\/","jobTitle":"R\u00e9dacteur en chef \u00b7 Culture & Cr\u00e9ation","knowsAbout":["Culture","Cr\u00e9ation"],"email":"raphael.d@a-l-asso-de-l-art.fr"}]}},"_links":{"self":[{"href":"https:\/\/slams.fr\/blog\/wp-json\/wp\/v2\/posts\/7677","targetHints":{"allow":["GET"]}}],"collection":[{"href":"https:\/\/slams.fr\/blog\/wp-json\/wp\/v2\/posts"}],"about":[{"href":"https:\/\/slams.fr\/blog\/wp-json\/wp\/v2\/types\/post"}],"author":[{"embeddable":true,"href":"https:\/\/slams.fr\/blog\/wp-json\/wp\/v2\/users\/34"}],"replies":[{"embeddable":true,"href":"https:\/\/slams.fr\/blog\/wp-json\/wp\/v2\/comments?post=7677"}],"version-history":[{"count":1,"href":"https:\/\/slams.fr\/blog\/wp-json\/wp\/v2\/posts\/7677\/revisions"}],"predecessor-version":[{"id":7755,"href":"https:\/\/slams.fr\/blog\/wp-json\/wp\/v2\/posts\/7677\/revisions\/7755"}],"wp:featuredmedia":[{"embeddable":true,"href":"https:\/\/slams.fr\/blog\/wp-json\/wp\/v2\/media\/7679"}],"wp:attachment":[{"href":"https:\/\/slams.fr\/blog\/wp-json\/wp\/v2\/media?parent=7677"}],"wp:term":[{"taxonomy":"category","embeddable":true,"href":"https:\/\/slams.fr\/blog\/wp-json\/wp\/v2\/categories?post=7677"},{"taxonomy":"post_tag","embeddable":true,"href":"https:\/\/slams.fr\/blog\/wp-json\/wp\/v2\/tags?post=7677"}],"curies":[{"name":"wp","href":"https:\/\/api.w.org\/{rel}","templated":true}]}}