{"id":7680,"date":"2026-01-08T09:03:00","date_gmt":"2026-01-08T08:03:00","guid":{"rendered":"https:\/\/slams.fr\/blog\/?p=7680"},"modified":"2026-01-08T09:03:00","modified_gmt":"2026-01-08T08:03:00","slug":"le-renouveau-du-slam-francais-portrait-des-poetes-oraux-daujourdhui","status":"publish","type":"post","link":"https:\/\/slams.fr\/blog\/actualites-du-slam\/le-renouveau-du-slam-francais-portrait-des-poetes-oraux-daujourdhui\/","title":{"rendered":"Le renouveau du slam fran\u00e7ais : portrait des po\u00e8tes oraux d\u2019aujourd\u2019hui"},"content":{"rendered":"<div style=\"background: linear-gradient(135deg, #f5f7fa 0%, #e9ecef 100%);border-left: 4px solid #0073aa;padding: 15px 20px;margin: 0 0 25px 0;border-radius: 0 8px 8px 0\">\n<p style=\"margin: 0;font-size: 14px;color: #0073aa;font-weight: 600;text-transform: uppercase;letter-spacing: 1px;margin-bottom: 10px\">\ud83d\udccb En bref<\/p>\n<ul style=\"margin: 0;padding-left: 20px;list-style-type: none\">\n<li style=\"margin: 5px 0;color: #333;font-size: 15px;line-height: 1.5;position: relative;padding-left: 15px\"><span style=\"position: absolute;left: 0;color: #0073aa\">\u25b8<\/span> Le slam fran\u00e7ais, n\u00e9 dans les ann\u00e9es 1990, allie po\u00e9sie, th\u00e9\u00e2tre et musique pour cr\u00e9er une connexion humaine. Des figures comme Grand Corps Malade et Abd Al Malik illustrent son essor, avec plus de 150 sc\u00e8nes actives aujourd&#039;hui. Le mouvement, structur\u00e9 par la Ligue Slam de France, permet \u00e0 chacun de performer en 3 minutes.<\/li>\n<\/ul>\n<\/div>\n<h1>Le Slam en France : Portrait des Slameurs Fran\u00e7ais d&rsquo;Aujourd&rsquo;hui<\/h1>\n<h2>Introduction : Le renouveau po\u00e9tique port\u00e9 par les slameurs fran\u00e7ais<\/h2>\n<p>Nous assistons \u00e0 un r\u00e9veil po\u00e9tique vibrant en <strong>France<\/strong>, o\u00f9 le <strong>slameur fran\u00e7ais<\/strong> transforme les mots en armes de connexion humaine. <u>Un slameur fran\u00e7ais est un po\u00e8te oral qui performe ses textes sur sc\u00e8ne<\/u>, m\u00ealant po\u00e9sie, th\u00e9\u00e2tre et <strong>musique<\/strong> pour captiver un public live, souvent dans un cadre comp\u00e9titif ou ouvert. N\u00e9 \u00e0 <strong>Chicago<\/strong> en <strong>1986<\/strong> sous l&rsquo;impulsion de <strong>Marc Smith<\/strong>, le <strong>slam<\/strong> arrive en <strong>France<\/strong> dans les <strong>ann\u00e9es 1990<\/strong>, explosant dans les <strong>ann\u00e9es 2000<\/strong> gr\u00e2ce \u00e0 des sc\u00e8nes ouvertes dans les caf\u00e9s parisiens et lyonnais.<\/p>\n<p>Le <strong>slameur fran\u00e7ais<\/strong> agit comme t\u00e9moin social, conteur du quotidien, porte-voix des invisibles des banlieues comme celles de <strong>Seine-Saint-Denis<\/strong>. Des figures comme <strong>Grand Corps Malade<\/strong>, <strong>Abd Al Malik<\/strong> et <strong>Eur\u00eaka<\/strong> illustrent cette vitalit\u00e9, avec des millions d&rsquo;\u00e9coutes sur <strong>Spotify<\/strong>. Nous explorerons l&rsquo;histoire du <strong>slam<\/strong> en <strong>France<\/strong>, ses grandes figures, th\u00e8mes r\u00e9currents, chemins de <strong>carri\u00e8re<\/strong>, comp\u00e9titions, apports des technologies et perspectives futures, pour vous immerger dans cet univers o\u00f9 les mots claquent comme des portes ouvertes sur l&rsquo;\u00e2me collective.<\/p>\n<ul>\n<li><strong>Slam<\/strong> : po\u00e9sie orale rythm\u00e9e, sans accessoires majeurs, limit\u00e9e \u00e0 <u>3 minutes<\/u> par performance.<\/li>\n<li><strong>Slameur fran\u00e7ais<\/strong> : artiste hybride, souvent issu du rap ou de la chanson \u00e0 texte.<\/li>\n<li><strong>Musique<\/strong> : fond optionnel, renfor\u00e7ant le rythme sans dominer la parole.<\/li>\n<\/ul>\n<h2>L\u2019Histoire du Slam en France<\/h2>\n<p>Nous retra\u00e7ons l&rsquo;\u00e9volution du <strong>slam<\/strong> en <strong>France<\/strong>, d&rsquo;un art de rue am\u00e9ricain import\u00e9 \u00e0 une sc\u00e8ne po\u00e9tique structur\u00e9e. Invent\u00e9 par <strong>Marc Smith<\/strong> au <strong>Get Me High Lounge<\/strong> de <strong>Chicago<\/strong> en <strong>1986<\/strong>, le <strong>poetry slam<\/strong> traverse l&rsquo;Atlantique dans les <strong>ann\u00e9es 1990<\/strong>, via des pionniers comme <strong>Jacques Darras<\/strong> et les premi\u00e8res soir\u00e9es \u00e0 <strong>Paris<\/strong>, <strong>Lyon<\/strong> et <strong>Marseille<\/strong>. Les caf\u00e9s-th\u00e9\u00e2tres et <strong>MJC<\/strong> deviennent des foyers, avec des sc\u00e8nes ouvertes hebdomadaires attirant jusqu&rsquo;\u00e0 <u>200 spectateurs<\/u> par soir dans des lieux comme le <strong>Caveau de la Huchette<\/strong>.<\/p>\n<p>La <strong>Ligue Slam de France<\/strong>, fond\u00e9e en <strong>2001<\/strong> par <strong>\u00c9ric Fleury<\/strong>, structure le mouvement, organisant les premiers championnats nationaux en <strong>2002<\/strong>. Des \u00e9v\u00e9nements comme le <strong>Slam de la R\u00e9publique<\/strong> \u00e0 <strong>Paris<\/strong> en <strong>2010<\/strong> marquent l&rsquo;essor, int\u00e9grant le <strong>slam<\/strong> au hip-hop via des collaborations avec <strong>Kery James<\/strong>. Aujourd&rsquo;hui, plus de <u>150 sc\u00e8nes r\u00e9guli\u00e8res<\/u> existent en <strong>France<\/strong>, pont entre rap, <strong>spoken word<\/strong> et chanson \u00e0 texte, rendant la po\u00e9sie accessible : chaque participant dispose de <u>3 minutes<\/u> pour d\u00e9clamer, jug\u00e9 par un public al\u00e9atoire.<\/p>\n<ul>\n<li>Origines : <strong>Marc Smith<\/strong>, <strong>Chicago 1986<\/strong>, import en Europe fin <strong>ann\u00e9es 1990<\/strong>.<\/li>\n<li>Pionniers fran\u00e7ais : <strong>Ligue Slam de France<\/strong> (<strong>2001<\/strong>), soir\u00e9es \u00e0 <strong>Paris<\/strong>, <strong>Lyon<\/strong>.<\/li>\n<li>Essor : <u>Championnat de France<\/u> depuis <strong>2002<\/strong>, <u>150 sc\u00e8nes actives<\/u> en <strong>2024<\/strong>.<\/li>\n<\/ul>\n<h2>Figures \u00e9minentes du Slam fran\u00e7ais<\/h2>\n<p>Nous dressons le portrait de slameurs embl\u00e9matiques, r\u00e9v\u00e9lant la diversit\u00e9 du <strong>slameur fran\u00e7ais<\/strong> de la sc\u00e8ne underground au succ\u00e8s mainstream. <strong>Grand Corps Malade<\/strong>, de son vrai nom <strong>Fabien Marsaud<\/strong>, d\u00e9bute en <strong>2003<\/strong> aux <strong>Slam Up<\/strong> de <strong>Paris<\/strong> apr\u00e8s un accident de plong\u00e9e en <strong>2000<\/strong> qui le laisse parapl\u00e9gique. Son premier <strong>album<\/strong> <em>Midi 20<\/em> (<strong>2006<\/strong>, Polydor) vend <u>500 000 exemplaires<\/u>, certifi\u00e9 disque de platine, avec des tourn\u00e9es mondiales et une adaptation cin\u00e9matographique <em>Patients<\/strong> (<strong>2016<\/strong>, <u>1 million d&rsquo;entr\u00e9es<\/u>).<\/p>\n<p><strong>Abd Al Malik<\/strong>, n\u00e9 <strong>Regis Fayette-Mikano<\/strong> \u00e0 <strong>Strasbourg<\/strong> en <strong>1973<\/strong>, fusionne <strong>slam<\/strong>, rap et spiritualit\u00e9 soufie dans des <strong>albums<\/strong> comme <em>Le Nouveau Monde<\/em> (<strong>2015<\/strong>, <u>50 000 ventes<\/u>), acclam\u00e9 par <strong>T\u00e9l\u00e9rama<\/strong>. Parmi les influents, <strong>Ga?l Faye<\/strong> (<em>Pili Pili sur un croissant au beurre<\/em>, <strong>2014<\/strong>, <u>300 000 exemplaires<\/u>), <strong>Kery James<\/strong> pour ses projets po\u00e9tiques, et la rel\u00e8ve comme <strong>Eur\u00eaka<\/strong> (<strong>Manon Meyer<\/strong>), <strong>championne de France 2019<\/strong>, qui anime ateliers dans <u>200 \u00e9coles et MJC<\/u> annuellement, cumulant <u>2 millions de vues YouTube<\/u>.<\/p>\n<ul>\n<li><strong>Grand Corps Malade<\/strong> : <u><strong>500 000 ventes<\/strong> pour <em>Midi 20<\/em> (<strong>2006<\/strong>)<\/u>.<\/li>\n<li><strong>Abd Al Malik<\/strong> : <em>Le Nouveau Monde<\/em> (<strong>2015<\/strong>), hybridit\u00e9 rap-<strong>slam<\/strong>.<\/li>\n<li><strong>Eur\u00eaka<\/strong> : <strong>Championne 2019<\/strong>, <u>2 millions vues en ligne<\/u>.<\/li>\n<\/ul>\n<h2>Les th\u00e8mes abord\u00e9s par les slameurs fran\u00e7ais<\/h2>\n<p>Nous d\u00e9cortiquons les th\u00e8mes centraux des slameurs, reflet d&rsquo;une po\u00e9sie engag\u00e9e. L&rsquo;intime et le <strong>corps<\/strong> dominent chez <strong>Grand Corps Malade<\/strong>, explorant handicap et intimit\u00e9 dans \u00ab\u00a0Les Voyages en train\u00a0\u00bb, transformant le quotidien en images poignantes. L&rsquo;amour familial et les liens affectifs percent dans les textes d&rsquo;<strong>Eur\u00eaka<\/strong>, comme son \u00e9vocation du m\u00e9tro parisien comme <u>miroir des solitudes urbaines<\/u>.<\/p>\n<p>La soci\u00e9t\u00e9 et les in\u00e9galit\u00e9s structurent les performances : discriminations raciales chez <strong>Abd Al Malik<\/strong>, pr\u00e9carit\u00e9 des banlieues chez <strong>Kery James<\/strong>, sexisme et violences dans les slams de <strong>Collectif 8 Mars<\/strong>. L&rsquo;identit\u00e9 diaspora et la spiritualit\u00e9 marquent <strong>Ga?l Faye<\/strong>, tandis que l&rsquo;actualit\u00e9 inspire, comme les gilets jaunes en <strong>2018<\/strong>. La performance excelle par rythme, silences, diction incisive, cr\u00e9ant une interaction visc\u00e9rale avec le public, un texte sur l&rsquo;<u>\u00e9cole comme ascenseur social d\u00e9faillant<\/u> provoquant souvent des applaudissements debout.<\/p>\n<ul>\n<li><strong>Corps<\/strong> et intimit\u00e9 : handicap (<strong>Grand Corps Malade<\/strong>), amour quotidien.<\/li>\n<li>Soci\u00e9t\u00e9 : <u>racisme, pr\u00e9carit\u00e9 banlieues<\/u> (<strong>Abd Al Malik<\/strong>, <strong>Kery James<\/strong>).<\/li>\n<li>Identit\u00e9 : diaspora, spiritualit\u00e9 (<strong>Ga?l Faye<\/strong>).<\/li>\n<\/ul>\n<h2>Comment devenir slameur ?<\/h2>\n<p>Nous vous guidons pour embrasser la voie du <strong>slameur fran\u00e7ais<\/strong>, d&rsquo;un hobby \u00e0 une <strong>carri\u00e8re<\/strong> viable. Commencez par l&rsquo;\u00e9criture : puisez dans votre v\u00e9cu, observez <strong>Paris<\/strong> ou <strong>Marseille<\/strong>, notez dans un carnet. Employez rimes internes, assonances, m\u00e9taphores concr\u00e8tes, structure en trois parties pour un texte de <u>3 minutes<\/u>. Nous estimons que la r\u00e9gularit\u00e9 forge le style, comme <strong>Eur\u00eaka<\/strong> qui \u00e9crit quotidiennement depuis <strong>2015<\/strong>.<\/p>\n<p>Ma\u00eetrisez la sc\u00e8ne : entra\u00eenez voix, respiration diaphragmatique, posture ouverte, regard direct, pour dompter le trac. Produisez-vous aux soir\u00e9es <strong>Ligue Slam<\/strong> \u00e0 <strong>Lyon<\/strong>, concours locaux comme le <strong>Prix Slam Po\u00e9sie<\/strong>. Construisez en ligne via <strong>Instagram<\/strong> et <strong>YouTube<\/strong>, puis enregistrez un EP chez <strong>Believe Digital<\/strong>, montez un one-man-show, collaborez avec musiciens. Une <strong>carri\u00e8re<\/strong> \u00e9merge en <u>3 \u00e0 5 ann\u00e9es<\/u> de pratique assidue, via ateliers pay\u00e9s en <strong>MJC<\/strong> (<u>50\u20ac\/heure<\/u> moyen).<\/p>\n<ul>\n<li>\u00c9criture : <u>carnet quotidien, rimes, m\u00e9taphores<\/u>.<\/li>\n<li>Performance : respiration, posture, rythme sans <strong>musique<\/strong>.<\/li>\n<li>Trajectoire : sc\u00e8nes ouvertes, r\u00e9seaux, <strong>EP<\/strong>, ateliers \u00e9coles.<\/li>\n<\/ul>\n<h2>Les comp\u00e9titions de slam en France<\/h2>\n<p>Nous d\u00e9voilons l&rsquo;univers comp\u00e9titif qui propulse les <strong>slameurs fran\u00e7ais<\/strong>. Le <strong>Championnat de France de Slam<\/strong>, organis\u00e9 par la <strong>Ligue Slam de France<\/strong> depuis <strong>2002<\/strong>, r\u00e9unit <u>64 slameurs<\/u> de 20 villes en finale \u00e0 <strong>Paris Bercy<\/strong> (<strong>2024<\/strong>, <u>2000 spectateurs<\/u>). La <strong>Coupe de France<\/strong> individuelle couronne des talents comme <strong>Voy<\/strong> en <strong>2023<\/strong>.<\/p>\n<p>R\u00e8gles strictes : <u>3 minutes maximum<\/u>, textes originaux, accessoires minimaux, jury public de 5 \u00e0 9 membres notant de 0 \u00e0 10. Formats incluent solos, duos, collectifs obligatoires en nationales. Ces joutes boostent visibilit\u00e9, avec <u>1 million de vues cumul\u00e9es<\/u> sur finales YouTube. L&rsquo;<strong>eur\u00eaka<\/strong> sur sc\u00e8ne, quand un texte touche, propulse des carri\u00e8res ; <strong>DJ<\/strong> et <strong>musique<\/strong> spoken word animent interludes.<\/p>\n<ul>\n<li><strong>Championnat de France<\/strong> : <u>64 participants, 20 villes<\/u> (<strong>2024<\/strong>).<\/li>\n<li>R\u00e8gles : <u>3 min, jury public<\/u>, sans costumes.<\/li>\n<li>Impact : <u>1 million vues en ligne<\/u>, d\u00e9couverte talents.<\/li>\n<\/ul>\n<h2>Le slam et les nouvelles technologies<\/h2>\n<p>Nous examinons comment le <strong>slameur fran\u00e7ais<\/strong> conquiert le num\u00e9rique pour amplifier sa voix. Sur <strong>TikTok<\/strong> et <strong>Instagram<\/strong>, des extraits de 15 secondes de <strong>Grand Corps Malade<\/strong> g\u00e9n\u00e8rent <u>10 millions de vues<\/u> en <strong>2024<\/strong> ; <strong>YouTube<\/strong> h\u00e9berge lives de soir\u00e9es <strong>Lyon<\/strong>. <strong>Spotify<\/strong> propose playlists <strong>slam fran\u00e7ais<\/strong> comme \u00ab\u00a0Slam &amp; Spoken Word\u00a0\u00bb (<u>500 000 \u00e9coutes mensuelles<\/u>).<\/p>\n<p>Formats hybrides prolif\u00e8rent : clips urbains de <strong>Abd Al Malik<\/strong> sur <strong>Deezer<\/strong>, performances plan-s\u00e9quence en noir et blanc. Les jeunes s&rsquo;engagent via ateliers film\u00e9s en classes, influenc\u00e9s par <strong>Ga?l Faye<\/strong> (<u>5 millions followers<\/u>). Opportunit\u00e9s massives, mais concurrence f\u00e9roce exige authenticit\u00e9, pr\u00e9servant l&rsquo;essence sc\u00e9nique face aux algorithmes.<\/p>\n<ul>\n<li><strong>R\u00e9seaux sociaux<\/strong> : <strong>TikTok<\/strong>, <u>10 millions vues<\/u> extraits.<\/li>\n<li><strong>Streaming<\/strong> : <strong>Spotify<\/strong>, <u>500 000 \u00e9coutes\/mois<\/u>.<\/li>\n<li>Hybrides : clips, lives \u00e9coles.<\/li>\n<\/ul>\n<h2>Conclusion : L\u2019avenir du slam en France<\/h2>\n<p>Nous c\u00e9l\u00e9brons le <strong>slameur fran\u00e7ais<\/strong> comme pilier culturel, passeur de mots et miroir de notre \u00e9poque fractur\u00e9e. La dynamique s&rsquo;acc\u00e9l\u00e8re avec de nouvelles sc\u00e8nes \u00e0 <strong>Toulouse<\/strong> et <strong>Lille<\/strong>, voix plurielles d&rsquo;Afrique et d&rsquo;Outre-mer, intersections avec th\u00e9\u00e2tre (<strong>Th\u00e9\u00e2tre de la Ville-Paris<\/strong>) et rap.<\/p>\n<p>Le <strong>slam<\/strong> \u00e9volue, vivant, renouvel\u00e9 par chaque g\u00e9n\u00e9ration. Assistez \u00e0 un \u00e9v\u00e9nement pr\u00e8s de chez vous, soutenez les sc\u00e8nes locales, d\u00e9couvrez votre prochain <strong>slameur fran\u00e7ais<\/strong> pr\u00e9f\u00e9r\u00e9. \u00c9crivez votre texte, montez sur sc\u00e8ne, rejoignez un atelier : les mots attendent votre <strong>slam<\/strong>.<\/p>\n<div style=\"background: #e8f4f8;border: 3px solid #0073aa;padding: 20px;margin: 20px 0;border-radius: 8px\">\n<h2 style=\"color: #0073aa;text-align: center;margin-bottom: 15px\">\ud83d\udd27 Ressources Pratiques et Outils<\/h2>\n<div style=\"background: white;padding: 15px;margin: 10px 0;border-left: 4px solid #28a745\">\n<h3 style=\"color: #28a745;margin-bottom: 10px\">\ud83d\udccd Ateliers et \u00c9v\u00e9nements Slam \u00e0 Paris<\/h3>\n<p><strong>Atelier Slam \u2013 Th\u00e9\u00e2tre de la Concorde<\/strong><br \/>\nAdresse : 1-3 avenue Gabriel, 75008 Paris<br \/>\nT\u00e9l\u00e9phone : 01 71 27 97 17 (du lundi au samedi, 8h\u201318h)<br \/>\nEmail : <a href=\"mailto:theatredelaconcorde@paris.fr\">theatredelaconcorde@paris.fr<\/a><br \/>\nTarif : <strong>Gratuit<\/strong><br \/>\nSite : <a href=\"https:\/\/theatredelaconcorde.paris\" rel=\"nofollow\">theatredelaconcorde.paris<\/a><\/p>\n<\/div>\n<div style=\"background: white;padding: 15px;margin: 10px 0;border-left: 4px solid #007bff\">\n<h3 style=\"color: #007bff;margin-bottom: 10px\">\ud83d\udee0\ufe0f Outils et Calculateurs<\/h3>\n<p>Pour d\u00e9couvrir des ressources et des informations sur le slam, visitez les sites suivants :<br \/>\n&#8211; <a href=\"http:\/\/slameur.com\" rel=\"nofollow\">slameur.com<\/a> &#8211; Site de Slam Production et Grand Poetry Slam<br \/>\n&#8211; <a href=\"http:\/\/grandpoetryslam.com\" rel=\"nofollow\">grandpoetryslam.com<\/a> &#8211; Informations sur le Grand Slam National et les \u00e9quipes 2025<br \/>\n&#8211; <a href=\"http:\/\/slamofeminin.free.fr\" rel=\"nofollow\">slamofeminin.free.fr<\/a> &#8211; Programme et ateliers du Collectif Slam \u00f4 F\u00e9minin<\/p>\n<\/div>\n<div style=\"background: white;padding: 15px;margin: 10px 0;border-left: 4px solid #6f42c1\">\n<h3 style=\"color: #6f42c1;margin-bottom: 10px\">\ud83d\udc65 Communaut\u00e9 et Experts<\/h3>\n<p><strong>SLAM PRODUCTION<\/strong><br \/>\nAdresse : 103 rue Julien Lacroix, 75020 Paris<br \/>\nT\u00e9l\u00e9phone : +33 (0)1 42 06 92 08<br \/>\nEmail : <a href=\"mailto:slamproduction@orange.fr\">slamproduction@orange.fr<\/a><br \/>\nSite : <a href=\"http:\/\/slameur.com\" rel=\"nofollow\">slameur.com<\/a><\/p>\n<p><strong>Collectif 129H<\/strong> &#8211; Fen\u00eatre sur monde (MPAA \/ Ville de Paris)<br \/>\nSite : <a href=\"http:\/\/mpaa.fr\" rel=\"nofollow\">mpaa.fr<\/a><\/p>\n<\/div>\n<div style=\"background: #fff3cd;padding: 15px;margin: 15px 0;border: 2px solid #ffc107;border-radius: 5px\">\n<strong style=\"color: #856404\">\ud83d\udca1 R\u00e9sum\u00e9 en 2 lignes :<\/strong><br \/>\n<span>Explorez le slam \u00e0 Paris \u00e0 travers des ateliers gratuits et des \u00e9v\u00e9nements captivants. Rejoignez la communaut\u00e9 des slameurs et d\u00e9couvrez des ressources pour d\u00e9velopper votre art.<\/span>\n<\/div>\n<\/div>\n","protected":false},"excerpt":{"rendered":"","protected":false},"author":34,"featured_media":7682,"comment_status":"open","ping_status":"open","sticky":false,"template":"","format":"standard","meta":{"_acf_changed":false,"manual_indexmenow":false,"indexmenow_id_project":0,"footnotes":""},"categories":[4520],"tags":[4756,4773,4772],"class_list":["post-7680","post","type-post","status-publish","format-standard","has-post-thumbnail","hentry","category-actualites-du-slam","tag-poesie-orale","tag-scene-contemporaine","tag-slam-francais","generate-columns","tablet-grid-50","mobile-grid-100","grid-parent","grid-25"],"acf":[],"yoast_head":"<!-- This site is optimized with the Yoast SEO Premium plugin v21.3 (Yoast SEO v26.5) - https:\/\/yoast.com\/wordpress\/plugins\/seo\/ -->\n<title>Le renouveau du slam fran\u00e7ais : les po\u00e8tes oraux<\/title>\n<meta name=\"description\" content=\"Nous assistons \u00e0 un r\u00e9veil po\u00e9tique vibrant en France, o\u00f9 le slameur fran\u00e7ais transforme les mots en armes de connexion humaine.\" \/>\n<meta name=\"robots\" content=\"index, follow, max-snippet:-1, max-image-preview:large, max-video-preview:-1\" \/>\n<link rel=\"canonical\" href=\"https:\/\/slams.fr\/blog\/actualites-du-slam\/le-renouveau-du-slam-francais-portrait-des-poetes-oraux-daujourdhui\/\" \/>\n<meta property=\"og:locale\" content=\"fr_FR\" \/>\n<meta property=\"og:type\" content=\"article\" \/>\n<meta property=\"og:title\" content=\"Le renouveau du slam fran\u00e7ais : les po\u00e8tes oraux\" \/>\n<meta property=\"og:description\" content=\"Nous assistons \u00e0 un r\u00e9veil po\u00e9tique vibrant en France, o\u00f9 le slameur fran\u00e7ais transforme les mots en armes de connexion humaine.\" \/>\n<meta property=\"og:url\" content=\"https:\/\/slams.fr\/blog\/actualites-du-slam\/le-renouveau-du-slam-francais-portrait-des-poetes-oraux-daujourdhui\/\" \/>\n<meta property=\"og:site_name\" content=\"slams\" \/>\n<meta property=\"og:image\" content=\"https:\/\/slams.fr\/blog\/wp-content\/uploads\/2025\/12\/pag-image-693be12d51309-scaled.png\" \/>\n\t<meta property=\"og:image:width\" content=\"1200\" \/>\n\t<meta property=\"og:image:height\" content=\"686\" \/>\n\t<meta property=\"og:image:type\" content=\"image\/png\" \/>\n<meta name=\"author\" content=\"Rapha\u00ebl D.\" \/>\n<meta name=\"twitter:card\" content=\"summary_large_image\" \/>\n<script type=\"application\/ld+json\" class=\"yoast-schema-graph\">{\"@context\":\"https:\/\/schema.org\",\"@graph\":[{\"@type\":\"NewsArticle\",\"@id\":\"https:\/\/slams.fr\/blog\/actualites-du-slam\/le-renouveau-du-slam-francais-portrait-des-poetes-oraux-daujourdhui\/#article\",\"isPartOf\":{\"@id\":\"https:\/\/slams.fr\/blog\/actualites-du-slam\/le-renouveau-du-slam-francais-portrait-des-poetes-oraux-daujourdhui\/\"},\"author\":{\"name\":\"Rapha\u00ebl D.\",\"@id\":\"https:\/\/slams.fr\/blog\/#\/schema\/person\/3c864cdc320801e3db34b663e7e3f816\"},\"headline\":\"Le renouveau du slam fran\u00e7ais : portrait des po\u00e8tes oraux d\u2019aujourd\u2019hui\",\"datePublished\":\"2026-01-08T08:03:00+00:00\",\"mainEntityOfPage\":{\"@id\":\"https:\/\/slams.fr\/blog\/actualites-du-slam\/le-renouveau-du-slam-francais-portrait-des-poetes-oraux-daujourdhui\/\"},\"wordCount\":1600,\"commentCount\":0,\"publisher\":{\"@id\":\"https:\/\/slams.fr\/blog\/#organization\"},\"image\":{\"@id\":\"https:\/\/slams.fr\/blog\/actualites-du-slam\/le-renouveau-du-slam-francais-portrait-des-poetes-oraux-daujourdhui\/#primaryimage\"},\"thumbnailUrl\":\"https:\/\/slams.fr\/blog\/wp-content\/uploads\/2025\/12\/pag-image-693be12d51309-scaled.png\",\"keywords\":[\"poesie orale\",\"scene contemporaine\",\"slam francais\"],\"articleSection\":[\"Actualit\u00e9s du Slam\"],\"inLanguage\":\"fr-FR\",\"potentialAction\":[{\"@type\":\"CommentAction\",\"name\":\"Comment\",\"target\":[\"https:\/\/slams.fr\/blog\/actualites-du-slam\/le-renouveau-du-slam-francais-portrait-des-poetes-oraux-daujourdhui\/#respond\"]}]},{\"@type\":\"WebPage\",\"@id\":\"https:\/\/slams.fr\/blog\/actualites-du-slam\/le-renouveau-du-slam-francais-portrait-des-poetes-oraux-daujourdhui\/\",\"url\":\"https:\/\/slams.fr\/blog\/actualites-du-slam\/le-renouveau-du-slam-francais-portrait-des-poetes-oraux-daujourdhui\/\",\"name\":\"Le renouveau du slam fran\u00e7ais : les po\u00e8tes oraux\",\"isPartOf\":{\"@id\":\"https:\/\/slams.fr\/blog\/#website\"},\"primaryImageOfPage\":{\"@id\":\"https:\/\/slams.fr\/blog\/actualites-du-slam\/le-renouveau-du-slam-francais-portrait-des-poetes-oraux-daujourdhui\/#primaryimage\"},\"image\":{\"@id\":\"https:\/\/slams.fr\/blog\/actualites-du-slam\/le-renouveau-du-slam-francais-portrait-des-poetes-oraux-daujourdhui\/#primaryimage\"},\"thumbnailUrl\":\"https:\/\/slams.fr\/blog\/wp-content\/uploads\/2025\/12\/pag-image-693be12d51309-scaled.png\",\"datePublished\":\"2026-01-08T08:03:00+00:00\",\"description\":\"Nous assistons \u00e0 un r\u00e9veil po\u00e9tique vibrant en France, o\u00f9 le slameur fran\u00e7ais transforme les mots en armes de connexion humaine.\",\"inLanguage\":\"fr-FR\",\"potentialAction\":[{\"@type\":\"ReadAction\",\"target\":[\"https:\/\/slams.fr\/blog\/actualites-du-slam\/le-renouveau-du-slam-francais-portrait-des-poetes-oraux-daujourdhui\/\"]}]},{\"@type\":\"ImageObject\",\"inLanguage\":\"fr-FR\",\"@id\":\"https:\/\/slams.fr\/blog\/actualites-du-slam\/le-renouveau-du-slam-francais-portrait-des-poetes-oraux-daujourdhui\/#primaryimage\",\"url\":\"https:\/\/slams.fr\/blog\/wp-content\/uploads\/2025\/12\/pag-image-693be12d51309-scaled.png\",\"contentUrl\":\"https:\/\/slams.fr\/blog\/wp-content\/uploads\/2025\/12\/pag-image-693be12d51309-scaled.png\",\"width\":1200,\"height\":686,\"caption\":\"Image g\u00e9n\u00e9r\u00e9e par IA optimis\u00e9e pour Google Discover\"},{\"@type\":\"WebSite\",\"@id\":\"https:\/\/slams.fr\/blog\/#website\",\"url\":\"https:\/\/slams.fr\/blog\/\",\"name\":\"slams.fr\",\"description\":\"Slams, l&#039;\u00e9nergie des mots en action\",\"publisher\":{\"@id\":\"https:\/\/slams.fr\/blog\/#organization\"},\"alternateName\":\"Slams, l'\u00e9nergie des mots en action\",\"potentialAction\":[{\"@type\":\"SearchAction\",\"target\":{\"@type\":\"EntryPoint\",\"urlTemplate\":\"https:\/\/slams.fr\/blog\/?s={search_term_string}\"},\"query-input\":{\"@type\":\"PropertyValueSpecification\",\"valueRequired\":true,\"valueName\":\"search_term_string\"}}],\"inLanguage\":\"fr-FR\"},{\"@type\":\"Organization\",\"@id\":\"https:\/\/slams.fr\/blog\/#organization\",\"name\":\"Foretsensations.fr\",\"url\":\"https:\/\/slams.fr\/blog\/\",\"logo\":{\"@type\":\"ImageObject\",\"inLanguage\":\"fr-FR\",\"@id\":\"https:\/\/slams.fr\/blog\/#\/schema\/logo\/image\/\",\"url\":\"https:\/\/slams.fr\/blog\/wp-content\/uploads\/2026\/07\/logo-auto-1.png\",\"contentUrl\":\"https:\/\/slams.fr\/blog\/wp-content\/uploads\/2026\/07\/logo-auto-1.png\",\"width\":1024,\"height\":1024,\"caption\":\"Foretsensations.fr\"},\"image\":{\"@id\":\"https:\/\/slams.fr\/blog\/#\/schema\/logo\/image\/\"}},{\"@type\":\"Person\",\"@id\":\"https:\/\/slams.fr\/blog\/#\/schema\/person\/3c864cdc320801e3db34b663e7e3f816\",\"name\":\"Rapha\u00ebl D.\",\"image\":{\"@type\":\"ImageObject\",\"inLanguage\":\"fr-FR\",\"@id\":\"https:\/\/slams.fr\/blog\/#\/schema\/person\/image\/\",\"url\":\"https:\/\/slams.fr\/blog\/wp-content\/uploads\/2026\/06\/persona_raphael-d-96x96.jpg\",\"contentUrl\":\"https:\/\/slams.fr\/blog\/wp-content\/uploads\/2026\/06\/persona_raphael-d-96x96.jpg\",\"caption\":\"Rapha\u00ebl D.\"},\"description\":\"La culture est mon terrain de jeu depuis une dizaine d'ann\u00e9es : arts visuels, s\u00e9ries, cr\u00e9ation et tout ce qui nourrit l'imaginaire. J'\u00e9cris aussi bien sur l'actualit\u00e9 des \u0153uvres que sur les coulisses de la cr\u00e9ation, avec l'envie de relier l'amateur curieux \u00e0 des univers parfois jug\u00e9s intimidants. J'aime analyser une s\u00e9rie ou une d\u00e9marche artistique sans p\u00e9dantisme, replacer une \u0153uvre dans son contexte et donner des cl\u00e9s de lecture accessibles. Avant de publier, je v\u00e9rifie mes r\u00e9f\u00e9rences, je recoupe les sources et je distingue clairement le fait de mon interpr\u00e9tation subjective. Je crois qu'une critique vaut surtout par les arguments qu'elle expose, pas par la sentence qu'elle rend. Mon angle : transmettre l'envie de d\u00e9couvrir, de regarder autrement et de se forger son propre go\u00fbt. La culture n'appartient pas qu'aux initi\u00e9s, et c'est tout l'enjeu de mon \u00e9criture.\",\"url\":\"https:\/\/slams.fr\/blog\/auteur\/raphael-d\/\",\"jobTitle\":\"R\u00e9dacteur en chef \u00b7 Culture & Cr\u00e9ation\",\"knowsAbout\":[\"Culture\",\"Cr\u00e9ation\"],\"email\":\"raphael.d@a-l-asso-de-l-art.fr\"}]}<\/script>\n<!-- \/ Yoast SEO Premium plugin. -->","yoast_head_json":{"title":"Le renouveau du slam fran\u00e7ais : les po\u00e8tes oraux","description":"Nous assistons \u00e0 un r\u00e9veil po\u00e9tique vibrant en France, o\u00f9 le slameur fran\u00e7ais transforme les mots en armes de connexion humaine.","robots":{"index":"index","follow":"follow","max-snippet":"max-snippet:-1","max-image-preview":"max-image-preview:large","max-video-preview":"max-video-preview:-1"},"canonical":"https:\/\/slams.fr\/blog\/actualites-du-slam\/le-renouveau-du-slam-francais-portrait-des-poetes-oraux-daujourdhui\/","og_locale":"fr_FR","og_type":"article","og_title":"Le renouveau du slam fran\u00e7ais : les po\u00e8tes oraux","og_description":"Nous assistons \u00e0 un r\u00e9veil po\u00e9tique vibrant en France, o\u00f9 le slameur fran\u00e7ais transforme les mots en armes de connexion humaine.","og_url":"https:\/\/slams.fr\/blog\/actualites-du-slam\/le-renouveau-du-slam-francais-portrait-des-poetes-oraux-daujourdhui\/","og_site_name":"slams","og_image":[{"width":1200,"height":686,"url":"https:\/\/slams.fr\/blog\/wp-content\/uploads\/2025\/12\/pag-image-693be12d51309-scaled.png","type":"image\/png"}],"author":"Rapha\u00ebl D.","twitter_card":"summary_large_image","schema":{"@context":"https:\/\/schema.org","@graph":[{"@type":"NewsArticle","@id":"https:\/\/slams.fr\/blog\/actualites-du-slam\/le-renouveau-du-slam-francais-portrait-des-poetes-oraux-daujourdhui\/#article","isPartOf":{"@id":"https:\/\/slams.fr\/blog\/actualites-du-slam\/le-renouveau-du-slam-francais-portrait-des-poetes-oraux-daujourdhui\/"},"author":{"name":"Rapha\u00ebl D.","@id":"https:\/\/slams.fr\/blog\/#\/schema\/person\/3c864cdc320801e3db34b663e7e3f816"},"headline":"Le renouveau du slam fran\u00e7ais : portrait des po\u00e8tes oraux d\u2019aujourd\u2019hui","datePublished":"2026-01-08T08:03:00+00:00","mainEntityOfPage":{"@id":"https:\/\/slams.fr\/blog\/actualites-du-slam\/le-renouveau-du-slam-francais-portrait-des-poetes-oraux-daujourdhui\/"},"wordCount":1600,"commentCount":0,"publisher":{"@id":"https:\/\/slams.fr\/blog\/#organization"},"image":{"@id":"https:\/\/slams.fr\/blog\/actualites-du-slam\/le-renouveau-du-slam-francais-portrait-des-poetes-oraux-daujourdhui\/#primaryimage"},"thumbnailUrl":"https:\/\/slams.fr\/blog\/wp-content\/uploads\/2025\/12\/pag-image-693be12d51309-scaled.png","keywords":["poesie orale","scene contemporaine","slam francais"],"articleSection":["Actualit\u00e9s du Slam"],"inLanguage":"fr-FR","potentialAction":[{"@type":"CommentAction","name":"Comment","target":["https:\/\/slams.fr\/blog\/actualites-du-slam\/le-renouveau-du-slam-francais-portrait-des-poetes-oraux-daujourdhui\/#respond"]}]},{"@type":"WebPage","@id":"https:\/\/slams.fr\/blog\/actualites-du-slam\/le-renouveau-du-slam-francais-portrait-des-poetes-oraux-daujourdhui\/","url":"https:\/\/slams.fr\/blog\/actualites-du-slam\/le-renouveau-du-slam-francais-portrait-des-poetes-oraux-daujourdhui\/","name":"Le renouveau du slam fran\u00e7ais : les po\u00e8tes oraux","isPartOf":{"@id":"https:\/\/slams.fr\/blog\/#website"},"primaryImageOfPage":{"@id":"https:\/\/slams.fr\/blog\/actualites-du-slam\/le-renouveau-du-slam-francais-portrait-des-poetes-oraux-daujourdhui\/#primaryimage"},"image":{"@id":"https:\/\/slams.fr\/blog\/actualites-du-slam\/le-renouveau-du-slam-francais-portrait-des-poetes-oraux-daujourdhui\/#primaryimage"},"thumbnailUrl":"https:\/\/slams.fr\/blog\/wp-content\/uploads\/2025\/12\/pag-image-693be12d51309-scaled.png","datePublished":"2026-01-08T08:03:00+00:00","description":"Nous assistons \u00e0 un r\u00e9veil po\u00e9tique vibrant en France, o\u00f9 le slameur fran\u00e7ais transforme les mots en armes de connexion humaine.","inLanguage":"fr-FR","potentialAction":[{"@type":"ReadAction","target":["https:\/\/slams.fr\/blog\/actualites-du-slam\/le-renouveau-du-slam-francais-portrait-des-poetes-oraux-daujourdhui\/"]}]},{"@type":"ImageObject","inLanguage":"fr-FR","@id":"https:\/\/slams.fr\/blog\/actualites-du-slam\/le-renouveau-du-slam-francais-portrait-des-poetes-oraux-daujourdhui\/#primaryimage","url":"https:\/\/slams.fr\/blog\/wp-content\/uploads\/2025\/12\/pag-image-693be12d51309-scaled.png","contentUrl":"https:\/\/slams.fr\/blog\/wp-content\/uploads\/2025\/12\/pag-image-693be12d51309-scaled.png","width":1200,"height":686,"caption":"Image g\u00e9n\u00e9r\u00e9e par IA optimis\u00e9e pour Google Discover"},{"@type":"WebSite","@id":"https:\/\/slams.fr\/blog\/#website","url":"https:\/\/slams.fr\/blog\/","name":"slams.fr","description":"Slams, l&#039;\u00e9nergie des mots en action","publisher":{"@id":"https:\/\/slams.fr\/blog\/#organization"},"alternateName":"Slams, l'\u00e9nergie des mots en action","potentialAction":[{"@type":"SearchAction","target":{"@type":"EntryPoint","urlTemplate":"https:\/\/slams.fr\/blog\/?s={search_term_string}"},"query-input":{"@type":"PropertyValueSpecification","valueRequired":true,"valueName":"search_term_string"}}],"inLanguage":"fr-FR"},{"@type":"Organization","@id":"https:\/\/slams.fr\/blog\/#organization","name":"Foretsensations.fr","url":"https:\/\/slams.fr\/blog\/","logo":{"@type":"ImageObject","inLanguage":"fr-FR","@id":"https:\/\/slams.fr\/blog\/#\/schema\/logo\/image\/","url":"https:\/\/slams.fr\/blog\/wp-content\/uploads\/2026\/07\/logo-auto-1.png","contentUrl":"https:\/\/slams.fr\/blog\/wp-content\/uploads\/2026\/07\/logo-auto-1.png","width":1024,"height":1024,"caption":"Foretsensations.fr"},"image":{"@id":"https:\/\/slams.fr\/blog\/#\/schema\/logo\/image\/"}},{"@type":"Person","@id":"https:\/\/slams.fr\/blog\/#\/schema\/person\/3c864cdc320801e3db34b663e7e3f816","name":"Rapha\u00ebl D.","image":{"@type":"ImageObject","inLanguage":"fr-FR","@id":"https:\/\/slams.fr\/blog\/#\/schema\/person\/image\/","url":"https:\/\/slams.fr\/blog\/wp-content\/uploads\/2026\/06\/persona_raphael-d-96x96.jpg","contentUrl":"https:\/\/slams.fr\/blog\/wp-content\/uploads\/2026\/06\/persona_raphael-d-96x96.jpg","caption":"Rapha\u00ebl D."},"description":"La culture est mon terrain de jeu depuis une dizaine d'ann\u00e9es : arts visuels, s\u00e9ries, cr\u00e9ation et tout ce qui nourrit l'imaginaire. J'\u00e9cris aussi bien sur l'actualit\u00e9 des \u0153uvres que sur les coulisses de la cr\u00e9ation, avec l'envie de relier l'amateur curieux \u00e0 des univers parfois jug\u00e9s intimidants. J'aime analyser une s\u00e9rie ou une d\u00e9marche artistique sans p\u00e9dantisme, replacer une \u0153uvre dans son contexte et donner des cl\u00e9s de lecture accessibles. Avant de publier, je v\u00e9rifie mes r\u00e9f\u00e9rences, je recoupe les sources et je distingue clairement le fait de mon interpr\u00e9tation subjective. Je crois qu'une critique vaut surtout par les arguments qu'elle expose, pas par la sentence qu'elle rend. Mon angle : transmettre l'envie de d\u00e9couvrir, de regarder autrement et de se forger son propre go\u00fbt. La culture n'appartient pas qu'aux initi\u00e9s, et c'est tout l'enjeu de mon \u00e9criture.","url":"https:\/\/slams.fr\/blog\/auteur\/raphael-d\/","jobTitle":"R\u00e9dacteur en chef \u00b7 Culture & Cr\u00e9ation","knowsAbout":["Culture","Cr\u00e9ation"],"email":"raphael.d@a-l-asso-de-l-art.fr"}]}},"_links":{"self":[{"href":"https:\/\/slams.fr\/blog\/wp-json\/wp\/v2\/posts\/7680","targetHints":{"allow":["GET"]}}],"collection":[{"href":"https:\/\/slams.fr\/blog\/wp-json\/wp\/v2\/posts"}],"about":[{"href":"https:\/\/slams.fr\/blog\/wp-json\/wp\/v2\/types\/post"}],"author":[{"embeddable":true,"href":"https:\/\/slams.fr\/blog\/wp-json\/wp\/v2\/users\/34"}],"replies":[{"embeddable":true,"href":"https:\/\/slams.fr\/blog\/wp-json\/wp\/v2\/comments?post=7680"}],"version-history":[{"count":1,"href":"https:\/\/slams.fr\/blog\/wp-json\/wp\/v2\/posts\/7680\/revisions"}],"predecessor-version":[{"id":7756,"href":"https:\/\/slams.fr\/blog\/wp-json\/wp\/v2\/posts\/7680\/revisions\/7756"}],"wp:featuredmedia":[{"embeddable":true,"href":"https:\/\/slams.fr\/blog\/wp-json\/wp\/v2\/media\/7682"}],"wp:attachment":[{"href":"https:\/\/slams.fr\/blog\/wp-json\/wp\/v2\/media?parent=7680"}],"wp:term":[{"taxonomy":"category","embeddable":true,"href":"https:\/\/slams.fr\/blog\/wp-json\/wp\/v2\/categories?post=7680"},{"taxonomy":"post_tag","embeddable":true,"href":"https:\/\/slams.fr\/blog\/wp-json\/wp\/v2\/tags?post=7680"}],"curies":[{"name":"wp","href":"https:\/\/api.w.org\/{rel}","templated":true}]}}