{"id":7686,"date":"2026-01-15T09:20:00","date_gmt":"2026-01-15T08:20:00","guid":{"rendered":"https:\/\/slams.fr\/blog\/?p=7686"},"modified":"2026-01-15T09:20:00","modified_gmt":"2026-01-15T08:20:00","slug":"lhistoire-du-slam-poesie-de-chicago-a-la-scene-mondiale","status":"publish","type":"post","link":"https:\/\/slams.fr\/blog\/actualites-du-slam\/lhistoire-du-slam-poesie-de-chicago-a-la-scene-mondiale\/","title":{"rendered":"L&rsquo;histoire du slam po\u00e9sie : de Chicago \u00e0 la sc\u00e8ne mondiale"},"content":{"rendered":"<div style=\"background: linear-gradient(135deg, #f5f7fa 0%, #e9ecef 100%);border-left: 4px solid #0073aa;padding: 15px 20px;margin: 0 0 25px 0;border-radius: 0 8px 8px 0\">\n<p style=\"margin: 0;font-size: 14px;color: #0073aa;font-weight: 600;text-transform: uppercase;letter-spacing: 1px;margin-bottom: 10px\">\ud83d\udccb En bref<\/p>\n<ul style=\"margin: 0;padding-left: 20px;list-style-type: none\">\n<li style=\"margin: 5px 0;color: #333;font-size: 15px;line-height: 1.5;position: relative;padding-left: 15px\"><span style=\"position: absolute;left: 0;color: #0073aa\">\u25b8<\/span> Le slam po\u00e9sie, n\u00e9 \u00e0 Chicago en 1986 gr\u00e2ce \u00e0 Marc Kelly Smith, rend la po\u00e9sie accessible et comp\u00e9titive.<\/li>\n<li style=\"margin: 5px 0;color: #333;font-size: 15px;line-height: 1.5;position: relative;padding-left: 15px\"><span style=\"position: absolute;left: 0;color: #0073aa\">\u25b8<\/span> Ce mouvement s&#039;est rapidement \u00e9tendu en Europe, atteignant la France dans les ann\u00e9es 1990.<\/li>\n<li style=\"margin: 5px 0;color: #333;font-size: 15px;line-height: 1.5;position: relative;padding-left: 15px\"><span style=\"position: absolute;left: 0;color: #0073aa\">\u25b8<\/span> La performance sc\u00e9nique, alliant \u00e9criture et oralit\u00e9, est essentielle, avec un accent sur l&#039;impact plut\u00f4t que l&#039;esth\u00e9tique litt\u00e9raire.<\/li>\n<\/ul>\n<\/div>\n<h1>Slam Po\u00e9sie : L&rsquo;Art de la Performance Verbale et de la Libre Expression<\/h1>\n<h2>Les Origines du Slam Po\u00e9sie \u2013 De Chicago \u00e0 la Sc\u00e8ne Mondiale<\/h2>\n<p>Nous remontons \u00e0 <strong>juillet 1986<\/strong>, lorsque <strong>Marc Kelly Smith<\/strong>, entrepreneur en b\u00e2timent n\u00e9 en 1949 dans le <strong>southside de Chicago<\/strong>, transforme un atelier po\u00e9tique morose en tournoi \u00e9lectrisant au <strong>Green Mill Tavern<\/strong>, ancien repaire d&rsquo;<strong>Al Capone<\/strong> dans le quartier d&rsquo;<strong>Uptown<\/strong>. Frapp\u00e9 par l&rsquo;indiff\u00e9rence des po\u00e8tes envers leur audience, il instaure des r\u00e8gles simples : <u>3 minutes par texte<\/u>, jury al\u00e9atoire du public, interdiction de musique ou accessoires, pour rendre la po\u00e9sie accessible et comp\u00e9titive, ironiquement nomm\u00e9e <strong>Uptown Poetry Slam<\/strong> en raillant les \u00e9lites.<\/p>\n<p>Ce concept explose rapidement : d\u00e8s 1993, les premiers slams europ\u00e9ens \u00e9mergent, atteignant la <strong>France<\/strong> dans les ann\u00e9es 1990 via des pionniers comme <strong>Pilote le Hot<\/strong> dans les 18e et 20e arrondissements de <strong>Paris<\/strong>. Nous voyons dans cette expansion un retour aux racines grecques de la <strong>po\u00ef\u00easis<\/strong>, <u>action de cr\u00e9er activement<\/u>, et \u00e0 l&rsquo;\u00e9tymologie de \u00ab\u00a0slam\u00a0\u00bb \u2013 du verbe \u00ab\u00a0to slam\u00a0\u00bb signifiant <u>claquer les mots avec force<\/u>, ou \u00e9voquant un \u00ab\u00a0grand chelem\u00a0\u00bb sportif. Aujourd&rsquo;hui, plus de <u>30 ans apr\u00e8s<\/u>, des milliers de sc\u00e8nes ouvertes existent, de <strong>Chat Noir \u00e0 Gen\u00e8ve<\/strong> aux festivals mondiaux, confirmant son succ\u00e8s plan\u00e9taire.<\/p>\n<ul>\n<li><strong>Marc Smith<\/strong> et le <strong>Chicago Poetry Ensemble<\/strong> lancent la premi\u00e8re soir\u00e9e le <strong>20 juillet 1986<\/strong> au <strong>Green Mill<\/strong>, attirant une audience croissante malgr\u00e9 les doutes initiaux de partenaires comme <strong>David Cooper<\/strong>.<\/li>\n<li>En <strong>Europe<\/strong> d\u00e8s 1993, avec une arriv\u00e9e en <strong>France<\/strong> via des bars parisiens underground.<\/li>\n<li>\u00c9tymologie enrichissante : \u00ab\u00a0slam\u00a0\u00bb lie <strong>comp\u00e9tition slam<\/strong> (chelem) et <strong>performance claquer<\/strong>, revitalisant la po\u00e9sie comme agitation soci\u00e9tale.<\/li>\n<\/ul>\n<h2>Les Techniques de Performance \u2013 Voix, Corps et Rythmique Sc\u00e9nique<\/h2>\n<p>Au coeur du <strong>slam po\u00e9sie<\/strong>, la <strong>performance<\/strong> fusionne \u00e9criture et oralit\u00e9 : les slameurs modulent leur <strong>voix<\/strong> avec rythmes saccad\u00e9s, intonations dramatiques, rimes internes et paronymes, tout en mobilisant un <strong>corps<\/strong> expressif \u2013 gestes naturels, regards directs \u2013 dans un espace nu, pour captiver en exactement <u>3 minutes<\/u>. Nous admirons cette \u00e9conomie de moyens, proche du <strong>rap<\/strong> ou du <strong>spoken word<\/strong>, o\u00f9 l&rsquo;argot, le verlan et les r\u00e9p\u00e9titions claquent comme des uppercuts verbaux, sans micro-casque ni d\u00e9cor.<\/p>\n<p>Prenez <strong>Marc Smith<\/strong> lui-m\u00eame : ses textes, comme ceux retranscrits dans <em>Spoken Word Revolution<\/em> (2003, avec <strong>Mark Eleveld<\/strong>), exploitent des anecdotes personnelles pour happer le public. En <strong>France<\/strong>, <strong>Pilote le Hot<\/strong> excelle dans des flows hypnotiques sur des th\u00e8mes urbains. Nous recommandons aux d\u00e9butants un entra\u00eenement vocal quotidien : enregistrez-vous, variez les vitesses, testez devant un miroir. Cette approche, selon nous, distingue le slam de la po\u00e9sie de page, en priorisant <u>l&rsquo;impact sc\u00e9nique sur l&rsquo;esth\u00e9tique litt\u00e9raire<\/u>.<\/p>\n<ul>\n<li>Ma\u00eetrisez la <strong>rythmique<\/strong> : comptez syllabes pour un d\u00e9bit de <u>200-250 mots en 3 minutes<\/u>.<\/li>\n<li>Utilisez le <strong>corps<\/strong> : gestes synchronis\u00e9s aux mots, sans chor\u00e9graphie forc\u00e9e.<\/li>\n<li>Jeux sonores : rimes riches, allit\u00e9rations, silences pour cr\u00e9er tension.<\/li>\n<\/ul>\n<h2>Les Th\u00e9matiques Abord\u00e9es dans le Slam \u2013 Identit\u00e9, Soci\u00e9t\u00e9 et Engagement<\/h2>\n<p>Le <strong>slam po\u00e9sie<\/strong> brille par ses th\u00e8mes br\u00fblants : <strong>identit\u00e9<\/strong> culturelle, <strong>racisme<\/strong>, injustices sociales, amours tumultueux, politique quotidienne, exprim\u00e9s en langage de rue \u2013 argot, n\u00e9ologismes, verlan \u2013 pour secouer consciences et \u00e9motions. Nous appr\u00e9cions comment cela repositionne le po\u00e8te en <u>agitateur soci\u00e9tal<\/u>, renouant avec la <strong>po\u00ef\u00easis<\/strong> cr\u00e9atrice, loin du contemplatif romantique.<\/p>\n<p>Exemples concrets : dans <em>Spoken Word<\/em> \u00e9dit\u00e9 par <strong>F\u00e9lix J.<\/strong> et <strong>Didier Feldmann<\/strong> aux \u00e9ditions <strong>Spoke<\/strong> (2002), des textes sur violences polici\u00e8res ou luttes g\u00e9n\u00e9rationnelles r\u00e9sonnent. En <strong>France<\/strong>, plus de <u>100 sc\u00e8nes ouvertes<\/u> amplifient ces voix, favorisant une <strong>libert\u00e9 d&rsquo;expression<\/strong> populaire. Selon nous, cette engagement rend le slam indispensable face aux d\u00e9bats actuels, mesur\u00e9 par son impact dans <u>\u00e9coles et festivals<\/u> avec des milliers de participants annuels.<\/p>\n<h2>Le Slam en France \u2013 De la Ligue Slam \u00e0 un Ph\u00e9nom\u00e8ne Culturel<\/h2>\n<p>En <strong>France<\/strong>, le <strong>slam po\u00e9sie<\/strong> s&rsquo;implante fin des ann\u00e9es 1990 avec <strong>Pilote le Hot<\/strong>, organisant des sc\u00e8nes dans les bars parisiens, avant l&rsquo;officialisation par la <strong>Ligue Slam de France<\/strong> en <strong>2009<\/strong> et la <strong>F\u00e9d\u00e9ration Fran\u00e7aise de Slam Po\u00e9sie (FFDSP)<\/strong>. Le premier <strong>Grand Slam National<\/strong> se tient \u00e0 <strong>Nantes<\/strong> en <strong>2004<\/strong>, anim\u00e9 par <strong>Jean Blaise<\/strong>, avec \u00e9quipes de 4 po\u00e8tes jug\u00e9es par le public \u2013 un format qui attire <u>milliers de participants annuels<\/u>.<\/p>\n<p>Nous notons l&rsquo;\u00e9volution : de marges underground \u00e0 reconnaissance, comme en <strong>Suisse romande<\/strong> avec \u00ab\u00a0un texte dit, un verre offert\u00a0\u00bb via <strong>SLAM<\/strong>. Des donn\u00e9es chiffr\u00e9es montrent <u>croissance de 20% des sc\u00e8nes par an depuis 2010<\/u>, culminant en \u00e9v\u00e9nements comme les <strong>Nuits du Slam<\/strong>. Cette trajectoire, \u00e0 notre avis, ancre le slam comme pilier culturel fran\u00e7ais, accessible et f\u00e9d\u00e9rateur.<\/p>\n<ul>\n<li><strong>2004<\/strong> : Premier <strong>Grand Slam National \u00e0 Nantes<\/strong>, avec <strong>Jean Blaise<\/strong> comme h\u00f4te.<\/li>\n<li><strong>2009<\/strong> : Naissance de la <strong>Ligue Slam de France<\/strong>, structurant le mouvement.<\/li>\n<li>Plus de <u>200 sc\u00e8nes actives en 2024<\/u>, de <strong>Paris<\/strong> \u00e0 <strong>Marseille<\/strong>.<\/li>\n<\/ul>\n<h2>Comment \u00c9crire un Slam Po\u00e9tique ? \u2013 Guide Pratique et Exercices<\/h2>\n<p>Pour forger un <strong>slam po\u00e9sie<\/strong>, partez d&rsquo;un th\u00e8me personnel fort, structurez en <u>200-250 mots pour 3 minutes<\/u>, privil\u00e9giez mots percutants \u2013 argot, r\u00e9p\u00e9titions, images choc \u2013 et testez \u00e0 voix haute pour le rythme. Nous insistons sur l&rsquo;oralit\u00e9 : lisez devant un miroir, chronom\u00e9trez, ajustez les respirations. Contrairement \u00e0 la po\u00e9sie traditionnelle, \u00e9litiste et paginale, le slam est brut, oral, d\u00e9mocratique.<\/p>\n<p>Exercice concret : improvisez sur \u00ab\u00a0libert\u00e9\u00a0\u00bb en 2 minutes, ou r\u00e9\u00e9crivez Baudelaire en verlan slam. Mod\u00e8le adapt\u00e9 d&rsquo;un texte de <strong>Marc Smith<\/strong> : \u00ab\u00a0Dans les rues de <strong>Chicago<\/strong>, on claque des portes, on slam des espoirs cass\u00e9s, jury du bitume note nos cris.\u00a0\u00bb Nous croyons que cette pratique lib\u00e8re votre voix int\u00e9rieure, rendant chaque essai plus incisif.<\/p>\n<ul>\n<li>Choisissez un <strong>th\u00e8me engag\u00e9<\/strong> : identit\u00e9, injustice.<\/li>\n<li>Structurez : accroche, d\u00e9veloppement rythm\u00e9, punch final.<\/li>\n<li>Raffinez oralement : variez intonation, ajoutez pauses dramatiques.<\/li>\n<\/ul>\n<h2>Les \u00c9v\u00e9nements et Comp\u00e9titions de Slam \u2013 Sc\u00e8nes Ouvertes et Tournois<\/h2>\n<p>Les <strong>\u00e9v\u00e9nements<\/strong> structurent la communaut\u00e9 : <strong>Grand Slam National<\/strong> de la <strong>FFDSP<\/strong> avec rounds, demi-finales et finale ; sc\u00e8nes ouvertes gratuites comme au <strong>Green Mill<\/strong> originel ou <strong>Chat Noir \u00e0 Gen\u00e8ve<\/strong> ; festivals tels les <strong>Nuits du Slam<\/strong> en <strong>France<\/strong>. Des centaines participent par \u00e9dition, avec formats vari\u00e9s : tournois not\u00e9s ou ouvertes sans jugement.<\/p>\n<p>Calendrier 2025 pr\u00e9voit le <strong>Grand Slam<\/strong> \u00e0 <strong>Paris<\/strong> en <strong>juin<\/strong>, et slams r\u00e9gionaux \u00e0 <strong>Lyon<\/strong> et <strong>Bordeaux<\/strong>. T\u00e9moignage de <strong>Pilote le Hot<\/strong> : \u00ab\u00a0Le public est le vrai juge.\u00a0\u00bb Nous anticipons un impact m\u00e9diatique croissant, boost\u00e9 par YouTube avec <u>millions de vues virales<\/u>.<\/p>\n<ul>\n<li><strong>Sc\u00e8nes ouvertes<\/strong> : gratuites, un texte par personne.<\/li>\n<li><strong>Tournois<\/strong> : jury public, scores sur 10.<\/li>\n<li><strong>Festivals 2025<\/strong> : <strong>Nuits du Slam<\/strong> \u00e0 <strong>Strasbourg<\/strong>, <strong>juin 2025<\/strong>.<\/li>\n<\/ul>\n<h2>L&rsquo;Avenir du Slam Po\u00e9sie \u2013 Int\u00e9gration \u00c9ducative et Num\u00e9rique<\/h2>\n<p>L&rsquo;avenir s&rsquo;illumine pour le <strong>slam po\u00e9sie<\/strong> : ateliers en \u00e9coles pour l&rsquo;\u00e9loquence, slams viraux sur <strong>YouTube<\/strong> (comme ceux de la <strong>Ligue Slam<\/strong> d\u00e9passant <u>500 000 vues<\/u>), hybridations avec <strong>rap<\/strong> et <strong>spoken word<\/strong>. En <strong>2022<\/strong>, <strong>Marc Smith<\/strong> est nomm\u00e9 <strong>Chevalier des Arts et des Lettres<\/strong> par la <strong>France<\/strong>, signe de reconnaissance.<\/p>\n<p>Nous pr\u00e9voyons une <u>croissance de 25% des sc\u00e8nes d&rsquo;ici 2030<\/u>, comme outil anti-\u00e9litiste face \u00e0 l&rsquo;<strong>Intelligence Artificielle (IA)<\/strong>, pr\u00e9servant l&rsquo;humain dans la cr\u00e9ation. Int\u00e9grations \u00e9ducatives, via <strong>Fondation Culture &amp; Diversit\u00e9<\/strong>, formeront des milliers de jeunes, assurant vitalit\u00e9.<\/p>\n<h2>Conclusion : Plongez dans le Slam, Art Vivant et Engag\u00e9<\/h2>\n<p>Le <strong>slam po\u00e9sie<\/strong>, du <strong>Green Mill<\/strong> de <strong>1986<\/strong> aux sc\u00e8nes fran\u00e7aises contemporaines, unit <strong>art \u00e9crit<\/strong> et <strong>performance<\/strong>, invitant chacun \u00e0 claquer ses v\u00e9rit\u00e9s. Nous vous encourageons \u00e0 rejoindre un atelier local ou tester un slam maison : cette <strong>po\u00e9sie<\/strong> engag\u00e9e transformera votre expression.<\/p>\n<div style=\"background: #e8f4f8;border: 3px solid #0073aa;padding: 20px;margin: 20px 0;border-radius: 8px\">\n<h2 style=\"color: #0073aa;text-align: center;margin-bottom: 15px\">\ud83d\udd27 Ressources Pratiques et Outils<\/h2>\n<div style=\"background: white;padding: 15px;margin: 10px 0;border-left: 4px solid #28a745\">\n<h3 style=\"color: #28a745;margin-bottom: 10px\">\ud83d\udccd Ateliers et \u00c9v\u00e9nements de Slam \u00e0 Paris<\/h3>\n<p>D\u00e9couvrez les ateliers slam au <strong>Caf\u00e9 litt\u00e9raire associatif Petit Ney<\/strong>, situ\u00e9 dans le 18e arrondissement de Paris. Participez \u00e0 l&rsquo;atelier \u00ab\u00a0Ecrire &amp; Dire\u00a0\u00bb tous les samedis de 17h \u00e0 19h, entr\u00e9e libre sans inscription.<\/p>\n<p>Pour une exp\u00e9rience plus immersive, rejoignez l&rsquo;<strong>Atelier Slam<\/strong> au <strong>Th\u00e9\u00e2tre de la Concorde<\/strong>, qui se tient un samedi par mois, de novembre \u00e0 d\u00e9cembre 2025, ax\u00e9 sur l&rsquo;\u00e9criture cr\u00e9ative, la po\u00e9sie, le rap et l&rsquo;improvisation.<\/p>\n<\/div>\n<div style=\"background: white;padding: 15px;margin: 10px 0;border-left: 4px solid #007bff\">\n<h3 style=\"color: #007bff;margin-bottom: 10px\">\ud83d\udee0\ufe0f Outils et Calculateurs<\/h3>\n<p>Pour approfondir vos comp\u00e9tences en slam, explorez les ressources disponibles sur les sites suivants :<\/p>\n<ul>\n<li><a href=\"https:\/\/strophe.fr\/\" rel=\"nofollow\">Strophe<\/a><\/li>\n<li><a href=\"http:\/\/slamofeminin.free.fr\/\" rel=\"nofollow\">Slam \u00f4 f\u00e9minin<\/a><\/li>\n<li><a href=\"http:\/\/www.universlam.com\" rel=\"nofollow\">Universlam<\/a><\/li>\n<li><a href=\"https:\/\/grandpoetryslam.com\" rel=\"nofollow\">Grand Poetry Slam<\/a><\/li>\n<li><a href=\"https:\/\/www.elvislampoesie.com\/\" rel=\"nofollow\">Elvis Lampoesie<\/a><\/li>\n<\/ul>\n<\/div>\n<div style=\"background: white;padding: 15px;margin: 10px 0;border-left: 4px solid #6f42c1\">\n<h3 style=\"color: #6f42c1;margin-bottom: 10px\">\ud83d\udc65 Communaut\u00e9 et Experts<\/h3>\n<p>Pour vous engager davantage dans la sc\u00e8ne slam, contactez :<\/p>\n<ul>\n<li><strong>Slam \u00f4 f\u00e9minin<\/strong> : Caf\u00e9 litt\u00e9raire associatif Petit Ney, Paris 18e<\/li>\n<li><strong>Universlam<\/strong> : Quartier Montparnasse, Paris (association et \u00e9ditions)<\/li>\n<li><strong>Elvis Lampoesie<\/strong> : Ateliers slam pour entreprises (contact via site)<\/li>\n<\/ul>\n<p>Le prix d&rsquo;entr\u00e9e pour le <strong>Grand Poetry Slam<\/strong> est de <strong>8 \u20ac \u00e0 10 \u20ac<\/strong>.<\/p>\n<\/div>\n<div style=\"background: #fff3cd;padding: 15px;margin: 15px 0;border: 2px solid #ffc107;border-radius: 5px\">\n<strong style=\"color: #856404\">\ud83d\udca1 R\u00e9sum\u00e9 en 2 lignes :<\/strong><br \/>\n<span>Participez \u00e0 des ateliers de slam \u00e0 Paris pour d\u00e9velopper vos comp\u00e9tences en performance po\u00e9tique. Rejoignez une communaut\u00e9 dynamique et engagez-vous dans des \u00e9v\u00e9nements comme le Grand Poetry Slam.<\/span>\n<\/div>\n<\/div>\n","protected":false},"excerpt":{"rendered":"","protected":false},"author":34,"featured_media":7690,"comment_status":"open","ping_status":"open","sticky":false,"template":"","format":"standard","meta":{"_acf_changed":false,"manual_indexmenow":false,"indexmenow_id_project":0,"footnotes":""},"categories":[4520],"tags":[4775,4776,4712],"class_list":["post-7686","post","type-post","status-publish","format-standard","has-post-thumbnail","hentry","category-actualites-du-slam","tag-chicago-origines","tag-scne-mondiale","tag-slam-posie","generate-columns","tablet-grid-50","mobile-grid-100","grid-parent","grid-25"],"acf":[],"yoast_head":"<!-- This site is optimized with the Yoast SEO Premium plugin v21.3 (Yoast SEO v26.5) - https:\/\/yoast.com\/wordpress\/plugins\/seo\/ -->\n<title>L&#039;histoire du slam po\u00e9sie : de Chicago \u00e0 la sc\u00e8ne mondiale<\/title>\n<meta name=\"description\" content=\"Nous remontons \u00e0 juillet 1986, lorsque Marc Kelly Smith, entrepreneur en b\u00e2timent n\u00e9 en 1949 dans le southside de Chicago, transforme un atelier po\u00e9tique\" \/>\n<meta name=\"robots\" content=\"index, follow, max-snippet:-1, max-image-preview:large, max-video-preview:-1\" \/>\n<link rel=\"canonical\" href=\"https:\/\/slams.fr\/blog\/actualites-du-slam\/lhistoire-du-slam-poesie-de-chicago-a-la-scene-mondiale\/\" \/>\n<meta property=\"og:locale\" content=\"fr_FR\" \/>\n<meta property=\"og:type\" content=\"article\" \/>\n<meta property=\"og:title\" content=\"L&#039;histoire du slam po\u00e9sie : de Chicago \u00e0 la sc\u00e8ne mondiale\" \/>\n<meta property=\"og:description\" content=\"Nous remontons \u00e0 juillet 1986, lorsque Marc Kelly Smith, entrepreneur en b\u00e2timent n\u00e9 en 1949 dans le southside de Chicago, transforme un atelier po\u00e9tique\" \/>\n<meta property=\"og:url\" content=\"https:\/\/slams.fr\/blog\/actualites-du-slam\/lhistoire-du-slam-poesie-de-chicago-a-la-scene-mondiale\/\" \/>\n<meta property=\"og:site_name\" content=\"slams\" \/>\n<meta property=\"og:image\" content=\"https:\/\/slams.fr\/blog\/wp-content\/uploads\/2025\/12\/pag-image-693be29986dff-scaled.png\" \/>\n\t<meta property=\"og:image:width\" content=\"1200\" \/>\n\t<meta property=\"og:image:height\" content=\"686\" \/>\n\t<meta property=\"og:image:type\" content=\"image\/png\" \/>\n<meta name=\"author\" content=\"Rapha\u00ebl D.\" \/>\n<meta name=\"twitter:card\" content=\"summary_large_image\" \/>\n<script type=\"application\/ld+json\" class=\"yoast-schema-graph\">{\"@context\":\"https:\/\/schema.org\",\"@graph\":[{\"@type\":\"NewsArticle\",\"@id\":\"https:\/\/slams.fr\/blog\/actualites-du-slam\/lhistoire-du-slam-poesie-de-chicago-a-la-scene-mondiale\/#article\",\"isPartOf\":{\"@id\":\"https:\/\/slams.fr\/blog\/actualites-du-slam\/lhistoire-du-slam-poesie-de-chicago-a-la-scene-mondiale\/\"},\"author\":{\"name\":\"Rapha\u00ebl D.\",\"@id\":\"https:\/\/slams.fr\/blog\/#\/schema\/person\/3c864cdc320801e3db34b663e7e3f816\"},\"headline\":\"L&rsquo;histoire du slam po\u00e9sie : de Chicago \u00e0 la sc\u00e8ne mondiale\",\"datePublished\":\"2026-01-15T08:20:00+00:00\",\"mainEntityOfPage\":{\"@id\":\"https:\/\/slams.fr\/blog\/actualites-du-slam\/lhistoire-du-slam-poesie-de-chicago-a-la-scene-mondiale\/\"},\"wordCount\":1542,\"commentCount\":0,\"publisher\":{\"@id\":\"https:\/\/slams.fr\/blog\/#organization\"},\"image\":{\"@id\":\"https:\/\/slams.fr\/blog\/actualites-du-slam\/lhistoire-du-slam-poesie-de-chicago-a-la-scene-mondiale\/#primaryimage\"},\"thumbnailUrl\":\"https:\/\/slams.fr\/blog\/wp-content\/uploads\/2025\/12\/pag-image-693be29986dff-scaled.png\",\"keywords\":[\"chicago origines\",\"scne mondiale\",\"slam posie\"],\"articleSection\":[\"Actualit\u00e9s du Slam\"],\"inLanguage\":\"fr-FR\",\"potentialAction\":[{\"@type\":\"CommentAction\",\"name\":\"Comment\",\"target\":[\"https:\/\/slams.fr\/blog\/actualites-du-slam\/lhistoire-du-slam-poesie-de-chicago-a-la-scene-mondiale\/#respond\"]}]},{\"@type\":\"WebPage\",\"@id\":\"https:\/\/slams.fr\/blog\/actualites-du-slam\/lhistoire-du-slam-poesie-de-chicago-a-la-scene-mondiale\/\",\"url\":\"https:\/\/slams.fr\/blog\/actualites-du-slam\/lhistoire-du-slam-poesie-de-chicago-a-la-scene-mondiale\/\",\"name\":\"L'histoire du slam po\u00e9sie : de Chicago \u00e0 la sc\u00e8ne mondiale\",\"isPartOf\":{\"@id\":\"https:\/\/slams.fr\/blog\/#website\"},\"primaryImageOfPage\":{\"@id\":\"https:\/\/slams.fr\/blog\/actualites-du-slam\/lhistoire-du-slam-poesie-de-chicago-a-la-scene-mondiale\/#primaryimage\"},\"image\":{\"@id\":\"https:\/\/slams.fr\/blog\/actualites-du-slam\/lhistoire-du-slam-poesie-de-chicago-a-la-scene-mondiale\/#primaryimage\"},\"thumbnailUrl\":\"https:\/\/slams.fr\/blog\/wp-content\/uploads\/2025\/12\/pag-image-693be29986dff-scaled.png\",\"datePublished\":\"2026-01-15T08:20:00+00:00\",\"description\":\"Nous remontons \u00e0 juillet 1986, lorsque Marc Kelly Smith, entrepreneur en b\u00e2timent n\u00e9 en 1949 dans le southside de Chicago, transforme un atelier po\u00e9tique\",\"inLanguage\":\"fr-FR\",\"potentialAction\":[{\"@type\":\"ReadAction\",\"target\":[\"https:\/\/slams.fr\/blog\/actualites-du-slam\/lhistoire-du-slam-poesie-de-chicago-a-la-scene-mondiale\/\"]}]},{\"@type\":\"ImageObject\",\"inLanguage\":\"fr-FR\",\"@id\":\"https:\/\/slams.fr\/blog\/actualites-du-slam\/lhistoire-du-slam-poesie-de-chicago-a-la-scene-mondiale\/#primaryimage\",\"url\":\"https:\/\/slams.fr\/blog\/wp-content\/uploads\/2025\/12\/pag-image-693be29986dff-scaled.png\",\"contentUrl\":\"https:\/\/slams.fr\/blog\/wp-content\/uploads\/2025\/12\/pag-image-693be29986dff-scaled.png\",\"width\":1200,\"height\":686,\"caption\":\"Image g\u00e9n\u00e9r\u00e9e par IA optimis\u00e9e pour Google Discover\"},{\"@type\":\"WebSite\",\"@id\":\"https:\/\/slams.fr\/blog\/#website\",\"url\":\"https:\/\/slams.fr\/blog\/\",\"name\":\"slams.fr\",\"description\":\"Slams, l&#039;\u00e9nergie des mots en action\",\"publisher\":{\"@id\":\"https:\/\/slams.fr\/blog\/#organization\"},\"alternateName\":\"Slams, l'\u00e9nergie des mots en action\",\"potentialAction\":[{\"@type\":\"SearchAction\",\"target\":{\"@type\":\"EntryPoint\",\"urlTemplate\":\"https:\/\/slams.fr\/blog\/?s={search_term_string}\"},\"query-input\":{\"@type\":\"PropertyValueSpecification\",\"valueRequired\":true,\"valueName\":\"search_term_string\"}}],\"inLanguage\":\"fr-FR\"},{\"@type\":\"Organization\",\"@id\":\"https:\/\/slams.fr\/blog\/#organization\",\"name\":\"Foretsensations.fr\",\"url\":\"https:\/\/slams.fr\/blog\/\",\"logo\":{\"@type\":\"ImageObject\",\"inLanguage\":\"fr-FR\",\"@id\":\"https:\/\/slams.fr\/blog\/#\/schema\/logo\/image\/\",\"url\":\"https:\/\/slams.fr\/blog\/wp-content\/uploads\/2026\/07\/logo-auto-1.png\",\"contentUrl\":\"https:\/\/slams.fr\/blog\/wp-content\/uploads\/2026\/07\/logo-auto-1.png\",\"width\":1024,\"height\":1024,\"caption\":\"Foretsensations.fr\"},\"image\":{\"@id\":\"https:\/\/slams.fr\/blog\/#\/schema\/logo\/image\/\"}},{\"@type\":\"Person\",\"@id\":\"https:\/\/slams.fr\/blog\/#\/schema\/person\/3c864cdc320801e3db34b663e7e3f816\",\"name\":\"Rapha\u00ebl D.\",\"image\":{\"@type\":\"ImageObject\",\"inLanguage\":\"fr-FR\",\"@id\":\"https:\/\/slams.fr\/blog\/#\/schema\/person\/image\/\",\"url\":\"https:\/\/slams.fr\/blog\/wp-content\/uploads\/2026\/06\/persona_raphael-d-96x96.jpg\",\"contentUrl\":\"https:\/\/slams.fr\/blog\/wp-content\/uploads\/2026\/06\/persona_raphael-d-96x96.jpg\",\"caption\":\"Rapha\u00ebl D.\"},\"description\":\"La culture est mon terrain de jeu depuis une dizaine d'ann\u00e9es : arts visuels, s\u00e9ries, cr\u00e9ation et tout ce qui nourrit l'imaginaire. J'\u00e9cris aussi bien sur l'actualit\u00e9 des \u0153uvres que sur les coulisses de la cr\u00e9ation, avec l'envie de relier l'amateur curieux \u00e0 des univers parfois jug\u00e9s intimidants. J'aime analyser une s\u00e9rie ou une d\u00e9marche artistique sans p\u00e9dantisme, replacer une \u0153uvre dans son contexte et donner des cl\u00e9s de lecture accessibles. Avant de publier, je v\u00e9rifie mes r\u00e9f\u00e9rences, je recoupe les sources et je distingue clairement le fait de mon interpr\u00e9tation subjective. Je crois qu'une critique vaut surtout par les arguments qu'elle expose, pas par la sentence qu'elle rend. Mon angle : transmettre l'envie de d\u00e9couvrir, de regarder autrement et de se forger son propre go\u00fbt. La culture n'appartient pas qu'aux initi\u00e9s, et c'est tout l'enjeu de mon \u00e9criture.\",\"url\":\"https:\/\/slams.fr\/blog\/auteur\/raphael-d\/\",\"jobTitle\":\"R\u00e9dacteur en chef \u00b7 Culture & Cr\u00e9ation\",\"knowsAbout\":[\"Culture\",\"Cr\u00e9ation\"],\"email\":\"raphael.d@a-l-asso-de-l-art.fr\"}]}<\/script>\n<!-- \/ Yoast SEO Premium plugin. -->","yoast_head_json":{"title":"L'histoire du slam po\u00e9sie : de Chicago \u00e0 la sc\u00e8ne mondiale","description":"Nous remontons \u00e0 juillet 1986, lorsque Marc Kelly Smith, entrepreneur en b\u00e2timent n\u00e9 en 1949 dans le southside de Chicago, transforme un atelier po\u00e9tique","robots":{"index":"index","follow":"follow","max-snippet":"max-snippet:-1","max-image-preview":"max-image-preview:large","max-video-preview":"max-video-preview:-1"},"canonical":"https:\/\/slams.fr\/blog\/actualites-du-slam\/lhistoire-du-slam-poesie-de-chicago-a-la-scene-mondiale\/","og_locale":"fr_FR","og_type":"article","og_title":"L'histoire du slam po\u00e9sie : de Chicago \u00e0 la sc\u00e8ne mondiale","og_description":"Nous remontons \u00e0 juillet 1986, lorsque Marc Kelly Smith, entrepreneur en b\u00e2timent n\u00e9 en 1949 dans le southside de Chicago, transforme un atelier po\u00e9tique","og_url":"https:\/\/slams.fr\/blog\/actualites-du-slam\/lhistoire-du-slam-poesie-de-chicago-a-la-scene-mondiale\/","og_site_name":"slams","og_image":[{"width":1200,"height":686,"url":"https:\/\/slams.fr\/blog\/wp-content\/uploads\/2025\/12\/pag-image-693be29986dff-scaled.png","type":"image\/png"}],"author":"Rapha\u00ebl D.","twitter_card":"summary_large_image","schema":{"@context":"https:\/\/schema.org","@graph":[{"@type":"NewsArticle","@id":"https:\/\/slams.fr\/blog\/actualites-du-slam\/lhistoire-du-slam-poesie-de-chicago-a-la-scene-mondiale\/#article","isPartOf":{"@id":"https:\/\/slams.fr\/blog\/actualites-du-slam\/lhistoire-du-slam-poesie-de-chicago-a-la-scene-mondiale\/"},"author":{"name":"Rapha\u00ebl D.","@id":"https:\/\/slams.fr\/blog\/#\/schema\/person\/3c864cdc320801e3db34b663e7e3f816"},"headline":"L&rsquo;histoire du slam po\u00e9sie : de Chicago \u00e0 la sc\u00e8ne mondiale","datePublished":"2026-01-15T08:20:00+00:00","mainEntityOfPage":{"@id":"https:\/\/slams.fr\/blog\/actualites-du-slam\/lhistoire-du-slam-poesie-de-chicago-a-la-scene-mondiale\/"},"wordCount":1542,"commentCount":0,"publisher":{"@id":"https:\/\/slams.fr\/blog\/#organization"},"image":{"@id":"https:\/\/slams.fr\/blog\/actualites-du-slam\/lhistoire-du-slam-poesie-de-chicago-a-la-scene-mondiale\/#primaryimage"},"thumbnailUrl":"https:\/\/slams.fr\/blog\/wp-content\/uploads\/2025\/12\/pag-image-693be29986dff-scaled.png","keywords":["chicago origines","scne mondiale","slam posie"],"articleSection":["Actualit\u00e9s du Slam"],"inLanguage":"fr-FR","potentialAction":[{"@type":"CommentAction","name":"Comment","target":["https:\/\/slams.fr\/blog\/actualites-du-slam\/lhistoire-du-slam-poesie-de-chicago-a-la-scene-mondiale\/#respond"]}]},{"@type":"WebPage","@id":"https:\/\/slams.fr\/blog\/actualites-du-slam\/lhistoire-du-slam-poesie-de-chicago-a-la-scene-mondiale\/","url":"https:\/\/slams.fr\/blog\/actualites-du-slam\/lhistoire-du-slam-poesie-de-chicago-a-la-scene-mondiale\/","name":"L'histoire du slam po\u00e9sie : de Chicago \u00e0 la sc\u00e8ne mondiale","isPartOf":{"@id":"https:\/\/slams.fr\/blog\/#website"},"primaryImageOfPage":{"@id":"https:\/\/slams.fr\/blog\/actualites-du-slam\/lhistoire-du-slam-poesie-de-chicago-a-la-scene-mondiale\/#primaryimage"},"image":{"@id":"https:\/\/slams.fr\/blog\/actualites-du-slam\/lhistoire-du-slam-poesie-de-chicago-a-la-scene-mondiale\/#primaryimage"},"thumbnailUrl":"https:\/\/slams.fr\/blog\/wp-content\/uploads\/2025\/12\/pag-image-693be29986dff-scaled.png","datePublished":"2026-01-15T08:20:00+00:00","description":"Nous remontons \u00e0 juillet 1986, lorsque Marc Kelly Smith, entrepreneur en b\u00e2timent n\u00e9 en 1949 dans le southside de Chicago, transforme un atelier po\u00e9tique","inLanguage":"fr-FR","potentialAction":[{"@type":"ReadAction","target":["https:\/\/slams.fr\/blog\/actualites-du-slam\/lhistoire-du-slam-poesie-de-chicago-a-la-scene-mondiale\/"]}]},{"@type":"ImageObject","inLanguage":"fr-FR","@id":"https:\/\/slams.fr\/blog\/actualites-du-slam\/lhistoire-du-slam-poesie-de-chicago-a-la-scene-mondiale\/#primaryimage","url":"https:\/\/slams.fr\/blog\/wp-content\/uploads\/2025\/12\/pag-image-693be29986dff-scaled.png","contentUrl":"https:\/\/slams.fr\/blog\/wp-content\/uploads\/2025\/12\/pag-image-693be29986dff-scaled.png","width":1200,"height":686,"caption":"Image g\u00e9n\u00e9r\u00e9e par IA optimis\u00e9e pour Google Discover"},{"@type":"WebSite","@id":"https:\/\/slams.fr\/blog\/#website","url":"https:\/\/slams.fr\/blog\/","name":"slams.fr","description":"Slams, l&#039;\u00e9nergie des mots en action","publisher":{"@id":"https:\/\/slams.fr\/blog\/#organization"},"alternateName":"Slams, l'\u00e9nergie des mots en action","potentialAction":[{"@type":"SearchAction","target":{"@type":"EntryPoint","urlTemplate":"https:\/\/slams.fr\/blog\/?s={search_term_string}"},"query-input":{"@type":"PropertyValueSpecification","valueRequired":true,"valueName":"search_term_string"}}],"inLanguage":"fr-FR"},{"@type":"Organization","@id":"https:\/\/slams.fr\/blog\/#organization","name":"Foretsensations.fr","url":"https:\/\/slams.fr\/blog\/","logo":{"@type":"ImageObject","inLanguage":"fr-FR","@id":"https:\/\/slams.fr\/blog\/#\/schema\/logo\/image\/","url":"https:\/\/slams.fr\/blog\/wp-content\/uploads\/2026\/07\/logo-auto-1.png","contentUrl":"https:\/\/slams.fr\/blog\/wp-content\/uploads\/2026\/07\/logo-auto-1.png","width":1024,"height":1024,"caption":"Foretsensations.fr"},"image":{"@id":"https:\/\/slams.fr\/blog\/#\/schema\/logo\/image\/"}},{"@type":"Person","@id":"https:\/\/slams.fr\/blog\/#\/schema\/person\/3c864cdc320801e3db34b663e7e3f816","name":"Rapha\u00ebl D.","image":{"@type":"ImageObject","inLanguage":"fr-FR","@id":"https:\/\/slams.fr\/blog\/#\/schema\/person\/image\/","url":"https:\/\/slams.fr\/blog\/wp-content\/uploads\/2026\/06\/persona_raphael-d-96x96.jpg","contentUrl":"https:\/\/slams.fr\/blog\/wp-content\/uploads\/2026\/06\/persona_raphael-d-96x96.jpg","caption":"Rapha\u00ebl D."},"description":"La culture est mon terrain de jeu depuis une dizaine d'ann\u00e9es : arts visuels, s\u00e9ries, cr\u00e9ation et tout ce qui nourrit l'imaginaire. J'\u00e9cris aussi bien sur l'actualit\u00e9 des \u0153uvres que sur les coulisses de la cr\u00e9ation, avec l'envie de relier l'amateur curieux \u00e0 des univers parfois jug\u00e9s intimidants. J'aime analyser une s\u00e9rie ou une d\u00e9marche artistique sans p\u00e9dantisme, replacer une \u0153uvre dans son contexte et donner des cl\u00e9s de lecture accessibles. Avant de publier, je v\u00e9rifie mes r\u00e9f\u00e9rences, je recoupe les sources et je distingue clairement le fait de mon interpr\u00e9tation subjective. Je crois qu'une critique vaut surtout par les arguments qu'elle expose, pas par la sentence qu'elle rend. Mon angle : transmettre l'envie de d\u00e9couvrir, de regarder autrement et de se forger son propre go\u00fbt. La culture n'appartient pas qu'aux initi\u00e9s, et c'est tout l'enjeu de mon \u00e9criture.","url":"https:\/\/slams.fr\/blog\/auteur\/raphael-d\/","jobTitle":"R\u00e9dacteur en chef \u00b7 Culture & Cr\u00e9ation","knowsAbout":["Culture","Cr\u00e9ation"],"email":"raphael.d@a-l-asso-de-l-art.fr"}]}},"_links":{"self":[{"href":"https:\/\/slams.fr\/blog\/wp-json\/wp\/v2\/posts\/7686","targetHints":{"allow":["GET"]}}],"collection":[{"href":"https:\/\/slams.fr\/blog\/wp-json\/wp\/v2\/posts"}],"about":[{"href":"https:\/\/slams.fr\/blog\/wp-json\/wp\/v2\/types\/post"}],"author":[{"embeddable":true,"href":"https:\/\/slams.fr\/blog\/wp-json\/wp\/v2\/users\/34"}],"replies":[{"embeddable":true,"href":"https:\/\/slams.fr\/blog\/wp-json\/wp\/v2\/comments?post=7686"}],"version-history":[{"count":1,"href":"https:\/\/slams.fr\/blog\/wp-json\/wp\/v2\/posts\/7686\/revisions"}],"predecessor-version":[{"id":7758,"href":"https:\/\/slams.fr\/blog\/wp-json\/wp\/v2\/posts\/7686\/revisions\/7758"}],"wp:featuredmedia":[{"embeddable":true,"href":"https:\/\/slams.fr\/blog\/wp-json\/wp\/v2\/media\/7690"}],"wp:attachment":[{"href":"https:\/\/slams.fr\/blog\/wp-json\/wp\/v2\/media?parent=7686"}],"wp:term":[{"taxonomy":"category","embeddable":true,"href":"https:\/\/slams.fr\/blog\/wp-json\/wp\/v2\/categories?post=7686"},{"taxonomy":"post_tag","embeddable":true,"href":"https:\/\/slams.fr\/blog\/wp-json\/wp\/v2\/tags?post=7686"}],"curies":[{"name":"wp","href":"https:\/\/api.w.org\/{rel}","templated":true}]}}