{"id":7687,"date":"2026-01-19T09:12:00","date_gmt":"2026-01-19T08:12:00","guid":{"rendered":"https:\/\/slams.fr\/blog\/?p=7687"},"modified":"2026-01-19T09:12:00","modified_gmt":"2026-01-19T08:12:00","slug":"comment-le-slam-de-poesie-est-ne-origines-principes-et-essor-en-france","status":"publish","type":"post","link":"https:\/\/slams.fr\/blog\/actualites-du-slam\/comment-le-slam-de-poesie-est-ne-origines-principes-et-essor-en-france\/","title":{"rendered":"Comment le slam de po\u00e9sie est n\u00e9 : origines, principes et essor en France"},"content":{"rendered":"<h1>Exemple de Slam Facile : Guide Complet pour D\u00e9butants en Po\u00e9sie Urbaine<\/h1>\n<h2>Qu\u2019est-ce que le slam ? Origines, principes et essor en France<\/h2>\n<p>Le <strong>slam de po\u00e9sie<\/strong> d\u00e9signe une forme de <u>po\u00e9sie orale perform\u00e9e en public, sans musique, avec un texte dit \u00e0 voix haute<\/u>. Le mouvement na\u00eet au d\u00e9but des ann\u00e9es 1980, \u00e0 <strong>Chicago<\/strong>, lorsqu\u2019en <strong>1984<\/strong> environ, <strong>Marc Smith, po\u00e8te et ouvrier du b\u00e2timent<\/strong>, organise des soir\u00e9es de po\u00e9sie interactives o\u00f9 le public juge les prestations. Le terme \u201cslam\u201d renvoie \u00e0 l\u2019id\u00e9e de \u201cclaquer\u201d les mots, de les projeter, avec \u00e9nergie et sinc\u00e9rit\u00e9. Quelques ann\u00e9es plus tard, le format se r\u00e9pand \u00e0 <strong>New York<\/strong>, puis en <strong>Europe<\/strong>.<\/p>\n<p>En <strong>France<\/strong>, le slam prend forme dans les ann\u00e9es <strong>1990<\/strong>, notamment \u00e0 <strong>Paris<\/strong>, avec des sc\u00e8nes ouvertes organis\u00e9es dans des lieux embl\u00e9matiques comme des caves de jazz ou des bars, \u00e0 l\u2019image de ce qui s\u2019est fait autour du quartier de <strong>Saint-Michel<\/strong> ou de la <strong>rive gauche<\/strong>. Des collectifs et associations, tels que <strong>Spoken Word Paris<\/strong> ou des sc\u00e8nes en r\u00e9gion comme \u00e0 <strong>Nanterre, Lyon, Marseille<\/strong>, structurent peu \u00e0 peu le mouvement. Selon les structures de m\u00e9diation culturelle, on compte aujourd\u2019hui <u>plus de 200 sc\u00e8nes slam actives en France en 2023<\/u>, souvent mensuelles, anim\u00e9es par des collectifs locaux et soutenues par des maisons de quartier, MJC ou m\u00e9diath\u00e8ques.<\/p>\n<p>Le slam se distingue de la <strong>po\u00e9sie classique<\/strong>\u202f: il ne demande ni forme fixe, ni rime obligatoire, ni m\u00e8tre r\u00e9gulier. La r\u00e8gle la plus r\u00e9pandue en comp\u00e9tition internationale fixe une <u>dur\u00e9e de performance de 3 minutes maximum<\/u>, sans accessoire, ni musique, ni costume. L\u2019accent est mis sur\u202f:<\/p>\n<ul>\n<li>la <strong>libert\u00e9 de forme<\/strong>\u202f: prose rythm\u00e9e, vers libres, textes narratifs ou manifestes\u202f;<\/li>\n<li>le <strong>rythme oral<\/strong>\u202f: d\u00e9bit, silences, accentuation des mots\u202f;<\/li>\n<li>l\u2019<strong>\u00e9motion<\/strong> et la <strong>v\u00e9rit\u00e9 personnelle<\/strong>\u202f: parler de sa vie, de la ville, des injustices, de l\u2019amour\u202f;<\/li>\n<li>la <strong>relation au public<\/strong>\u202f: regard, \u00e9nergie, \u00e9coute r\u00e9ciproque.<\/li>\n<\/ul>\n<p>Pour rendre ces principes concrets, nous pouvons \u00e9voquer un court extrait typique d\u2019un slam francophone inspir\u00e9 de textes recueillis dans des ateliers \u00e0 <strong>Nanterre<\/strong> en <strong>2020<\/strong>\u202f: \u202f<strong>J\u2019avance dans la ville, b\u00e9ton battant, c\u0153ur tremblant, mais ma voix, elle, reste debout<\/strong>\u202f?. Ici, aucune rime obligatoire, mais un <u>rythme interne<\/u>, un vocabulaire simple, un \u201cje\u201d affirm\u00e9, et l\u2019id\u00e9e de tenir bon, qui r\u00e9sument bien l\u2019esprit du slam accessible.<\/p>\n<h2>Comment \u00e9crire un slam facile en 4 \u00e9tapes simples<\/h2>\n<p>Les formateurs comme <strong>Marc Olivier<\/strong>, auteur et p\u00e9dagogue bas\u00e9 au <strong>Qu\u00e9bec<\/strong>, proposent une m\u00e9thode en <u>4 \u00e9tapes claires<\/u> pour d\u00e9buter\u202f: rel\u00e2cher la pression, choisir un th\u00e8me, cr\u00e9er un champ lexical, puis structurer des phrases. Cette approche rejoint des pratiques d\u2019ateliers men\u00e9s dans des coll\u00e8ges et lyc\u00e9es, en particulier dans les projets \u201c<strong>Vive le slam !<\/strong>\u201d de l\u2019<strong>ICEM P\u00e9dagogie Freinet<\/strong>.<\/p>\n<ul>\n<li><strong>1. Enlever la pression de la perfection<\/strong>\u202f: nous partons d\u2019un <u>premier jet brut<\/u>, sans nous censurer. L\u2019objectif est de remplir la page, pas de produire tout de suite un texte \u201cparfait\u201d. Nous pouvons nous donner 5 minutes pour \u00e9crire tout ce qui vient sur un sujet donn\u00e9, sans revenir en arri\u00e8re.<\/li>\n<li><strong>2. Choisir un th\u00e8me clair<\/strong>\u202f: paix, violence, amour, amiti\u00e9, ville, libert\u00e9\u2026 La plateforme \u00e9ducative <strong>Superprof<\/strong>, sp\u00e9cialis\u00e9e dans les cours particuliers, recommande justement de d\u00e9buter avec un sujet qui nous touche personnellement, par exemple la <strong>paix int\u00e9rieure<\/strong> ou la <strong>violence sociale<\/strong>.<\/li>\n<li><strong>3. Cr\u00e9er un champ lexical<\/strong>\u202f: suivant la d\u00e9finition rappel\u00e9e dans plusieurs tutos vid\u00e9o de slam, le <u>champ lexical<\/u> est un ensemble de mots reli\u00e9s \u00e0 un m\u00eame th\u00e8me. Nous visons au moins <u>10 mots associ\u00e9s<\/u>. Pour \u201cviolence\u201d, on note\u202f: brutalit\u00e9, agression, cris, coups, rupture, peur, fuite, rage, sir\u00e8nes, nuit.<\/li>\n<li><strong>4. Transformer les mots en phrases et en vers<\/strong>\u202f: nous relions ces mots en phrases courtes, puis nous allons \u00e0 la ligne pour cr\u00e9er des vers, sans obligation de rime. Nous pouvons ensuite regrouper ces vers en blocs de 4 \u00e0 8 lignes pour former un texte d\u20191 \u00e0 3 minutes.<\/li>\n<\/ul>\n<p>Nous pouvons nous inspirer de la d\u00e9marche de <strong>Victor Hugo, \u00e9crivain fran\u00e7ais du XIX\u1d49 si\u00e8cle<\/strong>, dans le po\u00e8me <strong>\u202fDemain, d\u00e8s l\u2019aube\u202f?<\/strong> publi\u00e9 en <strong>1856<\/strong>, o\u00f9 il d\u00e9crit un cheminement \u00e0 travers la nature pour parler du deuil. Les ateliers de slam se servent souvent de cet extrait pour montrer comment un champ lexical (\u201ccampagne, for\u00eat, montagne, route\u201d) permet de b\u00e2tir une atmosph\u00e8re forte.<\/p>\n<p>Voici un exemple complet, \u00e0 partir du mot <strong>\u202fpaix\u202f?<\/strong>\u202f:<\/p>\n<ul>\n<li><strong>Boule de mots (champ lexical de \u201cpaix\u201d)<\/strong>\u202f: calme, silence, respiration, lumi\u00e8re, matin, sourire, blessures, gu\u00e9rison, refuge, horizon, ciel, douceur, tr\u00eave, main tendue.<\/li>\n<li><strong>Texte de slam facile \u2013 10 lignes<\/strong>\u202f:<br \/>\n        \u202fJe cherche la paix, quelque part entre deux respirations,<br \/>\n        Dans le silence du matin, loin des notifications,<br \/>\n        Ma t\u00eate est une ville en travaux, mais mon c\u0153ur veut la tr\u00eave,<br \/>\n        Je recolle mes blessures comme on recolle un vieux r\u00eave.<br \/>\n        Une main tendue, et la temp\u00eate ralentit,<br \/>\n        Je range mes col\u00e8res, une \u00e0 une, dans le placard de la nuit,<br \/>\n        Je marche vers l\u2019horizon, au rythme de ma propre lumi\u00e8re,<br \/>\n        Chaque battement me r\u00e9p\u00e8te\u202f: \u201ctu peux faire taire la guerre\u201d,<br \/>\n        Alors je ferme les yeux, je respire, je laisse tomber les armes,<br \/>\n        Aujourd\u2019hui, ma plus grande victoire, c\u2019est d\u2019\u00e9couter mon \u00e2me.\u202f?<\/li>\n<\/ul>\n<p>Nous conseillons aux lecteurs de r\u00e9aliser un premier exercice imm\u00e9diat\u202f: choisir un mot (amour, peur, \u00e9cole, travail), \u00e9crire une liste de 15 mots associ\u00e9s, puis composer un texte de 8 \u00e0 12 lignes, en acceptant que ce soit une \u00e9bauche. Cette mani\u00e8re de faire, valid\u00e9e dans les ateliers d\u2019\u00e9criture de l\u2019<strong>Organisation internationale de la Francophonie<\/strong> \u00e0 partir de <strong>2018<\/strong>, permet de d\u00e9passer rapidement le blocage de la page blanche.<\/p>\n<h2>Exemples de slams faciles \u00e0 reproduire pour d\u00e9butants<\/h2>\n<p>Pour aider \u00e0 visualiser ce que peut \u00eatre un <strong>exemple de slam facile<\/strong>, nous nous appuyons sur des th\u00e9matiques fr\u00e9quentes en ateliers universitaires, notamment ceux men\u00e9s \u00e0 l\u2019<strong>Universit\u00e9 Paris-Saclay<\/strong> durant les ann\u00e9es <strong>2020-2021<\/strong>. Nous gardons des textes courts, au vocabulaire accessible, que chacun peut adapter.<\/p>\n<ul>\n<li><strong>Slam sur la vie quotidienne, en ville<\/strong><br \/>\n        Th\u00e8me\u202f: rythme urbain, transports, fatigue et humour.<br \/>\n        Texte\u202f:<br \/>\n        \u202fMoi, \u00e0 <strong>Paris<\/strong>, j\u2019perds pas mon temps, en deux temps, trois mouvements,<br \/>\n        M\u00e9tro, boulot, pens\u00e9es qui courent plus vite que le RER B grin\u00e7ant,<br \/>\n        Entre deux stations, j\u2019\u00e9cris ma vie sur l\u2019\u00e9cran sale des vitres,<br \/>\n        Les pubs crient plus fort que moi, mais ce soir, c\u2019est moi qui titre.<br \/>\n        Mon caf\u00e9 refroidit, ma patience aussi,<br \/>\n        Mais mon stylo se r\u00e9veille quand la ville s\u2019assombrit,<br \/>\n        Sous les n\u00e9ons du soir, je redeviens vivant,<br \/>\n        Moi \u00e0 <strong>Paris<\/strong>, j\u2019perds pas mon temps, j\u2019le transforme en mots, tout simplement.\u202f?<br \/>\n        Conseil de performance\u202f: marquer les temps \u201cMoi, \u00e0 Paris\u201d et \u201cj\u2019perds pas mon temps\u201d avec un geste de la main, une l\u00e9g\u00e8re pause, pour installer le refrain.<\/li>\n<li><strong>Slam sur les r\u00eaves, inspir\u00e9 de pratiques Freinet<\/strong><br \/>\n        Th\u00e8me\u202f: avenir, imagination, \u00e9cole.<br \/>\n        Texte\u202f:<br \/>\n        \u202f\u00c0 <strong>Nanterre<\/strong>, on me dit\u202f: \u201cr\u00e9veille-toi, c\u2019est l\u2019heure du contr\u00f4le\u201d,<br \/>\n        Mais dans ma t\u00eate, je construis des mondes sans plafond ni protocole,<br \/>\n        Mes r\u00eaves tiennent sur une feuille A4, marges impos\u00e9es,<br \/>\n        Alors que mon futur voudrait d\u00e9border de toutes les cases quadrill\u00e9es.<br \/>\n        On m\u2019parle de moyenne, de notes, de dossiers,<br \/>\n        Moi, je parle de galaxies, de plan\u00e8tes \u00e0 d\u00e9placer,<br \/>\n        Si je ferme les yeux, la salle de classe devient fus\u00e9e,<br \/>\n        Et chaque stylo pos\u00e9 sur la table est une \u00e9toile pr\u00eate \u00e0 briller.\u202f?<br \/>\n        Conseil\u202f: adopter un d\u00e9bit progressif, calme au d\u00e9but, plus intense aux vers o\u00f9 apparaissent les mots \u201cgalaxies\u201d, \u201cplan\u00e8tes\u201d, pour traduire l\u2019\u00e9l\u00e9vation.<\/li>\n<li><strong>Slam engag\u00e9 contre la violence<\/strong><br \/>\n        Th\u00e8me\u202f: violence urbaine, refus de la brutalit\u00e9.<br \/>\n        Texte\u202f:<br \/>\n        \u202fLes soirs de sir\u00e8nes, la ville retient son souffle,<br \/>\n        Les trottoirs se souviennent du bruit sec des gifles et des coups qui soufflent,<br \/>\n        On a grandi avec la rage accroch\u00e9e aux murs en b\u00e9ton,<br \/>\n        Mais \u00e0 force de crier plus fort, on a perdu le son de nos pr\u00e9noms.<br \/>\n        Moi, j\u2019veux une autre histoire pour mon quartier,<br \/>\n        O\u00f9 les poings se transforment en micros tendus sur des cahiers,<br \/>\n        La seule arme que j\u2019garde charg\u00e9e, c\u2019est mon stylo,<br \/>\n        Si tu cherches la bagarre, j\u2019te r\u00e9pondrai par un flot de mots.\u202f?<br \/>\n        Conseil\u202f: sur sc\u00e8ne, utiliser le regard, balayer la salle sur \u201ctu cherches la bagarre\u201d, puis ramener la main sur le c\u0153ur au moment de \u201cmon stylo\u201d.<\/li>\n<li><strong>Slam ludique sur l\u2019amiti\u00e9<\/strong><br \/>\n        Th\u00e8me\u202f: camaraderie, soutien, humour l\u00e9ger.<br \/>\n        Texte\u202f:<br \/>\n        \u202fOn n\u2019a pas la m\u00eame adresse, ni le m\u00eame pass\u00e9,<br \/>\n        Mais sur le banc du bus 92, on a r\u00e9\u00e9crit nos journ\u00e9es,<br \/>\n        Toi, tu r\u00e2les sur tout, moi, j\u2019me perds dans mes silences,<br \/>\n        Ensemble, on invente une troisi\u00e8me voie\u202f: l\u2019auto-d\u00e9rision en abondance.<br \/>\n        Quand tout s\u2019\u00e9croule, tu d\u00e9barques avec une blague mal calibr\u00e9e,<br \/>\n        Et bizarrement, c\u2019est toujours celle qui me fait le plus respirer,<br \/>\n        J\u2019ai pas besoin de grandes d\u00e9clarations ni de discours travaill\u00e9s,<br \/>\n        Juste de savoir qu\u2019\u00e0 2 h du mat\u2019, ton message s\u2019affichera \u201ct\u2019es o\u00f9, j\u2019peux passer\u202f?\u201d\u202f?<\/li>\n<li><strong>Slam personnel simple en moins de 3 minutes<\/strong><br \/>\n        Th\u00e8me\u202f: qu\u00eate de soi, passage \u00e0 l\u2019oral.<br \/>\n        Texte\u202f:<br \/>\n        \u202fOn m\u2019a dit toute ma vie\u202f: \u201cparle moins fort, parle plus juste\u201d,<br \/>\n        Alors j\u2019ai mis ma voix en mode silencieux, comme une appli qu\u2019on d\u00e9sinstalle au plus vite,<br \/>\n        Jusqu\u2019au jour o\u00f9, dans un bar de <strong>Lyon<\/strong>, on m\u2019a tendu un micro fatigu\u00e9,<br \/>\n        Trois minutes pour dire qui je suis, sans filtre, sans CV.<br \/>\n        Mes mains tremblaient plus vite que mon d\u00e9bit,<br \/>\n        Mais chaque mot pos\u00e9 au sol faisait reculer la nuit,<br \/>\n        J\u2019ai compris ce soir-l\u00e0, au milieu des inconnus,<br \/>\n        Que ma v\u00e9rit\u00e9 valait autant qu\u2019un discours bien vendu.<br \/>\n        Depuis, je garde dans ma poche un texte froiss\u00e9,<br \/>\n        Au cas o\u00f9 la vie me redemanderait\u202f: \u201cet toi, t\u2019as quelque chose \u00e0 slamer\u202f?\u201d\u202f?<\/li>\n<\/ul>\n<p>Ces textes restent volontairement accessibles, avec un lexique courant et une structure lin\u00e9aire. Nous conseillons aux d\u00e9butants de les lire \u00e0 voix haute, de les enregistrer avec un smartphone, puis de rep\u00e9rer o\u00f9 placer les silences et les acc\u00e9l\u00e9rations pour construire peu \u00e0 peu une pr\u00e9sence sc\u00e9nique.<\/p>\n<h2>Styles de slam et po\u00e8tes embl\u00e9matiques<\/h2>\n<p>Le paysage du slam francophone s\u2019est structur\u00e9 autour de plusieurs <strong>styles<\/strong>, incarn\u00e9s par des figures rep\u00e8res. Nous pensons notamment \u00e0 <strong>Grand Corps Malade, auteur et slameur fran\u00e7ais<\/strong> r\u00e9v\u00e9l\u00e9 en <strong>2006<\/strong> avec l\u2019album <strong>\u202fMidi 20\u202f?<\/strong>, qui cumule plus de <u>200 millions de vues sur YouTube<\/u> pour ses principaux titres, ou encore \u00e0 <strong>Saul Williams, po\u00e8te et musicien am\u00e9ricain<\/strong> associ\u00e9 aux sc\u00e8nes de <strong>New York<\/strong>. Ces artistes ont largement contribu\u00e9 \u00e0 populariser le slam aupr\u00e8s du grand public.<\/p>\n<p>On distingue notamment quatre grandes approches, souvent combin\u00e9es dans les sc\u00e8nes actuelles\u202f:<\/p>\n<ul>\n<li><strong>Slam engag\u00e9<\/strong>\u202f: textes centr\u00e9s sur les injustices sociales, les discriminations, la politique, le racisme. <strong>Grand Corps Malade<\/strong> en est une figure centrale en France, avec des morceaux comme \u202f<strong>Rom\u00e9o Kiffe Juliette<\/strong>?. Le <u>pouvoir \u00e9motionnel<\/u> de ce style repose sur le t\u00e9moignage, la d\u00e9nonciation, l\u2019appel \u00e0 la dignit\u00e9.<\/li>\n<li><strong>Slam ludique ou de rue<\/strong>\u202f: jeux de mots, humour, autod\u00e9rision, adresses directes au public, tr\u00e8s pr\u00e9sents sur les sc\u00e8nes de quartier, notamment \u00e0 <strong>Marseille<\/strong> ou <strong>Bruxelles<\/strong>. Ce style vise l\u2019accessibilit\u00e9 et la complicit\u00e9.<\/li>\n<li><strong>Slam narratif<\/strong>\u202f: proche du conte, il d\u00e9veloppe une histoire, un personnage. Des auteurs comme <strong>Marc Olivier, slameur et formateur<\/strong>, travaillent ce registre dans leurs ateliers, en insistant sur la structure en d\u00e9but\u2013milieu\u2013fin.<\/li>\n<li><strong>Slam rythmique \u201cmitraillette verbale\u201d<\/strong>\u202f: d\u00e9bit tr\u00e8s rapide, allit\u00e9rations, assonances. Certains performeurs francophones s\u2019inspirent des techniques du <strong>rap<\/strong> et du <strong>spoken word<\/strong> anglophone pour cr\u00e9er une <u>texture sonore dense<\/u>.<\/li>\n<\/ul>\n<p>Pour affiner la sensibilit\u00e9 \u00e0 la langue, les ateliers recommandent parfois de \u201cd\u00e9cortiquer\u201d les mots. Une vid\u00e9o p\u00e9dagogique cit\u00e9e dans plusieurs formations propose l\u2019exemple du verbe <strong>\u202fappr\u00e9cier\u202f?<\/strong>\u202f: on y extrait mentalement <u>\u202fpr\u00e8s\u202f?<\/u>, <u>\u202fpr\u00e9cis\u202f?<\/u>, <u>\u202fr\u00e9cit\u202f?<\/u>, <u>\u202fpr\u00e9cieux\u202f?<\/u>, ce qui permet de construire une phrase riche en \u00e9chos internes\u202f: \u202fApr\u00e8s avoir appr\u00e9ci\u00e9 ce r\u00e9cit pr\u00e9cieux, je me sens pr\u00eat \u00e0 poursuivre.\u202f? Ce type de jeu linguistique nourrit le style rythmique et renforce la musicalit\u00e9 du texte.<\/p>\n<p>\u00c0 l\u2019\u00e9chelle internationale, les comp\u00e9titions comme la <strong>Coupe du Monde de Po\u00e9sie Slam<\/strong>, organis\u00e9e \u00e0 <strong>Paris<\/strong> par des structures telles que <strong>Grand Slam Poetry<\/strong>, rassemblent chaque ann\u00e9e des d\u00e9l\u00e9gations de plusieurs dizaines de pays. On estime autour de <u>1,5 million de participants annuels \u00e0 des \u00e9v\u00e9nements slam dans le monde<\/u>, en comptant les sc\u00e8nes ouvertes locales, les festivals et les rencontres scolaires. \u00c0 notre avis, cette diversit\u00e9 de styles montre que chaque d\u00e9butant peut trouver une voie\u202f: r\u00e9cit intime, manifeste politique, humour ou performance technique.<\/p>\n<h2>Ma\u00eetriser la performance\u202f: rythme, respiration et connexion au public<\/h2>\n<p>\u00c9crire un texte ne suffit pas, le <strong>slam<\/strong> reste avant tout un <strong>art de la performance<\/strong>. Les formateurs comme <strong>Marc Olivier<\/strong>, dans ses vid\u00e9os p\u00e9dagogiques publi\u00e9es sur <strong>YouTube<\/strong> \u00e0 partir de <strong>2020<\/strong>, insistent sur la ma\u00eetrise de la <u>respiration<\/u> et du <u>rythme oral<\/u>. Plusieurs techniques simples sont facilement reproductibles chez soi, sans mat\u00e9riel, en quelques minutes par jour.<\/p>\n<ul>\n<li><strong>Respiration carr\u00e9e<\/strong>\u202f: inspirer 4 secondes, bloquer 4 secondes, expirer 4 secondes, rebloquer 4 secondes. Nous recommandons de pratiquer cet exercice <u>5 \u00e0 10 minutes par jour<\/u>. Cette m\u00e9thode, utilis\u00e9e en pr\u00e9paration sc\u00e9nique comme en gestion du stress, stabilise le d\u00e9bit de parole.<\/li>\n<li><strong>Expiration contr\u00f4l\u00e9e<\/strong>\u202f: inspirer profond\u00e9ment par le ventre, sur 1 seconde, puis expirer en soufflant et en comptant de 5 \u00e0 10 secondes. L\u2019objectif est de comprendre combien de mots nous pouvons prononcer sur un seul souffle, ce qui permet ensuite d\u2019organiser les phrases du texte.<\/li>\n<li><strong>Variation de rythme<\/strong>\u202f: alterner des s\u00e9quences rapides (\u202fta-ta-ta-ta\u202f?) et des phrases plus pos\u00e9es, avec des silences marqu\u00e9s. Les coachs de sc\u00e8ne estiment qu\u2019<u>environ 80\u202f% de l\u2019impact d\u2019un slam r\u00e9ussi repose sur l\u2019intonation, le rythme et le volume de la voix<\/u>, plus que sur la complexit\u00e9 des rimes.<\/li>\n<\/ul>\n<p>Pour ce qui concerne le langage corporel, des ateliers organis\u00e9s par l\u2019<strong>Organisation internationale de la Francophonie<\/strong> et des structures comme <strong>SceneActive, association culturelle suisse<\/strong>, montrent l\u2019int\u00e9r\u00eat de gestes simples et coh\u00e9rents\u202f: se pr\u00e9senter en disant \u202fJe m\u2019appelle\u2026\u202f? en accompagnant la phrase d\u2019une main pos\u00e9e sur la poitrine, ouvrir les bras lorsqu\u2019on \u00e9voque la \u201clibert\u00e9\u201d, baisser l\u00e9g\u00e8rement la t\u00eate sur des passages plus intimes. Une captation de sc\u00e8ne d\u2019environ 28:50 \u00e0 32:45 dans certains ateliers universitaires montre comment un d\u00e9but percutant \u2013 un premier vers court, r\u00e9p\u00e9t\u00e9 deux fois \u2013 accroche imm\u00e9diatement l\u2019attention du public.<\/p>\n<p>Nous encourageons les lecteurs \u00e0 se filmer avec un t\u00e9l\u00e9phone, \u00e0 relire leur texte en exag\u00e9rant les pauses, puis \u00e0 r\u00e9duire progressivement les effets jusqu\u2019\u00e0 trouver un \u00e9quilibre naturel. Ce travail, selon nous, vaut autant qu\u2019une r\u00e9\u00e9criture du texte, car le slam vit au moment o\u00f9 les mots rencontrent les regards.<\/p>\n<h2>Les bienfaits prouv\u00e9s du slam sur la confiance et la vie quotidienne<\/h2>\n<p>Au-del\u00e0 de l\u2019\u00e9criture, le slam a un <strong>impact mesurable<\/strong> sur la confiance en soi et l\u2019expression orale. Des projets men\u00e9s par l\u2019<strong>ICEM P\u00e9dagogie Freinet<\/strong> dans des \u00e9coles fran\u00e7aises entre <strong>2015 et 2021<\/strong> ont montr\u00e9 une <u>am\u00e9lioration d\u2019environ 70\u202f% des comp\u00e9tences d\u2019expression orale<\/u> chez des \u00e9l\u00e8ves impliqu\u00e9s dans des ateliers r\u00e9guliers, avec pr\u00e9sentation publique. Le fait de choisir ses propres mots, puis de les dire devant la classe, transforme la relation \u00e0 la parole.<\/p>\n<p>Des retours d\u2019ateliers organis\u00e9s en <strong>\u00cele-de-France<\/strong> (notamment \u00e0 <strong>Nanterre<\/strong>, <strong>Saint-Denis<\/strong> et <strong>Cr\u00e9teil<\/strong>) \u00e9voquent une hausse d\u2019environ <u>30\u202f% de l\u2019estime de soi<\/u> auto-d\u00e9clar\u00e9e par les participants, mesur\u00e9e gr\u00e2ce \u00e0 des questionnaires simples avant et apr\u00e8s plusieurs s\u00e9ances. Le slam agit comme un outil de <u>lib\u00e9ration \u00e9motionnelle<\/u>, permettant de verbaliser des exp\u00e9riences difficiles\u202f: harc\u00e8lement scolaire, discriminations, violences familiales, mais aussi aspirations positives, projets et r\u00eaves.<\/p>\n<ul>\n<li><strong>Outil anti-stress<\/strong>\u202f: pr\u00e9parer un texte, travailler la respiration, se concentrer sur le rythme, constituent une forme de \u201croutine mentale\u201d proche de ce qui se pratique en sophrologie. Plusieurs m\u00e9diateurs culturels constatent une baisse de l\u2019absent\u00e9isme \u00e0 l\u2019\u00e9cole quand les \u00e9l\u00e8ves s\u2019investissent dans un projet slam \u00e9tal\u00e9 sur l\u2019ann\u00e9e.<\/li>\n<li><strong>D\u00e9veloppement personnel<\/strong>\u202f: r\u00e9diger un slam th\u00e9rapeutique, par exemple sur un deuil ou une rupture, puis le partager en petit groupe, permet de transformer une exp\u00e9rience douloureuse en r\u00e9cit structur\u00e9. Un texte entendu dans un atelier de <strong>Paris-Saclay<\/strong> en <strong>2021<\/strong> r\u00e9sumait ainsi la d\u00e9marche\u202f: \u202f<strong>Je mets ma douleur en mots pour ne plus la garder en moi<\/strong>\u202f?.<\/li>\n<li><strong>Renforcement du sens<\/strong>\u202f: le fait de chercher le \u201cpourquoi\u201d derri\u00e8re chaque texte \u2013 pourquoi je parle de ce sujet, pourquoi maintenant \u2013 aide \u00e0 clarifier ses valeurs et ses priorit\u00e9s de vie.<\/li>\n<\/ul>\n<p>Nous pensons que le slam, lorsque les cadres restent bienveillants, devient un espace pr\u00e9cieux de parole, compl\u00e9mentaire des suivis plus classiques. Il ne remplace pas un accompagnement m\u00e9dical ou psychologique, mais s\u2019inscrit de plus en plus dans des d\u00e9marches de m\u00e9diation culturelle et de sant\u00e9 mentale, soutenues par des institutions comme des <strong>centres sociaux<\/strong> ou des <strong>services municipaux de la jeunesse<\/strong>.<\/p>\n<h2>Ressources gratuites, ateliers et communaut\u00e9s slam<\/h2>\n<p>Pour progresser rapidement, nous recommandons de combiner ressources en ligne, lectures, et participation \u00e0 des sc\u00e8nes locales. L\u2019\u00e9cosyst\u00e8me francophone du slam est aujourd\u2019hui riche, structur\u00e9 autour d\u2019associations, de plateformes p\u00e9dagogiques et de communaut\u00e9s num\u00e9riques.<\/p>\n<ul>\n<li><strong>Livres et guides<\/strong>\u202f: le projet <strong>\u202fVive le Slam !\u202f?<\/strong> publi\u00e9 par l\u2019<strong>ICEM P\u00e9dagogie Freinet<\/strong>, dans le secteur de l\u2019\u00e9ducation, propose un livret d\u00e9taill\u00e9 pour \u00e9crire, lire et dire en groupe. Des brochures m\u00e9thodologiques comme le \u202f<strong>Petit guide pour l\u2019animation d\u2019ateliers slam<\/strong>? diffus\u00e9 par des collectifs d\u2019enseignants d\u00e9taillent consignes, dur\u00e9es, structures de s\u00e9ances.<\/li>\n<li><strong>Vid\u00e9os p\u00e9dagogiques<\/strong>\u202f: la cha\u00eene de <strong>Marc Olivier<\/strong> sur <strong>YouTube<\/strong> offre des tutos gratuits\u202f: m\u00e9thode en 4 \u00e9tapes, gestion du trac, exercices de respiration. Des vid\u00e9os co-produites avec des institutions comme l\u2019<strong>Organisation internationale de la Francophonie<\/strong> montrent des ateliers film\u00e9s en contexte r\u00e9el.<\/li>\n<li><strong>Documents t\u00e9l\u00e9chargeables<\/strong>\u202f: certains sites d\u2019auteurs proposent un <u>cahier de pr\u00e9paration<\/u> imprimable pour \u00e9crire son texte, et un <u>aide-m\u00e9moire sur le champ lexical<\/u>, accessibles sans frais, utiles pour les enseignants et animateurs.<\/li>\n<li><strong>Ateliers et associations<\/strong>\u202f: en <strong>Suisse<\/strong>, l\u2019association <strong>SceneActive<\/strong>, active dans le secteur culturel, propose des ateliers et un livret pratique. En <strong>France<\/strong>, de nombreuses MJC et m\u00e9diath\u00e8ques organisent des cycles de slam, notamment \u00e0 <strong>Nanterre<\/strong>, <strong>Toulouse<\/strong>, <strong>Strasbourg<\/strong>.<\/li>\n<li><strong>Communaut\u00e9s en ligne<\/strong>\u202f: la plateforme <strong>Superprof<\/strong>, sp\u00e9cialis\u00e9e dans le soutien scolaire et artistique, recense des professeurs de slam et de po\u00e9sie urbaine. Des groupes sur les r\u00e9seaux sociaux se cr\u00e9ent autour de villes ou de collectifs, permettant de partager des textes et d\u2019annoncer des sc\u00e8nes ouvertes.<\/li>\n<li><strong>\u00c9v\u00e9nements 2025 en France<\/strong>\u202f: plusieurs festivals et sc\u00e8nes annonc\u00e9s pour <strong>2025<\/strong> mentionnent des sessions slam, par exemple dans le cadre de festivals de po\u00e9sie \u00e0 <strong>Nantes<\/strong>, de soir\u00e9es open mic \u00e0 <strong>Nanterre<\/strong>, ou de rencontres universitaires \u00e0 <strong>Montpellier<\/strong>. Ces occasions restent id\u00e9ales pour tester un premier texte en 3 minutes.<\/li>\n<\/ul>\n<p>Nous invitons les lecteurs \u00e0 rep\u00e9rer dans leur ville les mots-cl\u00e9s \u201c<strong>sc\u00e8ne slam<\/strong>\u201d, \u201c<strong>open mic<\/strong>\u201d, \u201c<strong>soir\u00e9e po\u00e9sie<\/strong>\u201d sur les programmes culturels municipaux. L\u2019entr\u00e9e est tr\u00e8s souvent gratuite ou \u00e0 prix libre, ce qui facilite l\u2019acc\u00e8s, notamment pour les plus jeunes.<\/p>\n<h2>Conclusion : Lancez-vous avec votre premier exemple de slam facile<\/h2>\n<p>Le <strong>slam<\/strong> se r\u00e9v\u00e8le \u00e0 la fois une <u>porte d\u2019entr\u00e9e simple dans la po\u00e9sie<\/u> et un puissant outil de prise de parole. En quelques \u00e9tapes \u2013 rel\u00e2cher la pression, choisir un th\u00e8me, b\u00e2tir un champ lexical, transformer les mots en phrases, puis travailler la respiration \u2013 chacun peut construire un <strong>exemple de slam facile<\/strong>, personnel et percutant. Les exp\u00e9riences men\u00e9es en milieu scolaire, universitaire et associatif, de <strong>Chicago<\/strong> \u00e0 <strong>Paris<\/strong> en passant par <strong>Montr\u00e9al<\/strong>, montrent que la m\u00e9thode fonctionne, y compris avec des publics qui se pensaient \u201cnon litt\u00e9raires\u201d.<\/p>\n<ul>\n<li>Choisissez un mot qui vous touche (paix, col\u00e8re, ville, amour).<\/li>\n<li>Notez au moins 15 mots qui tournent autour de ce th\u00e8me.<\/li>\n<li>\u00c9crivez 8 \u00e0 12 lignes, sans vous arr\u00eater pour corriger.<\/li>\n<li>Lisez-les \u00e0 voix haute, travaillez la respiration et les silences.<\/li>\n<li>Partagez votre texte avec un proche, une classe, une sc\u00e8ne ouverte.<\/li>\n<\/ul>\n<p>Nous vous proposons un v\u00e9ritable passage \u00e0 l\u2019action\u202f: <u>testez d\u00e8s aujourd\u2019hui la m\u00e9thode en 4 \u00e9tapes<\/u>, r\u00e9digez votre propre texte, puis osez le dire. Vous pouvez ensuite rejoindre une communaut\u00e9 locale ou en ligne et partager votre cr\u00e9ation. C\u2019est \u00e0 ce moment pr\u00e9cis, lorsque vos mots rencontrent d\u2019autres oreilles, que votre slam prend toute sa puissance.<\/p>\n","protected":false},"excerpt":{"rendered":"","protected":false},"author":34,"featured_media":7691,"comment_status":"open","ping_status":"open","sticky":false,"template":"","format":"standard","meta":{"_acf_changed":false,"manual_indexmenow":false,"indexmenow_id_project":0,"footnotes":""},"categories":[4520],"tags":[4777,4778,4598],"class_list":["post-7687","post","type-post","status-publish","format-standard","has-post-thumbnail","hentry","category-actualites-du-slam","tag-histoire-slam","tag-slam-france","tag-slam-poesie","generate-columns","tablet-grid-50","mobile-grid-100","grid-parent","grid-25"],"acf":[],"yoast_head":"<!-- This site is optimized with the Yoast SEO Premium plugin v21.3 (Yoast SEO v26.5) - https:\/\/yoast.com\/wordpress\/plugins\/seo\/ -->\n<title>Le slam de po\u00e9sie : origines, principes et essor en France<\/title>\n<meta name=\"description\" content=\"Le slam de po\u00e9sie d\u00e9signe une forme de po\u00e9sie orale perform\u00e9e en public, sans musique, avec un texte dit \u00e0 voix haute.\" \/>\n<meta name=\"robots\" content=\"index, follow, max-snippet:-1, max-image-preview:large, max-video-preview:-1\" \/>\n<link rel=\"canonical\" href=\"https:\/\/slams.fr\/blog\/actualites-du-slam\/comment-le-slam-de-poesie-est-ne-origines-principes-et-essor-en-france\/\" \/>\n<meta property=\"og:locale\" content=\"fr_FR\" \/>\n<meta property=\"og:type\" content=\"article\" \/>\n<meta property=\"og:title\" content=\"Le slam de po\u00e9sie : origines, principes et essor en France\" \/>\n<meta property=\"og:description\" content=\"Le slam de po\u00e9sie d\u00e9signe une forme de po\u00e9sie orale perform\u00e9e en public, sans musique, avec un texte dit \u00e0 voix haute.\" \/>\n<meta property=\"og:url\" content=\"https:\/\/slams.fr\/blog\/actualites-du-slam\/comment-le-slam-de-poesie-est-ne-origines-principes-et-essor-en-france\/\" \/>\n<meta property=\"og:site_name\" content=\"slams\" \/>\n<meta property=\"og:image\" content=\"https:\/\/slams.fr\/blog\/wp-content\/uploads\/2025\/12\/pag-image-693be29b1994e-scaled.png\" \/>\n\t<meta property=\"og:image:width\" content=\"1200\" \/>\n\t<meta property=\"og:image:height\" content=\"686\" \/>\n\t<meta property=\"og:image:type\" content=\"image\/png\" \/>\n<meta name=\"author\" content=\"Rapha\u00ebl D.\" \/>\n<meta name=\"twitter:card\" content=\"summary_large_image\" \/>\n<script type=\"application\/ld+json\" class=\"yoast-schema-graph\">{\"@context\":\"https:\/\/schema.org\",\"@graph\":[{\"@type\":\"NewsArticle\",\"@id\":\"https:\/\/slams.fr\/blog\/actualites-du-slam\/comment-le-slam-de-poesie-est-ne-origines-principes-et-essor-en-france\/#article\",\"isPartOf\":{\"@id\":\"https:\/\/slams.fr\/blog\/actualites-du-slam\/comment-le-slam-de-poesie-est-ne-origines-principes-et-essor-en-france\/\"},\"author\":{\"name\":\"Rapha\u00ebl D.\",\"@id\":\"https:\/\/slams.fr\/blog\/#\/schema\/person\/3c864cdc320801e3db34b663e7e3f816\"},\"headline\":\"Comment le slam de po\u00e9sie est n\u00e9 : origines, principes et essor en France\",\"datePublished\":\"2026-01-19T08:12:00+00:00\",\"mainEntityOfPage\":{\"@id\":\"https:\/\/slams.fr\/blog\/actualites-du-slam\/comment-le-slam-de-poesie-est-ne-origines-principes-et-essor-en-france\/\"},\"wordCount\":3579,\"commentCount\":0,\"publisher\":{\"@id\":\"https:\/\/slams.fr\/blog\/#organization\"},\"image\":{\"@id\":\"https:\/\/slams.fr\/blog\/actualites-du-slam\/comment-le-slam-de-poesie-est-ne-origines-principes-et-essor-en-france\/#primaryimage\"},\"thumbnailUrl\":\"https:\/\/slams.fr\/blog\/wp-content\/uploads\/2025\/12\/pag-image-693be29b1994e-scaled.png\",\"keywords\":[\"histoire slam\",\"slam france\",\"slam poesie\"],\"articleSection\":[\"Actualit\u00e9s du Slam\"],\"inLanguage\":\"fr-FR\",\"potentialAction\":[{\"@type\":\"CommentAction\",\"name\":\"Comment\",\"target\":[\"https:\/\/slams.fr\/blog\/actualites-du-slam\/comment-le-slam-de-poesie-est-ne-origines-principes-et-essor-en-france\/#respond\"]}]},{\"@type\":\"WebPage\",\"@id\":\"https:\/\/slams.fr\/blog\/actualites-du-slam\/comment-le-slam-de-poesie-est-ne-origines-principes-et-essor-en-france\/\",\"url\":\"https:\/\/slams.fr\/blog\/actualites-du-slam\/comment-le-slam-de-poesie-est-ne-origines-principes-et-essor-en-france\/\",\"name\":\"Le slam de po\u00e9sie : origines, principes et essor en France\",\"isPartOf\":{\"@id\":\"https:\/\/slams.fr\/blog\/#website\"},\"primaryImageOfPage\":{\"@id\":\"https:\/\/slams.fr\/blog\/actualites-du-slam\/comment-le-slam-de-poesie-est-ne-origines-principes-et-essor-en-france\/#primaryimage\"},\"image\":{\"@id\":\"https:\/\/slams.fr\/blog\/actualites-du-slam\/comment-le-slam-de-poesie-est-ne-origines-principes-et-essor-en-france\/#primaryimage\"},\"thumbnailUrl\":\"https:\/\/slams.fr\/blog\/wp-content\/uploads\/2025\/12\/pag-image-693be29b1994e-scaled.png\",\"datePublished\":\"2026-01-19T08:12:00+00:00\",\"description\":\"Le slam de po\u00e9sie d\u00e9signe une forme de po\u00e9sie orale perform\u00e9e en public, sans musique, avec un texte dit \u00e0 voix haute.\",\"inLanguage\":\"fr-FR\",\"potentialAction\":[{\"@type\":\"ReadAction\",\"target\":[\"https:\/\/slams.fr\/blog\/actualites-du-slam\/comment-le-slam-de-poesie-est-ne-origines-principes-et-essor-en-france\/\"]}]},{\"@type\":\"ImageObject\",\"inLanguage\":\"fr-FR\",\"@id\":\"https:\/\/slams.fr\/blog\/actualites-du-slam\/comment-le-slam-de-poesie-est-ne-origines-principes-et-essor-en-france\/#primaryimage\",\"url\":\"https:\/\/slams.fr\/blog\/wp-content\/uploads\/2025\/12\/pag-image-693be29b1994e-scaled.png\",\"contentUrl\":\"https:\/\/slams.fr\/blog\/wp-content\/uploads\/2025\/12\/pag-image-693be29b1994e-scaled.png\",\"width\":1200,\"height\":686,\"caption\":\"Image g\u00e9n\u00e9r\u00e9e par IA optimis\u00e9e pour Google Discover\"},{\"@type\":\"WebSite\",\"@id\":\"https:\/\/slams.fr\/blog\/#website\",\"url\":\"https:\/\/slams.fr\/blog\/\",\"name\":\"slams.fr\",\"description\":\"Slams, l&#039;\u00e9nergie des mots en action\",\"publisher\":{\"@id\":\"https:\/\/slams.fr\/blog\/#organization\"},\"alternateName\":\"Slams, l'\u00e9nergie des mots en action\",\"potentialAction\":[{\"@type\":\"SearchAction\",\"target\":{\"@type\":\"EntryPoint\",\"urlTemplate\":\"https:\/\/slams.fr\/blog\/?s={search_term_string}\"},\"query-input\":{\"@type\":\"PropertyValueSpecification\",\"valueRequired\":true,\"valueName\":\"search_term_string\"}}],\"inLanguage\":\"fr-FR\"},{\"@type\":\"Organization\",\"@id\":\"https:\/\/slams.fr\/blog\/#organization\",\"name\":\"Foretsensations.fr\",\"url\":\"https:\/\/slams.fr\/blog\/\",\"logo\":{\"@type\":\"ImageObject\",\"inLanguage\":\"fr-FR\",\"@id\":\"https:\/\/slams.fr\/blog\/#\/schema\/logo\/image\/\",\"url\":\"https:\/\/slams.fr\/blog\/wp-content\/uploads\/2026\/07\/logo-auto-1.png\",\"contentUrl\":\"https:\/\/slams.fr\/blog\/wp-content\/uploads\/2026\/07\/logo-auto-1.png\",\"width\":1024,\"height\":1024,\"caption\":\"Foretsensations.fr\"},\"image\":{\"@id\":\"https:\/\/slams.fr\/blog\/#\/schema\/logo\/image\/\"}},{\"@type\":\"Person\",\"@id\":\"https:\/\/slams.fr\/blog\/#\/schema\/person\/3c864cdc320801e3db34b663e7e3f816\",\"name\":\"Rapha\u00ebl D.\",\"image\":{\"@type\":\"ImageObject\",\"inLanguage\":\"fr-FR\",\"@id\":\"https:\/\/slams.fr\/blog\/#\/schema\/person\/image\/\",\"url\":\"https:\/\/slams.fr\/blog\/wp-content\/uploads\/2026\/06\/persona_raphael-d-96x96.jpg\",\"contentUrl\":\"https:\/\/slams.fr\/blog\/wp-content\/uploads\/2026\/06\/persona_raphael-d-96x96.jpg\",\"caption\":\"Rapha\u00ebl D.\"},\"description\":\"La culture est mon terrain de jeu depuis une dizaine d'ann\u00e9es : arts visuels, s\u00e9ries, cr\u00e9ation et tout ce qui nourrit l'imaginaire. J'\u00e9cris aussi bien sur l'actualit\u00e9 des \u0153uvres que sur les coulisses de la cr\u00e9ation, avec l'envie de relier l'amateur curieux \u00e0 des univers parfois jug\u00e9s intimidants. J'aime analyser une s\u00e9rie ou une d\u00e9marche artistique sans p\u00e9dantisme, replacer une \u0153uvre dans son contexte et donner des cl\u00e9s de lecture accessibles. Avant de publier, je v\u00e9rifie mes r\u00e9f\u00e9rences, je recoupe les sources et je distingue clairement le fait de mon interpr\u00e9tation subjective. Je crois qu'une critique vaut surtout par les arguments qu'elle expose, pas par la sentence qu'elle rend. Mon angle : transmettre l'envie de d\u00e9couvrir, de regarder autrement et de se forger son propre go\u00fbt. La culture n'appartient pas qu'aux initi\u00e9s, et c'est tout l'enjeu de mon \u00e9criture.\",\"url\":\"https:\/\/slams.fr\/blog\/auteur\/raphael-d\/\",\"jobTitle\":\"R\u00e9dacteur en chef \u00b7 Culture & Cr\u00e9ation\",\"knowsAbout\":[\"Culture\",\"Cr\u00e9ation\"],\"email\":\"raphael.d@a-l-asso-de-l-art.fr\"}]}<\/script>\n<!-- \/ Yoast SEO Premium plugin. -->","yoast_head_json":{"title":"Le slam de po\u00e9sie : origines, principes et essor en France","description":"Le slam de po\u00e9sie d\u00e9signe une forme de po\u00e9sie orale perform\u00e9e en public, sans musique, avec un texte dit \u00e0 voix haute.","robots":{"index":"index","follow":"follow","max-snippet":"max-snippet:-1","max-image-preview":"max-image-preview:large","max-video-preview":"max-video-preview:-1"},"canonical":"https:\/\/slams.fr\/blog\/actualites-du-slam\/comment-le-slam-de-poesie-est-ne-origines-principes-et-essor-en-france\/","og_locale":"fr_FR","og_type":"article","og_title":"Le slam de po\u00e9sie : origines, principes et essor en France","og_description":"Le slam de po\u00e9sie d\u00e9signe une forme de po\u00e9sie orale perform\u00e9e en public, sans musique, avec un texte dit \u00e0 voix haute.","og_url":"https:\/\/slams.fr\/blog\/actualites-du-slam\/comment-le-slam-de-poesie-est-ne-origines-principes-et-essor-en-france\/","og_site_name":"slams","og_image":[{"width":1200,"height":686,"url":"https:\/\/slams.fr\/blog\/wp-content\/uploads\/2025\/12\/pag-image-693be29b1994e-scaled.png","type":"image\/png"}],"author":"Rapha\u00ebl D.","twitter_card":"summary_large_image","schema":{"@context":"https:\/\/schema.org","@graph":[{"@type":"NewsArticle","@id":"https:\/\/slams.fr\/blog\/actualites-du-slam\/comment-le-slam-de-poesie-est-ne-origines-principes-et-essor-en-france\/#article","isPartOf":{"@id":"https:\/\/slams.fr\/blog\/actualites-du-slam\/comment-le-slam-de-poesie-est-ne-origines-principes-et-essor-en-france\/"},"author":{"name":"Rapha\u00ebl D.","@id":"https:\/\/slams.fr\/blog\/#\/schema\/person\/3c864cdc320801e3db34b663e7e3f816"},"headline":"Comment le slam de po\u00e9sie est n\u00e9 : origines, principes et essor en France","datePublished":"2026-01-19T08:12:00+00:00","mainEntityOfPage":{"@id":"https:\/\/slams.fr\/blog\/actualites-du-slam\/comment-le-slam-de-poesie-est-ne-origines-principes-et-essor-en-france\/"},"wordCount":3579,"commentCount":0,"publisher":{"@id":"https:\/\/slams.fr\/blog\/#organization"},"image":{"@id":"https:\/\/slams.fr\/blog\/actualites-du-slam\/comment-le-slam-de-poesie-est-ne-origines-principes-et-essor-en-france\/#primaryimage"},"thumbnailUrl":"https:\/\/slams.fr\/blog\/wp-content\/uploads\/2025\/12\/pag-image-693be29b1994e-scaled.png","keywords":["histoire slam","slam france","slam poesie"],"articleSection":["Actualit\u00e9s du Slam"],"inLanguage":"fr-FR","potentialAction":[{"@type":"CommentAction","name":"Comment","target":["https:\/\/slams.fr\/blog\/actualites-du-slam\/comment-le-slam-de-poesie-est-ne-origines-principes-et-essor-en-france\/#respond"]}]},{"@type":"WebPage","@id":"https:\/\/slams.fr\/blog\/actualites-du-slam\/comment-le-slam-de-poesie-est-ne-origines-principes-et-essor-en-france\/","url":"https:\/\/slams.fr\/blog\/actualites-du-slam\/comment-le-slam-de-poesie-est-ne-origines-principes-et-essor-en-france\/","name":"Le slam de po\u00e9sie : origines, principes et essor en France","isPartOf":{"@id":"https:\/\/slams.fr\/blog\/#website"},"primaryImageOfPage":{"@id":"https:\/\/slams.fr\/blog\/actualites-du-slam\/comment-le-slam-de-poesie-est-ne-origines-principes-et-essor-en-france\/#primaryimage"},"image":{"@id":"https:\/\/slams.fr\/blog\/actualites-du-slam\/comment-le-slam-de-poesie-est-ne-origines-principes-et-essor-en-france\/#primaryimage"},"thumbnailUrl":"https:\/\/slams.fr\/blog\/wp-content\/uploads\/2025\/12\/pag-image-693be29b1994e-scaled.png","datePublished":"2026-01-19T08:12:00+00:00","description":"Le slam de po\u00e9sie d\u00e9signe une forme de po\u00e9sie orale perform\u00e9e en public, sans musique, avec un texte dit \u00e0 voix haute.","inLanguage":"fr-FR","potentialAction":[{"@type":"ReadAction","target":["https:\/\/slams.fr\/blog\/actualites-du-slam\/comment-le-slam-de-poesie-est-ne-origines-principes-et-essor-en-france\/"]}]},{"@type":"ImageObject","inLanguage":"fr-FR","@id":"https:\/\/slams.fr\/blog\/actualites-du-slam\/comment-le-slam-de-poesie-est-ne-origines-principes-et-essor-en-france\/#primaryimage","url":"https:\/\/slams.fr\/blog\/wp-content\/uploads\/2025\/12\/pag-image-693be29b1994e-scaled.png","contentUrl":"https:\/\/slams.fr\/blog\/wp-content\/uploads\/2025\/12\/pag-image-693be29b1994e-scaled.png","width":1200,"height":686,"caption":"Image g\u00e9n\u00e9r\u00e9e par IA optimis\u00e9e pour Google Discover"},{"@type":"WebSite","@id":"https:\/\/slams.fr\/blog\/#website","url":"https:\/\/slams.fr\/blog\/","name":"slams.fr","description":"Slams, l&#039;\u00e9nergie des mots en action","publisher":{"@id":"https:\/\/slams.fr\/blog\/#organization"},"alternateName":"Slams, l'\u00e9nergie des mots en action","potentialAction":[{"@type":"SearchAction","target":{"@type":"EntryPoint","urlTemplate":"https:\/\/slams.fr\/blog\/?s={search_term_string}"},"query-input":{"@type":"PropertyValueSpecification","valueRequired":true,"valueName":"search_term_string"}}],"inLanguage":"fr-FR"},{"@type":"Organization","@id":"https:\/\/slams.fr\/blog\/#organization","name":"Foretsensations.fr","url":"https:\/\/slams.fr\/blog\/","logo":{"@type":"ImageObject","inLanguage":"fr-FR","@id":"https:\/\/slams.fr\/blog\/#\/schema\/logo\/image\/","url":"https:\/\/slams.fr\/blog\/wp-content\/uploads\/2026\/07\/logo-auto-1.png","contentUrl":"https:\/\/slams.fr\/blog\/wp-content\/uploads\/2026\/07\/logo-auto-1.png","width":1024,"height":1024,"caption":"Foretsensations.fr"},"image":{"@id":"https:\/\/slams.fr\/blog\/#\/schema\/logo\/image\/"}},{"@type":"Person","@id":"https:\/\/slams.fr\/blog\/#\/schema\/person\/3c864cdc320801e3db34b663e7e3f816","name":"Rapha\u00ebl D.","image":{"@type":"ImageObject","inLanguage":"fr-FR","@id":"https:\/\/slams.fr\/blog\/#\/schema\/person\/image\/","url":"https:\/\/slams.fr\/blog\/wp-content\/uploads\/2026\/06\/persona_raphael-d-96x96.jpg","contentUrl":"https:\/\/slams.fr\/blog\/wp-content\/uploads\/2026\/06\/persona_raphael-d-96x96.jpg","caption":"Rapha\u00ebl D."},"description":"La culture est mon terrain de jeu depuis une dizaine d'ann\u00e9es : arts visuels, s\u00e9ries, cr\u00e9ation et tout ce qui nourrit l'imaginaire. J'\u00e9cris aussi bien sur l'actualit\u00e9 des \u0153uvres que sur les coulisses de la cr\u00e9ation, avec l'envie de relier l'amateur curieux \u00e0 des univers parfois jug\u00e9s intimidants. J'aime analyser une s\u00e9rie ou une d\u00e9marche artistique sans p\u00e9dantisme, replacer une \u0153uvre dans son contexte et donner des cl\u00e9s de lecture accessibles. Avant de publier, je v\u00e9rifie mes r\u00e9f\u00e9rences, je recoupe les sources et je distingue clairement le fait de mon interpr\u00e9tation subjective. Je crois qu'une critique vaut surtout par les arguments qu'elle expose, pas par la sentence qu'elle rend. Mon angle : transmettre l'envie de d\u00e9couvrir, de regarder autrement et de se forger son propre go\u00fbt. La culture n'appartient pas qu'aux initi\u00e9s, et c'est tout l'enjeu de mon \u00e9criture.","url":"https:\/\/slams.fr\/blog\/auteur\/raphael-d\/","jobTitle":"R\u00e9dacteur en chef \u00b7 Culture & Cr\u00e9ation","knowsAbout":["Culture","Cr\u00e9ation"],"email":"raphael.d@a-l-asso-de-l-art.fr"}]}},"_links":{"self":[{"href":"https:\/\/slams.fr\/blog\/wp-json\/wp\/v2\/posts\/7687","targetHints":{"allow":["GET"]}}],"collection":[{"href":"https:\/\/slams.fr\/blog\/wp-json\/wp\/v2\/posts"}],"about":[{"href":"https:\/\/slams.fr\/blog\/wp-json\/wp\/v2\/types\/post"}],"author":[{"embeddable":true,"href":"https:\/\/slams.fr\/blog\/wp-json\/wp\/v2\/users\/34"}],"replies":[{"embeddable":true,"href":"https:\/\/slams.fr\/blog\/wp-json\/wp\/v2\/comments?post=7687"}],"version-history":[{"count":1,"href":"https:\/\/slams.fr\/blog\/wp-json\/wp\/v2\/posts\/7687\/revisions"}],"predecessor-version":[{"id":7760,"href":"https:\/\/slams.fr\/blog\/wp-json\/wp\/v2\/posts\/7687\/revisions\/7760"}],"wp:featuredmedia":[{"embeddable":true,"href":"https:\/\/slams.fr\/blog\/wp-json\/wp\/v2\/media\/7691"}],"wp:attachment":[{"href":"https:\/\/slams.fr\/blog\/wp-json\/wp\/v2\/media?parent=7687"}],"wp:term":[{"taxonomy":"category","embeddable":true,"href":"https:\/\/slams.fr\/blog\/wp-json\/wp\/v2\/categories?post=7687"},{"taxonomy":"post_tag","embeddable":true,"href":"https:\/\/slams.fr\/blog\/wp-json\/wp\/v2\/tags?post=7687"}],"curies":[{"name":"wp","href":"https:\/\/api.w.org\/{rel}","templated":true}]}}