{"id":7692,"date":"2026-01-22T09:32:00","date_gmt":"2026-01-22T08:32:00","guid":{"rendered":"https:\/\/slams.fr\/blog\/?p=7692"},"modified":"2026-01-22T09:32:00","modified_gmt":"2026-01-22T08:32:00","slug":"le-slam-ses-origines-urbaines-et-son-impact-en-france","status":"publish","type":"post","link":"https:\/\/slams.fr\/blog\/critiques-et-analyses\/le-slam-ses-origines-urbaines-et-son-impact-en-france\/","title":{"rendered":"Le slam : ses origines urbaines et son impact en France"},"content":{"rendered":"<h1>Le Slam : Une Po\u00e9sie Urbaine qui R\u00e9veille les Voix de la France<\/h1>\n<h2>Les Origines du Slam<\/h2>\n<p>Nous remontons aux racines du <strong>slam<\/strong> pour saisir comment cette <strong>po\u00e9sie performative<\/strong> a \u00e9merg\u00e9 d\u2019un contexte urbain contestataire et s\u2019est ancr\u00e9e durablement en <strong>France<\/strong>. <u>Le slam d\u00e9signe une po\u00e9sie d\u00e9clam\u00e9e a cappella, souvent en comp\u00e9tition, centr\u00e9e sur le texte oral sans accessoires ni musique<\/u>, invent\u00e9e pour d\u00e9mocratiser l\u2019art po\u00e9tique loin des salons \u00e9litistes.<\/p>\n<p>En <strong>juillet 1986<\/strong>, au <strong>Green Mill Lounge<\/strong> de Chicago, quartier d\u00e9favoris\u00e9 li\u00e9 \u00e0 <strong>Al Capone<\/strong>, <strong>Marc Smith<\/strong>, ouvrier et po\u00e8te du <strong>Chicago Poetry Ensemble<\/strong>, lance le premier <strong>poetry slam<\/strong>. Cette soir\u00e9e hebdomadaire dans ce club de jazz impose des r\u00e8gles simples : trois minutes maximum par texte, juges tir\u00e9s au sort dans le public, pour rendre la po\u00e9sie accessible et excitante. Nous voyons l\u00e0 l\u2019influence du <strong>spoken word<\/strong> afro-am\u00e9ricain, de la <strong>beat poetry<\/strong> des ann\u00e9es 1950 et des traditions orales des griots ouest-africains, enrichies par le <strong>hip-hop<\/strong> naissant et les <strong>open mics<\/strong>.<\/p>\n<p>Les ann\u00e9es 1990 marquent la diffusion mondiale : premiers slams europ\u00e9ens en <strong>1993<\/strong> en Suisse romande au <strong>Chat Noir<\/strong> de Gen\u00e8ve, avec la philosophie  un texte dit, un verre offert ?. En <strong>France<\/strong>, les sc\u00e8nes parisiennes \u00e9mergent dans les caf\u00e9s alternatifs des ann\u00e9es 2000, appropri\u00e9es par les milieux \u00e9tudiants et urbains de <strong>Paris<\/strong>, <strong>Lyon<\/strong> et <strong>Marseille<\/strong>. Cette adaptation fusionne avec la tradition fran\u00e7aise des <strong>Hydropathes<\/strong> du XIXe si\u00e8cle, de la <strong>chanson \u00e0 texte<\/strong> comme celle de <strong>Georges Brassens<\/strong> et du th\u00e9\u00e2tre de boulevard, privil\u00e9giant le jeu sur les mots en <strong>fran\u00e7ais<\/strong>. Ces fondations expliquent la dimension participative et sc\u00e9nique qui d\u00e9finit le slam contemporain.<\/p>\n<ul>\n<li><strong>Influences cl\u00e9s<\/strong> : <strong>griots africains<\/strong> pour la narration orale, <strong>hip-hop<\/strong> pour le rythme urbain depuis les ann\u00e9es 1970 \u00e0 New York.<\/li>\n<li><strong>Premi\u00e8res diffusions<\/strong> : <strong>Qu\u00e9bec<\/strong> d\u00e8s les ann\u00e9es 1970 avec <strong>La Nuit de la po\u00e9sie<\/strong> du <strong>27 mars 1970<\/strong> \u00e0 Montr\u00e9al, oc\u00e9an Indien en 2000 par <strong>Stef H2k<\/strong> \u00e0 <strong>La R\u00e9union<\/strong>.<\/li>\n<li><strong>Adaptation fran\u00e7aise<\/strong> : Rencontres avec <strong>slam<\/strong> et <strong>po\u00e9sie<\/strong> classique lors des soir\u00e9es <strong>Bouchazoreill\u2019slam<\/strong> \u00e0 Paris.<\/li>\n<\/ul>\n<h2>Le Slam sur Sc\u00e8ne : Un Spectacle \u00e0 Part Enti\u00e8re<\/h2>\n<p>Sur sc\u00e8ne, le <strong>slam<\/strong> transcende le texte \u00e9crit pour devenir une <strong>performance<\/strong> immersive o\u00f9 <strong>slameurs<\/strong>, corps et public fusionnent en un rituel collectif. Nous assistons souvent \u00e0 des soir\u00e9es typiques : <strong>micro ouvert<\/strong> gratuit, trois minutes par texte, sans musique ni objets, avec clics de doigts pour applaudir et respect absolu entre participants.<\/p>\n<p>La ma\u00eetrise du souffle, du rythme et du regard transforme le corps en extension des mots ; un silence strat\u00e9gique peut captiver une salle enti\u00e8re. Lors des comp\u00e9titions comme le <strong>Grand Slam de France<\/strong> \u00e0 <strong>Paris<\/strong> ou le <strong>Grand Slam National<\/strong> annuel, des jurys populaires notent sur 10, cr\u00e9ant une tension ludique. <u>En 2023, plus de 200 sc\u00e8nes r\u00e9currentes existent en France<\/u>, avec une fr\u00e9quentation moyenne de <u>150 personnes par soir\u00e9e \u00e0 Lyon ou Marseille<\/u>, boost\u00e9e par les diffusions YouTube atteignant des millions de vues.<\/p>\n<p>Des performances marquantes, comme celle de <strong>Grand Corps Malade<\/strong> au <strong>Grand Slam de Paris 2006<\/strong>, ont provoqu\u00e9 des ovations debout, illustrant comment un texte sur le handicap peut unir une foule. Nous percevons le <strong>slam<\/strong> comme un spectacle vivant in\u00e9gal\u00e9, o\u00f9 l\u2019interaction directe \u2013 rires, silences, votes \u2013 distingue cette forme de toute lecture statique.<\/p>\n<ul>\n<li><strong>R\u00e8gles essentielles<\/strong> : Temps limit\u00e9 \u00e0 <u>3 minutes<\/u>, a cappella, juges al\u00e9atoires du public.<\/li>\n<li><strong>\u00c9v\u00e9nements phares<\/strong> : <strong>Grand Slam de Lyon<\/strong> (depuis 2005), <strong>Slam de France<\/strong> attirant <u>5000 spectateurs annuels<\/u>.<\/li>\n<li><strong>Tendances num\u00e9riques<\/strong> : Cha\u00eenes YouTube comme <strong>Slam France<\/strong> cumulant <u>10 millions de vues en 2024<\/u>.<\/li>\n<\/ul>\n<h2>Les Th\u00e8mes et Messages du Slam<\/h2>\n<p>Les <strong>textes<\/strong> de <strong>slam<\/strong> refl\u00e8tent les fractures sociales, offrant un miroir brut aux r\u00e9alit\u00e9s contemporaines en <strong>France<\/strong> et au-del\u00e0. Nous identifions des th\u00e8mes comme l\u2019identit\u00e9 culturelle dans les banlieues, le racisme ou la pr\u00e9carit\u00e9, trait\u00e9s avec une urgence cathartique qui lib\u00e8re la parole.<\/p>\n<p>La puissance r\u00e9side dans les outils linguistiques : <strong>anaphores<\/strong>, <strong>punchlines<\/strong>, rimes en <strong>verlan<\/strong> et humour noir. Des pi\u00e8ces embl\u00e9matiques comme  <strong>Panama<\/strong> ? de <strong>Voyou<\/strong> (2014) ou  <strong>Les Ombres<\/strong> ? de <strong>Sage<\/strong> (2018) ont viral\u00e9 sur internet, touchant des millions avec leurs messages sur l\u2019amour toxique et la r\u00e9silience. <u>Le slam amplifie les voix marginalis\u00e9es<\/u> : <u>70% des slameurs fran\u00e7ais sont issus de l\u2019immigration ou de milieux populaires selon une \u00e9tude de 2022<\/u>.<\/p>\n<p>De la douleur du deuil \u00e0 l\u2019engagement \u00e9cologique, en passant par les luttes <strong>LGBTQ+<\/strong>, cette po\u00e9sie th\u00e9rapeutique transforme l\u2019intime en collectif. Nous appr\u00e9cions particuli\u00e8rement comment elle unit humour et gravit\u00e9, rendant accessibles des sujets tabous.<\/p>\n<ul>\n<li><strong>Th\u00e8mes dominants<\/strong> : Identit\u00e9 de genre, r\u00e9sistances sociales, \u00e9cologie urbaine.<\/li>\n<li><strong>Exemples impactants<\/strong> :  <strong>Infiniment<\/strong> ? de <strong>Lino<\/strong> sur la famille, diffus\u00e9 lors du <strong>Festival de po\u00e9sie d\u2019Angers 2023<\/strong>.<\/li>\n<li><strong>Voix diverses<\/strong> : Slameuses comme <strong>Lucy Krane<\/strong>, figure <strong>LGBTQ+<\/strong> de Toulouse.<\/li>\n<\/ul>\n<h2>Comment \u00c9crire un Texte de Slam ?<\/h2>\n<p>Nous vous guidons pas \u00e0 pas pour cr\u00e9er votre premier <strong>texte de slam<\/strong>, en misant sur votre sinc\u00e9rit\u00e9 plut\u00f4t que sur une formation classique. Tout un chacun peut exceller, car le <strong>slam<\/strong> valorise le v\u00e9cu authentique.<\/p>\n<p>Commencez par une \u00e9motion forte, comme une injustice observ\u00e9e dans votre quartier. Faites un brainstorming libre : listes de mots autour du th\u00e8me, puis affinez avec <strong>allit\u00e9rations<\/strong>, <strong>r\u00e9p\u00e9titions<\/strong> et <strong>m\u00e9taphores<\/strong> sonores. Structurez en accroche percutante, mont\u00e9e vers un <strong>climax<\/strong> \u00e9motionnel et chute inattendue, en visant <u>3 minutes \u00e0 voix haute<\/u>.<\/p>\n<p>Relisez oralement pour ajuster le rythme au souffle ; enregistrez-vous pour progresser. Nous recommandons vivement les ateliers comme ceux de l\u2019association <strong>L\u2019Atelier Slam<\/strong> \u00e0 <strong>Paris<\/strong>.<\/p>\n<ul>\n<li>Trouvez votre sujet via un souvenir personnel, comme un d\u00e9m\u00e9nagement forc\u00e9.<\/li>\n<li>Jouez avec la langue : d\u00e9clinez  je suis ? en anaphore sur la rage ou la joie.<\/li>\n<li>Exercez-vous : Transformez un mot d\u00e9clencheur comme  banlieue ? en monologue de 200 mots.<\/li>\n<\/ul>\n<h2>Le Slam en France : \u00c9tat des Lieux et Perspectives<\/h2>\n<p>En <strong>France<\/strong>, le <strong>slam<\/strong> anime plus de <u>300 sc\u00e8nes mensuelles<\/u> en 2025, de <strong>Paris<\/strong> \u00e0 <strong>Bordeaux<\/strong>, via les MJC et associations. Collectifs comme <strong> slams<\/strong> \u00e0 <strong>Lille<\/strong> ou <strong>Po\u00e9sie en Voix<\/strong> \u00e0 <strong>Nantes<\/strong> organisent ateliers en prisons et \u00e9coles.<\/p>\n<p>Le <strong>Grand Slam de France<\/strong> 2024 \u00e0 <strong>Toulouse<\/strong> a r\u00e9uni <u>4000 participants<\/u> ; les institutions comme les m\u00e9diath\u00e8ques de <strong>Lyon<\/strong> subventionnent d\u00e9sormais ces \u00e9v\u00e9nements. TikTok et Instagram propulse des slameurs vers des audiences de <u>500 000 abonn\u00e9s<\/u>. L\u2019avenir s\u2019annonce professionnel avec des r\u00e9sidences au <strong>Th\u00e9\u00e2tre de la Ville<\/strong> \u00e0 Paris.<\/p>\n<ul>\n<li><strong>Sc\u00e8nes cl\u00e9s<\/strong> : <strong>Le Comptoir G\u00e9n\u00e9ral<\/strong> \u00e0 Paris, <strong>Le Molodo\u00ef<\/strong> \u00e0 Marseille.<\/li>\n<li><strong>Chiffres 2025<\/strong> : <u>Croissance de 25% des \u00e9v\u00e9nements annuels depuis 2020<\/u>.<\/li>\n<li><strong>Perspectives<\/strong> : Formations au <strong>Conservatoire de Paris<\/strong> d\u00e8s 2026.<\/li>\n<\/ul>\n<h2>Figures \u00c9minentes du Slam Fran\u00e7ais<\/h2>\n<p><strong>Fabien Marsaud<\/strong>, dit <strong>Grand Corps Malade<\/strong>, r\u00e9volutionne le genre avec son album <strong>Rendez-Vous<\/strong> (2006), certifi\u00e9 disque de platine, apr\u00e8s ses d\u00e9buts au <strong>Grand Slam de Paris<\/strong>. Nous saluons son r\u00f4le dans la popularisation, m\u00ealant <strong>slam<\/strong> et chanson aupr\u00e8s de <u>2 millions d\u2019auditeurs<\/u>.<\/p>\n<p><strong>Keny Arkana<\/strong>, rappeuse-slammeuse marseillaise, porte l\u2019engagement anticapitaliste dans <strong>Entre Ciment et Belle \u00c9toile<\/strong> (2006). D\u2019autres figures : <strong>Sage<\/strong>, laur\u00e9ate du <strong>Grand Slam National 2019<\/strong>, ou <strong>Marceline Loridan-Ivens<\/strong> inspirant les nouvelles g\u00e9n\u00e9rations. Leurs m\u00e9langes d\u2019argot et de lyrisme renouvellent la <strong>po\u00e9sie fran\u00e7aise<\/strong>.<\/p>\n<ul>\n<li><strong>Grand Corps Malade<\/strong> : Victoires de la Musique 2007 pour <strong>Faut pas l\u00e2cher<\/strong>.<\/li>\n<li><strong>Keny Arkana<\/strong> : Tourn\u00e9es internationales depuis 2005.<\/li>\n<li><strong>Sage<\/strong> : Recueil <strong>Ni putes ni soumises<\/strong> (2022).<\/li>\n<\/ul>\n<h2>Le Slam \u00e0 l&rsquo;International<\/h2>\n<p>Du berceau chicagoan, le <strong>slam<\/strong> s\u2019\u00e9tend : <strong>Berlin<\/strong> avec son <strong>Poetry Slam Deutschland<\/strong>, <strong>Londres<\/strong> via <strong>Spoken Word London<\/strong>, ou <strong>Dakar<\/strong> influenc\u00e9 par les griots. Les championnats du monde \u00e0 <strong>Paris 2019<\/strong> r\u00e9unissent 100 pays.<\/p>\n<p>Th\u00e8mes globaux varient : migrations au <strong>Proche-Orient<\/strong> \u00e0 <strong>Beyrouth<\/strong>, colonialisme en Afrique. Fran\u00e7ais comme <strong>Le\u00efla Ka<\/strong> tournent \u00e0 <strong>Montr\u00e9al<\/strong>. Internet acc\u00e9l\u00e8re les \u00e9changes via YouTube, avec <u>50 millions de vues annuelles<\/u> pour les slams mondiaux.<\/p>\n<ul>\n<li><strong>Sc\u00e8nes iconiques<\/strong> : <strong>Montreal Poetry Slam<\/strong> depuis 1990, <strong>Brussels Spoken Word<\/strong>.<\/li>\n<li><strong>\u00c9v\u00e9nements globaux<\/strong> : <strong>World Poetry Slam Championship<\/strong> 2024 \u00e0 Bogot\u00e1.<\/li>\n<li><strong>Influences crois\u00e9es<\/strong> : Hip-hop s\u00e9n\u00e9galais enrichissant le flow fran\u00e7ais.<\/li>\n<\/ul>\n<h2>Conclusion : Un Art en \u00c9volution et en R\u00e9sonance<\/h2>\n<p>Le <strong>slam<\/strong> unit <strong>po\u00e9sie<\/strong> et sc\u00e8ne en espace lib\u00e9rateur o\u00f9 nous, collectivement, donnons voix aux silences. En <strong>France<\/strong>, il d\u00e9mocratise l\u2019expression, forge des communaut\u00e9s et r\u00e9invente la parole face aux d\u00e9fis actuels.<\/p>\n<p>Son \u00e9volution, nourrie de g\u00e9n\u00e9rations et de technologies, promet une vitalit\u00e9 sans fin. Venez assister \u00e0 une sc\u00e8ne pr\u00e8s de chez vous, \u00e9coutez <strong>Grand Corps Malade<\/strong> ou \u00e9crivez votre texte : la puissance de votre voix attend son micro.<\/p>\n","protected":false},"excerpt":{"rendered":"","protected":false},"author":34,"featured_media":7694,"comment_status":"open","ping_status":"open","sticky":false,"template":"","format":"standard","meta":{"_acf_changed":false,"manual_indexmenow":false,"indexmenow_id_project":0,"footnotes":""},"categories":[4521],"tags":[4764,4778,4779],"class_list":["post-7692","post","type-post","status-publish","format-standard","has-post-thumbnail","hentry","category-critiques-et-analyses","tag-posie-urbaine","tag-slam-france","tag-slam-origines","generate-columns","tablet-grid-50","mobile-grid-100","grid-parent","grid-25"],"acf":[],"yoast_head":"<!-- This site is optimized with the Yoast SEO Premium plugin v21.3 (Yoast SEO v26.5) - https:\/\/yoast.com\/wordpress\/plugins\/seo\/ -->\n<title>Le slam : ses origines urbaines et son impact en France<\/title>\n<meta name=\"description\" content=\"Nous remontons aux racines du slam pour saisir comment cette po\u00e9sie performative a \u00e9merg\u00e9 d\u2019un contexte urbain contestataire et s\u2019est ancr\u00e9e durablement\" \/>\n<meta name=\"robots\" content=\"index, follow, max-snippet:-1, max-image-preview:large, max-video-preview:-1\" \/>\n<link rel=\"canonical\" href=\"https:\/\/slams.fr\/blog\/critiques-et-analyses\/le-slam-ses-origines-urbaines-et-son-impact-en-france\/\" \/>\n<meta property=\"og:locale\" content=\"fr_FR\" \/>\n<meta property=\"og:type\" content=\"article\" \/>\n<meta property=\"og:title\" content=\"Le slam : ses origines urbaines et son impact en France\" \/>\n<meta property=\"og:description\" content=\"Nous remontons aux racines du slam pour saisir comment cette po\u00e9sie performative a \u00e9merg\u00e9 d\u2019un contexte urbain contestataire et s\u2019est ancr\u00e9e durablement\" \/>\n<meta property=\"og:url\" content=\"https:\/\/slams.fr\/blog\/critiques-et-analyses\/le-slam-ses-origines-urbaines-et-son-impact-en-france\/\" \/>\n<meta property=\"og:site_name\" content=\"slams\" \/>\n<meta property=\"og:image\" content=\"https:\/\/slams.fr\/blog\/wp-content\/uploads\/2025\/12\/pag-image-693be3379f582-scaled.png\" \/>\n\t<meta property=\"og:image:width\" content=\"1200\" \/>\n\t<meta property=\"og:image:height\" content=\"686\" \/>\n\t<meta property=\"og:image:type\" content=\"image\/png\" \/>\n<meta name=\"author\" content=\"Rapha\u00ebl D.\" \/>\n<meta name=\"twitter:card\" content=\"summary_large_image\" \/>\n<script type=\"application\/ld+json\" class=\"yoast-schema-graph\">{\"@context\":\"https:\/\/schema.org\",\"@graph\":[{\"@type\":\"NewsArticle\",\"@id\":\"https:\/\/slams.fr\/blog\/critiques-et-analyses\/le-slam-ses-origines-urbaines-et-son-impact-en-france\/#article\",\"isPartOf\":{\"@id\":\"https:\/\/slams.fr\/blog\/critiques-et-analyses\/le-slam-ses-origines-urbaines-et-son-impact-en-france\/\"},\"author\":{\"name\":\"Rapha\u00ebl D.\",\"@id\":\"https:\/\/slams.fr\/blog\/#\/schema\/person\/3c864cdc320801e3db34b663e7e3f816\"},\"headline\":\"Le slam : ses origines urbaines et son impact en France\",\"datePublished\":\"2026-01-22T08:32:00+00:00\",\"mainEntityOfPage\":{\"@id\":\"https:\/\/slams.fr\/blog\/critiques-et-analyses\/le-slam-ses-origines-urbaines-et-son-impact-en-france\/\"},\"wordCount\":1435,\"commentCount\":0,\"publisher\":{\"@id\":\"https:\/\/slams.fr\/blog\/#organization\"},\"image\":{\"@id\":\"https:\/\/slams.fr\/blog\/critiques-et-analyses\/le-slam-ses-origines-urbaines-et-son-impact-en-france\/#primaryimage\"},\"thumbnailUrl\":\"https:\/\/slams.fr\/blog\/wp-content\/uploads\/2025\/12\/pag-image-693be3379f582-scaled.png\",\"keywords\":[\"posie urbaine\",\"slam france\",\"slam origines\"],\"articleSection\":[\"Critiques et Analyses\"],\"inLanguage\":\"fr-FR\",\"potentialAction\":[{\"@type\":\"CommentAction\",\"name\":\"Comment\",\"target\":[\"https:\/\/slams.fr\/blog\/critiques-et-analyses\/le-slam-ses-origines-urbaines-et-son-impact-en-france\/#respond\"]}]},{\"@type\":\"WebPage\",\"@id\":\"https:\/\/slams.fr\/blog\/critiques-et-analyses\/le-slam-ses-origines-urbaines-et-son-impact-en-france\/\",\"url\":\"https:\/\/slams.fr\/blog\/critiques-et-analyses\/le-slam-ses-origines-urbaines-et-son-impact-en-france\/\",\"name\":\"Le slam : ses origines urbaines et son impact en France\",\"isPartOf\":{\"@id\":\"https:\/\/slams.fr\/blog\/#website\"},\"primaryImageOfPage\":{\"@id\":\"https:\/\/slams.fr\/blog\/critiques-et-analyses\/le-slam-ses-origines-urbaines-et-son-impact-en-france\/#primaryimage\"},\"image\":{\"@id\":\"https:\/\/slams.fr\/blog\/critiques-et-analyses\/le-slam-ses-origines-urbaines-et-son-impact-en-france\/#primaryimage\"},\"thumbnailUrl\":\"https:\/\/slams.fr\/blog\/wp-content\/uploads\/2025\/12\/pag-image-693be3379f582-scaled.png\",\"datePublished\":\"2026-01-22T08:32:00+00:00\",\"description\":\"Nous remontons aux racines du slam pour saisir comment cette po\u00e9sie performative a \u00e9merg\u00e9 d\u2019un contexte urbain contestataire et s\u2019est ancr\u00e9e durablement\",\"inLanguage\":\"fr-FR\",\"potentialAction\":[{\"@type\":\"ReadAction\",\"target\":[\"https:\/\/slams.fr\/blog\/critiques-et-analyses\/le-slam-ses-origines-urbaines-et-son-impact-en-france\/\"]}]},{\"@type\":\"ImageObject\",\"inLanguage\":\"fr-FR\",\"@id\":\"https:\/\/slams.fr\/blog\/critiques-et-analyses\/le-slam-ses-origines-urbaines-et-son-impact-en-france\/#primaryimage\",\"url\":\"https:\/\/slams.fr\/blog\/wp-content\/uploads\/2025\/12\/pag-image-693be3379f582-scaled.png\",\"contentUrl\":\"https:\/\/slams.fr\/blog\/wp-content\/uploads\/2025\/12\/pag-image-693be3379f582-scaled.png\",\"width\":1200,\"height\":686,\"caption\":\"Image g\u00e9n\u00e9r\u00e9e par IA optimis\u00e9e pour Google Discover\"},{\"@type\":\"WebSite\",\"@id\":\"https:\/\/slams.fr\/blog\/#website\",\"url\":\"https:\/\/slams.fr\/blog\/\",\"name\":\"slams.fr\",\"description\":\"Slams, l&#039;\u00e9nergie des mots en action\",\"publisher\":{\"@id\":\"https:\/\/slams.fr\/blog\/#organization\"},\"alternateName\":\"Slams, l'\u00e9nergie des mots en action\",\"potentialAction\":[{\"@type\":\"SearchAction\",\"target\":{\"@type\":\"EntryPoint\",\"urlTemplate\":\"https:\/\/slams.fr\/blog\/?s={search_term_string}\"},\"query-input\":{\"@type\":\"PropertyValueSpecification\",\"valueRequired\":true,\"valueName\":\"search_term_string\"}}],\"inLanguage\":\"fr-FR\"},{\"@type\":\"Organization\",\"@id\":\"https:\/\/slams.fr\/blog\/#organization\",\"name\":\"Foretsensations.fr\",\"url\":\"https:\/\/slams.fr\/blog\/\",\"logo\":{\"@type\":\"ImageObject\",\"inLanguage\":\"fr-FR\",\"@id\":\"https:\/\/slams.fr\/blog\/#\/schema\/logo\/image\/\",\"url\":\"https:\/\/slams.fr\/blog\/wp-content\/uploads\/2026\/07\/logo-auto-1.png\",\"contentUrl\":\"https:\/\/slams.fr\/blog\/wp-content\/uploads\/2026\/07\/logo-auto-1.png\",\"width\":1024,\"height\":1024,\"caption\":\"Foretsensations.fr\"},\"image\":{\"@id\":\"https:\/\/slams.fr\/blog\/#\/schema\/logo\/image\/\"}},{\"@type\":\"Person\",\"@id\":\"https:\/\/slams.fr\/blog\/#\/schema\/person\/3c864cdc320801e3db34b663e7e3f816\",\"name\":\"Rapha\u00ebl D.\",\"image\":{\"@type\":\"ImageObject\",\"inLanguage\":\"fr-FR\",\"@id\":\"https:\/\/slams.fr\/blog\/#\/schema\/person\/image\/\",\"url\":\"https:\/\/slams.fr\/blog\/wp-content\/uploads\/2026\/06\/persona_raphael-d-96x96.jpg\",\"contentUrl\":\"https:\/\/slams.fr\/blog\/wp-content\/uploads\/2026\/06\/persona_raphael-d-96x96.jpg\",\"caption\":\"Rapha\u00ebl D.\"},\"description\":\"La culture est mon terrain de jeu depuis une dizaine d'ann\u00e9es : arts visuels, s\u00e9ries, cr\u00e9ation et tout ce qui nourrit l'imaginaire. J'\u00e9cris aussi bien sur l'actualit\u00e9 des \u0153uvres que sur les coulisses de la cr\u00e9ation, avec l'envie de relier l'amateur curieux \u00e0 des univers parfois jug\u00e9s intimidants. J'aime analyser une s\u00e9rie ou une d\u00e9marche artistique sans p\u00e9dantisme, replacer une \u0153uvre dans son contexte et donner des cl\u00e9s de lecture accessibles. Avant de publier, je v\u00e9rifie mes r\u00e9f\u00e9rences, je recoupe les sources et je distingue clairement le fait de mon interpr\u00e9tation subjective. Je crois qu'une critique vaut surtout par les arguments qu'elle expose, pas par la sentence qu'elle rend. Mon angle : transmettre l'envie de d\u00e9couvrir, de regarder autrement et de se forger son propre go\u00fbt. La culture n'appartient pas qu'aux initi\u00e9s, et c'est tout l'enjeu de mon \u00e9criture.\",\"url\":\"https:\/\/slams.fr\/blog\/auteur\/raphael-d\/\",\"jobTitle\":\"R\u00e9dacteur en chef \u00b7 Culture & Cr\u00e9ation\",\"knowsAbout\":[\"Culture\",\"Cr\u00e9ation\"],\"email\":\"raphael.d@a-l-asso-de-l-art.fr\"}]}<\/script>\n<!-- \/ Yoast SEO Premium plugin. -->","yoast_head_json":{"title":"Le slam : ses origines urbaines et son impact en France","description":"Nous remontons aux racines du slam pour saisir comment cette po\u00e9sie performative a \u00e9merg\u00e9 d\u2019un contexte urbain contestataire et s\u2019est ancr\u00e9e durablement","robots":{"index":"index","follow":"follow","max-snippet":"max-snippet:-1","max-image-preview":"max-image-preview:large","max-video-preview":"max-video-preview:-1"},"canonical":"https:\/\/slams.fr\/blog\/critiques-et-analyses\/le-slam-ses-origines-urbaines-et-son-impact-en-france\/","og_locale":"fr_FR","og_type":"article","og_title":"Le slam : ses origines urbaines et son impact en France","og_description":"Nous remontons aux racines du slam pour saisir comment cette po\u00e9sie performative a \u00e9merg\u00e9 d\u2019un contexte urbain contestataire et s\u2019est ancr\u00e9e durablement","og_url":"https:\/\/slams.fr\/blog\/critiques-et-analyses\/le-slam-ses-origines-urbaines-et-son-impact-en-france\/","og_site_name":"slams","og_image":[{"width":1200,"height":686,"url":"https:\/\/slams.fr\/blog\/wp-content\/uploads\/2025\/12\/pag-image-693be3379f582-scaled.png","type":"image\/png"}],"author":"Rapha\u00ebl D.","twitter_card":"summary_large_image","schema":{"@context":"https:\/\/schema.org","@graph":[{"@type":"NewsArticle","@id":"https:\/\/slams.fr\/blog\/critiques-et-analyses\/le-slam-ses-origines-urbaines-et-son-impact-en-france\/#article","isPartOf":{"@id":"https:\/\/slams.fr\/blog\/critiques-et-analyses\/le-slam-ses-origines-urbaines-et-son-impact-en-france\/"},"author":{"name":"Rapha\u00ebl D.","@id":"https:\/\/slams.fr\/blog\/#\/schema\/person\/3c864cdc320801e3db34b663e7e3f816"},"headline":"Le slam : ses origines urbaines et son impact en France","datePublished":"2026-01-22T08:32:00+00:00","mainEntityOfPage":{"@id":"https:\/\/slams.fr\/blog\/critiques-et-analyses\/le-slam-ses-origines-urbaines-et-son-impact-en-france\/"},"wordCount":1435,"commentCount":0,"publisher":{"@id":"https:\/\/slams.fr\/blog\/#organization"},"image":{"@id":"https:\/\/slams.fr\/blog\/critiques-et-analyses\/le-slam-ses-origines-urbaines-et-son-impact-en-france\/#primaryimage"},"thumbnailUrl":"https:\/\/slams.fr\/blog\/wp-content\/uploads\/2025\/12\/pag-image-693be3379f582-scaled.png","keywords":["posie urbaine","slam france","slam origines"],"articleSection":["Critiques et Analyses"],"inLanguage":"fr-FR","potentialAction":[{"@type":"CommentAction","name":"Comment","target":["https:\/\/slams.fr\/blog\/critiques-et-analyses\/le-slam-ses-origines-urbaines-et-son-impact-en-france\/#respond"]}]},{"@type":"WebPage","@id":"https:\/\/slams.fr\/blog\/critiques-et-analyses\/le-slam-ses-origines-urbaines-et-son-impact-en-france\/","url":"https:\/\/slams.fr\/blog\/critiques-et-analyses\/le-slam-ses-origines-urbaines-et-son-impact-en-france\/","name":"Le slam : ses origines urbaines et son impact en France","isPartOf":{"@id":"https:\/\/slams.fr\/blog\/#website"},"primaryImageOfPage":{"@id":"https:\/\/slams.fr\/blog\/critiques-et-analyses\/le-slam-ses-origines-urbaines-et-son-impact-en-france\/#primaryimage"},"image":{"@id":"https:\/\/slams.fr\/blog\/critiques-et-analyses\/le-slam-ses-origines-urbaines-et-son-impact-en-france\/#primaryimage"},"thumbnailUrl":"https:\/\/slams.fr\/blog\/wp-content\/uploads\/2025\/12\/pag-image-693be3379f582-scaled.png","datePublished":"2026-01-22T08:32:00+00:00","description":"Nous remontons aux racines du slam pour saisir comment cette po\u00e9sie performative a \u00e9merg\u00e9 d\u2019un contexte urbain contestataire et s\u2019est ancr\u00e9e durablement","inLanguage":"fr-FR","potentialAction":[{"@type":"ReadAction","target":["https:\/\/slams.fr\/blog\/critiques-et-analyses\/le-slam-ses-origines-urbaines-et-son-impact-en-france\/"]}]},{"@type":"ImageObject","inLanguage":"fr-FR","@id":"https:\/\/slams.fr\/blog\/critiques-et-analyses\/le-slam-ses-origines-urbaines-et-son-impact-en-france\/#primaryimage","url":"https:\/\/slams.fr\/blog\/wp-content\/uploads\/2025\/12\/pag-image-693be3379f582-scaled.png","contentUrl":"https:\/\/slams.fr\/blog\/wp-content\/uploads\/2025\/12\/pag-image-693be3379f582-scaled.png","width":1200,"height":686,"caption":"Image g\u00e9n\u00e9r\u00e9e par IA optimis\u00e9e pour Google Discover"},{"@type":"WebSite","@id":"https:\/\/slams.fr\/blog\/#website","url":"https:\/\/slams.fr\/blog\/","name":"slams.fr","description":"Slams, l&#039;\u00e9nergie des mots en action","publisher":{"@id":"https:\/\/slams.fr\/blog\/#organization"},"alternateName":"Slams, l'\u00e9nergie des mots en action","potentialAction":[{"@type":"SearchAction","target":{"@type":"EntryPoint","urlTemplate":"https:\/\/slams.fr\/blog\/?s={search_term_string}"},"query-input":{"@type":"PropertyValueSpecification","valueRequired":true,"valueName":"search_term_string"}}],"inLanguage":"fr-FR"},{"@type":"Organization","@id":"https:\/\/slams.fr\/blog\/#organization","name":"Foretsensations.fr","url":"https:\/\/slams.fr\/blog\/","logo":{"@type":"ImageObject","inLanguage":"fr-FR","@id":"https:\/\/slams.fr\/blog\/#\/schema\/logo\/image\/","url":"https:\/\/slams.fr\/blog\/wp-content\/uploads\/2026\/07\/logo-auto-1.png","contentUrl":"https:\/\/slams.fr\/blog\/wp-content\/uploads\/2026\/07\/logo-auto-1.png","width":1024,"height":1024,"caption":"Foretsensations.fr"},"image":{"@id":"https:\/\/slams.fr\/blog\/#\/schema\/logo\/image\/"}},{"@type":"Person","@id":"https:\/\/slams.fr\/blog\/#\/schema\/person\/3c864cdc320801e3db34b663e7e3f816","name":"Rapha\u00ebl D.","image":{"@type":"ImageObject","inLanguage":"fr-FR","@id":"https:\/\/slams.fr\/blog\/#\/schema\/person\/image\/","url":"https:\/\/slams.fr\/blog\/wp-content\/uploads\/2026\/06\/persona_raphael-d-96x96.jpg","contentUrl":"https:\/\/slams.fr\/blog\/wp-content\/uploads\/2026\/06\/persona_raphael-d-96x96.jpg","caption":"Rapha\u00ebl D."},"description":"La culture est mon terrain de jeu depuis une dizaine d'ann\u00e9es : arts visuels, s\u00e9ries, cr\u00e9ation et tout ce qui nourrit l'imaginaire. J'\u00e9cris aussi bien sur l'actualit\u00e9 des \u0153uvres que sur les coulisses de la cr\u00e9ation, avec l'envie de relier l'amateur curieux \u00e0 des univers parfois jug\u00e9s intimidants. J'aime analyser une s\u00e9rie ou une d\u00e9marche artistique sans p\u00e9dantisme, replacer une \u0153uvre dans son contexte et donner des cl\u00e9s de lecture accessibles. Avant de publier, je v\u00e9rifie mes r\u00e9f\u00e9rences, je recoupe les sources et je distingue clairement le fait de mon interpr\u00e9tation subjective. Je crois qu'une critique vaut surtout par les arguments qu'elle expose, pas par la sentence qu'elle rend. Mon angle : transmettre l'envie de d\u00e9couvrir, de regarder autrement et de se forger son propre go\u00fbt. La culture n'appartient pas qu'aux initi\u00e9s, et c'est tout l'enjeu de mon \u00e9criture.","url":"https:\/\/slams.fr\/blog\/auteur\/raphael-d\/","jobTitle":"R\u00e9dacteur en chef \u00b7 Culture & Cr\u00e9ation","knowsAbout":["Culture","Cr\u00e9ation"],"email":"raphael.d@a-l-asso-de-l-art.fr"}]}},"_links":{"self":[{"href":"https:\/\/slams.fr\/blog\/wp-json\/wp\/v2\/posts\/7692","targetHints":{"allow":["GET"]}}],"collection":[{"href":"https:\/\/slams.fr\/blog\/wp-json\/wp\/v2\/posts"}],"about":[{"href":"https:\/\/slams.fr\/blog\/wp-json\/wp\/v2\/types\/post"}],"author":[{"embeddable":true,"href":"https:\/\/slams.fr\/blog\/wp-json\/wp\/v2\/users\/34"}],"replies":[{"embeddable":true,"href":"https:\/\/slams.fr\/blog\/wp-json\/wp\/v2\/comments?post=7692"}],"version-history":[{"count":1,"href":"https:\/\/slams.fr\/blog\/wp-json\/wp\/v2\/posts\/7692\/revisions"}],"predecessor-version":[{"id":7761,"href":"https:\/\/slams.fr\/blog\/wp-json\/wp\/v2\/posts\/7692\/revisions\/7761"}],"wp:featuredmedia":[{"embeddable":true,"href":"https:\/\/slams.fr\/blog\/wp-json\/wp\/v2\/media\/7694"}],"wp:attachment":[{"href":"https:\/\/slams.fr\/blog\/wp-json\/wp\/v2\/media?parent=7692"}],"wp:term":[{"taxonomy":"category","embeddable":true,"href":"https:\/\/slams.fr\/blog\/wp-json\/wp\/v2\/categories?post=7692"},{"taxonomy":"post_tag","embeddable":true,"href":"https:\/\/slams.fr\/blog\/wp-json\/wp\/v2\/tags?post=7692"}],"curies":[{"name":"wp","href":"https:\/\/api.w.org\/{rel}","templated":true}]}}