{"id":7695,"date":"2026-01-26T09:45:00","date_gmt":"2026-01-26T08:45:00","guid":{"rendered":"https:\/\/slams.fr\/blog\/?p=7695"},"modified":"2026-01-26T09:45:00","modified_gmt":"2026-01-26T08:45:00","slug":"slam-texte-comment-lart-dexprimer-ses-emotions-a-travers-la-poesie-orale","status":"publish","type":"post","link":"https:\/\/slams.fr\/blog\/communaute-et-interviews\/slam-texte-comment-lart-dexprimer-ses-emotions-a-travers-la-poesie-orale\/","title":{"rendered":"Slam texte : Comment l\u2019art d\u2019exprimer ses \u00e9motions \u00e0 travers la po\u00e9sie orale"},"content":{"rendered":"<div style=\"background: linear-gradient(135deg, #f5f7fa 0%, #e9ecef 100%);border-left: 4px solid #0073aa;padding: 15px 20px;margin: 0 0 25px 0;border-radius: 0 8px 8px 0\">\n<p style=\"margin: 0;font-size: 14px;color: #0073aa;font-weight: 600;text-transform: uppercase;letter-spacing: 1px;margin-bottom: 10px\">\ud83d\udccb En bref<\/p>\n<ul style=\"margin: 0;padding-left: 20px;list-style-type: none\">\n<li style=\"margin: 5px 0;color: #333;font-size: 15px;line-height: 1.5;position: relative;padding-left: 15px\"><span style=\"position: absolute;left: 0;color: #0073aa\">\u25b8<\/span> Le slam texte est une po\u00e9sie orale perform\u00e9e, m\u00ealant \u00e9motions et engagement.<\/li>\n<li style=\"margin: 5px 0;color: #333;font-size: 15px;line-height: 1.5;position: relative;padding-left: 15px\"><span style=\"position: absolute;left: 0;color: #0073aa\">\u25b8<\/span> N\u00e9 \u00e0 Chicago en 1986, il s&#039;est d\u00e9mocratis\u00e9 en France et ailleurs comme un espace de libert\u00e9 d&#039;expression.<\/li>\n<li style=\"margin: 5px 0;color: #333;font-size: 15px;line-height: 1.5;position: relative;padding-left: 15px\"><span style=\"position: absolute;left: 0;color: #0073aa\">\u25b8<\/span> Un slam r\u00e9ussi se caract\u00e9rise par son oralit\u00e9, son rythme et son authenticit\u00e9 linguistique.<\/li>\n<\/ul>\n<\/div>\n<h1>Slam texte : L\u2019art d\u2019exprimer ses \u00e9motions et sa v\u00e9rit\u00e9 \u00e0 travers les mots<\/h1>\n<h2>Plonger dans l\u2019univers du slam texte<\/h2>\n<p>Le <strong>slam texte<\/strong> d\u00e9signe un po\u00e8me \u00e9crit pour \u00eatre d\u00e9clam\u00e9 avec force devant un public, m\u00ealant po\u00e9sie orale libre, rythme percutant et performance sc\u00e9nique. Nous voyons en lui une fronti\u00e8re vivante entre <strong>po\u00e9sie<\/strong>, th\u00e9\u00e2tre et prise de parole engag\u00e9e, o\u00f9 la <strong>libert\u00e9<\/strong> r\u00e8gne sans r\u00e8gles strictes de rime ou de m\u00e9trique. Vous captez l&rsquo;essence : faire claquer les <strong>mots<\/strong> pour partager votre <strong>v\u00e9rit\u00e9<\/strong>, ce que la rue, les injustices ou les joies intimes vous ont grav\u00e9 dans le corps.<\/p>\n<p>Nous insistons sur son <u>dimension \u00e9motionnelle profonde<\/u> : un <strong>slam texte<\/strong> n&rsquo;est pas fig\u00e9 sur papier, il pulse au rythme de votre voix, de vos silences calcul\u00e9s, exer\u00e7ant un <strong>pouvoir<\/strong> magn\u00e9tique sur l&rsquo;auditoire. Dans cet article, nous retra\u00e7ons son histoire, d\u00e9codons ses forces, et vous r\u00e9v\u00e9lons <strong>k\u00f2man<\/strong> \u00e9crire le v\u00f4tre \u00e9tape par \u00e9tape, jusqu&rsquo;\u00e0 oser la sc\u00e8ne si le feu vous prend. Vous sortirez pr\u00eat \u00e0 lib\u00e9rer votre parole.<\/p>\n<ul>\n<li><strong>Libert\u00e9 formelle<\/strong> : aucun carcan po\u00e9tique impos\u00e9, seul compte l&rsquo;impact oral.<\/li>\n<li><strong>Rythme vital<\/strong> : \u00e9crit pour le souffle humain, pas pour l&rsquo;\u0153il seul.<\/li>\n<li><strong>Pouvoir collectif<\/strong> : le public vote, transformant chaque texte en dialogue vivant.<\/li>\n<\/ul>\n<h2>Qu\u2019est-ce que le slam ? Origines, d\u00e9finition et \u00e9volution<\/h2>\n<p>Le <strong>slam<\/strong> na\u00eet en <strong>1986<\/strong> \u00e0 <strong>Chicago<\/strong>, dans le <strong>Green Mill Lounge<\/strong>, un bar historique du quartier d&rsquo;Uptown. Nous rendons hommage \u00e0 <strong>Marc Smith<\/strong>, ouvrier en construction et po\u00e8te amateur, qui invente ce <strong>tournoi de po\u00e9sie<\/strong> orale pour d\u00e9mocratiser l&rsquo;art, loin des cercles \u00e9litistes. Le terme \u00ab\u00a0slam\u00a0\u00bb \u00e9voque le choc d&rsquo;une porte qui claque ou d&rsquo;une claque physique, signifiant l&rsquo;impact brutal des mots sur l&rsquo;auditoire.<\/p>\n<p>De ces joutes locales, le mouvement explose en <strong>mouvement mondial<\/strong> : en <strong>France<\/strong> d\u00e8s les ann\u00e9es <strong>1990<\/strong>, avec des pionniers comme <strong>Fran\u00e7ois Le Lionnais<\/strong> et le collectif <strong>L&rsquo;Api<\/strong> \u00e0 Paris ; au <strong>Qu\u00e9bec<\/strong> via des sc\u00e8nes ouvertes d\u00e8s <strong>2001<\/strong> ; en <strong>Ha\u00efti<\/strong>, o\u00f9 il devient refuge de <strong>libert\u00e9<\/strong> post-s\u00e9isme de <strong>2010<\/strong>, m\u00ealant cr\u00e9ole et fran\u00e7ais pour une parole populaire. Aujourd&rsquo;hui, plus de <u>500 sc\u00e8nes slam actives en France<\/u> attirent des milliers de participants annuels.<\/p>\n<ul>\n<li><strong>Marc Smith<\/strong>, cr\u00e9ateur au <strong>Green Mill Lounge<\/strong> en <strong>1986<\/strong> \u00e0 <strong>Chicago<\/strong>.<\/li>\n<li>Implantation en <strong>France<\/strong> (ann\u00e9es <strong>1990<\/strong>) et <strong>Ha\u00efti<\/strong> comme outil de r\u00e9sistance.<\/li>\n<li><u>Structure d\u00e9mocratique<\/u> : public comme jury, notes de 0 \u00e0 10 par \u00ab\u00a0candidats\u00a0\u00bb slameurs.<\/li>\n<\/ul>\n<h2>Les caract\u00e9ristiques d\u2019un slam texte r\u00e9ussi<\/h2>\n<p>Un <strong>slam texte<\/strong> excelle par son oralit\u00e9 primordiale : \u00e9crit pour \u00eatre <strong>dit<\/strong> en <u>2 \u00e0 3 minutes maximum<\/u>, il int\u00e8gre d\u00e9bit rapide, silences tendus et <strong>flow<\/strong> naturel, test\u00e9 \u00e0 voix haute. Nous appr\u00e9cions son langage cru, puisant dans l&rsquo;argot, le verlan, le cr\u00e9ole comme \u00ab\u00a0<strong>k\u00f2man<\/strong>\u00a0\u00bb ou \u00ab\u00a0<strong>nou<\/strong>\u00ab\u00a0, pour une authenticit\u00e9 qui colle \u00e0 la <strong>vie<\/strong> de quartier. Cette hybridit\u00e9 linguistique forge un lien visc\u00e9ral avec le public.<\/p>\n<p>Nous valorisons son engagement sinc\u00e8re : th\u00e8mes d&rsquo;injustice, identit\u00e9, <strong>libert\u00e9<\/strong>, toujours au \u00ab\u00a0je\u00a0\u00bb v\u00e9cu, avec une structure souple \u2013 accroche choc, mont\u00e9e en tension, <strong>punchline<\/strong> finale. Les assonances, rimes internes et r\u00e9p\u00e9titions cr\u00e9ent une musique int\u00e9rieure sans instrument. Exemple concret : \u00ab\u00a0J&rsquo;ai <strong>santi<\/strong> la rage dans mes veines, <strong>nou<\/strong> sommes les oubli\u00e9s du <strong>temps<\/strong>, candidats au silence bris\u00e9 par nos cris.\u00a0\u00bb<\/p>\n<ul>\n<li><strong>Rythme oral<\/strong> : phrases courtes, respirations pour le <strong>temps<\/strong> sc\u00e9nique.<\/li>\n<li><strong>Langage hybride<\/strong> : argot, cr\u00e9ole pour authenticit\u00e9.<\/li>\n<li><u>V\u00e9rit\u00e9 personnelle<\/u> : engagement sur la <strong>vie<\/strong> ressentie, non th\u00e9orique.<\/li>\n<\/ul>\n<h2>Comment \u00e9crire un slam texte ? Guide pratique pas \u00e0 pas<\/h2>\n<p>Pour \u00e9crire votre <strong>slam texte<\/strong>, commencez par un th\u00e8me charg\u00e9 d&rsquo;\u00e9motion : col\u00e8re face \u00e0 l&rsquo;injustice, joie d&rsquo;un amour quartier, appel au <strong>vote<\/strong> citoyen. Nous vous conseillons l&rsquo;\u00e9criture au \u00ab\u00a0je\u00a0\u00bb pour cette <u>sinc\u00e9rit\u00e9 visc\u00e9rale<\/u> qui captive. Prenez 10 minutes d&rsquo;\u00e9criture libre, listez mots-cl\u00e9s comme <strong>libert\u00e9<\/strong>, <strong>pouvoir<\/strong>, <strong>temps<\/strong>, <strong>nou<\/strong>, et tissez des m\u00e9taphores simples de ce que vous avez <strong>santi<\/strong>.<\/p>\n<p>Structurez ainsi : accroche percutante (\u00ab\u00a0<strong>K\u00f2man<\/strong> survivre quand le monde nous \u00e9touffe ?\u00a0\u00bb), d\u00e9veloppement en blocs (souvenirs, constats), chute appelante. Lisez \u00e0 voix haute pour sculpter le rythme, r\u00e9p\u00e9tez \u00ab\u00a0<strong>nou<\/strong>\u00a0\u00bb pour l&rsquo;\u00e9cho collectif. R\u00e9\u00e9crivez pour la sc\u00e8ne : court, clair, percutant. Pour un slam cr\u00e9ole-fran\u00e7ais, alternez \u00ab\u00a0<strong>k\u00f2man<\/strong> nou f\u00e8 ?\u00a0\u00bb et phrases fran\u00e7aises, renfor\u00e7ant votre identit\u00e9.<\/p>\n<ul>\n<li>Trouvez votre \u00e9motion forte : identit\u00e9, <strong>vote<\/strong>, quartier.<\/li>\n<li>\u00c9crivez au \u00ab\u00a0je\u00a0\u00bb, structurez (accroche, mont\u00e9e, chute).<\/li>\n<li>Travaillez rythme : voix haute, r\u00e9p\u00e9titions, hybridit\u00e9 linguistique.<\/li>\n<li><u>Questions r\u00e9vision<\/u> : Quel ressenti voulez-vous imposer ? O\u00f9 claque votre <strong>punchline<\/strong> ?<\/li>\n<\/ul>\n<h2>Le slam comme outil de revendication sociale et politique<\/h2>\n<p>Nous saluons le <strong>slam texte<\/strong> comme arme contre le racisme, les violences polici\u00e8res, les in\u00e9galit\u00e9s : en <strong>2013<\/strong>, des slameurs fran\u00e7ais comme <strong>Superflu<\/strong> d\u00e9noncent la pr\u00e9carit\u00e9 des banlieues. Aux \u00c9tats-Unis, il pulse avec <strong>Black Lives Matter<\/strong> depuis <strong>2013<\/strong>, boostant le <strong>vote<\/strong> jeune \u2013 vid\u00e9os slam cumulent <u>plus de 100 millions de vues sur YouTube<\/u> en 2020.<\/p>\n<p>En <strong>Ha\u00efti<\/strong>, <strong>James Francisque<\/strong>, slameur ha\u00eftien \u00e9m\u00e9rite, utilise le cr\u00e9ole pour la justice sociale post-<strong>2021<\/strong>. En France, <u>plus de 200 sc\u00e8nes annuelles<\/u> \u00e0 <strong>Paris<\/strong> et <strong>Marseille<\/strong> donnent voix aux migrants, femmes, LGBTQIA+. Ce <strong>pouvoir<\/strong> transforme : p\u00e9titions lanc\u00e9es, consciences \u00e9veill\u00e9es, un micro devenant parlement des invisibles.<\/p>\n<ul>\n<li><strong>Grand Corps Malade<\/strong> sur handicap et quartiers.<\/li>\n<li><u>Croissance virale<\/u> : <strong>Black Lives Matter<\/strong>, millions de vues.<\/li>\n<li>Inclusivit\u00e9 : minorit\u00e9s, jeunes de <strong>banlieues parisiennes<\/strong>.<\/li>\n<\/ul>\n<h2>Les \u00e9v\u00e9nements de slam, sc\u00e8nes ouvertes et comp\u00e9titions<\/h2>\n<p>Une <strong>sc\u00e8ne slam<\/strong> est ce bar ou th\u00e9\u00e2tre o\u00f9 <strong>nou<\/strong> venons, sans filtre, pour 3 minutes chrono : tirage au sort des <strong>candidats<\/strong>, jury public note de 0 \u00e0 10, texte original sans musique souvent. Nous citons le <strong>Grand Slam de Paris<\/strong>, tournoi annuel depuis <strong>2001<\/strong> au <strong>Th\u00e9\u00e2tre de la Ville<\/strong>, attirant <u>500 participants<\/u> et 2000 spectateurs.<\/p>\n<p>Championnat de France <strong>Slam de France<\/strong> \u00e0 <strong>Lyon<\/strong> en <strong>2024<\/strong> r\u00e9unit 64 slameurs ; en <strong>Ha\u00efti<\/strong>, festivals post-s\u00e9isme boostent la participation de <u>30% annuelle<\/u>. Ces nuits forgent communaut\u00e9s, talents comme <strong>Sayah<\/strong>, pass\u00e9 de sc\u00e8ne \u00e0 albums. Pour vous lancer : cherchez sur Instagram \u00ab\u00a0slam [votre ville]\u00a0\u00bb, r\u00e9p\u00e9tez votre texte, g\u00e9rez le trac par respirations.<\/p>\n<ul>\n<li><strong>Grand Slam de Paris<\/strong> : embl\u00e9matique depuis <strong>2001<\/strong>.<\/li>\n<li><u>Fr\u00e9quentation<\/u> : 100-300 personnes par soir\u00e9e \u00e0 <strong>Paris<\/strong>.<\/li>\n<li>Conseils : r\u00e9p\u00e9titions, recherche sc\u00e8nes locales.<\/li>\n<\/ul>\n<h2>L\u2019impact du slam texte sur la culture contemporaine<\/h2>\n<p><strong>Grand Corps Malade<\/strong>, de son vrai nom <strong>Fabien Marsaud<\/strong>, explose en <strong>2006<\/strong> avec l&rsquo;album <strong>Faut pas la laisser pourrir<\/strong>, vendant <u>1 million d&rsquo;exemplaires<\/u>, m\u00ealant slam et chanson sur handicap, \u00e9cole. <strong>Keny Arkana<\/strong>, rappeuse marseillaise, infuse esprit slam engag\u00e9 dans <strong>2008<\/strong>&lsquo;s <strong>Entre deux mondes<\/strong>, d\u00e9non\u00e7ant pr\u00e9carit\u00e9.<\/p>\n<p>Dans l&rsquo;\u00e9ducation, ateliers slam en coll\u00e8ges fran\u00e7ais touchent <u>50 000 \u00e9l\u00e8ves annuels<\/u> via <strong>Canop\u00e9<\/strong>, boostant confiance orale de <strong>40%<\/strong> selon \u00e9tudes <strong>2019<\/strong>. Sur TikTok, slams viraux comme celui de <strong>Collectif 129H<\/strong> atteignent <u>10 millions de vues en 2023<\/u>. Nous voyons le slam comme laboratoire linguistique, hybridant cr\u00e9ole et street pour influencer la langue quotidienne.<\/p>\n<ul>\n<li><strong>Grand Corps Malade<\/strong> : <u>prix Victoire de la Musique 2007<\/u>.<\/li>\n<li><strong>Keny Arkana<\/strong> : textes sur <strong>libert\u00e9<\/strong> et justice.<\/li>\n<li>Viralit\u00e9 : millions de vues, ateliers \u00e9ducatifs.<\/li>\n<\/ul>\n<h2>Le slam texte, une voix pour tous<\/h2>\n<p>Le <strong>slam texte<\/strong> incarne <strong>libert\u00e9<\/strong> totale, \u00e9criture de <strong>vie<\/strong> brute, <strong>pouvoir<\/strong> des mots pour tous. Vous n&rsquo;avez besoin ni de dipl\u00f4me ni de sc\u00e8ne pro : juste votre v\u00e9rit\u00e9 <strong>senti<\/strong>, vos mots simples pour un \u00ab\u00a0je\u00a0\u00bb qui r\u00e9sonne en \u00ab\u00a0<strong>nou<\/strong>\u00ab\u00a0.<\/p>\n<p>Nous vous invitons \u00e0 griffonner vos premi\u00e8res lignes d\u00e8s \u00e0 pr\u00e9sent \u2013 une \u00e9motion, une injustice \u2013 puis \u00e0 d\u00e9nicher une sc\u00e8ne pr\u00e8s de chez vous via r\u00e9seaux sociaux. Transformez votre silence en \u00e9cho collectif, votre douleur en force partag\u00e9e : le slam vous attend pour que votre voix claque enfin.<\/p>\n<div style=\"background: #e8f4f8;border: 3px solid #0073aa;padding: 20px;margin: 20px 0;border-radius: 8px\">\n<h2 style=\"color: #0073aa;text-align: center;margin-bottom: 15px\">\ud83d\udd27 Ressources Pratiques et Outils<\/h2>\n<div style=\"background: white;padding: 15px;margin: 10px 0;border-left: 4px solid #28a745\">\n<h3 style=\"color: #28a745;margin-bottom: 10px\">\ud83d\udccd Ateliers et Sc\u00e8nes de Slam \u00e0 Paris<\/h3>\n<p><strong>Maison de la Po\u00e9sie Paris<\/strong> : 157 rue Saint-Martin, 75003 Paris. T\u00e9l : 01 44 54 53 00 (mardi-samedi 15h-18h).<br \/>\n<strong>Collectif Slam \u00f4 F\u00e9minin<\/strong> : Ateliers au Centre Binet, Paris 18e. Inscription pour ateliers hebdomadaires mardis 19h30-21h (2025-2026).<br \/>\n<strong>Sc\u00e8ne Universlam<\/strong> : \u00ab\u00a0Moulin \u00e0 Caf\u00e9\u00a0\u00bb, quartier Montparnasse, Paris. Vendredis inscriptions 18h30, sc\u00e8ne 19h30. Entr\u00e9e libre. \u00c9ditions : <a href=\"http:\/\/www.universlam-editions.com\" rel=\"nofollow\">universlam-editions.com<\/a>.<\/p>\n<\/div>\n<div style=\"background: white;padding: 15px;margin: 10px 0;border-left: 4px solid #007bff\">\n<h3 style=\"color: #007bff;margin-bottom: 10px\">\ud83d\udee0\ufe0f Outils et Formations<\/h3>\n<p><strong>Atelier \u00e9criture slam-po\u00e9sie<\/strong> \u00e0 la Maison de la Po\u00e9sie : Avec Julien Barret (Eloquentia) et collectif 129H. Temps \u00e9criture + d\u00e9clamation, restitution publique.<br \/>\n<strong>Initiation au slam<\/strong> : Th\u00e9\u00e2tre Silvia Monfort, 6 d\u00e9cembre 2025, 15h30-17h30, d\u00e8s 14 ans, gratuit. Inscription : <a href=\"mailto:publics@theatresilviamonfort.eu\">publics@theatresilviamonfort.eu<\/a>.<\/p>\n<\/div>\n<div style=\"background: white;padding: 15px;margin: 10px 0;border-left: 4px solid #6f42c1\">\n<h3 style=\"color: #6f42c1;margin-bottom: 10px\">\ud83d\udc65 Communaut\u00e9 et Experts<\/h3>\n<p><strong>Th\u00e9\u00e2tre de la Concorde<\/strong> : Ateliers slam mensuels gratuits (\u00e9criture, impro, battles) du 22 novembre au 20 d\u00e9cembre 2025. Plus d&rsquo;infos : <a href=\"https:\/\/www.paris.fr\/evenements\/explorer-l-art-du-slam-et-de-la-parole-au-theatre-de-la-concorde-99605\" rel=\"nofollow\">paris.fr<\/a>.<br \/>\n<strong>Op\u00e9ra de la Parole<\/strong> : Formations gratuites Paris 14e et 8e (3 trimestres). Plus d&rsquo;infos : <a href=\"https:\/\/operaparole.com\/fr\/Programme\" rel=\"nofollow\">operaparole.com<\/a>.<\/p>\n<\/div>\n<div style=\"background: #fff3cd;padding: 15px;margin: 15px 0;border: 2px solid #ffc107;border-radius: 5px\">\n<strong style=\"color: #856404\">\ud83d\udca1 R\u00e9sum\u00e9 en 2 lignes :<\/strong><br \/>\n<span>D\u00e9couvrez des ateliers et sc\u00e8nes de slam \u00e0 Paris pour exprimer votre voix. Participez \u00e0 des \u00e9v\u00e9nements gratuits et formez-vous avec des experts du milieu.<\/span>\n<\/div>\n<\/div>\n","protected":false},"excerpt":{"rendered":"","protected":false},"author":34,"featured_media":7697,"comment_status":"open","ping_status":"open","sticky":false,"template":"","format":"standard","meta":{"_acf_changed":false,"manual_indexmenow":false,"indexmenow_id_project":0,"footnotes":""},"categories":[4524],"tags":[4780,4769,4712],"class_list":["post-7695","post","type-post","status-publish","format-standard","has-post-thumbnail","hentry","category-communaute-et-interviews","tag-expression-motions","tag-posie-orale","tag-slam-posie","generate-columns","tablet-grid-50","mobile-grid-100","grid-parent","grid-25"],"acf":[],"yoast_head":"<!-- This site is optimized with the Yoast SEO Premium plugin v21.3 (Yoast SEO v26.5) - https:\/\/yoast.com\/wordpress\/plugins\/seo\/ -->\n<title>Slam texte : exprimer ses \u00e9motions par la po\u00e9sie orale<\/title>\n<meta name=\"description\" content=\"Le slam texte d\u00e9signe un po\u00e8me \u00e9crit pour \u00eatre d\u00e9clam\u00e9 avec force devant un public, m\u00ealant po\u00e9sie orale libre, rythme percutant et performance sc\u00e9nique.\" \/>\n<meta name=\"robots\" content=\"index, follow, max-snippet:-1, max-image-preview:large, max-video-preview:-1\" \/>\n<link rel=\"canonical\" href=\"https:\/\/slams.fr\/blog\/communaute-et-interviews\/slam-texte-comment-lart-dexprimer-ses-emotions-a-travers-la-poesie-orale\/\" \/>\n<meta property=\"og:locale\" content=\"fr_FR\" \/>\n<meta property=\"og:type\" content=\"article\" \/>\n<meta property=\"og:title\" content=\"Slam texte : exprimer ses \u00e9motions par la po\u00e9sie orale\" \/>\n<meta property=\"og:description\" content=\"Le slam texte d\u00e9signe un po\u00e8me \u00e9crit pour \u00eatre d\u00e9clam\u00e9 avec force devant un public, m\u00ealant po\u00e9sie orale libre, rythme percutant et performance sc\u00e9nique.\" \/>\n<meta property=\"og:url\" content=\"https:\/\/slams.fr\/blog\/communaute-et-interviews\/slam-texte-comment-lart-dexprimer-ses-emotions-a-travers-la-poesie-orale\/\" \/>\n<meta property=\"og:site_name\" content=\"slams\" \/>\n<meta property=\"og:image\" content=\"https:\/\/slams.fr\/blog\/wp-content\/uploads\/2025\/12\/pag-image-693be3ad4501f-scaled.png\" \/>\n\t<meta property=\"og:image:width\" content=\"1200\" \/>\n\t<meta property=\"og:image:height\" content=\"686\" \/>\n\t<meta property=\"og:image:type\" content=\"image\/png\" \/>\n<meta name=\"author\" content=\"Rapha\u00ebl D.\" \/>\n<meta name=\"twitter:card\" content=\"summary_large_image\" \/>\n<script type=\"application\/ld+json\" class=\"yoast-schema-graph\">{\"@context\":\"https:\/\/schema.org\",\"@graph\":[{\"@type\":\"NewsArticle\",\"@id\":\"https:\/\/slams.fr\/blog\/communaute-et-interviews\/slam-texte-comment-lart-dexprimer-ses-emotions-a-travers-la-poesie-orale\/#article\",\"isPartOf\":{\"@id\":\"https:\/\/slams.fr\/blog\/communaute-et-interviews\/slam-texte-comment-lart-dexprimer-ses-emotions-a-travers-la-poesie-orale\/\"},\"author\":{\"name\":\"Rapha\u00ebl D.\",\"@id\":\"https:\/\/slams.fr\/blog\/#\/schema\/person\/3c864cdc320801e3db34b663e7e3f816\"},\"headline\":\"Slam texte : Comment l\u2019art d\u2019exprimer ses \u00e9motions \u00e0 travers la po\u00e9sie orale\",\"datePublished\":\"2026-01-26T08:45:00+00:00\",\"mainEntityOfPage\":{\"@id\":\"https:\/\/slams.fr\/blog\/communaute-et-interviews\/slam-texte-comment-lart-dexprimer-ses-emotions-a-travers-la-poesie-orale\/\"},\"wordCount\":1540,\"commentCount\":0,\"publisher\":{\"@id\":\"https:\/\/slams.fr\/blog\/#organization\"},\"image\":{\"@id\":\"https:\/\/slams.fr\/blog\/communaute-et-interviews\/slam-texte-comment-lart-dexprimer-ses-emotions-a-travers-la-poesie-orale\/#primaryimage\"},\"thumbnailUrl\":\"https:\/\/slams.fr\/blog\/wp-content\/uploads\/2025\/12\/pag-image-693be3ad4501f-scaled.png\",\"keywords\":[\"expression motions\",\"posie orale\",\"slam posie\"],\"articleSection\":[\"Communaut\u00e9 et Interviews\"],\"inLanguage\":\"fr-FR\",\"potentialAction\":[{\"@type\":\"CommentAction\",\"name\":\"Comment\",\"target\":[\"https:\/\/slams.fr\/blog\/communaute-et-interviews\/slam-texte-comment-lart-dexprimer-ses-emotions-a-travers-la-poesie-orale\/#respond\"]}]},{\"@type\":\"WebPage\",\"@id\":\"https:\/\/slams.fr\/blog\/communaute-et-interviews\/slam-texte-comment-lart-dexprimer-ses-emotions-a-travers-la-poesie-orale\/\",\"url\":\"https:\/\/slams.fr\/blog\/communaute-et-interviews\/slam-texte-comment-lart-dexprimer-ses-emotions-a-travers-la-poesie-orale\/\",\"name\":\"Slam texte : exprimer ses \u00e9motions par la po\u00e9sie orale\",\"isPartOf\":{\"@id\":\"https:\/\/slams.fr\/blog\/#website\"},\"primaryImageOfPage\":{\"@id\":\"https:\/\/slams.fr\/blog\/communaute-et-interviews\/slam-texte-comment-lart-dexprimer-ses-emotions-a-travers-la-poesie-orale\/#primaryimage\"},\"image\":{\"@id\":\"https:\/\/slams.fr\/blog\/communaute-et-interviews\/slam-texte-comment-lart-dexprimer-ses-emotions-a-travers-la-poesie-orale\/#primaryimage\"},\"thumbnailUrl\":\"https:\/\/slams.fr\/blog\/wp-content\/uploads\/2025\/12\/pag-image-693be3ad4501f-scaled.png\",\"datePublished\":\"2026-01-26T08:45:00+00:00\",\"description\":\"Le slam texte d\u00e9signe un po\u00e8me \u00e9crit pour \u00eatre d\u00e9clam\u00e9 avec force devant un public, m\u00ealant po\u00e9sie orale libre, rythme percutant et performance sc\u00e9nique.\",\"inLanguage\":\"fr-FR\",\"potentialAction\":[{\"@type\":\"ReadAction\",\"target\":[\"https:\/\/slams.fr\/blog\/communaute-et-interviews\/slam-texte-comment-lart-dexprimer-ses-emotions-a-travers-la-poesie-orale\/\"]}]},{\"@type\":\"ImageObject\",\"inLanguage\":\"fr-FR\",\"@id\":\"https:\/\/slams.fr\/blog\/communaute-et-interviews\/slam-texte-comment-lart-dexprimer-ses-emotions-a-travers-la-poesie-orale\/#primaryimage\",\"url\":\"https:\/\/slams.fr\/blog\/wp-content\/uploads\/2025\/12\/pag-image-693be3ad4501f-scaled.png\",\"contentUrl\":\"https:\/\/slams.fr\/blog\/wp-content\/uploads\/2025\/12\/pag-image-693be3ad4501f-scaled.png\",\"width\":1200,\"height\":686,\"caption\":\"Image g\u00e9n\u00e9r\u00e9e par IA optimis\u00e9e pour Google Discover\"},{\"@type\":\"WebSite\",\"@id\":\"https:\/\/slams.fr\/blog\/#website\",\"url\":\"https:\/\/slams.fr\/blog\/\",\"name\":\"slams.fr\",\"description\":\"Slams, l&#039;\u00e9nergie des mots en action\",\"publisher\":{\"@id\":\"https:\/\/slams.fr\/blog\/#organization\"},\"alternateName\":\"Slams, l'\u00e9nergie des mots en action\",\"potentialAction\":[{\"@type\":\"SearchAction\",\"target\":{\"@type\":\"EntryPoint\",\"urlTemplate\":\"https:\/\/slams.fr\/blog\/?s={search_term_string}\"},\"query-input\":{\"@type\":\"PropertyValueSpecification\",\"valueRequired\":true,\"valueName\":\"search_term_string\"}}],\"inLanguage\":\"fr-FR\"},{\"@type\":\"Organization\",\"@id\":\"https:\/\/slams.fr\/blog\/#organization\",\"name\":\"Foretsensations.fr\",\"url\":\"https:\/\/slams.fr\/blog\/\",\"logo\":{\"@type\":\"ImageObject\",\"inLanguage\":\"fr-FR\",\"@id\":\"https:\/\/slams.fr\/blog\/#\/schema\/logo\/image\/\",\"url\":\"https:\/\/slams.fr\/blog\/wp-content\/uploads\/2026\/07\/logo-auto-1.png\",\"contentUrl\":\"https:\/\/slams.fr\/blog\/wp-content\/uploads\/2026\/07\/logo-auto-1.png\",\"width\":1024,\"height\":1024,\"caption\":\"Foretsensations.fr\"},\"image\":{\"@id\":\"https:\/\/slams.fr\/blog\/#\/schema\/logo\/image\/\"}},{\"@type\":\"Person\",\"@id\":\"https:\/\/slams.fr\/blog\/#\/schema\/person\/3c864cdc320801e3db34b663e7e3f816\",\"name\":\"Rapha\u00ebl D.\",\"image\":{\"@type\":\"ImageObject\",\"inLanguage\":\"fr-FR\",\"@id\":\"https:\/\/slams.fr\/blog\/#\/schema\/person\/image\/\",\"url\":\"https:\/\/slams.fr\/blog\/wp-content\/uploads\/2026\/06\/persona_raphael-d-96x96.jpg\",\"contentUrl\":\"https:\/\/slams.fr\/blog\/wp-content\/uploads\/2026\/06\/persona_raphael-d-96x96.jpg\",\"caption\":\"Rapha\u00ebl D.\"},\"description\":\"La culture est mon terrain de jeu depuis une dizaine d'ann\u00e9es : arts visuels, s\u00e9ries, cr\u00e9ation et tout ce qui nourrit l'imaginaire. J'\u00e9cris aussi bien sur l'actualit\u00e9 des \u0153uvres que sur les coulisses de la cr\u00e9ation, avec l'envie de relier l'amateur curieux \u00e0 des univers parfois jug\u00e9s intimidants. J'aime analyser une s\u00e9rie ou une d\u00e9marche artistique sans p\u00e9dantisme, replacer une \u0153uvre dans son contexte et donner des cl\u00e9s de lecture accessibles. Avant de publier, je v\u00e9rifie mes r\u00e9f\u00e9rences, je recoupe les sources et je distingue clairement le fait de mon interpr\u00e9tation subjective. Je crois qu'une critique vaut surtout par les arguments qu'elle expose, pas par la sentence qu'elle rend. Mon angle : transmettre l'envie de d\u00e9couvrir, de regarder autrement et de se forger son propre go\u00fbt. La culture n'appartient pas qu'aux initi\u00e9s, et c'est tout l'enjeu de mon \u00e9criture.\",\"url\":\"https:\/\/slams.fr\/blog\/auteur\/raphael-d\/\",\"jobTitle\":\"R\u00e9dacteur en chef \u00b7 Culture & Cr\u00e9ation\",\"knowsAbout\":[\"Culture\",\"Cr\u00e9ation\"],\"email\":\"raphael.d@a-l-asso-de-l-art.fr\"}]}<\/script>\n<!-- \/ Yoast SEO Premium plugin. -->","yoast_head_json":{"title":"Slam texte : exprimer ses \u00e9motions par la po\u00e9sie orale","description":"Le slam texte d\u00e9signe un po\u00e8me \u00e9crit pour \u00eatre d\u00e9clam\u00e9 avec force devant un public, m\u00ealant po\u00e9sie orale libre, rythme percutant et performance sc\u00e9nique.","robots":{"index":"index","follow":"follow","max-snippet":"max-snippet:-1","max-image-preview":"max-image-preview:large","max-video-preview":"max-video-preview:-1"},"canonical":"https:\/\/slams.fr\/blog\/communaute-et-interviews\/slam-texte-comment-lart-dexprimer-ses-emotions-a-travers-la-poesie-orale\/","og_locale":"fr_FR","og_type":"article","og_title":"Slam texte : exprimer ses \u00e9motions par la po\u00e9sie orale","og_description":"Le slam texte d\u00e9signe un po\u00e8me \u00e9crit pour \u00eatre d\u00e9clam\u00e9 avec force devant un public, m\u00ealant po\u00e9sie orale libre, rythme percutant et performance sc\u00e9nique.","og_url":"https:\/\/slams.fr\/blog\/communaute-et-interviews\/slam-texte-comment-lart-dexprimer-ses-emotions-a-travers-la-poesie-orale\/","og_site_name":"slams","og_image":[{"width":1200,"height":686,"url":"https:\/\/slams.fr\/blog\/wp-content\/uploads\/2025\/12\/pag-image-693be3ad4501f-scaled.png","type":"image\/png"}],"author":"Rapha\u00ebl D.","twitter_card":"summary_large_image","schema":{"@context":"https:\/\/schema.org","@graph":[{"@type":"NewsArticle","@id":"https:\/\/slams.fr\/blog\/communaute-et-interviews\/slam-texte-comment-lart-dexprimer-ses-emotions-a-travers-la-poesie-orale\/#article","isPartOf":{"@id":"https:\/\/slams.fr\/blog\/communaute-et-interviews\/slam-texte-comment-lart-dexprimer-ses-emotions-a-travers-la-poesie-orale\/"},"author":{"name":"Rapha\u00ebl D.","@id":"https:\/\/slams.fr\/blog\/#\/schema\/person\/3c864cdc320801e3db34b663e7e3f816"},"headline":"Slam texte : Comment l\u2019art d\u2019exprimer ses \u00e9motions \u00e0 travers la po\u00e9sie orale","datePublished":"2026-01-26T08:45:00+00:00","mainEntityOfPage":{"@id":"https:\/\/slams.fr\/blog\/communaute-et-interviews\/slam-texte-comment-lart-dexprimer-ses-emotions-a-travers-la-poesie-orale\/"},"wordCount":1540,"commentCount":0,"publisher":{"@id":"https:\/\/slams.fr\/blog\/#organization"},"image":{"@id":"https:\/\/slams.fr\/blog\/communaute-et-interviews\/slam-texte-comment-lart-dexprimer-ses-emotions-a-travers-la-poesie-orale\/#primaryimage"},"thumbnailUrl":"https:\/\/slams.fr\/blog\/wp-content\/uploads\/2025\/12\/pag-image-693be3ad4501f-scaled.png","keywords":["expression motions","posie orale","slam posie"],"articleSection":["Communaut\u00e9 et Interviews"],"inLanguage":"fr-FR","potentialAction":[{"@type":"CommentAction","name":"Comment","target":["https:\/\/slams.fr\/blog\/communaute-et-interviews\/slam-texte-comment-lart-dexprimer-ses-emotions-a-travers-la-poesie-orale\/#respond"]}]},{"@type":"WebPage","@id":"https:\/\/slams.fr\/blog\/communaute-et-interviews\/slam-texte-comment-lart-dexprimer-ses-emotions-a-travers-la-poesie-orale\/","url":"https:\/\/slams.fr\/blog\/communaute-et-interviews\/slam-texte-comment-lart-dexprimer-ses-emotions-a-travers-la-poesie-orale\/","name":"Slam texte : exprimer ses \u00e9motions par la po\u00e9sie orale","isPartOf":{"@id":"https:\/\/slams.fr\/blog\/#website"},"primaryImageOfPage":{"@id":"https:\/\/slams.fr\/blog\/communaute-et-interviews\/slam-texte-comment-lart-dexprimer-ses-emotions-a-travers-la-poesie-orale\/#primaryimage"},"image":{"@id":"https:\/\/slams.fr\/blog\/communaute-et-interviews\/slam-texte-comment-lart-dexprimer-ses-emotions-a-travers-la-poesie-orale\/#primaryimage"},"thumbnailUrl":"https:\/\/slams.fr\/blog\/wp-content\/uploads\/2025\/12\/pag-image-693be3ad4501f-scaled.png","datePublished":"2026-01-26T08:45:00+00:00","description":"Le slam texte d\u00e9signe un po\u00e8me \u00e9crit pour \u00eatre d\u00e9clam\u00e9 avec force devant un public, m\u00ealant po\u00e9sie orale libre, rythme percutant et performance sc\u00e9nique.","inLanguage":"fr-FR","potentialAction":[{"@type":"ReadAction","target":["https:\/\/slams.fr\/blog\/communaute-et-interviews\/slam-texte-comment-lart-dexprimer-ses-emotions-a-travers-la-poesie-orale\/"]}]},{"@type":"ImageObject","inLanguage":"fr-FR","@id":"https:\/\/slams.fr\/blog\/communaute-et-interviews\/slam-texte-comment-lart-dexprimer-ses-emotions-a-travers-la-poesie-orale\/#primaryimage","url":"https:\/\/slams.fr\/blog\/wp-content\/uploads\/2025\/12\/pag-image-693be3ad4501f-scaled.png","contentUrl":"https:\/\/slams.fr\/blog\/wp-content\/uploads\/2025\/12\/pag-image-693be3ad4501f-scaled.png","width":1200,"height":686,"caption":"Image g\u00e9n\u00e9r\u00e9e par IA optimis\u00e9e pour Google Discover"},{"@type":"WebSite","@id":"https:\/\/slams.fr\/blog\/#website","url":"https:\/\/slams.fr\/blog\/","name":"slams.fr","description":"Slams, l&#039;\u00e9nergie des mots en action","publisher":{"@id":"https:\/\/slams.fr\/blog\/#organization"},"alternateName":"Slams, l'\u00e9nergie des mots en action","potentialAction":[{"@type":"SearchAction","target":{"@type":"EntryPoint","urlTemplate":"https:\/\/slams.fr\/blog\/?s={search_term_string}"},"query-input":{"@type":"PropertyValueSpecification","valueRequired":true,"valueName":"search_term_string"}}],"inLanguage":"fr-FR"},{"@type":"Organization","@id":"https:\/\/slams.fr\/blog\/#organization","name":"Foretsensations.fr","url":"https:\/\/slams.fr\/blog\/","logo":{"@type":"ImageObject","inLanguage":"fr-FR","@id":"https:\/\/slams.fr\/blog\/#\/schema\/logo\/image\/","url":"https:\/\/slams.fr\/blog\/wp-content\/uploads\/2026\/07\/logo-auto-1.png","contentUrl":"https:\/\/slams.fr\/blog\/wp-content\/uploads\/2026\/07\/logo-auto-1.png","width":1024,"height":1024,"caption":"Foretsensations.fr"},"image":{"@id":"https:\/\/slams.fr\/blog\/#\/schema\/logo\/image\/"}},{"@type":"Person","@id":"https:\/\/slams.fr\/blog\/#\/schema\/person\/3c864cdc320801e3db34b663e7e3f816","name":"Rapha\u00ebl D.","image":{"@type":"ImageObject","inLanguage":"fr-FR","@id":"https:\/\/slams.fr\/blog\/#\/schema\/person\/image\/","url":"https:\/\/slams.fr\/blog\/wp-content\/uploads\/2026\/06\/persona_raphael-d-96x96.jpg","contentUrl":"https:\/\/slams.fr\/blog\/wp-content\/uploads\/2026\/06\/persona_raphael-d-96x96.jpg","caption":"Rapha\u00ebl D."},"description":"La culture est mon terrain de jeu depuis une dizaine d'ann\u00e9es : arts visuels, s\u00e9ries, cr\u00e9ation et tout ce qui nourrit l'imaginaire. J'\u00e9cris aussi bien sur l'actualit\u00e9 des \u0153uvres que sur les coulisses de la cr\u00e9ation, avec l'envie de relier l'amateur curieux \u00e0 des univers parfois jug\u00e9s intimidants. J'aime analyser une s\u00e9rie ou une d\u00e9marche artistique sans p\u00e9dantisme, replacer une \u0153uvre dans son contexte et donner des cl\u00e9s de lecture accessibles. Avant de publier, je v\u00e9rifie mes r\u00e9f\u00e9rences, je recoupe les sources et je distingue clairement le fait de mon interpr\u00e9tation subjective. Je crois qu'une critique vaut surtout par les arguments qu'elle expose, pas par la sentence qu'elle rend. Mon angle : transmettre l'envie de d\u00e9couvrir, de regarder autrement et de se forger son propre go\u00fbt. La culture n'appartient pas qu'aux initi\u00e9s, et c'est tout l'enjeu de mon \u00e9criture.","url":"https:\/\/slams.fr\/blog\/auteur\/raphael-d\/","jobTitle":"R\u00e9dacteur en chef \u00b7 Culture & Cr\u00e9ation","knowsAbout":["Culture","Cr\u00e9ation"],"email":"raphael.d@a-l-asso-de-l-art.fr"}]}},"_links":{"self":[{"href":"https:\/\/slams.fr\/blog\/wp-json\/wp\/v2\/posts\/7695","targetHints":{"allow":["GET"]}}],"collection":[{"href":"https:\/\/slams.fr\/blog\/wp-json\/wp\/v2\/posts"}],"about":[{"href":"https:\/\/slams.fr\/blog\/wp-json\/wp\/v2\/types\/post"}],"author":[{"embeddable":true,"href":"https:\/\/slams.fr\/blog\/wp-json\/wp\/v2\/users\/34"}],"replies":[{"embeddable":true,"href":"https:\/\/slams.fr\/blog\/wp-json\/wp\/v2\/comments?post=7695"}],"version-history":[{"count":1,"href":"https:\/\/slams.fr\/blog\/wp-json\/wp\/v2\/posts\/7695\/revisions"}],"predecessor-version":[{"id":7762,"href":"https:\/\/slams.fr\/blog\/wp-json\/wp\/v2\/posts\/7695\/revisions\/7762"}],"wp:featuredmedia":[{"embeddable":true,"href":"https:\/\/slams.fr\/blog\/wp-json\/wp\/v2\/media\/7697"}],"wp:attachment":[{"href":"https:\/\/slams.fr\/blog\/wp-json\/wp\/v2\/media?parent=7695"}],"wp:term":[{"taxonomy":"category","embeddable":true,"href":"https:\/\/slams.fr\/blog\/wp-json\/wp\/v2\/categories?post=7695"},{"taxonomy":"post_tag","embeddable":true,"href":"https:\/\/slams.fr\/blog\/wp-json\/wp\/v2\/tags?post=7695"}],"curies":[{"name":"wp","href":"https:\/\/api.w.org\/{rel}","templated":true}]}}