{"id":7698,"date":"2026-01-29T09:25:00","date_gmt":"2026-01-29T08:25:00","guid":{"rendered":"https:\/\/slams.fr\/blog\/?p=7698"},"modified":"2026-01-29T09:25:00","modified_gmt":"2026-01-29T08:25:00","slug":"slam-texte-comment-la-poesie-orale-libere-votre-voix-et-votre-liberte","status":"publish","type":"post","link":"https:\/\/slams.fr\/blog\/communaute-et-interviews\/slam-texte-comment-la-poesie-orale-libere-votre-voix-et-votre-liberte\/","title":{"rendered":"Slam texte : comment la po\u00e9sie orale lib\u00e8re votre voix et votre libert\u00e9"},"content":{"rendered":"<h1>Plan d\u00e9taill\u00e9 d&rsquo;article : Slam Texte \u2013 Lib\u00e9rez Votre Voix \u00e0 Travers les Mots<\/h1>\n<h2>Slam texte : quand la po\u00e9sie devient voix, sc\u00e8ne et libert\u00e9<\/h2>\n<p>\nLe <strong>slam texte<\/strong> se situe \u00e0 la jonction de la <strong>po\u00e9sie<\/strong>, du <strong>th\u00e9\u00e2tre<\/strong> et de la <strong>prise de parole citoyenne<\/strong>. Un <u>slam<\/u> est \u00e0 l\u2019origine une <u>comp\u00e9tition de po\u00e9sie orale<\/u>, n\u00e9e au milieu des ann\u00e9es 1980 \u00e0 <strong>Chicago, \u00c9tats-Unis<\/strong>, sous l\u2019impulsion de <strong>Marc Kelly Smith, ouvrier du b\u00e2timent et po\u00e8te<\/strong>, qui souhaitait rendre la po\u00e9sie moins \u00e9litiste et plus participative. Les soir\u00e9es se d\u00e9roulent dans des bars, le public note les performances, le texte doit \u00eatre de l\u2019auteur ou de l\u2019autrice, et le temps est strictement limit\u00e9, le plus souvent \u00e0 <u>3 minutes<\/u>.\n<\/p>\n<p>\nAu fil des ann\u00e9es 1990 et 2000, le slam s\u2019est diffus\u00e9 dans de nombreux pays, notamment en <strong>France<\/strong>, en <strong>Belgique<\/strong>, au <strong>Canada<\/strong> et dans plusieurs pays d\u2019<strong>Afrique francophone<\/strong>. Des artistes comme <strong>Grand Corps Malade, po\u00e8te et musicien fran\u00e7ais<\/strong>, ont popularis\u00e9 la forme aupr\u00e8s du grand public, m\u00eame si ses disques, produits par des labels de l\u2019<strong>industrie musicale<\/strong>, rel\u00e8vent davantage du <strong>spoken word<\/strong> que du slam comp\u00e9titif au sens strict. Nous voyons ainsi coexister deux r\u00e9alit\u00e9s : le slam comme <u>tournoi de po\u00e9sie avec r\u00e8gles pr\u00e9cises<\/u>, et le slam comme <u>espace de libert\u00e9 d\u2019expression orale<\/u>, pr\u00e9sent dans les caf\u00e9s, les m\u00e9diath\u00e8ques, les festivals ou les centres sociaux.\n<\/p>\n<ul>\n<li><strong>\u00c9l\u00e9ments constitutifs :<\/strong> texte original, oralit\u00e9, pr\u00e9sence sc\u00e9nique, temps limit\u00e9, interaction avec le public.<\/li>\n<li><strong>Contextes de pratique :<\/strong> bars, th\u00e9\u00e2tres, centres culturels, sc\u00e8nes de quartier, festivals internationaux.<\/li>\n<li><strong>Langage :<\/strong> vocabulaire courant, argot, verlan, cr\u00e9oles, m\u00e9lange de registres pour refl\u00e9ter la r\u00e9alit\u00e9 sociale.<\/li>\n<\/ul>\n<h2>Origines, esprit et sp\u00e9cificit\u00e9s du slam comme art de la parole<\/h2>\n<p>\nHistoriquement, le <strong>slam<\/strong> na\u00eet en <strong>1984<\/strong> quand <strong>Marc Kelly Smith<\/strong> lance des soir\u00e9es de <strong>slam poetry<\/strong> au <strong>Green Mill Cocktail Lounge<\/strong>, un bar de <strong>Chicago<\/strong>. L\u2019objectif est clair : <u>retirer la po\u00e9sie des cercles universitaires pour la remettre dans les mains du public<\/u>. Le mot  slam ?, en argot am\u00e9ricain, signifie  claquer ?,  faire impact ?, comme une porte qui se referme brutalement. Le texte doit frapper, surprendre, bousculer. Ce mod\u00e8le se diffuse ensuite \u00e0 <strong>New York<\/strong>, puis en <strong>Europe<\/strong>, notamment via des collectifs comme <strong>Le Cercle des Po\u00e8tes Apparus<\/strong> ou <strong>Paris Slam<\/strong> au d\u00e9but des ann\u00e9es 2000.\n<\/p>\n<p>\nSur le plan artistique, le slam se distingue d\u2019autres formes de po\u00e9sie par une s\u00e9rie de choix forts : <u>libert\u00e9 totale de forme<\/u>, priorit\u00e9 donn\u00e9e au <strong>verbe<\/strong> et au <strong>rythme<\/strong>, absence d\u2019accessoires sc\u00e9niques, et musique seulement en accompagnement \u00e9ventuel, sans jamais couvrir la voix. Selon des structures p\u00e9dagogiques comme l\u2019<strong>ENSFEA, \u00c9cole nationale sup\u00e9rieure de formation de l\u2019enseignement agricole, \u00e0 Toulouse<\/strong>, le slam est un outil puissant pour travailler l\u2019<strong>expression orale<\/strong>, l\u2019<strong>image de soi<\/strong> et le <strong>vivre ensemble<\/strong>. Nous constatons son usage croissant dans les <strong>lyc\u00e9es<\/strong>, les <strong>centres de formation<\/strong> et m\u00eame certains programmes d\u2019<strong>\u00e9ducation populaire<\/strong> soutenus par des institutions comme la <strong>Ligue de l\u2019enseignement<\/strong>.\n<\/p>\n<ul>\n<li><u>Esprit du slam :<\/u> horizontalit\u00e9, libert\u00e9, \u00e9coute, bienveillance, prise de parole partag\u00e9e.<\/li>\n<li><strong>R\u00e8gles fr\u00e9quentes :<\/strong> 3 minutes maximum, pas de costume ni d\u2019accessoires, texte \u00e9crit par la personne qui le d\u00e9clame.<\/li>\n<li><strong>Impact culturel :<\/strong> acc\u00e8s facilit\u00e9 \u00e0 la po\u00e9sie dans les quartiers populaires, sc\u00e8nes jeunes, projets \u00e9ducatifs et sociaux.<\/li>\n<\/ul>\n<h2>Techniques d\u2019\u00e9criture pour un slam texte percutant<\/h2>\n<p>\n\u00c9crire un <strong>slam texte<\/strong>, ce n\u2019est pas simplement r\u00e9diger un po\u00e8me sur une page, c\u2019est concevoir une partition destin\u00e9e \u00e0 \u00eatre dite, respir\u00e9e, port\u00e9e par votre voix. Nous avons observ\u00e9, dans les ateliers anim\u00e9s par des structures comme <strong>Slam Productions<\/strong> \u00e0 <strong>Paris<\/strong> ou <strong>La Zone de Slam<\/strong> \u00e0 <strong>Montr\u00e9al<\/strong>, que la diff\u00e9rence majeure avec la po\u00e9sie \u00e9crite r\u00e9side dans l\u2019<u>anticipation de l\u2019oralit\u00e9 d\u00e8s la premi\u00e8re phrase<\/u>. Nous vous recommandons de lire \u00e0 voix haute chaque passage, de noter o\u00f9 votre souffle bloque, o\u00f9 le rythme se casse, o\u00f9 une image gagne en puissance \u00e0 l\u2019oral.\n<\/p>\n<p>\nLa dimension rythmique reste centrale. Le  flow ? \u2013 terme emprunt\u00e9 au <strong>rap<\/strong> \u2013 d\u00e9signe la mani\u00e8re dont vous encha\u00eenez les mots, les acc\u00e9l\u00e9rations, les silences. Des \u00e9tudes en <strong>sciences cognitives<\/strong> publi\u00e9es autour de <strong>2018<\/strong> montrent que des structures r\u00e9p\u00e9titives et rythmiques augmentent la m\u00e9morisation d\u2019un message oral de pr\u00e8s de <u>30 %<\/u> par rapport \u00e0 un discours monotone. Sur le plan stylistique, nous vous invitons \u00e0 jouer avec plusieurs outils : <strong>rimes riches ou approximatives<\/strong>, <strong>allit\u00e9rations<\/strong> (r\u00e9p\u00e9tition de consonnes), <strong>assonances<\/strong> (r\u00e9p\u00e9tition de voyelles), anaphores, ruptures de syntaxe volontairement orales.\n<\/p>\n<ul>\n<li><strong>Sp\u00e9cificit\u00e9 cl\u00e9 :<\/strong> penser votre texte comme une partition vocale, avec des respirations explicites.<\/li>\n<li><strong>\u00c0 travailler :<\/strong> longueur des phrases, ponctuation orale, alternance phrases courtes \/ longues.<\/li>\n<li><strong>Outil puissant :<\/strong> l\u2019<u>anaphore<\/u>, r\u00e9p\u00e9tition d\u2019un m\u00eame segment en d\u00e9but de vers pour cr\u00e9er un motif m\u00e9morisable.<\/li>\n<\/ul>\n<h2>Construire la structure narrative d\u2019un slam texte<\/h2>\n<p>\nUn <strong>slam texte<\/strong> efficace repose souvent sur une architecture simple mais solide. Nous retrouvons fr\u00e9quemment un triptyque narratif : <u>accroche forte<\/u>, <u>mont\u00e9e en intensit\u00e9<\/u>, <u>chute m\u00e9morable<\/u>. L\u2019accroche doit capter imm\u00e9diatement l\u2019attention, comme le fait <strong>Grand Corps Malade<\/strong> dans  <strong>Midi 20<\/strong> ?, en posant une situation claire d\u00e8s les premiers mots. La mont\u00e9e en intensit\u00e9 peut prendre la forme d\u2019un crescendo \u00e9motionnel ou argumentatif, o\u00f9 chaque image ajoute une couche de tension. La chute, enfin, offre une phrase-cl\u00e9 qui tout \u00e0 coup \u00e9claire l\u2019ensemble du texte.\n<\/p>\n<p>\nNous conseillons d\u2019organiser votre slam en blocs plut\u00f4t qu\u2019en strophes rigides. Certains ateliers, comme ceux men\u00e9s par la compagnie <strong>Slamoura\u00ef<\/strong> \u00e0 <strong>Lyon<\/strong>, proposent une m\u00e9thode pragmatique : d\u00e9couper le texte en segments de 15 \u00e0 20 secondes, chacun centr\u00e9 sur une id\u00e9e ou une image. Cela facilite la m\u00e9morisation et permet d\u2019ajuster votre interpr\u00e9tation sur sc\u00e8ne. <u>La structure ne doit jamais brider l\u2019\u00e9motion<\/u>, elle sert seulement de squelette sur lequel viennent se greffer vos images, vos col\u00e8res, vos fragilit\u00e9s.\n<\/p>\n<ul>\n<li><strong>D\u00e9but :<\/strong> une phrase qui pose un d\u00e9cor, une question, un paradoxe ou une image choc.<\/li>\n<li><strong>Centre :<\/strong> accumulation ma\u00eetris\u00e9e d\u2019images, d\u2019arguments, de souvenirs.<\/li>\n<li><strong>Fin :<\/strong> formule br\u00e8ve, souvent plus lente, qui r\u00e9sonne au silence suivant.<\/li>\n<\/ul>\n<h2>Trouver l\u2019inspiration : vie quotidienne, luttes et pouvoir des mots<\/h2>\n<p>\nLe carburant du <strong>slam texte<\/strong>, c\u2019est la <strong>vie<\/strong>. Nous constatons, en \u00e9coutant des sc\u00e8nes \u00e0 <strong>Marseille<\/strong>, <strong>Bruxelles<\/strong> ou <strong>Dakar<\/strong>, que les sources d\u2019inspiration les plus fortes viennent rarement de fictions \u00e9labor\u00e9es, mais plut\u00f4t de <u>moments pr\u00e9cis du quotidien<\/u> : une travers\u00e9e de ville en bus, une dispute familiale, une queue \u00e0 l\u2019administration, un souvenir d\u2019\u00e9cole. L\u2019enjeu consiste \u00e0 transformer ces fragments de r\u00e9alit\u00e9 en mati\u00e8re po\u00e9tique, en assumant vos \u00e9motions brutes : col\u00e8re, honte, joie, peur, soulagement.\n<\/p>\n<p>\nLe slam entretient aussi un lien \u00e9troit avec les grandes th\u00e9matiques sociales : <strong>injustices<\/strong>, <strong>discriminations<\/strong>, <strong>violences polici\u00e8res<\/strong>, <strong>in\u00e9galit\u00e9s \u00e9conomiques<\/strong>, <strong>\u00e9mancipation des minorit\u00e9s<\/strong>. \u00c0 <strong>Paris<\/strong>, le collectif <strong>Slam au F\u00e9minin<\/strong> met par exemple l\u2019accent sur les r\u00e9cits de femmes face au sexisme et aux violences de genre. \u00c0 <strong>Bruxelles<\/strong>, des sc\u00e8nes soutenues par la <strong>F\u00e9d\u00e9ration Wallonie-Bruxelles<\/strong> donnent la parole \u00e0 des jeunes qui interrogent leur rapport \u00e0 la <strong>libert\u00e9<\/strong> et au <strong>pouvoir<\/strong>. <u>Le pouvoir des mots devient alors un moyen de reprendre le contr\u00f4le de son histoire personnelle et collective<\/u>.\n<\/p>\n<ul>\n<li><strong>Sources concr\u00e8tes :<\/strong> souvenirs d\u2019enfance, travail pr\u00e9caire, migration, amour contrari\u00e9, quartier en transformation.<\/li>\n<li><strong>Outils d\u2019inspiration :<\/strong> carnet de mots, notes vocales sur smartphone, questions d\u00e9clencheuses ( Et si\u2026 ?,  Pourquoi nous\u2026 ? ?).<\/li>\n<li><strong>Th\u00e8mes forts :<\/strong> vie, libert\u00e9, identit\u00e9, pouvoir politique, injustices, r\u00e9silience.<\/li>\n<\/ul>\n<h2>Exercice guid\u00e9 : transformer votre v\u00e9cu en slam texte<\/h2>\n<p>\nPour passer de l\u2019id\u00e9e \u00e0 l\u2019\u00e9criture, nous vous proposons une d\u00e9marche simple, inspir\u00e9e des pratiques d\u2019ateliers men\u00e9s par des collectifs comme <strong>U\u2019Zinne Slam<\/strong> \u00e0 <strong>Bruxelles<\/strong> ou <strong>Slam \u00c9ducation<\/strong> en <strong>\u00cele-de-France<\/strong>. Choisissez un moment o\u00f9 vous vous \u00eates senti priv\u00e9 de libert\u00e9 : contr\u00f4le d\u2019identit\u00e9 abusif, discriminations \u00e0 l\u2019embauche, pression familiale, enfermement administratif. \u00c9crivez en prose ce souvenir, en dix lignes, sans chercher le style. L\u2019objectif est d\u2019identifier les \u00e9motions dominantes, les d\u00e9tails visuels, les phrases qui reviennent.\n<\/p>\n<p>\nRelisez ensuite ce texte, surlignez trois phrases qui vous frappent. Ce seront les colonnes vert\u00e9brales de votre futur <strong>slam texte<\/strong>. \u00c0 partir de l\u00e0, vous pouvez construire une anaphore : r\u00e9p\u00e9tez au d\u00e9but de plusieurs vers une formule telle que  <u>Ce jour-l\u00e0 j\u2019ai compris<\/u> ? ou  <u>On m\u2019avait dit que<\/u> ?, et greffez vos images autour. Nous observons, dans de nombreux ateliers, que ce type de structure rassure les d\u00e9butants : le motif r\u00e9p\u00e9t\u00e9 sert de rep\u00e8re, tout en donnant une coh\u00e9rence \u00e9motionnelle forte.\n<\/p>\n<ul>\n<li><strong>\u00c9tape 1 :<\/strong> description brute d\u2019un moment de vie, sans filtre.<\/li>\n<li><strong>\u00c9tape 2 :<\/strong> s\u00e9lection de 3 phrases cl\u00e9s qui condensent l\u2019\u00e9motion.<\/li>\n<li><strong>\u00c9tape 3 :<\/strong> cr\u00e9ation d\u2019un motif r\u00e9p\u00e9t\u00e9 pour b\u00e2tir le slam autour de ces phrases.<\/li>\n<\/ul>\n<h2>Performance : voix, corps et pr\u00e9sence sc\u00e9nique du slam texte<\/h2>\n<p>\nUn <strong>slam texte<\/strong> n\u2019existe vraiment que lorsqu\u2019il est prononc\u00e9 devant un <strong>public<\/strong>. La performance repose sur trois piliers : <strong>voix<\/strong>, <strong>corps<\/strong>, <strong>regard<\/strong>. Des \u00e9tudes cit\u00e9es par la <strong>Harvard Business School<\/strong> sur la prise de parole en public montrent que l\u2019intonation, le rythme et le langage non verbal repr\u00e9sentent jusqu\u2019\u00e0 <u>plus de 60 % de la perception<\/u> d\u2019un message, contre moins de 40 % pour les mots eux-m\u00eames. Nous en tirons une conclusion nette : vous pouvez avoir un tr\u00e8s bon texte, si votre diction est monotone et votre posture ferm\u00e9e, l\u2019impact sera r\u00e9duit.\n<\/p>\n<p>\nTravailler la voix signifie explorer les variations d\u2019intonation, de volume, de vitesse. C\u2019est l\u2019instant o\u00f9 le slam prend vie, <u>c\u2019est<\/u> le moment o\u00f9 votre souffle se cale sur le rythme de vos phrases, o\u00f9 vous jouez avec les silences. Vous pouvez ressentir physiquement le texte, le  <u>santi<\/u> ? dans votre poitrine, dans votre ventre, et ajuster votre d\u00e9bit en fonction de ce que vous voulez transmettre. Nous vous sugg\u00e9rons de vous filmer, de vous regarder en mesurant <u>kouman<\/u> (comment) votre corps accompagne ou non les mots : mains fig\u00e9es, \u00e9paules crisp\u00e9es, regard fuyant, ces \u00e9l\u00e9ments se corrigent avec des r\u00e9p\u00e9titions conscientes.\n<\/p>\n<ul>\n<li><strong>Voix :<\/strong> articulation nette, jeu sur les chuchotements, les acc\u00e9l\u00e9rations, les ralentissements, les silences.<\/li>\n<li><strong>Corps :<\/strong> ancrage des pieds, gestes sobres mais pr\u00e9cis, orientation du buste vers le public.<\/li>\n<li><strong>Regard :<\/strong> balayage de la salle, points fixes, contact visuel ponctuel pour cr\u00e9er du lien.<\/li>\n<\/ul>\n<h2>Relation au public et impact du  live ? sur le message<\/h2>\n<p>\nLe slam repose sur une dimension communautaire forte : sans public, pas de slam. Les audiences, que ce soit \u00e0 <strong>La Bellevilloise<\/strong> \u00e0 <strong>Paris<\/strong> ou au <strong>Cabaret du Lion d\u2019Or<\/strong> \u00e0 <strong>Montr\u00e9al<\/strong>, ne sont pas des spectateurs passifs. Elles r\u00e9agissent, rient, se taisent, claquent des doigts pour signifier leur adh\u00e9sion. Ce dialogue implicite joue un r\u00f4le d\u00e9terminant dans la r\u00e9ception de votre <strong>slam texte<\/strong>. Une \u00e9tude en <strong>psychologie sociale<\/strong> publi\u00e9e en <strong>2017<\/strong> indique que la m\u00e9morisation d\u2019un message oral augmente significativement lorsqu\u2019il est per\u00e7u comme incarn\u00e9 et adress\u00e9 directement \u00e0 l\u2019auditoire, en comparaison d\u2019une lecture neutre.\n<\/p>\n<p>\nNous d\u00e9fendons l\u2019id\u00e9e que la performance est un prolongement naturel de l\u2019\u00e9criture, non une couche d\u00e9corative. Lorsque vous travaillez votre texte, r\u00e9fl\u00e9chissez d\u00e9j\u00e0 \u00e0 la mani\u00e8re dont vous voulez le partager. Souhaitez-vous cr\u00e9er un choc, une \u00e9motion silencieuse, un rire lib\u00e9rateur, un malaise assum\u00e9 ? <u>La sc\u00e8ne devient alors un laboratoire \u00e9motionnel<\/u>, o\u00f9 vous testez l\u2019effet de vos mots sur la salle, ajustez votre d\u00e9bit, modifiez un passage si l\u2019\u00e9coute se rel\u00e2che. Cette pratique r\u00e9guli\u00e8re affine votre sens de la nuance et renforce votre confiance.\n<\/p>\n<ul>\n<li><strong>Avant la sc\u00e8ne :<\/strong> respirations profondes, visualisation du texte, ancrage corporel.<\/li>\n<li><strong>Pendant :<\/strong> \u00e9coute des r\u00e9actions, adaptation subtile du rythme, acceptation des silences.<\/li>\n<li><strong>Apr\u00e8s :<\/strong> prise en compte des retours, ajustements, r\u00e9\u00e9criture si n\u00e9cessaire.<\/li>\n<\/ul>\n<h2>Slam texte, expression sociale et politique<\/h2>\n<p>\nLe <strong>slam texte<\/strong> joue un r\u00f4le notable comme <u>microphone social<\/u>. Dans de nombreux pays, des collectifs de slam accompagnent des mouvements sociaux. \u00c0 <strong>Tunis<\/strong>, des sc\u00e8nes de slam ont accompagn\u00e9, apr\u00e8s <strong>2011<\/strong>, les d\u00e9bats sur la d\u00e9mocratie et les libert\u00e9s. \u00c0 <strong>Paris<\/strong> ou <strong>Lyon<\/strong>, des sc\u00e8nes comme celles soutenues par des associations de <strong>quartiers populaires<\/strong> abordent le <strong>racisme structurel<\/strong>, les violences polici\u00e8res, les discriminations au logement. Ce sont des espaces o\u00f9 les mots nomment ce que les institutions taisent, ou minimisent.\n<\/p>\n<p>\nLa dimension politique peut se manifester tr\u00e8s directement : un texte qui \u00e9voque le <strong>vote<\/strong>, le r\u00f4le d\u2019un <strong>kandida<\/strong> (candidat), la confiscation du <strong>pouvoir<\/strong> par des \u00e9lites, ou de fa\u00e7on plus intime, en racontant le quotidien d\u2019une personne invisibilis\u00e9e. Des recherches en <strong>sociologie de la culture<\/strong>, men\u00e9es en <strong>2019<\/strong> sur les pratiques artistiques dans les banlieues fran\u00e7aises, montrent que la participation \u00e0 des ateliers de slam renforce le sentiment de <u>capacit\u00e9 d\u2019agir<\/u> (empowerment) et la compr\u00e9hension des enjeux citoyens. Nous consid\u00e9rons que le slam constitue un outil pertinent pour pr\u00e9parer les jeunes \u00e0 appr\u00e9hender les campagnes \u00e9lectorales, \u00e0 questionner les programmes des kandida, \u00e0 s\u2019approprier le geste de voter.\n<\/p>\n<ul>\n<li><strong>Th\u00e9matiques r\u00e9currentes :<\/strong> justice sociale, discriminations, libert\u00e9 d\u2019expression, m\u00e9moire collective, \u00e9cologie politique.<\/li>\n<li><strong>Effets observ\u00e9s :<\/strong> d\u00e9veloppement de l\u2019esprit critique, mont\u00e9e de la confiance, r\u00e9appropriation de la parole publique.<\/li>\n<li><strong>Risques \u00e0 \u00e9viter :<\/strong> d\u00e9rive vers la propagande, effacement de la parole individuelle au profit d\u2019un discours impos\u00e9.<\/li>\n<\/ul>\n<h2>Comment aborder le vote, les kandida et le pouvoir en slam<\/h2>\n<p>\nLorsque nous traitons de sujets politiques sensibles dans un <strong>slam texte<\/strong>, nous vous recommandons d\u2019ancrer votre propos dans votre exp\u00e9rience, vos observations concr\u00e8tes, plut\u00f4t que dans des slogans. \u00c9voquer le <strong>vote<\/strong> peut signifier raconter la premi\u00e8re fois o\u00f9 vous \u00eates all\u00e9?e \u00e0 un bureau de vote, d\u00e9crire la file d\u2019attente, les discussions, les doutes, le sentiment de fiert\u00e9 ou de m\u00e9fiance. Parler d\u2019un <strong>kandida<\/strong>, c\u2019est peut-\u00eatre d\u00e9crire son affiche g\u00e9ante dans votre quartier, comparer ses promesses aux r\u00e9alit\u00e9s que vous vivez. <u>Cette subjectivit\u00e9 assum\u00e9e distingue la parole engag\u00e9e d\u2019un discours partisan<\/u>.\n<\/p>\n<p>\nNous avons constat\u00e9, sur certaines sc\u00e8nes soutenues par des ONG comme <strong>Amnesty International<\/strong> ou des centres culturels municipaux, que les textes les plus puissants ne sont pas ceux qui alignent des consignes de vote, mais ceux qui questionnent le rapport au <strong>pouvoir<\/strong> : qui parle au nom de qui, qui d\u00e9cide, qui subit. Vous pouvez articuler votre slam autour de phrases comme  On m\u2019a appris \u00e0 voter mais pas \u00e0 contester ? ou  Leur pouvoir tient au silence des rues ?. Cette approche incite le public \u00e0 r\u00e9fl\u00e9chir, sans assigner une consigne unique.\n<\/p>\n<ul>\n<li><strong>Approche recommand\u00e9e :<\/strong> r\u00e9cit personnel, observation fine, questions ouvertes.<\/li>\n<li><strong>\u00c9cueils :<\/strong> injonctions directes, simplification abusive des enjeux, caricature syst\u00e9matique.<\/li>\n<li><strong>Objectif :<\/strong> inviter au d\u00e9bat, \u00e0 la prise de conscience, \u00e0 l\u2019action r\u00e9fl\u00e9chie.<\/li>\n<\/ul>\n<h2>Participer \u00e0 des sc\u00e8nes ouvertes et comp\u00e9titions de slam<\/h2>\n<p>\nPasser de l\u2019\u00e9criture solitaire \u00e0 la sc\u00e8ne peut impressionner, nous en sommes conscients. Pourtant, les formats de <strong>sc\u00e8ne ouverte<\/strong> et de <strong>comp\u00e9tition de slam<\/strong> sont con\u00e7us pour accueillir les d\u00e9butants. Les r\u00e8gles les plus courantes, inspir\u00e9es du mod\u00e8le initi\u00e9 \u00e0 <strong>Chicago<\/strong> puis adapt\u00e9 par des organisations comme <strong>Le Grand Slam National<\/strong> en <strong>France<\/strong> ou la <strong>Ligue qu\u00e9b\u00e9coise de slam<\/strong> au <strong>Canada<\/strong>, sont simples : texte original, pas d\u2019accessoires ni de d\u00e9guisement, pas plus de 3 minutes (souvent avec une tol\u00e9rance de quelques secondes), parfois interdiction de musique ou musique tr\u00e8s discr\u00e8te.\n<\/p>\n<p>\nPour trouver une sc\u00e8ne, nous vous sugg\u00e9rons de vous rapprocher de maisons de la culture, de <strong>MJC<\/strong>, de bars culturels, ou de consulter les agendas de collectifs de slam dans votre ville. Beaucoup annoncent leurs \u00e9v\u00e9nements sur des plateformes comme <strong>Facebook<\/strong>, <strong>Instagram<\/strong> ou des sites associatifs. Lors des comp\u00e9titions, le public vote parfois via des cartons not\u00e9s, ou quelques personnes tir\u00e9es au sort jouent le r\u00f4le de jury. Vous devenez alors, symboliquement, un  kandida ? face au public, mais <u>l\u2019enjeu principal reste le partage de mots plus que la victoire chiffr\u00e9e<\/u>.\n<\/p>\n<ul>\n<li><strong>Formats principaux :<\/strong> sc\u00e8ne ouverte (sans classement), tournoi avec jury, festivals th\u00e9matiques.<\/li>\n<li><strong>R\u00e8gles fr\u00e9quentes :<\/strong> temps limit\u00e9, texte original, pas d\u2019accessoires, respect de l\u2019ordre de passage.<\/li>\n<li><strong>Canaux de recherche :<\/strong> r\u00e9seaux sociaux, sites de collectifs, programmes de centres culturels.<\/li>\n<\/ul>\n<h2>Plan d\u2019action concret : de votre texte \u00e0 votre premi\u00e8re sc\u00e8ne<\/h2>\n<p>\nPour vous aider \u00e0 franchir le cap, nous pouvons formuler un parcours simple. Premi\u00e8re \u00e9tape : l\u2019\u00e9criture. <u>\u00c9cris<\/u> un <strong>slam texte<\/strong> court, une page maximum, en te concentrant sur un seul th\u00e8me fort, sans chercher la perfection. Deuxi\u00e8me \u00e9tape : la r\u00e9p\u00e9tition. Lis ton texte \u00e0 voix haute, plusieurs fois, chez vous, puis devant une personne de confiance. Filmez-vous pour observer <u>kouman<\/u> vous bougez, o\u00f9 vous butez, quels passages manquent de souffle. Troisi\u00e8me \u00e9tape : l\u2019inscription. Rep\u00e9rez une sc\u00e8ne dans votre ville, contactez l\u2019organisateur ou l\u2019organisatrice, annoncez simplement que vous venez pour une premi\u00e8re performance.\n<\/p>\n<p>\nNous avons observ\u00e9, lors de soir\u00e9es organis\u00e9es par des collectifs comme <strong>Paris Tout Slam<\/strong> ou <strong>Belgium Underground Slam<\/strong>, que l\u2019accueil des nouveaux venus est souvent tr\u00e8s bienveillant. Les organisateurs rappellent que  <u>nou<\/u> formons une communaut\u00e9 o\u00f9 l\u2019erreur, le trou de m\u00e9moire, la main qui tremble font partie de l\u2019exp\u00e9rience ?. L\u2019enjeu n\u2019est pas de livrer une prestation parfaite, mais de vivre une premi\u00e8re prise de parole publique, qui vous servira ensuite dans d\u2019autres contextes : \u00e9tudes, travail, engagement associatif.\n<\/p>\n<ul>\n<li><strong>\u00c9tape 1 :<\/strong> \u00e9crire un texte court, centr\u00e9, sinc\u00e8re.<\/li>\n<li><strong>\u00c9tape 2 :<\/strong> r\u00e9p\u00e9ter \u00e0 haute voix, se filmer, ajuster.<\/li>\n<li><strong>\u00c9tape 3 :<\/strong> s\u2019inscrire \u00e0 une sc\u00e8ne, accepter l\u2019impr\u00e9vu, monter sur sc\u00e8ne.<\/li>\n<\/ul>\n<h2>Ressources pour progresser en \u00e9criture de slam texte<\/h2>\n<p>\nPour approfondir votre pratique, un large \u00e9cosyst\u00e8me de <strong>ressources<\/strong> s\u2019est d\u00e9velopp\u00e9 depuis les ann\u00e9es 2000. Sur le plan de l\u2019<strong>\u00e9criture<\/strong>, plusieurs ouvrages explorent la po\u00e9sie orale et la performance, comme ceux publi\u00e9s par des maisons d\u2019\u00e9dition sp\u00e9cialis\u00e9es en <strong>litt\u00e9ratures urbaines<\/strong>. Des organismes de formation, tels que des <strong>centres de ressources en \u00e9ducation artistique<\/strong> en <strong>\u00cele-de-France<\/strong> ou en <strong>Wallonie<\/strong>, organisent des ateliers de slam pour enseignants, \u00e9ducateurs, m\u00e9diateurs culturels. Nous vous sugg\u00e9rons de chercher les formations qui associent analyse de textes et pratique sc\u00e9nique.\n<\/p>\n<p>\nAu format audio, des podcasts d\u00e9di\u00e9s \u00e0 la po\u00e9sie orale, diffus\u00e9s sur des plateformes comme <strong>Spotify<\/strong> ou <strong>Deezer<\/strong>, donnent la parole \u00e0 des slameurs et slameuses qui d\u00e9taillent leur processus cr\u00e9atif. Sur <strong>YouTube<\/strong>, des cha\u00eenes comme celles de <strong>Grand Corps Malade<\/strong>, <strong>Kery James<\/strong> ou de collectifs locaux publient des captations de sc\u00e8nes qui permettent d\u2019analyser la diction, la construction du texte, la gestion de la sc\u00e8ne. <u>Regarder et \u00e9couter des performances vari\u00e9es nourrit votre oreille, enrichit votre vocabulaire et affine votre sens du rythme<\/u>.\n<\/p>\n<ul>\n<li><strong>Supports utiles :<\/strong> livres d\u2019analyse, manuels d\u2019ateliers d\u2019\u00e9criture, podcasts sp\u00e9cialis\u00e9s, captations vid\u00e9o.<\/li>\n<li><strong>Comp\u00e9tences travaill\u00e9es :<\/strong> vocabulaire, images, structure, clart\u00e9 du propos, nuance.<\/li>\n<li><strong>Fr\u00e9quence recommand\u00e9e :<\/strong> lire ou \u00e9couter 1 \u00e0 2 slams par semaine, \u00e9crire au moins un texte par mois.<\/li>\n<\/ul>\n<h2>Communaut\u00e9s et r\u00e9seaux de slam : ne pas rester seul avec son texte<\/h2>\n<p>\nLe slam s\u2019est structur\u00e9, au fil des ann\u00e9es, en une mosa\u00efque de <strong>communaut\u00e9s<\/strong> locales et internationales. Des organisations comme le <strong>Grand Slam National<\/strong> en <strong>France<\/strong>, la <strong>Ligue qu\u00e9b\u00e9coise de slam<\/strong> au <strong>Canada<\/strong> ou des r\u00e9seaux soutenus par des villes comme <strong>Bruxelles<\/strong> ou <strong>Gen\u00e8ve<\/strong> organisent des rencontres r\u00e9guli\u00e8res, des tournois, des r\u00e9sidences d\u2019\u00e9criture. Nous observons que l\u2019appartenance \u00e0 une communaut\u00e9 acc\u00e9l\u00e8re nettement la progression : \u00e9changes de textes, critiques constructives, mutualisation d\u2019informations sur les sc\u00e8nes, soutien moral.\n<\/p>\n<p>\nSur les r\u00e9seaux sociaux, plusieurs groupes priv\u00e9s ou pages publiques r\u00e9unissent des passionn\u00e9s de <strong>slam texte<\/strong>. Certains espaces, h\u00e9berg\u00e9s sur <strong>Facebook<\/strong>, <strong>Discord<\/strong> ou <strong>Reddit<\/strong>, permettent de poster des textes, de recevoir des retours, de participer \u00e0 des sc\u00e8nes en ligne. Selon des donn\u00e9es publi\u00e9es par des structures culturelles municipales en <strong>2022<\/strong>, les ateliers de slam affichent parfois des taux de r\u00e9inscription sup\u00e9rieurs \u00e0 <u>70 %<\/u>, signe que les participants y trouvent un v\u00e9ritable sentiment d\u2019appartenance. <u>Cette dimension communautaire fait du slam bien plus qu\u2019un simple art de la sc\u00e8ne : c\u2019est un espace de socialisation et de soutien mutuel<\/u>.\n<\/p>\n<ul>\n<li><strong>Types de communaut\u00e9s :<\/strong> collectifs locaux, ligues nationales, groupes en ligne, ateliers r\u00e9guliers.<\/li>\n<li><strong>Apports :<\/strong> motivation, retours sur les textes, opportunit\u00e9s de sc\u00e8ne, rencontres humaines.<\/li>\n<li><strong>Conseil :<\/strong> identifier un groupe proche de chez vous et un groupe en ligne, pour combiner pr\u00e9sence physique et \u00e9changes \u00e0 distance.<\/li>\n<\/ul>\n<h2>L\u2019art du slam texte et votre voix unique<\/h2>\n<p>\nLe <strong>slam texte<\/strong> offre un espace rare o\u00f9 se rejoignent <strong>libert\u00e9<\/strong>, <strong>cr\u00e9ation<\/strong> et <strong>pouvoir des mots<\/strong>. Nous avons vu comment il s\u2019inscrit dans une histoire pr\u00e9cise, comment il se pratique au quotidien sur des sc\u00e8nes ouvertes, comment il demande un travail d\u2019<strong>\u00e9criture<\/strong> rigoureux et une <strong>performance<\/strong> incarn\u00e9e, et comment il peut porter des messages sociaux et politiques d\u2019une grande intensit\u00e9. <u>Votre voix, votre vie, vos col\u00e8res et vos joies trouvent ici un terrain d\u2019expression l\u00e9gitime<\/u>, sans pr\u00e9requis acad\u00e9mique, sans filtre institutionnel.\n<\/p>\n<p>\nNotre avis est clair : le slam constitue l\u2019un des arts les plus accessibles et les plus puissants pour reprendre la main sur son r\u00e9cit, gagner en confiance, participer au d\u00e9bat public et rejoindre une <strong>communaut\u00e9<\/strong> de personnes qui croient au pouvoir des mots. Si vous h\u00e9sitiez encore, nous vous encourageons \u00e0 \u00e9crire, d\u00e8s aujourd\u2019hui, un premier <strong>slam texte<\/strong>, m\u00eame court, \u00e0 le lire \u00e0 voix haute, puis \u00e0 chercher une sc\u00e8ne ou un groupe o\u00f9 le partager. Vos mots peuvent toucher une personne, un quartier, ou bien davantage, mais ils ne le feront que si vous osez les prononcer.\n<\/p>\n<ul>\n<li><strong>\u00c0 retenir :<\/strong> le slam texte est un espace de libert\u00e9, de partage et de puissance collective.<\/li>\n<li><strong>Prochaine \u00e9tape :<\/strong> \u00e9crire un texte, le travailler \u00e0 voix haute, rejoindre une sc\u00e8ne ou une communaut\u00e9.<\/li>\n<li><strong>Conviction :<\/strong> chaque voix a sa place sur une sc\u00e8ne de slam, la v\u00f4tre aussi.<\/li>\n<\/ul>\n","protected":false},"excerpt":{"rendered":"","protected":false},"author":34,"featured_media":7701,"comment_status":"open","ping_status":"open","sticky":false,"template":"","format":"standard","meta":{"_acf_changed":false,"manual_indexmenow":false,"indexmenow_id_project":0,"footnotes":""},"categories":[4524],"tags":[4781,4769,4712],"class_list":["post-7698","post","type-post","status-publish","format-standard","has-post-thumbnail","hentry","category-communaute-et-interviews","tag-expression-libre","tag-posie-orale","tag-slam-posie","generate-columns","tablet-grid-50","mobile-grid-100","grid-parent","grid-25"],"acf":[],"yoast_head":"<!-- This site is optimized with the Yoast SEO Premium plugin v21.3 (Yoast SEO v26.5) - https:\/\/yoast.com\/wordpress\/plugins\/seo\/ -->\n<title>Slam texte : comment la po\u00e9sie orale lib\u00e8re votre voix<\/title>\n<meta name=\"description\" content=\"Le slam texte se situe \u00e0 la jonction de la po\u00e9sie, du th\u00e9\u00e2tre et de la prise de parole citoyenne.\" \/>\n<meta name=\"robots\" content=\"index, follow, max-snippet:-1, max-image-preview:large, max-video-preview:-1\" \/>\n<link rel=\"canonical\" href=\"https:\/\/slams.fr\/blog\/communaute-et-interviews\/slam-texte-comment-la-poesie-orale-libere-votre-voix-et-votre-liberte\/\" \/>\n<meta property=\"og:locale\" content=\"fr_FR\" \/>\n<meta property=\"og:type\" content=\"article\" \/>\n<meta property=\"og:title\" content=\"Slam texte : comment la po\u00e9sie orale lib\u00e8re votre voix\" \/>\n<meta property=\"og:description\" content=\"Le slam texte se situe \u00e0 la jonction de la po\u00e9sie, du th\u00e9\u00e2tre et de la prise de parole citoyenne.\" \/>\n<meta property=\"og:url\" content=\"https:\/\/slams.fr\/blog\/communaute-et-interviews\/slam-texte-comment-la-poesie-orale-libere-votre-voix-et-votre-liberte\/\" \/>\n<meta property=\"og:site_name\" content=\"slams\" \/>\n<meta property=\"og:image\" content=\"https:\/\/slams.fr\/blog\/wp-content\/uploads\/2025\/12\/pag-image-693be4a678071-scaled.png\" \/>\n\t<meta property=\"og:image:width\" content=\"1200\" \/>\n\t<meta property=\"og:image:height\" content=\"686\" \/>\n\t<meta property=\"og:image:type\" content=\"image\/png\" \/>\n<meta name=\"author\" content=\"Rapha\u00ebl D.\" \/>\n<meta name=\"twitter:card\" content=\"summary_large_image\" \/>\n<script type=\"application\/ld+json\" class=\"yoast-schema-graph\">{\"@context\":\"https:\/\/schema.org\",\"@graph\":[{\"@type\":\"NewsArticle\",\"@id\":\"https:\/\/slams.fr\/blog\/communaute-et-interviews\/slam-texte-comment-la-poesie-orale-libere-votre-voix-et-votre-liberte\/#article\",\"isPartOf\":{\"@id\":\"https:\/\/slams.fr\/blog\/communaute-et-interviews\/slam-texte-comment-la-poesie-orale-libere-votre-voix-et-votre-liberte\/\"},\"author\":{\"name\":\"Rapha\u00ebl D.\",\"@id\":\"https:\/\/slams.fr\/blog\/#\/schema\/person\/3c864cdc320801e3db34b663e7e3f816\"},\"headline\":\"Slam texte : comment la po\u00e9sie orale lib\u00e8re votre voix et votre libert\u00e9\",\"datePublished\":\"2026-01-29T08:25:00+00:00\",\"mainEntityOfPage\":{\"@id\":\"https:\/\/slams.fr\/blog\/communaute-et-interviews\/slam-texte-comment-la-poesie-orale-libere-votre-voix-et-votre-liberte\/\"},\"wordCount\":3813,\"commentCount\":0,\"publisher\":{\"@id\":\"https:\/\/slams.fr\/blog\/#organization\"},\"image\":{\"@id\":\"https:\/\/slams.fr\/blog\/communaute-et-interviews\/slam-texte-comment-la-poesie-orale-libere-votre-voix-et-votre-liberte\/#primaryimage\"},\"thumbnailUrl\":\"https:\/\/slams.fr\/blog\/wp-content\/uploads\/2025\/12\/pag-image-693be4a678071-scaled.png\",\"keywords\":[\"expression libre\",\"posie orale\",\"slam posie\"],\"articleSection\":[\"Communaut\u00e9 et Interviews\"],\"inLanguage\":\"fr-FR\",\"potentialAction\":[{\"@type\":\"CommentAction\",\"name\":\"Comment\",\"target\":[\"https:\/\/slams.fr\/blog\/communaute-et-interviews\/slam-texte-comment-la-poesie-orale-libere-votre-voix-et-votre-liberte\/#respond\"]}]},{\"@type\":\"WebPage\",\"@id\":\"https:\/\/slams.fr\/blog\/communaute-et-interviews\/slam-texte-comment-la-poesie-orale-libere-votre-voix-et-votre-liberte\/\",\"url\":\"https:\/\/slams.fr\/blog\/communaute-et-interviews\/slam-texte-comment-la-poesie-orale-libere-votre-voix-et-votre-liberte\/\",\"name\":\"Slam texte : comment la po\u00e9sie orale lib\u00e8re votre voix\",\"isPartOf\":{\"@id\":\"https:\/\/slams.fr\/blog\/#website\"},\"primaryImageOfPage\":{\"@id\":\"https:\/\/slams.fr\/blog\/communaute-et-interviews\/slam-texte-comment-la-poesie-orale-libere-votre-voix-et-votre-liberte\/#primaryimage\"},\"image\":{\"@id\":\"https:\/\/slams.fr\/blog\/communaute-et-interviews\/slam-texte-comment-la-poesie-orale-libere-votre-voix-et-votre-liberte\/#primaryimage\"},\"thumbnailUrl\":\"https:\/\/slams.fr\/blog\/wp-content\/uploads\/2025\/12\/pag-image-693be4a678071-scaled.png\",\"datePublished\":\"2026-01-29T08:25:00+00:00\",\"description\":\"Le slam texte se situe \u00e0 la jonction de la po\u00e9sie, du th\u00e9\u00e2tre et de la prise de parole citoyenne.\",\"inLanguage\":\"fr-FR\",\"potentialAction\":[{\"@type\":\"ReadAction\",\"target\":[\"https:\/\/slams.fr\/blog\/communaute-et-interviews\/slam-texte-comment-la-poesie-orale-libere-votre-voix-et-votre-liberte\/\"]}]},{\"@type\":\"ImageObject\",\"inLanguage\":\"fr-FR\",\"@id\":\"https:\/\/slams.fr\/blog\/communaute-et-interviews\/slam-texte-comment-la-poesie-orale-libere-votre-voix-et-votre-liberte\/#primaryimage\",\"url\":\"https:\/\/slams.fr\/blog\/wp-content\/uploads\/2025\/12\/pag-image-693be4a678071-scaled.png\",\"contentUrl\":\"https:\/\/slams.fr\/blog\/wp-content\/uploads\/2025\/12\/pag-image-693be4a678071-scaled.png\",\"width\":1200,\"height\":686,\"caption\":\"Image g\u00e9n\u00e9r\u00e9e par IA optimis\u00e9e pour Google Discover\"},{\"@type\":\"WebSite\",\"@id\":\"https:\/\/slams.fr\/blog\/#website\",\"url\":\"https:\/\/slams.fr\/blog\/\",\"name\":\"slams.fr\",\"description\":\"Slams, l&#039;\u00e9nergie des mots en action\",\"publisher\":{\"@id\":\"https:\/\/slams.fr\/blog\/#organization\"},\"alternateName\":\"Slams, l'\u00e9nergie des mots en action\",\"potentialAction\":[{\"@type\":\"SearchAction\",\"target\":{\"@type\":\"EntryPoint\",\"urlTemplate\":\"https:\/\/slams.fr\/blog\/?s={search_term_string}\"},\"query-input\":{\"@type\":\"PropertyValueSpecification\",\"valueRequired\":true,\"valueName\":\"search_term_string\"}}],\"inLanguage\":\"fr-FR\"},{\"@type\":\"Organization\",\"@id\":\"https:\/\/slams.fr\/blog\/#organization\",\"name\":\"Foretsensations.fr\",\"url\":\"https:\/\/slams.fr\/blog\/\",\"logo\":{\"@type\":\"ImageObject\",\"inLanguage\":\"fr-FR\",\"@id\":\"https:\/\/slams.fr\/blog\/#\/schema\/logo\/image\/\",\"url\":\"https:\/\/slams.fr\/blog\/wp-content\/uploads\/2026\/07\/logo-auto-1.png\",\"contentUrl\":\"https:\/\/slams.fr\/blog\/wp-content\/uploads\/2026\/07\/logo-auto-1.png\",\"width\":1024,\"height\":1024,\"caption\":\"Foretsensations.fr\"},\"image\":{\"@id\":\"https:\/\/slams.fr\/blog\/#\/schema\/logo\/image\/\"}},{\"@type\":\"Person\",\"@id\":\"https:\/\/slams.fr\/blog\/#\/schema\/person\/3c864cdc320801e3db34b663e7e3f816\",\"name\":\"Rapha\u00ebl D.\",\"image\":{\"@type\":\"ImageObject\",\"inLanguage\":\"fr-FR\",\"@id\":\"https:\/\/slams.fr\/blog\/#\/schema\/person\/image\/\",\"url\":\"https:\/\/slams.fr\/blog\/wp-content\/uploads\/2026\/06\/persona_raphael-d-96x96.jpg\",\"contentUrl\":\"https:\/\/slams.fr\/blog\/wp-content\/uploads\/2026\/06\/persona_raphael-d-96x96.jpg\",\"caption\":\"Rapha\u00ebl D.\"},\"description\":\"La culture est mon terrain de jeu depuis une dizaine d'ann\u00e9es : arts visuels, s\u00e9ries, cr\u00e9ation et tout ce qui nourrit l'imaginaire. J'\u00e9cris aussi bien sur l'actualit\u00e9 des \u0153uvres que sur les coulisses de la cr\u00e9ation, avec l'envie de relier l'amateur curieux \u00e0 des univers parfois jug\u00e9s intimidants. J'aime analyser une s\u00e9rie ou une d\u00e9marche artistique sans p\u00e9dantisme, replacer une \u0153uvre dans son contexte et donner des cl\u00e9s de lecture accessibles. Avant de publier, je v\u00e9rifie mes r\u00e9f\u00e9rences, je recoupe les sources et je distingue clairement le fait de mon interpr\u00e9tation subjective. Je crois qu'une critique vaut surtout par les arguments qu'elle expose, pas par la sentence qu'elle rend. Mon angle : transmettre l'envie de d\u00e9couvrir, de regarder autrement et de se forger son propre go\u00fbt. La culture n'appartient pas qu'aux initi\u00e9s, et c'est tout l'enjeu de mon \u00e9criture.\",\"url\":\"https:\/\/slams.fr\/blog\/auteur\/raphael-d\/\",\"jobTitle\":\"R\u00e9dacteur en chef \u00b7 Culture & Cr\u00e9ation\",\"knowsAbout\":[\"Culture\",\"Cr\u00e9ation\"],\"email\":\"raphael.d@a-l-asso-de-l-art.fr\"}]}<\/script>\n<!-- \/ Yoast SEO Premium plugin. -->","yoast_head_json":{"title":"Slam texte : comment la po\u00e9sie orale lib\u00e8re votre voix","description":"Le slam texte se situe \u00e0 la jonction de la po\u00e9sie, du th\u00e9\u00e2tre et de la prise de parole citoyenne.","robots":{"index":"index","follow":"follow","max-snippet":"max-snippet:-1","max-image-preview":"max-image-preview:large","max-video-preview":"max-video-preview:-1"},"canonical":"https:\/\/slams.fr\/blog\/communaute-et-interviews\/slam-texte-comment-la-poesie-orale-libere-votre-voix-et-votre-liberte\/","og_locale":"fr_FR","og_type":"article","og_title":"Slam texte : comment la po\u00e9sie orale lib\u00e8re votre voix","og_description":"Le slam texte se situe \u00e0 la jonction de la po\u00e9sie, du th\u00e9\u00e2tre et de la prise de parole citoyenne.","og_url":"https:\/\/slams.fr\/blog\/communaute-et-interviews\/slam-texte-comment-la-poesie-orale-libere-votre-voix-et-votre-liberte\/","og_site_name":"slams","og_image":[{"width":1200,"height":686,"url":"https:\/\/slams.fr\/blog\/wp-content\/uploads\/2025\/12\/pag-image-693be4a678071-scaled.png","type":"image\/png"}],"author":"Rapha\u00ebl D.","twitter_card":"summary_large_image","schema":{"@context":"https:\/\/schema.org","@graph":[{"@type":"NewsArticle","@id":"https:\/\/slams.fr\/blog\/communaute-et-interviews\/slam-texte-comment-la-poesie-orale-libere-votre-voix-et-votre-liberte\/#article","isPartOf":{"@id":"https:\/\/slams.fr\/blog\/communaute-et-interviews\/slam-texte-comment-la-poesie-orale-libere-votre-voix-et-votre-liberte\/"},"author":{"name":"Rapha\u00ebl D.","@id":"https:\/\/slams.fr\/blog\/#\/schema\/person\/3c864cdc320801e3db34b663e7e3f816"},"headline":"Slam texte : comment la po\u00e9sie orale lib\u00e8re votre voix et votre libert\u00e9","datePublished":"2026-01-29T08:25:00+00:00","mainEntityOfPage":{"@id":"https:\/\/slams.fr\/blog\/communaute-et-interviews\/slam-texte-comment-la-poesie-orale-libere-votre-voix-et-votre-liberte\/"},"wordCount":3813,"commentCount":0,"publisher":{"@id":"https:\/\/slams.fr\/blog\/#organization"},"image":{"@id":"https:\/\/slams.fr\/blog\/communaute-et-interviews\/slam-texte-comment-la-poesie-orale-libere-votre-voix-et-votre-liberte\/#primaryimage"},"thumbnailUrl":"https:\/\/slams.fr\/blog\/wp-content\/uploads\/2025\/12\/pag-image-693be4a678071-scaled.png","keywords":["expression libre","posie orale","slam posie"],"articleSection":["Communaut\u00e9 et Interviews"],"inLanguage":"fr-FR","potentialAction":[{"@type":"CommentAction","name":"Comment","target":["https:\/\/slams.fr\/blog\/communaute-et-interviews\/slam-texte-comment-la-poesie-orale-libere-votre-voix-et-votre-liberte\/#respond"]}]},{"@type":"WebPage","@id":"https:\/\/slams.fr\/blog\/communaute-et-interviews\/slam-texte-comment-la-poesie-orale-libere-votre-voix-et-votre-liberte\/","url":"https:\/\/slams.fr\/blog\/communaute-et-interviews\/slam-texte-comment-la-poesie-orale-libere-votre-voix-et-votre-liberte\/","name":"Slam texte : comment la po\u00e9sie orale lib\u00e8re votre voix","isPartOf":{"@id":"https:\/\/slams.fr\/blog\/#website"},"primaryImageOfPage":{"@id":"https:\/\/slams.fr\/blog\/communaute-et-interviews\/slam-texte-comment-la-poesie-orale-libere-votre-voix-et-votre-liberte\/#primaryimage"},"image":{"@id":"https:\/\/slams.fr\/blog\/communaute-et-interviews\/slam-texte-comment-la-poesie-orale-libere-votre-voix-et-votre-liberte\/#primaryimage"},"thumbnailUrl":"https:\/\/slams.fr\/blog\/wp-content\/uploads\/2025\/12\/pag-image-693be4a678071-scaled.png","datePublished":"2026-01-29T08:25:00+00:00","description":"Le slam texte se situe \u00e0 la jonction de la po\u00e9sie, du th\u00e9\u00e2tre et de la prise de parole citoyenne.","inLanguage":"fr-FR","potentialAction":[{"@type":"ReadAction","target":["https:\/\/slams.fr\/blog\/communaute-et-interviews\/slam-texte-comment-la-poesie-orale-libere-votre-voix-et-votre-liberte\/"]}]},{"@type":"ImageObject","inLanguage":"fr-FR","@id":"https:\/\/slams.fr\/blog\/communaute-et-interviews\/slam-texte-comment-la-poesie-orale-libere-votre-voix-et-votre-liberte\/#primaryimage","url":"https:\/\/slams.fr\/blog\/wp-content\/uploads\/2025\/12\/pag-image-693be4a678071-scaled.png","contentUrl":"https:\/\/slams.fr\/blog\/wp-content\/uploads\/2025\/12\/pag-image-693be4a678071-scaled.png","width":1200,"height":686,"caption":"Image g\u00e9n\u00e9r\u00e9e par IA optimis\u00e9e pour Google Discover"},{"@type":"WebSite","@id":"https:\/\/slams.fr\/blog\/#website","url":"https:\/\/slams.fr\/blog\/","name":"slams.fr","description":"Slams, l&#039;\u00e9nergie des mots en action","publisher":{"@id":"https:\/\/slams.fr\/blog\/#organization"},"alternateName":"Slams, l'\u00e9nergie des mots en action","potentialAction":[{"@type":"SearchAction","target":{"@type":"EntryPoint","urlTemplate":"https:\/\/slams.fr\/blog\/?s={search_term_string}"},"query-input":{"@type":"PropertyValueSpecification","valueRequired":true,"valueName":"search_term_string"}}],"inLanguage":"fr-FR"},{"@type":"Organization","@id":"https:\/\/slams.fr\/blog\/#organization","name":"Foretsensations.fr","url":"https:\/\/slams.fr\/blog\/","logo":{"@type":"ImageObject","inLanguage":"fr-FR","@id":"https:\/\/slams.fr\/blog\/#\/schema\/logo\/image\/","url":"https:\/\/slams.fr\/blog\/wp-content\/uploads\/2026\/07\/logo-auto-1.png","contentUrl":"https:\/\/slams.fr\/blog\/wp-content\/uploads\/2026\/07\/logo-auto-1.png","width":1024,"height":1024,"caption":"Foretsensations.fr"},"image":{"@id":"https:\/\/slams.fr\/blog\/#\/schema\/logo\/image\/"}},{"@type":"Person","@id":"https:\/\/slams.fr\/blog\/#\/schema\/person\/3c864cdc320801e3db34b663e7e3f816","name":"Rapha\u00ebl D.","image":{"@type":"ImageObject","inLanguage":"fr-FR","@id":"https:\/\/slams.fr\/blog\/#\/schema\/person\/image\/","url":"https:\/\/slams.fr\/blog\/wp-content\/uploads\/2026\/06\/persona_raphael-d-96x96.jpg","contentUrl":"https:\/\/slams.fr\/blog\/wp-content\/uploads\/2026\/06\/persona_raphael-d-96x96.jpg","caption":"Rapha\u00ebl D."},"description":"La culture est mon terrain de jeu depuis une dizaine d'ann\u00e9es : arts visuels, s\u00e9ries, cr\u00e9ation et tout ce qui nourrit l'imaginaire. J'\u00e9cris aussi bien sur l'actualit\u00e9 des \u0153uvres que sur les coulisses de la cr\u00e9ation, avec l'envie de relier l'amateur curieux \u00e0 des univers parfois jug\u00e9s intimidants. J'aime analyser une s\u00e9rie ou une d\u00e9marche artistique sans p\u00e9dantisme, replacer une \u0153uvre dans son contexte et donner des cl\u00e9s de lecture accessibles. Avant de publier, je v\u00e9rifie mes r\u00e9f\u00e9rences, je recoupe les sources et je distingue clairement le fait de mon interpr\u00e9tation subjective. Je crois qu'une critique vaut surtout par les arguments qu'elle expose, pas par la sentence qu'elle rend. Mon angle : transmettre l'envie de d\u00e9couvrir, de regarder autrement et de se forger son propre go\u00fbt. La culture n'appartient pas qu'aux initi\u00e9s, et c'est tout l'enjeu de mon \u00e9criture.","url":"https:\/\/slams.fr\/blog\/auteur\/raphael-d\/","jobTitle":"R\u00e9dacteur en chef \u00b7 Culture & Cr\u00e9ation","knowsAbout":["Culture","Cr\u00e9ation"],"email":"raphael.d@a-l-asso-de-l-art.fr"}]}},"_links":{"self":[{"href":"https:\/\/slams.fr\/blog\/wp-json\/wp\/v2\/posts\/7698","targetHints":{"allow":["GET"]}}],"collection":[{"href":"https:\/\/slams.fr\/blog\/wp-json\/wp\/v2\/posts"}],"about":[{"href":"https:\/\/slams.fr\/blog\/wp-json\/wp\/v2\/types\/post"}],"author":[{"embeddable":true,"href":"https:\/\/slams.fr\/blog\/wp-json\/wp\/v2\/users\/34"}],"replies":[{"embeddable":true,"href":"https:\/\/slams.fr\/blog\/wp-json\/wp\/v2\/comments?post=7698"}],"version-history":[{"count":1,"href":"https:\/\/slams.fr\/blog\/wp-json\/wp\/v2\/posts\/7698\/revisions"}],"predecessor-version":[{"id":7763,"href":"https:\/\/slams.fr\/blog\/wp-json\/wp\/v2\/posts\/7698\/revisions\/7763"}],"wp:featuredmedia":[{"embeddable":true,"href":"https:\/\/slams.fr\/blog\/wp-json\/wp\/v2\/media\/7701"}],"wp:attachment":[{"href":"https:\/\/slams.fr\/blog\/wp-json\/wp\/v2\/media?parent=7698"}],"wp:term":[{"taxonomy":"category","embeddable":true,"href":"https:\/\/slams.fr\/blog\/wp-json\/wp\/v2\/categories?post=7698"},{"taxonomy":"post_tag","embeddable":true,"href":"https:\/\/slams.fr\/blog\/wp-json\/wp\/v2\/tags?post=7698"}],"curies":[{"name":"wp","href":"https:\/\/api.w.org\/{rel}","templated":true}]}}