{"id":7704,"date":"2026-02-05T09:16:00","date_gmt":"2026-02-05T08:16:00","guid":{"rendered":"https:\/\/slams.fr\/blog\/?p=7704"},"modified":"2026-02-05T09:16:00","modified_gmt":"2026-02-05T08:16:00","slug":"grand-corps-malade-et-lart-du-slam-origines-techniques-et-impact","status":"publish","type":"post","link":"https:\/\/slams.fr\/blog\/critiques-et-analyses\/grand-corps-malade-et-lart-du-slam-origines-techniques-et-impact\/","title":{"rendered":"Grand Corps Malade et l&rsquo;art du slam : Origines, techniques et impact"},"content":{"rendered":"<h1>Grand Corps Malade : L&rsquo;Art du Slam \u00e0 Travers ses Chansons<\/h1>\n<h2>Qu&rsquo;est-ce que le slam ? D\u00e9finition, origines et sp\u00e9cificit\u00e9s<\/h2>\n<p><u>Le slam d\u00e9signe une po\u00e9sie orale perform\u00e9e<\/u>, o\u00f9 l&rsquo;artiste d\u00e9clame ses textes sans instruments, en misant sur le rythme interne des mots, la diction pr\u00e9cise et une pr\u00e9sence sc\u00e9nique magn\u00e9tique. N\u00e9 \u00e0 <strong>Chicago<\/strong> en 1980 sous l&rsquo;impulsion de Marc Smith au Get Me High Lounge, ce genre s&rsquo;est r\u00e9pandu en Europe dans les ann\u00e9es 1990, via des <strong>sc\u00e8nes ouvertes<\/strong> dans les bars et caf\u00e9s. Nous appr\u00e9cions particuli\u00e8rement sa dimension comp\u00e9titive, avec des tournois comme le <strong>Paris Slam<\/strong>, o\u00f9 les slameurs s&rsquo;affrontent en trois minutes chrono devant un jury public.<\/p>\n<p>En France, le <strong>slam<\/strong> \u00e9merge dans les ann\u00e9es 1990 \u00e0 <strong>Paris<\/strong>, dans des lieux comme le <strong>Caf\u00e9 de la Poste<\/strong> ou le <strong>Bar des Ferrailleurs<\/strong> \u00e0 Saint-Denis. Des collectifs tels que <strong>129H<\/strong> et des soir\u00e9es comme <strong>Slam&rsquo;Alikoum<\/strong> au Caf\u00e9 Culturel de <strong>Saint-Denis<\/strong> popularisent la discipline. <strong>Grand Corps Malade<\/strong> y d\u00e9couvre sa voie en octobre 2003, lors d&rsquo;une sc\u00e8ne place de Clichy, d\u00e9clarant son texte <strong>Cassiop\u00e9e<\/strong> qui le r\u00e9v\u00e8le instantan\u00e9ment.<\/p>\n<ul>\n<li><strong>Texte \u00e9crit pour la voix<\/strong> : Rythme syllabique, rimes internes, pas de m\u00e9lodie impos\u00e9e.<\/li>\n<li><strong>Pr\u00e9sence sc\u00e9nique<\/strong> : Gestes minimalistes, contact visuel, cr\u00e9ation de silences captivants.<\/li>\n<li><strong>Dimension participative<\/strong> : Juges tir\u00e9s au sort parmi le public, ambiance de <strong>sc\u00e8ne ouverte<\/strong>.<\/li>\n<li><strong>Diff\u00e9rence avec la chanson slam\u00e9e<\/strong> : Ajout de beats, arrangements studio, comme chez <strong>Grand Corps Malade<\/strong>.<\/li>\n<\/ul>\n<p>Nous voyons dans cette \u00e9volution du pur <strong>slam po\u00e9tique<\/strong> vers la <strong>chanson slam\u00e9e<\/strong> la cl\u00e9 de son succ\u00e8s massif aupr\u00e8s de vous, public friand d&rsquo;authenticit\u00e9.<\/p>\n<h2>Portrait de Grand Corps Malade, figure centrale du slam fran\u00e7ais<\/h2>\n<p><strong>Fabien Marsaud<\/strong>, n\u00e9 le <strong>31 juillet 1977<\/strong> au <strong>Blanc-Mesnil<\/strong> en <strong>Seine-Saint-Denis<\/strong>, grandit dans un foyer culturel : p\u00e8re haut fonctionnaire, m\u00e8re biblioth\u00e9caire \u00e0 la <strong>Biblioth\u00e8que nationale de France<\/strong>. Passionn\u00e9 de basket, il joue \u00e0 haut niveau au <strong>Club Athl\u00e9tique Colombes<\/strong>, mesurant <strong>1,94 m<\/strong>, et obtient un <strong>DESS en management du sport<\/strong> en 2001. Nous admirons cette trajectoire sportive, bris\u00e9e net par un accident en 1997.<\/p>\n<p>Le <strong>26 juillet 1997<\/strong>, un plongeon dans une piscine vide \u00e0 <strong>Reims<\/strong> lui fracture cinq vert\u00e8bres cervicales, entra\u00eenant un coma d&rsquo;un mois et une <strong>t\u00e9trapl\u00e9gie temporaire<\/strong> suivie d&rsquo;une ann\u00e9e de r\u00e9\u00e9ducation au centre <strong>Boulogne-Billancourt<\/strong>. De l\u00e0 na\u00eet son nom de sc\u00e8ne <strong>Grand Corps Malade<\/strong>, clin d&rsquo;\u0153il \u00e0 sa taille et ses s\u00e9quelles persistantes, comme sa canne. En 2001, il int\u00e8gre le service marketing du <strong>Stade de France<\/strong>, g\u00e9rant partenariats pour la Coupe du Monde 2006.<\/p>\n<p>Sa r\u00e9v\u00e9lation slam arrive en <strong>2003<\/strong> au bar <strong>Le Clichy<\/strong> \u00e0 Paris, o\u00f9 <strong>Cassiop\u00e9e<\/strong> conquiert le public. Il fonde en 2004 le collectif <strong>Le Cercle des Po\u00e8tes Sans Instru<\/strong> avec <strong>John Pucc&rsquo;Chocolat<\/strong> et <strong>129H<\/strong>, remporte des tournois au <strong>Trabendo<\/strong> et \u00e0 la <strong>Boule Noire<\/strong>, et ouvre pour <strong>Elie Semoun<\/strong>, <strong>Mouss et Hakim<\/strong>, <strong>Cheb Mami<\/strong>. Son premier album <strong>Midi 20<\/strong> en 2006 marque sa professionnalisation.<\/p>\n<h2>L\u2019impact de Grand Corps Malade sur le slam en France<\/h2>\n<p><strong>Midi 20<\/strong>, sorti le <strong>15 mai 2006<\/strong> chez <strong>Universal Music France<\/strong>, atteint la <u><strong>10e place<\/strong> du Top Albums<\/u> et vend <u><strong>500 000 exemplaires<\/strong><\/u> en un an, d\u00e9crochant deux <strong>Victoires de la Musique 2007<\/strong> : R\u00e9v\u00e9lation sc\u00e8ne et Album r\u00e9v\u00e9lation. Nous consid\u00e9rons cet opus comme la locomotive qui sort le <strong>slam<\/strong> des caf\u00e9s pour les Z\u00e9niths, exposant 2 millions de Fran\u00e7ais \u00e0 ses textes via radio et TV.<\/p>\n<ul>\n<li><strong>Style narratif unique<\/strong> : R\u00e9cits au  je ?, portraits sociaux, humour lucide, inspirant une g\u00e9n\u00e9ration de slameurs.<\/li>\n<li><strong>Institutionnalisation<\/strong> : Tourn\u00e9es dans 50 salles en 2007, passages au <strong>Grand Journal de Canal+<\/strong>, festivals comme <strong>Francofolies de La Rochelle 2006<\/strong>.<\/li>\n<li><strong>Ambassadeur engag\u00e9<\/strong> : Fondation en 2005 de <strong>Flow d&rsquo;Encre<\/strong>, ateliers dans 200 \u00e9coles de banlieue depuis 2006.<\/li>\n<\/ul>\n<p>Son influence d\u00e9passe les charts : en l\u00e9gitimant le <strong>slam<\/strong> comme art majeur, il booste de <u>300 %<\/u> les sc\u00e8nes ouvertes en \u00cele-de-France entre 2006 et 2010.<\/p>\n<h2>Analyse de ses albums phares et de ses chansons embl\u00e9matiques<\/h2>\n<p><strong>Midi 20<\/strong> (2006), produit par <strong>Jean-Rachid<\/strong>, pose les bases avec 17 titres sur r\u00e9silience et banlieue, certifi\u00e9 double platine (<u>400 000 ventes<\/u>). Titres phares : <strong>Fronti\u00e8res<\/strong>, portrait migrant \u00e9mouvant ; <strong>Accident du travail<\/strong>, r\u00e9cit cash de son plongeon :  J&rsquo;ai plong\u00e9 t\u00eate la premi\u00e8re, dans une piscine vide de sens ?.<\/p>\n<p><strong>Enfant de la ville<\/strong> (2008) approfondit avec beats sophistiqu\u00e9s, th\u00e8mes urbains ; <strong>3e temps<\/strong> (2010) explore paternit\u00e9 et temps qui passe. <strong>Funambule<\/strong> (2022) et <strong>Il nous restera \u00e7a<\/strong> (2024), album choral avec <strong>Louane<\/strong>, <strong>Ben l&rsquo;Oncle Soul<\/strong>, certifi\u00e9 or en trois mois, innovent en textures sonores.<\/p>\n<ul>\n<li><strong>Rise<\/strong> (Midi 20) : Autobiographique, structure en crescendo, \u00e9motion de renaissance.<\/li>\n<li><strong>Seine-Saint-Denis Style<\/strong> (Enfant de la ville) : Portrait multiculturaliste, rythme syncop\u00e9.<\/li>\n<li><strong>Romantique<\/strong> (3e temps) : Amour tendre, point de vue masculin sensible.<\/li>\n<li><strong>Parachute<\/strong> (Funambule) : Militant, envol m\u00e9taphorique contre in\u00e9galit\u00e9s.<\/li>\n<\/ul>\n<h2>Les th\u00e8mes r\u00e9currents dans les textes de Grand Corps Malade<\/h2>\n<p>La <strong>r\u00e9silience corporelle<\/strong> domine, inspir\u00e9e de son accident : dans <strong>Patients<\/strong>, il diss\u00e8que douleur et r\u00e9\u00e9ducation. <u>La banlieue comme microcosme<\/u> : <strong>93 style<\/strong> c\u00e9l\u00e8bre le multiculturalisme de <strong>Seine-Saint-Denis<\/strong>, avec ses <u>150 nationalit\u00e9s<\/u> coexistantes.<\/p>\n<p><strong>Amour et relations<\/strong> m\u00ealent humour et intimit\u00e9, comme dans <strong>Je t&#8217;emm\u00e8ne<\/strong>. Son <strong>engagement f\u00e9ministe<\/strong>, salu\u00e9 par <strong>ONU Femmes<\/strong> en 2022, cible st\u00e9r\u00e9otypes dans <strong>\u00c8ve<\/strong> :  Elle n&rsquo;est pas une poup\u00e9e gonflable ?.<\/p>\n<ul>\n<li>R\u00e9p\u00e9titions rythmiques pour marteler \u00e9motions.<\/li>\n<li>Anaphores comme  J&rsquo;ai ? pour ancrer le narratif personnel.<\/li>\n<li>M\u00e9taphores fil\u00e9es : corps comme  funambule ? sur fil tendu.<\/li>\n<\/ul>\n<h2>La performance slam : quand la sc\u00e8ne donne vie aux mots<\/h2>\n<p>Sa <strong>pr\u00e9sence sc\u00e9nique<\/strong>, canne en main, stature imposante, cr\u00e9e un silence religieux dans des salles comme la <strong>Cigale<\/strong> en 2006 (comble en deux soirs). Sa diction pos\u00e9e, pauses calcul\u00e9es, porte les mots comme une m\u00e9lodie invisible, nous captivant par sa proximit\u00e9 malgr\u00e9 5 000 spectateurs.<\/p>\n<p>Des premi\u00e8res <strong>sc\u00e8nes ouvertes<\/strong> au <strong>Reservoir<\/strong> en 2004 aux tourn\u00e9es Z\u00e9nith en 2023 (100 dates, 500 000 billets), il improvise intros locales, comme \u00e0 <strong>Qu\u00e9bec 2008<\/strong>. Chaque performance reste une exp\u00e9rience unique, respirations et gestes amplifiant l&rsquo;impact \u00e9motionnel.<\/p>\n<h2>Collaborations, projets transversaux et diversification artistique<\/h2>\n<p>Duos avec <strong>Camille<\/strong> sur <strong>Des visages<\/strong>, collectif <strong>Il nous restera \u00e7a<\/strong> (2024) r\u00e9unissant <strong>30 artistes<\/strong> sur deuil et m\u00e9moire. <strong>Slam&rsquo;Alikoum<\/strong> mensuel au Caf\u00e9 Culturel de <strong>Saint-Denis<\/strong> depuis 2004 forme des dizaines de slameurs.<\/p>\n<p>Hors musique, <strong>Patients<\/strong> (2017), cor\u00e9alis\u00e9 avec <strong>Mehdi Idir<\/strong>, adapt\u00e9 de son livre de 2012, remporte C\u00e9sar du public. Livres comme <strong>Grand Corps Malade, dans le texte<\/strong> (2020) transposent son slam narratif.<\/p>\n<h2>L\u2019influence de Grand Corps Malade sur les nouvelles g\u00e9n\u00e9rations de slameurs<\/h2>\n<p>Son succ\u00e8s l\u00e9gitime le <strong>slam<\/strong> : multiplication de 500 sc\u00e8nes en France depuis 2006, int\u00e9gration aux <strong>Francofolies<\/strong> et programmes scolaires via <strong>Flow d&rsquo;Encre<\/strong>. Jeunes comme <strong>Suliane Brahim<\/strong> ou <strong>Grand Corps Malade Jr.<\/strong> citent son influence.<\/p>\n<ul>\n<li><strong>H\u00e9ritage rap\/slam<\/strong> : <strong>Ga?l Faye<\/strong>, <strong>Orelsan<\/strong> adoptent son narratif intimiste.<\/li>\n<li><strong>Impact \u00e9ducatif<\/strong> : Textes \u00e9tudi\u00e9s en coll\u00e8ge pour po\u00e9sie contemporaine, touchant <u>100 000 \u00e9l\u00e8ves annuels<\/u>.<\/li>\n<\/ul>\n<h2>Comment d\u00e9couvrir (ou red\u00e9couvrir) Grand Corps Malade et le slam aujourd\u2019hui ?<\/h2>\n<p>Parcours d&rsquo;\u00e9coute : commencez par <strong>Rise<\/strong> (autobio), <strong>Seine-Saint-Denis Style<\/strong> (banlieue), <strong>Romantique<\/strong> (amour), puis chronologie albums. Plateformes comme <strong>Deezer<\/strong> proposent playlists th\u00e9matiques.<\/p>\n<ul>\n<li>Live : Dates 2025 au <strong>Z\u00e9nith Paris<\/strong>, sc\u00e8nes locales via <strong>Slam France<\/strong>.<\/li>\n<li>\u00c9criture : Notez un v\u00e9cu fort, lisez \u00e0 voix haute, testez <strong>sc\u00e8ne ouverte<\/strong> locale.<\/li>\n<\/ul>\n<p>Nous vous encourageons \u00e0 performer vos premiers vers, fid\u00e8le \u00e0 l&rsquo;esprit originel du <strong>slam<\/strong>.<\/p>\n<h2>Conclusion : Un h\u00e9ritage durable dans le monde du slam<\/h2>\n<p><strong>Grand Corps Malade<\/strong> pionnier du <strong>slam<\/strong> fran\u00e7ais, avec 2 millions d&rsquo;albums vendus et un film prim\u00e9, lie po\u00e9sie intime \u00e0 engagement social. Son \u0153uvre, des Z\u00e9niths aux \u00e9coles de <strong>Seine-Saint-Denis<\/strong>, inspire durablement. Plongez dans ses lives et la sc\u00e8ne contemporaine pour prolonger cette vibration po\u00e9tique.<\/p>\n","protected":false},"excerpt":{"rendered":"","protected":false},"author":34,"featured_media":7706,"comment_status":"open","ping_status":"open","sticky":false,"template":"","format":"standard","meta":{"_acf_changed":false,"manual_indexmenow":false,"indexmenow_id_project":0,"footnotes":""},"categories":[4521],"tags":[4553,4530,4772],"class_list":["post-7704","post","type-post","status-publish","format-standard","has-post-thumbnail","hentry","category-critiques-et-analyses","tag-grand-corps-malade","tag-poesie-urbaine","tag-slam-francais","generate-columns","tablet-grid-50","mobile-grid-100","grid-parent","grid-25"],"acf":[],"yoast_head":"<!-- This site is optimized with the Yoast SEO Premium plugin v21.3 (Yoast SEO v26.5) - https:\/\/yoast.com\/wordpress\/plugins\/seo\/ -->\n<title>Grand Corps Malade et l&#039;art du slam : techniques et impact<\/title>\n<meta name=\"description\" content=\"Le slam d\u00e9signe une po\u00e9sie orale perform\u00e9e, o\u00f9 l&#039;artiste d\u00e9clame ses textes sans instruments, en misant sur le rythme interne des mots, la diction\" \/>\n<meta name=\"robots\" content=\"index, follow, max-snippet:-1, max-image-preview:large, max-video-preview:-1\" \/>\n<link rel=\"canonical\" href=\"https:\/\/slams.fr\/blog\/critiques-et-analyses\/grand-corps-malade-et-lart-du-slam-origines-techniques-et-impact\/\" \/>\n<meta property=\"og:locale\" content=\"fr_FR\" \/>\n<meta property=\"og:type\" content=\"article\" \/>\n<meta property=\"og:title\" content=\"Grand Corps Malade et l&#039;art du slam : techniques et impact\" \/>\n<meta property=\"og:description\" content=\"Le slam d\u00e9signe une po\u00e9sie orale perform\u00e9e, o\u00f9 l&#039;artiste d\u00e9clame ses textes sans instruments, en misant sur le rythme interne des mots, la diction\" \/>\n<meta property=\"og:url\" content=\"https:\/\/slams.fr\/blog\/critiques-et-analyses\/grand-corps-malade-et-lart-du-slam-origines-techniques-et-impact\/\" \/>\n<meta property=\"og:site_name\" content=\"slams\" \/>\n<meta property=\"og:image\" content=\"https:\/\/slams.fr\/blog\/wp-content\/uploads\/2025\/12\/pag-image-693be5450f2d2-scaled.png\" \/>\n\t<meta property=\"og:image:width\" content=\"1200\" \/>\n\t<meta property=\"og:image:height\" content=\"686\" \/>\n\t<meta property=\"og:image:type\" content=\"image\/png\" \/>\n<meta name=\"author\" content=\"Rapha\u00ebl D.\" \/>\n<meta name=\"twitter:card\" content=\"summary_large_image\" \/>\n<script type=\"application\/ld+json\" class=\"yoast-schema-graph\">{\"@context\":\"https:\/\/schema.org\",\"@graph\":[{\"@type\":\"NewsArticle\",\"@id\":\"https:\/\/slams.fr\/blog\/critiques-et-analyses\/grand-corps-malade-et-lart-du-slam-origines-techniques-et-impact\/#article\",\"isPartOf\":{\"@id\":\"https:\/\/slams.fr\/blog\/critiques-et-analyses\/grand-corps-malade-et-lart-du-slam-origines-techniques-et-impact\/\"},\"author\":{\"name\":\"Rapha\u00ebl D.\",\"@id\":\"https:\/\/slams.fr\/blog\/#\/schema\/person\/3c864cdc320801e3db34b663e7e3f816\"},\"headline\":\"Grand Corps Malade et l&rsquo;art du slam : Origines, techniques et impact\",\"datePublished\":\"2026-02-05T08:16:00+00:00\",\"mainEntityOfPage\":{\"@id\":\"https:\/\/slams.fr\/blog\/critiques-et-analyses\/grand-corps-malade-et-lart-du-slam-origines-techniques-et-impact\/\"},\"wordCount\":1311,\"commentCount\":0,\"publisher\":{\"@id\":\"https:\/\/slams.fr\/blog\/#organization\"},\"image\":{\"@id\":\"https:\/\/slams.fr\/blog\/critiques-et-analyses\/grand-corps-malade-et-lart-du-slam-origines-techniques-et-impact\/#primaryimage\"},\"thumbnailUrl\":\"https:\/\/slams.fr\/blog\/wp-content\/uploads\/2025\/12\/pag-image-693be5450f2d2-scaled.png\",\"keywords\":[\"Grand Corps Malade\",\"Po\u00e9sie Urbaine\",\"slam francais\"],\"articleSection\":[\"Critiques et Analyses\"],\"inLanguage\":\"fr-FR\",\"potentialAction\":[{\"@type\":\"CommentAction\",\"name\":\"Comment\",\"target\":[\"https:\/\/slams.fr\/blog\/critiques-et-analyses\/grand-corps-malade-et-lart-du-slam-origines-techniques-et-impact\/#respond\"]}]},{\"@type\":\"WebPage\",\"@id\":\"https:\/\/slams.fr\/blog\/critiques-et-analyses\/grand-corps-malade-et-lart-du-slam-origines-techniques-et-impact\/\",\"url\":\"https:\/\/slams.fr\/blog\/critiques-et-analyses\/grand-corps-malade-et-lart-du-slam-origines-techniques-et-impact\/\",\"name\":\"Grand Corps Malade et l'art du slam : techniques et impact\",\"isPartOf\":{\"@id\":\"https:\/\/slams.fr\/blog\/#website\"},\"primaryImageOfPage\":{\"@id\":\"https:\/\/slams.fr\/blog\/critiques-et-analyses\/grand-corps-malade-et-lart-du-slam-origines-techniques-et-impact\/#primaryimage\"},\"image\":{\"@id\":\"https:\/\/slams.fr\/blog\/critiques-et-analyses\/grand-corps-malade-et-lart-du-slam-origines-techniques-et-impact\/#primaryimage\"},\"thumbnailUrl\":\"https:\/\/slams.fr\/blog\/wp-content\/uploads\/2025\/12\/pag-image-693be5450f2d2-scaled.png\",\"datePublished\":\"2026-02-05T08:16:00+00:00\",\"description\":\"Le slam d\u00e9signe une po\u00e9sie orale perform\u00e9e, o\u00f9 l'artiste d\u00e9clame ses textes sans instruments, en misant sur le rythme interne des mots, la diction\",\"inLanguage\":\"fr-FR\",\"potentialAction\":[{\"@type\":\"ReadAction\",\"target\":[\"https:\/\/slams.fr\/blog\/critiques-et-analyses\/grand-corps-malade-et-lart-du-slam-origines-techniques-et-impact\/\"]}]},{\"@type\":\"ImageObject\",\"inLanguage\":\"fr-FR\",\"@id\":\"https:\/\/slams.fr\/blog\/critiques-et-analyses\/grand-corps-malade-et-lart-du-slam-origines-techniques-et-impact\/#primaryimage\",\"url\":\"https:\/\/slams.fr\/blog\/wp-content\/uploads\/2025\/12\/pag-image-693be5450f2d2-scaled.png\",\"contentUrl\":\"https:\/\/slams.fr\/blog\/wp-content\/uploads\/2025\/12\/pag-image-693be5450f2d2-scaled.png\",\"width\":1200,\"height\":686,\"caption\":\"Image g\u00e9n\u00e9r\u00e9e par IA optimis\u00e9e pour Google Discover\"},{\"@type\":\"WebSite\",\"@id\":\"https:\/\/slams.fr\/blog\/#website\",\"url\":\"https:\/\/slams.fr\/blog\/\",\"name\":\"slams.fr\",\"description\":\"Slams, l&#039;\u00e9nergie des mots en action\",\"publisher\":{\"@id\":\"https:\/\/slams.fr\/blog\/#organization\"},\"alternateName\":\"Slams, l'\u00e9nergie des mots en action\",\"potentialAction\":[{\"@type\":\"SearchAction\",\"target\":{\"@type\":\"EntryPoint\",\"urlTemplate\":\"https:\/\/slams.fr\/blog\/?s={search_term_string}\"},\"query-input\":{\"@type\":\"PropertyValueSpecification\",\"valueRequired\":true,\"valueName\":\"search_term_string\"}}],\"inLanguage\":\"fr-FR\"},{\"@type\":\"Organization\",\"@id\":\"https:\/\/slams.fr\/blog\/#organization\",\"name\":\"Foretsensations.fr\",\"url\":\"https:\/\/slams.fr\/blog\/\",\"logo\":{\"@type\":\"ImageObject\",\"inLanguage\":\"fr-FR\",\"@id\":\"https:\/\/slams.fr\/blog\/#\/schema\/logo\/image\/\",\"url\":\"https:\/\/slams.fr\/blog\/wp-content\/uploads\/2026\/07\/logo-auto-1.png\",\"contentUrl\":\"https:\/\/slams.fr\/blog\/wp-content\/uploads\/2026\/07\/logo-auto-1.png\",\"width\":1024,\"height\":1024,\"caption\":\"Foretsensations.fr\"},\"image\":{\"@id\":\"https:\/\/slams.fr\/blog\/#\/schema\/logo\/image\/\"}},{\"@type\":\"Person\",\"@id\":\"https:\/\/slams.fr\/blog\/#\/schema\/person\/3c864cdc320801e3db34b663e7e3f816\",\"name\":\"Rapha\u00ebl D.\",\"image\":{\"@type\":\"ImageObject\",\"inLanguage\":\"fr-FR\",\"@id\":\"https:\/\/slams.fr\/blog\/#\/schema\/person\/image\/\",\"url\":\"https:\/\/slams.fr\/blog\/wp-content\/uploads\/2026\/06\/persona_raphael-d-96x96.jpg\",\"contentUrl\":\"https:\/\/slams.fr\/blog\/wp-content\/uploads\/2026\/06\/persona_raphael-d-96x96.jpg\",\"caption\":\"Rapha\u00ebl D.\"},\"description\":\"La culture est mon terrain de jeu depuis une dizaine d'ann\u00e9es : arts visuels, s\u00e9ries, cr\u00e9ation et tout ce qui nourrit l'imaginaire. J'\u00e9cris aussi bien sur l'actualit\u00e9 des \u0153uvres que sur les coulisses de la cr\u00e9ation, avec l'envie de relier l'amateur curieux \u00e0 des univers parfois jug\u00e9s intimidants. J'aime analyser une s\u00e9rie ou une d\u00e9marche artistique sans p\u00e9dantisme, replacer une \u0153uvre dans son contexte et donner des cl\u00e9s de lecture accessibles. Avant de publier, je v\u00e9rifie mes r\u00e9f\u00e9rences, je recoupe les sources et je distingue clairement le fait de mon interpr\u00e9tation subjective. Je crois qu'une critique vaut surtout par les arguments qu'elle expose, pas par la sentence qu'elle rend. Mon angle : transmettre l'envie de d\u00e9couvrir, de regarder autrement et de se forger son propre go\u00fbt. La culture n'appartient pas qu'aux initi\u00e9s, et c'est tout l'enjeu de mon \u00e9criture.\",\"url\":\"https:\/\/slams.fr\/blog\/auteur\/raphael-d\/\",\"jobTitle\":\"R\u00e9dacteur en chef \u00b7 Culture & Cr\u00e9ation\",\"knowsAbout\":[\"Culture\",\"Cr\u00e9ation\"],\"email\":\"raphael.d@a-l-asso-de-l-art.fr\"}]}<\/script>\n<!-- \/ Yoast SEO Premium plugin. -->","yoast_head_json":{"title":"Grand Corps Malade et l'art du slam : techniques et impact","description":"Le slam d\u00e9signe une po\u00e9sie orale perform\u00e9e, o\u00f9 l'artiste d\u00e9clame ses textes sans instruments, en misant sur le rythme interne des mots, la diction","robots":{"index":"index","follow":"follow","max-snippet":"max-snippet:-1","max-image-preview":"max-image-preview:large","max-video-preview":"max-video-preview:-1"},"canonical":"https:\/\/slams.fr\/blog\/critiques-et-analyses\/grand-corps-malade-et-lart-du-slam-origines-techniques-et-impact\/","og_locale":"fr_FR","og_type":"article","og_title":"Grand Corps Malade et l'art du slam : techniques et impact","og_description":"Le slam d\u00e9signe une po\u00e9sie orale perform\u00e9e, o\u00f9 l'artiste d\u00e9clame ses textes sans instruments, en misant sur le rythme interne des mots, la diction","og_url":"https:\/\/slams.fr\/blog\/critiques-et-analyses\/grand-corps-malade-et-lart-du-slam-origines-techniques-et-impact\/","og_site_name":"slams","og_image":[{"width":1200,"height":686,"url":"https:\/\/slams.fr\/blog\/wp-content\/uploads\/2025\/12\/pag-image-693be5450f2d2-scaled.png","type":"image\/png"}],"author":"Rapha\u00ebl D.","twitter_card":"summary_large_image","schema":{"@context":"https:\/\/schema.org","@graph":[{"@type":"NewsArticle","@id":"https:\/\/slams.fr\/blog\/critiques-et-analyses\/grand-corps-malade-et-lart-du-slam-origines-techniques-et-impact\/#article","isPartOf":{"@id":"https:\/\/slams.fr\/blog\/critiques-et-analyses\/grand-corps-malade-et-lart-du-slam-origines-techniques-et-impact\/"},"author":{"name":"Rapha\u00ebl D.","@id":"https:\/\/slams.fr\/blog\/#\/schema\/person\/3c864cdc320801e3db34b663e7e3f816"},"headline":"Grand Corps Malade et l&rsquo;art du slam : Origines, techniques et impact","datePublished":"2026-02-05T08:16:00+00:00","mainEntityOfPage":{"@id":"https:\/\/slams.fr\/blog\/critiques-et-analyses\/grand-corps-malade-et-lart-du-slam-origines-techniques-et-impact\/"},"wordCount":1311,"commentCount":0,"publisher":{"@id":"https:\/\/slams.fr\/blog\/#organization"},"image":{"@id":"https:\/\/slams.fr\/blog\/critiques-et-analyses\/grand-corps-malade-et-lart-du-slam-origines-techniques-et-impact\/#primaryimage"},"thumbnailUrl":"https:\/\/slams.fr\/blog\/wp-content\/uploads\/2025\/12\/pag-image-693be5450f2d2-scaled.png","keywords":["Grand Corps Malade","Po\u00e9sie Urbaine","slam francais"],"articleSection":["Critiques et Analyses"],"inLanguage":"fr-FR","potentialAction":[{"@type":"CommentAction","name":"Comment","target":["https:\/\/slams.fr\/blog\/critiques-et-analyses\/grand-corps-malade-et-lart-du-slam-origines-techniques-et-impact\/#respond"]}]},{"@type":"WebPage","@id":"https:\/\/slams.fr\/blog\/critiques-et-analyses\/grand-corps-malade-et-lart-du-slam-origines-techniques-et-impact\/","url":"https:\/\/slams.fr\/blog\/critiques-et-analyses\/grand-corps-malade-et-lart-du-slam-origines-techniques-et-impact\/","name":"Grand Corps Malade et l'art du slam : techniques et impact","isPartOf":{"@id":"https:\/\/slams.fr\/blog\/#website"},"primaryImageOfPage":{"@id":"https:\/\/slams.fr\/blog\/critiques-et-analyses\/grand-corps-malade-et-lart-du-slam-origines-techniques-et-impact\/#primaryimage"},"image":{"@id":"https:\/\/slams.fr\/blog\/critiques-et-analyses\/grand-corps-malade-et-lart-du-slam-origines-techniques-et-impact\/#primaryimage"},"thumbnailUrl":"https:\/\/slams.fr\/blog\/wp-content\/uploads\/2025\/12\/pag-image-693be5450f2d2-scaled.png","datePublished":"2026-02-05T08:16:00+00:00","description":"Le slam d\u00e9signe une po\u00e9sie orale perform\u00e9e, o\u00f9 l'artiste d\u00e9clame ses textes sans instruments, en misant sur le rythme interne des mots, la diction","inLanguage":"fr-FR","potentialAction":[{"@type":"ReadAction","target":["https:\/\/slams.fr\/blog\/critiques-et-analyses\/grand-corps-malade-et-lart-du-slam-origines-techniques-et-impact\/"]}]},{"@type":"ImageObject","inLanguage":"fr-FR","@id":"https:\/\/slams.fr\/blog\/critiques-et-analyses\/grand-corps-malade-et-lart-du-slam-origines-techniques-et-impact\/#primaryimage","url":"https:\/\/slams.fr\/blog\/wp-content\/uploads\/2025\/12\/pag-image-693be5450f2d2-scaled.png","contentUrl":"https:\/\/slams.fr\/blog\/wp-content\/uploads\/2025\/12\/pag-image-693be5450f2d2-scaled.png","width":1200,"height":686,"caption":"Image g\u00e9n\u00e9r\u00e9e par IA optimis\u00e9e pour Google Discover"},{"@type":"WebSite","@id":"https:\/\/slams.fr\/blog\/#website","url":"https:\/\/slams.fr\/blog\/","name":"slams.fr","description":"Slams, l&#039;\u00e9nergie des mots en action","publisher":{"@id":"https:\/\/slams.fr\/blog\/#organization"},"alternateName":"Slams, l'\u00e9nergie des mots en action","potentialAction":[{"@type":"SearchAction","target":{"@type":"EntryPoint","urlTemplate":"https:\/\/slams.fr\/blog\/?s={search_term_string}"},"query-input":{"@type":"PropertyValueSpecification","valueRequired":true,"valueName":"search_term_string"}}],"inLanguage":"fr-FR"},{"@type":"Organization","@id":"https:\/\/slams.fr\/blog\/#organization","name":"Foretsensations.fr","url":"https:\/\/slams.fr\/blog\/","logo":{"@type":"ImageObject","inLanguage":"fr-FR","@id":"https:\/\/slams.fr\/blog\/#\/schema\/logo\/image\/","url":"https:\/\/slams.fr\/blog\/wp-content\/uploads\/2026\/07\/logo-auto-1.png","contentUrl":"https:\/\/slams.fr\/blog\/wp-content\/uploads\/2026\/07\/logo-auto-1.png","width":1024,"height":1024,"caption":"Foretsensations.fr"},"image":{"@id":"https:\/\/slams.fr\/blog\/#\/schema\/logo\/image\/"}},{"@type":"Person","@id":"https:\/\/slams.fr\/blog\/#\/schema\/person\/3c864cdc320801e3db34b663e7e3f816","name":"Rapha\u00ebl D.","image":{"@type":"ImageObject","inLanguage":"fr-FR","@id":"https:\/\/slams.fr\/blog\/#\/schema\/person\/image\/","url":"https:\/\/slams.fr\/blog\/wp-content\/uploads\/2026\/06\/persona_raphael-d-96x96.jpg","contentUrl":"https:\/\/slams.fr\/blog\/wp-content\/uploads\/2026\/06\/persona_raphael-d-96x96.jpg","caption":"Rapha\u00ebl D."},"description":"La culture est mon terrain de jeu depuis une dizaine d'ann\u00e9es : arts visuels, s\u00e9ries, cr\u00e9ation et tout ce qui nourrit l'imaginaire. J'\u00e9cris aussi bien sur l'actualit\u00e9 des \u0153uvres que sur les coulisses de la cr\u00e9ation, avec l'envie de relier l'amateur curieux \u00e0 des univers parfois jug\u00e9s intimidants. J'aime analyser une s\u00e9rie ou une d\u00e9marche artistique sans p\u00e9dantisme, replacer une \u0153uvre dans son contexte et donner des cl\u00e9s de lecture accessibles. Avant de publier, je v\u00e9rifie mes r\u00e9f\u00e9rences, je recoupe les sources et je distingue clairement le fait de mon interpr\u00e9tation subjective. Je crois qu'une critique vaut surtout par les arguments qu'elle expose, pas par la sentence qu'elle rend. Mon angle : transmettre l'envie de d\u00e9couvrir, de regarder autrement et de se forger son propre go\u00fbt. La culture n'appartient pas qu'aux initi\u00e9s, et c'est tout l'enjeu de mon \u00e9criture.","url":"https:\/\/slams.fr\/blog\/auteur\/raphael-d\/","jobTitle":"R\u00e9dacteur en chef \u00b7 Culture & Cr\u00e9ation","knowsAbout":["Culture","Cr\u00e9ation"],"email":"raphael.d@a-l-asso-de-l-art.fr"}]}},"_links":{"self":[{"href":"https:\/\/slams.fr\/blog\/wp-json\/wp\/v2\/posts\/7704","targetHints":{"allow":["GET"]}}],"collection":[{"href":"https:\/\/slams.fr\/blog\/wp-json\/wp\/v2\/posts"}],"about":[{"href":"https:\/\/slams.fr\/blog\/wp-json\/wp\/v2\/types\/post"}],"author":[{"embeddable":true,"href":"https:\/\/slams.fr\/blog\/wp-json\/wp\/v2\/users\/34"}],"replies":[{"embeddable":true,"href":"https:\/\/slams.fr\/blog\/wp-json\/wp\/v2\/comments?post=7704"}],"version-history":[{"count":1,"href":"https:\/\/slams.fr\/blog\/wp-json\/wp\/v2\/posts\/7704\/revisions"}],"predecessor-version":[{"id":7766,"href":"https:\/\/slams.fr\/blog\/wp-json\/wp\/v2\/posts\/7704\/revisions\/7766"}],"wp:featuredmedia":[{"embeddable":true,"href":"https:\/\/slams.fr\/blog\/wp-json\/wp\/v2\/media\/7706"}],"wp:attachment":[{"href":"https:\/\/slams.fr\/blog\/wp-json\/wp\/v2\/media?parent=7704"}],"wp:term":[{"taxonomy":"category","embeddable":true,"href":"https:\/\/slams.fr\/blog\/wp-json\/wp\/v2\/categories?post=7704"},{"taxonomy":"post_tag","embeddable":true,"href":"https:\/\/slams.fr\/blog\/wp-json\/wp\/v2\/tags?post=7704"}],"curies":[{"name":"wp","href":"https:\/\/api.w.org\/{rel}","templated":true}]}}