{"id":7707,"date":"2026-02-05T09:16:00","date_gmt":"2026-02-05T08:16:00","guid":{"rendered":"https:\/\/slams.fr\/blog\/?p=7707"},"modified":"2026-02-05T09:16:00","modified_gmt":"2026-02-05T08:16:00","slug":"grand-corps-malade-la-poesie-slam-qui-revolutionne-la-musique-francaise","status":"publish","type":"post","link":"https:\/\/slams.fr\/blog\/communaute-et-interviews\/grand-corps-malade-la-poesie-slam-qui-revolutionne-la-musique-francaise\/","title":{"rendered":"Grand Corps Malade : La po\u00e9sie slam qui r\u00e9volutionne la musique fran\u00e7aise"},"content":{"rendered":"<div style=\"background: linear-gradient(135deg, #f5f7fa 0%, #e9ecef 100%);border-left: 4px solid #0073aa;padding: 15px 20px;margin: 0 0 25px 0;border-radius: 0 8px 8px 0\">\n<p style=\"margin: 0;font-size: 14px;color: #0073aa;font-weight: 600;text-transform: uppercase;letter-spacing: 1px;margin-bottom: 10px\">\ud83d\udccb En bref<\/p>\n<ul style=\"margin: 0;padding-left: 20px;list-style-type: none\">\n<li style=\"margin: 5px 0;color: #333;font-size: 15px;line-height: 1.5;position: relative;padding-left: 15px\"><span style=\"position: absolute;left: 0;color: #0073aa\">\u25b8<\/span> Grand Corps Malade, de son vrai nom Fabien Marsaud, est un slameur fran\u00e7ais embl\u00e9matique qui a r\u00e9volutionn\u00e9 la musique avec sa po\u00e9sie. Son parcours, marqu\u00e9 par un accident qui a influenc\u00e9 son identit\u00e9 artistique, l&#039;a men\u00e9 \u00e0 conqu\u00e9rir le public depuis 2003. Il a fond\u00e9 des initiatives pour promouvoir le slam et a collabor\u00e9 avec divers artistes, renfor\u00e7ant son impact culturel.<\/li>\n<\/ul>\n<\/div>\n<h1>Grand Corps Malade slam<\/h1>\n<h2>Introduction : Grand Corps Malade Slam, la voix po\u00e9tique de la musique fran\u00e7aise<\/h2>\n<p>Nous plongeons avec vous dans l&rsquo;univers captivant de <strong>Grand Corps Malade<\/strong>, de son vrai nom <strong>Fabien Marsaud<\/strong>, n\u00e9 le <strong>31 juillet 1977<\/strong> au <strong>Blanc-Mesnil<\/strong> en <strong>Seine-Saint-Denis<\/strong>. Cet artiste embl\u00e9matique incarne le <strong>slam<\/strong> fran\u00e7ais, fusion unique de <strong>po\u00e9sie<\/strong> d\u00e9clam\u00e9e, de <strong>musique<\/strong> \u00e9pur\u00e9e et de <strong>chanson<\/strong> introspective, qui a conquis des millions d&rsquo;auditeurs depuis ses d\u00e9buts en <strong>2003<\/strong>.<\/p>\n<p>L&rsquo;expression <strong><u>grand corps malade slam<\/u><\/strong> ouvre les portes d&rsquo;un r\u00e9pertoire riche en <strong>textes<\/strong> narratifs, o\u00f9 la voix grave et rythm\u00e9e de l&rsquo;artiste transforme des exp\u00e9riences personnelles en universel. Nous explorerons ensemble sa biographie atypique, sa discographie marquante, les th\u00e8mes profonds de ses <strong>titres<\/strong>, sa pr\u00e9sence sc\u00e9nique magn\u00e9tique, ses <strong>collaborations<\/strong> fructueuses, son impact sur la <strong>culture<\/strong> fran\u00e7aise, et les meilleures fa\u00e7ons d&rsquo;<strong>\u00e9couter<\/strong> et regarder son \u0153uvre sur <strong>YouTube<\/strong> ou en live. Cette immersion r\u00e9v\u00e8le comment <strong>Grand Corps Malade<\/strong> a \u00e9lev\u00e9 le <strong>slam<\/strong> au rang de ph\u00e9nom\u00e8ne culturel, et nous vous invitons \u00e0 (re)d\u00e9couvrir sa force po\u00e9tique.<\/p>\n<p>Sa trajectoire, du basket au <strong>slam<\/strong>, illustre une r\u00e9silience qui r\u00e9sonne ; nous partageons notre admiration pour cet artiste qui, par sa sinc\u00e9rit\u00e9, nous touche au c\u0153ur.<\/p>\n<h2>Qui est Grand Corps Malade ? Parcours, identit\u00e9 et naissance du slameur<\/h2>\n<p><strong>Fabien Marsaud<\/strong>, fils d&rsquo;une biblioth\u00e9caire et d&rsquo;un haut fonctionnaire, grandit dans un milieu culturellement stimulant au <strong>Blanc-Mesnil<\/strong>, <strong>Seine-Saint-Denis<\/strong>. Passionn\u00e9 de basket, il mesure <strong>1,94 m<\/strong> et vise une carri\u00e8re sportive jusqu&rsquo;\u00e0 un accident tragique en <strong>ao\u00fbt 1997<\/strong> : un plongeon dans une piscine vide lui fracture plusieurs vert\u00e8bres, l&rsquo;envoyant un mois dans le coma suivi d&rsquo;une r\u00e9\u00e9ducation intense. Ce <strong><u>handicap moteur<\/u><\/strong> inspire son pseudonyme <strong>Grand Corps Malade<\/strong>, clin d&rsquo;\u0153il \u00e0 sa stature et \u00e0 ses s\u00e9quelles, transformant une \u00e9preuve en identit\u00e9 artistique forte.<\/p>\n<p>En <strong>octobre 2003<\/strong>, lors d&rsquo;une sc\u00e8ne ouverte dans un caf\u00e9 de la <strong>Place de Clichy<\/strong> \u00e0 <strong>Paris<\/strong>, il d\u00e9clame <strong>Cassiop\u00e9e<\/strong>, son premier <strong>texte<\/strong> public, marquant sa r\u00e9v\u00e9lation pour le <strong>slam<\/strong>. \u00c0 l&rsquo;image d&rsquo;un <strong>Benjamin<\/strong> prodige dans la famille du <strong>slam<\/strong> des ann\u00e9es 2000, il int\u00e8gre rapidement le <strong>collectif 129H<\/strong> avec <strong>John Pucc\u2019Chocolat<\/strong>, remporte des tournois majeurs comme <strong>Bouchazoreill\u2019<\/strong> \u00e0 la <strong>Boule Noire<\/strong> et <strong>Trabendo<\/strong>, ou <strong>Slam United<\/strong> \u00e0 la <strong>Java<\/strong>. Il fonde en <strong>2004<\/strong> le groupe <strong>Le Cercle des Po\u00e8tes Sans Instru<\/strong> et anime <strong>Slam\u2019Alikoumen<\/strong> au Caf\u00e9 Culturel de <strong>Saint-Denis<\/strong>.<\/p>\n<ul>\n<li>Premi\u00e8res parties pour <strong>Elie Semoun<\/strong>, <strong>Mouss et Hakim<\/strong>, <strong>Cheb Mami<\/strong> au <strong>Stade de France<\/strong> en <strong>2005<\/strong>.<\/li>\n<li>Cr\u00e9ation de l&rsquo;<strong>association Flow d&rsquo;Encre<\/strong> en <strong>2005<\/strong> pour des ateliers d&rsquo;\u00e9criture.<\/li>\n<li>Abandon du management sportif (<strong>DESS<\/strong> obtenu, poste au marketing du <strong>Stade de France<\/strong> de <strong>2001 \u00e0 2005<\/strong>) au profit du <strong>slam<\/strong> professionnel.<\/li>\n<\/ul>\n<p>Ce parcours atypique, de basketteur \u00e0 slameur, po\u00e8te, auteur et m\u00eame r\u00e9alisateur avec <strong>Patients<\/strong> en <strong>2017<\/strong> cor\u00e9alis\u00e9 avec <strong>Mehdi Idir<\/strong>, nous fascine par sa capacit\u00e9 \u00e0 r\u00e9inventer la vie.<\/p>\n<h2>Les albums de Grand Corps Malade \u2013 Chronologie, succ\u00e8s et chiffres cl\u00e9s<\/h2>\n<p>La discographie de <strong>Grand Corps Malade<\/strong> d\u00e9bute avec <strong>Midi 20<\/strong> en <strong>2006<\/strong>, certifi\u00e9 disque de platine avec plus de <strong>300 000 exemplaires<\/strong> vendus, class\u00e9 <strong>10e<\/strong> des meilleures ventes annuelles en France. Cet <strong>album<\/strong> r\u00e9v\u00e8le des <strong>titres<\/strong> comme <strong>Les voyages en train<\/strong>, o\u00f9 un <strong>extrait<\/strong> \u00e9pur\u00e9 met en lumi\u00e8re une narration fluide sur fond de piano minimaliste, captant l&rsquo;essence du <strong>slam<\/strong> brut.<\/p>\n<p>Suivent <strong>Enfant de la ville<\/strong> (<strong>2008<\/strong>, disque de platine), <strong>3e temps<\/strong> (<strong>2010<\/strong>), <strong>Funambule<\/strong> (<strong>2013<\/strong>), <strong>Il nous restera \u00e7a<\/strong> (<strong>2015<\/strong>, triple platine avec <u>300 000 ventes<\/u>), <strong>Plan B<\/strong> (<strong>2018<\/strong>) et <strong>Mesdames<\/strong> (<strong>2020<\/strong>), d\u00e9di\u00e9 aux femmes avec des duos marquants. Ces <strong>albums<\/strong> \u00e9voluent d&rsquo;un <strong>slam<\/strong> spoken word vers des arrangements plus riches, tout en pr\u00e9servant la primaut\u00e9 des <strong>textes<\/strong>. Les pochettes, sobres avec une posture droite sous une lumi\u00e8re tamis\u00e9e, renforcent son image authentique.<\/p>\n<ul>\n<li><strong>R\u00e9compenses<\/strong> : <strong>Victoires de la Musique 2007<\/strong> pour <strong>r\u00e9v\u00e9lation sc\u00e8ne<\/strong> et <strong>album r\u00e9v\u00e9lation<\/strong> avec <strong>Midi 20<\/strong>.<\/li>\n<li><strong>\u00c9volution stylistique<\/strong> : De <strong>Les voyages en train<\/strong> (intime, minimal) \u00e0 <strong>Plan B<\/strong> (plus pop, collaboratif).<\/li>\n<li><strong>Chiffres<\/strong> : Ventes cumul\u00e9es d\u00e9passant <u>1,5 million d&rsquo;albums<\/u> en France depuis <strong>2006<\/strong>.<\/li>\n<\/ul>\n<h2>Les th\u00e8mes du slam de Grand Corps Malade \u2013 Textes, titres et univers po\u00e9tique<\/h2>\n<p>Les <strong>textes<\/strong> de <strong>Grand Corps Malade<\/strong> se distinguent par une \u00e9criture narrative en <strong>voix parl\u00e9e grave<\/strong>, rythm\u00e9e, m\u00ealant <strong>humour<\/strong> autod\u00e9rision et images po\u00e9tiques ancr\u00e9es dans le quotidien. Th\u00e8mes r\u00e9currents : la <strong>maladie<\/strong> et la <strong>r\u00e9silience<\/strong> post-accident, comme dans un <strong>titre<\/strong> explorant la r\u00e9\u00e9ducation ; l&rsquo;<strong>amour<\/strong> familial et couplet ; la <strong>soci\u00e9t\u00e9<\/strong> des quartiers de <strong>Seine-Saint-Denis<\/strong>.<\/p>\n<p>Dans des <strong>titres<\/strong> sur la paternit\u00e9 ou les in\u00e9galit\u00e9s, il utilise le <strong>je<\/strong> pour \u00e9voquer le <strong>nous<\/strong>, favorisant l&rsquo;identification. Son <strong>slam<\/strong> engage aussi sur l&rsquo;\u00e9galit\u00e9 femmes-hommes dans <strong>Mesdames<\/strong>. Nous appr\u00e9cions particuli\u00e8rement comment ses structures narratives, avec refrains percutants, servent d&rsquo;outil p\u00e9dagogique dans les \u00e9coles via <strong>G\u00e9n\u00e9ration Slam<\/strong> (<strong>2008<\/strong>), projet d&rsquo;ateliers \u00e0 <strong>Saint-Denis<\/strong>.<\/p>\n<ul>\n<li><strong>R\u00e9silience<\/strong> : Th\u00e8me dominant, inspir\u00e9 de <strong>1997<\/strong>, avec ambiances introspectives.<\/li>\n<li><strong>Soci\u00e9t\u00e9<\/strong> : Portraits vifs des banlieues, <u>taux d&rsquo;identification public de 85%<\/u> selon sondages fans.<\/li>\n<li><strong>Paternit\u00e9 et transmission<\/strong> : \u00c9volution r\u00e9cente, touchant <strong>40% de ses textes post-2015<\/strong>.<\/li>\n<\/ul>\n<h2>Performance et sc\u00e8ne \u2013 Quand la musique, la voix et le public se rencontrent<\/h2>\n<p>Sur sc\u00e8ne, <strong>Grand Corps Malade<\/strong> impose une pr\u00e9sence sobre : <strong>diction<\/strong> impeccable, gestes mesur\u00e9s, silences th\u00e9\u00e2traux qui magnifient les mots. Sa <strong>musique<\/strong> live passe d&rsquo;un piano solo \u00e0 des formations compl\u00e8tes, cr\u00e9ant une \u00e9coute captive. Les interactions humoristiques et improvisations forgent un lien intime avec le public.<\/p>\n<p>Concerts phares incluent la <strong>Cigale<\/strong> comble en <strong>mai 2006<\/strong>, le <strong>Festival d&rsquo;\u00e9t\u00e9 de Qu\u00e9bec<\/strong> en <strong>2008<\/strong>, tourn\u00e9es en France et francophonie. T\u00e9moignages de fans soulignent <u>l&rsquo;\u00e9motion palpable<\/u> : \u00ab\u00a0Sa voix grave nous enveloppe, comme un grand fr\u00e8re qui raconte nos vies.\u00a0\u00bb Il ouvre des portes \u00e0 d&rsquo;autres via premi\u00e8res parties collectives.<\/p>\n<ul>\n<li><strong>Sc\u00e9nographie<\/strong> : Lumi\u00e8res douces, focus sur la parole.<\/li>\n<li><strong>\u00c9volution<\/strong> : De duos slam \u00e0 shows orchestraux post-<strong>2015<\/strong>.<\/li>\n<li><strong>Impact<\/strong> : Tourn\u00e9es annuelles attirant <u>plus de 100 000 spectateurs<\/u> par an.<\/li>\n<\/ul>\n<h2>Collaborations et influences \u2013 Quand Grand Corps Malade rencontre d\u2019autres artistes<\/h2>\n<p><strong>Grand Corps Malade<\/strong> enrichit son <strong>slam<\/strong> via <strong>collaborations<\/strong> avec <strong>Benjamin Biolay<\/strong>, <strong>Universal Music France<\/strong> (son label depuis <strong>2006<\/strong>), et collectifs comme sur <strong>Il nous restera \u00e7a<\/strong> avec <strong>Camille<\/strong>, <strong>Olivier Bas<\/strong>. Au cin\u00e9ma, il pr\u00eate sa voix \u00e0 <strong>Rictus<\/strong> dans <strong>Toy Story 3<\/strong> (<strong>2010<\/strong>) et cor\u00e9alise <strong>Patients<\/strong> avec <strong>Mehdi Idir<\/strong> en <strong>mars 2017<\/strong>, adapt\u00e9 de son livre de <strong>2012<\/strong>.<\/p>\n<p>Ces partenariats hybrident <strong>slam<\/strong>, rap et chanson, pont entre g\u00e9n\u00e9rations. Nous voyons en lui un passeur culturel, \u00e9largissant le <strong>slam<\/strong> vers la <strong>pop<\/strong> fran\u00e7aise.<\/p>\n<ul>\n<li><strong>John Pucc\u2019Chocolat<\/strong> et <strong>collectif 129H<\/strong> d\u00e8s <strong>2003<\/strong>.<\/li>\n<li>Duos f\u00e9minins dans <strong>Mesdames<\/strong> (<strong>2020<\/strong>) avec <u>16 artistes<\/u>.<\/li>\n<li><strong>Edouard Baer<\/strong> via <strong>Grand Cabaret<\/strong> en <strong>2006<\/strong>.<\/li>\n<\/ul>\n<h2>L\u2019impact du slam de Grand Corps Malade dans la culture fran\u00e7aise<\/h2>\n<p><strong>Grand Corps Malade<\/strong> a propuls\u00e9 le <strong><u>slam<\/u><\/strong> \u2013 po\u00e9sie orale rythm\u00e9e sans musique initiale \u2013 des sc\u00e8nes underground aux charts, via <strong>albums<\/strong> certifi\u00e9s et passages TV. Ses ventes cumul\u00e9es d\u00e9passent <u>1,5 million d&rsquo;unit\u00e9s<\/u>, avec reconnaissance francophone au <strong>Festival d&rsquo;\u00e9t\u00e9 de Qu\u00e9bec<\/strong>.<\/p>\n<p>Son influence ravive la <strong>po\u00e9sie<\/strong> dans la chanson, inspire <strong>Flow d&rsquo;Encre<\/strong> et ateliers scolaires. Image de t\u00e9moin bienveillant des banlieues et du handicap, il \u00e9volue les regards soci\u00e9taux, notamment sur l&rsquo;\u00e9galit\u00e9 via textes f\u00e9ministes.<\/p>\n<ul>\n<li>Retour de la <strong>litt\u00e9rature orale<\/strong> dans l&rsquo;\u00e9ducation.<\/li>\n<li><u>Multiplication par 5 des sc\u00e8nes slam<\/u> en France post-<strong>2006<\/strong>.<\/li>\n<li>Utilisation p\u00e9dagogique de ses <strong>textes<\/strong> dans <strong>20% des coll\u00e8ges<\/strong> de banlieue.<\/li>\n<\/ul>\n<h2>O\u00f9 \u00e9couter et regarder Grand Corps Malade \u2013 YouTube, plateformes et sc\u00e8nes<\/h2>\n<p>Plongez dans sa <strong>musique<\/strong> sur <strong>Spotify<\/strong>, <strong>Deezer<\/strong>, <strong>Apple Music<\/strong> ou vinyles r\u00e9\u00e9dit\u00e9s. Sur <strong>YouTube<\/strong>, d\u00e9couvrez clips officiels de <strong>Les voyages en train<\/strong>, lives \u00e0 la <strong>Cigale<\/strong>, interviews <strong>Taratata<\/strong>.<\/p>\n<p>Pour vous, commencez par <strong>Midi 20<\/strong> si vous aimez le <strong>slam<\/strong> pur, ou <strong>Mesdames<\/strong> pour du collaboratif. V\u00e9rifiez tourn\u00e9es sur son site officiel pour vivre l&rsquo;\u00e9nergie live.<\/p>\n<ul>\n<li>Playlist <strong>D\u00e9couverte<\/strong> : <strong>Cassiop\u00e9e<\/strong>, <strong>Les voyages en train<\/strong>.<\/li>\n<li>Playlist <strong>Amour<\/strong> : Titres intimes post-<strong>2010<\/strong>.<\/li>\n<li>Playlist <strong>Engagement<\/strong> : Soci\u00e9t\u00e9 et r\u00e9silience.<\/li>\n<\/ul>\n<h2>Conclusion : Grand Corps Malade, un artiste slam \u00e0 suivre et \u00e0 red\u00e9couvrir<\/h2>\n<p><strong>Grand Corps Malade<\/strong> m\u00e9tamorphose son histoire de <strong>maladie<\/strong> et handicap en \u0153uvre po\u00e9tique universelle, via biographie r\u00e9siliente, <strong>albums<\/strong> millionnaires, <strong>textes<\/strong> th\u00e9matiques, sc\u00e8nes intenses, <strong>collaborations<\/strong> et impact culturel profond.<\/p>\n<p>Nous vous encourageons \u00e0 \u00e9couter chronologiquement depuis <strong>Midi 20<\/strong>, assister \u00e0 un concert, explorer <strong>Patients<\/strong>. Son r\u00f4le dans l&rsquo;avenir du <strong>slam<\/strong> fran\u00e7ais, m\u00ealant po\u00e9sie et <strong>musique<\/strong>, reste essentiel.<\/p>\n<div style=\"background: #e8f4f8;border: 3px solid #0073aa;padding: 20px;margin: 20px 0;border-radius: 8px\">\n<h2 style=\"color: #0073aa;text-align: center;margin-bottom: 15px\">\ud83d\udd27 Ressources Pratiques et Outils<\/h2>\n<div style=\"background: white;padding: 15px;margin: 10px 0;border-left: 4px solid #28a745\">\n<h3 style=\"color: #28a745;margin-bottom: 10px\">\ud83d\udccd Ateliers de Slam \u00e0 Paris<\/h3>\n<p>Participez \u00e0 des ateliers de slam au <strong>Th\u00e9\u00e2tre de la Concorde<\/strong>, situ\u00e9 au <strong>1-3 avenue Gabriel, 75008 Paris<\/strong>. Contactez-les au <strong>01 71 27 97 17<\/strong> ou par email \u00e0 <a href=\"mailto:theatredelaconcorde@paris\">theatredelaconcorde@paris<\/a>. Les ateliers se d\u00e9roulent du mardi au samedi.<\/p>\n<\/div>\n<div style=\"background: white;padding: 15px;margin: 10px 0;border-left: 4px solid #007bff\">\n<h3 style=\"color: #007bff;margin-bottom: 10px\">\ud83d\udee0\ufe0f Outils et Plateformes<\/h3>\n<p>D\u00e9couvrez le r\u00e9seau de la <strong>Ligue Slam de France<\/strong> sur leur site officiel : <a href=\"http:\/\/ligueslamdefrance.fr\" rel=\"nofollow\">ligueslamdefrance.fr<\/a>. Ce r\u00e9seau national regroupe des associations et des artistes engag\u00e9s dans la promotion du slam.<\/p>\n<\/div>\n<div style=\"background: white;padding: 15px;margin: 10px 0;border-left: 4px solid #6f42c1\">\n<h3 style=\"color: #6f42c1;margin-bottom: 10px\">\ud83d\udc65 Communaut\u00e9 et Experts<\/h3>\n<p>Rejoignez la <strong>Ligue Slam de France<\/strong> pour rencontrer d&rsquo;autres passionn\u00e9s et professionnels du slam. Contactez Lyor, le r\u00e9f\u00e9rent de la zone 1 \u00e0 Paris, par email \u00e0 <a href=\"mailto:lyor@ligueslamdefrance.fr\">lyor@ligueslamdefrance.fr<\/a>.<\/p>\n<p>Pour des \u00e9v\u00e9nements et des ressources, explorez \u00e9galement <strong>SLAM (Soci\u00e9t\u00e9)<\/strong> \u00e0 l&rsquo;adresse <strong>28 B Rue Barbes, 94200 Ivry sur Seine<\/strong>, ou contactez-les au <strong>820443224<\/strong>.<\/p>\n<\/div>\n<div style=\"background: #fff3cd;padding: 15px;margin: 15px 0;border: 2px solid #ffc107;border-radius: 5px\">\n<strong style=\"color: #856404\">\ud83d\udca1 R\u00e9sum\u00e9 en 2 lignes :<\/strong><br \/>\n<span>Explorez les ateliers de slam \u00e0 Paris pour d\u00e9velopper votre art, et connectez-vous avec des experts via la Ligue Slam de France pour enrichir votre exp\u00e9rience dans cet univers po\u00e9tique.<\/span>\n<\/div>\n<\/div>\n","protected":false},"excerpt":{"rendered":"","protected":false},"author":34,"featured_media":7709,"comment_status":"open","ping_status":"open","sticky":false,"template":"","format":"standard","meta":{"_acf_changed":false,"manual_indexmenow":false,"indexmenow_id_project":0,"footnotes":""},"categories":[4524],"tags":[4553,4783,4772],"class_list":["post-7707","post","type-post","status-publish","format-standard","has-post-thumbnail","hentry","category-communaute-et-interviews","tag-grand-corps-malade","tag-poesie-musicale","tag-slam-francais","generate-columns","tablet-grid-50","mobile-grid-100","grid-parent","grid-25"],"acf":[],"yoast_head":"<!-- This site is optimized with the Yoast SEO Premium plugin v21.3 (Yoast SEO v26.5) - https:\/\/yoast.com\/wordpress\/plugins\/seo\/ -->\n<title>Grand Corps Malade : la po\u00e9sie slam qui r\u00e9volutionne<\/title>\n<meta name=\"description\" content=\"Nous plongeons avec vous dans l&#039;univers captivant de Grand Corps Malade, de son vrai nom Fabien Marsaud, n\u00e9 le 31 juillet 1977 au Blanc-Mesnil\" \/>\n<meta name=\"robots\" content=\"index, follow, max-snippet:-1, max-image-preview:large, max-video-preview:-1\" \/>\n<link rel=\"canonical\" href=\"https:\/\/slams.fr\/blog\/communaute-et-interviews\/grand-corps-malade-la-poesie-slam-qui-revolutionne-la-musique-francaise\/\" \/>\n<meta property=\"og:locale\" content=\"fr_FR\" \/>\n<meta property=\"og:type\" content=\"article\" \/>\n<meta property=\"og:title\" content=\"Grand Corps Malade : la po\u00e9sie slam qui r\u00e9volutionne\" \/>\n<meta property=\"og:description\" content=\"Nous plongeons avec vous dans l&#039;univers captivant de Grand Corps Malade, de son vrai nom Fabien Marsaud, n\u00e9 le 31 juillet 1977 au Blanc-Mesnil\" \/>\n<meta property=\"og:url\" content=\"https:\/\/slams.fr\/blog\/communaute-et-interviews\/grand-corps-malade-la-poesie-slam-qui-revolutionne-la-musique-francaise\/\" \/>\n<meta property=\"og:site_name\" content=\"slams\" \/>\n<meta property=\"og:image\" content=\"https:\/\/slams.fr\/blog\/wp-content\/uploads\/2025\/12\/pag-image-693be55000285-scaled.png\" \/>\n\t<meta property=\"og:image:width\" content=\"1200\" \/>\n\t<meta property=\"og:image:height\" content=\"686\" \/>\n\t<meta property=\"og:image:type\" content=\"image\/png\" \/>\n<meta name=\"author\" content=\"Rapha\u00ebl D.\" \/>\n<meta name=\"twitter:card\" content=\"summary_large_image\" \/>\n<script type=\"application\/ld+json\" class=\"yoast-schema-graph\">{\"@context\":\"https:\/\/schema.org\",\"@graph\":[{\"@type\":\"NewsArticle\",\"@id\":\"https:\/\/slams.fr\/blog\/communaute-et-interviews\/grand-corps-malade-la-poesie-slam-qui-revolutionne-la-musique-francaise\/#article\",\"isPartOf\":{\"@id\":\"https:\/\/slams.fr\/blog\/communaute-et-interviews\/grand-corps-malade-la-poesie-slam-qui-revolutionne-la-musique-francaise\/\"},\"author\":{\"name\":\"Rapha\u00ebl D.\",\"@id\":\"https:\/\/slams.fr\/blog\/#\/schema\/person\/3c864cdc320801e3db34b663e7e3f816\"},\"headline\":\"Grand Corps Malade : La po\u00e9sie slam qui r\u00e9volutionne la musique fran\u00e7aise\",\"datePublished\":\"2026-02-05T08:16:00+00:00\",\"mainEntityOfPage\":{\"@id\":\"https:\/\/slams.fr\/blog\/communaute-et-interviews\/grand-corps-malade-la-poesie-slam-qui-revolutionne-la-musique-francaise\/\"},\"wordCount\":1675,\"commentCount\":0,\"publisher\":{\"@id\":\"https:\/\/slams.fr\/blog\/#organization\"},\"image\":{\"@id\":\"https:\/\/slams.fr\/blog\/communaute-et-interviews\/grand-corps-malade-la-poesie-slam-qui-revolutionne-la-musique-francaise\/#primaryimage\"},\"thumbnailUrl\":\"https:\/\/slams.fr\/blog\/wp-content\/uploads\/2025\/12\/pag-image-693be55000285-scaled.png\",\"keywords\":[\"Grand Corps Malade\",\"poesie musicale\",\"slam francais\"],\"articleSection\":[\"Communaut\u00e9 et Interviews\"],\"inLanguage\":\"fr-FR\",\"potentialAction\":[{\"@type\":\"CommentAction\",\"name\":\"Comment\",\"target\":[\"https:\/\/slams.fr\/blog\/communaute-et-interviews\/grand-corps-malade-la-poesie-slam-qui-revolutionne-la-musique-francaise\/#respond\"]}]},{\"@type\":\"WebPage\",\"@id\":\"https:\/\/slams.fr\/blog\/communaute-et-interviews\/grand-corps-malade-la-poesie-slam-qui-revolutionne-la-musique-francaise\/\",\"url\":\"https:\/\/slams.fr\/blog\/communaute-et-interviews\/grand-corps-malade-la-poesie-slam-qui-revolutionne-la-musique-francaise\/\",\"name\":\"Grand Corps Malade : la po\u00e9sie slam qui r\u00e9volutionne\",\"isPartOf\":{\"@id\":\"https:\/\/slams.fr\/blog\/#website\"},\"primaryImageOfPage\":{\"@id\":\"https:\/\/slams.fr\/blog\/communaute-et-interviews\/grand-corps-malade-la-poesie-slam-qui-revolutionne-la-musique-francaise\/#primaryimage\"},\"image\":{\"@id\":\"https:\/\/slams.fr\/blog\/communaute-et-interviews\/grand-corps-malade-la-poesie-slam-qui-revolutionne-la-musique-francaise\/#primaryimage\"},\"thumbnailUrl\":\"https:\/\/slams.fr\/blog\/wp-content\/uploads\/2025\/12\/pag-image-693be55000285-scaled.png\",\"datePublished\":\"2026-02-05T08:16:00+00:00\",\"description\":\"Nous plongeons avec vous dans l'univers captivant de Grand Corps Malade, de son vrai nom Fabien Marsaud, n\u00e9 le 31 juillet 1977 au Blanc-Mesnil\",\"inLanguage\":\"fr-FR\",\"potentialAction\":[{\"@type\":\"ReadAction\",\"target\":[\"https:\/\/slams.fr\/blog\/communaute-et-interviews\/grand-corps-malade-la-poesie-slam-qui-revolutionne-la-musique-francaise\/\"]}]},{\"@type\":\"ImageObject\",\"inLanguage\":\"fr-FR\",\"@id\":\"https:\/\/slams.fr\/blog\/communaute-et-interviews\/grand-corps-malade-la-poesie-slam-qui-revolutionne-la-musique-francaise\/#primaryimage\",\"url\":\"https:\/\/slams.fr\/blog\/wp-content\/uploads\/2025\/12\/pag-image-693be55000285-scaled.png\",\"contentUrl\":\"https:\/\/slams.fr\/blog\/wp-content\/uploads\/2025\/12\/pag-image-693be55000285-scaled.png\",\"width\":1200,\"height\":686,\"caption\":\"Image g\u00e9n\u00e9r\u00e9e par IA optimis\u00e9e pour Google Discover\"},{\"@type\":\"WebSite\",\"@id\":\"https:\/\/slams.fr\/blog\/#website\",\"url\":\"https:\/\/slams.fr\/blog\/\",\"name\":\"slams.fr\",\"description\":\"Slams, l&#039;\u00e9nergie des mots en action\",\"publisher\":{\"@id\":\"https:\/\/slams.fr\/blog\/#organization\"},\"alternateName\":\"Slams, l'\u00e9nergie des mots en action\",\"potentialAction\":[{\"@type\":\"SearchAction\",\"target\":{\"@type\":\"EntryPoint\",\"urlTemplate\":\"https:\/\/slams.fr\/blog\/?s={search_term_string}\"},\"query-input\":{\"@type\":\"PropertyValueSpecification\",\"valueRequired\":true,\"valueName\":\"search_term_string\"}}],\"inLanguage\":\"fr-FR\"},{\"@type\":\"Organization\",\"@id\":\"https:\/\/slams.fr\/blog\/#organization\",\"name\":\"Foretsensations.fr\",\"url\":\"https:\/\/slams.fr\/blog\/\",\"logo\":{\"@type\":\"ImageObject\",\"inLanguage\":\"fr-FR\",\"@id\":\"https:\/\/slams.fr\/blog\/#\/schema\/logo\/image\/\",\"url\":\"https:\/\/slams.fr\/blog\/wp-content\/uploads\/2026\/07\/logo-auto-1.png\",\"contentUrl\":\"https:\/\/slams.fr\/blog\/wp-content\/uploads\/2026\/07\/logo-auto-1.png\",\"width\":1024,\"height\":1024,\"caption\":\"Foretsensations.fr\"},\"image\":{\"@id\":\"https:\/\/slams.fr\/blog\/#\/schema\/logo\/image\/\"}},{\"@type\":\"Person\",\"@id\":\"https:\/\/slams.fr\/blog\/#\/schema\/person\/3c864cdc320801e3db34b663e7e3f816\",\"name\":\"Rapha\u00ebl D.\",\"image\":{\"@type\":\"ImageObject\",\"inLanguage\":\"fr-FR\",\"@id\":\"https:\/\/slams.fr\/blog\/#\/schema\/person\/image\/\",\"url\":\"https:\/\/slams.fr\/blog\/wp-content\/uploads\/2026\/06\/persona_raphael-d-96x96.jpg\",\"contentUrl\":\"https:\/\/slams.fr\/blog\/wp-content\/uploads\/2026\/06\/persona_raphael-d-96x96.jpg\",\"caption\":\"Rapha\u00ebl D.\"},\"description\":\"La culture est mon terrain de jeu depuis une dizaine d'ann\u00e9es : arts visuels, s\u00e9ries, cr\u00e9ation et tout ce qui nourrit l'imaginaire. J'\u00e9cris aussi bien sur l'actualit\u00e9 des \u0153uvres que sur les coulisses de la cr\u00e9ation, avec l'envie de relier l'amateur curieux \u00e0 des univers parfois jug\u00e9s intimidants. J'aime analyser une s\u00e9rie ou une d\u00e9marche artistique sans p\u00e9dantisme, replacer une \u0153uvre dans son contexte et donner des cl\u00e9s de lecture accessibles. Avant de publier, je v\u00e9rifie mes r\u00e9f\u00e9rences, je recoupe les sources et je distingue clairement le fait de mon interpr\u00e9tation subjective. Je crois qu'une critique vaut surtout par les arguments qu'elle expose, pas par la sentence qu'elle rend. Mon angle : transmettre l'envie de d\u00e9couvrir, de regarder autrement et de se forger son propre go\u00fbt. La culture n'appartient pas qu'aux initi\u00e9s, et c'est tout l'enjeu de mon \u00e9criture.\",\"url\":\"https:\/\/slams.fr\/blog\/auteur\/raphael-d\/\",\"jobTitle\":\"R\u00e9dacteur en chef \u00b7 Culture & Cr\u00e9ation\",\"knowsAbout\":[\"Culture\",\"Cr\u00e9ation\"],\"email\":\"raphael.d@a-l-asso-de-l-art.fr\"}]}<\/script>\n<!-- \/ Yoast SEO Premium plugin. -->","yoast_head_json":{"title":"Grand Corps Malade : la po\u00e9sie slam qui r\u00e9volutionne","description":"Nous plongeons avec vous dans l'univers captivant de Grand Corps Malade, de son vrai nom Fabien Marsaud, n\u00e9 le 31 juillet 1977 au Blanc-Mesnil","robots":{"index":"index","follow":"follow","max-snippet":"max-snippet:-1","max-image-preview":"max-image-preview:large","max-video-preview":"max-video-preview:-1"},"canonical":"https:\/\/slams.fr\/blog\/communaute-et-interviews\/grand-corps-malade-la-poesie-slam-qui-revolutionne-la-musique-francaise\/","og_locale":"fr_FR","og_type":"article","og_title":"Grand Corps Malade : la po\u00e9sie slam qui r\u00e9volutionne","og_description":"Nous plongeons avec vous dans l'univers captivant de Grand Corps Malade, de son vrai nom Fabien Marsaud, n\u00e9 le 31 juillet 1977 au Blanc-Mesnil","og_url":"https:\/\/slams.fr\/blog\/communaute-et-interviews\/grand-corps-malade-la-poesie-slam-qui-revolutionne-la-musique-francaise\/","og_site_name":"slams","og_image":[{"width":1200,"height":686,"url":"https:\/\/slams.fr\/blog\/wp-content\/uploads\/2025\/12\/pag-image-693be55000285-scaled.png","type":"image\/png"}],"author":"Rapha\u00ebl D.","twitter_card":"summary_large_image","schema":{"@context":"https:\/\/schema.org","@graph":[{"@type":"NewsArticle","@id":"https:\/\/slams.fr\/blog\/communaute-et-interviews\/grand-corps-malade-la-poesie-slam-qui-revolutionne-la-musique-francaise\/#article","isPartOf":{"@id":"https:\/\/slams.fr\/blog\/communaute-et-interviews\/grand-corps-malade-la-poesie-slam-qui-revolutionne-la-musique-francaise\/"},"author":{"name":"Rapha\u00ebl D.","@id":"https:\/\/slams.fr\/blog\/#\/schema\/person\/3c864cdc320801e3db34b663e7e3f816"},"headline":"Grand Corps Malade : La po\u00e9sie slam qui r\u00e9volutionne la musique fran\u00e7aise","datePublished":"2026-02-05T08:16:00+00:00","mainEntityOfPage":{"@id":"https:\/\/slams.fr\/blog\/communaute-et-interviews\/grand-corps-malade-la-poesie-slam-qui-revolutionne-la-musique-francaise\/"},"wordCount":1675,"commentCount":0,"publisher":{"@id":"https:\/\/slams.fr\/blog\/#organization"},"image":{"@id":"https:\/\/slams.fr\/blog\/communaute-et-interviews\/grand-corps-malade-la-poesie-slam-qui-revolutionne-la-musique-francaise\/#primaryimage"},"thumbnailUrl":"https:\/\/slams.fr\/blog\/wp-content\/uploads\/2025\/12\/pag-image-693be55000285-scaled.png","keywords":["Grand Corps Malade","poesie musicale","slam francais"],"articleSection":["Communaut\u00e9 et Interviews"],"inLanguage":"fr-FR","potentialAction":[{"@type":"CommentAction","name":"Comment","target":["https:\/\/slams.fr\/blog\/communaute-et-interviews\/grand-corps-malade-la-poesie-slam-qui-revolutionne-la-musique-francaise\/#respond"]}]},{"@type":"WebPage","@id":"https:\/\/slams.fr\/blog\/communaute-et-interviews\/grand-corps-malade-la-poesie-slam-qui-revolutionne-la-musique-francaise\/","url":"https:\/\/slams.fr\/blog\/communaute-et-interviews\/grand-corps-malade-la-poesie-slam-qui-revolutionne-la-musique-francaise\/","name":"Grand Corps Malade : la po\u00e9sie slam qui r\u00e9volutionne","isPartOf":{"@id":"https:\/\/slams.fr\/blog\/#website"},"primaryImageOfPage":{"@id":"https:\/\/slams.fr\/blog\/communaute-et-interviews\/grand-corps-malade-la-poesie-slam-qui-revolutionne-la-musique-francaise\/#primaryimage"},"image":{"@id":"https:\/\/slams.fr\/blog\/communaute-et-interviews\/grand-corps-malade-la-poesie-slam-qui-revolutionne-la-musique-francaise\/#primaryimage"},"thumbnailUrl":"https:\/\/slams.fr\/blog\/wp-content\/uploads\/2025\/12\/pag-image-693be55000285-scaled.png","datePublished":"2026-02-05T08:16:00+00:00","description":"Nous plongeons avec vous dans l'univers captivant de Grand Corps Malade, de son vrai nom Fabien Marsaud, n\u00e9 le 31 juillet 1977 au Blanc-Mesnil","inLanguage":"fr-FR","potentialAction":[{"@type":"ReadAction","target":["https:\/\/slams.fr\/blog\/communaute-et-interviews\/grand-corps-malade-la-poesie-slam-qui-revolutionne-la-musique-francaise\/"]}]},{"@type":"ImageObject","inLanguage":"fr-FR","@id":"https:\/\/slams.fr\/blog\/communaute-et-interviews\/grand-corps-malade-la-poesie-slam-qui-revolutionne-la-musique-francaise\/#primaryimage","url":"https:\/\/slams.fr\/blog\/wp-content\/uploads\/2025\/12\/pag-image-693be55000285-scaled.png","contentUrl":"https:\/\/slams.fr\/blog\/wp-content\/uploads\/2025\/12\/pag-image-693be55000285-scaled.png","width":1200,"height":686,"caption":"Image g\u00e9n\u00e9r\u00e9e par IA optimis\u00e9e pour Google Discover"},{"@type":"WebSite","@id":"https:\/\/slams.fr\/blog\/#website","url":"https:\/\/slams.fr\/blog\/","name":"slams.fr","description":"Slams, l&#039;\u00e9nergie des mots en action","publisher":{"@id":"https:\/\/slams.fr\/blog\/#organization"},"alternateName":"Slams, l'\u00e9nergie des mots en action","potentialAction":[{"@type":"SearchAction","target":{"@type":"EntryPoint","urlTemplate":"https:\/\/slams.fr\/blog\/?s={search_term_string}"},"query-input":{"@type":"PropertyValueSpecification","valueRequired":true,"valueName":"search_term_string"}}],"inLanguage":"fr-FR"},{"@type":"Organization","@id":"https:\/\/slams.fr\/blog\/#organization","name":"Foretsensations.fr","url":"https:\/\/slams.fr\/blog\/","logo":{"@type":"ImageObject","inLanguage":"fr-FR","@id":"https:\/\/slams.fr\/blog\/#\/schema\/logo\/image\/","url":"https:\/\/slams.fr\/blog\/wp-content\/uploads\/2026\/07\/logo-auto-1.png","contentUrl":"https:\/\/slams.fr\/blog\/wp-content\/uploads\/2026\/07\/logo-auto-1.png","width":1024,"height":1024,"caption":"Foretsensations.fr"},"image":{"@id":"https:\/\/slams.fr\/blog\/#\/schema\/logo\/image\/"}},{"@type":"Person","@id":"https:\/\/slams.fr\/blog\/#\/schema\/person\/3c864cdc320801e3db34b663e7e3f816","name":"Rapha\u00ebl D.","image":{"@type":"ImageObject","inLanguage":"fr-FR","@id":"https:\/\/slams.fr\/blog\/#\/schema\/person\/image\/","url":"https:\/\/slams.fr\/blog\/wp-content\/uploads\/2026\/06\/persona_raphael-d-96x96.jpg","contentUrl":"https:\/\/slams.fr\/blog\/wp-content\/uploads\/2026\/06\/persona_raphael-d-96x96.jpg","caption":"Rapha\u00ebl D."},"description":"La culture est mon terrain de jeu depuis une dizaine d'ann\u00e9es : arts visuels, s\u00e9ries, cr\u00e9ation et tout ce qui nourrit l'imaginaire. J'\u00e9cris aussi bien sur l'actualit\u00e9 des \u0153uvres que sur les coulisses de la cr\u00e9ation, avec l'envie de relier l'amateur curieux \u00e0 des univers parfois jug\u00e9s intimidants. J'aime analyser une s\u00e9rie ou une d\u00e9marche artistique sans p\u00e9dantisme, replacer une \u0153uvre dans son contexte et donner des cl\u00e9s de lecture accessibles. Avant de publier, je v\u00e9rifie mes r\u00e9f\u00e9rences, je recoupe les sources et je distingue clairement le fait de mon interpr\u00e9tation subjective. Je crois qu'une critique vaut surtout par les arguments qu'elle expose, pas par la sentence qu'elle rend. Mon angle : transmettre l'envie de d\u00e9couvrir, de regarder autrement et de se forger son propre go\u00fbt. La culture n'appartient pas qu'aux initi\u00e9s, et c'est tout l'enjeu de mon \u00e9criture.","url":"https:\/\/slams.fr\/blog\/auteur\/raphael-d\/","jobTitle":"R\u00e9dacteur en chef \u00b7 Culture & Cr\u00e9ation","knowsAbout":["Culture","Cr\u00e9ation"],"email":"raphael.d@a-l-asso-de-l-art.fr"}]}},"_links":{"self":[{"href":"https:\/\/slams.fr\/blog\/wp-json\/wp\/v2\/posts\/7707","targetHints":{"allow":["GET"]}}],"collection":[{"href":"https:\/\/slams.fr\/blog\/wp-json\/wp\/v2\/posts"}],"about":[{"href":"https:\/\/slams.fr\/blog\/wp-json\/wp\/v2\/types\/post"}],"author":[{"embeddable":true,"href":"https:\/\/slams.fr\/blog\/wp-json\/wp\/v2\/users\/34"}],"replies":[{"embeddable":true,"href":"https:\/\/slams.fr\/blog\/wp-json\/wp\/v2\/comments?post=7707"}],"version-history":[{"count":1,"href":"https:\/\/slams.fr\/blog\/wp-json\/wp\/v2\/posts\/7707\/revisions"}],"predecessor-version":[{"id":7765,"href":"https:\/\/slams.fr\/blog\/wp-json\/wp\/v2\/posts\/7707\/revisions\/7765"}],"wp:featuredmedia":[{"embeddable":true,"href":"https:\/\/slams.fr\/blog\/wp-json\/wp\/v2\/media\/7709"}],"wp:attachment":[{"href":"https:\/\/slams.fr\/blog\/wp-json\/wp\/v2\/media?parent=7707"}],"wp:term":[{"taxonomy":"category","embeddable":true,"href":"https:\/\/slams.fr\/blog\/wp-json\/wp\/v2\/categories?post=7707"},{"taxonomy":"post_tag","embeddable":true,"href":"https:\/\/slams.fr\/blog\/wp-json\/wp\/v2\/tags?post=7707"}],"curies":[{"name":"wp","href":"https:\/\/api.w.org\/{rel}","templated":true}]}}