{"id":7710,"date":"2026-02-09T09:39:00","date_gmt":"2026-02-09T08:39:00","guid":{"rendered":"https:\/\/slams.fr\/blog\/?p=7710"},"modified":"2026-02-09T09:39:00","modified_gmt":"2026-02-09T08:39:00","slug":"comment-le-slam-de-poesie-revolutionne-lart-urbain-en-2024","status":"publish","type":"post","link":"https:\/\/slams.fr\/blog\/a-la-une\/comment-le-slam-de-poesie-revolutionne-lart-urbain-en-2024\/","title":{"rendered":"Comment le slam de po\u00e9sie r\u00e9volutionne l\u2019art urbain en 2024"},"content":{"rendered":"<h1>Exemples de Slam : Plong\u00e9e dans l\u2019Art de la Po\u00e9sie Urbaine<\/h1>\n<h2>Qu\u2019est-ce que le slam de po\u00e9sie&nbsp;?<\/h2>\n<p>\n        Le <strong>slam<\/strong> d\u00e9signe \u00e0 l\u2019origine une <u>comp\u00e9tition de po\u00e9sie orale<\/u>, dans laquelle des participants d\u00e9clament des textes devant un public, g\u00e9n\u00e9ralement en <u>trois minutes maximum<\/u>, sans musique, avec une simple amplification vocale. Cette pratique, initi\u00e9e par <strong>Marc Kelly Smith, po\u00e8te et performeur am\u00e9ricain<\/strong>, \u00e0 <strong>Chicago<\/strong> vers <strong>1986\u20131987<\/strong>, visait \u00e0 sortir la po\u00e9sie des cercles \u00e9litistes, pour la ramener vers les bars, les caf\u00e9s, les rues et les th\u00e9\u00e2tres ind\u00e9pendants. Le terme anglais <strong>\u201cslam poetry\u201d<\/strong> renvoie \u00e0 l\u2019id\u00e9e de \u201cclaque\u201d, de choc verbal, cens\u00e9 bousculer l\u2019auditoire.\n    <\/p>\n<p>\n        Nous pouvons d\u00e9finir le slam comme un <u>espace de parole ouvert<\/u> o\u00f9 toute personne peut monter sur sc\u00e8ne, dire un texte personnel, en respectant quelques r\u00e8gles simples : temps limit\u00e9, absence d\u2019accessoires th\u00e9\u00e2traux lourds, interaction avec le public, priorit\u00e9 \u00e0 la voix et au contenu. En France, ce mouvement s\u2019est d\u00e9velopp\u00e9 \u00e0 partir de la fin des <strong>ann\u00e9es 1990<\/strong>, notamment apr\u00e8s la diffusion du film <strong>\u201cSlam\u201d de Marc Levin<\/strong>, prim\u00e9 au <strong>Festival de Cannes 1998<\/strong>, qui a contribu\u00e9 \u00e0 populariser le terme.\n    <\/p>\n<ul>\n<li><strong>Origine g\u00e9ographique :<\/strong> quartiers populaires de <strong>Chicago, Illinois<\/strong><\/li>\n<li><strong>Pionnier :<\/strong> <strong>Marc Kelly Smith<\/strong>, instigateur des premiers \u201cpoetry slams\u201d<\/li>\n<li><strong>Dur\u00e9e moyenne d\u2019un texte :<\/strong> <u>3 minutes<\/u><\/li>\n<li><strong>Support :<\/strong> bars, caf\u00e9s, th\u00e9\u00e2tres, sc\u00e8nes de quartier, centres culturels<\/li>\n<li><strong>Public vis\u00e9 :<\/strong> jeunesse urbaine, mais aussi public interg\u00e9n\u00e9rationnel<\/li>\n<\/ul>\n<p>\n        Le slam se distingue de la po\u00e9sie \u00e9crite classique par son ancrage dans la <strong>rue<\/strong>, son recours au <strong>langage familier<\/strong>, au <strong>verlan<\/strong>, \u00e0 l\u2019<strong>argot<\/strong>, et par un usage assum\u00e9 des images citadines : <u>b\u00e9ton, asphalte, sir\u00e8nes, cris, cohue, fourmili\u00e8re humaine<\/u>. Des chercheurs en litt\u00e9rature urbaine de l\u2019<strong>Universit\u00e9 Gaston Berger de Saint-Louis, S\u00e9n\u00e9gal<\/strong>, ont montr\u00e9 comment les textes de slameurs comme <strong>GCM<\/strong> r\u00e9inventent la po\u00e9sie en int\u00e9grant ce lexique brut, issu des cit\u00e9s et des banlieues.\n    <\/p>\n<h2>Les \u00e9l\u00e9ments qui composent un bon slam<\/h2>\n<p>\n        Un slam efficace repose sur un \u00e9quilibre entre <strong>\u00e9criture<\/strong> et <strong>performance vocale<\/strong>. Sur le plan textuel, la musicalit\u00e9 reste centrale : <u>allit\u00e9rations, assonances, rimes internes<\/u>, r\u00e9p\u00e9titions rythmiques et jeux de mots soutiennent le flux verbal. La plupart des slameurs urbains construisent leurs textes autour d\u2019images concr\u00e8tes, comme le fait <strong>GCM<\/strong> lorsqu\u2019il \u00e9voque les <strong>tours HLM<\/strong>, la <strong>grouille<\/strong> des halls, les escaliers tagu\u00e9s ou la circulation interminable sur le p\u00e9riph\u00e9rique de <strong>Paris<\/strong>. Nous constatons que cette dimension sonore et imag\u00e9e assure une forte m\u00e9morisation chez le public.\n    <\/p>\n<p>\n        La dimension performative est tout aussi d\u00e9terminante : un slam peut \u00eatre excellent sur la page, mais perdre son impact s\u2019il n\u2019est pas port\u00e9 par une <u>voix ma\u00eetris\u00e9e<\/u>, une <u>gestion fine des silences<\/u> et une <strong>pr\u00e9sence corporelle<\/strong> affirm\u00e9e. Des artistes comme <strong>Kery James<\/strong>, avec des textes proches du slam tels que <strong>\u201c\u00c0 vif\u201d<\/strong>, jouent sur les ruptures de d\u00e9bit, les chutes de phrases, les regards appuy\u00e9s. Nous observons que dans les sc\u00e8nes slam francophones, une grande partie des \u00e9valuations informelles du public se fait sur l\u2019<strong>intensit\u00e9 \u00e9motionnelle<\/strong> d\u00e9gag\u00e9e, plus que sur la seule technicit\u00e9 m\u00e9trique.\n    <\/p>\n<ul>\n<li><strong>Technique sonore :<\/strong> rimes crois\u00e9es, allit\u00e9rations en \u201cs\u201d ou \u201cr\u201d pour traduire tension ou douceur<\/li>\n<li><strong>Lexique :<\/strong> usage assum\u00e9 de l\u2019argot urbain, des n\u00e9ologismes, du verlan<\/li>\n<li><strong>Voix :<\/strong> variations de volume, changements de tonalit\u00e9, marqueurs de col\u00e8re ou de tendresse<\/li>\n<li><strong>Corps :<\/strong> gestes cadr\u00e9s, d\u00e9placements limit\u00e9s mais signifiants, regard vers le public<\/li>\n<li><strong>Temps :<\/strong> texte calibr\u00e9 sur <u>200 \u00e0 300 mots<\/u> pour trois minutes de sc\u00e8ne<\/li>\n<\/ul>\n<p>\n        Nous consid\u00e9rons que la force du slam tient \u00e0 ce statut hybride : <u>entre po\u00e9sie \u00e9crite, th\u00e9\u00e2tre minimaliste et discours social engag\u00e9<\/u>. Les \u00e9tudes sur la po\u00e9sie performative soulignent une proximit\u00e9 avec le <strong>spoken word<\/strong> anglo-saxon et avec certains registres du <strong>rap conscient<\/strong>, \u00e0 la diff\u00e9rence pr\u00e8s que le slam, en principe, se passe de musique, ce qui rend l\u2019acc\u00e8s \u00e0 la sc\u00e8ne plus d\u00e9mocratis\u00e9, sans besoin de production sonore ou de DJ.<\/p>\n<h2>Exemples de textes de slam urbain inspirants<\/h2>\n<p>\n        Pour saisir concr\u00e8tement la texture d\u2019un slam, examinons quelques cas embl\u00e9matiques issus de la sph\u00e8re francophone. L\u2019artiste <strong>GCM<\/strong>, rattach\u00e9 aux cultures urbaines belges et fran\u00e7aises, construit des textes comme <strong>\u201cSaint Denis\u201d<\/strong> ou <strong>\u201cEnfant de la ville\u201d<\/strong> en saturant le discours d\u2019images citadines : <u>tours, cages d\u2019escaliers, b\u00e9ton br\u00fblant, circulation \u00e9touffante, cohue des heures de pointe<\/u>. La ville y devient une <strong>m\u00e9taphore \u00e9tendue<\/strong> de la condition sociale, \u00e0 la fois contrainte et moteur de cr\u00e9ativit\u00e9. Son choix de mots crus, proches du langage des quartiers de <strong>Seine-Saint-Denis<\/strong>, ancre ses textes dans une r\u00e9alit\u00e9 imm\u00e9diatement reconnaissable.\n    <\/p>\n<p>\n        Les textes de <strong>Kery James<\/strong>, notamment <strong>\u201c\u00c0 vif\u201d<\/strong>, s\u2019approchent beaucoup du slam par la structure : longues tirades d\u00e9clam\u00e9es, absence parfois de refrain chant\u00e9, forte densit\u00e9 argumentative. Le th\u00e8me central y est l\u2019<u>hypocrisie sociale et politique<\/u>, l\u2019\u00e9cart entre les discours de paix et les pratiques r\u00e9elles. De son c\u00f4t\u00e9, l\u2019artiste belgo-congolais <strong>Baloji<\/strong>, ancien membre du groupe <strong>Starflam<\/strong>, a propos\u00e9 des performances orales autour de la <u>double peine des immigr\u00e9s et descendants d\u2019immigr\u00e9s<\/u>, m\u00ealant fran\u00e7ais, lingala et images carc\u00e9rales. Dans un registre plus intimiste, le performeur <strong>Pitcho Womba Konga, acteur et slameur congolais-belge<\/strong>, \u00e9voque les m\u00e9canismes d\u2019imitation entre g\u00e9n\u00e9rations en banlieue, soulignant comment les \u201cpetits fr\u00e8res\u201d reproduisent les postures des a\u00een\u00e9s.\n    <\/p>\n<ul>\n<li><strong>GCM \u2013 \u201cSaint Denis\u201d :<\/strong> portrait d\u2019une ville-dortoir, espace de transit et de survie<\/li>\n<li><strong>Kery James \u2013 \u201c\u00c0 vif\u201d :<\/strong> critique frontale des discours politiques et m\u00e9diatiques<\/li>\n<li><strong>Baloji :<\/strong> textes sur les papiers, l\u2019exil, la r\u00e9tention, la m\u00e9moire coloniale<\/li>\n<li><strong>Pitcho Womba Konga :<\/strong> rapport entre mod\u00e8le, imitation et identit\u00e9 des jeunes<\/li>\n<li><strong>Placide Konan, slameur ivoirien :<\/strong> mise en sc\u00e8ne des r\u00e9alit\u00e9s d\u2019<strong>Abidjan<\/strong>, entre pr\u00e9carit\u00e9 et humour<\/li>\n<\/ul>\n<p>\n        Nous remarquons aussi un essor net du slam en <strong>Afrique de l\u2019Ouest<\/strong> et en <strong>Afrique centrale<\/strong>. Des artistes comme <strong>Placide Konan, en C\u00f4te d\u2019Ivoire<\/strong>, ou les collectifs de <strong>Boy?Pikine \u00e0 Dakar, S\u00e9n\u00e9gal<\/strong>, utilisent le slam pour traiter de la <u>migration clandestine, du ch\u00f4mage des jeunes dipl\u00f4m\u00e9s, des violences politiques<\/u>. Certaines vid\u00e9os de slams urbains francophones cumulent aujourd\u2019hui plus de <u>2&nbsp;000&nbsp;000 de vues sur des plateformes comme YouTube<\/u>, ce qui atteste d\u2019une audience jeune, connect\u00e9e, friande de contenus courts mais denses en message.<\/p>\n<h2>Comment \u00e9crire un slam percutant&nbsp;?<\/h2>\n<p>\n        R\u00e9diger un texte de slam suppose une m\u00e9thode structur\u00e9e, m\u00eame si l\u2019objectif reste de produire un effet de spontan\u00e9it\u00e9. Nous conseillons de partir d\u2019une situation tr\u00e8s concr\u00e8te : un trajet dans le m\u00e9tro de <strong>Paris<\/strong>, une nuit dans une cit\u00e9 de <strong>Lyon<\/strong>, une attente administrative \u00e0 <strong>Bruxelles<\/strong>. \u00c0 partir de ce point d\u2019ancrage, le slameur peut d\u00e9velopper un propos plus large sur l\u2019<u>injustice sociale<\/u>, le <u>racisme structurel<\/u>, l\u2019<u>identit\u00e9<\/u> ou la <u>libert\u00e9<\/u>. La contrainte de temps \u2013 environ trois minutes \u2013 invite \u00e0 viser une longueur de <u>200 \u00e0 300 mots<\/u>, avec un squelette clair : ouverture, d\u00e9veloppement, chute.\n    <\/p>\n<p>\n        Nous observons que beaucoup de textes r\u00e9ussis d\u00e9butent par une <strong>punchline<\/strong> forte, une phrase courte qui pose le ton : jeu de mot, paradoxe, image d\u00e9routante. L\u2019alternance entre segments tr\u00e8s rythmiques et moments de ralentissement permet de maintenir l\u2019attention du public. Sur le plan linguistique, l\u2019usage ma\u00eetris\u00e9 de l\u2019<strong>argot<\/strong> et du <strong>verlan<\/strong> joue un r\u00f4le central aupr\u00e8s des publics jeunes : certaines \u00e9tudes universitaires indiquent qu\u2019autour de <u>70 \u00e0 80&nbsp;% des slams urbains populaires<\/u> int\u00e8grent un vocabulaire de rue assum\u00e9, ce qui renforce la perception d\u2019authenticit\u00e9.\n    <\/p>\n<ul>\n<li><strong>\u00c9tape 1 \u2013 Observation :<\/strong> noter des sc\u00e8nes quotidiennes, des phrases entendues, des lieux pr\u00e9cis (station de m\u00e9tro, hall d\u2019immeuble, carrefour routier)<\/li>\n<li><strong>\u00c9tape 2 \u2013 Structure :<\/strong> organiser le texte en blocs de 3 \u00e0 5 vers, avec une progression narrative ou argumentative<\/li>\n<li><strong>\u00c9tape 3 \u2013 Rythme :<\/strong> exp\u00e9rimenter \u00e0 voix haute, ajuster la longueur des phrases pour que la respiration suive<\/li>\n<li><strong>\u00c9tape 4 \u2013 Lexique urbain :<\/strong> int\u00e9grer des mots tels que <u>grouille, agglom\u00e9ration, p\u00e9riph, b\u00e9ton, sir\u00e8nes<\/u><\/li>\n<li><strong>\u00c9tape 5 \u2013 Chute :<\/strong> terminer par une image forte ou une question ouverte qui laisse une r\u00e9sonance<\/li>\n<\/ul>\n<p>\n        Un exercice int\u00e9ressant consiste \u00e0 r\u00e9\u00e9crire mentalement un slam connu, comme un texte de <strong>GCM<\/strong> ou un passage de <strong>\u201c\u00c0 vif\u201d<\/strong> de <strong>Kery James<\/strong>, en transposant le d\u00e9cor \u00e0 votre propre ville, que ce soit <strong>Marseille<\/strong>, <strong>Bruxelles<\/strong> ou <strong>Abidjan<\/strong>. Nous recommandons aussi l\u2019usage de listes de vocabulaire th\u00e9matiques : transports, nuit, travail pr\u00e9caire, bureaucratie. Cette pr\u00e9paration en amont facilite l\u2019improvisation apparente sur sc\u00e8ne, que le public per\u00e7oit souvent comme une preuve de sinc\u00e9rit\u00e9.<\/p>\n<h2>Techniques pour performer un slam sur sc\u00e8ne<\/h2>\n<p>\n        La performance constitue le c\u0153ur du slam, et la sc\u00e8ne fonctionne comme un laboratoire. Nous avons constat\u00e9 que les slameurs aguerris travaillent leur voix avec la m\u00eame rigueur que des com\u00e9diens. Contr\u00f4le du souffle, articulation nette, gestion des silences et du micro s\u2019apprennent, notamment dans les <u>sc\u00e8nes ouvertes et ateliers d\u2019initiation<\/u> anim\u00e9s par des associations sp\u00e9cialis\u00e9es. La structure m\u00eame des soir\u00e9es slam \u2013 rotation de po\u00e8tes, temps limit\u00e9, jury populaire \u2013 encourage une forme de pr\u00e9cision sc\u00e9nique.\n    <\/p>\n<p>\n        L\u2019exemple d\u2019un artiste comme <strong>Kery James<\/strong>, lorsqu\u2019il se produit en configuration acoustique ou slam sur des sc\u00e8nes comme le <strong>Bataclan \u00e0 Paris<\/strong> ou le <strong>Z\u00e9nith de Paris<\/strong>, montre comment la posture corporelle, r\u00e9duite \u00e0 quelques gestes, peut amplifier la densit\u00e9 du texte. Des collectifs tels que <strong>Lezarts Urbains, structure bruxelloise d\u00e9di\u00e9e aux cultures urbaines depuis 2001<\/strong>, insistent sur la n\u00e9cessit\u00e9 de \u201cdire l\u2019urgence\u201d, c\u2019est-\u00e0-dire d\u2019incarner le propos avec une intensit\u00e9 ma\u00eetris\u00e9e. Plusieurs retours de sc\u00e8nes belges signalent que pr\u00e8s de <u>70&nbsp;% de la perception du public<\/u> se joue sur la charge \u00e9motionnelle de la voix et du regard, plus que sur la complexit\u00e9 des rimes.\n    <\/p>\n<ul>\n<li><strong>Voix :<\/strong> travailler la projection sans crier, utiliser le chuchotement comme outil dramatique<\/li>\n<li><strong>Silence :<\/strong> marquer des pauses apr\u00e8s les phrases cl\u00e9s, laisser le temps aux mots de retentir<\/li>\n<li><strong>Micro :<\/strong> apprendre \u00e0 garder une distance stable, d\u00e9placer l\u00e9g\u00e8rement le micro pour varier la couleur sonore<\/li>\n<li><strong>Regard :<\/strong> balayer l\u2019ensemble de la salle, ne pas rester fig\u00e9 sur un seul point<\/li>\n<li><strong>R\u00e9p\u00e9tition :<\/strong> tester le texte en \u201copen mic\u201d avant de le pr\u00e9senter en comp\u00e9tition<\/li>\n<\/ul>\n<p>\n        Nous sommes convaincus que le travail sc\u00e9nique fait partie int\u00e9grante de l\u2019\u00e9criture slam : beaucoup d\u2019auteurs r\u00e9\u00e9crivent leur texte apr\u00e8s les premi\u00e8res performances, pour l\u2019ajuster aux r\u00e9actions du public. Le slam fonctionne ainsi comme un art vivant, en r\u00e9vision permanente, o\u00f9 la sc\u00e8ne devient un outil critique direct.<\/p>\n<h2>Festivals et sc\u00e8nes de slam \u00e0 conna\u00eetre<\/h2>\n<p>\n        La structuration du slam en r\u00e9seau passe par des <u>festivals, championnats et sc\u00e8nes nationales<\/u>. En France, des \u00e9v\u00e9nements comme le <strong>Grand Slam National<\/strong>, port\u00e9 par le r\u00e9seau <strong>Slam de Po\u00e9sie<\/strong>, rassemblent chaque ann\u00e9e, depuis le d\u00e9but des <strong>ann\u00e9es 2000<\/strong>, des \u00e9quipes locales issues de dizaines de villes. Certaines \u00e9ditions ont r\u00e9uni plusieurs centaines de participants en comp\u00e9tition, et plusieurs milliers de spectateurs cumul\u00e9s sur l\u2019ensemble de la programmation. Nous observons une croissance r\u00e9guli\u00e8re de la fr\u00e9quentation, avec un regain net apr\u00e8s les interruptions li\u00e9es \u00e0 la pand\u00e9mie de <strong>COVID-19<\/strong>, parfois estim\u00e9 \u00e0 pr\u00e8s de <u>20&nbsp;% d\u2019augmentation de public<\/u> sur certains \u00e9v\u00e9nements.\n    <\/p>\n<p>\n        En <strong>Belgique<\/strong>, la structure <strong>Lezarts Urbains<\/strong>, active depuis <strong>2001 \u00e0 Bruxelles<\/strong>, joue un r\u00f4le cl\u00e9, en organisant des sc\u00e8nes slam, des formations et des r\u00e9sidences d\u2019artistes. Des festivals tels que <strong>Poetik Bazar \u00e0 Bruxelles<\/strong>, ou des rencontres pluridisciplinaires comme <strong>Poetika17<\/strong>, lient slam, spoken word et chanson. En <strong>Afrique<\/strong>, des rendez-vous comme les sc\u00e8nes de <strong>Boy Pikine \u00e0 Dakar<\/strong> ou les \u00e9v\u00e9nements d\u00e9di\u00e9s \u00e0 la po\u00e9sie urbaine \u00e0 <strong>Abidjan, C\u00f4te d\u2019Ivoire<\/strong>, contribuent \u00e0 faire \u00e9merger une g\u00e9n\u00e9ration de slameurs africains connect\u00e9s, qui circulent entre festivals europ\u00e9ens et africains.\n    <\/p>\n<ul>\n<li><strong>Grand Slam National (France) :<\/strong> rendez-vous annuel, \u00e9quipes r\u00e9gionales, finales en grande salle<\/li>\n<li><strong>R\u00e9seau Slam de Po\u00e9sie :<\/strong> coordination des sc\u00e8nes, ateliers, championnats<\/li>\n<li><strong>Lezarts Urbains (Bruxelles) :<\/strong> structure de r\u00e9f\u00e9rence pour le slam et le hip-hop<\/li>\n<li><strong>Sc\u00e8nes africaines :<\/strong> collectifs \u00e0 <strong>Dakar<\/strong>, <strong>Abidjan<\/strong>, <strong>Ouagadougou<\/strong>, ax\u00e9s sur les th\u00e9matiques sociales<\/li>\n<li><strong>Croissance post-pand\u00e9mie :<\/strong> hausse estim\u00e9e d\u2019environ <u>20&nbsp;% de fr\u00e9quentation<\/u> sur plusieurs grands \u00e9v\u00e9nements<\/li>\n<\/ul>\n<p>\n        Nous voyons dans ces festivals des plateformes de l\u00e9gitimation artistique, mais aussi des espaces de circulation internationale : certains slameurs francophones se produisent ainsi autant \u00e0 <strong>Montr\u00e9al<\/strong> qu\u2019\u00e0 <strong>Paris<\/strong> ou <strong>Dakar<\/strong>, cr\u00e9ant une forme de \u201cfrancophonie slam\u00e9e\u201d transcontinentale.<\/p>\n<h2>L\u2019impact social et culturel du slam aujourd\u2019hui<\/h2>\n<p>\n        Le slam s\u2019affirme comme un <u>outil d\u2019expression et de prise de parole<\/u>, particuli\u00e8rement aupr\u00e8s des jeunes issus des quartiers populaires. De nombreuses associations en France, en <strong>Belgique<\/strong> et en <strong>Afrique de l\u2019Ouest<\/strong> organisent des ateliers de slam dans des coll\u00e8ges, des lyc\u00e9es, des maisons de quartier ou m\u00eame des \u00e9tablissements p\u00e9nitentiaires. Nous avons pu observer que ces ateliers, men\u00e9s par des slameurs form\u00e9s \u00e0 la m\u00e9diation culturelle, permettent souvent \u00e0 des adolescents peu \u00e0 l\u2019aise avec l\u2019\u00e9crit scolaire de se r\u00e9concilier avec la langue fran\u00e7aise, en jouant avec les codes de la rue et de la sc\u00e8ne.\n    <\/p>\n<p>\n        Certains rapports locaux, produits par des services de pr\u00e9vention urbaine dans des villes comme <strong>Saint-Denis<\/strong> ou <strong>Lille<\/strong>, signalent une baisse de comportements \u00e0 risque chez les jeunes impliqu\u00e9s dans des projets artistiques r\u00e9guliers, dont les ateliers de slam font partie. Les chiffres varient selon les programmes, mais des r\u00e9ductions de <u>10 \u00e0 20&nbsp;% d\u2019incidents recens\u00e9s<\/u> dans certains \u00e9tablissements ont \u00e9t\u00e9 constat\u00e9es apr\u00e8s la mise en place d\u2019actions culturelles structur\u00e9es. Nous ne consid\u00e9rons pas le slam comme une solution unique, mais comme un levier pertinent pour ouvrir un espace de parole et de r\u00e9flexion, \u00e0 la fois individuel et collectif.\n    <\/p>\n<ul>\n<li><strong>Th\u00e9matiques trait\u00e9es :<\/strong> racisme, sexisme, violences polici\u00e8res, migrations, pr\u00e9carit\u00e9, mais aussi amour, humour, famille<\/li>\n<li><strong>Public majoritaire :<\/strong> une large part des slameurs actifs a moins de <u>30 ans<\/u><\/li>\n<li><strong>Diffusion num\u00e9rique :<\/strong> vid\u00e9os totalisant plusieurs <u>millions de vues<\/u> sur les plateformes<\/li>\n<li><strong>Actions \u00e9ducatives :<\/strong> interventions en coll\u00e8ges, lyc\u00e9es, centres sociaux, maisons d\u2019arr\u00eat<\/li>\n<li><strong>Effets observ\u00e9s :<\/strong> am\u00e9lioration de l\u2019estime de soi, r\u00e9duction mesur\u00e9e de certains types de conflits<\/li>\n<\/ul>\n<p>\n        \u00c0 nos yeux, le slam renoue avec une conception ancienne de la po\u00e9sie comme <u>parole publique et critique<\/u>, qu\u2019on retrouve chez des auteurs engag\u00e9s d\u2019autres \u00e9poques, mais transpos\u00e9e dans la r\u00e9alit\u00e9 des cit\u00e9s contemporaines. La formule rapport\u00e9e par certains slameurs \u2013 \u201c<strong>le slam, c\u2019est l\u2019\u00e2me qui rime<\/strong>\u201d \u2013 r\u00e9sume bien cette articulation entre int\u00e9riorit\u00e9 et espace urbain. Dans un paysage culturel souvent domin\u00e9 par des discours format\u00e9s, cette forme reste l\u2019un des rares lieux o\u00f9 des voix peu m\u00e9diatis\u00e9es peuvent se faire entendre directement, sans filtre, face \u00e0 un public r\u00e9el.<\/p>\n<h2>Conclusion : le slam, une po\u00e9sie urbaine vivante et accessible<\/h2>\n<p>\n        Nous consid\u00e9rons le <strong>slam<\/strong> comme un <u>laboratoire d\u2019expression contemporaine<\/u>, \u00e0 la crois\u00e9e de la po\u00e9sie, du th\u00e9\u00e2tre et des cultures urbaines. Des figures comme <strong>Kery James<\/strong>, <strong>GCM<\/strong>, <strong>Baloji<\/strong>, <strong>Pitcho Womba Konga<\/strong> ou <strong>Placide Konan<\/strong> illustrent la diversit\u00e9 de cet art, entre pamphlet social, chronique de quartier et introspection. Les sc\u00e8nes et festivals, en <strong>France<\/strong>, en <strong>Belgique<\/strong> et en <strong>Afrique<\/strong>, t\u00e9moignent d\u2019un dynamisme r\u00e9el, soutenu par une audience en croissance constante, tant en pr\u00e9sentiel qu\u2019en ligne.\n    <\/p>\n<p>\n        Si vous souhaitez vous lancer, nous vous encourageons \u00e0 combiner <strong>observation pr\u00e9cise du r\u00e9el urbain<\/strong>, <strong>travail minutieux sur le rythme<\/strong>, et <strong>prise de risque sur sc\u00e8ne<\/strong>. Le slam demeure l\u2019un des arts les plus accessibles : un texte, une voix, un micro, un public. \u00c0 nos yeux, cette simplicit\u00e9 mat\u00e9rielle, associ\u00e9e \u00e0 une grande exigence int\u00e9rieure, en fait un outil puissant pour raconter la ville, questionner la soci\u00e9t\u00e9 et affirmer sa place dans le monde contemporain.\n    <\/p>\n","protected":false},"excerpt":{"rendered":"","protected":false},"author":34,"featured_media":7712,"comment_status":"open","ping_status":"open","sticky":false,"template":"","format":"standard","meta":{"_acf_changed":false,"manual_indexmenow":false,"indexmenow_id_project":0,"footnotes":""},"categories":[1],"tags":[4784,4785,4712],"class_list":["post-7710","post","type-post","status-publish","format-standard","has-post-thumbnail","hentry","category-a-la-une","tag-art-urbain","tag-slam-2024","tag-slam-posie","generate-columns","tablet-grid-50","mobile-grid-100","grid-parent","grid-25"],"acf":[],"yoast_head":"<!-- This site is optimized with the Yoast SEO Premium plugin v21.3 (Yoast SEO v26.5) - https:\/\/yoast.com\/wordpress\/plugins\/seo\/ -->\n<title>Comment le slam de po\u00e9sie r\u00e9volutionne l\u2019art urbain en 2024<\/title>\n<meta name=\"description\" content=\"Le slam d\u00e9signe \u00e0 l\u2019origine une comp\u00e9tition de po\u00e9sie orale, dans laquelle des participants d\u00e9clament des textes devant un public, g\u00e9n\u00e9ralement en trois\" \/>\n<meta name=\"robots\" content=\"index, follow, max-snippet:-1, max-image-preview:large, max-video-preview:-1\" \/>\n<link rel=\"canonical\" href=\"https:\/\/slams.fr\/blog\/a-la-une\/comment-le-slam-de-poesie-revolutionne-lart-urbain-en-2024\/\" \/>\n<meta property=\"og:locale\" content=\"fr_FR\" \/>\n<meta property=\"og:type\" content=\"article\" \/>\n<meta property=\"og:title\" content=\"Comment le slam de po\u00e9sie r\u00e9volutionne l\u2019art urbain en 2024\" \/>\n<meta property=\"og:description\" content=\"Le slam d\u00e9signe \u00e0 l\u2019origine une comp\u00e9tition de po\u00e9sie orale, dans laquelle des participants d\u00e9clament des textes devant un public, g\u00e9n\u00e9ralement en trois\" \/>\n<meta property=\"og:url\" content=\"https:\/\/slams.fr\/blog\/a-la-une\/comment-le-slam-de-poesie-revolutionne-lart-urbain-en-2024\/\" \/>\n<meta property=\"og:site_name\" content=\"slams\" \/>\n<meta property=\"og:image\" content=\"https:\/\/slams.fr\/blog\/wp-content\/uploads\/2025\/12\/pag-image-693be60fc586b-scaled.png\" \/>\n\t<meta property=\"og:image:width\" content=\"1200\" \/>\n\t<meta property=\"og:image:height\" content=\"686\" \/>\n\t<meta property=\"og:image:type\" content=\"image\/png\" \/>\n<meta name=\"author\" content=\"Rapha\u00ebl D.\" \/>\n<meta name=\"twitter:card\" content=\"summary_large_image\" \/>\n<script type=\"application\/ld+json\" class=\"yoast-schema-graph\">{\"@context\":\"https:\/\/schema.org\",\"@graph\":[{\"@type\":\"NewsArticle\",\"@id\":\"https:\/\/slams.fr\/blog\/a-la-une\/comment-le-slam-de-poesie-revolutionne-lart-urbain-en-2024\/#article\",\"isPartOf\":{\"@id\":\"https:\/\/slams.fr\/blog\/a-la-une\/comment-le-slam-de-poesie-revolutionne-lart-urbain-en-2024\/\"},\"author\":{\"name\":\"Rapha\u00ebl D.\",\"@id\":\"https:\/\/slams.fr\/blog\/#\/schema\/person\/3c864cdc320801e3db34b663e7e3f816\"},\"headline\":\"Comment le slam de po\u00e9sie r\u00e9volutionne l\u2019art urbain en 2024\",\"datePublished\":\"2026-02-09T08:39:00+00:00\",\"mainEntityOfPage\":{\"@id\":\"https:\/\/slams.fr\/blog\/a-la-une\/comment-le-slam-de-poesie-revolutionne-lart-urbain-en-2024\/\"},\"wordCount\":2753,\"commentCount\":0,\"publisher\":{\"@id\":\"https:\/\/slams.fr\/blog\/#organization\"},\"image\":{\"@id\":\"https:\/\/slams.fr\/blog\/a-la-une\/comment-le-slam-de-poesie-revolutionne-lart-urbain-en-2024\/#primaryimage\"},\"thumbnailUrl\":\"https:\/\/slams.fr\/blog\/wp-content\/uploads\/2025\/12\/pag-image-693be60fc586b-scaled.png\",\"keywords\":[\"art urbain\",\"slam 2024\",\"slam posie\"],\"articleSection\":[\"\u00c0 la une\"],\"inLanguage\":\"fr-FR\",\"potentialAction\":[{\"@type\":\"CommentAction\",\"name\":\"Comment\",\"target\":[\"https:\/\/slams.fr\/blog\/a-la-une\/comment-le-slam-de-poesie-revolutionne-lart-urbain-en-2024\/#respond\"]}]},{\"@type\":\"WebPage\",\"@id\":\"https:\/\/slams.fr\/blog\/a-la-une\/comment-le-slam-de-poesie-revolutionne-lart-urbain-en-2024\/\",\"url\":\"https:\/\/slams.fr\/blog\/a-la-une\/comment-le-slam-de-poesie-revolutionne-lart-urbain-en-2024\/\",\"name\":\"Comment le slam de po\u00e9sie r\u00e9volutionne l\u2019art urbain en 2024\",\"isPartOf\":{\"@id\":\"https:\/\/slams.fr\/blog\/#website\"},\"primaryImageOfPage\":{\"@id\":\"https:\/\/slams.fr\/blog\/a-la-une\/comment-le-slam-de-poesie-revolutionne-lart-urbain-en-2024\/#primaryimage\"},\"image\":{\"@id\":\"https:\/\/slams.fr\/blog\/a-la-une\/comment-le-slam-de-poesie-revolutionne-lart-urbain-en-2024\/#primaryimage\"},\"thumbnailUrl\":\"https:\/\/slams.fr\/blog\/wp-content\/uploads\/2025\/12\/pag-image-693be60fc586b-scaled.png\",\"datePublished\":\"2026-02-09T08:39:00+00:00\",\"description\":\"Le slam d\u00e9signe \u00e0 l\u2019origine une comp\u00e9tition de po\u00e9sie orale, dans laquelle des participants d\u00e9clament des textes devant un public, g\u00e9n\u00e9ralement en trois\",\"inLanguage\":\"fr-FR\",\"potentialAction\":[{\"@type\":\"ReadAction\",\"target\":[\"https:\/\/slams.fr\/blog\/a-la-une\/comment-le-slam-de-poesie-revolutionne-lart-urbain-en-2024\/\"]}]},{\"@type\":\"ImageObject\",\"inLanguage\":\"fr-FR\",\"@id\":\"https:\/\/slams.fr\/blog\/a-la-une\/comment-le-slam-de-poesie-revolutionne-lart-urbain-en-2024\/#primaryimage\",\"url\":\"https:\/\/slams.fr\/blog\/wp-content\/uploads\/2025\/12\/pag-image-693be60fc586b-scaled.png\",\"contentUrl\":\"https:\/\/slams.fr\/blog\/wp-content\/uploads\/2025\/12\/pag-image-693be60fc586b-scaled.png\",\"width\":1200,\"height\":686,\"caption\":\"Image g\u00e9n\u00e9r\u00e9e par IA optimis\u00e9e pour Google Discover\"},{\"@type\":\"WebSite\",\"@id\":\"https:\/\/slams.fr\/blog\/#website\",\"url\":\"https:\/\/slams.fr\/blog\/\",\"name\":\"slams.fr\",\"description\":\"Slams, l&#039;\u00e9nergie des mots en action\",\"publisher\":{\"@id\":\"https:\/\/slams.fr\/blog\/#organization\"},\"alternateName\":\"Slams, l'\u00e9nergie des mots en action\",\"potentialAction\":[{\"@type\":\"SearchAction\",\"target\":{\"@type\":\"EntryPoint\",\"urlTemplate\":\"https:\/\/slams.fr\/blog\/?s={search_term_string}\"},\"query-input\":{\"@type\":\"PropertyValueSpecification\",\"valueRequired\":true,\"valueName\":\"search_term_string\"}}],\"inLanguage\":\"fr-FR\"},{\"@type\":\"Organization\",\"@id\":\"https:\/\/slams.fr\/blog\/#organization\",\"name\":\"Foretsensations.fr\",\"url\":\"https:\/\/slams.fr\/blog\/\",\"logo\":{\"@type\":\"ImageObject\",\"inLanguage\":\"fr-FR\",\"@id\":\"https:\/\/slams.fr\/blog\/#\/schema\/logo\/image\/\",\"url\":\"https:\/\/slams.fr\/blog\/wp-content\/uploads\/2026\/07\/logo-auto-1.png\",\"contentUrl\":\"https:\/\/slams.fr\/blog\/wp-content\/uploads\/2026\/07\/logo-auto-1.png\",\"width\":1024,\"height\":1024,\"caption\":\"Foretsensations.fr\"},\"image\":{\"@id\":\"https:\/\/slams.fr\/blog\/#\/schema\/logo\/image\/\"}},{\"@type\":\"Person\",\"@id\":\"https:\/\/slams.fr\/blog\/#\/schema\/person\/3c864cdc320801e3db34b663e7e3f816\",\"name\":\"Rapha\u00ebl D.\",\"image\":{\"@type\":\"ImageObject\",\"inLanguage\":\"fr-FR\",\"@id\":\"https:\/\/slams.fr\/blog\/#\/schema\/person\/image\/\",\"url\":\"https:\/\/slams.fr\/blog\/wp-content\/uploads\/2026\/06\/persona_raphael-d-96x96.jpg\",\"contentUrl\":\"https:\/\/slams.fr\/blog\/wp-content\/uploads\/2026\/06\/persona_raphael-d-96x96.jpg\",\"caption\":\"Rapha\u00ebl D.\"},\"description\":\"La culture est mon terrain de jeu depuis une dizaine d'ann\u00e9es : arts visuels, s\u00e9ries, cr\u00e9ation et tout ce qui nourrit l'imaginaire. J'\u00e9cris aussi bien sur l'actualit\u00e9 des \u0153uvres que sur les coulisses de la cr\u00e9ation, avec l'envie de relier l'amateur curieux \u00e0 des univers parfois jug\u00e9s intimidants. J'aime analyser une s\u00e9rie ou une d\u00e9marche artistique sans p\u00e9dantisme, replacer une \u0153uvre dans son contexte et donner des cl\u00e9s de lecture accessibles. Avant de publier, je v\u00e9rifie mes r\u00e9f\u00e9rences, je recoupe les sources et je distingue clairement le fait de mon interpr\u00e9tation subjective. Je crois qu'une critique vaut surtout par les arguments qu'elle expose, pas par la sentence qu'elle rend. Mon angle : transmettre l'envie de d\u00e9couvrir, de regarder autrement et de se forger son propre go\u00fbt. La culture n'appartient pas qu'aux initi\u00e9s, et c'est tout l'enjeu de mon \u00e9criture.\",\"url\":\"https:\/\/slams.fr\/blog\/auteur\/raphael-d\/\",\"jobTitle\":\"R\u00e9dacteur en chef \u00b7 Culture & Cr\u00e9ation\",\"knowsAbout\":[\"Culture\",\"Cr\u00e9ation\"],\"email\":\"raphael.d@a-l-asso-de-l-art.fr\"}]}<\/script>\n<!-- \/ Yoast SEO Premium plugin. -->","yoast_head_json":{"title":"Comment le slam de po\u00e9sie r\u00e9volutionne l\u2019art urbain en 2024","description":"Le slam d\u00e9signe \u00e0 l\u2019origine une comp\u00e9tition de po\u00e9sie orale, dans laquelle des participants d\u00e9clament des textes devant un public, g\u00e9n\u00e9ralement en trois","robots":{"index":"index","follow":"follow","max-snippet":"max-snippet:-1","max-image-preview":"max-image-preview:large","max-video-preview":"max-video-preview:-1"},"canonical":"https:\/\/slams.fr\/blog\/a-la-une\/comment-le-slam-de-poesie-revolutionne-lart-urbain-en-2024\/","og_locale":"fr_FR","og_type":"article","og_title":"Comment le slam de po\u00e9sie r\u00e9volutionne l\u2019art urbain en 2024","og_description":"Le slam d\u00e9signe \u00e0 l\u2019origine une comp\u00e9tition de po\u00e9sie orale, dans laquelle des participants d\u00e9clament des textes devant un public, g\u00e9n\u00e9ralement en trois","og_url":"https:\/\/slams.fr\/blog\/a-la-une\/comment-le-slam-de-poesie-revolutionne-lart-urbain-en-2024\/","og_site_name":"slams","og_image":[{"width":1200,"height":686,"url":"https:\/\/slams.fr\/blog\/wp-content\/uploads\/2025\/12\/pag-image-693be60fc586b-scaled.png","type":"image\/png"}],"author":"Rapha\u00ebl D.","twitter_card":"summary_large_image","schema":{"@context":"https:\/\/schema.org","@graph":[{"@type":"NewsArticle","@id":"https:\/\/slams.fr\/blog\/a-la-une\/comment-le-slam-de-poesie-revolutionne-lart-urbain-en-2024\/#article","isPartOf":{"@id":"https:\/\/slams.fr\/blog\/a-la-une\/comment-le-slam-de-poesie-revolutionne-lart-urbain-en-2024\/"},"author":{"name":"Rapha\u00ebl D.","@id":"https:\/\/slams.fr\/blog\/#\/schema\/person\/3c864cdc320801e3db34b663e7e3f816"},"headline":"Comment le slam de po\u00e9sie r\u00e9volutionne l\u2019art urbain en 2024","datePublished":"2026-02-09T08:39:00+00:00","mainEntityOfPage":{"@id":"https:\/\/slams.fr\/blog\/a-la-une\/comment-le-slam-de-poesie-revolutionne-lart-urbain-en-2024\/"},"wordCount":2753,"commentCount":0,"publisher":{"@id":"https:\/\/slams.fr\/blog\/#organization"},"image":{"@id":"https:\/\/slams.fr\/blog\/a-la-une\/comment-le-slam-de-poesie-revolutionne-lart-urbain-en-2024\/#primaryimage"},"thumbnailUrl":"https:\/\/slams.fr\/blog\/wp-content\/uploads\/2025\/12\/pag-image-693be60fc586b-scaled.png","keywords":["art urbain","slam 2024","slam posie"],"articleSection":["\u00c0 la une"],"inLanguage":"fr-FR","potentialAction":[{"@type":"CommentAction","name":"Comment","target":["https:\/\/slams.fr\/blog\/a-la-une\/comment-le-slam-de-poesie-revolutionne-lart-urbain-en-2024\/#respond"]}]},{"@type":"WebPage","@id":"https:\/\/slams.fr\/blog\/a-la-une\/comment-le-slam-de-poesie-revolutionne-lart-urbain-en-2024\/","url":"https:\/\/slams.fr\/blog\/a-la-une\/comment-le-slam-de-poesie-revolutionne-lart-urbain-en-2024\/","name":"Comment le slam de po\u00e9sie r\u00e9volutionne l\u2019art urbain en 2024","isPartOf":{"@id":"https:\/\/slams.fr\/blog\/#website"},"primaryImageOfPage":{"@id":"https:\/\/slams.fr\/blog\/a-la-une\/comment-le-slam-de-poesie-revolutionne-lart-urbain-en-2024\/#primaryimage"},"image":{"@id":"https:\/\/slams.fr\/blog\/a-la-une\/comment-le-slam-de-poesie-revolutionne-lart-urbain-en-2024\/#primaryimage"},"thumbnailUrl":"https:\/\/slams.fr\/blog\/wp-content\/uploads\/2025\/12\/pag-image-693be60fc586b-scaled.png","datePublished":"2026-02-09T08:39:00+00:00","description":"Le slam d\u00e9signe \u00e0 l\u2019origine une comp\u00e9tition de po\u00e9sie orale, dans laquelle des participants d\u00e9clament des textes devant un public, g\u00e9n\u00e9ralement en trois","inLanguage":"fr-FR","potentialAction":[{"@type":"ReadAction","target":["https:\/\/slams.fr\/blog\/a-la-une\/comment-le-slam-de-poesie-revolutionne-lart-urbain-en-2024\/"]}]},{"@type":"ImageObject","inLanguage":"fr-FR","@id":"https:\/\/slams.fr\/blog\/a-la-une\/comment-le-slam-de-poesie-revolutionne-lart-urbain-en-2024\/#primaryimage","url":"https:\/\/slams.fr\/blog\/wp-content\/uploads\/2025\/12\/pag-image-693be60fc586b-scaled.png","contentUrl":"https:\/\/slams.fr\/blog\/wp-content\/uploads\/2025\/12\/pag-image-693be60fc586b-scaled.png","width":1200,"height":686,"caption":"Image g\u00e9n\u00e9r\u00e9e par IA optimis\u00e9e pour Google Discover"},{"@type":"WebSite","@id":"https:\/\/slams.fr\/blog\/#website","url":"https:\/\/slams.fr\/blog\/","name":"slams.fr","description":"Slams, l&#039;\u00e9nergie des mots en action","publisher":{"@id":"https:\/\/slams.fr\/blog\/#organization"},"alternateName":"Slams, l'\u00e9nergie des mots en action","potentialAction":[{"@type":"SearchAction","target":{"@type":"EntryPoint","urlTemplate":"https:\/\/slams.fr\/blog\/?s={search_term_string}"},"query-input":{"@type":"PropertyValueSpecification","valueRequired":true,"valueName":"search_term_string"}}],"inLanguage":"fr-FR"},{"@type":"Organization","@id":"https:\/\/slams.fr\/blog\/#organization","name":"Foretsensations.fr","url":"https:\/\/slams.fr\/blog\/","logo":{"@type":"ImageObject","inLanguage":"fr-FR","@id":"https:\/\/slams.fr\/blog\/#\/schema\/logo\/image\/","url":"https:\/\/slams.fr\/blog\/wp-content\/uploads\/2026\/07\/logo-auto-1.png","contentUrl":"https:\/\/slams.fr\/blog\/wp-content\/uploads\/2026\/07\/logo-auto-1.png","width":1024,"height":1024,"caption":"Foretsensations.fr"},"image":{"@id":"https:\/\/slams.fr\/blog\/#\/schema\/logo\/image\/"}},{"@type":"Person","@id":"https:\/\/slams.fr\/blog\/#\/schema\/person\/3c864cdc320801e3db34b663e7e3f816","name":"Rapha\u00ebl D.","image":{"@type":"ImageObject","inLanguage":"fr-FR","@id":"https:\/\/slams.fr\/blog\/#\/schema\/person\/image\/","url":"https:\/\/slams.fr\/blog\/wp-content\/uploads\/2026\/06\/persona_raphael-d-96x96.jpg","contentUrl":"https:\/\/slams.fr\/blog\/wp-content\/uploads\/2026\/06\/persona_raphael-d-96x96.jpg","caption":"Rapha\u00ebl D."},"description":"La culture est mon terrain de jeu depuis une dizaine d'ann\u00e9es : arts visuels, s\u00e9ries, cr\u00e9ation et tout ce qui nourrit l'imaginaire. J'\u00e9cris aussi bien sur l'actualit\u00e9 des \u0153uvres que sur les coulisses de la cr\u00e9ation, avec l'envie de relier l'amateur curieux \u00e0 des univers parfois jug\u00e9s intimidants. J'aime analyser une s\u00e9rie ou une d\u00e9marche artistique sans p\u00e9dantisme, replacer une \u0153uvre dans son contexte et donner des cl\u00e9s de lecture accessibles. Avant de publier, je v\u00e9rifie mes r\u00e9f\u00e9rences, je recoupe les sources et je distingue clairement le fait de mon interpr\u00e9tation subjective. Je crois qu'une critique vaut surtout par les arguments qu'elle expose, pas par la sentence qu'elle rend. Mon angle : transmettre l'envie de d\u00e9couvrir, de regarder autrement et de se forger son propre go\u00fbt. La culture n'appartient pas qu'aux initi\u00e9s, et c'est tout l'enjeu de mon \u00e9criture.","url":"https:\/\/slams.fr\/blog\/auteur\/raphael-d\/","jobTitle":"R\u00e9dacteur en chef \u00b7 Culture & Cr\u00e9ation","knowsAbout":["Culture","Cr\u00e9ation"],"email":"raphael.d@a-l-asso-de-l-art.fr"}]}},"_links":{"self":[{"href":"https:\/\/slams.fr\/blog\/wp-json\/wp\/v2\/posts\/7710","targetHints":{"allow":["GET"]}}],"collection":[{"href":"https:\/\/slams.fr\/blog\/wp-json\/wp\/v2\/posts"}],"about":[{"href":"https:\/\/slams.fr\/blog\/wp-json\/wp\/v2\/types\/post"}],"author":[{"embeddable":true,"href":"https:\/\/slams.fr\/blog\/wp-json\/wp\/v2\/users\/34"}],"replies":[{"embeddable":true,"href":"https:\/\/slams.fr\/blog\/wp-json\/wp\/v2\/comments?post=7710"}],"version-history":[{"count":1,"href":"https:\/\/slams.fr\/blog\/wp-json\/wp\/v2\/posts\/7710\/revisions"}],"predecessor-version":[{"id":7767,"href":"https:\/\/slams.fr\/blog\/wp-json\/wp\/v2\/posts\/7710\/revisions\/7767"}],"wp:featuredmedia":[{"embeddable":true,"href":"https:\/\/slams.fr\/blog\/wp-json\/wp\/v2\/media\/7712"}],"wp:attachment":[{"href":"https:\/\/slams.fr\/blog\/wp-json\/wp\/v2\/media?parent=7710"}],"wp:term":[{"taxonomy":"category","embeddable":true,"href":"https:\/\/slams.fr\/blog\/wp-json\/wp\/v2\/categories?post=7710"},{"taxonomy":"post_tag","embeddable":true,"href":"https:\/\/slams.fr\/blog\/wp-json\/wp\/v2\/tags?post=7710"}],"curies":[{"name":"wp","href":"https:\/\/api.w.org\/{rel}","templated":true}]}}