{"id":7713,"date":"2026-02-12T09:43:00","date_gmt":"2026-02-12T08:43:00","guid":{"rendered":"https:\/\/slams.fr\/blog\/?p=7713"},"modified":"2026-02-12T09:43:00","modified_gmt":"2026-02-12T08:43:00","slug":"le-slam-origine-evolution-et-caracteristiques-de-lart-de-la-poesie-urbaine","status":"publish","type":"post","link":"https:\/\/slams.fr\/blog\/actualites-du-slam\/le-slam-origine-evolution-et-caracteristiques-de-lart-de-la-poesie-urbaine\/","title":{"rendered":"Le slam : origine, \u00e9volution et caract\u00e9ristiques de l\u2019art de la po\u00e9sie urbaine"},"content":{"rendered":"<div style=\"background: linear-gradient(135deg, #f5f7fa 0%, #e9ecef 100%);border-left: 4px solid #0073aa;padding: 15px 20px;margin: 0 0 25px 0;border-radius: 0 8px 8px 0\">\n<p style=\"margin: 0;font-size: 14px;color: #0073aa;font-weight: 600;text-transform: uppercase;letter-spacing: 1px;margin-bottom: 10px\">\ud83d\udccb En bref<\/p>\n<ul style=\"margin: 0;padding-left: 20px;list-style-type: none\">\n<li style=\"margin: 5px 0;color: #333;font-size: 15px;line-height: 1.5;position: relative;padding-left: 15px\"><span style=\"position: absolute;left: 0;color: #0073aa\">\u25b8<\/span> Le slam, n\u00e9 en 1986 \u00e0 Chicago, allie po\u00e9sie et performance avec un jugement public.<\/li>\n<li style=\"margin: 5px 0;color: #333;font-size: 15px;line-height: 1.5;position: relative;padding-left: 15px\"><span style=\"position: absolute;left: 0;color: #0073aa\">\u25b8<\/span> Il s&#039;est structur\u00e9 aux \u00c9tats-Unis avec le National Poetry Slam et a \u00e9merg\u00e9 en France dans les ann\u00e9es 1990.<\/li>\n<li style=\"margin: 5px 0;color: #333;font-size: 15px;line-height: 1.5;position: relative;padding-left: 15px\"><span style=\"position: absolute;left: 0;color: #0073aa\">\u25b8<\/span> Les slameurs se produisent g\u00e9n\u00e9ralement a cappella, avec des textes limit\u00e9s \u00e0 3 minutes.<\/li>\n<\/ul>\n<\/div>\n<h1>Le Slam, c&rsquo;est quoi ? Une Plong\u00e9e dans l&rsquo;Art de la Po\u00e9sie Urbaine<\/h1>\n<h2>Origines et \u00e9volution historique du slam<\/h2>\n<p>\n        Le point de d\u00e9part le plus souvent cit\u00e9 par les historiens du genre se situe en <strong>1986<\/strong>, au <strong>Get Me High Lounge<\/strong> de <strong>Chicago<\/strong>, un bar de quartier o\u00f9 <strong>Marc Kelly Smith<\/strong> met en place des soir\u00e9es de <strong>po\u00e9sie perform\u00e9e<\/strong> avec une id\u00e9e simple : confier le pouvoir de juger les textes au public. Des spectateurs, tir\u00e9s au sort, notent les performances sur des cartons, g\u00e9n\u00e9ralement de <u>0 \u00e0 10<\/u>, ce qui donne au slam son caract\u00e8re \u00e0 la fois ludique et comp\u00e9titif. Ces soir\u00e9es, qui s\u2019inscrivent dans la continuit\u00e9 des lectures publiques, rompent cependant avec le ton solennel des r\u00e9citals classiques. Le mouvement puise dans l\u2019h\u00e9ritage de la <strong>beat generation<\/strong> des ann\u00e9es 1950\u20131960, incarn\u00e9e par des auteurs comme <strong>Allen Ginsberg<\/strong> ou <strong>Jack Kerouac<\/strong>, mais aussi dans la tradition de la <strong>po\u00e9sie engag\u00e9e<\/strong> afro-am\u00e9ricaine port\u00e9e par des figures comme <strong>Gil Scott-Heron<\/strong>.<\/p>\n<p>\n        Tr\u00e8s vite, le slam sort de ce bar de <strong>Chicago<\/strong> pour se structurer. Aux <strong>\u00c9tats-Unis<\/strong>, le <strong>National Poetry Slam<\/strong> se tient d\u00e8s la fin des ann\u00e9es 1980, puis se stabilise dans les ann\u00e9es 1990 comme un rendez-vous annuel majeur, rassemblant des \u00e9quipes de villes enti\u00e8res. En <strong>1998<\/strong>, le film <strong>\u00ab\u00a0Slam\u00a0\u00bb<\/strong> du r\u00e9alisateur <strong>Marc Levin<\/strong>, port\u00e9 par le po\u00e8te et acteur <strong>Saul Williams<\/strong>, remporte le <strong>Grand Prix du Jury<\/strong> au <strong>Festival de Cannes<\/strong>, ce qui contribue \u00e0 diffuser la culture slam en <strong>Europe<\/strong>. En <strong>France<\/strong>, les premi\u00e8res sc\u00e8nes \u00e9mergent \u00e0 <strong>Paris<\/strong> au d\u00e9but des ann\u00e9es 1990, avec une consolidation autour des ann\u00e9es 2000, notamment gr\u00e2ce \u00e0 des collectifs et \u00e0 la m\u00e9diatisation de slameurs comme <strong>Grand Corps Malade<\/strong>, originaire de <strong>Saint-Denis<\/strong>. Depuis, la pratique s\u2019est structur\u00e9e avec des \u00e9v\u00e9nements comme le <strong>Grand Slam National<\/strong>, et des comp\u00e9titions r\u00e9gionales en <strong>\u00cele-de-France<\/strong>, <strong>Auvergne-Rh\u00f4ne-Alpes<\/strong> ou <strong>Occitanie<\/strong>.<\/p>\n<ul>\n<li><u>1986<\/u> : soir\u00e9es de slam au <strong>Get Me High Lounge<\/strong> \u00e0 <strong>Chicago<\/strong>, initi\u00e9es par <strong>Marc Kelly Smith<\/strong>.<\/li>\n<li><u>Fin des ann\u00e9es 1980<\/u> : essor du <strong>National Poetry Slam<\/strong> aux <strong>\u00c9tats-Unis<\/strong>.<\/li>\n<li><u>1993\u20131998<\/u> : diffusion en <strong>France<\/strong>, festival et projections \u00e0 <strong>Paris<\/strong>, succ\u00e8s du film <strong>\u00ab\u00a0Slam\u00a0\u00bb<\/strong> de <strong>Marc Levin<\/strong>.<\/li>\n<li><u>Ann\u00e9es 2000<\/u> : mont\u00e9e en puissance de la sc\u00e8ne francophone avec <strong>Grand Corps Malade<\/strong> et des collectifs comme <strong>Slam Productions<\/strong>.<\/li>\n<li><u>2010\u20132024<\/u> : structuration des championnats, multiplication des sc\u00e8nes en <strong>Afrique francophone<\/strong> et en <strong>Qu\u00e9bec<\/strong>, d\u00e9veloppement de ligues nationales.<\/li>\n<\/ul>\n<h2>Les caract\u00e9ristiques fondamentales du slam<\/h2>\n<p>\n        Le slam repose sur quelques principes largement partag\u00e9s sur les sc\u00e8nes internationales. La dur\u00e9e d\u2019un texte en comp\u00e9tition se situe en g\u00e9n\u00e9ral autour de <u>3 minutes<\/u>, avec une tol\u00e9rance technique fix\u00e9e dans de nombreux r\u00e8glements \u00e0 <u>3 minutes 09 secondes<\/u>. Le slameur se pr\u00e9sente le plus souvent <strong>a cappella<\/strong>, sans musique, afin de concentrer l\u2019\u00e9coute sur la voix, le rythme et le texte. La discipline valorise un <strong>rapport direct au public<\/strong>, une diction claire, un tempo ma\u00eetris\u00e9 et une pr\u00e9sence corporelle assum\u00e9e, proche parfois du th\u00e9\u00e2tre. Nous retrouvons trois axes majeurs : le <strong>texte<\/strong>, le <strong>rythme<\/strong> et la <strong>performance<\/strong>. Le contenu peut \u00eatre narratif, lyrique, humoristique, militant ou introspectif, mais la priorit\u00e9 reste l\u2019impact oral.<\/p>\n<p>\n        La diff\u00e9rence avec la <strong>po\u00e9sie traditionnelle<\/strong> demeure nette. L\u00e0 o\u00f9 un sonnet classique de <strong>Charles Baudelaire<\/strong> ou de <strong>Pierre de Ronsard<\/strong> ob\u00e9it \u00e0 des r\u00e8gles de versification strictes (m\u00e8tre, rimes, strophes), le slam revendique une <u>libert\u00e9 formelle maximale<\/u>. Le langage employ\u00e9 emprunte souvent \u00e0 la <strong>langue de la rue<\/strong>, avec argot, verlan, anglicismes, mots issus des cultures urbaines ou des diasporas. Une enqu\u00eate men\u00e9e aupr\u00e8s de sc\u00e8nes francophones indique qu\u2019environ <u>80% des slameurs d\u00e9clarent placer la libert\u00e9 d\u2019expression au centre de leur pratique<\/u>, devant tout autre crit\u00e8re esth\u00e9tique. Sur le plan th\u00e9orique, plusieurs chercheurs, en s\u2019appuyant sur les travaux de <strong>Roland Barthes<\/strong>, parlent du <u>\u00ab\u00a0grain de la voix\u00a0\u00bb<\/u> pour d\u00e9crire cette dimension o\u00f9 timbre, souffle, accent et intonations sont aussi signifiants que les mots eux-m\u00eames.<\/p>\n<ul>\n<li><strong>Dur\u00e9e<\/strong> : <u>3 minutes \u00e0 3 minutes 09 secondes<\/u> pour un texte en tournoi.<\/li>\n<li><strong>Interpr\u00e9tation<\/strong> : d\u00e9clamation <strong>a cappella<\/strong>, sans d\u00e9guisement lourd, sans accessoires envahissants.<\/li>\n<li><strong>Langage<\/strong> : recours fr\u00e9quent \u00e0 l\u2019argot, au verlan, aux n\u00e9ologismes, au vocabulaire urbain.<\/li>\n<li><strong>Performance<\/strong> : attention au <u>rythme respiratoire<\/u>, \u00e0 la gestuelle, aux silences et aux variations de volume.<\/li>\n<li><strong>Libert\u00e9<\/strong> : absence de contrainte de rime ou de m\u00e8tre, acceptation des registres de langue mixtes.<\/li>\n<\/ul>\n<h2>Les diff\u00e9rentes formes de slam aujourd\u2019hui<\/h2>\n<p>\n        Avec la diffusion du mouvement, nous distinguons plusieurs formats structur\u00e9s. Le <strong>slam comp\u00e9titif<\/strong>, souvent appel\u00e9 <strong>poetry slam<\/strong> dans le monde anglo-saxon, repose sur des tournois \u00e0 plusieurs manches, avec des jurys constitu\u00e9s de membres du public. Les sc\u00e8nes dites <strong>open mic<\/strong> (micros ouverts) offrent un espace non-comp\u00e9titif, o\u00f9 chacun peut venir dire un texte, souvent sans inscription pr\u00e9alable, dans des lieux comme le <strong>Cabaret Populaire<\/strong> \u00e0 <strong>Bruxelles<\/strong> ou le <strong>Culture Rapide<\/strong> \u00e0 <strong>Paris<\/strong>. \u00c0 c\u00f4t\u00e9, des formes <strong>improvis\u00e9es<\/strong> se d\u00e9veloppent, o\u00f9 le slameur compose en direct \u00e0 partir de th\u00e8mes donn\u00e9s par la salle, une pratique tr\u00e8s pr\u00e9sente, par exemple, dans les soir\u00e9es organis\u00e9es \u00e0 la <strong>Maison des Arts de la Parole<\/strong> \u00e0 <strong>Li\u00e8ge<\/strong>.<\/p>\n<p>\n        Nous voyons \u00e9merger des esth\u00e9tiques hybrides : <strong>slam musical<\/strong> accompagn\u00e9 de <strong>beatbox<\/strong>, de guitare ou de nappes \u00e9lectroniques discr\u00e8tes, slam narratif proche du <strong>conte<\/strong>, ou encore formats th\u00e9\u00e2tralis\u00e9s, m\u00ealant chor\u00e9graphie et texte. Les festivals jouent un r\u00f4le central dans cette diversification. En <strong>France<\/strong>, des \u00e9v\u00e9nements comme le <strong>Grand Slam de France<\/strong> rassemblent chaque ann\u00e9e des dizaines d\u2019\u00e9quipes r\u00e9gionales. En <u>2024, le titre du Grand Slam de France a \u00e9t\u00e9 remport\u00e9 par un slameur nomm\u00e9 Lino<\/u>, ce qui illustre la mont\u00e9e en notori\u00e9t\u00e9 de performeurs auparavant locaux. Aux <strong>\u00c9tats-Unis<\/strong>, le <strong>National Poetry Slam<\/strong> demeure une r\u00e9f\u00e9rence, tandis qu\u2019en <strong>France<\/strong>, des rendez-vous comme le festival <strong>Paris Black Poetry<\/strong> mettent \u00e0 l\u2019honneur les voix afro-descendantes de la capitale.<\/p>\n<ul>\n<li><strong>Poetry slam<\/strong> : format comp\u00e9titif, codifi\u00e9, ancr\u00e9 dans la tradition de <strong>Marc Kelly Smith<\/strong>.<\/li>\n<li><strong>Slam poetry<\/strong> : terme plus large d\u00e9signant l\u2019ensemble des pratiques po\u00e9tiques perform\u00e9es, comp\u00e9titives ou non.<\/li>\n<li><strong>Sc\u00e8nes ouvertes<\/strong> : soir\u00e9es sans comp\u00e9tition, acc\u00e8s libre, forte dimension communautaire.<\/li>\n<li><strong>Slam improvis\u00e9<\/strong> : cr\u00e9ation instantan\u00e9e \u00e0 partir de th\u00e8mes ou de contraintes donn\u00e9es par le public.<\/li>\n<li><strong>Slams hybrides<\/strong> : collaborations avec beatboxers, musiciens de jazz, com\u00e9diens ou danseurs contemporains.<\/li>\n<\/ul>\n<h2>Une interaction singuli\u00e8re entre slameur et public<\/h2>\n<p>\n        L\u2019un des marqueurs les plus sp\u00e9cifiques du slam r\u00e9side dans la place donn\u00e9e au <strong>public<\/strong>. Historiquement, la comp\u00e9tition repose sur des notes attribu\u00e9es par des spectateurs tir\u00e9s au sort, qui \u00e9valuent la performance de <u>0 \u00e0 10<\/u>. Cette m\u00e9canique, loin de n\u2019\u00eatre qu\u2019un jeu, modifie profond\u00e9ment la posture du po\u00e8te : il ne s\u2019adresse plus seulement \u00e0 un lecteur abstrait, mais \u00e0 une assembl\u00e9e bien r\u00e9elle, situ\u00e9e dans un bar de <strong>Chicago<\/strong>, une salle parisienne, un centre culturel de <strong>Dakar<\/strong> ou un th\u00e9\u00e2tre de <strong>Montr\u00e9al<\/strong>. Cette copr\u00e9sence cr\u00e9e une tension cr\u00e9ative : la parole est \u00e0 la fois intime et expos\u00e9e, fragile et collective. Les organisateurs parlent souvent de \u00ab\u00a0communion\u00a0\u00bb ou de \u00ab\u00a0cercle\u00a0\u00bb pour d\u00e9crire cette atmosph\u00e8re.<\/p>\n<p>\n        Sur sc\u00e8ne, les slameurs d\u00e9veloppent des strat\u00e9gies d\u2019interaction : regards directs, questions adress\u00e9es \u00e0 la salle, r\u00e9p\u00e9titions scand\u00e9es, invitations \u00e0 r\u00e9pondre en ch\u0153ur. Dans les grands \u00e9v\u00e9nements, comme le <strong>Grand Slam Fran\u00e7ais 2023<\/strong> qui a r\u00e9uni environ <u>5 000 spectateurs<\/u> entre les phases de qualification et la finale, la dimension quasi th\u00e9\u00e2trale de ces \u00e9changes se renforce. Des figures comme <strong>Saul Williams<\/strong>, qui a marqu\u00e9 les ann\u00e9es 2000 au <strong>Bowery Poetry Club<\/strong> de <strong>New York<\/strong>, montrent \u00e0 quel point un texte peut changer de nature lorsqu\u2019il est port\u00e9 par une pr\u00e9sence sc\u00e9nique charismatique. Des enqu\u00eates men\u00e9es aupr\u00e8s de collectifs de slam indiquent qu\u2019<u>environ 90% des slameurs d\u00e9clarent adapter leurs textes en temps r\u00e9el aux r\u00e9actions de la salle<\/u> : modification du rythme, allongement d\u2019un silence, accentuation d\u2019un passage comique ou dramatique.<\/p>\n<ul>\n<li><strong>Public-jury<\/strong> : attribution de notes, r\u00e9actions verbales, applaudissements, soupirs, rires.<\/li>\n<li><strong>Gestes phatiques<\/strong> : signes de connivence, mains tendues, clins d\u2019\u0153il, r\u00e9p\u00e9titions de mots-cl\u00e9s.<\/li>\n<li><strong>Psychologie de l\u2019interaction<\/strong> : usage de la surprise, variation de ton, ruptures narratives.<\/li>\n<li><strong>Adaptation<\/strong> : r\u00e9\u00e9criture progressive des textes en fonction des retours recueillis sur sc\u00e8ne.<\/li>\n<\/ul>\n<h2>La place du slam dans la culture contemporaine<\/h2>\n<p>\n        Depuis les ann\u00e9es 2010, le slam conna\u00eet une nouvelle acc\u00e9l\u00e9ration gr\u00e2ce aux <strong>plateformes num\u00e9riques<\/strong>. Des cha\u00eenes comme <strong>Button Poetry<\/strong>, bas\u00e9e aux <strong>\u00c9tats-Unis<\/strong>, cumulent plus d\u2019<u>un million de vues<\/u> sur plusieurs vid\u00e9os de performances devenues virales. Des slameurs et slameuses francophones diffusent leurs textes sur <strong>YouTube<\/strong>, <strong>Instagram Reels<\/strong> ou <strong>TikTok<\/strong>, avec le mot-di\u00e8se <strong>#SlamPoetry<\/strong> qui atteint pr\u00e8s de <u>2 millions de publications en 2025<\/u>. Apr\u00e8s la crise sanitaire li\u00e9e au <strong>COVID-19<\/strong>, entre 2020 et 2022, les sc\u00e8nes virtuelles se sont multipli\u00e9es, certaines \u00e9tudes internes \u00e0 des collectifs \u00e9voquant une <u>croissance de l\u2019ordre de 300% du nombre de slams diffus\u00e9s en ligne<\/u> durant cette p\u00e9riode.<\/p>\n<p>\n        Le slam entretient aussi un dialogue \u00e9troit avec le <strong>rap<\/strong> et le <strong>spoken word<\/strong>. Des artistes comme <strong>Grand Corps Malade<\/strong>, figure majeure du slam francophone issu de <strong>Saint-Denis<\/strong>, ou <strong>Kery James<\/strong>, rappeur engag\u00e9, illustrent cette porosit\u00e9 entre discours po\u00e9tique, musique et engagement social. Sur la sc\u00e8ne internationale, des performeuses comme <strong>Sarah Kay<\/strong>, po\u00e9tesse am\u00e9ricaine, ont marqu\u00e9 durablement le grand public : son intervention <strong>\u00ab\u00a0If I Should Have a Daughter\u00a0\u00bb<\/strong> lors d\u2019un <strong>TED Talk<\/strong> a atteint environ <u>50 millions de vues<\/u>, faisant de la po\u00e9sie orale un ph\u00e9nom\u00e8ne viral. Cette visibilit\u00e9 contribue \u00e0 installer le slam comme un vecteur puissant de r\u00e9cits personnels, de m\u00e9moire collective et de prises de position politiques, notamment sur les questions de genre, de race ou de climat.<\/p>\n<ul>\n<li><strong>Plateformes<\/strong> : <strong>YouTube<\/strong>, <strong>Instagram<\/strong>, <strong>TikTok<\/strong>, podcasts audio d\u00e9di\u00e9s \u00e0 la po\u00e9sie orale.<\/li>\n<li><strong>Hashtags<\/strong> : <strong>#SlamPoetry<\/strong>, <strong>#SpokenWord<\/strong>, <strong>#Po\u00e9sieUrbaine<\/strong>, g\u00e9n\u00e9rant chacun des centaines de milliers de contenus.<\/li>\n<li><strong>Figures m\u00e9diatiques<\/strong> : <strong>Grand Corps Malade<\/strong>, <strong>Sarah Kay<\/strong>, <strong>Saul Williams<\/strong>, slameurs mis en avant par des \u00e9missions de t\u00e9l\u00e9vision ou des plateformes de streaming.<\/li>\n<li><strong>Influence musicale<\/strong> : liens \u00e9troits avec le rap conscient, le jazz, le hip-hop exp\u00e9rimental, la chanson \u00e0 texte.<\/li>\n<\/ul>\n<h2>Les d\u00e9fis et tensions du slam contemporain<\/h2>\n<p>\n        Avec sa diffusion massive, le slam doit affronter plusieurs tensions structurelles. La premi\u00e8re touche \u00e0 la <strong>commercialisation<\/strong>. De grands festivals, en <strong>Europe<\/strong> comme en <strong>Am\u00e9rique du Nord<\/strong>, b\u00e9n\u00e9ficient d\u00e9sormais de partenariats avec des marques de boissons, des op\u00e9rateurs t\u00e9l\u00e9coms ou des institutions culturelles nationales. Cette visibilit\u00e9 apporte des moyens logistiques ind\u00e9niables, mais interroge la capacit\u00e9 du slam \u00e0 rester un espace de parole libre, issu de la rue, en prise directe avec les r\u00e9alit\u00e9s sociales. Selon des enqu\u00eates men\u00e9es en <strong>2023<\/strong> aupr\u00e8s d\u2019organisations de slam francophones, environ <u>40% des slameurs d\u00e9clarent craindre une perte de spontan\u00e9it\u00e9 li\u00e9e \u00e0 la professionnalisation des sc\u00e8nes<\/u>. Nous partageons ce constat : le risque de formatage existe, m\u00eame si des collectifs ind\u00e9pendants continuent de d\u00e9fendre des soir\u00e9es gratuites ou \u00e0 prix libre.<\/p>\n<p>\n        D\u2019autres enjeux internes \u00e9mergent, tels que le <strong>sexisme<\/strong>, les discriminations ou la reproduction de rapports de domination sur sc\u00e8ne. Des f\u00e9d\u00e9rations comme <strong>France Slam<\/strong>, structure f\u00e9d\u00e9rant de nombreuses sc\u00e8nes en <strong>France<\/strong>, ont travaill\u00e9 \u00e0 l\u2019adoption de <u>chartes \u00e9thiques<\/u>, rappelant les limites \u00e0 ne pas franchir en mati\u00e8re de propos haineux, d\u2019attaques personnelles ou de comportements d\u00e9plac\u00e9s envers les participant?es. L\u2019exposition m\u00e9diatique du slam dans des programmes de divertissement t\u00e9l\u00e9vis\u00e9, qu\u2019il s\u2019agisse de segments ins\u00e9r\u00e9s dans des \u00e9missions comme <strong>\u00ab\u00a0The Voice\u00a0\u00bb<\/strong> ou d\u2019autres formats de t\u00e9l\u00e9-crochet, suscite r\u00e9guli\u00e8rement la controverse : certains y voient une opportunit\u00e9 de visibilit\u00e9, d\u2019autres une d\u00e9naturation de l\u2019esprit initial, bas\u00e9 sur l\u2019\u00e9galit\u00e9 de parole et l\u2019absence de star-syst\u00e8me. \u00c0 notre avis, l\u2019\u00e9quilibre se joue d\u00e9sormais dans la coexistence entre une sc\u00e8ne institutionnalis\u00e9e et un r\u00e9seau dense de sc\u00e8nes ind\u00e9pendantes, de caf\u00e9s associatifs et de maisons de quartier.<\/p>\n<ul>\n<li><strong>Commercialisation<\/strong> : festivals sponsoris\u00e9s, cachets professionnels, logique de programmation.<\/li>\n<li><strong>\u00c9thique<\/strong> : chartes contre le sexisme, le racisme, les violences verbales sur sc\u00e8ne.<\/li>\n<li><strong>Professionnalisation<\/strong> : apparition d\u2019agents, d\u2019\u00e9diteurs sp\u00e9cialis\u00e9s, d\u2019\u00e9coles d\u2019\u00e9criture orient\u00e9es performance.<\/li>\n<li><strong>M\u00e9diatisation<\/strong> : int\u00e9gration dans des \u00e9missions t\u00e9l\u00e9vis\u00e9es grand public, d\u00e9bats sur l\u2019authenticit\u00e9 artistique.<\/li>\n<\/ul>\n<h2>Entrer concr\u00e8tement dans la sc\u00e8ne slam<\/h2>\n<p>\n        Pour celles et ceux qui souhaitent passer de la curiosit\u00e9 \u00e0 la pratique, la premi\u00e8re \u00e9tape consiste \u00e0 travailler un <strong>texte<\/strong> pens\u00e9 pour l\u2019oral. Nous recommandons de viser une dur\u00e9e de <u>2 minutes 30 \u00e0 3 minutes<\/u>, d\u2019\u00e9crire en paragraphes courts, puis de lire \u00e0 voix haute \u00e0 chaque phase de r\u00e9\u00e9criture. L\u2019objectif est de faire co\u00efncider <strong>respiration<\/strong>, <strong>rythme<\/strong> et <strong>ponctuation<\/strong>. En <strong>France<\/strong>, des dispositifs comme <strong>\u00ab\u00a0Slam \u00e0 l\u2019\u00c9cole\u00a0\u00bb<\/strong> interviennent dans les \u00e9tablissements scolaires pour initier les \u00e9l\u00e8ves aux techniques de la po\u00e9sie orale, tandis que des ateliers d\u2019\u00e9criture propos\u00e9s par des structures telles que la <strong>Maison de la Po\u00e9sie de Paris<\/strong>, le <strong>CENTQUATRE-PARIS<\/strong> ou des associations locales, accompagnent les adultes d\u00e9butants. Sur le plan th\u00e9orique, des ouvrages comme <strong>\u00ab\u00a0Slam Poetry\u00a0\u00bb<\/strong> de <strong>Susan B. A. Somers-Willett<\/strong>, sp\u00e9cialiste de la po\u00e9sie performance aux <strong>\u00c9tats-Unis<\/strong>, permettent de comprendre les enjeux esth\u00e9tiques et politiques du genre.<\/p>\n<p>\n        L\u2019autre versant du travail concerne la <strong>performance<\/strong>. Nous conseillons d\u2019adopter une routine simple mais r\u00e9guli\u00e8re : r\u00e9p\u00e9tition devant un miroir, enregistrement audio ou vid\u00e9o avec un smartphone, \u00e9coute critique de sa propre voix, ajustement du d\u00e9bit, des silences, des regards. Les plateformes de rencontre comme <strong>Meetup<\/strong> r\u00e9f\u00e9rencent des sc\u00e8nes de slam dans des villes comme <strong>Lyon<\/strong>, <strong>Marseille<\/strong>, <strong>Bruxelles<\/strong> ou <strong>Montr\u00e9al<\/strong>. Des communaut\u00e9s en ligne, par exemple le forum <strong>Reddit r\/SlamPoetry<\/strong>, facilitent le partage de textes, l\u2019obtention de retours constructifs et l\u2019acc\u00e8s \u00e0 des conseils techniques. \u00c0 notre sens, l\u2019essentiel reste de confronter le texte \u00e0 un public r\u00e9el, m\u00eame restreint, pour mesurer sa port\u00e9e et sa compr\u00e9hension.<\/p>\n<ul>\n<li>R\u00e9diger un texte d\u2019environ <u>3 minutes<\/u>, centr\u00e9 sur une exp\u00e9rience personnelle ou une conviction forte.<\/li>\n<li>Le lire \u00e0 voix haute, plusieurs fois, en notant les passages o\u00f9 la respiration se bloque ou le sens se perd.<\/li>\n<li>Travailler la gestuelle, la posture, la mani\u00e8re d\u2019entrer et de sortir de sc\u00e8ne.<\/li>\n<li>Rep\u00e9rer une sc\u00e8ne <strong>open mic<\/strong> pr\u00e8s de votre domicile via <strong>France Slam<\/strong>, <strong>Meetup<\/strong> ou les r\u00e9seaux sociaux.<\/li>\n<li>Accepter les retours, ajuster le texte, revenir sur sc\u00e8ne pour consolider sa voix artistique.<\/li>\n<\/ul>\n<h2>Le slam, une po\u00e9sie urbaine en mutation permanente<\/h2>\n<p>\n        Apr\u00e8s pr\u00e8s de quarante ans d\u2019existence, le <strong>slam<\/strong> confirme sa nature de <u>po\u00e9sie urbaine \u00e9volutive<\/u>. Nous le voyons : du <strong>Get Me High Lounge<\/strong> de <strong>Chicago<\/strong> aux caf\u00e9s-concerts de <strong>Paris<\/strong>, des centres culturels de <strong>Dakar<\/strong> aux sc\u00e8nes virtuelles de <strong>YouTube<\/strong>, ce genre a r\u00e9ussi \u00e0 transformer la mani\u00e8re dont nous percevons la po\u00e9sie. Il offrait au d\u00e9part une alternative \u00e0 une <strong>po\u00e9sie jug\u00e9e \u00e9litiste<\/strong>, en pla\u00e7ant au centre celles et ceux qui n\u2019avaient pas toujours acc\u00e8s aux espaces de l\u00e9gitimit\u00e9 litt\u00e9raire. Aujourd\u2019hui, il fonctionne comme une <strong>tribune libre<\/strong> o\u00f9 se croisent t\u00e9moignages de vie, revendications politiques, confessions intimes et jeux d\u2019\u00e9criture, dans un rapport constant au pr\u00e9sent.<\/p>\n<p>\n        Nous sommes convaincus que le slam continuera \u00e0 se r\u00e9inventer, notamment gr\u00e2ce aux innovations technologiques. Des exp\u00e9riences \u00e9mergent d\u00e9j\u00e0 autour de performances en <strong>r\u00e9alit\u00e9 virtuelle (VR)<\/strong>, de sc\u00e8nes hybrides m\u00ealant avatars et interpr\u00e8tes physiques, ou de dispositifs interactifs o\u00f9 le public influence en direct la structure du texte. Face \u00e0 ces mutations, l\u2019enjeu sera de pr\u00e9server ce qui fait l\u2019essence du slam : <u>une parole incarn\u00e9e, situ\u00e9e, adress\u00e9e<\/u>, qui s\u2019offre \u00e0 l\u2019\u00e9coute d\u2019un public rassembl\u00e9, que ce soit autour d\u2019une petite sc\u00e8ne de quartier ou au sein d\u2019un environnement immersif. Pour celles et ceux qui h\u00e9sitent encore, notre avis est clair : assister \u00e0 une soir\u00e9e de slam, puis monter sur sc\u00e8ne, reste l\u2019une des exp\u00e9riences les plus directes et stimulantes pour \u00e9prouver la force de sa propre voix.<\/p>\n<ul>\n<li><strong>D\u00e9mocratisation<\/strong> : la po\u00e9sie devient un espace ouvert, accessible, ancr\u00e9 dans la r\u00e9alit\u00e9 sociale.<\/li>\n<li><strong>\u00c9volution<\/strong> : int\u00e9gration des technologies num\u00e9riques, exploration de nouveaux formats sc\u00e9niques.<\/li>\n<li><strong>Perspective<\/strong> : d\u00e9veloppement possible de sc\u00e8nes en <strong>r\u00e9alit\u00e9 virtuelle<\/strong>, de comp\u00e9titions hybrides, de r\u00e9sidences num\u00e9riques.<\/li>\n<li><strong>Invitation<\/strong> : rejoindre une sc\u00e8ne pr\u00e8s de chez vous pour exp\u00e9rimenter la puissance de la parole slam\u00e9e.<\/li>\n<\/ul>\n<div style=\"background: #e8f4f8;border: 3px solid #0073aa;padding: 20px;margin: 20px 0;border-radius: 8px\">\n<h2 style=\"color: #0073aa;text-align: center;margin-bottom: 15px\">\ud83d\udd27 Ressources Pratiques et Outils<\/h2>\n<div style=\"background: white;padding: 15px;margin: 10px 0;border-left: 4px solid #28a745\">\n<h3 style=\"color: #28a745;margin-bottom: 10px\">\ud83d\udccd Formations en BTS SIO SLAM \u00e0 Paris<\/h3>\n<p>D\u00e9couvrez des formations sp\u00e9cialis\u00e9es en BTS SIO SLAM dans plusieurs \u00e9tablissements parisiens :<\/p>\n<ul>\n<li><strong>Webitech Paris<\/strong> : Co\u00fbt 9400\u20ac (initial), alternance financ\u00e9e par OPCO. Contact via dossier d\u2019inscription t\u00e9l\u00e9chargeable <a href=\"https:\/\/webitechparis.com\/formation\/developpement\/bts-sio-slam\/\" rel=\"nofollow\">ici<\/a>.<\/li>\n<li><strong>H3 Hitema<\/strong> : Tarifs 2025\/2026, BTS Ann\u00e9e 1\/2 : 5300\u20ac (paiement unique) ou 5700\u20ac (\u00e9chelonn\u00e9). Frais d&rsquo;inscription 390\u20ac. Contact via <a href=\"https:\/\/www.h3hitema.fr\/admissions-ecole-informatique\/tarifs-formation-informatique\/\" rel=\"nofollow\">leur site<\/a>.<\/li>\n<li><strong>IPSSI<\/strong> : BTS SIO SLAM\/SISR en alternance, 1re ann\u00e9e : 6600\u20ac ou 2500\u20ac\/4650\u20ac selon options. Contact via <a href=\"https:\/\/ecole-ipssi.com\/formations-informatique\/bts-informatique-sio-sisr-slam\/\" rel=\"nofollow\">leur site<\/a>.<\/li>\n<li><strong>Institut F2I<\/strong> : BTS SIO \u00e0 Paris. Tarifs disponibles sur leur page d\u00e9di\u00e9e. Contact candidature via <a href=\"https:\/\/www.institut-f2i.fr\/formations\/bts-sio\/\" rel=\"nofollow\">leur site<\/a>.<\/li>\n<\/ul>\n<\/div>\n<div style=\"background: white;padding: 15px;margin: 10px 0;border-left: 4px solid #007bff\">\n<h3 style=\"color: #007bff;margin-bottom: 10px\">\ud83d\udee0\ufe0f Outils et Calculateurs<\/h3>\n<p>Pour les \u00e9tudiants et professionnels du slam, voici quelques outils disponibles :<\/p>\n<ul>\n<li>T\u00e9l\u00e9chargement de logiciels : Windows Server, Windows Client, Visual Studio, Azure DevOps Server.<\/li>\n<li>Acc\u00e8s \u00e0 20 modules Cloud Azure (blockchain, Node.js) et plus de 2000 parcours (.NET, Dynamics, GitHub, SQL Server).<\/li>\n<\/ul>\n<\/div>\n<div style=\"background: white;padding: 15px;margin: 10px 0;border-left: 4px solid #6f42c1\">\n<h3 style=\"color: #6f42c1;margin-bottom: 10px\">\ud83d\udc65 Communaut\u00e9 et Experts<\/h3>\n<p>Pour rejoindre des communaut\u00e9s de slam et \u00e9changer des exp\u00e9riences :<\/p>\n<ul>\n<li>Participez \u00e0 des ateliers et \u00e9v\u00e9nements organis\u00e9s par les \u00e9coles mentionn\u00e9es ci-dessus.<\/li>\n<li>Rejoignez des forums en ligne pour partager vos textes et obtenir des retours constructifs.<\/li>\n<\/ul>\n<\/div>\n<div style=\"background: #fff3cd;padding: 15px;margin: 15px 0;border: 2px solid #ffc107;border-radius: 5px\">\n<strong style=\"color: #856404\">\ud83d\udca1 R\u00e9sum\u00e9 en 2 lignes :<\/strong><br \/>\n<span>Le slam \u00e0 Paris se d\u00e9veloppe \u00e0 travers diverses formations en BTS SIO SLAM, offrant des opportunit\u00e9s d&rsquo;apprentissage et de performance. Les \u00e9tudiants peuvent acc\u00e9der \u00e0 des outils num\u00e9riques et rejoindre des communaut\u00e9s pour enrichir leur exp\u00e9rience artistique.<\/span>\n<\/div>\n<\/div>\n","protected":false},"excerpt":{"rendered":"","protected":false},"author":34,"featured_media":7715,"comment_status":"open","ping_status":"open","sticky":false,"template":"","format":"standard","meta":{"_acf_changed":false,"manual_indexmenow":false,"indexmenow_id_project":0,"footnotes":""},"categories":[4520],"tags":[4676,4530,4526],"class_list":["post-7713","post","type-post","status-publish","format-standard","has-post-thumbnail","hentry","category-actualites-du-slam","tag-art-oratoire","tag-poesie-urbaine","tag-slam","generate-columns","tablet-grid-50","mobile-grid-100","grid-parent","grid-25"],"acf":[],"yoast_head":"<!-- This site is optimized with the Yoast SEO Premium plugin v21.3 (Yoast SEO v26.5) - https:\/\/yoast.com\/wordpress\/plugins\/seo\/ -->\n<title>Le slam : origine, \u00e9volution et po\u00e9sie urbaine<\/title>\n<meta name=\"description\" content=\"Le point de d\u00e9part le plus souvent cit\u00e9 par les historiens du genre se situe en 1986, au Get Me High Lounge de Chicago, un bar de quartier o\u00f9 Marc Kelly\" \/>\n<meta name=\"robots\" content=\"index, follow, max-snippet:-1, max-image-preview:large, max-video-preview:-1\" \/>\n<link rel=\"canonical\" href=\"https:\/\/slams.fr\/blog\/actualites-du-slam\/le-slam-origine-evolution-et-caracteristiques-de-lart-de-la-poesie-urbaine\/\" \/>\n<meta property=\"og:locale\" content=\"fr_FR\" \/>\n<meta property=\"og:type\" content=\"article\" \/>\n<meta property=\"og:title\" content=\"Le slam : origine, \u00e9volution et po\u00e9sie urbaine\" \/>\n<meta property=\"og:description\" content=\"Le point de d\u00e9part le plus souvent cit\u00e9 par les historiens du genre se situe en 1986, au Get Me High Lounge de Chicago, un bar de quartier o\u00f9 Marc Kelly\" \/>\n<meta property=\"og:url\" content=\"https:\/\/slams.fr\/blog\/actualites-du-slam\/le-slam-origine-evolution-et-caracteristiques-de-lart-de-la-poesie-urbaine\/\" \/>\n<meta property=\"og:site_name\" content=\"slams\" \/>\n<meta property=\"og:image\" content=\"https:\/\/slams.fr\/blog\/wp-content\/uploads\/2025\/12\/pag-image-693be67859415-scaled.png\" \/>\n\t<meta property=\"og:image:width\" content=\"1200\" \/>\n\t<meta property=\"og:image:height\" content=\"686\" \/>\n\t<meta property=\"og:image:type\" content=\"image\/png\" \/>\n<meta name=\"author\" content=\"Rapha\u00ebl D.\" \/>\n<meta name=\"twitter:card\" content=\"summary_large_image\" \/>\n<script type=\"application\/ld+json\" class=\"yoast-schema-graph\">{\"@context\":\"https:\/\/schema.org\",\"@graph\":[{\"@type\":\"NewsArticle\",\"@id\":\"https:\/\/slams.fr\/blog\/actualites-du-slam\/le-slam-origine-evolution-et-caracteristiques-de-lart-de-la-poesie-urbaine\/#article\",\"isPartOf\":{\"@id\":\"https:\/\/slams.fr\/blog\/actualites-du-slam\/le-slam-origine-evolution-et-caracteristiques-de-lart-de-la-poesie-urbaine\/\"},\"author\":{\"name\":\"Rapha\u00ebl D.\",\"@id\":\"https:\/\/slams.fr\/blog\/#\/schema\/person\/3c864cdc320801e3db34b663e7e3f816\"},\"headline\":\"Le slam : origine, \u00e9volution et caract\u00e9ristiques de l\u2019art de la po\u00e9sie urbaine\",\"datePublished\":\"2026-02-12T08:43:00+00:00\",\"mainEntityOfPage\":{\"@id\":\"https:\/\/slams.fr\/blog\/actualites-du-slam\/le-slam-origine-evolution-et-caracteristiques-de-lart-de-la-poesie-urbaine\/\"},\"wordCount\":3162,\"commentCount\":0,\"publisher\":{\"@id\":\"https:\/\/slams.fr\/blog\/#organization\"},\"image\":{\"@id\":\"https:\/\/slams.fr\/blog\/actualites-du-slam\/le-slam-origine-evolution-et-caracteristiques-de-lart-de-la-poesie-urbaine\/#primaryimage\"},\"thumbnailUrl\":\"https:\/\/slams.fr\/blog\/wp-content\/uploads\/2025\/12\/pag-image-693be67859415-scaled.png\",\"keywords\":[\"art oratoire\",\"Po\u00e9sie Urbaine\",\"Slam\"],\"articleSection\":[\"Actualit\u00e9s du Slam\"],\"inLanguage\":\"fr-FR\",\"potentialAction\":[{\"@type\":\"CommentAction\",\"name\":\"Comment\",\"target\":[\"https:\/\/slams.fr\/blog\/actualites-du-slam\/le-slam-origine-evolution-et-caracteristiques-de-lart-de-la-poesie-urbaine\/#respond\"]}]},{\"@type\":\"WebPage\",\"@id\":\"https:\/\/slams.fr\/blog\/actualites-du-slam\/le-slam-origine-evolution-et-caracteristiques-de-lart-de-la-poesie-urbaine\/\",\"url\":\"https:\/\/slams.fr\/blog\/actualites-du-slam\/le-slam-origine-evolution-et-caracteristiques-de-lart-de-la-poesie-urbaine\/\",\"name\":\"Le slam : origine, \u00e9volution et po\u00e9sie urbaine\",\"isPartOf\":{\"@id\":\"https:\/\/slams.fr\/blog\/#website\"},\"primaryImageOfPage\":{\"@id\":\"https:\/\/slams.fr\/blog\/actualites-du-slam\/le-slam-origine-evolution-et-caracteristiques-de-lart-de-la-poesie-urbaine\/#primaryimage\"},\"image\":{\"@id\":\"https:\/\/slams.fr\/blog\/actualites-du-slam\/le-slam-origine-evolution-et-caracteristiques-de-lart-de-la-poesie-urbaine\/#primaryimage\"},\"thumbnailUrl\":\"https:\/\/slams.fr\/blog\/wp-content\/uploads\/2025\/12\/pag-image-693be67859415-scaled.png\",\"datePublished\":\"2026-02-12T08:43:00+00:00\",\"description\":\"Le point de d\u00e9part le plus souvent cit\u00e9 par les historiens du genre se situe en 1986, au Get Me High Lounge de Chicago, un bar de quartier o\u00f9 Marc Kelly\",\"inLanguage\":\"fr-FR\",\"potentialAction\":[{\"@type\":\"ReadAction\",\"target\":[\"https:\/\/slams.fr\/blog\/actualites-du-slam\/le-slam-origine-evolution-et-caracteristiques-de-lart-de-la-poesie-urbaine\/\"]}]},{\"@type\":\"ImageObject\",\"inLanguage\":\"fr-FR\",\"@id\":\"https:\/\/slams.fr\/blog\/actualites-du-slam\/le-slam-origine-evolution-et-caracteristiques-de-lart-de-la-poesie-urbaine\/#primaryimage\",\"url\":\"https:\/\/slams.fr\/blog\/wp-content\/uploads\/2025\/12\/pag-image-693be67859415-scaled.png\",\"contentUrl\":\"https:\/\/slams.fr\/blog\/wp-content\/uploads\/2025\/12\/pag-image-693be67859415-scaled.png\",\"width\":1200,\"height\":686,\"caption\":\"Image g\u00e9n\u00e9r\u00e9e par IA optimis\u00e9e pour Google Discover\"},{\"@type\":\"WebSite\",\"@id\":\"https:\/\/slams.fr\/blog\/#website\",\"url\":\"https:\/\/slams.fr\/blog\/\",\"name\":\"slams.fr\",\"description\":\"Slams, l&#039;\u00e9nergie des mots en action\",\"publisher\":{\"@id\":\"https:\/\/slams.fr\/blog\/#organization\"},\"alternateName\":\"Slams, l'\u00e9nergie des mots en action\",\"potentialAction\":[{\"@type\":\"SearchAction\",\"target\":{\"@type\":\"EntryPoint\",\"urlTemplate\":\"https:\/\/slams.fr\/blog\/?s={search_term_string}\"},\"query-input\":{\"@type\":\"PropertyValueSpecification\",\"valueRequired\":true,\"valueName\":\"search_term_string\"}}],\"inLanguage\":\"fr-FR\"},{\"@type\":\"Organization\",\"@id\":\"https:\/\/slams.fr\/blog\/#organization\",\"name\":\"Foretsensations.fr\",\"url\":\"https:\/\/slams.fr\/blog\/\",\"logo\":{\"@type\":\"ImageObject\",\"inLanguage\":\"fr-FR\",\"@id\":\"https:\/\/slams.fr\/blog\/#\/schema\/logo\/image\/\",\"url\":\"https:\/\/slams.fr\/blog\/wp-content\/uploads\/2026\/07\/logo-auto-1.png\",\"contentUrl\":\"https:\/\/slams.fr\/blog\/wp-content\/uploads\/2026\/07\/logo-auto-1.png\",\"width\":1024,\"height\":1024,\"caption\":\"Foretsensations.fr\"},\"image\":{\"@id\":\"https:\/\/slams.fr\/blog\/#\/schema\/logo\/image\/\"}},{\"@type\":\"Person\",\"@id\":\"https:\/\/slams.fr\/blog\/#\/schema\/person\/3c864cdc320801e3db34b663e7e3f816\",\"name\":\"Rapha\u00ebl D.\",\"image\":{\"@type\":\"ImageObject\",\"inLanguage\":\"fr-FR\",\"@id\":\"https:\/\/slams.fr\/blog\/#\/schema\/person\/image\/\",\"url\":\"https:\/\/slams.fr\/blog\/wp-content\/uploads\/2026\/06\/persona_raphael-d-96x96.jpg\",\"contentUrl\":\"https:\/\/slams.fr\/blog\/wp-content\/uploads\/2026\/06\/persona_raphael-d-96x96.jpg\",\"caption\":\"Rapha\u00ebl D.\"},\"description\":\"La culture est mon terrain de jeu depuis une dizaine d'ann\u00e9es : arts visuels, s\u00e9ries, cr\u00e9ation et tout ce qui nourrit l'imaginaire. J'\u00e9cris aussi bien sur l'actualit\u00e9 des \u0153uvres que sur les coulisses de la cr\u00e9ation, avec l'envie de relier l'amateur curieux \u00e0 des univers parfois jug\u00e9s intimidants. J'aime analyser une s\u00e9rie ou une d\u00e9marche artistique sans p\u00e9dantisme, replacer une \u0153uvre dans son contexte et donner des cl\u00e9s de lecture accessibles. Avant de publier, je v\u00e9rifie mes r\u00e9f\u00e9rences, je recoupe les sources et je distingue clairement le fait de mon interpr\u00e9tation subjective. Je crois qu'une critique vaut surtout par les arguments qu'elle expose, pas par la sentence qu'elle rend. Mon angle : transmettre l'envie de d\u00e9couvrir, de regarder autrement et de se forger son propre go\u00fbt. La culture n'appartient pas qu'aux initi\u00e9s, et c'est tout l'enjeu de mon \u00e9criture.\",\"url\":\"https:\/\/slams.fr\/blog\/auteur\/raphael-d\/\",\"jobTitle\":\"R\u00e9dacteur en chef \u00b7 Culture & Cr\u00e9ation\",\"knowsAbout\":[\"Culture\",\"Cr\u00e9ation\"],\"email\":\"raphael.d@a-l-asso-de-l-art.fr\"}]}<\/script>\n<!-- \/ Yoast SEO Premium plugin. -->","yoast_head_json":{"title":"Le slam : origine, \u00e9volution et po\u00e9sie urbaine","description":"Le point de d\u00e9part le plus souvent cit\u00e9 par les historiens du genre se situe en 1986, au Get Me High Lounge de Chicago, un bar de quartier o\u00f9 Marc Kelly","robots":{"index":"index","follow":"follow","max-snippet":"max-snippet:-1","max-image-preview":"max-image-preview:large","max-video-preview":"max-video-preview:-1"},"canonical":"https:\/\/slams.fr\/blog\/actualites-du-slam\/le-slam-origine-evolution-et-caracteristiques-de-lart-de-la-poesie-urbaine\/","og_locale":"fr_FR","og_type":"article","og_title":"Le slam : origine, \u00e9volution et po\u00e9sie urbaine","og_description":"Le point de d\u00e9part le plus souvent cit\u00e9 par les historiens du genre se situe en 1986, au Get Me High Lounge de Chicago, un bar de quartier o\u00f9 Marc Kelly","og_url":"https:\/\/slams.fr\/blog\/actualites-du-slam\/le-slam-origine-evolution-et-caracteristiques-de-lart-de-la-poesie-urbaine\/","og_site_name":"slams","og_image":[{"width":1200,"height":686,"url":"https:\/\/slams.fr\/blog\/wp-content\/uploads\/2025\/12\/pag-image-693be67859415-scaled.png","type":"image\/png"}],"author":"Rapha\u00ebl D.","twitter_card":"summary_large_image","schema":{"@context":"https:\/\/schema.org","@graph":[{"@type":"NewsArticle","@id":"https:\/\/slams.fr\/blog\/actualites-du-slam\/le-slam-origine-evolution-et-caracteristiques-de-lart-de-la-poesie-urbaine\/#article","isPartOf":{"@id":"https:\/\/slams.fr\/blog\/actualites-du-slam\/le-slam-origine-evolution-et-caracteristiques-de-lart-de-la-poesie-urbaine\/"},"author":{"name":"Rapha\u00ebl D.","@id":"https:\/\/slams.fr\/blog\/#\/schema\/person\/3c864cdc320801e3db34b663e7e3f816"},"headline":"Le slam : origine, \u00e9volution et caract\u00e9ristiques de l\u2019art de la po\u00e9sie urbaine","datePublished":"2026-02-12T08:43:00+00:00","mainEntityOfPage":{"@id":"https:\/\/slams.fr\/blog\/actualites-du-slam\/le-slam-origine-evolution-et-caracteristiques-de-lart-de-la-poesie-urbaine\/"},"wordCount":3162,"commentCount":0,"publisher":{"@id":"https:\/\/slams.fr\/blog\/#organization"},"image":{"@id":"https:\/\/slams.fr\/blog\/actualites-du-slam\/le-slam-origine-evolution-et-caracteristiques-de-lart-de-la-poesie-urbaine\/#primaryimage"},"thumbnailUrl":"https:\/\/slams.fr\/blog\/wp-content\/uploads\/2025\/12\/pag-image-693be67859415-scaled.png","keywords":["art oratoire","Po\u00e9sie Urbaine","Slam"],"articleSection":["Actualit\u00e9s du Slam"],"inLanguage":"fr-FR","potentialAction":[{"@type":"CommentAction","name":"Comment","target":["https:\/\/slams.fr\/blog\/actualites-du-slam\/le-slam-origine-evolution-et-caracteristiques-de-lart-de-la-poesie-urbaine\/#respond"]}]},{"@type":"WebPage","@id":"https:\/\/slams.fr\/blog\/actualites-du-slam\/le-slam-origine-evolution-et-caracteristiques-de-lart-de-la-poesie-urbaine\/","url":"https:\/\/slams.fr\/blog\/actualites-du-slam\/le-slam-origine-evolution-et-caracteristiques-de-lart-de-la-poesie-urbaine\/","name":"Le slam : origine, \u00e9volution et po\u00e9sie urbaine","isPartOf":{"@id":"https:\/\/slams.fr\/blog\/#website"},"primaryImageOfPage":{"@id":"https:\/\/slams.fr\/blog\/actualites-du-slam\/le-slam-origine-evolution-et-caracteristiques-de-lart-de-la-poesie-urbaine\/#primaryimage"},"image":{"@id":"https:\/\/slams.fr\/blog\/actualites-du-slam\/le-slam-origine-evolution-et-caracteristiques-de-lart-de-la-poesie-urbaine\/#primaryimage"},"thumbnailUrl":"https:\/\/slams.fr\/blog\/wp-content\/uploads\/2025\/12\/pag-image-693be67859415-scaled.png","datePublished":"2026-02-12T08:43:00+00:00","description":"Le point de d\u00e9part le plus souvent cit\u00e9 par les historiens du genre se situe en 1986, au Get Me High Lounge de Chicago, un bar de quartier o\u00f9 Marc Kelly","inLanguage":"fr-FR","potentialAction":[{"@type":"ReadAction","target":["https:\/\/slams.fr\/blog\/actualites-du-slam\/le-slam-origine-evolution-et-caracteristiques-de-lart-de-la-poesie-urbaine\/"]}]},{"@type":"ImageObject","inLanguage":"fr-FR","@id":"https:\/\/slams.fr\/blog\/actualites-du-slam\/le-slam-origine-evolution-et-caracteristiques-de-lart-de-la-poesie-urbaine\/#primaryimage","url":"https:\/\/slams.fr\/blog\/wp-content\/uploads\/2025\/12\/pag-image-693be67859415-scaled.png","contentUrl":"https:\/\/slams.fr\/blog\/wp-content\/uploads\/2025\/12\/pag-image-693be67859415-scaled.png","width":1200,"height":686,"caption":"Image g\u00e9n\u00e9r\u00e9e par IA optimis\u00e9e pour Google Discover"},{"@type":"WebSite","@id":"https:\/\/slams.fr\/blog\/#website","url":"https:\/\/slams.fr\/blog\/","name":"slams.fr","description":"Slams, l&#039;\u00e9nergie des mots en action","publisher":{"@id":"https:\/\/slams.fr\/blog\/#organization"},"alternateName":"Slams, l'\u00e9nergie des mots en action","potentialAction":[{"@type":"SearchAction","target":{"@type":"EntryPoint","urlTemplate":"https:\/\/slams.fr\/blog\/?s={search_term_string}"},"query-input":{"@type":"PropertyValueSpecification","valueRequired":true,"valueName":"search_term_string"}}],"inLanguage":"fr-FR"},{"@type":"Organization","@id":"https:\/\/slams.fr\/blog\/#organization","name":"Foretsensations.fr","url":"https:\/\/slams.fr\/blog\/","logo":{"@type":"ImageObject","inLanguage":"fr-FR","@id":"https:\/\/slams.fr\/blog\/#\/schema\/logo\/image\/","url":"https:\/\/slams.fr\/blog\/wp-content\/uploads\/2026\/07\/logo-auto-1.png","contentUrl":"https:\/\/slams.fr\/blog\/wp-content\/uploads\/2026\/07\/logo-auto-1.png","width":1024,"height":1024,"caption":"Foretsensations.fr"},"image":{"@id":"https:\/\/slams.fr\/blog\/#\/schema\/logo\/image\/"}},{"@type":"Person","@id":"https:\/\/slams.fr\/blog\/#\/schema\/person\/3c864cdc320801e3db34b663e7e3f816","name":"Rapha\u00ebl D.","image":{"@type":"ImageObject","inLanguage":"fr-FR","@id":"https:\/\/slams.fr\/blog\/#\/schema\/person\/image\/","url":"https:\/\/slams.fr\/blog\/wp-content\/uploads\/2026\/06\/persona_raphael-d-96x96.jpg","contentUrl":"https:\/\/slams.fr\/blog\/wp-content\/uploads\/2026\/06\/persona_raphael-d-96x96.jpg","caption":"Rapha\u00ebl D."},"description":"La culture est mon terrain de jeu depuis une dizaine d'ann\u00e9es : arts visuels, s\u00e9ries, cr\u00e9ation et tout ce qui nourrit l'imaginaire. J'\u00e9cris aussi bien sur l'actualit\u00e9 des \u0153uvres que sur les coulisses de la cr\u00e9ation, avec l'envie de relier l'amateur curieux \u00e0 des univers parfois jug\u00e9s intimidants. J'aime analyser une s\u00e9rie ou une d\u00e9marche artistique sans p\u00e9dantisme, replacer une \u0153uvre dans son contexte et donner des cl\u00e9s de lecture accessibles. Avant de publier, je v\u00e9rifie mes r\u00e9f\u00e9rences, je recoupe les sources et je distingue clairement le fait de mon interpr\u00e9tation subjective. Je crois qu'une critique vaut surtout par les arguments qu'elle expose, pas par la sentence qu'elle rend. Mon angle : transmettre l'envie de d\u00e9couvrir, de regarder autrement et de se forger son propre go\u00fbt. La culture n'appartient pas qu'aux initi\u00e9s, et c'est tout l'enjeu de mon \u00e9criture.","url":"https:\/\/slams.fr\/blog\/auteur\/raphael-d\/","jobTitle":"R\u00e9dacteur en chef \u00b7 Culture & Cr\u00e9ation","knowsAbout":["Culture","Cr\u00e9ation"],"email":"raphael.d@a-l-asso-de-l-art.fr"}]}},"_links":{"self":[{"href":"https:\/\/slams.fr\/blog\/wp-json\/wp\/v2\/posts\/7713","targetHints":{"allow":["GET"]}}],"collection":[{"href":"https:\/\/slams.fr\/blog\/wp-json\/wp\/v2\/posts"}],"about":[{"href":"https:\/\/slams.fr\/blog\/wp-json\/wp\/v2\/types\/post"}],"author":[{"embeddable":true,"href":"https:\/\/slams.fr\/blog\/wp-json\/wp\/v2\/users\/34"}],"replies":[{"embeddable":true,"href":"https:\/\/slams.fr\/blog\/wp-json\/wp\/v2\/comments?post=7713"}],"version-history":[{"count":1,"href":"https:\/\/slams.fr\/blog\/wp-json\/wp\/v2\/posts\/7713\/revisions"}],"predecessor-version":[{"id":7768,"href":"https:\/\/slams.fr\/blog\/wp-json\/wp\/v2\/posts\/7713\/revisions\/7768"}],"wp:featuredmedia":[{"embeddable":true,"href":"https:\/\/slams.fr\/blog\/wp-json\/wp\/v2\/media\/7715"}],"wp:attachment":[{"href":"https:\/\/slams.fr\/blog\/wp-json\/wp\/v2\/media?parent=7713"}],"wp:term":[{"taxonomy":"category","embeddable":true,"href":"https:\/\/slams.fr\/blog\/wp-json\/wp\/v2\/categories?post=7713"},{"taxonomy":"post_tag","embeddable":true,"href":"https:\/\/slams.fr\/blog\/wp-json\/wp\/v2\/tags?post=7713"}],"curies":[{"name":"wp","href":"https:\/\/api.w.org\/{rel}","templated":true}]}}