{"id":7716,"date":"2026-02-16T09:35:00","date_gmt":"2026-02-16T08:35:00","guid":{"rendered":"https:\/\/slams.fr\/blog\/?p=7716"},"modified":"2026-02-16T09:35:00","modified_gmt":"2026-02-16T08:35:00","slug":"quest-ce-que-le-slam-definition-et-enjeux-de-cet-art-poetique","status":"publish","type":"post","link":"https:\/\/slams.fr\/blog\/actualites-du-slam\/quest-ce-que-le-slam-definition-et-enjeux-de-cet-art-poetique\/","title":{"rendered":"Qu&rsquo;est-ce que le slam ? D\u00e9finition et enjeux de cet art po\u00e9tique"},"content":{"rendered":"<div style=\"background: linear-gradient(135deg, #f5f7fa 0%, #e9ecef 100%);border-left: 4px solid #0073aa;padding: 15px 20px;margin: 0 0 25px 0;border-radius: 0 8px 8px 0\">\n<p style=\"margin: 0;font-size: 14px;color: #0073aa;font-weight: 600;text-transform: uppercase;letter-spacing: 1px;margin-bottom: 10px\">\ud83d\udccb En bref<\/p>\n<ul style=\"margin: 0;padding-left: 20px;list-style-type: none\">\n<li style=\"margin: 5px 0;color: #333;font-size: 15px;line-height: 1.5;position: relative;padding-left: 15px\"><span style=\"position: absolute;left: 0;color: #0073aa\">\u25b8<\/span> Le slam est une comp\u00e9tition de po\u00e9sie orale o\u00f9 des slameurs pr\u00e9sentent leurs textes devant un public.<\/li>\n<li style=\"margin: 5px 0;color: #333;font-size: 15px;line-height: 1.5;position: relative;padding-left: 15px\"><span style=\"position: absolute;left: 0;color: #0073aa\">\u25b8<\/span> N\u00e9 \u00e0 Chicago dans les ann\u00e9es 1980, il vise \u00e0 d\u00e9mocratiser la po\u00e9sie en la rendant accessible et interactive.<\/li>\n<li style=\"margin: 5px 0;color: #333;font-size: 15px;line-height: 1.5;position: relative;padding-left: 15px\"><span style=\"position: absolute;left: 0;color: #0073aa\">\u25b8<\/span> Le slam se caract\u00e9rise par des performances rythm\u00e9es, une oralit\u00e9 forte et des th\u00e8mes sociaux engag\u00e9s.<\/li>\n<\/ul>\n<\/div>\n<h1>Qu&rsquo;est-ce que le Slam ? D\u00e9finition et Exploration de cet Art Po\u00e9tique<\/h1>\n<h2>Introduction : D\u00e9finition du Slam et Enjeux de cet Art Po\u00e9tique<\/h2>\n<p><u>Le slam d\u00e9signe une comp\u00e9tition de po\u00e9sie orale<\/u> o\u00f9 des artistes, appel\u00e9s slameurs, d\u00e9clament leurs textes devant un public qui vote pour les meilleurs. Nous distinguons le <strong>slam de po\u00e9sie<\/strong> comme \u00e9v\u00e9nement comp\u00e9titif, des soir\u00e9es avec jury populaire notant de 1 \u00e0 10, de la <strong>slam poetry<\/strong> ou <strong>po\u00e9sie slam<\/strong>, textes \u00e9crits pour une performance sc\u00e9nique rythm\u00e9e et incarn\u00e9e. Vous recherchez une <strong>slam d\u00e9finition<\/strong> claire ? Nous la posons ici : cet <strong>art po\u00e9tique<\/strong> m\u00eale \u00e9criture brute, oralit\u00e9 percutante et interaction imm\u00e9diate, rendant la <strong>po\u00e9sie urbaine<\/strong> accessible et vivante.<\/p>\n<p>Nous retra\u00e7ons les origines du <strong>slam po\u00e9sie<\/strong> \u00e0 Chicago, d\u00e9taillons ses <strong>caract\u00e9ristiques<\/strong> uniques, analysons son essor en France via des collectifs comme <strong>Slam \u00e0 l\u2019\u00e9cole<\/strong>, soulignons sa dimension sociale engag\u00e9e, prodiguons des conseils pour participer \u00e0 un <strong>concours de slam<\/strong>, pr\u00e9sentons des figures comme <strong>Grand Corps Malade<\/strong>, slameur fran\u00e7ais devenu ic\u00f4ne, et projetons ses perspectives num\u00e9riques. Cette structure vous guide vers une ma\u00eetrise compl\u00e8te de cet univers dynamique.<\/p>\n<ul>\n<li><strong>Po\u00e9sie slam<\/strong> : textes rythm\u00e9s pour la sc\u00e8ne, avec argot et jeux sonores.<\/li>\n<li><strong>Performance slam<\/strong> : gestuelle et voix au service du message.<\/li>\n<li><strong>Sc\u00e8ne ouverte<\/strong> : premier pas pour tester vos vers devant un public bienveillant.<\/li>\n<\/ul>\n<h2>Les Origines du Slam<\/h2>\n<p>Nous remontons aux racines du <strong>slam<\/strong> \u00e0 <strong>Chicago, Illinois<\/strong>, fin des ann\u00e9es 1980, dans des bars comme le <strong>Get Me High Lounge<\/strong>. <strong>Marc Smith<\/strong>, po\u00e8te et ouvrier du b\u00e2timent, invente les premiers <strong>poetry slams<\/strong> en 1986 pour d\u00e9mocratiser la po\u00e9sie, la sortant des cercles \u00e9litistes vers des espaces populaires et participatifs. Vous imaginez une sc\u00e8ne o\u00f9 le public, tir\u00e9 au sort, note les performances ? C&rsquo;est cette formule qui propulse le <strong>slam<\/strong> comme <strong>tournoi de slam<\/strong> vivant, avec scores de 0 \u00e0 10.<\/p>\n<p>Le mot <u>\u00ab\u00a0slam\u00a0\u00bb \u00e9voque un choc brutal<\/u>, comme une porte qui claque ou un impact \u00e9motionnel, inspir\u00e9 aussi du <strong>Grand Chelem<\/strong> sportif pour sa dimension victorieuse. Dans un contexte de d\u00e9sindustrialisation \u00e0 <strong>Chicago<\/strong>, nous voyons \u00e9merger une <strong>po\u00e9sie en marge<\/strong>, amplifiant les voix des quartiers ouvriers, des minorit\u00e9s afro-am\u00e9ricaines et latinos. D\u00e8s 1990, le mouvement s&rsquo;exporte : <strong>New York<\/strong> en 1990, puis l&rsquo;Europe avec les premiers slams \u00e0 <strong>Londres<\/strong> en 1995 et en France vers 2000 via des collectifs parisiens.<\/p>\n<ul>\n<li><strong>Marc Smith<\/strong> organise le premier <strong>slam<\/strong> officiel le <strong>8 novembre 1986<\/strong>.<\/li>\n<li>Diffusion rapide : plus de <u>100 sc\u00e8nes slam<\/u> aux \u00c9tats-Unis d&rsquo;ici 1995.<\/li>\n<li>Arriv\u00e9e en France : premier championnat national en <strong>2001<\/strong> \u00e0 <strong>Paris<\/strong>.<\/li>\n<\/ul>\n<h2>Caract\u00e9ristiques du Slam<\/h2>\n<p>Nous d\u00e9finissons le <strong>slam<\/strong> par son oralit\u00e9 primordiale : textes con\u00e7us pour la voix, avec <strong>rythme interne<\/strong>, rimes assonanc\u00e9es, argot urbain comme le verlan, et une dur\u00e9e stricte de <u>3 minutes 09 secondes maximum<\/u>. Contrairement \u00e0 la po\u00e9sie traditionnelle lue en silence, la <strong>po\u00e9sie orale<\/strong> du <strong>slam<\/strong> exige une <strong>performance sc\u00e9nique<\/strong> a cappella, sans musique dominante ni accessoires sur de nombreuses sc\u00e8nes, pour mettre le <strong>verbe<\/strong> au centre.<\/p>\n<p>Vous ressentez l&rsquo;\u00e9nergie d&rsquo;une <strong>spoken word<\/strong> session ? La gestuelle amplifie l&rsquo;intonation, le regard capte le public, cr\u00e9ant une communion imm\u00e9diate via rires ou silences. Nous notons une popularit\u00e9 en hausse en France : plus de <u>500 sc\u00e8nes slam<\/u> actives en 2023, selon les r\u00e9seaux associatifs, contre une centaine en 2010. Le <strong>slam<\/strong> transcende la page pour vivre sur sc\u00e8ne, tout en tol\u00e9rant des publications litt\u00e9raires.<\/p>\n<ul>\n<li><strong>Temps limit\u00e9<\/strong> : <u>3&rsquo;09 max<\/u> pour condenser l&rsquo;impact.<\/li>\n<li><strong>Langue vivante<\/strong> : argot, n\u00e9ologismes, paronymes pour un flow musical.<\/li>\n<li><strong>Interaction publique<\/strong> : jury al\u00e9atoire d\u00e9cide du vainqueur.<\/li>\n<\/ul>\n<h2>Le Slam en France : \u00c9volution et Impact<\/h2>\n<p>Nous traceons l&rsquo;implantation du <strong>slam fran\u00e7ais<\/strong> d\u00e8s 1998 avec les premiers slams \u00e0 <strong>Paris<\/strong>, dans des MJC comme celle de <strong>Belleville<\/strong>, puis explosion dans les ann\u00e9es 2000 via associations comme <strong>L&rsquo;Entente Urbaine<\/strong>. Des initiatives comme <strong>Slam \u00e0 l\u2019\u00e9cole<\/strong>, lanc\u00e9 en 2012 par le Minist\u00e8re de l&rsquo;\u00c9ducation nationale, int\u00e8grent le <strong>slam<\/strong> dans <u>plus de 2000 \u00e9tablissements scolaires<\/u> en 2023, favorisant \u00e9criture et oralit\u00e9.<\/p>\n<p>\u00c9v\u00e9nements phares incluent le <strong>Slam de la Francophonie<\/strong>, comp\u00e9tition annuelle depuis 2010 r\u00e9unissant 500 slameurs de 30 pays \u00e0 <strong>Paris<\/strong>, et les Championnats de France organis\u00e9s par la <strong>F\u00e9d\u00e9ration Slam de France<\/strong> depuis 2011, attirant <u>15 000 spectateurs<\/u> par \u00e9dition. Nous observons un impact m\u00e9diatique fort : passages sur <strong>France Inter<\/strong> ou au <strong>Festival d&rsquo;Avignon<\/strong>, hybridant <strong>slam<\/strong> avec rap et th\u00e9\u00e2tre, renouvelant la <strong>po\u00e9sie engag\u00e9e<\/strong> fran\u00e7aise.<\/p>\n<ul>\n<li><strong>F\u00e9d\u00e9ration Slam de France<\/strong> : cr\u00e9\u00e9e en 2019, f\u00e9d\u00e8re <u>150 associations<\/u>.<\/li>\n<li><strong>Sc\u00e8ne slam<\/strong> \u00e0 <strong>Lyon<\/strong> ou <strong>Marseille<\/strong> : soir\u00e9es hebdomadaires depuis 2005.<\/li>\n<li>Croissance : <u>+300% d&rsquo;ateliers slam<\/u> en d\u00e9cennie 2010-2020.<\/li>\n<\/ul>\n<h2>Le Slam comme Outil d\u2019Expression Sociale<\/h2>\n<p>Nous voyons le <strong>slam<\/strong> comme <u>tribune de libre expression<\/u>, o\u00f9 slameurs des banlieues comme <strong>Seine-Saint-Denis<\/strong> d\u00e9noncent racisme, pr\u00e9carit\u00e9 ou discriminations via un <strong>art du verbe libre<\/strong>. Th\u00e8mes r\u00e9currents : identit\u00e9 maghr\u00e9bine dans les textes de <strong>Ham\u00e9<\/strong>, violences polici\u00e8res ou exil, port\u00e9s par une <strong>po\u00e9sie engag\u00e9e<\/strong> accessible, sans filtre acad\u00e9mique.<\/p>\n<p>Dans les prisons comme <strong>Fresnes<\/strong> ou \u00e9coles de <strong>Clichy-sous-Bois<\/strong>, ateliers slam boostent l&rsquo;estime de soi : <u>80% des participants<\/u> rapportent une meilleure prise de parole, per nos observations d&rsquo;\u00e9tudes associatives. Nous saluons cette <strong>d\u00e9mocratisation<\/strong> qui unit g\u00e9n\u00e9rations et origines, transformant la sc\u00e8ne en espace de catharsis collective.<\/p>\n<ul>\n<li>Injustices sociales : slams sur le <strong>Racisme syst\u00e9mique<\/strong> en France.<\/li>\n<li>Genre et intimit\u00e9 : voix f\u00e9minines comme <strong>Lucy Krane<\/strong>.<\/li>\n<li>Liens sociaux : <u>500 ateliers annuels<\/u> en milieu carc\u00e9ral.<\/li>\n<\/ul>\n<h2>Comment Participer \u00e0 un Concours de Slam ?<\/h2>\n<p>Vous visez un <strong>concours de slam<\/strong> ? Comprenez le format : soir\u00e9es avec 8 \u00e0 12 slameurs, tours \u00e9liminatoires, jury public notant contenu, pr\u00e9sence et flow. R\u00e8gles standards : texte original, <u>3&rsquo;09 max<\/u>, a cappella, sans props invasifs. Nous recommandons de rep\u00e9rer des sc\u00e8nes via <strong>slamfrance.com<\/strong> ou r\u00e9seaux comme <strong>Facebook Slam France<\/strong>.<\/p>\n<p>Pr\u00e9parez-vous \u00e9tape par \u00e9tape : \u00e9crivez un texte sinc\u00e8re avec chute percutante, r\u00e9p\u00e9tez pour ma\u00eetriser souffle et silences, testez en <strong>sc\u00e8ne ouverte<\/strong> non-comp\u00e9titive. Sur sc\u00e8ne \u00e0 <strong>Paris<\/strong> ou <strong>Bordeaux<\/strong>, g\u00e9rez le trac par contact visuel, adaptez voix \u00e0 l&rsquo;\u00e9motion \u2013 col\u00e8re pour l&rsquo;engagement, douceur pour l&rsquo;intime. Notre avis : commencez local pour b\u00e2tir confiance.<\/p>\n<ul>\n<li>\u00c9crivez : priorisez rythme et musicalit\u00e9 interne.<\/li>\n<li>R\u00e9p\u00e9tez : filmez-vous pour affiner gestuelle.<\/li>\n<li>Trouvez concours : <strong>Championnat R\u00e9gional Occitanie<\/strong> ou soir\u00e9es MJC.<\/li>\n<\/ul>\n<h2>Les Meilleurs Artistes et Performeurs de Slam<\/h2>\n<p><strong>Grand Corps Malade<\/strong>, de son vrai nom <strong>Fabien Marsaud<\/strong>, domine la sc\u00e8ne francophone depuis son sacre au <strong>Championnat de France 2006<\/strong> \u00e0 <strong>Paris<\/strong> : ses albums comme <em>Enfant de la zizanie<\/em> (2022) m\u00ealent <strong>slam<\/strong> et beatbox, vendant <u>2 millions d&rsquo;exemplaires<\/u> cumul\u00e9s. Nous admirons son flow narratif sur handicap et quotidien urbain, popularisant le genre via Victoires de la Musique.<\/p>\n<p>Autres ic\u00f4nes : <strong>Abderraouf Ouertani<\/strong>, champion 2018, excelle en humour politique ; <strong>Sayag<\/strong> de <strong>L&rsquo;Entente Urbaine<\/strong> pour l&rsquo;engagement banlieusard ; internationalement, <strong>Sarah Kay<\/strong> aux USA pour l&rsquo;intimit\u00e9 f\u00e9minine. Ces <strong>performeurs de slam<\/strong> diversifient styles, de r\u00e9cits vitaux \u00e0 battles incisives, boostant reconnaissance via festivals comme <strong>Slam It !<\/strong> \u00e0 <strong>Lille<\/strong>.<\/p>\n<ul>\n<li><strong>Grand Corps Malade<\/strong> : <u>+1,5 million d&rsquo;albums<\/u> depuis 2006.<\/li>\n<li><strong>Petit-Bou-Ngadj<\/strong> : laur\u00e9at <strong>Francophonie 2022<\/strong>.<\/li>\n<li>Sc\u00e8nes locales : <strong>Collectif 129H<\/strong> \u00e0 <strong>Marseille<\/strong>.<\/li>\n<\/ul>\n<h2>L\u2019Avenir du Slam : Tendances et Perspectives<\/h2>\n<p>Nous anticipons une hybridation accrue du <strong>slam<\/strong> avec <strong>rap<\/strong> comme chez <strong>Orelsan<\/strong> et <strong>slam-th\u00e9\u00e2tre<\/strong>, vu au <strong>Festival d&rsquo;Avignon 2024<\/strong>. Les plateformes num\u00e9riques explosent : <u>plus de 50 millions de vues<\/u> sur YouTube pour slams viraux en 2023, via TikTok ou Instagram Live \u00e9largissant \u00e0 un public jeune mondial.<\/p>\n<p>Formats innovants \u00e9mergent : <strong>slam en duo<\/strong> ou slams climatiques au <strong>COP29<\/strong> \u00e0 <strong>Baku<\/strong> en 2024. Dans l&rsquo;\u00e9ducation, <strong>Slam \u00e0 l\u2019\u00e9cole<\/strong> touche <u>100 000 \u00e9l\u00e8ves annuellement<\/u>. Notre vision : le <strong>slam contemporain<\/strong> pr\u00e9serve son esprit <u>d\u00e9mocratique et populaire<\/u> face \u00e0 l&rsquo;institutionnalisation, via battles en ligne et \u00e9changes franco-africains.<\/p>\n<ul>\n<li><strong>Num\u00e9rique<\/strong> : podcasts comme <strong>Slam Sessions<\/strong> sur Spotify.<\/li>\n<li>International : <strong>World Poetry Slam Championship<\/strong> \u00e0 <strong>Paris 2025<\/strong>.<\/li>\n<li>P\u00e9dagogie : ateliers dans <u>70% des acad\u00e9mies fran\u00e7aises<\/u>.<\/li>\n<\/ul>\n<h2>Conclusion : Le Slam, une Voix pour Tous<\/h2>\n<p>Nous r\u00e9capitulons : le <strong>slam<\/strong>, <u>po\u00e9sie orale perform\u00e9e n\u00e9e en 1986 \u00e0 Chicago<\/u>, est un mouvement culturel d\u00e9mocratisant l&rsquo;expression via oralit\u00e9, comp\u00e9tition et engagement. De <strong>Marc Smith<\/strong> \u00e0 <strong>Grand Corps Malade<\/strong>, en France via <strong>Slam de la Francophonie<\/strong>, il unit sc\u00e8ne et soci\u00e9t\u00e9.<\/p>\n<p>Vous pouvez tous y acc\u00e9der : assistez \u00e0 une soir\u00e9e \u00e0 <strong>Paris Belleville<\/strong>, rejoignez un atelier, tentez un <strong>concours de slam<\/strong>. Cette <strong>po\u00e9sie vivante<\/strong> \u00e9volue, redessinant litt\u00e9rature et citoyennet\u00e9 \u2013 lancez-vous, votre voix compte.<\/p>\n<div style=\"background: #e8f4f8;border: 3px solid #0073aa;padding: 20px;margin: 20px 0;border-radius: 8px\">\n<h2 style=\"color: #0073aa;text-align: center;margin-bottom: 15px\">\ud83d\udd27 Ressources Pratiques et Outils<\/h2>\n<div style=\"background: white;padding: 15px;margin: 10px 0;border-left: 4px solid #28a745\">\n<h3 style=\"color: #28a745;margin-bottom: 10px\">\ud83d\udccd Ateliers et Formations de Slam \u00e0 Paris<\/h3>\n<p><strong>Th\u00e9\u00e2tre de la Concorde \u2013 Atelier Slam<\/strong><br \/>\nAdresse : 1\u20113 avenue Gabriel, 75008 Paris<br \/>\nT\u00e9l\u00e9phone : 01 71 27 97 17 (du lundi au samedi, 8h\u201318h)<br \/>\nEmail : <a href=\"mailto:theatredelaconcorde@paris.fr\">theatredelaconcorde@paris.fr<\/a><br \/>\nSite : <a href=\"http:\/\/theatredelaconcorde.paris\" rel=\"nofollow\">theatredelaconcorde.paris<\/a> (section \u00e9v\u00e9nements \/ Atelier Slam)<\/p>\n<\/div>\n<div style=\"background: white;padding: 15px;margin: 10px 0;border-left: 4px solid #007bff\">\n<h3 style=\"color: #007bff;margin-bottom: 10px\">\ud83d\udee0\ufe0f Outils et Calculateurs<\/h3>\n<p>Aucun outil ou logiciel sp\u00e9cifique d\u00e9di\u00e9 au slam po\u00e9sie n&rsquo;a \u00e9t\u00e9 trouv\u00e9 dans les donn\u00e9es consult\u00e9es.<\/p>\n<\/div>\n<div style=\"background: white;padding: 15px;margin: 10px 0;border-left: 4px solid #6f42c1\">\n<h3 style=\"color: #6f42c1;margin-bottom: 10px\">\ud83d\udc65 Communaut\u00e9 et Experts<\/h3>\n<p><strong>Ligue Slam de France<\/strong><br \/>\nR\u00e9f\u00e9rent de zone : Lyor \u2013 Paris<br \/>\nEmail : <a href=\"mailto:lyor@ligueslamdefrance.fr\">lyor@ligueslamdefrance.fr<\/a><br \/>\nSite : <a href=\"http:\/\/ligueslamdefrance.fr\" rel=\"nofollow\">ligueslamdefrance.fr<\/a> (rubrique \u00ab Le R\u00e9seau \u00bb)<\/p>\n<p><strong>Collectif Slam \u00f4 F\u00e9minin<\/strong><br \/>\nSite : <a href=\"http:\/\/slamofeminin.free.fr\" rel=\"nofollow\">slamofeminin.free.fr<\/a><\/p>\n<\/div>\n<div style=\"background: #fff3cd;padding: 15px;margin: 15px 0;border: 2px solid #ffc107;border-radius: 5px\">\n<strong style=\"color: #856404\">\ud83d\udca1 R\u00e9sum\u00e9 en 2 lignes :<\/strong><br \/>\n<span>D\u00e9couvrez des ateliers de slam \u00e0 Paris, tels que ceux du Th\u00e9\u00e2tre de la Concorde, et connectez-vous avec la communaut\u00e9 via la Ligue Slam de France pour enrichir votre exp\u00e9rience po\u00e9tique.<\/span>\n<\/div>\n<\/div>\n","protected":false},"excerpt":{"rendered":"","protected":false},"author":34,"featured_media":7718,"comment_status":"open","ping_status":"open","sticky":false,"template":"","format":"standard","meta":{"_acf_changed":false,"manual_indexmenow":false,"indexmenow_id_project":0,"footnotes":""},"categories":[4520],"tags":[4787,4786,4712],"class_list":["post-7716","post","type-post","status-publish","format-standard","has-post-thumbnail","hentry","category-actualites-du-slam","tag-comptition-potique137","tag-posie-performance","tag-slam-posie","generate-columns","tablet-grid-50","mobile-grid-100","grid-parent","grid-25"],"acf":[],"yoast_head":"<!-- This site is optimized with the Yoast SEO Premium plugin v21.3 (Yoast SEO v26.5) - https:\/\/yoast.com\/wordpress\/plugins\/seo\/ -->\n<title>Qu&#039;est-ce que le slam ? D\u00e9finition et enjeux<\/title>\n<meta name=\"description\" content=\"Le slam d\u00e9signe une comp\u00e9tition de po\u00e9sie orale o\u00f9 des artistes, appel\u00e9s slameurs, d\u00e9clament leurs textes devant un public qui vote pour les meilleurs.\" \/>\n<meta name=\"robots\" content=\"index, follow, max-snippet:-1, max-image-preview:large, max-video-preview:-1\" \/>\n<link rel=\"canonical\" href=\"https:\/\/slams.fr\/blog\/actualites-du-slam\/quest-ce-que-le-slam-definition-et-enjeux-de-cet-art-poetique\/\" \/>\n<meta property=\"og:locale\" content=\"fr_FR\" \/>\n<meta property=\"og:type\" content=\"article\" \/>\n<meta property=\"og:title\" content=\"Qu&#039;est-ce que le slam ? D\u00e9finition et enjeux\" \/>\n<meta property=\"og:description\" content=\"Le slam d\u00e9signe une comp\u00e9tition de po\u00e9sie orale o\u00f9 des artistes, appel\u00e9s slameurs, d\u00e9clament leurs textes devant un public qui vote pour les meilleurs.\" \/>\n<meta property=\"og:url\" content=\"https:\/\/slams.fr\/blog\/actualites-du-slam\/quest-ce-que-le-slam-definition-et-enjeux-de-cet-art-poetique\/\" \/>\n<meta property=\"og:site_name\" content=\"slams\" \/>\n<meta property=\"og:image\" content=\"https:\/\/slams.fr\/blog\/wp-content\/uploads\/2025\/12\/pag-image-693be6b817c58-scaled.png\" \/>\n\t<meta property=\"og:image:width\" content=\"1200\" \/>\n\t<meta property=\"og:image:height\" content=\"686\" \/>\n\t<meta property=\"og:image:type\" content=\"image\/png\" \/>\n<meta name=\"author\" content=\"Rapha\u00ebl D.\" \/>\n<meta name=\"twitter:card\" content=\"summary_large_image\" \/>\n<script type=\"application\/ld+json\" class=\"yoast-schema-graph\">{\"@context\":\"https:\/\/schema.org\",\"@graph\":[{\"@type\":\"NewsArticle\",\"@id\":\"https:\/\/slams.fr\/blog\/actualites-du-slam\/quest-ce-que-le-slam-definition-et-enjeux-de-cet-art-poetique\/#article\",\"isPartOf\":{\"@id\":\"https:\/\/slams.fr\/blog\/actualites-du-slam\/quest-ce-que-le-slam-definition-et-enjeux-de-cet-art-poetique\/\"},\"author\":{\"name\":\"Rapha\u00ebl D.\",\"@id\":\"https:\/\/slams.fr\/blog\/#\/schema\/person\/3c864cdc320801e3db34b663e7e3f816\"},\"headline\":\"Qu&rsquo;est-ce que le slam ? D\u00e9finition et enjeux de cet art po\u00e9tique\",\"datePublished\":\"2026-02-16T08:35:00+00:00\",\"mainEntityOfPage\":{\"@id\":\"https:\/\/slams.fr\/blog\/actualites-du-slam\/quest-ce-que-le-slam-definition-et-enjeux-de-cet-art-poetique\/\"},\"wordCount\":1625,\"commentCount\":0,\"publisher\":{\"@id\":\"https:\/\/slams.fr\/blog\/#organization\"},\"image\":{\"@id\":\"https:\/\/slams.fr\/blog\/actualites-du-slam\/quest-ce-que-le-slam-definition-et-enjeux-de-cet-art-poetique\/#primaryimage\"},\"thumbnailUrl\":\"https:\/\/slams.fr\/blog\/wp-content\/uploads\/2025\/12\/pag-image-693be6b817c58-scaled.png\",\"keywords\":[\"comptition potique137\",\"posie performance\",\"slam posie\"],\"articleSection\":[\"Actualit\u00e9s du Slam\"],\"inLanguage\":\"fr-FR\",\"potentialAction\":[{\"@type\":\"CommentAction\",\"name\":\"Comment\",\"target\":[\"https:\/\/slams.fr\/blog\/actualites-du-slam\/quest-ce-que-le-slam-definition-et-enjeux-de-cet-art-poetique\/#respond\"]}]},{\"@type\":\"WebPage\",\"@id\":\"https:\/\/slams.fr\/blog\/actualites-du-slam\/quest-ce-que-le-slam-definition-et-enjeux-de-cet-art-poetique\/\",\"url\":\"https:\/\/slams.fr\/blog\/actualites-du-slam\/quest-ce-que-le-slam-definition-et-enjeux-de-cet-art-poetique\/\",\"name\":\"Qu'est-ce que le slam ? D\u00e9finition et enjeux\",\"isPartOf\":{\"@id\":\"https:\/\/slams.fr\/blog\/#website\"},\"primaryImageOfPage\":{\"@id\":\"https:\/\/slams.fr\/blog\/actualites-du-slam\/quest-ce-que-le-slam-definition-et-enjeux-de-cet-art-poetique\/#primaryimage\"},\"image\":{\"@id\":\"https:\/\/slams.fr\/blog\/actualites-du-slam\/quest-ce-que-le-slam-definition-et-enjeux-de-cet-art-poetique\/#primaryimage\"},\"thumbnailUrl\":\"https:\/\/slams.fr\/blog\/wp-content\/uploads\/2025\/12\/pag-image-693be6b817c58-scaled.png\",\"datePublished\":\"2026-02-16T08:35:00+00:00\",\"description\":\"Le slam d\u00e9signe une comp\u00e9tition de po\u00e9sie orale o\u00f9 des artistes, appel\u00e9s slameurs, d\u00e9clament leurs textes devant un public qui vote pour les meilleurs.\",\"inLanguage\":\"fr-FR\",\"potentialAction\":[{\"@type\":\"ReadAction\",\"target\":[\"https:\/\/slams.fr\/blog\/actualites-du-slam\/quest-ce-que-le-slam-definition-et-enjeux-de-cet-art-poetique\/\"]}]},{\"@type\":\"ImageObject\",\"inLanguage\":\"fr-FR\",\"@id\":\"https:\/\/slams.fr\/blog\/actualites-du-slam\/quest-ce-que-le-slam-definition-et-enjeux-de-cet-art-poetique\/#primaryimage\",\"url\":\"https:\/\/slams.fr\/blog\/wp-content\/uploads\/2025\/12\/pag-image-693be6b817c58-scaled.png\",\"contentUrl\":\"https:\/\/slams.fr\/blog\/wp-content\/uploads\/2025\/12\/pag-image-693be6b817c58-scaled.png\",\"width\":1200,\"height\":686,\"caption\":\"Image g\u00e9n\u00e9r\u00e9e par IA optimis\u00e9e pour Google Discover\"},{\"@type\":\"WebSite\",\"@id\":\"https:\/\/slams.fr\/blog\/#website\",\"url\":\"https:\/\/slams.fr\/blog\/\",\"name\":\"slams.fr\",\"description\":\"Slams, l&#039;\u00e9nergie des mots en action\",\"publisher\":{\"@id\":\"https:\/\/slams.fr\/blog\/#organization\"},\"alternateName\":\"Slams, l'\u00e9nergie des mots en action\",\"potentialAction\":[{\"@type\":\"SearchAction\",\"target\":{\"@type\":\"EntryPoint\",\"urlTemplate\":\"https:\/\/slams.fr\/blog\/?s={search_term_string}\"},\"query-input\":{\"@type\":\"PropertyValueSpecification\",\"valueRequired\":true,\"valueName\":\"search_term_string\"}}],\"inLanguage\":\"fr-FR\"},{\"@type\":\"Organization\",\"@id\":\"https:\/\/slams.fr\/blog\/#organization\",\"name\":\"Foretsensations.fr\",\"url\":\"https:\/\/slams.fr\/blog\/\",\"logo\":{\"@type\":\"ImageObject\",\"inLanguage\":\"fr-FR\",\"@id\":\"https:\/\/slams.fr\/blog\/#\/schema\/logo\/image\/\",\"url\":\"https:\/\/slams.fr\/blog\/wp-content\/uploads\/2026\/07\/logo-auto-1.png\",\"contentUrl\":\"https:\/\/slams.fr\/blog\/wp-content\/uploads\/2026\/07\/logo-auto-1.png\",\"width\":1024,\"height\":1024,\"caption\":\"Foretsensations.fr\"},\"image\":{\"@id\":\"https:\/\/slams.fr\/blog\/#\/schema\/logo\/image\/\"}},{\"@type\":\"Person\",\"@id\":\"https:\/\/slams.fr\/blog\/#\/schema\/person\/3c864cdc320801e3db34b663e7e3f816\",\"name\":\"Rapha\u00ebl D.\",\"image\":{\"@type\":\"ImageObject\",\"inLanguage\":\"fr-FR\",\"@id\":\"https:\/\/slams.fr\/blog\/#\/schema\/person\/image\/\",\"url\":\"https:\/\/slams.fr\/blog\/wp-content\/uploads\/2026\/06\/persona_raphael-d-96x96.jpg\",\"contentUrl\":\"https:\/\/slams.fr\/blog\/wp-content\/uploads\/2026\/06\/persona_raphael-d-96x96.jpg\",\"caption\":\"Rapha\u00ebl D.\"},\"description\":\"La culture est mon terrain de jeu depuis une dizaine d'ann\u00e9es : arts visuels, s\u00e9ries, cr\u00e9ation et tout ce qui nourrit l'imaginaire. J'\u00e9cris aussi bien sur l'actualit\u00e9 des \u0153uvres que sur les coulisses de la cr\u00e9ation, avec l'envie de relier l'amateur curieux \u00e0 des univers parfois jug\u00e9s intimidants. J'aime analyser une s\u00e9rie ou une d\u00e9marche artistique sans p\u00e9dantisme, replacer une \u0153uvre dans son contexte et donner des cl\u00e9s de lecture accessibles. Avant de publier, je v\u00e9rifie mes r\u00e9f\u00e9rences, je recoupe les sources et je distingue clairement le fait de mon interpr\u00e9tation subjective. Je crois qu'une critique vaut surtout par les arguments qu'elle expose, pas par la sentence qu'elle rend. Mon angle : transmettre l'envie de d\u00e9couvrir, de regarder autrement et de se forger son propre go\u00fbt. La culture n'appartient pas qu'aux initi\u00e9s, et c'est tout l'enjeu de mon \u00e9criture.\",\"url\":\"https:\/\/slams.fr\/blog\/auteur\/raphael-d\/\",\"jobTitle\":\"R\u00e9dacteur en chef \u00b7 Culture & Cr\u00e9ation\",\"knowsAbout\":[\"Culture\",\"Cr\u00e9ation\"],\"email\":\"raphael.d@a-l-asso-de-l-art.fr\"}]}<\/script>\n<!-- \/ Yoast SEO Premium plugin. -->","yoast_head_json":{"title":"Qu'est-ce que le slam ? D\u00e9finition et enjeux","description":"Le slam d\u00e9signe une comp\u00e9tition de po\u00e9sie orale o\u00f9 des artistes, appel\u00e9s slameurs, d\u00e9clament leurs textes devant un public qui vote pour les meilleurs.","robots":{"index":"index","follow":"follow","max-snippet":"max-snippet:-1","max-image-preview":"max-image-preview:large","max-video-preview":"max-video-preview:-1"},"canonical":"https:\/\/slams.fr\/blog\/actualites-du-slam\/quest-ce-que-le-slam-definition-et-enjeux-de-cet-art-poetique\/","og_locale":"fr_FR","og_type":"article","og_title":"Qu'est-ce que le slam ? D\u00e9finition et enjeux","og_description":"Le slam d\u00e9signe une comp\u00e9tition de po\u00e9sie orale o\u00f9 des artistes, appel\u00e9s slameurs, d\u00e9clament leurs textes devant un public qui vote pour les meilleurs.","og_url":"https:\/\/slams.fr\/blog\/actualites-du-slam\/quest-ce-que-le-slam-definition-et-enjeux-de-cet-art-poetique\/","og_site_name":"slams","og_image":[{"width":1200,"height":686,"url":"https:\/\/slams.fr\/blog\/wp-content\/uploads\/2025\/12\/pag-image-693be6b817c58-scaled.png","type":"image\/png"}],"author":"Rapha\u00ebl D.","twitter_card":"summary_large_image","schema":{"@context":"https:\/\/schema.org","@graph":[{"@type":"NewsArticle","@id":"https:\/\/slams.fr\/blog\/actualites-du-slam\/quest-ce-que-le-slam-definition-et-enjeux-de-cet-art-poetique\/#article","isPartOf":{"@id":"https:\/\/slams.fr\/blog\/actualites-du-slam\/quest-ce-que-le-slam-definition-et-enjeux-de-cet-art-poetique\/"},"author":{"name":"Rapha\u00ebl D.","@id":"https:\/\/slams.fr\/blog\/#\/schema\/person\/3c864cdc320801e3db34b663e7e3f816"},"headline":"Qu&rsquo;est-ce que le slam ? D\u00e9finition et enjeux de cet art po\u00e9tique","datePublished":"2026-02-16T08:35:00+00:00","mainEntityOfPage":{"@id":"https:\/\/slams.fr\/blog\/actualites-du-slam\/quest-ce-que-le-slam-definition-et-enjeux-de-cet-art-poetique\/"},"wordCount":1625,"commentCount":0,"publisher":{"@id":"https:\/\/slams.fr\/blog\/#organization"},"image":{"@id":"https:\/\/slams.fr\/blog\/actualites-du-slam\/quest-ce-que-le-slam-definition-et-enjeux-de-cet-art-poetique\/#primaryimage"},"thumbnailUrl":"https:\/\/slams.fr\/blog\/wp-content\/uploads\/2025\/12\/pag-image-693be6b817c58-scaled.png","keywords":["comptition potique137","posie performance","slam posie"],"articleSection":["Actualit\u00e9s du Slam"],"inLanguage":"fr-FR","potentialAction":[{"@type":"CommentAction","name":"Comment","target":["https:\/\/slams.fr\/blog\/actualites-du-slam\/quest-ce-que-le-slam-definition-et-enjeux-de-cet-art-poetique\/#respond"]}]},{"@type":"WebPage","@id":"https:\/\/slams.fr\/blog\/actualites-du-slam\/quest-ce-que-le-slam-definition-et-enjeux-de-cet-art-poetique\/","url":"https:\/\/slams.fr\/blog\/actualites-du-slam\/quest-ce-que-le-slam-definition-et-enjeux-de-cet-art-poetique\/","name":"Qu'est-ce que le slam ? D\u00e9finition et enjeux","isPartOf":{"@id":"https:\/\/slams.fr\/blog\/#website"},"primaryImageOfPage":{"@id":"https:\/\/slams.fr\/blog\/actualites-du-slam\/quest-ce-que-le-slam-definition-et-enjeux-de-cet-art-poetique\/#primaryimage"},"image":{"@id":"https:\/\/slams.fr\/blog\/actualites-du-slam\/quest-ce-que-le-slam-definition-et-enjeux-de-cet-art-poetique\/#primaryimage"},"thumbnailUrl":"https:\/\/slams.fr\/blog\/wp-content\/uploads\/2025\/12\/pag-image-693be6b817c58-scaled.png","datePublished":"2026-02-16T08:35:00+00:00","description":"Le slam d\u00e9signe une comp\u00e9tition de po\u00e9sie orale o\u00f9 des artistes, appel\u00e9s slameurs, d\u00e9clament leurs textes devant un public qui vote pour les meilleurs.","inLanguage":"fr-FR","potentialAction":[{"@type":"ReadAction","target":["https:\/\/slams.fr\/blog\/actualites-du-slam\/quest-ce-que-le-slam-definition-et-enjeux-de-cet-art-poetique\/"]}]},{"@type":"ImageObject","inLanguage":"fr-FR","@id":"https:\/\/slams.fr\/blog\/actualites-du-slam\/quest-ce-que-le-slam-definition-et-enjeux-de-cet-art-poetique\/#primaryimage","url":"https:\/\/slams.fr\/blog\/wp-content\/uploads\/2025\/12\/pag-image-693be6b817c58-scaled.png","contentUrl":"https:\/\/slams.fr\/blog\/wp-content\/uploads\/2025\/12\/pag-image-693be6b817c58-scaled.png","width":1200,"height":686,"caption":"Image g\u00e9n\u00e9r\u00e9e par IA optimis\u00e9e pour Google Discover"},{"@type":"WebSite","@id":"https:\/\/slams.fr\/blog\/#website","url":"https:\/\/slams.fr\/blog\/","name":"slams.fr","description":"Slams, l&#039;\u00e9nergie des mots en action","publisher":{"@id":"https:\/\/slams.fr\/blog\/#organization"},"alternateName":"Slams, l'\u00e9nergie des mots en action","potentialAction":[{"@type":"SearchAction","target":{"@type":"EntryPoint","urlTemplate":"https:\/\/slams.fr\/blog\/?s={search_term_string}"},"query-input":{"@type":"PropertyValueSpecification","valueRequired":true,"valueName":"search_term_string"}}],"inLanguage":"fr-FR"},{"@type":"Organization","@id":"https:\/\/slams.fr\/blog\/#organization","name":"Foretsensations.fr","url":"https:\/\/slams.fr\/blog\/","logo":{"@type":"ImageObject","inLanguage":"fr-FR","@id":"https:\/\/slams.fr\/blog\/#\/schema\/logo\/image\/","url":"https:\/\/slams.fr\/blog\/wp-content\/uploads\/2026\/07\/logo-auto-1.png","contentUrl":"https:\/\/slams.fr\/blog\/wp-content\/uploads\/2026\/07\/logo-auto-1.png","width":1024,"height":1024,"caption":"Foretsensations.fr"},"image":{"@id":"https:\/\/slams.fr\/blog\/#\/schema\/logo\/image\/"}},{"@type":"Person","@id":"https:\/\/slams.fr\/blog\/#\/schema\/person\/3c864cdc320801e3db34b663e7e3f816","name":"Rapha\u00ebl D.","image":{"@type":"ImageObject","inLanguage":"fr-FR","@id":"https:\/\/slams.fr\/blog\/#\/schema\/person\/image\/","url":"https:\/\/slams.fr\/blog\/wp-content\/uploads\/2026\/06\/persona_raphael-d-96x96.jpg","contentUrl":"https:\/\/slams.fr\/blog\/wp-content\/uploads\/2026\/06\/persona_raphael-d-96x96.jpg","caption":"Rapha\u00ebl D."},"description":"La culture est mon terrain de jeu depuis une dizaine d'ann\u00e9es : arts visuels, s\u00e9ries, cr\u00e9ation et tout ce qui nourrit l'imaginaire. J'\u00e9cris aussi bien sur l'actualit\u00e9 des \u0153uvres que sur les coulisses de la cr\u00e9ation, avec l'envie de relier l'amateur curieux \u00e0 des univers parfois jug\u00e9s intimidants. J'aime analyser une s\u00e9rie ou une d\u00e9marche artistique sans p\u00e9dantisme, replacer une \u0153uvre dans son contexte et donner des cl\u00e9s de lecture accessibles. Avant de publier, je v\u00e9rifie mes r\u00e9f\u00e9rences, je recoupe les sources et je distingue clairement le fait de mon interpr\u00e9tation subjective. Je crois qu'une critique vaut surtout par les arguments qu'elle expose, pas par la sentence qu'elle rend. Mon angle : transmettre l'envie de d\u00e9couvrir, de regarder autrement et de se forger son propre go\u00fbt. La culture n'appartient pas qu'aux initi\u00e9s, et c'est tout l'enjeu de mon \u00e9criture.","url":"https:\/\/slams.fr\/blog\/auteur\/raphael-d\/","jobTitle":"R\u00e9dacteur en chef \u00b7 Culture & Cr\u00e9ation","knowsAbout":["Culture","Cr\u00e9ation"],"email":"raphael.d@a-l-asso-de-l-art.fr"}]}},"_links":{"self":[{"href":"https:\/\/slams.fr\/blog\/wp-json\/wp\/v2\/posts\/7716","targetHints":{"allow":["GET"]}}],"collection":[{"href":"https:\/\/slams.fr\/blog\/wp-json\/wp\/v2\/posts"}],"about":[{"href":"https:\/\/slams.fr\/blog\/wp-json\/wp\/v2\/types\/post"}],"author":[{"embeddable":true,"href":"https:\/\/slams.fr\/blog\/wp-json\/wp\/v2\/users\/34"}],"replies":[{"embeddable":true,"href":"https:\/\/slams.fr\/blog\/wp-json\/wp\/v2\/comments?post=7716"}],"version-history":[{"count":1,"href":"https:\/\/slams.fr\/blog\/wp-json\/wp\/v2\/posts\/7716\/revisions"}],"predecessor-version":[{"id":7769,"href":"https:\/\/slams.fr\/blog\/wp-json\/wp\/v2\/posts\/7716\/revisions\/7769"}],"wp:featuredmedia":[{"embeddable":true,"href":"https:\/\/slams.fr\/blog\/wp-json\/wp\/v2\/media\/7718"}],"wp:attachment":[{"href":"https:\/\/slams.fr\/blog\/wp-json\/wp\/v2\/media?parent=7716"}],"wp:term":[{"taxonomy":"category","embeddable":true,"href":"https:\/\/slams.fr\/blog\/wp-json\/wp\/v2\/categories?post=7716"},{"taxonomy":"post_tag","embeddable":true,"href":"https:\/\/slams.fr\/blog\/wp-json\/wp\/v2\/tags?post=7716"}],"curies":[{"name":"wp","href":"https:\/\/api.w.org\/{rel}","templated":true}]}}