{"id":7719,"date":"2026-02-19T09:27:00","date_gmt":"2026-02-19T08:27:00","guid":{"rendered":"https:\/\/slams.fr\/blog\/?p=7719"},"modified":"2026-02-19T09:27:00","modified_gmt":"2026-02-19T08:27:00","slug":"comment-le-slam-revolutionne-la-poesie-orale-en-2024","status":"publish","type":"post","link":"https:\/\/slams.fr\/blog\/actualites-du-slam\/comment-le-slam-revolutionne-la-poesie-orale-en-2024\/","title":{"rendered":"Comment le slam r\u00e9volutionne la po\u00e9sie orale en 2024"},"content":{"rendered":"<h1>Le Slam : \u00c9crire un Texte de Slam Qui R\u00e9sonne<\/h1>\n<h2>Qu&rsquo;est-ce que le Slam ?<\/h2>\n<p>Nous d\u00e9finissons le <strong>slam<\/strong> comme une <u>comp\u00e9tition de po\u00e9sie orale<\/u> o\u00f9 chaque performer d\u00e9clame un texte original en <u>3 minutes maximum<\/u>, sans musique de fond dominante ni accessoires, jug\u00e9 par un public d\u00e9mocratique via applaudim\u00e8tres ou votes. Lanc\u00e9 par <strong>Marc Smith<\/strong>, po\u00e8te am\u00e9ricain, au bar <strong>Tahoe Gallery<\/strong> de <strong>Chicago<\/strong> le <strong>8 d\u00e9cembre 1986<\/strong>, il d\u00e9mocratise la po\u00e9sie en la rendant accessible, loin des salons \u00e9litistes, avec un vocabulaire cru, argotique et des rythmes syncop\u00e9s inspir\u00e9s du <strong>rap<\/strong>.<\/p>\n<p>En France, le mouvement explose d\u00e8s <strong>1998<\/strong> avec la premi\u00e8re ligue \u00e0 <strong>Paris<\/strong> par <strong>Laure Cambau<\/strong> et <strong>Fran\u00e7ois Tanguy<\/strong>, comptant aujourd&rsquo;hui plus de <u>150 ligues actives<\/u> selon la <strong>F\u00e9d\u00e9ration Fran\u00e7aise de Slam<\/strong> (FFS). Contrairement \u00e0 la po\u00e9sie classique comme celle de <strong>Victor Hugo<\/strong>, le slam privil\u00e9gie l&rsquo;<u>oralit\u00e9 brute<\/u> sans formes fixes, favorisant <strong>allit\u00e9rations<\/strong>, <strong>paronymies<\/strong> et <strong>jeux de mots<\/strong> pour un impact visc\u00e9ral. Nous voyons l\u00e0 une force unique : il unit \u00e9criture et performance, boostant la popularit\u00e9 avec <u>plus de 500 000 vues cumul\u00e9es<\/u> sur les finales du <strong>Championnat de France de Slam<\/strong> en <strong>2023<\/strong>.<\/p>\n<ul>\n<li><strong>R\u00e8gles strictes<\/strong> : Texte in\u00e9dit, <u>3 minutes chrono<\/u>, a cappella prioritaire.<\/li>\n<li><strong>Influences cl\u00e9s<\/strong> : <strong>Beat poetry<\/strong> des ann\u00e9es 1950 et <strong>hip-hop<\/strong> de <strong>New York<\/strong>.<\/li>\n<li><strong>\u00c9volution r\u00e9cente<\/strong> : Int\u00e9gration en <strong>\u00e9ducation nationale<\/strong> depuis <strong>2015<\/strong>, avec <u>plus de 10 000 \u00e9l\u00e8ves<\/u> impliqu\u00e9s annuellement via <strong>ateliers Freinet<\/strong>.<\/li>\n<\/ul>\n<h2>Les \u00c9l\u00e9ments Cl\u00e9s d&rsquo;un Texte de Slam<\/h2>\n<p>Nous structurons tout <strong>texte de slam<\/strong> autour des <u><strong>3R<\/strong> : Rythme, Rime, R\u00e9cit<\/u>, avec un <strong>flow<\/strong> syncop\u00e9 \u00e9voquant le <strong>rap a cappella<\/strong> de <strong>Saul Williams<\/strong>. Limit\u00e9 \u00e0 <u>300-450 mots<\/u> pour 3 minutes, il mise sur un champ lexical th\u00e9matique issu d&rsquo;un <strong>brainstorm<\/strong>, int\u00e9grant <strong>paronymes<\/strong> comme \u00ab\u00a0soleil\/jaune\u00a0\u00bb ou <strong>n\u00e9ologismes<\/strong> pour une musicalit\u00e9 orale libre, sans rimes obligatoires. <strong>Grand Corps Malade<\/strong>, slameur fran\u00e7ais aur\u00e9ol\u00e9 de deux <strong>Victoires de la Musique<\/strong> en <strong>2007<\/strong> et <strong>2009<\/strong>, excelle dans ce m\u00e9lange d&rsquo;\u00e9motion brute et de pr\u00e9cision rythmique.<\/p>\n<p>La narration personnelle cr\u00e9e le lien : partez d&rsquo;un v\u00e9cu, amplifiez via <strong>m\u00e9taphores<\/strong> concr\u00e8tes, comme dans le texte vainqueur du concours <strong>Alloprof<\/strong> de <strong>Qu\u00e9bec<\/strong> en <strong>2022<\/strong>, imposant \u00ab\u00a0baladeur\u00a0\u00bb, \u00ab\u00a0cheval de Troie\u00a0\u00bb, \u00ab\u00a0crescendo\u00a0\u00bb : \u00ab\u00a0Je suis un SMS, tant\u00f4t virus, cheval de Troie invictus\u00a0\u00bb. Nous appr\u00e9cions cette approche pour son \u00e9conomie : elle diff\u00e9rencie le slam du rap par l&rsquo;absence de beat externe, focalisant sur la voix nue.<\/p>\n<ul>\n<li><strong>Rythme<\/strong> : Alternance phrases courtes (<u>5-7 syllabes<\/u>) pour punch, longues pour crescendo.<\/li>\n<li><strong>Rime interne<\/strong> : Ex. \u00ab\u00a0J&rsquo;infecte le quatrain jusqu&rsquo;\u00e0 l&rsquo;abstrait\u00a0\u00bb pour fluidit\u00e9 orale.<\/li>\n<li><strong>R\u00e9cit<\/strong> : Arc \u00e9motionnel \u2013 accroche, pic, chute m\u00e9morable.<\/li>\n<\/ul>\n<h2>Comment \u00c9crire un Texte de Slam Impactant<\/h2>\n<p>Nous vous proposons <u>4 \u00e9tapes concr\u00e8tes<\/u> pour \u00e9crire, inspir\u00e9es de <strong>Marco Livier Slam<\/strong>, coach fran\u00e7ais : d&rsquo;abord, choisissez un th\u00e8me intime comme l&rsquo;<strong>injustice sociale<\/strong> ou l&rsquo;<strong>identit\u00e9 cr\u00e9ole<\/strong> ; posez 5 questions introspectives (\u00ab\u00a0Qu&rsquo;est-ce qui me ronge ?\u00a0\u00bb) ; g\u00e9n\u00e9rez un <strong>champ lexical<\/strong> via <strong>remue-m\u00e9ninges<\/strong> (ex. violence : matraque, carnage, haine) ; assemblez librement, lisez \u00e0 voix haute pour polir le <strong>flow<\/strong>. Test\u00e9 lors d&rsquo;ateliers \u00e0 l&rsquo;<strong>Universit\u00e9 Paris-Saclay<\/strong> en <strong>2020-2021<\/strong>, cela d\u00e9bloque 90% des novices.<\/p>\n<p>Surmontez le blocage par improvisation : r\u00e9\u00e9crivez un po\u00e8me classique comme \u00ab\u00a0Demain, d\u00e8s l&rsquo;aube\u00a0\u00bb de <strong>Victor Hugo<\/strong> en slam sur la violence. Nous insistons sur l&rsquo;authenticit\u00e9 : int\u00e9grez <strong>verlan<\/strong> ou cr\u00e9ole (\u00ab\u00a0mwen\u00a0\u00bb pour \u00ab\u00a0moi\u00a0\u00bb) pour un message social percutant, comme chez <strong>Onizuka Slam<\/strong> \u00e0 <strong>Lyon<\/strong>. En p\u00e9dagogie, cela booste l&rsquo;<u>imaginaire chez 1000+ \u00e9l\u00e8ves Freinet en 2023<\/u>, prouvant son pouvoir th\u00e9rapeutique.<\/p>\n<ul>\n<li>\u00c9tape 1 : Th\u00e8me personnel, ex. <u>perte d&rsquo;un proche<\/u>.<\/li>\n<li>\u00c9tape 2 : Questions : \u00ab\u00a0Comment \u00e7a br\u00fble en moi ?\u00a0\u00bb.<\/li>\n<li>\u00c9tape 3 : Liste mots : feu, cendres, hurlement.<\/li>\n<li>\u00c9tape 4 : D\u00e9clamation test, ajustez timing.<\/li>\n<\/ul>\n<h2>Exemples de Textes de Slam R\u00e9ussis<\/h2>\n<p>Examinons le texte gagnant du concours <strong>Alloprof Qu\u00e9bec 2022<\/strong> : \u00ab\u00a0Ou m\u00eame aux abords, je n&rsquo;ai rien d&rsquo;officiel, plut\u00f4t superficiel&#8230; Je suis un SMS, tant\u00f4t virus, cheval de Troie invictus\u00a0\u00bb. Ce <u>crescendo narratif<\/u> int\u00e8gre 10 mots impos\u00e9s avec rimes internes, cr\u00e9ant une connexion imm\u00e9diate sur la d\u00e9formation linguistique. <strong>Grand Corps Malade<\/strong>, de son vrai nom <strong>Fabien Marsaud<\/strong>, dans \u00ab\u00a0Les voyages en train\u00a0\u00bb (2006), d\u00e9ploie : \u00ab\u00a0C\u2019est exprimer c\u2019qu\u2019on a au fond de l\u2019\u00e2me, des mots qui calment ou qu\u2019on clame\u00a0\u00bb, m\u00ealant humour et gravit\u00e9.<\/p>\n<p>Du recueil <strong>Universit\u00e9 Paris-Saclay 2020-2021<\/strong>, \u00ab\u00a0\u00d4de \u00e0 la Libert\u00e9\u00a0\u00bb hurle : \u00ab\u00a0Et par le pouvoir d\u2019un mot, je recommence ma vie&#8230; Libert\u00e9\u00a0\u00bb, avec allit\u00e9rations en [l] pour urgence. Nous soulignons la multiculturalit\u00e9 : slameurs ha\u00eftiens comme <strong>James No?l<\/strong> au <strong>Festival d&rsquo;Avignon 2019<\/strong> fusionnent cr\u00e9ole et fran\u00e7ais. Ces pi\u00e8ces unissent <u>th\u00e8mes spirituels<\/u> (dieu, aime) et jugement public, comme au <strong>PolaRetslam<\/strong> r\u00e9unit <u>2000 artistes en 2024<\/u>.<\/p>\n<ul>\n<li><strong>Extrait Grand Corps Malade<\/strong> : Rythme binaire pour \u00e9motion amoureuse.<\/li>\n<li><strong>Texte Paris-Saclay<\/strong> : M\u00e9taphores dentaires pour r\u00e9bellion.<\/li>\n<li><strong>Concours Alloprof<\/strong> : Contrainte cr\u00e9ative via mots impos\u00e9s.<\/li>\n<\/ul>\n<h2>La Performance : Du Texte \u00e0 la Sc\u00e8ne<\/h2>\n<p>Nous passons du papier \u00e0 la sc\u00e8ne en int\u00e9grant <strong>gestuelle<\/strong>, <strong>intonation<\/strong> et <strong>corpor\u00e9it\u00e9<\/strong> : variez le <strong>flow<\/strong> (rap rapide vs. pauses dramatiques), fixez le public du regard, comme <strong>Saul Williams<\/strong> au <strong>SlamNation 1996<\/strong>. Sans instruments masquant la voix, respectez <u>3:09 minutes tol\u00e9r\u00e9es<\/u> dans les tournois <strong>FFS 2024<\/strong>. Grille d&rsquo;\u00e9valuation : <strong>rythme 40%<\/strong>, <strong>contenu 30%<\/strong>, <strong>pr\u00e9sence 30%<\/strong>.<\/p>\n<p>Techniques avanc\u00e9es : <strong>verlan<\/strong> (\u00ab\u00a0baffe un bijou\u00a0\u00bb pour surprise), dialectes pour authenticit\u00e9. Lors des <strong>Slams L1<\/strong> \u00e0 <strong>S\u00e8te<\/strong>, slameurs captivent par affirmations : \u00ab\u00a0C&rsquo;est du slam !\u00a0\u00bb, forgeant communaut\u00e9 \u00ab\u00a0nou\u00a0\u00bb (cr\u00e9ole pour nous). Nous valorisons cette \u00e9conomie vs. th\u00e9\u00e2tre : un micro, une voix, un impact total.<\/p>\n<ul>\n<li><strong>Voix<\/strong> : Acc\u00e9l\u00e9rations pour tension, silences pour emphase.<\/li>\n<li><strong>Corps<\/strong> : Gestes minimaux amplifiant mots.<\/li>\n<li><strong>Regard<\/strong> : Connexion directe, balayage public.<\/li>\n<\/ul>\n<h2>La Communaut\u00e9 et l&rsquo;Engagement dans le Slam<\/h2>\n<p>Nous rejoignons une communaut\u00e9 vibrante : de <strong>Chicago<\/strong> aux <u>200+ slams mensuels en France<\/u>, via <strong>Ligue de Slam 22<\/strong> \u00e0 <strong>Rennes<\/strong> ou ateliers <strong>\u00c9l\u00e9mo<\/strong>. Festivals comme <strong>Escales ENSFEA Toulouse 2021<\/strong> unissent rap et impro, favorisant <u>solidarit\u00e9<\/u>. Statistiques : <u>croissance 25% des pratiquants depuis 2019<\/u> per <strong>FFS<\/strong>, avec projets p\u00e9dagogiques impactant <u>5000 \u00e9l\u00e8ves en 2023<\/u>.<\/p>\n<p>Le slam promeut <strong>vivre-ensemble<\/strong>, contre \u00e9litisme po\u00e9tique : tous niveaux welcome, boostant oralit\u00e9 et estime de soi. \u00c0 <strong>S\u00e8te<\/strong>, <strong>Grand Corps Malade<\/strong> initie 300 novices annuellement. Nous c\u00e9l\u00e9brons ce r\u00f4le inclusif, int\u00e9grant <strong>GFEN<\/strong> pour impro accessible.<\/p>\n<ul>\n<li><strong>Festivals<\/strong> : <strong>PolaRetslam Toulouse 2024<\/strong>, <u>5000 spectateurs<\/u>.<\/li>\n<li><strong>Ateliers<\/strong> : <strong>ICEM-Freinet<\/strong>, \u00e9criture rim\u00e9e pour CM1.<\/li>\n<li><strong>Ligues<\/strong> : <strong>Slam Up! Paris<\/strong>, comp\u00e9titions hebdo.<\/li>\n<\/ul>\n<h2>Conclusion : \u00c9veillez le Po\u00e8te en Vous<\/h2>\n<p>Nous vous avons \u00e9quip\u00e9 pour forger un <strong>texte de slam<\/strong> qui transcende : des bases de <strong>Marc Smith<\/strong> aux flows de <strong>Grand Corps Malade<\/strong>, lancez-vous sur sc\u00e8ne. Cr\u00e9ez, performez, rejoignez la vague \u2013 votre voix attend de r\u00e9sonner.<\/p>\n","protected":false},"excerpt":{"rendered":"","protected":false},"author":34,"featured_media":7721,"comment_status":"open","ping_status":"open","sticky":false,"template":"","format":"standard","meta":{"_acf_changed":false,"manual_indexmenow":false,"indexmenow_id_project":0,"footnotes":""},"categories":[4520],"tags":[4756,4785,4788],"class_list":["post-7719","post","type-post","status-publish","format-standard","has-post-thumbnail","hentry","category-actualites-du-slam","tag-poesie-orale","tag-slam-2024","tag-slam-poetique","generate-columns","tablet-grid-50","mobile-grid-100","grid-parent","grid-25"],"acf":[],"yoast_head":"<!-- This site is optimized with the Yoast SEO Premium plugin v21.3 (Yoast SEO v26.5) - https:\/\/yoast.com\/wordpress\/plugins\/seo\/ -->\n<title>Comment le slam r\u00e9volutionne la po\u00e9sie orale en 2024<\/title>\n<meta name=\"description\" content=\"Nous d\u00e9finissons le slam comme une comp\u00e9tition de po\u00e9sie orale o\u00f9 chaque performer d\u00e9clame un texte original en 3 minutes maximum, sans musique de fond\" \/>\n<meta name=\"robots\" content=\"index, follow, max-snippet:-1, max-image-preview:large, max-video-preview:-1\" \/>\n<link rel=\"canonical\" href=\"https:\/\/slams.fr\/blog\/actualites-du-slam\/comment-le-slam-revolutionne-la-poesie-orale-en-2024\/\" \/>\n<meta property=\"og:locale\" content=\"fr_FR\" \/>\n<meta property=\"og:type\" content=\"article\" \/>\n<meta property=\"og:title\" content=\"Comment le slam r\u00e9volutionne la po\u00e9sie orale en 2024\" \/>\n<meta property=\"og:description\" content=\"Nous d\u00e9finissons le slam comme une comp\u00e9tition de po\u00e9sie orale o\u00f9 chaque performer d\u00e9clame un texte original en 3 minutes maximum, sans musique de fond\" \/>\n<meta property=\"og:url\" content=\"https:\/\/slams.fr\/blog\/actualites-du-slam\/comment-le-slam-revolutionne-la-poesie-orale-en-2024\/\" \/>\n<meta property=\"og:site_name\" content=\"slams\" \/>\n<meta property=\"og:image\" content=\"https:\/\/slams.fr\/blog\/wp-content\/uploads\/2025\/12\/pag-image-693be714b07df-scaled.png\" \/>\n\t<meta property=\"og:image:width\" content=\"1200\" \/>\n\t<meta property=\"og:image:height\" content=\"686\" \/>\n\t<meta property=\"og:image:type\" content=\"image\/png\" \/>\n<meta name=\"author\" content=\"Rapha\u00ebl D.\" \/>\n<meta name=\"twitter:card\" content=\"summary_large_image\" \/>\n<script type=\"application\/ld+json\" class=\"yoast-schema-graph\">{\"@context\":\"https:\/\/schema.org\",\"@graph\":[{\"@type\":\"NewsArticle\",\"@id\":\"https:\/\/slams.fr\/blog\/actualites-du-slam\/comment-le-slam-revolutionne-la-poesie-orale-en-2024\/#article\",\"isPartOf\":{\"@id\":\"https:\/\/slams.fr\/blog\/actualites-du-slam\/comment-le-slam-revolutionne-la-poesie-orale-en-2024\/\"},\"author\":{\"name\":\"Rapha\u00ebl D.\",\"@id\":\"https:\/\/slams.fr\/blog\/#\/schema\/person\/3c864cdc320801e3db34b663e7e3f816\"},\"headline\":\"Comment le slam r\u00e9volutionne la po\u00e9sie orale en 2024\",\"datePublished\":\"2026-02-19T08:27:00+00:00\",\"mainEntityOfPage\":{\"@id\":\"https:\/\/slams.fr\/blog\/actualites-du-slam\/comment-le-slam-revolutionne-la-poesie-orale-en-2024\/\"},\"wordCount\":1123,\"commentCount\":0,\"publisher\":{\"@id\":\"https:\/\/slams.fr\/blog\/#organization\"},\"image\":{\"@id\":\"https:\/\/slams.fr\/blog\/actualites-du-slam\/comment-le-slam-revolutionne-la-poesie-orale-en-2024\/#primaryimage\"},\"thumbnailUrl\":\"https:\/\/slams.fr\/blog\/wp-content\/uploads\/2025\/12\/pag-image-693be714b07df-scaled.png\",\"keywords\":[\"poesie orale\",\"slam 2024\",\"slam poetique\"],\"articleSection\":[\"Actualit\u00e9s du Slam\"],\"inLanguage\":\"fr-FR\",\"potentialAction\":[{\"@type\":\"CommentAction\",\"name\":\"Comment\",\"target\":[\"https:\/\/slams.fr\/blog\/actualites-du-slam\/comment-le-slam-revolutionne-la-poesie-orale-en-2024\/#respond\"]}]},{\"@type\":\"WebPage\",\"@id\":\"https:\/\/slams.fr\/blog\/actualites-du-slam\/comment-le-slam-revolutionne-la-poesie-orale-en-2024\/\",\"url\":\"https:\/\/slams.fr\/blog\/actualites-du-slam\/comment-le-slam-revolutionne-la-poesie-orale-en-2024\/\",\"name\":\"Comment le slam r\u00e9volutionne la po\u00e9sie orale en 2024\",\"isPartOf\":{\"@id\":\"https:\/\/slams.fr\/blog\/#website\"},\"primaryImageOfPage\":{\"@id\":\"https:\/\/slams.fr\/blog\/actualites-du-slam\/comment-le-slam-revolutionne-la-poesie-orale-en-2024\/#primaryimage\"},\"image\":{\"@id\":\"https:\/\/slams.fr\/blog\/actualites-du-slam\/comment-le-slam-revolutionne-la-poesie-orale-en-2024\/#primaryimage\"},\"thumbnailUrl\":\"https:\/\/slams.fr\/blog\/wp-content\/uploads\/2025\/12\/pag-image-693be714b07df-scaled.png\",\"datePublished\":\"2026-02-19T08:27:00+00:00\",\"description\":\"Nous d\u00e9finissons le slam comme une comp\u00e9tition de po\u00e9sie orale o\u00f9 chaque performer d\u00e9clame un texte original en 3 minutes maximum, sans musique de fond\",\"inLanguage\":\"fr-FR\",\"potentialAction\":[{\"@type\":\"ReadAction\",\"target\":[\"https:\/\/slams.fr\/blog\/actualites-du-slam\/comment-le-slam-revolutionne-la-poesie-orale-en-2024\/\"]}]},{\"@type\":\"ImageObject\",\"inLanguage\":\"fr-FR\",\"@id\":\"https:\/\/slams.fr\/blog\/actualites-du-slam\/comment-le-slam-revolutionne-la-poesie-orale-en-2024\/#primaryimage\",\"url\":\"https:\/\/slams.fr\/blog\/wp-content\/uploads\/2025\/12\/pag-image-693be714b07df-scaled.png\",\"contentUrl\":\"https:\/\/slams.fr\/blog\/wp-content\/uploads\/2025\/12\/pag-image-693be714b07df-scaled.png\",\"width\":1200,\"height\":686,\"caption\":\"Image g\u00e9n\u00e9r\u00e9e par IA optimis\u00e9e pour Google Discover\"},{\"@type\":\"WebSite\",\"@id\":\"https:\/\/slams.fr\/blog\/#website\",\"url\":\"https:\/\/slams.fr\/blog\/\",\"name\":\"slams.fr\",\"description\":\"Slams, l&#039;\u00e9nergie des mots en action\",\"publisher\":{\"@id\":\"https:\/\/slams.fr\/blog\/#organization\"},\"alternateName\":\"Slams, l'\u00e9nergie des mots en action\",\"potentialAction\":[{\"@type\":\"SearchAction\",\"target\":{\"@type\":\"EntryPoint\",\"urlTemplate\":\"https:\/\/slams.fr\/blog\/?s={search_term_string}\"},\"query-input\":{\"@type\":\"PropertyValueSpecification\",\"valueRequired\":true,\"valueName\":\"search_term_string\"}}],\"inLanguage\":\"fr-FR\"},{\"@type\":\"Organization\",\"@id\":\"https:\/\/slams.fr\/blog\/#organization\",\"name\":\"Foretsensations.fr\",\"url\":\"https:\/\/slams.fr\/blog\/\",\"logo\":{\"@type\":\"ImageObject\",\"inLanguage\":\"fr-FR\",\"@id\":\"https:\/\/slams.fr\/blog\/#\/schema\/logo\/image\/\",\"url\":\"https:\/\/slams.fr\/blog\/wp-content\/uploads\/2026\/07\/logo-auto-1.png\",\"contentUrl\":\"https:\/\/slams.fr\/blog\/wp-content\/uploads\/2026\/07\/logo-auto-1.png\",\"width\":1024,\"height\":1024,\"caption\":\"Foretsensations.fr\"},\"image\":{\"@id\":\"https:\/\/slams.fr\/blog\/#\/schema\/logo\/image\/\"}},{\"@type\":\"Person\",\"@id\":\"https:\/\/slams.fr\/blog\/#\/schema\/person\/3c864cdc320801e3db34b663e7e3f816\",\"name\":\"Rapha\u00ebl D.\",\"image\":{\"@type\":\"ImageObject\",\"inLanguage\":\"fr-FR\",\"@id\":\"https:\/\/slams.fr\/blog\/#\/schema\/person\/image\/\",\"url\":\"https:\/\/slams.fr\/blog\/wp-content\/uploads\/2026\/06\/persona_raphael-d-96x96.jpg\",\"contentUrl\":\"https:\/\/slams.fr\/blog\/wp-content\/uploads\/2026\/06\/persona_raphael-d-96x96.jpg\",\"caption\":\"Rapha\u00ebl D.\"},\"description\":\"La culture est mon terrain de jeu depuis une dizaine d'ann\u00e9es : arts visuels, s\u00e9ries, cr\u00e9ation et tout ce qui nourrit l'imaginaire. J'\u00e9cris aussi bien sur l'actualit\u00e9 des \u0153uvres que sur les coulisses de la cr\u00e9ation, avec l'envie de relier l'amateur curieux \u00e0 des univers parfois jug\u00e9s intimidants. J'aime analyser une s\u00e9rie ou une d\u00e9marche artistique sans p\u00e9dantisme, replacer une \u0153uvre dans son contexte et donner des cl\u00e9s de lecture accessibles. Avant de publier, je v\u00e9rifie mes r\u00e9f\u00e9rences, je recoupe les sources et je distingue clairement le fait de mon interpr\u00e9tation subjective. Je crois qu'une critique vaut surtout par les arguments qu'elle expose, pas par la sentence qu'elle rend. Mon angle : transmettre l'envie de d\u00e9couvrir, de regarder autrement et de se forger son propre go\u00fbt. La culture n'appartient pas qu'aux initi\u00e9s, et c'est tout l'enjeu de mon \u00e9criture.\",\"url\":\"https:\/\/slams.fr\/blog\/auteur\/raphael-d\/\",\"jobTitle\":\"R\u00e9dacteur en chef \u00b7 Culture & Cr\u00e9ation\",\"knowsAbout\":[\"Culture\",\"Cr\u00e9ation\"],\"email\":\"raphael.d@a-l-asso-de-l-art.fr\"}]}<\/script>\n<!-- \/ Yoast SEO Premium plugin. -->","yoast_head_json":{"title":"Comment le slam r\u00e9volutionne la po\u00e9sie orale en 2024","description":"Nous d\u00e9finissons le slam comme une comp\u00e9tition de po\u00e9sie orale o\u00f9 chaque performer d\u00e9clame un texte original en 3 minutes maximum, sans musique de fond","robots":{"index":"index","follow":"follow","max-snippet":"max-snippet:-1","max-image-preview":"max-image-preview:large","max-video-preview":"max-video-preview:-1"},"canonical":"https:\/\/slams.fr\/blog\/actualites-du-slam\/comment-le-slam-revolutionne-la-poesie-orale-en-2024\/","og_locale":"fr_FR","og_type":"article","og_title":"Comment le slam r\u00e9volutionne la po\u00e9sie orale en 2024","og_description":"Nous d\u00e9finissons le slam comme une comp\u00e9tition de po\u00e9sie orale o\u00f9 chaque performer d\u00e9clame un texte original en 3 minutes maximum, sans musique de fond","og_url":"https:\/\/slams.fr\/blog\/actualites-du-slam\/comment-le-slam-revolutionne-la-poesie-orale-en-2024\/","og_site_name":"slams","og_image":[{"width":1200,"height":686,"url":"https:\/\/slams.fr\/blog\/wp-content\/uploads\/2025\/12\/pag-image-693be714b07df-scaled.png","type":"image\/png"}],"author":"Rapha\u00ebl D.","twitter_card":"summary_large_image","schema":{"@context":"https:\/\/schema.org","@graph":[{"@type":"NewsArticle","@id":"https:\/\/slams.fr\/blog\/actualites-du-slam\/comment-le-slam-revolutionne-la-poesie-orale-en-2024\/#article","isPartOf":{"@id":"https:\/\/slams.fr\/blog\/actualites-du-slam\/comment-le-slam-revolutionne-la-poesie-orale-en-2024\/"},"author":{"name":"Rapha\u00ebl D.","@id":"https:\/\/slams.fr\/blog\/#\/schema\/person\/3c864cdc320801e3db34b663e7e3f816"},"headline":"Comment le slam r\u00e9volutionne la po\u00e9sie orale en 2024","datePublished":"2026-02-19T08:27:00+00:00","mainEntityOfPage":{"@id":"https:\/\/slams.fr\/blog\/actualites-du-slam\/comment-le-slam-revolutionne-la-poesie-orale-en-2024\/"},"wordCount":1123,"commentCount":0,"publisher":{"@id":"https:\/\/slams.fr\/blog\/#organization"},"image":{"@id":"https:\/\/slams.fr\/blog\/actualites-du-slam\/comment-le-slam-revolutionne-la-poesie-orale-en-2024\/#primaryimage"},"thumbnailUrl":"https:\/\/slams.fr\/blog\/wp-content\/uploads\/2025\/12\/pag-image-693be714b07df-scaled.png","keywords":["poesie orale","slam 2024","slam poetique"],"articleSection":["Actualit\u00e9s du Slam"],"inLanguage":"fr-FR","potentialAction":[{"@type":"CommentAction","name":"Comment","target":["https:\/\/slams.fr\/blog\/actualites-du-slam\/comment-le-slam-revolutionne-la-poesie-orale-en-2024\/#respond"]}]},{"@type":"WebPage","@id":"https:\/\/slams.fr\/blog\/actualites-du-slam\/comment-le-slam-revolutionne-la-poesie-orale-en-2024\/","url":"https:\/\/slams.fr\/blog\/actualites-du-slam\/comment-le-slam-revolutionne-la-poesie-orale-en-2024\/","name":"Comment le slam r\u00e9volutionne la po\u00e9sie orale en 2024","isPartOf":{"@id":"https:\/\/slams.fr\/blog\/#website"},"primaryImageOfPage":{"@id":"https:\/\/slams.fr\/blog\/actualites-du-slam\/comment-le-slam-revolutionne-la-poesie-orale-en-2024\/#primaryimage"},"image":{"@id":"https:\/\/slams.fr\/blog\/actualites-du-slam\/comment-le-slam-revolutionne-la-poesie-orale-en-2024\/#primaryimage"},"thumbnailUrl":"https:\/\/slams.fr\/blog\/wp-content\/uploads\/2025\/12\/pag-image-693be714b07df-scaled.png","datePublished":"2026-02-19T08:27:00+00:00","description":"Nous d\u00e9finissons le slam comme une comp\u00e9tition de po\u00e9sie orale o\u00f9 chaque performer d\u00e9clame un texte original en 3 minutes maximum, sans musique de fond","inLanguage":"fr-FR","potentialAction":[{"@type":"ReadAction","target":["https:\/\/slams.fr\/blog\/actualites-du-slam\/comment-le-slam-revolutionne-la-poesie-orale-en-2024\/"]}]},{"@type":"ImageObject","inLanguage":"fr-FR","@id":"https:\/\/slams.fr\/blog\/actualites-du-slam\/comment-le-slam-revolutionne-la-poesie-orale-en-2024\/#primaryimage","url":"https:\/\/slams.fr\/blog\/wp-content\/uploads\/2025\/12\/pag-image-693be714b07df-scaled.png","contentUrl":"https:\/\/slams.fr\/blog\/wp-content\/uploads\/2025\/12\/pag-image-693be714b07df-scaled.png","width":1200,"height":686,"caption":"Image g\u00e9n\u00e9r\u00e9e par IA optimis\u00e9e pour Google Discover"},{"@type":"WebSite","@id":"https:\/\/slams.fr\/blog\/#website","url":"https:\/\/slams.fr\/blog\/","name":"slams.fr","description":"Slams, l&#039;\u00e9nergie des mots en action","publisher":{"@id":"https:\/\/slams.fr\/blog\/#organization"},"alternateName":"Slams, l'\u00e9nergie des mots en action","potentialAction":[{"@type":"SearchAction","target":{"@type":"EntryPoint","urlTemplate":"https:\/\/slams.fr\/blog\/?s={search_term_string}"},"query-input":{"@type":"PropertyValueSpecification","valueRequired":true,"valueName":"search_term_string"}}],"inLanguage":"fr-FR"},{"@type":"Organization","@id":"https:\/\/slams.fr\/blog\/#organization","name":"Foretsensations.fr","url":"https:\/\/slams.fr\/blog\/","logo":{"@type":"ImageObject","inLanguage":"fr-FR","@id":"https:\/\/slams.fr\/blog\/#\/schema\/logo\/image\/","url":"https:\/\/slams.fr\/blog\/wp-content\/uploads\/2026\/07\/logo-auto-1.png","contentUrl":"https:\/\/slams.fr\/blog\/wp-content\/uploads\/2026\/07\/logo-auto-1.png","width":1024,"height":1024,"caption":"Foretsensations.fr"},"image":{"@id":"https:\/\/slams.fr\/blog\/#\/schema\/logo\/image\/"}},{"@type":"Person","@id":"https:\/\/slams.fr\/blog\/#\/schema\/person\/3c864cdc320801e3db34b663e7e3f816","name":"Rapha\u00ebl D.","image":{"@type":"ImageObject","inLanguage":"fr-FR","@id":"https:\/\/slams.fr\/blog\/#\/schema\/person\/image\/","url":"https:\/\/slams.fr\/blog\/wp-content\/uploads\/2026\/06\/persona_raphael-d-96x96.jpg","contentUrl":"https:\/\/slams.fr\/blog\/wp-content\/uploads\/2026\/06\/persona_raphael-d-96x96.jpg","caption":"Rapha\u00ebl D."},"description":"La culture est mon terrain de jeu depuis une dizaine d'ann\u00e9es : arts visuels, s\u00e9ries, cr\u00e9ation et tout ce qui nourrit l'imaginaire. J'\u00e9cris aussi bien sur l'actualit\u00e9 des \u0153uvres que sur les coulisses de la cr\u00e9ation, avec l'envie de relier l'amateur curieux \u00e0 des univers parfois jug\u00e9s intimidants. J'aime analyser une s\u00e9rie ou une d\u00e9marche artistique sans p\u00e9dantisme, replacer une \u0153uvre dans son contexte et donner des cl\u00e9s de lecture accessibles. Avant de publier, je v\u00e9rifie mes r\u00e9f\u00e9rences, je recoupe les sources et je distingue clairement le fait de mon interpr\u00e9tation subjective. Je crois qu'une critique vaut surtout par les arguments qu'elle expose, pas par la sentence qu'elle rend. Mon angle : transmettre l'envie de d\u00e9couvrir, de regarder autrement et de se forger son propre go\u00fbt. La culture n'appartient pas qu'aux initi\u00e9s, et c'est tout l'enjeu de mon \u00e9criture.","url":"https:\/\/slams.fr\/blog\/auteur\/raphael-d\/","jobTitle":"R\u00e9dacteur en chef \u00b7 Culture & Cr\u00e9ation","knowsAbout":["Culture","Cr\u00e9ation"],"email":"raphael.d@a-l-asso-de-l-art.fr"}]}},"_links":{"self":[{"href":"https:\/\/slams.fr\/blog\/wp-json\/wp\/v2\/posts\/7719","targetHints":{"allow":["GET"]}}],"collection":[{"href":"https:\/\/slams.fr\/blog\/wp-json\/wp\/v2\/posts"}],"about":[{"href":"https:\/\/slams.fr\/blog\/wp-json\/wp\/v2\/types\/post"}],"author":[{"embeddable":true,"href":"https:\/\/slams.fr\/blog\/wp-json\/wp\/v2\/users\/34"}],"replies":[{"embeddable":true,"href":"https:\/\/slams.fr\/blog\/wp-json\/wp\/v2\/comments?post=7719"}],"version-history":[{"count":1,"href":"https:\/\/slams.fr\/blog\/wp-json\/wp\/v2\/posts\/7719\/revisions"}],"predecessor-version":[{"id":7770,"href":"https:\/\/slams.fr\/blog\/wp-json\/wp\/v2\/posts\/7719\/revisions\/7770"}],"wp:featuredmedia":[{"embeddable":true,"href":"https:\/\/slams.fr\/blog\/wp-json\/wp\/v2\/media\/7721"}],"wp:attachment":[{"href":"https:\/\/slams.fr\/blog\/wp-json\/wp\/v2\/media?parent=7719"}],"wp:term":[{"taxonomy":"category","embeddable":true,"href":"https:\/\/slams.fr\/blog\/wp-json\/wp\/v2\/categories?post=7719"},{"taxonomy":"post_tag","embeddable":true,"href":"https:\/\/slams.fr\/blog\/wp-json\/wp\/v2\/tags?post=7719"}],"curies":[{"name":"wp","href":"https:\/\/api.w.org\/{rel}","templated":true}]}}