{"id":7722,"date":"2026-02-23T09:53:00","date_gmt":"2026-02-23T08:53:00","guid":{"rendered":"https:\/\/slams.fr\/blog\/?p=7722"},"modified":"2026-02-23T09:53:00","modified_gmt":"2026-02-23T08:53:00","slug":"le-slam-une-poesie-orale-libre-performance-et-expression-artistique","status":"publish","type":"post","link":"https:\/\/slams.fr\/blog\/a-la-une\/le-slam-une-poesie-orale-libre-performance-et-expression-artistique\/","title":{"rendered":"Le slam : une po\u00e9sie orale libre, performance et expression artistique"},"content":{"rendered":"<div style=\"background: linear-gradient(135deg, #f5f7fa 0%, #e9ecef 100%);border-left: 4px solid #0073aa;padding: 15px 20px;margin: 0 0 25px 0;border-radius: 0 8px 8px 0\">\n<p style=\"margin: 0;font-size: 14px;color: #0073aa;font-weight: 600;text-transform: uppercase;letter-spacing: 1px;margin-bottom: 10px\">\ud83d\udccb En bref<\/p>\n<ul style=\"margin: 0;padding-left: 20px;list-style-type: none\">\n<li style=\"margin: 5px 0;color: #333;font-size: 15px;line-height: 1.5;position: relative;padding-left: 15px\"><span style=\"position: absolute;left: 0;color: #0073aa\">\u25b8<\/span> Le slam est une po\u00e9sie orale libre, centr\u00e9e sur la performance sc\u00e9nique et le verbe. N\u00e9 dans les ann\u00e9es 1980 \u00e0 Chicago, il s&#039;est diffus\u00e9 mondialement, devenant un espace d&#039;expression populaire et engag\u00e9e. Les slameurs s&#039;inspirent souvent d&#039;exp\u00e9riences personnelles fortes pour \u00e9crire leurs textes.<\/li>\n<\/ul>\n<\/div>\n<h1>Le Slam : Une Expression Artistique \u00e0 Travers le Texte de Slam<\/h1>\n<h2>D\u00e9finir le slam : une po\u00e9sie orale libre et populaire<\/h2>\n<p>Le <u>slam de po\u00e9sie<\/u> se d\u00e9finit d\u2019abord comme une <strong>forme de po\u00e9sie orale libre<\/strong>, centr\u00e9e sur le <strong>verbe<\/strong> et la <strong>performance sc\u00e9nique<\/strong>, g\u00e9n\u00e9ralement interpr\u00e9t\u00e9e en public, a cappella, sans d\u00e9cor ni accessoires, sur un temps limit\u00e9 d\u2019environ trois minutes. Historiquement, un <strong>slam<\/strong> d\u00e9signe une <u>comp\u00e9tition de po\u00e9sie perform\u00e9e<\/u> o\u00f9 des po\u00e8tes montent sur sc\u00e8ne, sont chronom\u00e9tr\u00e9s, puis not\u00e9s par un jury choisi dans le public, souvent sur une \u00e9chelle de 1 \u00e0 10. La r\u00e8gle est simple\u202f: un <strong>micro<\/strong>, un <strong>corps<\/strong>, des <strong>mots<\/strong>, un temps donn\u00e9.<\/p>\n<p>Le mouvement na\u00eet au milieu des <strong>ann\u00e9es 1980<\/strong> \u00e0 <strong>Chicago<\/strong>, quand <strong>Marc Kelly Smith, ouvrier et po\u00e8te am\u00e9ricain<\/strong>, organise des soir\u00e9es de <strong>poetry slam<\/strong> dans des bars comme le <strong>Green Mill Cocktail Lounge<\/strong>, pour sortir la po\u00e9sie des cercles universitaires et la rendre au public. \u00c0 partir des <strong>ann\u00e9es 1990<\/strong>, le slam se diffuse dans tout les <strong>\u00c9tats-Unis<\/strong>, puis en <strong>Europe<\/strong>, notamment \u00e0 <strong>Berlin<\/strong>, <strong>Londres<\/strong>, et en <strong>France<\/strong> avec l\u2019implantation de sc\u00e8nes \u00e0 <strong>Paris<\/strong>, <strong>Lyon<\/strong> ou <strong>Marseille<\/strong>. En <strong>2003<\/strong>, l\u2019essor du slameur fran\u00e7ais <strong>Grand Corps Malade, auteur-interpr\u00e8te<\/strong>, contribue fortement \u00e0 la m\u00e9diatisation du genre aupr\u00e8s du grand public francophone.<\/p>\n<p>Nous pouvons caract\u00e9riser ce genre par quelques traits structurants\u202f:<\/p>\n<ul>\n<li><strong>Art du verbe<\/strong>\u202f: priorit\u00e9 absolue au <strong>texte<\/strong>, au <strong>r\u00e9cit<\/strong> et \u00e0 la <strong>voix<\/strong>, la musique \u00e9ventuelle restant secondaire, voire absente, pour laisser les mots porter leur propre rythme.<\/li>\n<li><strong>Rythme et oralit\u00e9<\/strong>\u202f: importance du <u>flow<\/u>, des <strong>rimes<\/strong>, des <strong>allit\u00e9rations<\/strong>, des <strong>ruptures de d\u00e9bit<\/strong>, qui cr\u00e9ent une musicalit\u00e9 interne au langage.<\/li>\n<li><strong>Dimension populaire<\/strong>\u202f: acc\u00e8s ouvert, inscription souvent gratuite, absence de dress code, accueil de publics tr\u00e8s divers, des lyc\u00e9ens de <strong>Seine-Saint-Denis<\/strong> aux \u00e9tudiants des universit\u00e9s de <strong>Montr\u00e9al<\/strong>.<\/li>\n<li><strong>Po\u00e9sie engag\u00e9e<\/strong>\u202f: le slam s\u2019inscrit dans l\u2019h\u00e9ritage de la <u>po\u00e9sie sociale et politique<\/u>, en renouvelant le langage par l\u2019argot, le <strong>verlan<\/strong>, les langues vernaculaires, les cr\u00e9oles.<\/li>\n<\/ul>\n<p>Nous d\u00e9fendons l\u2019id\u00e9e que le slam fonctionne comme un <u>\u202flaboratoire de la parole\u202f?<\/u>\u202f: \u00e0 chaque sc\u00e8ne se recomposent les fronti\u00e8res entre <strong>po\u00e9sie<\/strong>, <strong>stand-up<\/strong>, <strong>rap<\/strong>, <strong>th\u00e9\u00e2tre documentaire<\/strong> et <strong>prise de parole citoyenne<\/strong>. Cette hybridit\u00e9, que des chercheuses comme <strong>Camille Vorger, sp\u00e9cialiste de la po\u00e9sie perform\u00e9e<\/strong>, ont analys\u00e9e, fait du slam une <strong>po\u00e9sie de la libert\u00e9<\/strong>, des <strong>mots<\/strong> et de la <strong>vie quotidienne<\/strong>.<\/p>\n<h2>\u00c9crire un texte de slam : m\u00e9thode, structure et authenticit\u00e9<\/h2>\n<p>\u00c9crire un <strong>texte de slam<\/strong>, c\u2019est d\u2019abord r\u00e9pondre \u00e0 une n\u00e9cessit\u00e9 int\u00e9rieure. Nous observons que la plupart des slameurs et slameuses partent d\u2019un noyau \u00e9motionnel fort\u202f: <u>une injustice qui obs\u00e8de, une sc\u00e8ne de vie qui marque, un amour, un deuil, une col\u00e8re ou un r\u00eave pr\u00e9cis<\/u>. Sur les sc\u00e8nes de <strong>Paris<\/strong> ou de <strong>Bruxelles<\/strong>, les ateliers d\u2019\u00e9criture anim\u00e9s par des collectifs comme <strong>Slam \u00e0 la Maison<\/strong> ou <strong>Slam au Caf\u00e9<\/strong> proposent souvent de d\u00e9marrer par un souvenir tr\u00e8s concret\u202f: un couloir de coll\u00e8ge, une nuit \u00e0 l\u2019h\u00f4pital, un contr\u00f4le de police, un repas de famille.<\/p>\n<p>Un bon texte de slam fonctionne comme un mini-r\u00e9cit. Nous conseillons une ossature claire\u202f:<\/p>\n<ul>\n<li><strong>Introduction percutante<\/strong>\u202f: une premi\u00e8re phrase qui accroche imm\u00e9diatement, par une image ou une affirmation forte. Exemple\u202f: \u202f<strong>Mwen<\/strong>, je viens d\u2019un immeuble qui n\u2019a jamais appris \u00e0 sourire\u202f?.<\/li>\n<li><strong>D\u00e9veloppement narratif<\/strong>\u202f: une mont\u00e9e en tension, structur\u00e9e en sc\u00e8nes, en questions, ou en listes, o\u00f9 chaque vers ajoute une brique de sens.<\/li>\n<li><strong>Chute qui r\u00e9sonne<\/strong>\u202f: une derni\u00e8re ligne qui frappe, retourne la perspective ou laisse un silence plein apr\u00e8s le dernier mot.<\/li>\n<\/ul>\n<p>Sur le plan technique, nous insistons sur un travail pr\u00e9cis des <strong>mots<\/strong>. Le slam privil\u00e9gie un vocabulaire <u>simple, concret, direct<\/u>, o\u00f9 la force vient moins de la raret\u00e9 des termes que de la justesse des images. Les figures r\u00e9currentes incluent\u202f:<\/p>\n<ul>\n<li><strong>R\u00e9p\u00e9titions<\/strong> (anaphores) pour marteler un message\u202f: \u202f<strong>J\u2019\u00e9cris<\/strong> quand j\u2019ai peur, <strong>j\u2019\u00e9cris<\/strong> quand je tremble, <strong>j\u2019\u00e9cris<\/strong> pour rester debout\u202f?.<\/li>\n<li><strong>Jeux de sonorit\u00e9s<\/strong>\u202f: rimes internes, assonances, allit\u00e9rations qui donnent du relief \u00e0 l\u2019\u00e9coute.<\/li>\n<li><strong>Images parlantes<\/strong>\u202f: m\u00e9taphores tir\u00e9es du quotidien urbain, du num\u00e9rique, de l\u2019\u00e9cole, du quartier.<\/li>\n<\/ul>\n<p>Nous recommandons de <u>lire le texte \u00e0 voix haute \u00e0 chaque \u00e9tape d\u2019\u00e9criture<\/u>, pour sentir la musicalit\u00e9 naturelle des phrases, rep\u00e9rer les longueurs et ajuster le rythme. Un vers comme \u202f<strong>J\u2019ai pli\u00e9 ma douleur en quatre, pour qu\u2019elle tienne dans un regard<\/strong>\u202f? prend une d\u00e9tente particuli\u00e8re lorsqu\u2019il est prononc\u00e9, ce qui permet de calibrer le souffle et les ruptures.<\/p>\n<p>Les structures r\u00e9currentes que nous observons sur les sc\u00e8nes francophones sont tr\u00e8s utiles pour organiser ses id\u00e9es\u202f:<\/p>\n<ul>\n<li><strong>Slam-lettre<\/strong>\u202f: adress\u00e9 \u00e0 une personne (\u202f\u00c0 mon p\u00e8re\u202f?), \u00e0 une ville (\u202f\u00c0 Marseille\u202f?), \u00e0 une institution (\u202f\u00c0 l\u2019\u00e9cole qui m\u2019a appris \u00e0 me taire\u202f?).<\/li>\n<li><strong>Slam-liste<\/strong>\u202f: accumulation de \u202fje me souviens\u202f?, \u202fje veux\u202f?, \u202fje refuse\u202f?, qui construit une tension progressive.<\/li>\n<li><strong>Slam-manifeste<\/strong>\u202f: texte programmatique sur l\u2019identit\u00e9, le genre, l\u2019\u00e9cologie, pr\u00e9sent\u00e9 comme une d\u00e9claration.<\/li>\n<li><strong>Slam-portrait<\/strong>\u202f: description d\u2019une personne, d\u2019un quartier, d\u2019un m\u00e9tier, qui r\u00e9v\u00e8le un enjeu social.<\/li>\n<\/ul>\n<p>Notre avis est clair\u202f: la puissance d\u2019un texte de slam repose sur l\u2019\u00e9quilibre entre la <strong>profondeur du message<\/strong> et la <strong>pr\u00e9cision de l\u2019\u00e9criture<\/strong>. Un texte brut mais confus perd son impact \u00e0 l\u2019oral, tandis qu\u2019un texte techniquement sophistiqu\u00e9 mais \u00e9motionnellement vide laisse le public \u00e0 distance. Le c\u0153ur du travail consiste \u00e0 <u>\u00e9crire sa v\u00e9rit\u00e9<\/u>, en choisissant des <strong>mots<\/strong> qui claquent sans trahir ce que l\u2019on veut vraiment dire.<\/p>\n<h2>Transformer le texte en performance : voix, rythme et pr\u00e9sence sc\u00e9nique<\/h2>\n<p>Une fois le texte pos\u00e9, le d\u00e9fi devient de le transformer en <u>performance vivante<\/u>. Nous consid\u00e9rons la <strong>voix<\/strong> comme le premier instrument du slameur. Travailler le <strong>timbre<\/strong>, le <strong>volume<\/strong>, l\u2019<strong>articulation<\/strong> et la <strong>respiration<\/strong> change radicalement la r\u00e9ception d\u2019un po\u00e8me. Sur les sc\u00e8nes slam de <strong>La Bellevilloise \u00e0 Paris<\/strong> ou du <strong>Cabaret du Lion d\u2019Or \u00e0 Montr\u00e9al<\/strong>, les artistes alternent chuchotements et mont\u00e9es en puissance, exploitant les silences comme des coups de cymbale. Une respiration ma\u00eetris\u00e9e permet de tenir des tirades longues sans perdre le sens, tandis que des pauses courtes sur des phrases cl\u00e9s laissent au public le temps d\u2019encaisser.<\/p>\n<p>Le <strong>rythme<\/strong>, souvent d\u00e9sign\u00e9 par le terme <strong>flow<\/strong>, est au c\u0153ur de la performance. La gestion des <strong>pauses<\/strong>, la longueur des <strong>phrases<\/strong>, la r\u00e9p\u00e9tition de certains <strong>mots<\/strong> g\u00e9n\u00e8rent une pulsation singuli\u00e8re. Nous voyons souvent des effets efficaces comme l\u2019encha\u00eenement de phrases tr\u00e8s br\u00e8ves pour frapper\u202f: \u202fJe tombe. Je me rel\u00e8ve. Je retombe. Je hurle.\u202f?, puis une phrase longue qui d\u00e9roule une image complexe. Dans des sc\u00e8nes m\u00e9tiss\u00e9es, certains artistes glissent d\u2019une langue \u00e0 l\u2019autre\u202f: \u202f<strong>Pou<\/strong> toi, j\u2019ouvre ma bouche en double langue, <strong>yon<\/strong> pied en fran\u00e7ais, <strong>yon<\/strong> pied en cr\u00e9ole, pou di k\u00f2man mon histoire d\u00e9borde des fronti\u00e8res.\u202f? Ce m\u00e9lange de <strong>fran\u00e7ais<\/strong> et de <strong>cr\u00e9ole ha\u00eftien<\/strong>, tr\u00e8s pr\u00e9sent \u00e0 <strong>Paris<\/strong>, <strong>Montr\u00e9al<\/strong> ou <strong>Port-au-Prince<\/strong>, cr\u00e9e un flow plurilingue puissant.<\/p>\n<p>Le <strong>langage corporel<\/strong> compl\u00e8te le travail vocal. Regard, posture, mains, d\u00e9placements sur sc\u00e8ne construisent une pr\u00e9sence cr\u00e9dible. Nous observons que les artistes les plus marquants, comme <strong>Grand Corps Malade<\/strong> ou <strong>Abd Al Malik, auteur et performer franco-congolais<\/strong>, restent \u00e9conomes dans leurs gestes\u202f: un pas vers l\u2019avant pour accentuer une accusation, un regard direct sur un spectateur pour une confidence, les mains ouvertes pour \u00e9voquer la vuln\u00e9rabilit\u00e9. L\u2019enjeu n\u2019est pas de \u202fjouer la com\u00e9die\u202f? mais de laisser le corps accompagner le texte, sans surjeu.<\/p>\n<ul>\n<li><strong>Gestion du trac<\/strong>\u202f: respiration ventrale, visualisation du passage, r\u00e9p\u00e9titions devant un miroir ou un petit groupe, ancrage des pieds au sol avant de commencer.<\/li>\n<li><strong>Travail pr\u00e9paratoire<\/strong>\u202f: enregistrement audio ou vid\u00e9o de ses r\u00e9p\u00e9titions, r\u00e9\u00e9coute critique, ajustement du d\u00e9bit et des intonations.<\/li>\n<li><strong>\u00c9coute d\u2019artistes<\/strong>\u202f: immersion dans les performances de <strong>Grand Corps Malade<\/strong>, <strong>Kery James, rappeur et auteur engag\u00e9<\/strong>, ou d\u2019artistes de sc\u00e8nes locales (collectifs en <strong>Belgique<\/strong>, au <strong>S\u00e9n\u00e9gal<\/strong>, au <strong>Qu\u00e9bec<\/strong>) pour identifier des styles de performance vari\u00e9s.<\/li>\n<\/ul>\n<p>Nous d\u00e9fendons l\u2019id\u00e9e que chaque slameur doit construire sa mani\u00e8re propre de dire, de respirer, de bouger. La performance ne devrait pas \u00eatre un masque, mais le prolongement naturel du <strong>texte<\/strong>. Quand la voix, le corps et les <strong>mots<\/strong> sont align\u00e9s, le slam devient une exp\u00e9rience sc\u00e9nique qui capte le public du premier au dernier vers.<\/p>\n<h2>Les grandes th\u00e9matiques du slam : dire le monde, ce qu\u2019on aime et le pouvoir des mots<\/h2>\n<p>Les sc\u00e8nes de slam forment, selon nous, un <u>miroir tr\u00e8s pr\u00e9cis de la soci\u00e9t\u00e9<\/u>. Une analyse qualitative de programmations de festivals comme le <strong>Grand Slam National de Paris<\/strong> ou les sc\u00e8nes du <strong>Festival Voix de Femmes \u00e0 Li\u00e8ge<\/strong> montre une forte pr\u00e9sence de certains th\u00e8mes r\u00e9currents\u202f: <strong>justice sociale<\/strong>, <strong>discriminations<\/strong>, <strong>racisme<\/strong>, <strong>violences polici\u00e8res<\/strong>, <strong>amour<\/strong>, <strong>famille<\/strong>, <strong>\u00e9cole<\/strong>, <strong>travail<\/strong>, <strong>quartier<\/strong>, <strong>identit\u00e9<\/strong>, <strong>exil<\/strong>, <strong>genre<\/strong>, <strong>\u00e9cologie<\/strong>, rapports <strong>Nord\/Sud<\/strong>. Les textes fonctionnent souvent comme des chroniques de terrain, \u00e9crites depuis les quartiers de <strong>La Courneuve<\/strong>, les campus universitaires de <strong>Louvain-la-Neuve<\/strong> ou les villages du <strong>Sahel<\/strong>.<\/p>\n<p>Une large part des textes part de sc\u00e8nes tr\u00e8s simples\u202f: une rame de <strong>m\u00e9tro \u00e0 Paris<\/strong>, une cour de r\u00e9cr\u00e9ation \u00e0 <strong>Lyon<\/strong>, une queue \u00e0 la pr\u00e9fecture de <strong>Bruxelles<\/strong>, un entretien d\u2019embauche \u00e0 <strong>Montr\u00e9al<\/strong>. De ces instants na\u00eet une r\u00e9flexion plus large sur le <strong>monde<\/strong>, les rapports de pouvoir, les normes sociales. \u00c0 c\u00f4t\u00e9 de ces th\u00e8mes sociaux, nous constatons une forte pr\u00e9sence de sujets intimes\u202f: <strong>solitude<\/strong>, <strong>d\u00e9pression<\/strong>, <strong>maladie chronique<\/strong>, <strong>deuil<\/strong>, <strong>r\u00e9silience<\/strong>. Des ateliers men\u00e9s en milieu hospitalier en <strong>France<\/strong> et au <strong>Canada<\/strong> montrent que la mise en mots de ces exp\u00e9riences par le slam a un effet de <u>mise \u00e0 distance et de reconstruction<\/u>, souvent d\u00e9crit par les participants comme th\u00e9rapeutique, m\u00eame hors cadre m\u00e9dical.<\/p>\n<ul>\n<li><strong>Dire le monde<\/strong>\u202f: d\u00e9crire les in\u00e9galit\u00e9s, les violences, mais aussi les solidarit\u00e9s du quotidien.<\/li>\n<li><strong>Dire ce qu\u2019on aime<\/strong>\u202f: textes d\u00e9di\u00e9s \u00e0 la grand-m\u00e8re, \u00e0 la ville d\u2019origine, \u00e0 une langue, \u00e0 une musique, \u00e0 une \u00e9quipe de sport.<\/li>\n<li><strong>Le pouvoir des mots<\/strong>\u202f: r\u00e9flexions m\u00e9tapo\u00e9tiques sur ce que signifie prendre la parole, \u00e9crire, \u00eatre entendu.<\/li>\n<\/ul>\n<p>Des observations informelles de programmations de sc\u00e8nes, crois\u00e9es avec des \u00e9tudes universitaires sur la <strong>po\u00e9sie perform\u00e9e<\/strong>, sugg\u00e8rent que dans certaines soir\u00e9es slam urbaines, jusqu\u2019\u00e0 <u>60 \u00e0 70\u202f% des textes abordent un sujet explicitement engag\u00e9<\/u> (justice sociale, racisme, sexisme, LGBTQIA+, climat), avec une pr\u00e9sence croissante des th\u00e9matiques <strong>\u00e9cologiques<\/strong> et <strong>f\u00e9ministes<\/strong> depuis les ann\u00e9es <strong>2015-2020<\/strong>. Nous pensons que cette dimension militante fait partie de l\u2019ADN du slam\u202f: dire le <strong>monde<\/strong>, dire ce que l\u2019on <strong>aime<\/strong>, et interroger le <strong>pouvoir<\/strong> \u2014 des institutions, mais aussi le <u>pouvoir de la parole partag\u00e9e<\/u>.<\/p>\n<h2>Le slam comme outil d\u2019engagement social et politique<\/h2>\n<p>Sur le terrain, le slam fonctionne clairement comme une <u>tribune de parole pour les publics peu entendus<\/u>. Dans les maisons de quartier de <strong>Saint-Denis<\/strong>, les centres sociaux de <strong>Marseille<\/strong> ou les associations culturelles de <strong>Bruxelles<\/strong>, des ateliers slam accueillent des <strong>jeunes<\/strong>, des personnes en grande pr\u00e9carit\u00e9, des personnes migrantes, des personnes racis\u00e9es qui utilisent le <strong>texte de slam<\/strong> pour d\u00e9noncer les violences polici\u00e8res, le racisme structurel, le sexisme, l\u2019homophobie, la transphobie, la pauvret\u00e9 ou la guerre. Des artistes comme <strong>Kery James<\/strong> ou <strong>M\u00e9dine, rappeur et auteur fran\u00e7ais<\/strong>, \u00e0 la fronti\u00e8re entre rap et slam, ont largement contribu\u00e9 \u00e0 cette articulation entre <strong>po\u00e9sie perform\u00e9e<\/strong> et <strong>critique sociale<\/strong>.<\/p>\n<p>Nous voyons \u00e9merger trois lignes d\u2019engagement fortes\u202f:<\/p>\n<ul>\n<li><strong>Slam et causes sociales<\/strong>\u202f: textes sur les contr\u00f4les au faci\u00e8s, les f\u00e9minicides, la vie des sans-papiers, la m\u00e9moire coloniale, lus devant des publics vari\u00e9s, parfois dans des institutions comme des <strong>m\u00e9diath\u00e8ques municipales<\/strong> ou des <strong>th\u00e9\u00e2tres nationaux<\/strong>.<\/li>\n<li><strong>Slam, libert\u00e9 et dieu<\/strong>\u202f: interrogations sur la foi, la spiritualit\u00e9, la la\u00efcit\u00e9, l\u2019ath\u00e9isme, trait\u00e9es sans filtre. Des slameurs questionnent leur rapport \u00e0 <strong>dieu<\/strong>, leur droit \u00e0 croire autrement ou \u00e0 ne pas croire du tout, en liant cette r\u00e9flexion \u00e0 la <strong>libert\u00e9<\/strong> de conscience. Le slam devient un espace o\u00f9 l\u2019on peut dire\u202f: \u202fJe parle \u00e0 dieu, mais je ne sais plus si quelqu\u2019un \u00e9coute\u202f? sans censure.<\/li>\n<li><strong>Slam et vote<\/strong>\u202f: \u00e0 l\u2019approche d\u2019\u00e9lections nationales en <strong>France<\/strong>, en <strong>Belgique<\/strong> ou au <strong>S\u00e9n\u00e9gal<\/strong>, des sc\u00e8nes slam sont mobilis\u00e9es par des associations citoyennes pour encourager l\u2019inscription sur les listes \u00e9lectorales, rappeler des droits, ou critiquer les programmes. La parole slam\u00e9e devient alors une forme de <u>campagne de sensibilisation culturelle<\/u>.<\/li>\n<\/ul>\n<p>Des retours de terrain indiquent que sur certains projets de m\u00e9diation, plus de <u>50\u202f% des participants d\u00e9clarent se sentir davantage l\u00e9gitimes \u00e0 prendre la parole en public<\/u> apr\u00e8s quelques s\u00e9ances de slam, et qu\u2019une proportion significative dit avoir chang\u00e9 sa perception du \u202fvote\u202f? ou de l\u2019engagement associatif. Nous soutenons l\u2019id\u00e9e que le slam agit comme un <strong>m\u00e9dia alternatif de la parole citoyenne<\/strong>, qui contourne les canaux institutionnels et remet symboliquement le micro dans les mains du peuple. En articulant <strong>libert\u00e9<\/strong>, interrogation de <strong>dieu<\/strong> et appel au <strong>vote<\/strong>, le slam ouvre un espace politique au sens large\u202f: celui o\u00f9 chacun peut formuler sa vision de la soci\u00e9t\u00e9.<\/p>\n<h2>Participer \u00e0 un concours de slam : du texte \u00e0 la sc\u00e8ne<\/h2>\n<p>Passer du cahier \u00e0 la sc\u00e8ne peut intimider, pourtant les formats de <strong>concours de slam<\/strong> sont g\u00e9n\u00e9ralement tr\u00e8s codifi\u00e9s, ce qui rassure. Un <u>slam de po\u00e9sie<\/u> classique se d\u00e9roule souvent en plusieurs manches, avec des textes originaux, un temps limit\u00e9 d\u2019environ <strong>3 minutes<\/strong> par passage, l\u2019interdiction d\u2019accessoires ou de d\u00e9guisements, et un <strong>jury compos\u00e9 de membres du public<\/strong> qui notent chaque performance, par exemple de 0 \u00e0 10. Des structures comme <strong>Slam National France<\/strong> ou des collectifs au <strong>Qu\u00e9bec<\/strong> organisent des championnats r\u00e9gionaux, puis des finales nationales, o\u00f9 les vainqueurs locaux se rencontrent.<\/p>\n<p>Pour se pr\u00e9parer, nous recommandons une d\u00e9marche structur\u00e9e\u202f:<\/p>\n<ul>\n<li><strong>Choix du texte<\/strong>\u202f: s\u00e9lectionner un texte court, clair, qui supporte plusieurs \u00e9coutes et comporte un ou deux moments forts bien identifi\u00e9s.<\/li>\n<li><strong>R\u00e9p\u00e9titions chronom\u00e9tr\u00e9es<\/strong>\u202f: travailler avec un minuteur, ajuster le d\u00e9bit et couper les phrases superflues pour tenir dans le temps imparti.<\/li>\n<li><strong>Respiration et ancrage<\/strong>\u202f: exercices de souffle, posture stable, m\u00e9morisation des endroits o\u00f9 respirer.<\/li>\n<li><strong>Simulation de sc\u00e8ne<\/strong>\u202f: jouer le texte devant des amis, un atelier, ou filmer une r\u00e9p\u00e9tition pour rep\u00e9rer tics de langage et gestes parasites.<\/li>\n<\/ul>\n<p>Rep\u00e9rer des sc\u00e8nes se fait par les r\u00e9seaux d\u2019<strong>associations culturelles<\/strong>, des <strong>maisons de quartier<\/strong>, des <strong>bars<\/strong>, des <strong>MJC<\/strong>, des <strong>m\u00e9diath\u00e8ques<\/strong>, ou via les \u00e9v\u00e9nements r\u00e9pertori\u00e9s par des structures sp\u00e9cialis\u00e9es en slam. Les sc\u00e8nes ouvertes permettent souvent de monter sans s\u00e9lection, alors que certains tournois n\u00e9cessitent une inscription en amont. Dans ce contexte, nous appr\u00e9cions particuli\u00e8rement les textes qui jouent sur le passage du \u202fje\u202f? au \u202fnous\u202f?. Une phrase telle que\u202f: \u202f<strong>Mwen<\/strong>, <strong>c\u2019est<\/strong> moi, blessure \u00e0 d\u00e9couvert, mais quand je prends le micro, <strong>nou<\/strong> devenons une seule voix qui d\u00e9borde des murs\u202f? illustre comment le slam transforme l\u2019exp\u00e9rience individuelle en parole collective. \u00c0 nos yeux, se lancer dans un concours, m\u00eame local, est un excellent catalyseur pour affiner son \u00e9criture et son aisance sc\u00e9nique.<\/p>\n<h2>Ressources, ateliers et communaut\u00e9s de slam<\/h2>\n<p>L\u2019\u00e9cosyst\u00e8me du slam s\u2019est densifi\u00e9 depuis les ann\u00e9es <strong>2000<\/strong>, offrant de nombreuses ressources pour progresser. Sur les plateformes vid\u00e9o, des cha\u00eenes d\u00e9di\u00e9es diffusent des captations de sc\u00e8nes, des masterclass et des s\u00e9ries documentaires sur la <strong>po\u00e9sie perform\u00e9e<\/strong>. Des artistes comme <strong>Grand Corps Malade<\/strong> ou <strong>Abd Al Malik<\/strong> ont publi\u00e9 des livres m\u00ealant r\u00e9cits de vie et textes, qui constituent une sorte de <u>biblioth\u00e8que vivante de textes de slam<\/u>. Nous voyons aussi appara\u00eetre des ouvrages m\u00e9thodologiques sur la <strong>prise de parole en public<\/strong>, utilis\u00e9s dans des formations en <strong>\u00e9coles de journalisme<\/strong>, en <strong>\u00e9coles d\u2019ing\u00e9nieurs<\/strong> ou en <strong>instituts d\u2019\u00e9tudes politiques<\/strong>, qui s\u2019inspirent directement des techniques du slam.<\/p>\n<p>Les <strong>ateliers et associations<\/strong> jouent un r\u00f4le central. En <strong>France<\/strong>, des structures comme des <strong>MJC<\/strong>, des <strong>centres sociaux<\/strong> ou des <strong>m\u00e9diath\u00e8ques municipales<\/strong> programment des sessions r\u00e9guli\u00e8res o\u00f9 les participants \u00e9crivent, partagent et testent leurs textes. Au <strong>Qu\u00e9bec<\/strong>, des organismes culturels \u00e0 <strong>Montr\u00e9al<\/strong> et \u00e0 <strong>Qu\u00e9bec<\/strong> proposent des ateliers en milieu scolaire, dans des coll\u00e8ges et lyc\u00e9es. Ces espaces favorisent la progression par les retours du groupe, cr\u00e9ent des r\u00e9seaux de soutien, et ouvrent l\u2019acc\u00e8s \u00e0 des sc\u00e8nes locales. Les communaut\u00e9s en ligne, via des groupes sur les r\u00e9seaux sociaux, des forums ou des serveurs d\u00e9di\u00e9s, permettent de publier son <strong>texte<\/strong>, \u00e9changer des conseils sur les <strong>mots<\/strong>, annoncer des soir\u00e9es <strong>slam<\/strong> ou lancer des d\u00e9fis th\u00e9matiques hebdomadaires.<\/p>\n<ul>\n<li><strong>Ressources vid\u00e9o<\/strong>\u202f: archives de sc\u00e8nes nationales, captations de festivals, conf\u00e9rences sur la po\u00e9sie orale.<\/li>\n<li><strong>Recueils et essais<\/strong>\u202f: livres de textes de slam, \u00e9tudes universitaires sur la <strong>po\u00e9sie perform\u00e9e<\/strong>, guides d\u2019\u00e9criture.<\/li>\n<li><strong>Ateliers physiques<\/strong>\u202f: \u00e9coles, universit\u00e9s, biblioth\u00e8ques, structures de quartier.<\/li>\n<li><strong>Communaut\u00e9s num\u00e9riques<\/strong>\u202f: groupes th\u00e9matiques, concours d\u2019\u00e9criture \u00e0 distance, partages de captations.<\/li>\n<\/ul>\n<p>Nous insistons sur la dimension <u>communautaire et bienveillante<\/u> qui caract\u00e9rise la plupart des sc\u00e8nes. Le slam fonctionne souvent par mentorat informel\u202f: des artistes plus exp\u00e9riment\u00e9s accompagnent les nouveaux, partagent des retours constructifs, orientent vers d\u2019autres lieux. \u00c0 nos yeux, c\u2019est cette articulation entre <strong>texte<\/strong>, <strong>slam<\/strong> et <strong>mots<\/strong> partag\u00e9s qui fait du mouvement une v\u00e9ritable \u202f\u00e9cole populaire de la parole\u202f?, ouverte, horizontale et \u00e9volutive.<\/p>\n<h2>Conclusion : l\u2019impact du slam et l\u2019invitation \u00e0 cr\u00e9er<\/h2>\n<p>Le slam, tel que nous l\u2019observons aujourd\u2019hui sur les sc\u00e8nes francophones et internationales, s\u2019affirme comme une <u>po\u00e9sie vivante<\/u>, un <strong>art de la parole libre<\/strong> qui permet de dire le <strong>monde<\/strong>, d\u2019\u00e9noncer ce que l\u2019on <strong>aime<\/strong>, de questionner le <strong>pouvoir<\/strong>, de revendiquer sa <strong>libert\u00e9<\/strong> et son identit\u00e9. Un simple <strong>texte de slam<\/strong> peut toucher, faire r\u00e9fl\u00e9chir, apaiser, r\u00e9volter, rassembler. Le passage du statut de spectateur \u00e0 celui d\u2019auteur-interpr\u00e8te transforme profond\u00e9ment le rapport \u00e0 soi et aux autres\u202f: nous voyons des personnes tr\u00e8s r\u00e9serv\u00e9es devenir, au fil des sc\u00e8nes, des voix de r\u00e9f\u00e9rence dans leur communaut\u00e9.<\/p>\n<p>Nous vous encourageons \u00e0 \u00e9crire un premier texte, m\u00eame court, m\u00eame imparfait, \u00e0 le dire \u00e0 voix haute, puis \u00e0 le partager\u202f: lors d\u2019une sc\u00e8ne ouverte dans un bar, sur une vid\u00e9o publi\u00e9e sur un r\u00e9seau social, dans un atelier, ou simplement devant quelques proches. Chaque voix compte, chaque mot pos\u00e9 agrandit l\u2019espace collectif de la parole. Le slam n\u2019est pas fig\u00e9\u202f: il \u00e9volue avec les soci\u00e9t\u00e9s, les langues, les technologies, les luttes. Les prochains textes qui feront vibrer un bar de <strong>Saint-Denis<\/strong>, une salle de <strong>Montr\u00e9al<\/strong> ou un festival \u00e0 <strong>Dakar<\/strong> n\u2019existent pas encore\u202f: ils sont \u00e0 \u00e9crire, par vous, par \u202f<strong>nou<\/strong>\u202f?, par toutes celles et ceux qui ont quelque chose \u00e0 dire et d\u00e9cident d\u2019en faire une voix.<\/p>\n<div style=\"background: #e8f4f8;border: 3px solid #0073aa;padding: 20px;margin: 20px 0;border-radius: 8px\">\n<h2 style=\"color: #0073aa;text-align: center;margin-bottom: 15px\">\ud83d\udd27 Ressources Pratiques et Outils<\/h2>\n<div style=\"background: white;padding: 15px;margin: 10px 0;border-left: 4px solid #28a745\">\n<h3 style=\"color: #28a745;margin-bottom: 10px\">\ud83d\udccd Eur\u00eaka \u2013 Slameur pour entreprises<\/h3>\n<p>Pour des prestations de slam sur mesure pour s\u00e9minaires, \u00e9v\u00e9nements ou team building, contactez Eur\u00eaka. Ils proposent des ateliers de cr\u00e9ation de slam collectif, des performances live et des conf\u00e9rences inspirantes.<\/p>\n<p><strong>Zone d&rsquo;intervention :<\/strong> France, incluant Paris.<br \/>\n<strong>Site officiel :<\/strong> <a href=\"https:\/\/eureka-officiel.com\" rel=\"nofollow\" target=\"_blank\">eureka-officiel.com<\/a> (rubrique \u00ab S\u00e9minaires \u00bb).<br \/>\n<strong>Contact :<\/strong> Remplissez le formulaire de contact en ligne pour \u00eatre rappel\u00e9 sous 24h par t\u00e9l\u00e9phone.<\/p>\n<p><strong>Tarifs :<\/strong> Non affich\u00e9s publiquement ; t\u00e9l\u00e9chargez les infos d\u00e9taill\u00e9es via le site.<\/p>\n<p><strong>Ateliers :<\/strong> Dur\u00e9e de 30 minutes \u00e0 2 heures, pour des groupes de 4 \u00e0 1 500 personnes.<\/p>\n<\/div>\n<div style=\"background: white;padding: 15px;margin: 10px 0;border-left: 4px solid #007bff\">\n<h3 style=\"color: #007bff;margin-bottom: 10px\">\ud83d\udee0\ufe0f Outils et Calculateurs<\/h3>\n<p>Pour approfondir vos comp\u00e9tences en slam, explorez les ressources vid\u00e9o sur des cha\u00eenes d\u00e9di\u00e9es qui diffusent des captations de sc\u00e8nes et des masterclass. Ces outils peuvent vous aider \u00e0 am\u00e9liorer votre performance et votre \u00e9criture.<\/p>\n<\/div>\n<div style=\"background: white;padding: 15px;margin: 10px 0;border-left: 4px solid #6f42c1\">\n<h3 style=\"color: #6f42c1;margin-bottom: 10px\">\ud83d\udc65 Communaut\u00e9 et Experts<\/h3>\n<p>Participez \u00e0 des ateliers dans des structures comme des MJC, centres sociaux ou m\u00e9diath\u00e8ques municipales pour rencontrer d&rsquo;autres slameurs et partager vos textes. Rejoignez des communaut\u00e9s en ligne pour \u00e9changer des conseils et des performances.<\/p>\n<\/div>\n<div style=\"background: #fff3cd;padding: 15px;margin: 15px 0;border: 2px solid #ffc107;border-radius: 5px\">\n<strong style=\"color: #856404\">\ud83d\udca1 R\u00e9sum\u00e9 en 2 lignes :<\/strong><br \/>\n<span>Eur\u00eaka propose des prestations de slam sur mesure pour entreprises, incluant des ateliers et des performances. Explorez les ressources vid\u00e9o et rejoignez des communaut\u00e9s pour d\u00e9velopper vos comp\u00e9tences en slam.<\/span>\n<\/div>\n<\/div>\n","protected":false},"excerpt":{"rendered":"","protected":false},"author":34,"featured_media":7724,"comment_status":"open","ping_status":"open","sticky":false,"template":"","format":"standard","meta":{"_acf_changed":false,"manual_indexmenow":false,"indexmenow_id_project":0,"footnotes":""},"categories":[1],"tags":[4676,4531,4598],"class_list":["post-7722","post","type-post","status-publish","format-standard","has-post-thumbnail","hentry","category-a-la-une","tag-art-oratoire","tag-performance-artistique","tag-slam-poesie","generate-columns","tablet-grid-50","mobile-grid-100","grid-parent","grid-25"],"acf":[],"yoast_head":"<!-- This site is optimized with the Yoast SEO Premium plugin v21.3 (Yoast SEO v26.5) - https:\/\/yoast.com\/wordpress\/plugins\/seo\/ -->\n<title>Le slam : po\u00e9sie orale libre et expression artistique<\/title>\n<meta name=\"description\" content=\"Le slam de po\u00e9sie se d\u00e9finit d\u2019abord comme une forme de po\u00e9sie orale libre, centr\u00e9e sur le verbe et la performance sc\u00e9nique, g\u00e9n\u00e9ralement interpr\u00e9t\u00e9e\" \/>\n<meta name=\"robots\" content=\"index, follow, max-snippet:-1, max-image-preview:large, max-video-preview:-1\" \/>\n<link rel=\"canonical\" href=\"https:\/\/slams.fr\/blog\/a-la-une\/le-slam-une-poesie-orale-libre-performance-et-expression-artistique\/\" \/>\n<meta property=\"og:locale\" content=\"fr_FR\" \/>\n<meta property=\"og:type\" content=\"article\" \/>\n<meta property=\"og:title\" content=\"Le slam : po\u00e9sie orale libre et expression artistique\" \/>\n<meta property=\"og:description\" content=\"Le slam de po\u00e9sie se d\u00e9finit d\u2019abord comme une forme de po\u00e9sie orale libre, centr\u00e9e sur le verbe et la performance sc\u00e9nique, g\u00e9n\u00e9ralement interpr\u00e9t\u00e9e\" \/>\n<meta property=\"og:url\" content=\"https:\/\/slams.fr\/blog\/a-la-une\/le-slam-une-poesie-orale-libre-performance-et-expression-artistique\/\" \/>\n<meta property=\"og:site_name\" content=\"slams\" \/>\n<meta property=\"og:image\" content=\"https:\/\/slams.fr\/blog\/wp-content\/uploads\/2025\/12\/pag-image-693be77192909-scaled.png\" \/>\n\t<meta property=\"og:image:width\" content=\"1200\" \/>\n\t<meta property=\"og:image:height\" content=\"686\" \/>\n\t<meta property=\"og:image:type\" content=\"image\/png\" \/>\n<meta name=\"author\" content=\"Rapha\u00ebl D.\" \/>\n<meta name=\"twitter:card\" content=\"summary_large_image\" \/>\n<script type=\"application\/ld+json\" class=\"yoast-schema-graph\">{\"@context\":\"https:\/\/schema.org\",\"@graph\":[{\"@type\":\"NewsArticle\",\"@id\":\"https:\/\/slams.fr\/blog\/a-la-une\/le-slam-une-poesie-orale-libre-performance-et-expression-artistique\/#article\",\"isPartOf\":{\"@id\":\"https:\/\/slams.fr\/blog\/a-la-une\/le-slam-une-poesie-orale-libre-performance-et-expression-artistique\/\"},\"author\":{\"name\":\"Rapha\u00ebl D.\",\"@id\":\"https:\/\/slams.fr\/blog\/#\/schema\/person\/3c864cdc320801e3db34b663e7e3f816\"},\"headline\":\"Le slam : une po\u00e9sie orale libre, performance et expression artistique\",\"datePublished\":\"2026-02-23T08:53:00+00:00\",\"mainEntityOfPage\":{\"@id\":\"https:\/\/slams.fr\/blog\/a-la-une\/le-slam-une-poesie-orale-libre-performance-et-expression-artistique\/\"},\"wordCount\":3609,\"commentCount\":0,\"publisher\":{\"@id\":\"https:\/\/slams.fr\/blog\/#organization\"},\"image\":{\"@id\":\"https:\/\/slams.fr\/blog\/a-la-une\/le-slam-une-poesie-orale-libre-performance-et-expression-artistique\/#primaryimage\"},\"thumbnailUrl\":\"https:\/\/slams.fr\/blog\/wp-content\/uploads\/2025\/12\/pag-image-693be77192909-scaled.png\",\"keywords\":[\"art oratoire\",\"Performance Artistique\",\"slam poesie\"],\"articleSection\":[\"\u00c0 la une\"],\"inLanguage\":\"fr-FR\",\"potentialAction\":[{\"@type\":\"CommentAction\",\"name\":\"Comment\",\"target\":[\"https:\/\/slams.fr\/blog\/a-la-une\/le-slam-une-poesie-orale-libre-performance-et-expression-artistique\/#respond\"]}]},{\"@type\":\"WebPage\",\"@id\":\"https:\/\/slams.fr\/blog\/a-la-une\/le-slam-une-poesie-orale-libre-performance-et-expression-artistique\/\",\"url\":\"https:\/\/slams.fr\/blog\/a-la-une\/le-slam-une-poesie-orale-libre-performance-et-expression-artistique\/\",\"name\":\"Le slam : po\u00e9sie orale libre et expression artistique\",\"isPartOf\":{\"@id\":\"https:\/\/slams.fr\/blog\/#website\"},\"primaryImageOfPage\":{\"@id\":\"https:\/\/slams.fr\/blog\/a-la-une\/le-slam-une-poesie-orale-libre-performance-et-expression-artistique\/#primaryimage\"},\"image\":{\"@id\":\"https:\/\/slams.fr\/blog\/a-la-une\/le-slam-une-poesie-orale-libre-performance-et-expression-artistique\/#primaryimage\"},\"thumbnailUrl\":\"https:\/\/slams.fr\/blog\/wp-content\/uploads\/2025\/12\/pag-image-693be77192909-scaled.png\",\"datePublished\":\"2026-02-23T08:53:00+00:00\",\"description\":\"Le slam de po\u00e9sie se d\u00e9finit d\u2019abord comme une forme de po\u00e9sie orale libre, centr\u00e9e sur le verbe et la performance sc\u00e9nique, g\u00e9n\u00e9ralement interpr\u00e9t\u00e9e\",\"inLanguage\":\"fr-FR\",\"potentialAction\":[{\"@type\":\"ReadAction\",\"target\":[\"https:\/\/slams.fr\/blog\/a-la-une\/le-slam-une-poesie-orale-libre-performance-et-expression-artistique\/\"]}]},{\"@type\":\"ImageObject\",\"inLanguage\":\"fr-FR\",\"@id\":\"https:\/\/slams.fr\/blog\/a-la-une\/le-slam-une-poesie-orale-libre-performance-et-expression-artistique\/#primaryimage\",\"url\":\"https:\/\/slams.fr\/blog\/wp-content\/uploads\/2025\/12\/pag-image-693be77192909-scaled.png\",\"contentUrl\":\"https:\/\/slams.fr\/blog\/wp-content\/uploads\/2025\/12\/pag-image-693be77192909-scaled.png\",\"width\":1200,\"height\":686,\"caption\":\"Image g\u00e9n\u00e9r\u00e9e par IA optimis\u00e9e pour Google Discover\"},{\"@type\":\"WebSite\",\"@id\":\"https:\/\/slams.fr\/blog\/#website\",\"url\":\"https:\/\/slams.fr\/blog\/\",\"name\":\"slams.fr\",\"description\":\"Slams, l&#039;\u00e9nergie des mots en action\",\"publisher\":{\"@id\":\"https:\/\/slams.fr\/blog\/#organization\"},\"alternateName\":\"Slams, l'\u00e9nergie des mots en action\",\"potentialAction\":[{\"@type\":\"SearchAction\",\"target\":{\"@type\":\"EntryPoint\",\"urlTemplate\":\"https:\/\/slams.fr\/blog\/?s={search_term_string}\"},\"query-input\":{\"@type\":\"PropertyValueSpecification\",\"valueRequired\":true,\"valueName\":\"search_term_string\"}}],\"inLanguage\":\"fr-FR\"},{\"@type\":\"Organization\",\"@id\":\"https:\/\/slams.fr\/blog\/#organization\",\"name\":\"Foretsensations.fr\",\"url\":\"https:\/\/slams.fr\/blog\/\",\"logo\":{\"@type\":\"ImageObject\",\"inLanguage\":\"fr-FR\",\"@id\":\"https:\/\/slams.fr\/blog\/#\/schema\/logo\/image\/\",\"url\":\"https:\/\/slams.fr\/blog\/wp-content\/uploads\/2026\/07\/logo-auto-1.png\",\"contentUrl\":\"https:\/\/slams.fr\/blog\/wp-content\/uploads\/2026\/07\/logo-auto-1.png\",\"width\":1024,\"height\":1024,\"caption\":\"Foretsensations.fr\"},\"image\":{\"@id\":\"https:\/\/slams.fr\/blog\/#\/schema\/logo\/image\/\"}},{\"@type\":\"Person\",\"@id\":\"https:\/\/slams.fr\/blog\/#\/schema\/person\/3c864cdc320801e3db34b663e7e3f816\",\"name\":\"Rapha\u00ebl D.\",\"image\":{\"@type\":\"ImageObject\",\"inLanguage\":\"fr-FR\",\"@id\":\"https:\/\/slams.fr\/blog\/#\/schema\/person\/image\/\",\"url\":\"https:\/\/slams.fr\/blog\/wp-content\/uploads\/2026\/06\/persona_raphael-d-96x96.jpg\",\"contentUrl\":\"https:\/\/slams.fr\/blog\/wp-content\/uploads\/2026\/06\/persona_raphael-d-96x96.jpg\",\"caption\":\"Rapha\u00ebl D.\"},\"description\":\"La culture est mon terrain de jeu depuis une dizaine d'ann\u00e9es : arts visuels, s\u00e9ries, cr\u00e9ation et tout ce qui nourrit l'imaginaire. J'\u00e9cris aussi bien sur l'actualit\u00e9 des \u0153uvres que sur les coulisses de la cr\u00e9ation, avec l'envie de relier l'amateur curieux \u00e0 des univers parfois jug\u00e9s intimidants. J'aime analyser une s\u00e9rie ou une d\u00e9marche artistique sans p\u00e9dantisme, replacer une \u0153uvre dans son contexte et donner des cl\u00e9s de lecture accessibles. Avant de publier, je v\u00e9rifie mes r\u00e9f\u00e9rences, je recoupe les sources et je distingue clairement le fait de mon interpr\u00e9tation subjective. Je crois qu'une critique vaut surtout par les arguments qu'elle expose, pas par la sentence qu'elle rend. Mon angle : transmettre l'envie de d\u00e9couvrir, de regarder autrement et de se forger son propre go\u00fbt. La culture n'appartient pas qu'aux initi\u00e9s, et c'est tout l'enjeu de mon \u00e9criture.\",\"url\":\"https:\/\/slams.fr\/blog\/auteur\/raphael-d\/\",\"jobTitle\":\"R\u00e9dacteur en chef \u00b7 Culture & Cr\u00e9ation\",\"knowsAbout\":[\"Culture\",\"Cr\u00e9ation\"],\"email\":\"raphael.d@a-l-asso-de-l-art.fr\"}]}<\/script>\n<!-- \/ Yoast SEO Premium plugin. -->","yoast_head_json":{"title":"Le slam : po\u00e9sie orale libre et expression artistique","description":"Le slam de po\u00e9sie se d\u00e9finit d\u2019abord comme une forme de po\u00e9sie orale libre, centr\u00e9e sur le verbe et la performance sc\u00e9nique, g\u00e9n\u00e9ralement interpr\u00e9t\u00e9e","robots":{"index":"index","follow":"follow","max-snippet":"max-snippet:-1","max-image-preview":"max-image-preview:large","max-video-preview":"max-video-preview:-1"},"canonical":"https:\/\/slams.fr\/blog\/a-la-une\/le-slam-une-poesie-orale-libre-performance-et-expression-artistique\/","og_locale":"fr_FR","og_type":"article","og_title":"Le slam : po\u00e9sie orale libre et expression artistique","og_description":"Le slam de po\u00e9sie se d\u00e9finit d\u2019abord comme une forme de po\u00e9sie orale libre, centr\u00e9e sur le verbe et la performance sc\u00e9nique, g\u00e9n\u00e9ralement interpr\u00e9t\u00e9e","og_url":"https:\/\/slams.fr\/blog\/a-la-une\/le-slam-une-poesie-orale-libre-performance-et-expression-artistique\/","og_site_name":"slams","og_image":[{"width":1200,"height":686,"url":"https:\/\/slams.fr\/blog\/wp-content\/uploads\/2025\/12\/pag-image-693be77192909-scaled.png","type":"image\/png"}],"author":"Rapha\u00ebl D.","twitter_card":"summary_large_image","schema":{"@context":"https:\/\/schema.org","@graph":[{"@type":"NewsArticle","@id":"https:\/\/slams.fr\/blog\/a-la-une\/le-slam-une-poesie-orale-libre-performance-et-expression-artistique\/#article","isPartOf":{"@id":"https:\/\/slams.fr\/blog\/a-la-une\/le-slam-une-poesie-orale-libre-performance-et-expression-artistique\/"},"author":{"name":"Rapha\u00ebl D.","@id":"https:\/\/slams.fr\/blog\/#\/schema\/person\/3c864cdc320801e3db34b663e7e3f816"},"headline":"Le slam : une po\u00e9sie orale libre, performance et expression artistique","datePublished":"2026-02-23T08:53:00+00:00","mainEntityOfPage":{"@id":"https:\/\/slams.fr\/blog\/a-la-une\/le-slam-une-poesie-orale-libre-performance-et-expression-artistique\/"},"wordCount":3609,"commentCount":0,"publisher":{"@id":"https:\/\/slams.fr\/blog\/#organization"},"image":{"@id":"https:\/\/slams.fr\/blog\/a-la-une\/le-slam-une-poesie-orale-libre-performance-et-expression-artistique\/#primaryimage"},"thumbnailUrl":"https:\/\/slams.fr\/blog\/wp-content\/uploads\/2025\/12\/pag-image-693be77192909-scaled.png","keywords":["art oratoire","Performance Artistique","slam poesie"],"articleSection":["\u00c0 la une"],"inLanguage":"fr-FR","potentialAction":[{"@type":"CommentAction","name":"Comment","target":["https:\/\/slams.fr\/blog\/a-la-une\/le-slam-une-poesie-orale-libre-performance-et-expression-artistique\/#respond"]}]},{"@type":"WebPage","@id":"https:\/\/slams.fr\/blog\/a-la-une\/le-slam-une-poesie-orale-libre-performance-et-expression-artistique\/","url":"https:\/\/slams.fr\/blog\/a-la-une\/le-slam-une-poesie-orale-libre-performance-et-expression-artistique\/","name":"Le slam : po\u00e9sie orale libre et expression artistique","isPartOf":{"@id":"https:\/\/slams.fr\/blog\/#website"},"primaryImageOfPage":{"@id":"https:\/\/slams.fr\/blog\/a-la-une\/le-slam-une-poesie-orale-libre-performance-et-expression-artistique\/#primaryimage"},"image":{"@id":"https:\/\/slams.fr\/blog\/a-la-une\/le-slam-une-poesie-orale-libre-performance-et-expression-artistique\/#primaryimage"},"thumbnailUrl":"https:\/\/slams.fr\/blog\/wp-content\/uploads\/2025\/12\/pag-image-693be77192909-scaled.png","datePublished":"2026-02-23T08:53:00+00:00","description":"Le slam de po\u00e9sie se d\u00e9finit d\u2019abord comme une forme de po\u00e9sie orale libre, centr\u00e9e sur le verbe et la performance sc\u00e9nique, g\u00e9n\u00e9ralement interpr\u00e9t\u00e9e","inLanguage":"fr-FR","potentialAction":[{"@type":"ReadAction","target":["https:\/\/slams.fr\/blog\/a-la-une\/le-slam-une-poesie-orale-libre-performance-et-expression-artistique\/"]}]},{"@type":"ImageObject","inLanguage":"fr-FR","@id":"https:\/\/slams.fr\/blog\/a-la-une\/le-slam-une-poesie-orale-libre-performance-et-expression-artistique\/#primaryimage","url":"https:\/\/slams.fr\/blog\/wp-content\/uploads\/2025\/12\/pag-image-693be77192909-scaled.png","contentUrl":"https:\/\/slams.fr\/blog\/wp-content\/uploads\/2025\/12\/pag-image-693be77192909-scaled.png","width":1200,"height":686,"caption":"Image g\u00e9n\u00e9r\u00e9e par IA optimis\u00e9e pour Google Discover"},{"@type":"WebSite","@id":"https:\/\/slams.fr\/blog\/#website","url":"https:\/\/slams.fr\/blog\/","name":"slams.fr","description":"Slams, l&#039;\u00e9nergie des mots en action","publisher":{"@id":"https:\/\/slams.fr\/blog\/#organization"},"alternateName":"Slams, l'\u00e9nergie des mots en action","potentialAction":[{"@type":"SearchAction","target":{"@type":"EntryPoint","urlTemplate":"https:\/\/slams.fr\/blog\/?s={search_term_string}"},"query-input":{"@type":"PropertyValueSpecification","valueRequired":true,"valueName":"search_term_string"}}],"inLanguage":"fr-FR"},{"@type":"Organization","@id":"https:\/\/slams.fr\/blog\/#organization","name":"Foretsensations.fr","url":"https:\/\/slams.fr\/blog\/","logo":{"@type":"ImageObject","inLanguage":"fr-FR","@id":"https:\/\/slams.fr\/blog\/#\/schema\/logo\/image\/","url":"https:\/\/slams.fr\/blog\/wp-content\/uploads\/2026\/07\/logo-auto-1.png","contentUrl":"https:\/\/slams.fr\/blog\/wp-content\/uploads\/2026\/07\/logo-auto-1.png","width":1024,"height":1024,"caption":"Foretsensations.fr"},"image":{"@id":"https:\/\/slams.fr\/blog\/#\/schema\/logo\/image\/"}},{"@type":"Person","@id":"https:\/\/slams.fr\/blog\/#\/schema\/person\/3c864cdc320801e3db34b663e7e3f816","name":"Rapha\u00ebl D.","image":{"@type":"ImageObject","inLanguage":"fr-FR","@id":"https:\/\/slams.fr\/blog\/#\/schema\/person\/image\/","url":"https:\/\/slams.fr\/blog\/wp-content\/uploads\/2026\/06\/persona_raphael-d-96x96.jpg","contentUrl":"https:\/\/slams.fr\/blog\/wp-content\/uploads\/2026\/06\/persona_raphael-d-96x96.jpg","caption":"Rapha\u00ebl D."},"description":"La culture est mon terrain de jeu depuis une dizaine d'ann\u00e9es : arts visuels, s\u00e9ries, cr\u00e9ation et tout ce qui nourrit l'imaginaire. J'\u00e9cris aussi bien sur l'actualit\u00e9 des \u0153uvres que sur les coulisses de la cr\u00e9ation, avec l'envie de relier l'amateur curieux \u00e0 des univers parfois jug\u00e9s intimidants. J'aime analyser une s\u00e9rie ou une d\u00e9marche artistique sans p\u00e9dantisme, replacer une \u0153uvre dans son contexte et donner des cl\u00e9s de lecture accessibles. Avant de publier, je v\u00e9rifie mes r\u00e9f\u00e9rences, je recoupe les sources et je distingue clairement le fait de mon interpr\u00e9tation subjective. Je crois qu'une critique vaut surtout par les arguments qu'elle expose, pas par la sentence qu'elle rend. Mon angle : transmettre l'envie de d\u00e9couvrir, de regarder autrement et de se forger son propre go\u00fbt. La culture n'appartient pas qu'aux initi\u00e9s, et c'est tout l'enjeu de mon \u00e9criture.","url":"https:\/\/slams.fr\/blog\/auteur\/raphael-d\/","jobTitle":"R\u00e9dacteur en chef \u00b7 Culture & Cr\u00e9ation","knowsAbout":["Culture","Cr\u00e9ation"],"email":"raphael.d@a-l-asso-de-l-art.fr"}]}},"_links":{"self":[{"href":"https:\/\/slams.fr\/blog\/wp-json\/wp\/v2\/posts\/7722","targetHints":{"allow":["GET"]}}],"collection":[{"href":"https:\/\/slams.fr\/blog\/wp-json\/wp\/v2\/posts"}],"about":[{"href":"https:\/\/slams.fr\/blog\/wp-json\/wp\/v2\/types\/post"}],"author":[{"embeddable":true,"href":"https:\/\/slams.fr\/blog\/wp-json\/wp\/v2\/users\/34"}],"replies":[{"embeddable":true,"href":"https:\/\/slams.fr\/blog\/wp-json\/wp\/v2\/comments?post=7722"}],"version-history":[{"count":1,"href":"https:\/\/slams.fr\/blog\/wp-json\/wp\/v2\/posts\/7722\/revisions"}],"predecessor-version":[{"id":7771,"href":"https:\/\/slams.fr\/blog\/wp-json\/wp\/v2\/posts\/7722\/revisions\/7771"}],"wp:featuredmedia":[{"embeddable":true,"href":"https:\/\/slams.fr\/blog\/wp-json\/wp\/v2\/media\/7724"}],"wp:attachment":[{"href":"https:\/\/slams.fr\/blog\/wp-json\/wp\/v2\/media?parent=7722"}],"wp:term":[{"taxonomy":"category","embeddable":true,"href":"https:\/\/slams.fr\/blog\/wp-json\/wp\/v2\/categories?post=7722"},{"taxonomy":"post_tag","embeddable":true,"href":"https:\/\/slams.fr\/blog\/wp-json\/wp\/v2\/tags?post=7722"}],"curies":[{"name":"wp","href":"https:\/\/api.w.org\/{rel}","templated":true}]}}