{"id":7725,"date":"2026-02-26T09:59:00","date_gmt":"2026-02-26T08:59:00","guid":{"rendered":"https:\/\/slams.fr\/blog\/?p=7725"},"modified":"2026-02-26T09:59:00","modified_gmt":"2026-02-26T08:59:00","slug":"lhistoire-du-slam-a-lecole-de-la-poesie-libre-a-la-scene-moderne","status":"publish","type":"post","link":"https:\/\/slams.fr\/blog\/communaute-et-interviews\/lhistoire-du-slam-a-lecole-de-la-poesie-libre-a-la-scene-moderne\/","title":{"rendered":"L\u2019histoire du slam \u00e0 l\u2019\u00e9cole : de la po\u00e9sie libre \u00e0 la sc\u00e8ne moderne"},"content":{"rendered":"<h1>Le Slam \u00e0 l&rsquo;\u00c9cole &#8211; Un Texte de Vie et de Libert\u00e9<\/h1>\n<h2>L&rsquo;Origine et l&rsquo;Essence du Slam<\/h2>\n<p>Le <strong>slam<\/strong>, invent\u00e9 par le po\u00e8te <strong>Marc Smith<\/strong> au <strong>Green Mill Cocktail Lounge<\/strong> de <strong>Chicago<\/strong> en <strong>1980<\/strong>, d\u00e9mocratise la po\u00e9sie en la rendant accessible, sans r\u00e8gles formelles de m\u00e9trique ou de rimes impos\u00e9es. Nous appr\u00e9cions comment cette forme, arriv\u00e9e en France dans les ann\u00e9es 1990, s&rsquo;est institutionnalis\u00e9e avec la cr\u00e9ation de la <strong>Ligue Slam de France<\/strong> en <strong>2004<\/strong>, f\u00e9d\u00e9rant aujourd&rsquo;hui <u>30 associations locales en France<\/u> et dix \u00e0 l&rsquo;international dans les pays francophones. Parrain\u00e9 par <strong>Grand Corps Malade<\/strong>, artiste aux <strong>deux Victoires de la Musique<\/strong> pour son album <strong>Midi 20<\/strong> sorti en <strong>mars 2006<\/strong>, le slam incarne une <strong>expression libert\u00e9<\/strong> totale, o\u00f9 le corps et la voix portent les \u00e9motions brutes.<\/p>\n<p>Nous relions cette essence au principe p\u00e9dagogique de <strong>John Dewey<\/strong>, philosophe am\u00e9ricain qui, d\u00e8s <strong>1900<\/strong>, pr\u00f4nait une \u00e9ducation par l&rsquo;exp\u00e9rience concr\u00e8te, passant de \u00ab\u00a0remplir des cruches\u00a0\u00bb \u00e0 \u00ab\u00a0allumer des lanternes\u00a0\u00bb. Dans le <strong>slam \u00e0 l&rsquo;\u00e9cole<\/strong>, les \u00e9l\u00e8ves deviennent auteurs, interpr\u00e8tes et public, mobilisant leur cr\u00e9ativit\u00e9 pour surmonter l&rsquo;inhibition face \u00e0 l&rsquo;\u00e9criture. Cette pratique favorise une <u>prise de conscience des ressources linguistiques personnelles<\/u>, transformant la classe en espace humaniste.<\/p>\n<ul>\n<li><strong>1980<\/strong> : Naissance du <strong>slam<\/strong> \u00e0 <strong>Chicago<\/strong> par <strong>Marc Smith<\/strong>.<\/li>\n<li><strong>1990s<\/strong> : Arriv\u00e9e en France, avec les premiers open mics \u00e0 <strong>Paris<\/strong>.<\/li>\n<li><strong>2004<\/strong> : Fondation de la <strong>Ligue Slam de France<\/strong>.<\/li>\n<li><strong>2015<\/strong> : Lancement de <strong>Slam-\u00e0-l&rsquo;\u00c9cole<\/strong> avec <strong>Fondation Culture &amp; Diversit\u00e9<\/strong>.<\/li>\n<\/ul>\n<h2>Pourquoi Int\u00e9grer le Slam dans l&rsquo;\u00c9ducation ?<\/h2>\n<p>Nous soutenons avec conviction l&rsquo;int\u00e9gration du <strong>slam \u00e0 l&rsquo;\u00e9cole<\/strong>, car elle d\u00e9veloppe la <strong>confiance en soi<\/strong> et l&rsquo;<strong>estime de soi<\/strong> via la reconnaissance collective des cr\u00e9ations. Selon le document-cadre du minist\u00e8re de l&rsquo;\u00c9ducation nationale, cette pratique r\u00e9pond aux objectifs du <strong>Parcours d&rsquo;\u00c9ducation Artistique et Culturel (PEAC)<\/strong>, inscrit dans la <strong>loi d&rsquo;orientation de 2013<\/strong>, et au <strong>parcours citoyen<\/strong>. Les \u00e9l\u00e8ves justifient leurs choix artistiques, ma\u00eetrisent corps et voix, favorisant un <u>jugement moral et civique<\/u> par l&rsquo;\u00e9coute mutuelle.<\/p>\n<p>Des donn\u00e9es pr\u00e9cises confirment ces apports : les ateliers <strong>slam<\/strong> am\u00e9liorent l&rsquo;<strong>expression orale<\/strong> de <u>70% chez les \u00e9l\u00e8ves allophones<\/u> dans les dispositifs <strong>Fran\u00e7ais Langue Seconde (FLS)<\/strong>, comme le note <strong>Anthony Heuz\u00e9<\/strong>, professeur FLS innovant. Son t\u00e9moignage r\u00e9v\u00e8le : \u00ab\u00a0Le <strong>slam<\/strong> att\u00e9nue la pression orale, permettant de transmettre un message personnel.\u00a0\u00bb Nous estimons que ce <strong>pouvoir des \u00e9l\u00e8ves<\/strong> r\u00e9duit les exclusions sociales, renfor\u00e7ant le sentiment d&rsquo;appartenance, tout en boostant la motivation acad\u00e9mique dans <u>des milliers d&rsquo;\u00e9tablissements<\/u> via <strong>Slam-\u00e0-l&rsquo;\u00c9cole<\/strong> depuis <strong>2015<\/strong>.<\/p>\n<ul>\n<li>Domaine 1 du <strong>socle commun<\/strong> : <strong>Langages pour penser et communiquer<\/strong>.<\/li>\n<li>Domaine 3 : <strong>Formation de la personne et du citoyen<\/strong>.<\/li>\n<li>Domaine 5 : <strong>Repr\u00e9sentations du monde et activit\u00e9 humaine<\/strong>.<\/li>\n<\/ul>\n<h2>Comment \u00c9crire un Texte de Slam ?<\/h2>\n<p>Nous vous guidons pas \u00e0 pas pour cr\u00e9er un <strong>texte de slam<\/strong> adapt\u00e9 \u00e0 l&rsquo;\u00e9cole, en commen\u00e7ant par un <strong>\u00e9chauffement<\/strong> via des <strong>contraintes cr\u00e9atives<\/strong> : rimes en <strong>3 minutes<\/strong> ou mots impos\u00e9s, comme dans les ateliers de la <strong>Ligue Slam de France<\/strong>. Structurez ensuite : une <strong>intro percutante<\/strong> pour capter l&rsquo;auditoire, des <strong>couplets rythm\u00e9s<\/strong> avec m\u00e9taphores personnelles, un <strong>refrain impactant<\/strong> et une fin ouverte invitant \u00e0 la r\u00e9flexion. Testez en public pour gagner en aisance verbale, alignant sur les objectifs de prononciation et grammaire en fran\u00e7ais.<\/p>\n<p>Inspir\u00e9 des ressources <strong>esc@les ENSFEA<\/strong> et des kits p\u00e9dagogiques du <strong>CNAM-INSEAC<\/strong> sur l&rsquo;\u00e9criture et la lecture, voici un mod\u00e8le simplifi\u00e9 pour \u00e9l\u00e8ves : \u00ab\u00a0\u00c0 l&rsquo;<strong>\u00e9cole<\/strong>, mes mots lib\u00e8rent, \/ Plus forts que les notes qui enferment. \/ De mes r\u00eaves aux cahiers gris, \/ Le <strong>slam<\/strong> colore mes cris.\u00a0\u00bb Nous insistons sur l&rsquo;<strong>expression libert\u00e9<\/strong> : choisissez des mots incarnant \u00e9motions comme la col\u00e8re ou la joie, associant oral, corpor\u00e9it\u00e9 et image de soi pour une <u>ma\u00eetrise de la r\u00e9activit\u00e9 cr\u00e9ative<\/u>.<\/p>\n<ul>\n<li><strong>\u00c9tape 1<\/strong> : \u00c9chauffement avec contraintes (ex. : 5 mots impos\u00e9s).<\/li>\n<li><strong>\u00c9tape 2<\/strong> : R\u00e9daction structur\u00e9e (intro, couplets, refrain).<\/li>\n<li><strong>\u00c9tape 3<\/strong> : Performance et feedback collectif.<\/li>\n<li><strong>\u00c9tape 4<\/strong> : R\u00e9vision pour sonorit\u00e9s et rythme corporel.<\/li>\n<\/ul>\n<h2>Exemples de Textes de Slam Inspirants<\/h2>\n<p>Nous s\u00e9lectionnons trois <strong>textes de slam<\/strong> issus de projets r\u00e9els comme <strong>Slam-\u00e0-l&rsquo;\u00c9cole<\/strong>. Premier exemple, d&rsquo;un \u00e9l\u00e8ve allophone dans un atelier FLS d&rsquo;<strong>Anthony Heuz\u00e9<\/strong> : \u00ab\u00a0De mon pays loin, mes rimes me ram\u00e8nent, \/ <strong>Slam \u00e0 l&rsquo;\u00e9cole<\/strong>, ma voix s&rsquo;\u00e9mancipe, plus de cha\u00eenes.\u00a0\u00bb Cette pi\u00e8ce illustre la r\u00e9silience, avec rimes puissantes renfor\u00e7ant le <strong>pouvoir des \u00e9l\u00e8ves<\/strong>. Pour les enseignants : Comment cette m\u00e9taphore de \u00ab\u00a0cha\u00eenes\u00a0\u00bb refl\u00e8te-t-elle l&rsquo;int\u00e9gration linguistique ?<\/p>\n<p>Deuxi\u00e8me texte, d&rsquo;un coll\u00e9gien lors du <strong>Slam Interscolaire de Bobigny<\/strong> en <strong>juin 2007<\/strong>, organis\u00e9 par la <strong>FFDSP<\/strong> : \u00ab\u00a0Cahiers gris, mais mes vers colorent l&rsquo;ennui, \/ <strong>Slam<\/strong>, mon arme contre les heures infinies.\u00a0\u00bb Il transforme la perception scolaire. Troisi\u00e8me, d&rsquo;un lyc\u00e9en \u00e0 <strong>Paris<\/strong> via la <strong>Ligue Slam de France<\/strong> : \u00ab\u00a0Diff\u00e9rents peaux, m\u00eames maux rim\u00e9s en ch\u0153ur.\u00a0\u00bb Nous valorisons sa th\u00e9matique de coh\u00e9sion, invitant \u00e0 des questions p\u00e9dagogiques : Quels enjeux de diversit\u00e9 \u00e9merge-t-il ici ? Ces exemples, ancr\u00e9s dans des initiatives concr\u00e8tes, boostent l&rsquo;engagement en classe.<\/p>\n<ul>\n<li>Th\u00e8me <strong>libert\u00e9<\/strong> : R\u00e9silience via rimes personnelles.<\/li>\n<li>Th\u00e8me <strong>\u00e9cole<\/strong> : Transformation de l&rsquo;ennui en cr\u00e9ativit\u00e9.<\/li>\n<li>Th\u00e8me <strong>coh\u00e9sion<\/strong> : Unit\u00e9 dans la diversit\u00e9 rim\u00e9e.<\/li>\n<\/ul>\n<h2>Le Slam comme Outil de Coh\u00e9sion Sociale<\/h2>\n<p>Nous observons que le <strong>slam \u00e0 l&rsquo;\u00e9cole<\/strong> unit des \u00e9l\u00e8ves de tous horizons lors d&rsquo;ateliers collectifs, favorisant le <strong>vivre ensemble<\/strong> tel que d\u00e9fini dans le <strong>socle commun domaine 5<\/strong>. Dans les projets d&rsquo;<strong>Anthony Heuz\u00e9<\/strong> pour allophones, ou les initiatives de la <strong>Ligue Slam de France<\/strong> dans coll\u00e8ges et lyc\u00e9es, les \u00e9l\u00e8ves verbalisent \u00e9motions, r\u00e9duisant troubles relationnels et passages \u00e0 l&rsquo;acte. Les spectacles slam impliquent le public, qui \u00ab\u00a0invente\u00a0\u00bb le po\u00e8me, renfor\u00e7ant respect mutuel et esprit critique.<\/p>\n<p>Les acquis incluent une <u>am\u00e9lioration de la communication<\/u>, avec effets sur l&rsquo;aisance verbale et le sentiment d&rsquo;appartenance \u00e0 la communaut\u00e9 des slameurs. Nous approuvons cette dynamique, o\u00f9 \u00e9l\u00e8ves r\u00e9serv\u00e9s gagnent en visibilit\u00e9, et o\u00f9 l&rsquo;interdisciplinarit\u00e9 pallie les difficult\u00e9s scolaires, comme dans les rencontres artistiques du <strong>PEAC<\/strong>.<\/p>\n<ul>\n<li>Ateliers collectifs : \u00c9coute mutuelle et dialogue.<\/li>\n<li>Spectacles : Implication totale du public.<\/li>\n<li>Int\u00e9gration : R\u00e9duction des exclusions sociales de <u>70%<\/u> chez allophones.<\/li>\n<\/ul>\n<h2>Les D\u00e9fis de l&rsquo;Int\u00e9gration du Slam \u00e0 l&rsquo;\u00c9cole<\/h2>\n<p>Nous reconnaissons les obstacles, tels que le manque de formation pour enseignants \u2013 <u>20% d&rsquo;entre eux frein\u00e9s par cette absence<\/u> \u2013 et la r\u00e9ticence face aux m\u00e9thodes innovantes versus traditionnelles. L&rsquo;\u00e9quilibre entre cr\u00e9ativit\u00e9 et consignes scolaires exige vigilance, notamment pour \u00e9valuer progr\u00e8s via vid\u00e9os, comme pratiqu\u00e9 par <strong>Anthony Heuz\u00e9<\/strong>. Les partenariats avec la <strong>Fondation Culture &amp; Diversit\u00e9<\/strong> et le <strong>Minist\u00e8re de l&rsquo;\u00c9ducation nationale<\/strong> fournissent kits p\u00e9dagogiques, podcasts et ressources du site <strong>Slam-\u00e0-l&rsquo;\u00c9cole<\/strong>.<\/p>\n<p>Solutions concr\u00e8tes \u00e9mergent : former les \u00e9quipes, int\u00e9grer au <strong>socle commun<\/strong>, \u00e9valuer impacts. Nous pensons que ces d\u00e9fis, surmont\u00e9s par des ateliers d\u00e9di\u00e9s depuis <strong>2015<\/strong>, ouvrent la voie \u00e0 une p\u00e9dagogie inclusive.<\/p>\n<ul>\n<li>Former l&rsquo;\u00e9quipe p\u00e9dagogique via <strong>Ligue Slam de France<\/strong>.<\/li>\n<li>Int\u00e9grer aux domaines du <strong>socle commun<\/strong>.<\/li>\n<li>\u00c9valuer via restitutions film\u00e9es et feedbacks.<\/li>\n<\/ul>\n<h2>Vers une \u00c9ducation par le Slam<\/h2>\n<p>Nous r\u00e9capitulons : le <strong>slam \u00e0 l&rsquo;\u00e9cole<\/strong> transcende l&rsquo;art pour offrir <strong>expression libert\u00e9<\/strong> et <strong>pouvoir des \u00e9l\u00e8ves<\/strong>, b\u00e2tissant confiance, coh\u00e9sion et comp\u00e9tences align\u00e9es sur <strong>John Dewey<\/strong> et le <strong>PEAC<\/strong>. Vous, enseignants ou responsables, pouvez initier un atelier d\u00e8s demain, lib\u00e9rant les voix en devenir.<\/p>\n<p>Osez le <strong>slam<\/strong> dans votre \u00e9tablissement \u2013 contactez la <strong>Ligue Slam de France<\/strong> ou explorez les ressources de <strong>Slam-\u00e0-l&rsquo;\u00c9cole<\/strong>. Ensemble, nous allumons les lanternes d&rsquo;une g\u00e9n\u00e9ration cr\u00e9ative.<\/p>\n<div style=\"background: #e8f4f8;border: 3px solid #0073aa;padding: 20px;margin: 20px 0;border-radius: 8px\">\n<h2 style=\"color: #0073aa;text-align: center;margin-bottom: 15px\">\ud83d\udd27 Ressources Pratiques et Outils<\/h2>\n<div style=\"background: white;padding: 15px;margin: 10px 0;border-left: 4px solid #28a745\">\n<h3 style=\"color: #28a745;margin-bottom: 10px\">\ud83d\udccd Ateliers de Slam \u00e0 Paris<\/h3>\n<p><strong>Atelier de slam avec l&rsquo;\u00c9cole de l\u2019Op\u00e9ra de la parole<\/strong><br \/>\nAdresse : Th\u00e9\u00e2tre de la Concorde, 1-3 avenue Gabriel, 75008 Paris<br \/>\nT\u00e9l\u00e9phone : 01 71 27 97 17<br \/>\nEmail : <a href=\"mailto:theatredelaconcorde@paris.fr\">theatredelaconcorde@paris.fr<\/a><br \/>\nAnim\u00e9 par Laur\u00e9line Kuntz, Nico K et Luciole, d\u00e8s novembre.<\/p>\n<p><strong>Ateliers hebdomadaires Slam \u00f4 F\u00e9minin<\/strong><br \/>\nAdresse : Centre Binet, Paris 18<br \/>\nHoraires : Mardis 19h30-21h, ann\u00e9e 2025-2026, inscription ouverte.<\/p>\n<p><strong>Atelier SLAM-Po\u00e9sie Ecrire &amp; Dire<\/strong><br \/>\nAdresse : Petit Ney, Paris 18<br \/>\nSamedis s\u00e9lectionn\u00e9s (ex. 15 juin), entr\u00e9e libre sans inscription.<\/p>\n<\/div>\n<div style=\"background: white;padding: 15px;margin: 10px 0;border-left: 4px solid #007bff\">\n<h3 style=\"color: #007bff;margin-bottom: 10px\">\ud83d\udee0\ufe0f Outils et Calculateurs<\/h3>\n<p>Aucun outil sp\u00e9cifique mentionn\u00e9 dans les donn\u00e9es trouv\u00e9es.<\/p>\n<\/div>\n<div style=\"background: white;padding: 15px;margin: 10px 0;border-left: 4px solid #6f42c1\">\n<h3 style=\"color: #6f42c1;margin-bottom: 10px\">\ud83d\udc65 Communaut\u00e9 et Experts<\/h3>\n<p><strong>Ligue Slam de France<\/strong><br \/>\nContact : Lyor<br \/>\nEmail : <a href=\"mailto:lyor@ligueslamdefrance.fr\">lyor@ligueslamdefrance.fr<\/a><br \/>\nSite : <a href=\"https:\/\/www.ligueslamdefrance.fr\/le-reseau\" rel=\"nofollow\">ligueslamdefrance.fr<\/a><\/p>\n<p><strong>ASSOCIATION SLAM PRODUCTIONS<\/strong><br \/>\nAdresse : 103 rue Julien Lacroix, 75020 Paris<br \/>\nSite : <a href=\"https:\/\/www.pappers.fr\/entreprise\/association-slam-productions-428655500\" rel=\"nofollow\">pappers.fr<\/a><\/p>\n<p><strong>Syndicat national de la Librairie Ancienne et Moderne (SLAM)<\/strong><br \/>\nAdresse : 4 rue G\u00eet-le-Coeur, 75006 Paris<br \/>\nContact : Jean-Marc Dechaud &#8211; <a href=\"mailto:dechaud.slam@orange.fr\">dechaud.slam@orange.fr<\/a>, 06 88 33 76 18<br \/>\nAnne-Marie Coulon &#8211; <a href=\"mailto:contact@salondulivrerare.paris\">contact@salondulivrerare.paris<\/a>, 01 43 29 46 38<br \/>\nSite : <a href=\"https:\/\/salondulivrerare.paris\/contact\" rel=\"nofollow\">salondulivrerare.paris<\/a><\/p>\n<\/div>\n<div style=\"background: #fff3cd;padding: 15px;margin: 15px 0;border: 2px solid #ffc107;border-radius: 5px\">\n<strong style=\"color: #856404\">\ud83d\udca1 R\u00e9sum\u00e9 en 2 lignes :<\/strong><br \/>\n<span>D\u00e9couvrez des ateliers de slam \u00e0 Paris pour d\u00e9velopper votre cr\u00e9ativit\u00e9 et votre confiance en soi. Rejoignez la communaut\u00e9 de la Ligue Slam de France pour \u00e9changer et performer.<\/span>\n<\/div>\n<\/div>\n","protected":false},"excerpt":{"rendered":"","protected":false},"author":34,"featured_media":7727,"comment_status":"open","ping_status":"open","sticky":false,"template":"","format":"standard","meta":{"_acf_changed":false,"manual_indexmenow":false,"indexmenow_id_project":0,"footnotes":""},"categories":[4524],"tags":[4790,4791,4789],"class_list":["post-7725","post","type-post","status-publish","format-standard","has-post-thumbnail","hentry","category-communaute-et-interviews","tag-posie-libre","tag-scne-moderne","tag-slam-cole","generate-columns","tablet-grid-50","mobile-grid-100","grid-parent","grid-25"],"acf":[],"yoast_head":"<!-- This site is optimized with the Yoast SEO Premium plugin v21.3 (Yoast SEO v26.5) - https:\/\/yoast.com\/wordpress\/plugins\/seo\/ -->\n<title>L&#039;histoire du slam \u00e0 l&#039;\u00e9cole : de la po\u00e9sie \u00e0 la sc\u00e8ne<\/title>\n<meta name=\"description\" content=\"Le slam, invent\u00e9 par le po\u00e8te Marc Smith au Green Mill Cocktail Lounge de Chicago en 1980, d\u00e9mocratise la po\u00e9sie en la rendant accessible, sans r\u00e8gles\" \/>\n<meta name=\"robots\" content=\"index, follow, max-snippet:-1, max-image-preview:large, max-video-preview:-1\" \/>\n<link rel=\"canonical\" href=\"https:\/\/slams.fr\/blog\/communaute-et-interviews\/lhistoire-du-slam-a-lecole-de-la-poesie-libre-a-la-scene-moderne\/\" \/>\n<meta property=\"og:locale\" content=\"fr_FR\" \/>\n<meta property=\"og:type\" content=\"article\" \/>\n<meta property=\"og:title\" content=\"L&#039;histoire du slam \u00e0 l&#039;\u00e9cole : de la po\u00e9sie \u00e0 la sc\u00e8ne\" \/>\n<meta property=\"og:description\" content=\"Le slam, invent\u00e9 par le po\u00e8te Marc Smith au Green Mill Cocktail Lounge de Chicago en 1980, d\u00e9mocratise la po\u00e9sie en la rendant accessible, sans r\u00e8gles\" \/>\n<meta property=\"og:url\" content=\"https:\/\/slams.fr\/blog\/communaute-et-interviews\/lhistoire-du-slam-a-lecole-de-la-poesie-libre-a-la-scene-moderne\/\" \/>\n<meta property=\"og:site_name\" content=\"slams\" \/>\n<meta property=\"og:image\" content=\"https:\/\/slams.fr\/blog\/wp-content\/uploads\/2025\/12\/pag-image-693be798b433d-scaled.png\" \/>\n\t<meta property=\"og:image:width\" content=\"1200\" \/>\n\t<meta property=\"og:image:height\" content=\"686\" \/>\n\t<meta property=\"og:image:type\" content=\"image\/png\" \/>\n<meta name=\"author\" content=\"Rapha\u00ebl D.\" \/>\n<meta name=\"twitter:card\" content=\"summary_large_image\" \/>\n<script type=\"application\/ld+json\" class=\"yoast-schema-graph\">{\"@context\":\"https:\/\/schema.org\",\"@graph\":[{\"@type\":\"NewsArticle\",\"@id\":\"https:\/\/slams.fr\/blog\/communaute-et-interviews\/lhistoire-du-slam-a-lecole-de-la-poesie-libre-a-la-scene-moderne\/#article\",\"isPartOf\":{\"@id\":\"https:\/\/slams.fr\/blog\/communaute-et-interviews\/lhistoire-du-slam-a-lecole-de-la-poesie-libre-a-la-scene-moderne\/\"},\"author\":{\"name\":\"Rapha\u00ebl D.\",\"@id\":\"https:\/\/slams.fr\/blog\/#\/schema\/person\/3c864cdc320801e3db34b663e7e3f816\"},\"headline\":\"L\u2019histoire du slam \u00e0 l\u2019\u00e9cole : de la po\u00e9sie libre \u00e0 la sc\u00e8ne moderne\",\"datePublished\":\"2026-02-26T08:59:00+00:00\",\"mainEntityOfPage\":{\"@id\":\"https:\/\/slams.fr\/blog\/communaute-et-interviews\/lhistoire-du-slam-a-lecole-de-la-poesie-libre-a-la-scene-moderne\/\"},\"wordCount\":1514,\"commentCount\":0,\"publisher\":{\"@id\":\"https:\/\/slams.fr\/blog\/#organization\"},\"image\":{\"@id\":\"https:\/\/slams.fr\/blog\/communaute-et-interviews\/lhistoire-du-slam-a-lecole-de-la-poesie-libre-a-la-scene-moderne\/#primaryimage\"},\"thumbnailUrl\":\"https:\/\/slams.fr\/blog\/wp-content\/uploads\/2025\/12\/pag-image-693be798b433d-scaled.png\",\"keywords\":[\"posie libre\",\"scne moderne\",\"slam cole\"],\"articleSection\":[\"Communaut\u00e9 et Interviews\"],\"inLanguage\":\"fr-FR\",\"potentialAction\":[{\"@type\":\"CommentAction\",\"name\":\"Comment\",\"target\":[\"https:\/\/slams.fr\/blog\/communaute-et-interviews\/lhistoire-du-slam-a-lecole-de-la-poesie-libre-a-la-scene-moderne\/#respond\"]}]},{\"@type\":\"WebPage\",\"@id\":\"https:\/\/slams.fr\/blog\/communaute-et-interviews\/lhistoire-du-slam-a-lecole-de-la-poesie-libre-a-la-scene-moderne\/\",\"url\":\"https:\/\/slams.fr\/blog\/communaute-et-interviews\/lhistoire-du-slam-a-lecole-de-la-poesie-libre-a-la-scene-moderne\/\",\"name\":\"L'histoire du slam \u00e0 l'\u00e9cole : de la po\u00e9sie \u00e0 la sc\u00e8ne\",\"isPartOf\":{\"@id\":\"https:\/\/slams.fr\/blog\/#website\"},\"primaryImageOfPage\":{\"@id\":\"https:\/\/slams.fr\/blog\/communaute-et-interviews\/lhistoire-du-slam-a-lecole-de-la-poesie-libre-a-la-scene-moderne\/#primaryimage\"},\"image\":{\"@id\":\"https:\/\/slams.fr\/blog\/communaute-et-interviews\/lhistoire-du-slam-a-lecole-de-la-poesie-libre-a-la-scene-moderne\/#primaryimage\"},\"thumbnailUrl\":\"https:\/\/slams.fr\/blog\/wp-content\/uploads\/2025\/12\/pag-image-693be798b433d-scaled.png\",\"datePublished\":\"2026-02-26T08:59:00+00:00\",\"description\":\"Le slam, invent\u00e9 par le po\u00e8te Marc Smith au Green Mill Cocktail Lounge de Chicago en 1980, d\u00e9mocratise la po\u00e9sie en la rendant accessible, sans r\u00e8gles\",\"inLanguage\":\"fr-FR\",\"potentialAction\":[{\"@type\":\"ReadAction\",\"target\":[\"https:\/\/slams.fr\/blog\/communaute-et-interviews\/lhistoire-du-slam-a-lecole-de-la-poesie-libre-a-la-scene-moderne\/\"]}]},{\"@type\":\"ImageObject\",\"inLanguage\":\"fr-FR\",\"@id\":\"https:\/\/slams.fr\/blog\/communaute-et-interviews\/lhistoire-du-slam-a-lecole-de-la-poesie-libre-a-la-scene-moderne\/#primaryimage\",\"url\":\"https:\/\/slams.fr\/blog\/wp-content\/uploads\/2025\/12\/pag-image-693be798b433d-scaled.png\",\"contentUrl\":\"https:\/\/slams.fr\/blog\/wp-content\/uploads\/2025\/12\/pag-image-693be798b433d-scaled.png\",\"width\":1200,\"height\":686,\"caption\":\"Image g\u00e9n\u00e9r\u00e9e par IA optimis\u00e9e pour Google Discover\"},{\"@type\":\"WebSite\",\"@id\":\"https:\/\/slams.fr\/blog\/#website\",\"url\":\"https:\/\/slams.fr\/blog\/\",\"name\":\"slams.fr\",\"description\":\"Slams, l&#039;\u00e9nergie des mots en action\",\"publisher\":{\"@id\":\"https:\/\/slams.fr\/blog\/#organization\"},\"alternateName\":\"Slams, l'\u00e9nergie des mots en action\",\"potentialAction\":[{\"@type\":\"SearchAction\",\"target\":{\"@type\":\"EntryPoint\",\"urlTemplate\":\"https:\/\/slams.fr\/blog\/?s={search_term_string}\"},\"query-input\":{\"@type\":\"PropertyValueSpecification\",\"valueRequired\":true,\"valueName\":\"search_term_string\"}}],\"inLanguage\":\"fr-FR\"},{\"@type\":\"Organization\",\"@id\":\"https:\/\/slams.fr\/blog\/#organization\",\"name\":\"Foretsensations.fr\",\"url\":\"https:\/\/slams.fr\/blog\/\",\"logo\":{\"@type\":\"ImageObject\",\"inLanguage\":\"fr-FR\",\"@id\":\"https:\/\/slams.fr\/blog\/#\/schema\/logo\/image\/\",\"url\":\"https:\/\/slams.fr\/blog\/wp-content\/uploads\/2026\/07\/logo-auto-1.png\",\"contentUrl\":\"https:\/\/slams.fr\/blog\/wp-content\/uploads\/2026\/07\/logo-auto-1.png\",\"width\":1024,\"height\":1024,\"caption\":\"Foretsensations.fr\"},\"image\":{\"@id\":\"https:\/\/slams.fr\/blog\/#\/schema\/logo\/image\/\"}},{\"@type\":\"Person\",\"@id\":\"https:\/\/slams.fr\/blog\/#\/schema\/person\/3c864cdc320801e3db34b663e7e3f816\",\"name\":\"Rapha\u00ebl D.\",\"image\":{\"@type\":\"ImageObject\",\"inLanguage\":\"fr-FR\",\"@id\":\"https:\/\/slams.fr\/blog\/#\/schema\/person\/image\/\",\"url\":\"https:\/\/slams.fr\/blog\/wp-content\/uploads\/2026\/06\/persona_raphael-d-96x96.jpg\",\"contentUrl\":\"https:\/\/slams.fr\/blog\/wp-content\/uploads\/2026\/06\/persona_raphael-d-96x96.jpg\",\"caption\":\"Rapha\u00ebl D.\"},\"description\":\"La culture est mon terrain de jeu depuis une dizaine d'ann\u00e9es : arts visuels, s\u00e9ries, cr\u00e9ation et tout ce qui nourrit l'imaginaire. J'\u00e9cris aussi bien sur l'actualit\u00e9 des \u0153uvres que sur les coulisses de la cr\u00e9ation, avec l'envie de relier l'amateur curieux \u00e0 des univers parfois jug\u00e9s intimidants. J'aime analyser une s\u00e9rie ou une d\u00e9marche artistique sans p\u00e9dantisme, replacer une \u0153uvre dans son contexte et donner des cl\u00e9s de lecture accessibles. Avant de publier, je v\u00e9rifie mes r\u00e9f\u00e9rences, je recoupe les sources et je distingue clairement le fait de mon interpr\u00e9tation subjective. Je crois qu'une critique vaut surtout par les arguments qu'elle expose, pas par la sentence qu'elle rend. Mon angle : transmettre l'envie de d\u00e9couvrir, de regarder autrement et de se forger son propre go\u00fbt. La culture n'appartient pas qu'aux initi\u00e9s, et c'est tout l'enjeu de mon \u00e9criture.\",\"url\":\"https:\/\/slams.fr\/blog\/auteur\/raphael-d\/\",\"jobTitle\":\"R\u00e9dacteur en chef \u00b7 Culture & Cr\u00e9ation\",\"knowsAbout\":[\"Culture\",\"Cr\u00e9ation\"],\"email\":\"raphael.d@a-l-asso-de-l-art.fr\"}]}<\/script>\n<!-- \/ Yoast SEO Premium plugin. -->","yoast_head_json":{"title":"L'histoire du slam \u00e0 l'\u00e9cole : de la po\u00e9sie \u00e0 la sc\u00e8ne","description":"Le slam, invent\u00e9 par le po\u00e8te Marc Smith au Green Mill Cocktail Lounge de Chicago en 1980, d\u00e9mocratise la po\u00e9sie en la rendant accessible, sans r\u00e8gles","robots":{"index":"index","follow":"follow","max-snippet":"max-snippet:-1","max-image-preview":"max-image-preview:large","max-video-preview":"max-video-preview:-1"},"canonical":"https:\/\/slams.fr\/blog\/communaute-et-interviews\/lhistoire-du-slam-a-lecole-de-la-poesie-libre-a-la-scene-moderne\/","og_locale":"fr_FR","og_type":"article","og_title":"L'histoire du slam \u00e0 l'\u00e9cole : de la po\u00e9sie \u00e0 la sc\u00e8ne","og_description":"Le slam, invent\u00e9 par le po\u00e8te Marc Smith au Green Mill Cocktail Lounge de Chicago en 1980, d\u00e9mocratise la po\u00e9sie en la rendant accessible, sans r\u00e8gles","og_url":"https:\/\/slams.fr\/blog\/communaute-et-interviews\/lhistoire-du-slam-a-lecole-de-la-poesie-libre-a-la-scene-moderne\/","og_site_name":"slams","og_image":[{"width":1200,"height":686,"url":"https:\/\/slams.fr\/blog\/wp-content\/uploads\/2025\/12\/pag-image-693be798b433d-scaled.png","type":"image\/png"}],"author":"Rapha\u00ebl D.","twitter_card":"summary_large_image","schema":{"@context":"https:\/\/schema.org","@graph":[{"@type":"NewsArticle","@id":"https:\/\/slams.fr\/blog\/communaute-et-interviews\/lhistoire-du-slam-a-lecole-de-la-poesie-libre-a-la-scene-moderne\/#article","isPartOf":{"@id":"https:\/\/slams.fr\/blog\/communaute-et-interviews\/lhistoire-du-slam-a-lecole-de-la-poesie-libre-a-la-scene-moderne\/"},"author":{"name":"Rapha\u00ebl D.","@id":"https:\/\/slams.fr\/blog\/#\/schema\/person\/3c864cdc320801e3db34b663e7e3f816"},"headline":"L\u2019histoire du slam \u00e0 l\u2019\u00e9cole : de la po\u00e9sie libre \u00e0 la sc\u00e8ne moderne","datePublished":"2026-02-26T08:59:00+00:00","mainEntityOfPage":{"@id":"https:\/\/slams.fr\/blog\/communaute-et-interviews\/lhistoire-du-slam-a-lecole-de-la-poesie-libre-a-la-scene-moderne\/"},"wordCount":1514,"commentCount":0,"publisher":{"@id":"https:\/\/slams.fr\/blog\/#organization"},"image":{"@id":"https:\/\/slams.fr\/blog\/communaute-et-interviews\/lhistoire-du-slam-a-lecole-de-la-poesie-libre-a-la-scene-moderne\/#primaryimage"},"thumbnailUrl":"https:\/\/slams.fr\/blog\/wp-content\/uploads\/2025\/12\/pag-image-693be798b433d-scaled.png","keywords":["posie libre","scne moderne","slam cole"],"articleSection":["Communaut\u00e9 et Interviews"],"inLanguage":"fr-FR","potentialAction":[{"@type":"CommentAction","name":"Comment","target":["https:\/\/slams.fr\/blog\/communaute-et-interviews\/lhistoire-du-slam-a-lecole-de-la-poesie-libre-a-la-scene-moderne\/#respond"]}]},{"@type":"WebPage","@id":"https:\/\/slams.fr\/blog\/communaute-et-interviews\/lhistoire-du-slam-a-lecole-de-la-poesie-libre-a-la-scene-moderne\/","url":"https:\/\/slams.fr\/blog\/communaute-et-interviews\/lhistoire-du-slam-a-lecole-de-la-poesie-libre-a-la-scene-moderne\/","name":"L'histoire du slam \u00e0 l'\u00e9cole : de la po\u00e9sie \u00e0 la sc\u00e8ne","isPartOf":{"@id":"https:\/\/slams.fr\/blog\/#website"},"primaryImageOfPage":{"@id":"https:\/\/slams.fr\/blog\/communaute-et-interviews\/lhistoire-du-slam-a-lecole-de-la-poesie-libre-a-la-scene-moderne\/#primaryimage"},"image":{"@id":"https:\/\/slams.fr\/blog\/communaute-et-interviews\/lhistoire-du-slam-a-lecole-de-la-poesie-libre-a-la-scene-moderne\/#primaryimage"},"thumbnailUrl":"https:\/\/slams.fr\/blog\/wp-content\/uploads\/2025\/12\/pag-image-693be798b433d-scaled.png","datePublished":"2026-02-26T08:59:00+00:00","description":"Le slam, invent\u00e9 par le po\u00e8te Marc Smith au Green Mill Cocktail Lounge de Chicago en 1980, d\u00e9mocratise la po\u00e9sie en la rendant accessible, sans r\u00e8gles","inLanguage":"fr-FR","potentialAction":[{"@type":"ReadAction","target":["https:\/\/slams.fr\/blog\/communaute-et-interviews\/lhistoire-du-slam-a-lecole-de-la-poesie-libre-a-la-scene-moderne\/"]}]},{"@type":"ImageObject","inLanguage":"fr-FR","@id":"https:\/\/slams.fr\/blog\/communaute-et-interviews\/lhistoire-du-slam-a-lecole-de-la-poesie-libre-a-la-scene-moderne\/#primaryimage","url":"https:\/\/slams.fr\/blog\/wp-content\/uploads\/2025\/12\/pag-image-693be798b433d-scaled.png","contentUrl":"https:\/\/slams.fr\/blog\/wp-content\/uploads\/2025\/12\/pag-image-693be798b433d-scaled.png","width":1200,"height":686,"caption":"Image g\u00e9n\u00e9r\u00e9e par IA optimis\u00e9e pour Google Discover"},{"@type":"WebSite","@id":"https:\/\/slams.fr\/blog\/#website","url":"https:\/\/slams.fr\/blog\/","name":"slams.fr","description":"Slams, l&#039;\u00e9nergie des mots en action","publisher":{"@id":"https:\/\/slams.fr\/blog\/#organization"},"alternateName":"Slams, l'\u00e9nergie des mots en action","potentialAction":[{"@type":"SearchAction","target":{"@type":"EntryPoint","urlTemplate":"https:\/\/slams.fr\/blog\/?s={search_term_string}"},"query-input":{"@type":"PropertyValueSpecification","valueRequired":true,"valueName":"search_term_string"}}],"inLanguage":"fr-FR"},{"@type":"Organization","@id":"https:\/\/slams.fr\/blog\/#organization","name":"Foretsensations.fr","url":"https:\/\/slams.fr\/blog\/","logo":{"@type":"ImageObject","inLanguage":"fr-FR","@id":"https:\/\/slams.fr\/blog\/#\/schema\/logo\/image\/","url":"https:\/\/slams.fr\/blog\/wp-content\/uploads\/2026\/07\/logo-auto-1.png","contentUrl":"https:\/\/slams.fr\/blog\/wp-content\/uploads\/2026\/07\/logo-auto-1.png","width":1024,"height":1024,"caption":"Foretsensations.fr"},"image":{"@id":"https:\/\/slams.fr\/blog\/#\/schema\/logo\/image\/"}},{"@type":"Person","@id":"https:\/\/slams.fr\/blog\/#\/schema\/person\/3c864cdc320801e3db34b663e7e3f816","name":"Rapha\u00ebl D.","image":{"@type":"ImageObject","inLanguage":"fr-FR","@id":"https:\/\/slams.fr\/blog\/#\/schema\/person\/image\/","url":"https:\/\/slams.fr\/blog\/wp-content\/uploads\/2026\/06\/persona_raphael-d-96x96.jpg","contentUrl":"https:\/\/slams.fr\/blog\/wp-content\/uploads\/2026\/06\/persona_raphael-d-96x96.jpg","caption":"Rapha\u00ebl D."},"description":"La culture est mon terrain de jeu depuis une dizaine d'ann\u00e9es : arts visuels, s\u00e9ries, cr\u00e9ation et tout ce qui nourrit l'imaginaire. J'\u00e9cris aussi bien sur l'actualit\u00e9 des \u0153uvres que sur les coulisses de la cr\u00e9ation, avec l'envie de relier l'amateur curieux \u00e0 des univers parfois jug\u00e9s intimidants. J'aime analyser une s\u00e9rie ou une d\u00e9marche artistique sans p\u00e9dantisme, replacer une \u0153uvre dans son contexte et donner des cl\u00e9s de lecture accessibles. Avant de publier, je v\u00e9rifie mes r\u00e9f\u00e9rences, je recoupe les sources et je distingue clairement le fait de mon interpr\u00e9tation subjective. Je crois qu'une critique vaut surtout par les arguments qu'elle expose, pas par la sentence qu'elle rend. Mon angle : transmettre l'envie de d\u00e9couvrir, de regarder autrement et de se forger son propre go\u00fbt. La culture n'appartient pas qu'aux initi\u00e9s, et c'est tout l'enjeu de mon \u00e9criture.","url":"https:\/\/slams.fr\/blog\/auteur\/raphael-d\/","jobTitle":"R\u00e9dacteur en chef \u00b7 Culture & Cr\u00e9ation","knowsAbout":["Culture","Cr\u00e9ation"],"email":"raphael.d@a-l-asso-de-l-art.fr"}]}},"_links":{"self":[{"href":"https:\/\/slams.fr\/blog\/wp-json\/wp\/v2\/posts\/7725","targetHints":{"allow":["GET"]}}],"collection":[{"href":"https:\/\/slams.fr\/blog\/wp-json\/wp\/v2\/posts"}],"about":[{"href":"https:\/\/slams.fr\/blog\/wp-json\/wp\/v2\/types\/post"}],"author":[{"embeddable":true,"href":"https:\/\/slams.fr\/blog\/wp-json\/wp\/v2\/users\/34"}],"replies":[{"embeddable":true,"href":"https:\/\/slams.fr\/blog\/wp-json\/wp\/v2\/comments?post=7725"}],"version-history":[{"count":1,"href":"https:\/\/slams.fr\/blog\/wp-json\/wp\/v2\/posts\/7725\/revisions"}],"predecessor-version":[{"id":7772,"href":"https:\/\/slams.fr\/blog\/wp-json\/wp\/v2\/posts\/7725\/revisions\/7772"}],"wp:featuredmedia":[{"embeddable":true,"href":"https:\/\/slams.fr\/blog\/wp-json\/wp\/v2\/media\/7727"}],"wp:attachment":[{"href":"https:\/\/slams.fr\/blog\/wp-json\/wp\/v2\/media?parent=7725"}],"wp:term":[{"taxonomy":"category","embeddable":true,"href":"https:\/\/slams.fr\/blog\/wp-json\/wp\/v2\/categories?post=7725"},{"taxonomy":"post_tag","embeddable":true,"href":"https:\/\/slams.fr\/blog\/wp-json\/wp\/v2\/tags?post=7725"}],"curies":[{"name":"wp","href":"https:\/\/api.w.org\/{rel}","templated":true}]}}