{"id":7728,"date":"2026-03-02T09:28:00","date_gmt":"2026-03-02T08:28:00","guid":{"rendered":"https:\/\/slams.fr\/blog\/?p=7728"},"modified":"2026-03-02T09:28:00","modified_gmt":"2026-03-02T08:28:00","slug":"cest-quoi-un-slam-origines-et-evolution-de-cet-art-poetique-moderne","status":"publish","type":"post","link":"https:\/\/slams.fr\/blog\/actualites-du-slam\/cest-quoi-un-slam-origines-et-evolution-de-cet-art-poetique-moderne\/","title":{"rendered":"C\u2019est quoi un slam ? Origines et \u00e9volution de cet art po\u00e9tique moderne"},"content":{"rendered":"<h1>C&rsquo;est quoi un slam ? Plan d&rsquo;article d\u00e9taill\u00e9 pour une exploration compl\u00e8te de cet art po\u00e9tique moderne<\/h1>\n<h2>Les origines et l&rsquo;\u00e9volution du slam : de Chicago \u00e0 la sc\u00e8ne mondiale<\/h2>\n<p>Nous remontons aux racines du <strong>slam<\/strong>, invent\u00e9 en <strong>juillet 1986<\/strong> par le po\u00e8te <strong>Marc Smith<\/strong>, figure embl\u00e9matique de la sc\u00e8ne underground, au <strong>Green Mill Cocktail Lounge<\/strong> de <strong>Chicago, Illinois<\/strong>. Ce bar mythique, fr\u00e9quent\u00e9 autrefois par <strong>Al Capone<\/strong> dans les ann\u00e9es 1920, accueillit le premier <strong>Uptown Poetry Slam<\/strong>, con\u00e7u pour d\u00e9poussi\u00e9rer la <strong>po\u00e9sie<\/strong> \u00e9litiste en impliquant le <strong>public<\/strong> comme jury, avec des notes sur 10 tir\u00e9es au sort. D\u00e8s ses d\u00e9buts, plus de <u>100 slams hebdomadaires<\/u> animaient <strong>Chicago<\/strong>, propulsant cet <strong>art<\/strong> oratoire vers une explosion mondiale.<\/p>\n<p>L&rsquo;\u00e9volution nous m\u00e8ne en Europe d\u00e8s <strong>1993<\/strong>, avec <strong>Bob Holman<\/strong>, po\u00e8te am\u00e9ricain influent, et des pionniers comme <strong>Kaufman<\/strong> en <strong>Allemagne<\/strong> et <strong>Autriche<\/strong>. En France, l&rsquo;arriv\u00e9e date de <strong>2004<\/strong> via le <strong>Grand Slam National<\/strong> \u00e0 <strong>Nantes<\/strong>, impuls\u00e9 par la <strong>F\u00e9d\u00e9ration Fran\u00e7aise de Slam Po\u00e9sie (FFDSP)<\/strong>, association d\u00e9di\u00e9e \u00e0 la promotion nationale. Au <strong>Qu\u00e9bec<\/strong>, des pr\u00e9curseurs \u00e9mergent d\u00e8s <strong>1970<\/strong> avec <strong>La Nuit de la Po\u00e9sie<\/strong> \u00e0 <strong>Montr\u00e9al<\/strong>, posant les bases d&rsquo;une tradition orale vivace. Nous voyons dans cette trajectoire une force irr\u00e9sistible : le <strong>slam<\/strong> s&rsquo;adapte, hybridant avec le punk fran\u00e7ais des ann\u00e9es 1980 via des duels po\u00e9tiques anarchiques.<\/p>\n<ul>\n<li><strong>Marc Smith<\/strong> \u00e0 <strong>Chicago 1986<\/strong> : Invention du format comp\u00e9titif avec jury populaire.<\/li>\n<li><strong>Grand Slam National 2004<\/strong> \u00e0 <strong>Nantes, France<\/strong> : Plus de <u>500 participants<\/u> en 2024.<\/li>\n<li><strong>Qu\u00e9bec 1970<\/strong> : <strong>La Nuit de la Po\u00e9sie<\/strong> pr\u00e9figure les sc\u00e8nes ouvertes modernes.<\/li>\n<\/ul>\n<h2>Caract\u00e9ristiques du slam : ce qui distingue cette forme d&rsquo;art oratoire<\/h2>\n<p>Nous d\u00e9finissons le <strong>slam<\/strong> comme une <u>comp\u00e9tition de po\u00e9sie d\u00e9clam\u00e9e en 3 minutes maximum<\/u>, sans micro, sans accessoires ni musique dominante, jug\u00e9e par <u>5 personnes du public<\/u> sur une \u00e9chelle de 0 \u00e0 10. Le vocabulaire puise dans l&rsquo;argot, le verlan, les n\u00e9ologismes, avec rimes internes, allit\u00e9rations et rythmes musicaux qui captivent instantan\u00e9ment. Contrairement \u00e0 la <strong>po\u00e9sie<\/strong> traditionnelle, confin\u00e9e \u00e0 la page, le <strong>slam<\/strong> mise sur l&rsquo;<strong>oralit\u00e9<\/strong> et la performance : gestuelle, intonation, contact visuel transforment le texte en spectacle vivant.<\/p>\n<p>Nous appr\u00e9cions particuli\u00e8rement son hybridit\u00e9 avec le <strong>rap<\/strong> et la <strong>spoken word<\/strong>, comme chez <strong>Grand Corps Malade<\/strong>, slameur fran\u00e7ais devenu ic\u00f4ne avec des textes comme <em>\u00ab\u00a0Faire des ricochets\u00a0\u00bb<\/em> en <strong>2006<\/strong>. Un extrait embl\u00e9matique de <strong>Marc Smith<\/strong> illustre le \u00ab\u00a0to slam\u00a0\u00bb : claquer les mots pour frapper les esprits. Cette <u>double exigence de bri\u00e8vet\u00e9 et d&rsquo;expressivit\u00e9<\/u> cr\u00e9e une condensation po\u00e9tique unique, accessible et percutante.<\/p>\n<ul>\n<li><strong>Dur\u00e9e stricte<\/strong> : <u>3 minutes<\/u> pour maximiser l&rsquo;impact.<\/li>\n<li><strong>Langage vivant<\/strong> : Argot, verlan, jeux de sonorit\u00e9s pour une authenticit\u00e9 rue.<\/li>\n<li><strong>Jury populaire<\/strong> : <u>5 notes sur 10<\/u>, moyenne pour d\u00e9partager.<\/li>\n<\/ul>\n<h2>Le slam en pratique : guide \u00e9tape par \u00e9tape pour \u00e9crire et performer<\/h2>\n<p>Nous vous proposons un chemin clair pour vos premiers pas. Commencez par choisir un th\u00e8me personnel, comme les injustices sociales ou vos \u00e9motions intimes, puis structurez votre <strong>texte<\/strong> autour de rimes crois\u00e9es, r\u00e9p\u00e9titions et un rythme binaire ou ternaire. Exemple concret : \u00ab\u00a0Je clame ma rage, <strong>slam<\/strong>\u00e9e sur sc\u00e8ne, mots qui fusent, c\u0153urs qui s&#8217;embrasent.\u00a0\u00bb Testez-le en 100 mots, chronom\u00e9tr\u00e9s \u00e0 10 minutes, pour affiner l&rsquo;essentiel.<\/p>\n<p>Pour la performance, adoptez la <strong>respiration diaphragmatique<\/strong>, une diction articul\u00e9e et un contact visuel direct avec le <strong>public<\/strong>. Inspirez-vous du <strong>Chicago Poetry Ensemble<\/strong>, collectif l\u00e9gendaire fond\u00e9 en <strong>1990<\/strong>, qui excelle dans les gestes naturels et l&rsquo;\u00e9nergie brute. Nous estimons que cette pratique lib\u00e8re une cr\u00e9ativit\u00e9 explosive, rendant le <strong>slam<\/strong> accessible \u00e0 tous, sans formation pr\u00e9alable.<\/p>\n<ul>\n<li>Choisir un <strong>th\u00e8me engag\u00e9<\/strong> : Identit\u00e9, \u00e9cologie, amour.<\/li>\n<li>Structurer avec <strong>rythme et rimes<\/strong> : R\u00e9p\u00e9titions pour l&#8217;emphase.<\/li>\n<li>Performer : <strong>Gestes synchronis\u00e9s<\/strong>, voix modul\u00e9e, pauses dramatiques.<\/li>\n<\/ul>\n<h2>Les comp\u00e9titions de slam : tournois, r\u00e8gles et chiffres cl\u00e9s<\/h2>\n<p>Nous explorons les ar\u00e8nes majeures, comme le <strong>Grand Slam National<\/strong> fran\u00e7ais, lanc\u00e9 en <strong>2004<\/strong> \u00e0 <strong>Nantes<\/strong> par la <strong>FFDSP<\/strong>, o\u00f9 <u>500 slameurs<\/u> s&rsquo;affrontent en \u00e9quipes de 4 sur trois rounds : qualifications, demi-finales, finale. \u00c0 l&rsquo;international, le <strong>Championnat du Monde de Slam Po\u00e9sie<\/strong> r\u00e9unit <u>80 pays<\/u>, avec des crit\u00e8res comme l&rsquo;<strong>impact \u00e9motionnel (40%)<\/strong>, l&rsquo;<strong>originalit\u00e9 (30%)<\/strong> et la <strong>technique (30%)<\/strong>. En Suisse romande, le <strong>Slam du Chat Noir<\/strong> \u00e0 <strong>Gen\u00e8ve<\/strong> pulse depuis <strong>2010<\/strong>.<\/p>\n<p>Vainqueurs embl\u00e9matiques : <strong>Stefan Hart de Keating<\/strong>, champion oc\u00e9an Indien en <strong>2023<\/strong>, excelle par son verlan cr\u00e9ole. Nous soulignons l&rsquo;interactivit\u00e9 des juges amateurs, qui garantit une d\u00e9mocratie po\u00e9tique pure, avec plus de <u>10 000 slams annuels mondiaux<\/u>.<\/p>\n<ul>\n<li><strong>Grand Slam National 2024<\/strong> : <u>500 slameurs<\/u> \u00e0 <strong>Nantes<\/strong>.<\/li>\n<li><strong>Mondial<\/strong> : <u>80 nations<\/u>, focus sur performance pure.<\/li>\n<li><strong>Slam de Paris<\/strong> : Sc\u00e8ne hebdomadaire depuis <strong>2005<\/strong>.<\/li>\n<\/ul>\n<h2>L&rsquo;impact socioculturel du slam : un outil de changement social<\/h2>\n<p>Nous analysons le <strong>slam<\/strong> comme tribune pour l&rsquo;identit\u00e9, la justice sociale et les droits humains, renouant avec l&rsquo;\u00e9tymologie grecque <em>po\u00ef\u00easis<\/em> signifiant <u>cr\u00e9ation et action<\/u>. <strong>Sarah Kay<\/strong>, slameuse am\u00e9ricaine de <strong>New York<\/strong>, touche des millions avec <em>\u00ab\u00a0If I Should Have a Daughter\u00a0\u00bb<\/em> en <strong>2011<\/strong>, plaidant pour l&#8217;empowerment f\u00e9minin. En France, <strong>Grand Corps Malade<\/strong>, de son vrai nom <strong>Fabien Marsaud<\/strong>, alerte sur le handicap via <strong>3&rsquo;35<\/strong> en <strong>2006<\/strong>.<\/p>\n<p>Post-<strong>2020<\/strong>, le <strong>slam<\/strong> amplifie <strong>Black Lives Matter<\/strong> et les alertes climatiques, avec des textes percutants sur les in\u00e9galit\u00e9s. Nous percevons son pouvoir : d\u00e9mocratisation de la <strong>po\u00e9sie<\/strong>, outil de r\u00e9silience pour les minorit\u00e9s, comptant <u>50 000 slameurs actifs en France<\/u> en <strong>2025<\/strong>.<\/p>\n<h2>Le slam au-del\u00e0 des fronti\u00e8res : adaptations culturelles uniques<\/h2>\n<p>Nous tra\u00e7ons son internationalisation : au <strong>Canada<\/strong>, racines au <strong>Qu\u00e9 Qu\u00e9bec<\/strong> d\u00e8s le <strong>XIXe si\u00e8cle<\/strong> avec des soir\u00e9es orales ; au <strong>Maroc<\/strong>, hybrid\u00e9 avec verlan local ; au <strong>Br\u00e9sil<\/strong>, m\u00eal\u00e9 \u00e0 la samba. Dans l&rsquo;<strong>oc\u00e9an Indien<\/strong>, <strong>Stef H2k<\/strong> anime depuis <strong>2000<\/strong> \u00e0 <strong>\u00cele Maurice<\/strong> et <strong>La R\u00e9union<\/strong> avec du cr\u00e9ole slam\u00e9. En <strong>Suisse romande<\/strong>, <u>200 sc\u00e8nes actives en France en 2025<\/u>.<\/p>\n<p>Ces adaptations, en langues minoritaires comme le cr\u00e9ole r\u00e9unionnais, enrichissent le genre. Nous admirons cette flexibilit\u00e9, faisant du <strong>slam<\/strong> un <strong>art<\/strong> global, avec <u>1 million de posts #SlamPoetry<\/u> sur les r\u00e9seaux.<\/p>\n<h2>Ressources et communaut\u00e9s pour se lancer dans le slam<\/h2>\n<p>Nous listons vos alli\u00e9s : livres comme <em>Le Slam<\/em> de <strong>Marc Smith<\/strong> (\u00e9ditions <strong>\u00c9ditions de l&rsquo;Aube<\/strong>, <strong>2015<\/strong>) ; ateliers des <strong>Nuits du Slam<\/strong> \u00e0 <strong>Paris<\/strong> ou <strong>Onizuka Slam<\/strong> \u00e0 <strong>Lyon<\/strong>. Plateformes : <strong>FFDSP.fr<\/strong> pour calendriers, <strong>SlamFrance<\/strong> pour vid\u00e9os. Communaut\u00e9s : <strong>Chicago Poetry Ensemble<\/strong>, <strong>SLAM Lyon<\/strong> avec <u>50 000 membres fran\u00e7ais<\/u>.<\/p>\n<p>Ressources gratuites post-<strong>2025<\/strong> : tutoriels YouTube de <strong>Slam Po\u00e9sie en Acadie<\/strong> (6e \u00e9dition <strong>2022<\/strong>). Nous vous encourageons \u00e0 rejoindre un <strong>slam<\/strong> local pour tester votre voix.<\/p>\n<ul>\n<li><strong>FFDSP.fr<\/strong> : Inscriptions concours nationaux.<\/li>\n<li><strong>#SlamPoetry<\/strong> : <u>1M+ posts<\/u> pour inspirations.<\/li>\n<li><strong>Chicago Poetry Ensemble<\/strong> : Mod\u00e8les de performance collective.<\/li>\n<\/ul>\n<h2>Conclusion : Embrassez le slam, art vivant et accessible \u00e0 tous<\/h2>\n<p>Nous conclurons que le <strong>slam<\/strong>, forg\u00e9 par <strong>Marc Smith<\/strong> en <strong>1986<\/strong>, \u00e9l\u00e8ve la <strong>po\u00e9sie<\/strong> en <u>expression libre et puissante<\/u>, touchant des millions via ses sc\u00e8nes d\u00e9mocratiques. Vous pouvez d\u00e9buter d\u00e8s ce soir lors d&rsquo;un <strong>concours<\/strong> local, partager votre texte et perp\u00e9tuer cet <strong>art<\/strong> en pleine mutation.<\/p>\n","protected":false},"excerpt":{"rendered":"","protected":false},"author":34,"featured_media":7730,"comment_status":"open","ping_status":"open","sticky":false,"template":"","format":"standard","meta":{"_acf_changed":false,"manual_indexmenow":false,"indexmenow_id_project":0,"footnotes":""},"categories":[4520],"tags":[4676,4792,4598],"class_list":["post-7728","post","type-post","status-publish","format-standard","has-post-thumbnail","hentry","category-actualites-du-slam","tag-art-oratoire","tag-poesie-moderne","tag-slam-poesie","generate-columns","tablet-grid-50","mobile-grid-100","grid-parent","grid-25"],"acf":[],"yoast_head":"<!-- This site is optimized with the Yoast SEO Premium plugin v21.3 (Yoast SEO v26.5) - https:\/\/yoast.com\/wordpress\/plugins\/seo\/ -->\n<title>C&#039;est quoi un slam ? Origines et \u00e9volution<\/title>\n<meta name=\"description\" content=\"Nous remontons aux racines du slam, invent\u00e9 en juillet 1986 par le po\u00e8te Marc Smith, figure embl\u00e9matique de la sc\u00e8ne underground, au Green Mill Cocktail\" \/>\n<meta name=\"robots\" content=\"index, follow, max-snippet:-1, max-image-preview:large, max-video-preview:-1\" \/>\n<link rel=\"canonical\" href=\"https:\/\/slams.fr\/blog\/actualites-du-slam\/cest-quoi-un-slam-origines-et-evolution-de-cet-art-poetique-moderne\/\" \/>\n<meta property=\"og:locale\" content=\"fr_FR\" \/>\n<meta property=\"og:type\" content=\"article\" \/>\n<meta property=\"og:title\" content=\"C&#039;est quoi un slam ? Origines et \u00e9volution\" \/>\n<meta property=\"og:description\" content=\"Nous remontons aux racines du slam, invent\u00e9 en juillet 1986 par le po\u00e8te Marc Smith, figure embl\u00e9matique de la sc\u00e8ne underground, au Green Mill Cocktail\" \/>\n<meta property=\"og:url\" content=\"https:\/\/slams.fr\/blog\/actualites-du-slam\/cest-quoi-un-slam-origines-et-evolution-de-cet-art-poetique-moderne\/\" \/>\n<meta property=\"og:site_name\" content=\"slams\" \/>\n<meta property=\"og:image\" content=\"https:\/\/slams.fr\/blog\/wp-content\/uploads\/2025\/12\/pag-image-693be8024f5c7-scaled.png\" \/>\n\t<meta property=\"og:image:width\" content=\"1200\" \/>\n\t<meta property=\"og:image:height\" content=\"686\" \/>\n\t<meta property=\"og:image:type\" content=\"image\/png\" \/>\n<meta name=\"author\" content=\"Rapha\u00ebl D.\" \/>\n<meta name=\"twitter:card\" content=\"summary_large_image\" \/>\n<script type=\"application\/ld+json\" class=\"yoast-schema-graph\">{\"@context\":\"https:\/\/schema.org\",\"@graph\":[{\"@type\":\"NewsArticle\",\"@id\":\"https:\/\/slams.fr\/blog\/actualites-du-slam\/cest-quoi-un-slam-origines-et-evolution-de-cet-art-poetique-moderne\/#article\",\"isPartOf\":{\"@id\":\"https:\/\/slams.fr\/blog\/actualites-du-slam\/cest-quoi-un-slam-origines-et-evolution-de-cet-art-poetique-moderne\/\"},\"author\":{\"name\":\"Rapha\u00ebl D.\",\"@id\":\"https:\/\/slams.fr\/blog\/#\/schema\/person\/3c864cdc320801e3db34b663e7e3f816\"},\"headline\":\"C\u2019est quoi un slam ? Origines et \u00e9volution de cet art po\u00e9tique moderne\",\"datePublished\":\"2026-03-02T08:28:00+00:00\",\"mainEntityOfPage\":{\"@id\":\"https:\/\/slams.fr\/blog\/actualites-du-slam\/cest-quoi-un-slam-origines-et-evolution-de-cet-art-poetique-moderne\/\"},\"wordCount\":1189,\"commentCount\":0,\"publisher\":{\"@id\":\"https:\/\/slams.fr\/blog\/#organization\"},\"image\":{\"@id\":\"https:\/\/slams.fr\/blog\/actualites-du-slam\/cest-quoi-un-slam-origines-et-evolution-de-cet-art-poetique-moderne\/#primaryimage\"},\"thumbnailUrl\":\"https:\/\/slams.fr\/blog\/wp-content\/uploads\/2025\/12\/pag-image-693be8024f5c7-scaled.png\",\"keywords\":[\"art oratoire\",\"poesie moderne\",\"slam poesie\"],\"articleSection\":[\"Actualit\u00e9s du Slam\"],\"inLanguage\":\"fr-FR\",\"potentialAction\":[{\"@type\":\"CommentAction\",\"name\":\"Comment\",\"target\":[\"https:\/\/slams.fr\/blog\/actualites-du-slam\/cest-quoi-un-slam-origines-et-evolution-de-cet-art-poetique-moderne\/#respond\"]}]},{\"@type\":\"WebPage\",\"@id\":\"https:\/\/slams.fr\/blog\/actualites-du-slam\/cest-quoi-un-slam-origines-et-evolution-de-cet-art-poetique-moderne\/\",\"url\":\"https:\/\/slams.fr\/blog\/actualites-du-slam\/cest-quoi-un-slam-origines-et-evolution-de-cet-art-poetique-moderne\/\",\"name\":\"C'est quoi un slam ? Origines et \u00e9volution\",\"isPartOf\":{\"@id\":\"https:\/\/slams.fr\/blog\/#website\"},\"primaryImageOfPage\":{\"@id\":\"https:\/\/slams.fr\/blog\/actualites-du-slam\/cest-quoi-un-slam-origines-et-evolution-de-cet-art-poetique-moderne\/#primaryimage\"},\"image\":{\"@id\":\"https:\/\/slams.fr\/blog\/actualites-du-slam\/cest-quoi-un-slam-origines-et-evolution-de-cet-art-poetique-moderne\/#primaryimage\"},\"thumbnailUrl\":\"https:\/\/slams.fr\/blog\/wp-content\/uploads\/2025\/12\/pag-image-693be8024f5c7-scaled.png\",\"datePublished\":\"2026-03-02T08:28:00+00:00\",\"description\":\"Nous remontons aux racines du slam, invent\u00e9 en juillet 1986 par le po\u00e8te Marc Smith, figure embl\u00e9matique de la sc\u00e8ne underground, au Green Mill Cocktail\",\"inLanguage\":\"fr-FR\",\"potentialAction\":[{\"@type\":\"ReadAction\",\"target\":[\"https:\/\/slams.fr\/blog\/actualites-du-slam\/cest-quoi-un-slam-origines-et-evolution-de-cet-art-poetique-moderne\/\"]}]},{\"@type\":\"ImageObject\",\"inLanguage\":\"fr-FR\",\"@id\":\"https:\/\/slams.fr\/blog\/actualites-du-slam\/cest-quoi-un-slam-origines-et-evolution-de-cet-art-poetique-moderne\/#primaryimage\",\"url\":\"https:\/\/slams.fr\/blog\/wp-content\/uploads\/2025\/12\/pag-image-693be8024f5c7-scaled.png\",\"contentUrl\":\"https:\/\/slams.fr\/blog\/wp-content\/uploads\/2025\/12\/pag-image-693be8024f5c7-scaled.png\",\"width\":1200,\"height\":686,\"caption\":\"Image g\u00e9n\u00e9r\u00e9e par IA optimis\u00e9e pour Google Discover\"},{\"@type\":\"WebSite\",\"@id\":\"https:\/\/slams.fr\/blog\/#website\",\"url\":\"https:\/\/slams.fr\/blog\/\",\"name\":\"slams.fr\",\"description\":\"Slams, l&#039;\u00e9nergie des mots en action\",\"publisher\":{\"@id\":\"https:\/\/slams.fr\/blog\/#organization\"},\"alternateName\":\"Slams, l'\u00e9nergie des mots en action\",\"potentialAction\":[{\"@type\":\"SearchAction\",\"target\":{\"@type\":\"EntryPoint\",\"urlTemplate\":\"https:\/\/slams.fr\/blog\/?s={search_term_string}\"},\"query-input\":{\"@type\":\"PropertyValueSpecification\",\"valueRequired\":true,\"valueName\":\"search_term_string\"}}],\"inLanguage\":\"fr-FR\"},{\"@type\":\"Organization\",\"@id\":\"https:\/\/slams.fr\/blog\/#organization\",\"name\":\"Foretsensations.fr\",\"url\":\"https:\/\/slams.fr\/blog\/\",\"logo\":{\"@type\":\"ImageObject\",\"inLanguage\":\"fr-FR\",\"@id\":\"https:\/\/slams.fr\/blog\/#\/schema\/logo\/image\/\",\"url\":\"https:\/\/slams.fr\/blog\/wp-content\/uploads\/2026\/07\/logo-auto-1.png\",\"contentUrl\":\"https:\/\/slams.fr\/blog\/wp-content\/uploads\/2026\/07\/logo-auto-1.png\",\"width\":1024,\"height\":1024,\"caption\":\"Foretsensations.fr\"},\"image\":{\"@id\":\"https:\/\/slams.fr\/blog\/#\/schema\/logo\/image\/\"}},{\"@type\":\"Person\",\"@id\":\"https:\/\/slams.fr\/blog\/#\/schema\/person\/3c864cdc320801e3db34b663e7e3f816\",\"name\":\"Rapha\u00ebl D.\",\"image\":{\"@type\":\"ImageObject\",\"inLanguage\":\"fr-FR\",\"@id\":\"https:\/\/slams.fr\/blog\/#\/schema\/person\/image\/\",\"url\":\"https:\/\/slams.fr\/blog\/wp-content\/uploads\/2026\/06\/persona_raphael-d-96x96.jpg\",\"contentUrl\":\"https:\/\/slams.fr\/blog\/wp-content\/uploads\/2026\/06\/persona_raphael-d-96x96.jpg\",\"caption\":\"Rapha\u00ebl D.\"},\"description\":\"La culture est mon terrain de jeu depuis une dizaine d'ann\u00e9es : arts visuels, s\u00e9ries, cr\u00e9ation et tout ce qui nourrit l'imaginaire. J'\u00e9cris aussi bien sur l'actualit\u00e9 des \u0153uvres que sur les coulisses de la cr\u00e9ation, avec l'envie de relier l'amateur curieux \u00e0 des univers parfois jug\u00e9s intimidants. J'aime analyser une s\u00e9rie ou une d\u00e9marche artistique sans p\u00e9dantisme, replacer une \u0153uvre dans son contexte et donner des cl\u00e9s de lecture accessibles. Avant de publier, je v\u00e9rifie mes r\u00e9f\u00e9rences, je recoupe les sources et je distingue clairement le fait de mon interpr\u00e9tation subjective. Je crois qu'une critique vaut surtout par les arguments qu'elle expose, pas par la sentence qu'elle rend. Mon angle : transmettre l'envie de d\u00e9couvrir, de regarder autrement et de se forger son propre go\u00fbt. La culture n'appartient pas qu'aux initi\u00e9s, et c'est tout l'enjeu de mon \u00e9criture.\",\"url\":\"https:\/\/slams.fr\/blog\/auteur\/raphael-d\/\",\"jobTitle\":\"R\u00e9dacteur en chef \u00b7 Culture & Cr\u00e9ation\",\"knowsAbout\":[\"Culture\",\"Cr\u00e9ation\"],\"email\":\"raphael.d@a-l-asso-de-l-art.fr\"}]}<\/script>\n<!-- \/ Yoast SEO Premium plugin. -->","yoast_head_json":{"title":"C'est quoi un slam ? Origines et \u00e9volution","description":"Nous remontons aux racines du slam, invent\u00e9 en juillet 1986 par le po\u00e8te Marc Smith, figure embl\u00e9matique de la sc\u00e8ne underground, au Green Mill Cocktail","robots":{"index":"index","follow":"follow","max-snippet":"max-snippet:-1","max-image-preview":"max-image-preview:large","max-video-preview":"max-video-preview:-1"},"canonical":"https:\/\/slams.fr\/blog\/actualites-du-slam\/cest-quoi-un-slam-origines-et-evolution-de-cet-art-poetique-moderne\/","og_locale":"fr_FR","og_type":"article","og_title":"C'est quoi un slam ? Origines et \u00e9volution","og_description":"Nous remontons aux racines du slam, invent\u00e9 en juillet 1986 par le po\u00e8te Marc Smith, figure embl\u00e9matique de la sc\u00e8ne underground, au Green Mill Cocktail","og_url":"https:\/\/slams.fr\/blog\/actualites-du-slam\/cest-quoi-un-slam-origines-et-evolution-de-cet-art-poetique-moderne\/","og_site_name":"slams","og_image":[{"width":1200,"height":686,"url":"https:\/\/slams.fr\/blog\/wp-content\/uploads\/2025\/12\/pag-image-693be8024f5c7-scaled.png","type":"image\/png"}],"author":"Rapha\u00ebl D.","twitter_card":"summary_large_image","schema":{"@context":"https:\/\/schema.org","@graph":[{"@type":"NewsArticle","@id":"https:\/\/slams.fr\/blog\/actualites-du-slam\/cest-quoi-un-slam-origines-et-evolution-de-cet-art-poetique-moderne\/#article","isPartOf":{"@id":"https:\/\/slams.fr\/blog\/actualites-du-slam\/cest-quoi-un-slam-origines-et-evolution-de-cet-art-poetique-moderne\/"},"author":{"name":"Rapha\u00ebl D.","@id":"https:\/\/slams.fr\/blog\/#\/schema\/person\/3c864cdc320801e3db34b663e7e3f816"},"headline":"C\u2019est quoi un slam ? Origines et \u00e9volution de cet art po\u00e9tique moderne","datePublished":"2026-03-02T08:28:00+00:00","mainEntityOfPage":{"@id":"https:\/\/slams.fr\/blog\/actualites-du-slam\/cest-quoi-un-slam-origines-et-evolution-de-cet-art-poetique-moderne\/"},"wordCount":1189,"commentCount":0,"publisher":{"@id":"https:\/\/slams.fr\/blog\/#organization"},"image":{"@id":"https:\/\/slams.fr\/blog\/actualites-du-slam\/cest-quoi-un-slam-origines-et-evolution-de-cet-art-poetique-moderne\/#primaryimage"},"thumbnailUrl":"https:\/\/slams.fr\/blog\/wp-content\/uploads\/2025\/12\/pag-image-693be8024f5c7-scaled.png","keywords":["art oratoire","poesie moderne","slam poesie"],"articleSection":["Actualit\u00e9s du Slam"],"inLanguage":"fr-FR","potentialAction":[{"@type":"CommentAction","name":"Comment","target":["https:\/\/slams.fr\/blog\/actualites-du-slam\/cest-quoi-un-slam-origines-et-evolution-de-cet-art-poetique-moderne\/#respond"]}]},{"@type":"WebPage","@id":"https:\/\/slams.fr\/blog\/actualites-du-slam\/cest-quoi-un-slam-origines-et-evolution-de-cet-art-poetique-moderne\/","url":"https:\/\/slams.fr\/blog\/actualites-du-slam\/cest-quoi-un-slam-origines-et-evolution-de-cet-art-poetique-moderne\/","name":"C'est quoi un slam ? Origines et \u00e9volution","isPartOf":{"@id":"https:\/\/slams.fr\/blog\/#website"},"primaryImageOfPage":{"@id":"https:\/\/slams.fr\/blog\/actualites-du-slam\/cest-quoi-un-slam-origines-et-evolution-de-cet-art-poetique-moderne\/#primaryimage"},"image":{"@id":"https:\/\/slams.fr\/blog\/actualites-du-slam\/cest-quoi-un-slam-origines-et-evolution-de-cet-art-poetique-moderne\/#primaryimage"},"thumbnailUrl":"https:\/\/slams.fr\/blog\/wp-content\/uploads\/2025\/12\/pag-image-693be8024f5c7-scaled.png","datePublished":"2026-03-02T08:28:00+00:00","description":"Nous remontons aux racines du slam, invent\u00e9 en juillet 1986 par le po\u00e8te Marc Smith, figure embl\u00e9matique de la sc\u00e8ne underground, au Green Mill Cocktail","inLanguage":"fr-FR","potentialAction":[{"@type":"ReadAction","target":["https:\/\/slams.fr\/blog\/actualites-du-slam\/cest-quoi-un-slam-origines-et-evolution-de-cet-art-poetique-moderne\/"]}]},{"@type":"ImageObject","inLanguage":"fr-FR","@id":"https:\/\/slams.fr\/blog\/actualites-du-slam\/cest-quoi-un-slam-origines-et-evolution-de-cet-art-poetique-moderne\/#primaryimage","url":"https:\/\/slams.fr\/blog\/wp-content\/uploads\/2025\/12\/pag-image-693be8024f5c7-scaled.png","contentUrl":"https:\/\/slams.fr\/blog\/wp-content\/uploads\/2025\/12\/pag-image-693be8024f5c7-scaled.png","width":1200,"height":686,"caption":"Image g\u00e9n\u00e9r\u00e9e par IA optimis\u00e9e pour Google Discover"},{"@type":"WebSite","@id":"https:\/\/slams.fr\/blog\/#website","url":"https:\/\/slams.fr\/blog\/","name":"slams.fr","description":"Slams, l&#039;\u00e9nergie des mots en action","publisher":{"@id":"https:\/\/slams.fr\/blog\/#organization"},"alternateName":"Slams, l'\u00e9nergie des mots en action","potentialAction":[{"@type":"SearchAction","target":{"@type":"EntryPoint","urlTemplate":"https:\/\/slams.fr\/blog\/?s={search_term_string}"},"query-input":{"@type":"PropertyValueSpecification","valueRequired":true,"valueName":"search_term_string"}}],"inLanguage":"fr-FR"},{"@type":"Organization","@id":"https:\/\/slams.fr\/blog\/#organization","name":"Foretsensations.fr","url":"https:\/\/slams.fr\/blog\/","logo":{"@type":"ImageObject","inLanguage":"fr-FR","@id":"https:\/\/slams.fr\/blog\/#\/schema\/logo\/image\/","url":"https:\/\/slams.fr\/blog\/wp-content\/uploads\/2026\/07\/logo-auto-1.png","contentUrl":"https:\/\/slams.fr\/blog\/wp-content\/uploads\/2026\/07\/logo-auto-1.png","width":1024,"height":1024,"caption":"Foretsensations.fr"},"image":{"@id":"https:\/\/slams.fr\/blog\/#\/schema\/logo\/image\/"}},{"@type":"Person","@id":"https:\/\/slams.fr\/blog\/#\/schema\/person\/3c864cdc320801e3db34b663e7e3f816","name":"Rapha\u00ebl D.","image":{"@type":"ImageObject","inLanguage":"fr-FR","@id":"https:\/\/slams.fr\/blog\/#\/schema\/person\/image\/","url":"https:\/\/slams.fr\/blog\/wp-content\/uploads\/2026\/06\/persona_raphael-d-96x96.jpg","contentUrl":"https:\/\/slams.fr\/blog\/wp-content\/uploads\/2026\/06\/persona_raphael-d-96x96.jpg","caption":"Rapha\u00ebl D."},"description":"La culture est mon terrain de jeu depuis une dizaine d'ann\u00e9es : arts visuels, s\u00e9ries, cr\u00e9ation et tout ce qui nourrit l'imaginaire. J'\u00e9cris aussi bien sur l'actualit\u00e9 des \u0153uvres que sur les coulisses de la cr\u00e9ation, avec l'envie de relier l'amateur curieux \u00e0 des univers parfois jug\u00e9s intimidants. J'aime analyser une s\u00e9rie ou une d\u00e9marche artistique sans p\u00e9dantisme, replacer une \u0153uvre dans son contexte et donner des cl\u00e9s de lecture accessibles. Avant de publier, je v\u00e9rifie mes r\u00e9f\u00e9rences, je recoupe les sources et je distingue clairement le fait de mon interpr\u00e9tation subjective. Je crois qu'une critique vaut surtout par les arguments qu'elle expose, pas par la sentence qu'elle rend. Mon angle : transmettre l'envie de d\u00e9couvrir, de regarder autrement et de se forger son propre go\u00fbt. La culture n'appartient pas qu'aux initi\u00e9s, et c'est tout l'enjeu de mon \u00e9criture.","url":"https:\/\/slams.fr\/blog\/auteur\/raphael-d\/","jobTitle":"R\u00e9dacteur en chef \u00b7 Culture & Cr\u00e9ation","knowsAbout":["Culture","Cr\u00e9ation"],"email":"raphael.d@a-l-asso-de-l-art.fr"}]}},"_links":{"self":[{"href":"https:\/\/slams.fr\/blog\/wp-json\/wp\/v2\/posts\/7728","targetHints":{"allow":["GET"]}}],"collection":[{"href":"https:\/\/slams.fr\/blog\/wp-json\/wp\/v2\/posts"}],"about":[{"href":"https:\/\/slams.fr\/blog\/wp-json\/wp\/v2\/types\/post"}],"author":[{"embeddable":true,"href":"https:\/\/slams.fr\/blog\/wp-json\/wp\/v2\/users\/34"}],"replies":[{"embeddable":true,"href":"https:\/\/slams.fr\/blog\/wp-json\/wp\/v2\/comments?post=7728"}],"version-history":[{"count":1,"href":"https:\/\/slams.fr\/blog\/wp-json\/wp\/v2\/posts\/7728\/revisions"}],"predecessor-version":[{"id":7774,"href":"https:\/\/slams.fr\/blog\/wp-json\/wp\/v2\/posts\/7728\/revisions\/7774"}],"wp:featuredmedia":[{"embeddable":true,"href":"https:\/\/slams.fr\/blog\/wp-json\/wp\/v2\/media\/7730"}],"wp:attachment":[{"href":"https:\/\/slams.fr\/blog\/wp-json\/wp\/v2\/media?parent=7728"}],"wp:term":[{"taxonomy":"category","embeddable":true,"href":"https:\/\/slams.fr\/blog\/wp-json\/wp\/v2\/categories?post=7728"},{"taxonomy":"post_tag","embeddable":true,"href":"https:\/\/slams.fr\/blog\/wp-json\/wp\/v2\/tags?post=7728"}],"curies":[{"name":"wp","href":"https:\/\/api.w.org\/{rel}","templated":true}]}}