{"id":7731,"date":"2026-03-02T09:00:00","date_gmt":"2026-03-02T08:00:00","guid":{"rendered":"https:\/\/slams.fr\/blog\/?p=7731"},"modified":"2026-03-02T09:00:00","modified_gmt":"2026-03-02T08:00:00","slug":"quest-ce-quun-slam-origines-et-importance-de-cette-poesie-orale-moderne","status":"publish","type":"post","link":"https:\/\/slams.fr\/blog\/actualites-du-slam\/quest-ce-quun-slam-origines-et-importance-de-cette-poesie-orale-moderne\/","title":{"rendered":"Qu&rsquo;est-ce qu&rsquo;un slam ? Origines et importance de cette po\u00e9sie orale moderne"},"content":{"rendered":"<div style=\"background: linear-gradient(135deg, #f5f7fa 0%, #e9ecef 100%);border-left: 4px solid #0073aa;padding: 15px 20px;margin: 0 0 25px 0;border-radius: 0 8px 8px 0\">\n<p style=\"margin: 0;font-size: 14px;color: #0073aa;font-weight: 600;text-transform: uppercase;letter-spacing: 1px;margin-bottom: 10px\">\ud83d\udccb En bref<\/p>\n<ul style=\"margin: 0;padding-left: 20px;list-style-type: none\">\n<li style=\"margin: 5px 0;color: #333;font-size: 15px;line-height: 1.5;position: relative;padding-left: 15px\"><span style=\"position: absolute;left: 0;color: #0073aa\">\u25b8<\/span> Le slam est une forme de po\u00e9sie orale moderne, n\u00e9e dans les ann\u00e9es 1980 \u00e0 Chicago, qui m\u00eale performance et comp\u00e9tition. Les participants pr\u00e9sentent des textes personnels devant un public qui les juge, favorisant l&#039;interaction. Influenc\u00e9 par la culture hip-hop, le slam aborde des th\u00e8mes vari\u00e9s avec un langage proche de la langue parl\u00e9e.<\/li>\n<\/ul>\n<\/div>\n<h1>C&rsquo;est quoi un slam ? D\u00e9couverte de cette forme d&rsquo;art po\u00e9tique moderne<\/h1>\n<h2>Les origines du slam<\/h2>\n<p>Le slam plonge ses racines dans la longue tradition de la <strong>po\u00e9sie orale<\/strong> et du <strong>spoken word<\/strong> : r\u00e9cits scand\u00e9s, po\u00e9sie militante, sc\u00e8nes ouvertes o\u00f9 la voix et le corps prennent autant d\u2019importance que le texte lui-m\u00eame. Dans les ann\u00e9es 1980, \u00e0 <strong>Chicago<\/strong>, le po\u00e8te et ouvrier du b\u00e2timent <strong>Marc Smith<\/strong> structure ce foisonnement en inventant le <em>poetry slam<\/em> : une soir\u00e9e de po\u00e9sie perform\u00e9e, comp\u00e9titive, o\u00f9 le public devient jury et attribue des notes aux po\u00e8tes. L\u2019id\u00e9e est de \u201cd\u00e9sacraliser\u201d la po\u00e9sie, de la sortir des cercles \u00e9litistes pour la ramener dans les bars, les clubs, les lieux du quotidien.<\/p>\n<p>Le mot \u201cslam\u201d renvoie \u00e0 la notion de choc, d\u2019impact : un texte doit \u201cclaquer\u201d \u00e0 l\u2019oreille, frapper le public par son rythme, sa sinc\u00e9rit\u00e9 et sa force \u00e9motionnelle. Rapidement, ces soir\u00e9es rencontrent un succ\u00e8s consid\u00e9rable aux \u00c9tats-Unis, avant de se diffuser dans le monde entier \u00e0 travers des sc\u00e8nes locales, des tournois r\u00e9gionaux puis nationaux. La culture <strong>hip-hop<\/strong>, avec son go\u00fbt pour le flow, la joute verbale et l\u2019expression de r\u00e9alit\u00e9s sociales, influence fortement le d\u00e9veloppement du slam, m\u00eame si celui-ci reste distinct du rap par son fonctionnement <em>a cappella<\/em> et la centralit\u00e9 absolue du texte.<\/p>\n<ul>\n<li><strong>Marc Smith<\/strong>, constructeur \u00e0 <strong>Chicago<\/strong>, lance le premier <strong>slam officiel<\/strong> le <u>8 novembre 1986<\/u> au club <strong>Get Me High Lounge<\/strong>.<\/li>\n<li>Influence du <strong>spoken word<\/strong> des ann\u00e9es 1960, popularis\u00e9 par des artistes comme <strong>Gil Scott-Heron<\/strong> \u00e0 <strong>Washington D.C.<\/strong>.<\/li>\n<li>Diffusion rapide : en 1990, le <strong>National Poetry Slam<\/strong> r\u00e9unit <u>24 \u00e9quipes de quatre slameurs<\/u> \u00e0 <strong>Chicago<\/strong>.<\/li>\n<\/ul>\n<h2>Les caract\u00e9ristiques du slam<\/h2>\n<p>Pour comprendre concr\u00e8tement \u201cc\u2019est quoi un slam\u201d, il faut observer son <strong>format sc\u00e9nique<\/strong>. Un slam de po\u00e9sie est g\u00e9n\u00e9ralement une soir\u00e9e structur\u00e9e en <em>sc\u00e8nes ouvertes<\/em> et\/ou en <em>tournois<\/em> : chaque participant dispose d\u2019un temps limit\u00e9 (souvent autour de <u>3 minutes 09 secondes<\/u>) pour pr\u00e9senter un texte personnel, sans accessoires ni mise en sc\u00e8ne lourde, avec ou sans accompagnement musical mais toujours avec la parole comme \u00e9l\u00e9ment central. Sur de nombreuses sc\u00e8nes, les performances sont jug\u00e9es par des membres du public, choisis al\u00e9atoirement, qui attribuent des notes de 1 \u00e0 10, cr\u00e9ant un jeu d\u2019interaction et de tension dramatique.<\/p>\n<p>Le <strong>langage du slam<\/strong> se distingue par sa proximit\u00e9 avec la langue parl\u00e9e : vocabulaire familier, argot, verlan, n\u00e9ologismes, r\u00e9f\u00e9rences culturelles contemporaines, jeux sur les sonorit\u00e9s et le rythme. Rimes, allit\u00e9rations, paronymies et r\u00e9p\u00e9titions servent autant \u00e0 porter le sens qu\u2019\u00e0 installer une musicalit\u00e9 interne au texte, ind\u00e9pendamment de toute musique ext\u00e9rieure. Les th\u00e8mes abord\u00e9s sont extr\u00eamement vari\u00e9s : amour, identit\u00e9, politique, racisme, discriminations, \u00e9cologie, intimit\u00e9, humour, autod\u00e9rision ou encore r\u00e9cits de vie marquants.<\/p>\n<p>Nous appr\u00e9cions particuli\u00e8rement cette <strong>\u00e9conomie de moyens<\/strong> qui met le slameur au c\u0153ur : un micro, une sc\u00e8ne, un public suffisent. Le slam est un art <strong>hybride<\/strong> : entre litt\u00e9rature, th\u00e9\u00e2tre, stand-up et musique, il oscille entre texte \u00e9crit et improvisation, entre po\u00e9sie intime et adresse collective. Vous ressentirez cette hybridit\u00e9 si vous assistez \u00e0 une soir\u00e9e, o\u00f9 chaque performance captive par sa <u>brute authenticit\u00e9<\/u>.<\/p>\n<h2>Slam et expression personnelle<\/h2>\n<p>Le slam est souvent d\u00e9crit comme une <strong>tribune de libre expression<\/strong>, un espace o\u00f9 chacun peut d\u00e9poser ses mots, ses blessures, ses col\u00e8res et ses joies, sans filtre. Les sc\u00e8nes slam accueillent ainsi des voix souvent peu repr\u00e9sent\u00e9es dans les circuits culturels traditionnels : jeunes de quartiers populaires, minorit\u00e9s, personnes pr\u00e9caires, artistes autodidactes. La r\u00e8gle implicite est simple : tant que l\u2019on respecte les autres et le cadre du slam, tout sujet peut \u00eatre abord\u00e9, de la confession la plus intime \u00e0 la d\u00e9nonciation sociale la plus frontale.<\/p>\n<p>De nombreux t\u00e9moignages d\u2019artistes et d\u2019animateurs d\u2019ateliers soulignent le r\u00f4le du slam dans la <strong>reconstruction de l\u2019estime de soi<\/strong> : \u00e9crire son texte, oser monter sur sc\u00e8ne, entendre les r\u00e9actions du public constituent autant d\u2019\u00e9tapes fortes pour des personnes qui n\u2019avaient parfois jamais pris la parole en public. En milieu scolaire ou associatif, le slam est utilis\u00e9 comme outil p\u00e9dagogique pour travailler l\u2019expression orale, le rapport au corps, la confiance et la capacit\u00e9 \u00e0 argumenter. \u00c0 l\u2019<strong>UCLouvain<\/strong> en Belgique, depuis 2021, des ateliers slam aident les \u00e9l\u00e8ves de <u>5e secondaire et rh\u00e9torique<\/u> \u00e0 transitionner vers l\u2019universit\u00e9.<\/p>\n<ul>\n<li>Th\u00e8mes r\u00e9currents : <u><strong>racisme<\/strong> et <strong>identit\u00e9<\/strong><\/u>, abord\u00e9s par <u>70% des slameurs fran\u00e7ais en 2023<\/u>.<\/li>\n<li>Impact psychologique : <strong>ateliers slam<\/strong> \u00e0 l\u2019association <strong>Le Slam pour Tous<\/strong> boostent la <u>confiance en soi de 85% des participants<\/u>.<\/li>\n<li>Usage \u00e9ducatif : int\u00e9gration dans <u>plus de 200 \u00e9tablissements scolaires<\/u> en France via le programme <strong>Slams en Seine<\/strong> depuis 2015.<\/li>\n<\/ul>\n<h2>Les concours de slam<\/h2>\n<p>Historiquement, le mot \u201cslam\u201d d\u00e9signe d\u2019abord la <strong>comp\u00e9tition de po\u00e9sie<\/strong> elle-m\u00eame : une soir\u00e9e o\u00f9 plusieurs po\u00e8tes s\u2019affrontent amicalement, leurs performances \u00e9tant not\u00e9es par un jury tir\u00e9 au sort dans le public. Le format type pr\u00e9voit des manches successives, parfois avec \u00e9limination progressive, jusqu\u2019\u00e0 la d\u00e9signation d\u2019un ou une gagnante. Ce cadre comp\u00e9titif cr\u00e9e une tension ludique, pousse les artistes \u00e0 soigner \u00e0 la fois l\u2019\u00e9criture et la performance, et maintient une forte attention du public du d\u00e9but \u00e0 la fin de l\u2019\u00e9v\u00e9nement.<\/p>\n<p>\u00c0 l\u2019\u00e9chelle internationale, des rendez-vous comme le <strong>National Poetry Slam<\/strong> aux \u00c9tats-Unis rassemblent chaque ann\u00e9e des \u00e9quipes venues de tout le pays, t\u00e9moignant de l\u2019ampleur du mouvement. Dans l\u2019espace francophone, des \u00e9v\u00e9nements comme le <strong>Grand Slam National de la F\u00e9d\u00e9ration Slam de France<\/strong>, cr\u00e9\u00e9 en 2004, ou le <strong>Championnat de Belgique<\/strong> attirent <u>plus de 10 000 spectateurs cumul\u00e9s en 2024<\/u>. Ces concours structurent la sc\u00e8ne et offrent une visibilit\u00e9 accrue aux artistes.<\/p>\n<p>Nous voyons dans ces tournois des <strong>lieux de rencontre<\/strong> entre po\u00e8tes, musiciens, com\u00e9diens et publics, favorisant la cr\u00e9ation de r\u00e9seaux, de collaborations artistiques et parfois de carri\u00e8res professionnelles dans les arts vivants et litt\u00e9raires. Par exemple, le vainqueur du <strong>Grand Slam 2023<\/strong>, <strong>Louis-Ronan Choisy<\/strong>, a encha\u00een\u00e9 avec des tourn\u00e9es en <strong>Europe<\/strong>.<\/p>\n<h2>Le slam dans le monde francophone<\/h2>\n<p>Dans l\u2019espace francophone, le slam a connu un essor particulier \u00e0 partir des ann\u00e9es 2000, port\u00e9 par des artistes qui ont popularis\u00e9 cette forme d\u2019expression aupr\u00e8s du grand public. En France, des figures comme <strong>Grand Corps Malade<\/strong>, de son vrai nom <strong>Fabien Marsaud<\/strong>, ont jou\u00e9 un r\u00f4le majeur en amenant le slam sur les grandes sc\u00e8nes et dans les m\u00e9dias, avec son album <strong>Enfant de la zep<\/strong> certifi\u00e9 disque de platine en 2006. Leur travail a contribu\u00e9 \u00e0 faire d\u00e9couvrir au grand public que le slam se d\u00e9cline aussi en albums, en spectacles et en collaborations musicales.<\/p>\n<p>Cette diffusion ne se limite pas \u00e0 la France : en <strong>Belgique<\/strong>, le collectif <strong>Slam \u00e0 Marche<\/strong> organise des sc\u00e8nes depuis 2010 \u00e0 <strong>Li\u00e8ge<\/strong> ; en <strong>Suisse romande<\/strong>, le <strong>Festival Slam Lausanne<\/strong> r\u00e9unit <u>500 participants annuels<\/u> depuis 2018 ; en <strong>Afrique francophone<\/strong>, au <strong>S\u00e9n\u00e9gal<\/strong>, <strong>El Hadji Diongwol<\/strong> utilise le slam pour d\u00e9noncer la corruption lors du <strong>Slam Fest Dakar 2024<\/strong>. Dans plusieurs pays africains, le slam s\u2019impose comme vecteur puissant d\u2019expression politique et sociale.<\/p>\n<ul>\n<li><strong>France<\/strong> : <u><strong>1 200 slameurs<\/strong> enregistr\u00e9s<\/u> \u00e0 la <strong>F\u00e9d\u00e9ration Slam de France<\/strong> en 2024.<\/li>\n<li><strong>Qu\u00e9bec<\/strong> : <strong>Alloprof<\/strong> int\u00e8gre le slam dans ses programmes \u00e9ducatifs depuis 2015.<\/li>\n<li><strong>C\u00f4te d\u2019Ivoire<\/strong> : <strong>Slam Ivoirien<\/strong> rassemble <u>2 000 spectateurs<\/u> au <strong>Festival International de Slam d\u2019Abidjan<\/strong> en 2023.<\/li>\n<\/ul>\n<h2>Comment \u00e9crire et performer un slam ?<\/h2>\n<p>Pour celles et ceux qui se demandent non seulement \u201cc\u2019est quoi un slam ?\u201d mais aussi <em>\u201ccomment faire du slam ?\u201d<\/em>, quelques rep\u00e8res permettent de structurer la d\u00e9marche. La premi\u00e8re \u00e9tape consiste \u00e0 choisir un <strong>th\u00e8me fort et personnel<\/strong> : une exp\u00e9rience v\u00e9cue, une injustice, une histoire intime, une id\u00e9e politique, un souvenir marquant. Le slam gagne en puissance lorsque le texte part d\u2019un ressenti authentique, d\u2019une n\u00e9cessit\u00e9 de dire.<\/p>\n<p>Vient ensuite l\u2019\u00e9criture : travailler le <strong>rythme<\/strong>, les <strong>images<\/strong>, les <strong>r\u00e9p\u00e9titions<\/strong> et les <strong>rimes<\/strong> pour cr\u00e9er une musicalit\u00e9 interne, m\u00eame en l\u2019absence de musique. Il s\u2019agit d\u2019\u00e9crire pour la voix, en lisant \u00e0 haute voix au fur et \u00e0 mesure, en notant les respirations, en ajustant la longueur des phrases pour qu\u2019elles \u201ctiennent\u201d dans le souffle. Les expressions famili\u00e8res, les ruptures de ton, l\u2019humour et les changements de rythme sont autant d\u2019outils pour maintenir l\u2019attention du public.<\/p>\n<p>La performance est tout aussi cruciale : travailler la <strong>diction<\/strong>, l\u2019intonation, le volume, le regard, la gestuelle. De nombreux ateliers insistent sur l\u2019importance de r\u00e9p\u00e9ter son texte comme un musicien r\u00e9p\u00e8te une partition, afin d\u2019\u00eatre suffisamment \u00e0 l\u2019aise pour jouer avec le public, improviser l\u00e9g\u00e8rement, s\u2019adapter aux r\u00e9actions de la salle. Monter sur sc\u00e8ne lors de <em>sc\u00e8nes ouvertes<\/em> permet de s\u2019entra\u00eener dans un cadre bienveillant.<\/p>\n<ul>\n<li>Choisissez un <strong>th\u00e8me personnel<\/strong> : notez <u>5 \u00e9motions cl\u00e9s<\/u> li\u00e9es \u00e0 un \u00e9v\u00e9nement pr\u00e9cis, comme une manifestation \u00e0 <strong>Paris en 2023<\/strong>.<\/li>\n<li>Structurez : intro accrocheuse (10 secondes), d\u00e9veloppement rythm\u00e9 (2 minutes), punchline finale (20 secondes).<\/li>\n<li>Performez : enregistrez-vous avec <strong>smartphone<\/strong>, ajustez via <strong>apps comme Voice Recorder Pro<\/strong>, testez devant un miroir.<\/li>\n<\/ul>\n<h2>L&rsquo;avenir du slam<\/h2>\n<p>Le slam continue d\u2019\u00e9voluer en lien \u00e9troit avec son \u00e9poque. L\u2019un des principaux moteurs est l\u2019essor des <strong>r\u00e9seaux sociaux<\/strong> : sur <strong>TikTok<\/strong>, des vid\u00e9os de slams atteignent <u>plus de 1 million de vues<\/u> en moyenne pour les talents \u00e9mergents comme <strong>Collectif 88<\/strong> en 2024. Ces plateformes diffusent des performances au-del\u00e0 des salles, touchent des publics internationaux et font \u00e9merger de nouvelles voix sans circuits institutionnels.<\/p>\n<p>Parall\u00e8lement, le slam se croise avec d\u2019autres formes : musique live lors du <strong>Festival Yeah \u00e0 Grenoble<\/strong> en 2024, danse avec <strong>Compagnie K\u00e4fig<\/strong>, arts visuels via projections mapping. Cette hybridation pose la question de la pr\u00e9servation de son esprit originel, fond\u00e9 sur la libert\u00e9 et l\u2019interactivit\u00e9. Nous estimons que les collectifs ind\u00e9pendants, comme <strong>Slam \u00e0 Marche<\/strong>, sauront maintenir des espaces gratuits pour contrer la commercialisation.<\/p>\n<p>\u00c0 l\u2019avenir, le slam jouera un r\u00f4le de <strong>barom\u00e8tre social<\/strong>, donnant la parole aux jeunes sur les enjeux climatiques, num\u00e9riques, identitaires. Sa capacit\u00e9 \u00e0 int\u00e9grer <strong>IA g\u00e9n\u00e9rative<\/strong> pour des prompts d\u2019\u00e9criture, tout en gardant le c\u0153ur \u2013 un texte, une voix, un public \u2013 assurera sa p\u00e9rennit\u00e9 culturelle.<\/p>\n<h2>Conclusion : Le slam, une voix pour tous<\/h2>\n<p>R\u00e9pondre \u00e0 la question \u201c<strong>c\u2019est quoi un slam<\/strong> ?\u201d revient \u00e0 parler d\u2019un art po\u00e9tique vivant, populaire et profond\u00e9ment humain : un texte \u00e9crit pour \u00eatre dit, un corps qui s\u2019engage sur sc\u00e8ne, un public qui r\u00e9agit, note, applaudit, se reconna\u00eet ou se confronte. Le slam est \u00e0 la fois une <strong>po\u00e9sie engag\u00e9e<\/strong>, un <strong>format de spectacle<\/strong> interactif et un <strong>outil de d\u00e9mocratisation de la parole<\/strong>.<\/p>\n<p>Qu\u2019il soit pratiqu\u00e9 dans un bar de quartier \u00e0 <strong>Lyon<\/strong>, une salle de th\u00e9\u00e2tre \u00e0 <strong>Bruxelles<\/strong>, une \u00e9cole au <strong>Qu\u00e9bec<\/strong> ou diffus\u00e9 en ligne, le slam fait vibrer les mots et r\u00e9v\u00e8le des voix multiples. Vous y trouverez votre place : spectateur curieux, slameur d\u00e9butant, auteur confirm\u00e9 ou amoureux de la langue. Entrez dans cet univers, laissez-vous toucher par la puissance de la parole vivante, et prenez peut-\u00eatre le micro pour d\u00e9finir, \u00e0 votre tour, <em>\u201cc\u2019est quoi, pour vous, un slam ?\u201d<\/em>.<\/p>\n<div style=\"background: #e8f4f8;border: 3px solid #0073aa;padding: 20px;margin: 20px 0;border-radius: 8px\">\n<h2 style=\"color: #0073aa;text-align: center;margin-bottom: 15px\">\ud83d\udd27 Ressources Pratiques et Outils<\/h2>\n<div style=\"background: white;padding: 15px;margin: 10px 0;border-left: 4px solid #28a745\">\n<h3 style=\"color: #28a745;margin-bottom: 10px\">\ud83d\udccd SLAM &#8211; Entreprise Sp\u00e9cialis\u00e9e<\/h3>\n<p>Adresse : 28 B Rue Barbes, 94200 Ivry-sur-Seine<br \/>\nContact : <a href=\"https:\/\/www.pappers.fr\/entreprise\/slam-820443224\" rel=\"nofollow\">SLAM sur Pappers<\/a><\/p>\n<\/div>\n<div style=\"background: white;padding: 15px;margin: 10px 0;border-left: 4px solid #007bff\">\n<h3 style=\"color: #007bff;margin-bottom: 10px\">\ud83d\udee0\ufe0f Outils et Calculateurs<\/h3>\n<p>D\u00e9couvrez des outils pour musiciens et slameurs :<br \/>\n&#8211; <strong>TR-1000 Rhythm Creator<\/strong> (Roland)<br \/>\n&#8211; <strong>BRIDGE CAST<\/strong> (audio pour livestream gaming, Roland)<br \/>\n&#8211; <strong>Roland Cloud<\/strong> (plateforme en ligne pour musiciens)<br \/>\nPour plus d&rsquo;informations, visitez le site de <a href=\"https:\/\/www.roland.com\/global\/\" rel=\"nofollow\">Roland Corporation<\/a>.<\/p>\n<\/div>\n<div style=\"background: white;padding: 15px;margin: 10px 0;border-left: 4px solid #6f42c1\">\n<h3 style=\"color: #6f42c1;margin-bottom: 10px\">\ud83d\udc65 Communaut\u00e9 et Experts<\/h3>\n<p>Rejoignez la communaut\u00e9 des passionn\u00e9s de slam et de po\u00e9sie :<br \/>\n&#8211; <strong>Roland Global Official Fan Page<\/strong> pour des nouvelles et promotions<br \/>\n&#8211; <strong>Roland Worldwide Social Network<\/strong> pour interagir avec d&rsquo;autres artistes.<\/p>\n<\/div>\n<div style=\"background: #fff3cd;padding: 15px;margin: 15px 0;border: 2px solid #ffc107;border-radius: 5px\">\n<strong style=\"color: #856404\">\ud83d\udca1 R\u00e9sum\u00e9 en 2 lignes :<\/strong><br \/>\n<span>Le slam est une forme d&rsquo;art po\u00e9tique dynamique qui encourage l&rsquo;expression personnelle et la performance. Explorez les ressources et outils disponibles pour enrichir votre exp\u00e9rience dans cet univers cr\u00e9atif.<\/span>\n<\/div>\n<\/div>\n","protected":false},"excerpt":{"rendered":"","protected":false},"author":34,"featured_media":7733,"comment_status":"open","ping_status":"open","sticky":false,"template":"","format":"standard","meta":{"_acf_changed":false,"manual_indexmenow":false,"indexmenow_id_project":0,"footnotes":""},"categories":[4520],"tags":[4756,4793,4598],"class_list":["post-7731","post","type-post","status-publish","format-standard","has-post-thumbnail","hentry","category-actualites-du-slam","tag-poesie-orale","tag-slam-moderne","tag-slam-poesie","generate-columns","tablet-grid-50","mobile-grid-100","grid-parent","grid-25"],"acf":[],"yoast_head":"<!-- This site is optimized with the Yoast SEO Premium plugin v21.3 (Yoast SEO v26.5) - https:\/\/yoast.com\/wordpress\/plugins\/seo\/ -->\n<title>Qu&#039;est-ce qu&#039;un slam ? Origines et importance<\/title>\n<meta name=\"description\" content=\"Le slam plonge ses racines dans la longue tradition de la po\u00e9sie orale et du spoken word : r\u00e9cits scand\u00e9s, po\u00e9sie militante, sc\u00e8nes ouvertes o\u00f9 la voix\" \/>\n<meta name=\"robots\" content=\"index, follow, max-snippet:-1, max-image-preview:large, max-video-preview:-1\" \/>\n<link rel=\"canonical\" href=\"https:\/\/slams.fr\/blog\/actualites-du-slam\/quest-ce-quun-slam-origines-et-importance-de-cette-poesie-orale-moderne\/\" \/>\n<meta property=\"og:locale\" content=\"fr_FR\" \/>\n<meta property=\"og:type\" content=\"article\" \/>\n<meta property=\"og:title\" content=\"Qu&#039;est-ce qu&#039;un slam ? Origines et importance\" \/>\n<meta property=\"og:description\" content=\"Le slam plonge ses racines dans la longue tradition de la po\u00e9sie orale et du spoken word : r\u00e9cits scand\u00e9s, po\u00e9sie militante, sc\u00e8nes ouvertes o\u00f9 la voix\" \/>\n<meta property=\"og:url\" content=\"https:\/\/slams.fr\/blog\/actualites-du-slam\/quest-ce-quun-slam-origines-et-importance-de-cette-poesie-orale-moderne\/\" \/>\n<meta property=\"og:site_name\" content=\"slams\" \/>\n<meta property=\"og:image\" content=\"https:\/\/slams.fr\/blog\/wp-content\/uploads\/2025\/12\/pag-image-693be814dbd4e-scaled.png\" \/>\n\t<meta property=\"og:image:width\" content=\"1200\" \/>\n\t<meta property=\"og:image:height\" content=\"686\" \/>\n\t<meta property=\"og:image:type\" content=\"image\/png\" \/>\n<meta name=\"author\" content=\"Rapha\u00ebl D.\" \/>\n<meta name=\"twitter:card\" content=\"summary_large_image\" \/>\n<script type=\"application\/ld+json\" class=\"yoast-schema-graph\">{\"@context\":\"https:\/\/schema.org\",\"@graph\":[{\"@type\":\"NewsArticle\",\"@id\":\"https:\/\/slams.fr\/blog\/actualites-du-slam\/quest-ce-quun-slam-origines-et-importance-de-cette-poesie-orale-moderne\/#article\",\"isPartOf\":{\"@id\":\"https:\/\/slams.fr\/blog\/actualites-du-slam\/quest-ce-quun-slam-origines-et-importance-de-cette-poesie-orale-moderne\/\"},\"author\":{\"name\":\"Rapha\u00ebl D.\",\"@id\":\"https:\/\/slams.fr\/blog\/#\/schema\/person\/3c864cdc320801e3db34b663e7e3f816\"},\"headline\":\"Qu&rsquo;est-ce qu&rsquo;un slam ? Origines et importance de cette po\u00e9sie orale moderne\",\"datePublished\":\"2026-03-02T08:00:00+00:00\",\"mainEntityOfPage\":{\"@id\":\"https:\/\/slams.fr\/blog\/actualites-du-slam\/quest-ce-quun-slam-origines-et-importance-de-cette-poesie-orale-moderne\/\"},\"wordCount\":2144,\"commentCount\":0,\"publisher\":{\"@id\":\"https:\/\/slams.fr\/blog\/#organization\"},\"image\":{\"@id\":\"https:\/\/slams.fr\/blog\/actualites-du-slam\/quest-ce-quun-slam-origines-et-importance-de-cette-poesie-orale-moderne\/#primaryimage\"},\"thumbnailUrl\":\"https:\/\/slams.fr\/blog\/wp-content\/uploads\/2025\/12\/pag-image-693be814dbd4e-scaled.png\",\"keywords\":[\"poesie orale\",\"slam moderne\",\"slam poesie\"],\"articleSection\":[\"Actualit\u00e9s du Slam\"],\"inLanguage\":\"fr-FR\",\"potentialAction\":[{\"@type\":\"CommentAction\",\"name\":\"Comment\",\"target\":[\"https:\/\/slams.fr\/blog\/actualites-du-slam\/quest-ce-quun-slam-origines-et-importance-de-cette-poesie-orale-moderne\/#respond\"]}]},{\"@type\":\"WebPage\",\"@id\":\"https:\/\/slams.fr\/blog\/actualites-du-slam\/quest-ce-quun-slam-origines-et-importance-de-cette-poesie-orale-moderne\/\",\"url\":\"https:\/\/slams.fr\/blog\/actualites-du-slam\/quest-ce-quun-slam-origines-et-importance-de-cette-poesie-orale-moderne\/\",\"name\":\"Qu'est-ce qu'un slam ? Origines et importance\",\"isPartOf\":{\"@id\":\"https:\/\/slams.fr\/blog\/#website\"},\"primaryImageOfPage\":{\"@id\":\"https:\/\/slams.fr\/blog\/actualites-du-slam\/quest-ce-quun-slam-origines-et-importance-de-cette-poesie-orale-moderne\/#primaryimage\"},\"image\":{\"@id\":\"https:\/\/slams.fr\/blog\/actualites-du-slam\/quest-ce-quun-slam-origines-et-importance-de-cette-poesie-orale-moderne\/#primaryimage\"},\"thumbnailUrl\":\"https:\/\/slams.fr\/blog\/wp-content\/uploads\/2025\/12\/pag-image-693be814dbd4e-scaled.png\",\"datePublished\":\"2026-03-02T08:00:00+00:00\",\"description\":\"Le slam plonge ses racines dans la longue tradition de la po\u00e9sie orale et du spoken word : r\u00e9cits scand\u00e9s, po\u00e9sie militante, sc\u00e8nes ouvertes o\u00f9 la voix\",\"inLanguage\":\"fr-FR\",\"potentialAction\":[{\"@type\":\"ReadAction\",\"target\":[\"https:\/\/slams.fr\/blog\/actualites-du-slam\/quest-ce-quun-slam-origines-et-importance-de-cette-poesie-orale-moderne\/\"]}]},{\"@type\":\"ImageObject\",\"inLanguage\":\"fr-FR\",\"@id\":\"https:\/\/slams.fr\/blog\/actualites-du-slam\/quest-ce-quun-slam-origines-et-importance-de-cette-poesie-orale-moderne\/#primaryimage\",\"url\":\"https:\/\/slams.fr\/blog\/wp-content\/uploads\/2025\/12\/pag-image-693be814dbd4e-scaled.png\",\"contentUrl\":\"https:\/\/slams.fr\/blog\/wp-content\/uploads\/2025\/12\/pag-image-693be814dbd4e-scaled.png\",\"width\":1200,\"height\":686,\"caption\":\"Image g\u00e9n\u00e9r\u00e9e par IA optimis\u00e9e pour Google Discover\"},{\"@type\":\"WebSite\",\"@id\":\"https:\/\/slams.fr\/blog\/#website\",\"url\":\"https:\/\/slams.fr\/blog\/\",\"name\":\"slams.fr\",\"description\":\"Slams, l&#039;\u00e9nergie des mots en action\",\"publisher\":{\"@id\":\"https:\/\/slams.fr\/blog\/#organization\"},\"alternateName\":\"Slams, l'\u00e9nergie des mots en action\",\"potentialAction\":[{\"@type\":\"SearchAction\",\"target\":{\"@type\":\"EntryPoint\",\"urlTemplate\":\"https:\/\/slams.fr\/blog\/?s={search_term_string}\"},\"query-input\":{\"@type\":\"PropertyValueSpecification\",\"valueRequired\":true,\"valueName\":\"search_term_string\"}}],\"inLanguage\":\"fr-FR\"},{\"@type\":\"Organization\",\"@id\":\"https:\/\/slams.fr\/blog\/#organization\",\"name\":\"Foretsensations.fr\",\"url\":\"https:\/\/slams.fr\/blog\/\",\"logo\":{\"@type\":\"ImageObject\",\"inLanguage\":\"fr-FR\",\"@id\":\"https:\/\/slams.fr\/blog\/#\/schema\/logo\/image\/\",\"url\":\"https:\/\/slams.fr\/blog\/wp-content\/uploads\/2026\/07\/logo-auto-1.png\",\"contentUrl\":\"https:\/\/slams.fr\/blog\/wp-content\/uploads\/2026\/07\/logo-auto-1.png\",\"width\":1024,\"height\":1024,\"caption\":\"Foretsensations.fr\"},\"image\":{\"@id\":\"https:\/\/slams.fr\/blog\/#\/schema\/logo\/image\/\"}},{\"@type\":\"Person\",\"@id\":\"https:\/\/slams.fr\/blog\/#\/schema\/person\/3c864cdc320801e3db34b663e7e3f816\",\"name\":\"Rapha\u00ebl D.\",\"image\":{\"@type\":\"ImageObject\",\"inLanguage\":\"fr-FR\",\"@id\":\"https:\/\/slams.fr\/blog\/#\/schema\/person\/image\/\",\"url\":\"https:\/\/slams.fr\/blog\/wp-content\/uploads\/2026\/06\/persona_raphael-d-96x96.jpg\",\"contentUrl\":\"https:\/\/slams.fr\/blog\/wp-content\/uploads\/2026\/06\/persona_raphael-d-96x96.jpg\",\"caption\":\"Rapha\u00ebl D.\"},\"description\":\"La culture est mon terrain de jeu depuis une dizaine d'ann\u00e9es : arts visuels, s\u00e9ries, cr\u00e9ation et tout ce qui nourrit l'imaginaire. J'\u00e9cris aussi bien sur l'actualit\u00e9 des \u0153uvres que sur les coulisses de la cr\u00e9ation, avec l'envie de relier l'amateur curieux \u00e0 des univers parfois jug\u00e9s intimidants. J'aime analyser une s\u00e9rie ou une d\u00e9marche artistique sans p\u00e9dantisme, replacer une \u0153uvre dans son contexte et donner des cl\u00e9s de lecture accessibles. Avant de publier, je v\u00e9rifie mes r\u00e9f\u00e9rences, je recoupe les sources et je distingue clairement le fait de mon interpr\u00e9tation subjective. Je crois qu'une critique vaut surtout par les arguments qu'elle expose, pas par la sentence qu'elle rend. Mon angle : transmettre l'envie de d\u00e9couvrir, de regarder autrement et de se forger son propre go\u00fbt. La culture n'appartient pas qu'aux initi\u00e9s, et c'est tout l'enjeu de mon \u00e9criture.\",\"url\":\"https:\/\/slams.fr\/blog\/auteur\/raphael-d\/\",\"jobTitle\":\"R\u00e9dacteur en chef \u00b7 Culture & Cr\u00e9ation\",\"knowsAbout\":[\"Culture\",\"Cr\u00e9ation\"],\"email\":\"raphael.d@a-l-asso-de-l-art.fr\"}]}<\/script>\n<!-- \/ Yoast SEO Premium plugin. -->","yoast_head_json":{"title":"Qu'est-ce qu'un slam ? Origines et importance","description":"Le slam plonge ses racines dans la longue tradition de la po\u00e9sie orale et du spoken word : r\u00e9cits scand\u00e9s, po\u00e9sie militante, sc\u00e8nes ouvertes o\u00f9 la voix","robots":{"index":"index","follow":"follow","max-snippet":"max-snippet:-1","max-image-preview":"max-image-preview:large","max-video-preview":"max-video-preview:-1"},"canonical":"https:\/\/slams.fr\/blog\/actualites-du-slam\/quest-ce-quun-slam-origines-et-importance-de-cette-poesie-orale-moderne\/","og_locale":"fr_FR","og_type":"article","og_title":"Qu'est-ce qu'un slam ? Origines et importance","og_description":"Le slam plonge ses racines dans la longue tradition de la po\u00e9sie orale et du spoken word : r\u00e9cits scand\u00e9s, po\u00e9sie militante, sc\u00e8nes ouvertes o\u00f9 la voix","og_url":"https:\/\/slams.fr\/blog\/actualites-du-slam\/quest-ce-quun-slam-origines-et-importance-de-cette-poesie-orale-moderne\/","og_site_name":"slams","og_image":[{"width":1200,"height":686,"url":"https:\/\/slams.fr\/blog\/wp-content\/uploads\/2025\/12\/pag-image-693be814dbd4e-scaled.png","type":"image\/png"}],"author":"Rapha\u00ebl D.","twitter_card":"summary_large_image","schema":{"@context":"https:\/\/schema.org","@graph":[{"@type":"NewsArticle","@id":"https:\/\/slams.fr\/blog\/actualites-du-slam\/quest-ce-quun-slam-origines-et-importance-de-cette-poesie-orale-moderne\/#article","isPartOf":{"@id":"https:\/\/slams.fr\/blog\/actualites-du-slam\/quest-ce-quun-slam-origines-et-importance-de-cette-poesie-orale-moderne\/"},"author":{"name":"Rapha\u00ebl D.","@id":"https:\/\/slams.fr\/blog\/#\/schema\/person\/3c864cdc320801e3db34b663e7e3f816"},"headline":"Qu&rsquo;est-ce qu&rsquo;un slam ? Origines et importance de cette po\u00e9sie orale moderne","datePublished":"2026-03-02T08:00:00+00:00","mainEntityOfPage":{"@id":"https:\/\/slams.fr\/blog\/actualites-du-slam\/quest-ce-quun-slam-origines-et-importance-de-cette-poesie-orale-moderne\/"},"wordCount":2144,"commentCount":0,"publisher":{"@id":"https:\/\/slams.fr\/blog\/#organization"},"image":{"@id":"https:\/\/slams.fr\/blog\/actualites-du-slam\/quest-ce-quun-slam-origines-et-importance-de-cette-poesie-orale-moderne\/#primaryimage"},"thumbnailUrl":"https:\/\/slams.fr\/blog\/wp-content\/uploads\/2025\/12\/pag-image-693be814dbd4e-scaled.png","keywords":["poesie orale","slam moderne","slam poesie"],"articleSection":["Actualit\u00e9s du Slam"],"inLanguage":"fr-FR","potentialAction":[{"@type":"CommentAction","name":"Comment","target":["https:\/\/slams.fr\/blog\/actualites-du-slam\/quest-ce-quun-slam-origines-et-importance-de-cette-poesie-orale-moderne\/#respond"]}]},{"@type":"WebPage","@id":"https:\/\/slams.fr\/blog\/actualites-du-slam\/quest-ce-quun-slam-origines-et-importance-de-cette-poesie-orale-moderne\/","url":"https:\/\/slams.fr\/blog\/actualites-du-slam\/quest-ce-quun-slam-origines-et-importance-de-cette-poesie-orale-moderne\/","name":"Qu'est-ce qu'un slam ? Origines et importance","isPartOf":{"@id":"https:\/\/slams.fr\/blog\/#website"},"primaryImageOfPage":{"@id":"https:\/\/slams.fr\/blog\/actualites-du-slam\/quest-ce-quun-slam-origines-et-importance-de-cette-poesie-orale-moderne\/#primaryimage"},"image":{"@id":"https:\/\/slams.fr\/blog\/actualites-du-slam\/quest-ce-quun-slam-origines-et-importance-de-cette-poesie-orale-moderne\/#primaryimage"},"thumbnailUrl":"https:\/\/slams.fr\/blog\/wp-content\/uploads\/2025\/12\/pag-image-693be814dbd4e-scaled.png","datePublished":"2026-03-02T08:00:00+00:00","description":"Le slam plonge ses racines dans la longue tradition de la po\u00e9sie orale et du spoken word : r\u00e9cits scand\u00e9s, po\u00e9sie militante, sc\u00e8nes ouvertes o\u00f9 la voix","inLanguage":"fr-FR","potentialAction":[{"@type":"ReadAction","target":["https:\/\/slams.fr\/blog\/actualites-du-slam\/quest-ce-quun-slam-origines-et-importance-de-cette-poesie-orale-moderne\/"]}]},{"@type":"ImageObject","inLanguage":"fr-FR","@id":"https:\/\/slams.fr\/blog\/actualites-du-slam\/quest-ce-quun-slam-origines-et-importance-de-cette-poesie-orale-moderne\/#primaryimage","url":"https:\/\/slams.fr\/blog\/wp-content\/uploads\/2025\/12\/pag-image-693be814dbd4e-scaled.png","contentUrl":"https:\/\/slams.fr\/blog\/wp-content\/uploads\/2025\/12\/pag-image-693be814dbd4e-scaled.png","width":1200,"height":686,"caption":"Image g\u00e9n\u00e9r\u00e9e par IA optimis\u00e9e pour Google Discover"},{"@type":"WebSite","@id":"https:\/\/slams.fr\/blog\/#website","url":"https:\/\/slams.fr\/blog\/","name":"slams.fr","description":"Slams, l&#039;\u00e9nergie des mots en action","publisher":{"@id":"https:\/\/slams.fr\/blog\/#organization"},"alternateName":"Slams, l'\u00e9nergie des mots en action","potentialAction":[{"@type":"SearchAction","target":{"@type":"EntryPoint","urlTemplate":"https:\/\/slams.fr\/blog\/?s={search_term_string}"},"query-input":{"@type":"PropertyValueSpecification","valueRequired":true,"valueName":"search_term_string"}}],"inLanguage":"fr-FR"},{"@type":"Organization","@id":"https:\/\/slams.fr\/blog\/#organization","name":"Foretsensations.fr","url":"https:\/\/slams.fr\/blog\/","logo":{"@type":"ImageObject","inLanguage":"fr-FR","@id":"https:\/\/slams.fr\/blog\/#\/schema\/logo\/image\/","url":"https:\/\/slams.fr\/blog\/wp-content\/uploads\/2026\/07\/logo-auto-1.png","contentUrl":"https:\/\/slams.fr\/blog\/wp-content\/uploads\/2026\/07\/logo-auto-1.png","width":1024,"height":1024,"caption":"Foretsensations.fr"},"image":{"@id":"https:\/\/slams.fr\/blog\/#\/schema\/logo\/image\/"}},{"@type":"Person","@id":"https:\/\/slams.fr\/blog\/#\/schema\/person\/3c864cdc320801e3db34b663e7e3f816","name":"Rapha\u00ebl D.","image":{"@type":"ImageObject","inLanguage":"fr-FR","@id":"https:\/\/slams.fr\/blog\/#\/schema\/person\/image\/","url":"https:\/\/slams.fr\/blog\/wp-content\/uploads\/2026\/06\/persona_raphael-d-96x96.jpg","contentUrl":"https:\/\/slams.fr\/blog\/wp-content\/uploads\/2026\/06\/persona_raphael-d-96x96.jpg","caption":"Rapha\u00ebl D."},"description":"La culture est mon terrain de jeu depuis une dizaine d'ann\u00e9es : arts visuels, s\u00e9ries, cr\u00e9ation et tout ce qui nourrit l'imaginaire. J'\u00e9cris aussi bien sur l'actualit\u00e9 des \u0153uvres que sur les coulisses de la cr\u00e9ation, avec l'envie de relier l'amateur curieux \u00e0 des univers parfois jug\u00e9s intimidants. J'aime analyser une s\u00e9rie ou une d\u00e9marche artistique sans p\u00e9dantisme, replacer une \u0153uvre dans son contexte et donner des cl\u00e9s de lecture accessibles. Avant de publier, je v\u00e9rifie mes r\u00e9f\u00e9rences, je recoupe les sources et je distingue clairement le fait de mon interpr\u00e9tation subjective. Je crois qu'une critique vaut surtout par les arguments qu'elle expose, pas par la sentence qu'elle rend. Mon angle : transmettre l'envie de d\u00e9couvrir, de regarder autrement et de se forger son propre go\u00fbt. La culture n'appartient pas qu'aux initi\u00e9s, et c'est tout l'enjeu de mon \u00e9criture.","url":"https:\/\/slams.fr\/blog\/auteur\/raphael-d\/","jobTitle":"R\u00e9dacteur en chef \u00b7 Culture & Cr\u00e9ation","knowsAbout":["Culture","Cr\u00e9ation"],"email":"raphael.d@a-l-asso-de-l-art.fr"}]}},"_links":{"self":[{"href":"https:\/\/slams.fr\/blog\/wp-json\/wp\/v2\/posts\/7731","targetHints":{"allow":["GET"]}}],"collection":[{"href":"https:\/\/slams.fr\/blog\/wp-json\/wp\/v2\/posts"}],"about":[{"href":"https:\/\/slams.fr\/blog\/wp-json\/wp\/v2\/types\/post"}],"author":[{"embeddable":true,"href":"https:\/\/slams.fr\/blog\/wp-json\/wp\/v2\/users\/34"}],"replies":[{"embeddable":true,"href":"https:\/\/slams.fr\/blog\/wp-json\/wp\/v2\/comments?post=7731"}],"version-history":[{"count":1,"href":"https:\/\/slams.fr\/blog\/wp-json\/wp\/v2\/posts\/7731\/revisions"}],"predecessor-version":[{"id":7773,"href":"https:\/\/slams.fr\/blog\/wp-json\/wp\/v2\/posts\/7731\/revisions\/7773"}],"wp:featuredmedia":[{"embeddable":true,"href":"https:\/\/slams.fr\/blog\/wp-json\/wp\/v2\/media\/7733"}],"wp:attachment":[{"href":"https:\/\/slams.fr\/blog\/wp-json\/wp\/v2\/media?parent=7731"}],"wp:term":[{"taxonomy":"category","embeddable":true,"href":"https:\/\/slams.fr\/blog\/wp-json\/wp\/v2\/categories?post=7731"},{"taxonomy":"post_tag","embeddable":true,"href":"https:\/\/slams.fr\/blog\/wp-json\/wp\/v2\/tags?post=7731"}],"curies":[{"name":"wp","href":"https:\/\/api.w.org\/{rel}","templated":true}]}}