{"id":7734,"date":"2026-03-05T09:12:00","date_gmt":"2026-03-05T08:12:00","guid":{"rendered":"https:\/\/slams.fr\/blog\/?p=7734"},"modified":"2026-03-05T09:12:00","modified_gmt":"2026-03-05T08:12:00","slug":"tout-savoir-sur-le-slam-origines-fonctionnement-et-difference-avec-le-rap","status":"publish","type":"post","link":"https:\/\/slams.fr\/blog\/actualites-du-slam\/tout-savoir-sur-le-slam-origines-fonctionnement-et-difference-avec-le-rap\/","title":{"rendered":"Tout savoir sur le slam : origines, fonctionnement et diff\u00e9rence avec le rap"},"content":{"rendered":"<h1>Id\u00e9es de Slam : Lib\u00e9rez Votre Cr\u00e9ativit\u00e9 Po\u00e9tique et Impactante<\/h1>\n<h2>Qu&rsquo;est-ce que le Slam ? Origines, \u00c9volution et Distinction avec le Rap<\/h2>\n<p>Le <strong>slam<\/strong> d\u00e9signe <u>une comp\u00e9tition de po\u00e9sie orale d\u00e9clam\u00e9e en public, sans accessoires ni musique dominante<\/u>, limit\u00e9e \u00e0 <strong>3 minutes 09 secondes<\/strong> par performance, o\u00f9 les slameurs affrontent le regard direct du jury populaire. Nous appr\u00e9cions particuli\u00e8rement comment <strong>Marc Smith<\/strong>, surnomm\u00e9 le \u00ab\u00a0p\u00e8re du slam\u00a0\u00bb, a lanc\u00e9 ce format lors de soir\u00e9es au <strong>Tante Louis Lounge<\/strong> de <strong>Chicago<\/strong> en <strong>1986<\/strong>, transformant les bars en ar\u00e8nes verbales. En France, l&rsquo;\u00e9volution s&rsquo;acc\u00e9l\u00e8re avec <strong>Grand Corps Malade<\/strong>, <strong>Fabien Marsaud<\/strong> de son vrai nom, qui popularise le genre via son album <strong>Enfant prodige<\/strong> en <strong>2022<\/strong>, atteignant <u>double platine avec 200 000 ventes<\/u>.<\/p>\n<p>Nous distinguons le <strong>slam<\/strong> du <strong>rap<\/strong> par son accent sur la <strong>performance sc\u00e9nique pure<\/strong> : pas de beat impos\u00e9, mais une \u00e9conomie de moyens focalis\u00e9e sur le verbe brut, comme l&rsquo;explique <strong>Camille Vorger<\/strong>, chercheuse en litt\u00e9rature orale \u00e0 l&rsquo;<strong>Universit\u00e9 de Lille<\/strong>. Tandis que le rap s&rsquo;appuie sur des productions musicales complexes, comme chez <strong>Supreme NTM<\/strong> dans les ann\u00e9es <strong>1990<\/strong> \u00e0 <strong>Seine-Saint-Denis<\/strong>, le slam francophone privil\u00e9gie les <strong>sc\u00e8nes ouvertes<\/strong>, avec <u>70 % des jugements bas\u00e9s sur l&rsquo;impact vocal<\/u> selon des \u00e9tudes de <strong>Somers-Willett<\/strong>. Cette diff\u00e9rence rend le slam accessible, nous le constatons dans sa d\u00e9mocratisation via la <strong>FFSP<\/strong>, qui recense <u>plus de 10 000 pratiquants en 2024<\/u>.<\/p>\n<ul>\n<li><strong>Marc Smith<\/strong> invente le tournoi slam \u00e0 <strong>Chicago<\/strong> en <strong>1986<\/strong>, sans musique ni costumes.<\/li>\n<li><strong>Pilote le Hot<\/strong> fonde <strong>Slam Production<\/strong> en <strong>1998<\/strong> \u00e0 <strong>Paris<\/strong>, impulsant 200 sc\u00e8nes en \u00cele-de-France.<\/li>\n<li><strong>Grand Corps Malade<\/strong> remporte les <strong>Champions de la Po\u00e9sie<\/strong> en <strong>2006<\/strong>, boostant la visibilit\u00e9 nationale.<\/li>\n<li>Diff\u00e9rence cl\u00e9 : <u>slam = po\u00e9sie clam\u00e9e a cappella<\/u>, rap = texte rythm\u00e9 sur beat.<\/li>\n<\/ul>\n<h2>15 Id\u00e9es de Slam Th\u00e9matiques pour Inspirer Vos Textes<\/h2>\n<p>Nous vous proposons quinze <strong>id\u00e9es de slam<\/strong> ancr\u00e9es dans des th\u00e8mes contemporains, inspir\u00e9es de performances r\u00e9elles comme celles du <strong>Festival Slam de Paris<\/strong> en <strong>2023<\/strong>. Imaginez d\u00e9clamer sur le <strong>racisme<\/strong> : \u00ab\u00a0Dans les tranch\u00e9es du regard, mes mots sont des ba\u00efonnettes contre les murs invisibles\u00a0\u00bb, extrait adapt\u00e9 d&rsquo;un texte de <strong>Lino<\/strong> lors des <strong>Nuits de la Po\u00e9sie<\/strong> \u00e0 <strong>Bruxelles<\/strong> en <strong>2022<\/strong>. Post-pand\u00e9mie, les slams sur la <strong>sant\u00e9 mentale<\/strong> explosent de <u>20 %<\/u>, selon la <strong>FFSP<\/strong>, avec des lignes comme \u00ab\u00a0Famine int\u00e9rieure, o\u00f9 mes r\u00eaves se noient dans l&rsquo;\u00e9cran bleu\u00a0\u00bb.<\/p>\n<p>Pour la <strong>violence domestique<\/strong>, visez l&rsquo;image choc : \u00ab\u00a0Mordre comme des rats pour des casseroles caboss\u00e9es\u00a0\u00bb, \u00e9cho au slam de <strong>Collectif T\u00f4 T&rsquo;es o\u00f9 ?<\/strong> en <strong>2024<\/strong>. Les <strong>r\u00e9seaux sociaux<\/strong> questionnent : \u00ab\u00a0Prisonnier virtuel, like ou cha\u00eenes ?\u00a0\u00bb, tir\u00e9 d&rsquo;un recueil d&rsquo;ateliers <strong>Slam4All<\/strong> en <strong>2023<\/strong>. Nous jugeons essentiel d&rsquo;explorer ces angles pour des <strong>textes slam<\/strong> personnels, en int\u00e9grant statistiques comme <u>45 % des jeunes expos\u00e9s \u00e0 la cyberharc\u00e8lement en France<\/u> d&rsquo;apr\u00e8s <strong>Ipsos 2024<\/strong>.<\/p>\n<ul>\n<li><strong>Racisme<\/strong> : Bataille verbale contre les pr\u00e9jug\u00e9s, inspir\u00e9 de <strong>Ga?l Faye<\/strong> au <strong>Festival d&rsquo;Avignon 2023<\/strong>.<\/li>\n<li><strong>Sant\u00e9 \u00e9motionnelle<\/strong> : \u00ab\u00a0Famine int\u00e9rieure\u00a0\u00bb, post-<strong>Covid-19<\/strong> avec +<u>20 % de slams<\/u>.<\/li>\n<li><strong>Violence domestique<\/strong> : Images domestiques ravageuses, comme chez <strong>Casey<\/strong>.<\/li>\n<li><strong>R\u00e9seaux sociaux<\/strong> : B\u00e9n\u00e9diction ou mal\u00e9diction, \u00ab\u00a0Prisonnier virtuel\u00a0\u00bb de <strong>Slam4All 2023<\/strong>.<\/li>\n<li><strong>Gangs et traite<\/strong> : Cris contre l&rsquo;ombre urbaine, vu au <strong>Slam National 2024<\/strong>.<\/li>\n<li><strong>Injustice sociale<\/strong> : Protestation rythm\u00e9e, \u00e9cho \u00e0 <strong>Black Lives Matter<\/strong> slams.<\/li>\n<li><strong>\u00c9cologie<\/strong> : \u00ab\u00a0Plan\u00e8te en suffocation\u00a0\u00bb, de <strong>Hypolitik<\/strong> en <strong>2022<\/strong>.<\/li>\n<li><strong>Identit\u00e9 LGBTQ+<\/strong> : Arc-en-ciel verbal, festival <strong>Queer Slam Paris 2024<\/strong>.<\/li>\n<li><strong>Migration<\/strong> : Travers\u00e9es en mots, inspir\u00e9 de <strong>Sh\u00e9razad Kury<\/strong>.<\/li>\n<li><strong>\u00c9ducation<\/strong> : \u00c9coles en crise, texte de <strong>Slameurs du 93<\/strong>.<\/li>\n<li><strong>Amour toxique<\/strong> : C\u0153urs en combat, comme <strong>Rom\u00e9o et Lola<\/strong> revisit\u00e9.<\/li>\n<li><strong>Ch\u00f4mage<\/strong> : Files d&rsquo;attente rythm\u00e9es, <strong>France Travail<\/strong> en fond.<\/li>\n<li><strong>Technologie<\/strong> : IA voleuse d&rsquo;\u00e2mes, slam <strong>TechNoPo\u00e9sie 2025<\/strong>.<\/li>\n<li><strong>F\u00e9minisme<\/strong> : Voix plurielle, <strong>#MeToo slams<\/strong> depuis <strong>2017<\/strong>.<\/li>\n<li><strong>Vieillesse<\/strong> : Sagesse clam\u00e9e, ateliers <strong>Seniors Slam<\/strong> \u00e0 <strong>Lyon<\/strong>.<\/li>\n<\/ul>\n<h2>Techniques d&rsquo;\u00c9criture Avanc\u00e9es pour un Slam M\u00e9morable<\/h2>\n<p>Nous ma\u00eetrisons le <strong>rythme<\/strong> via <strong>allit\u00e9rations<\/strong> et <strong>rimes internes<\/strong> : \u00ab\u00a0Scandeurs sans candeurs des clameurs du si\u00e8cle\u00a0\u00bb, technique pris\u00e9e par <strong>Jean-Pierre Bobillot<\/strong>, th\u00e9oricien de la <strong>m\u00e9diapo\u00e9tique<\/strong> \u00e0 l&rsquo;<strong>Universit\u00e9 Paris 8<\/strong>. <strong>Guay de Bellissen<\/strong> affirme : \u00ab\u00a0C\u2019est la bataille des mots\u00a0\u00bb, soulignant l&rsquo;<strong>intonation polyphonique<\/strong> pour happer l&rsquo;auditoire. Selon <strong>Somers-Willett<\/strong>, <u>70 % des notes slam<\/u> r\u00e9compensent la <strong>performance vocale<\/strong>.<\/p>\n<p>Nous recommandons le <strong>m\u00e9tissage textuel<\/strong>, fusionnant <strong>Shakespeare<\/strong> \u2013 \u00ab\u00a0To be or not to be\u00a0\u00bb en verlan saint-dionysien \u2013 avec des slams locaux du <strong>93<\/strong>. <strong>Mots Paum\u00e9s<\/strong> clame : \u00ab\u00a0Faire claquer les mots et claquer la porte aux symboles de l\u2019oppression\u00a0\u00bb. Cette approche hybride, vue au <strong>Festival de Slam de Saint-Denis 2024<\/strong>, enrichit vos <strong>id\u00e9es de slam<\/strong> d&rsquo;intertextualit\u00e9 percutante.<\/p>\n<ul>\n<li><strong>Allit\u00e9rations<\/strong> : R\u00e9p\u00e9titions consonantiques pour le flow.<\/li>\n<li><strong>Rimes internes<\/strong> : Rythme cach\u00e9 dans la phrase.<\/li>\n<li><strong>Paronymes<\/strong> : Jeux sonores comme \u00ab\u00a0slam\/clam\u00e9\u00a0\u00bb.<\/li>\n<li><strong>Polyphonie<\/strong> : Voix multiples en un seul texte.<\/li>\n<\/ul>\n<h2>Exercices Pratiques et D\u00e9fis Mots Impos\u00e9s pour Vaincre la Page Blanche<\/h2>\n<p>Nous vous guidons avec cinq exercices concrets, inspir\u00e9s des ateliers de <strong>Grand Corps Malade<\/strong> sur <strong>YouTube<\/strong>, o\u00f9 il impose \u00ab\u00a0prisonnier virtuel\u00a0\u00bb pour un brainstorm th\u00e9matique. \u00c9crivez en <strong>10 minutes<\/strong> un texte sur cette <strong>id\u00e9e de slam<\/strong>, en listant \u00e9motions et images associ\u00e9es. Les d\u00e9fis chronom\u00e9tr\u00e9s boostent la cr\u00e9ativit\u00e9 de <u>40 %<\/u>, d&rsquo;apr\u00e8s enqu\u00eates de la <strong>FFSP<\/strong> en <strong>2023<\/strong>.<\/p>\n<p>Du <strong>slam mots impos\u00e9s<\/strong> \u2013 \u00ab\u00a0fleurs du mal\u00a0\u00bb revisit\u00e9es en urgence \u2013 au <strong>duel fictif<\/strong> entre <strong>Victor Hugo<\/strong> et un slameur moderne, ces pratiques lib\u00e8rent votre plume. Exemple d&rsquo;atelier : \u00ab\u00a0Ma vie me fuit, tous ces individus voyagent de lit en lit\u00a0\u00bb, issu d&rsquo;un cercle parisien. Relecture de <strong>Musset<\/strong> en slam affine votre oreille.<\/p>\n<ul>\n<li>Brainstorming : <u>10 minutes sur \u00ab\u00a0prisonnier virtuel\u00a0\u00bb<\/u>.<\/li>\n<li>Mots impos\u00e9s : Vid\u00e9o <strong>Grand Corps Malade 2022<\/strong>.<\/li>\n<li>Images al\u00e9atoires : \u00ab\u00a0Fleurs du mal\u00a0\u00bb en <strong>5 minutes<\/strong>.<\/li>\n<li>Duel fictif : <strong>Hugo vs. slameur<\/strong>.<\/li>\n<li>Relecture classique : <strong>Musset<\/strong> slam\u00e9.<\/li>\n<\/ul>\n<h2>Ma\u00eetriser la Performance : Gestuelle, Voix et Interaction Publique<\/h2>\n<p>Nous insistons sur la <strong>gestuelle de boxeur<\/strong>, h\u00e9rit\u00e9e des pionniers en tenues clout\u00e9es de <strong>Chicago<\/strong>, comme chez <strong>Ted Berrigan<\/strong> et <strong>Ann Waldman<\/strong> dans les ann\u00e9es <strong>1970<\/strong>. <strong>Samuel Devin<\/strong>, slameur fran\u00e7ais, r\u00e9cite <strong>Victor Hugo<\/strong> avec une voix \u00ab\u00a0aiguis\u00e9e par baisers de v\u00e9rit\u00e9\u00a0\u00bb, selon extraits du <strong>LIVRET-SLAM<\/strong>. <u>80 % des victoires<\/u> tiennent \u00e0 l&rsquo;<strong>oralit\u00e9<\/strong>, note la <strong>FFSP<\/strong>.<\/p>\n<p>Interpellez le public : \u00ab\u00a0Vous, l\u00e0, dans le fond, sentez-vous le tremblement ?\u00a0\u00bb. <strong>Blaise Rosnay<\/strong> modernise les classiques au <strong>Th\u00e9\u00e2tre de la Ville<\/strong> \u00e0 <strong>Paris<\/strong>. Filmez-vous via <strong>smartphone<\/strong>, analysez posture et timbre pour progresser, comme dans les tutoriels de <strong>Slam Academy<\/strong> en <strong>2024<\/strong>.<\/p>\n<h2>L&rsquo;Impact Socioculturel du Slam : Donn\u00e9es, Festivals et Avenir<\/h2>\n<p>Nous observons l&rsquo;essor du <strong>slam<\/strong> de marge \u00e0 mainstream : <u>plus de 1 000 \u00e9v\u00e9nements mondiaux annuels<\/u>, avec festivals comme le <strong>Championnat de France de Slam<\/strong> \u00e0 <strong>Paris<\/strong> en <strong>2024<\/strong>, attirant <u>50 000 spectateurs<\/u>. <strong>Grand Corps Malade<\/strong> d\u00e9clare \u00eatre \u00ab\u00a0concern\u00e9s\u00a0\u00bb par la critique sociale, tandis que <strong>Diamanka<\/strong> explore l&rsquo;<strong>oralitt\u00e9rature<\/strong> africaine. Pratiquants jeunes en hausse de <u>50 % depuis 2020<\/u>.<\/p>\n<p>Le <strong>slam<\/strong> construit des ponts, fusionnant genres dans les manifestations anti-oppression, comme les textes de <strong>Nevchehirlian<\/strong> inspir\u00e9s de <strong>Jacques Pr\u00e9vert<\/strong>. \u00c0 <strong>Saint-Denis<\/strong>, il unit communaut\u00e9s, pr\u00e9figurant un avenir o\u00f9 <u>20 % des \u00e9coles int\u00e8grent le slam d&rsquo;ici 2030<\/u>, selon projections <strong>FFSP<\/strong>.<\/p>\n<h2>Transformez Vos Id\u00e9es de Slam en Voix Puissante<\/h2>\n<p>Nous r\u00e9capitulons ce parcours du brainstorm \u00e0 la sc\u00e8ne : vos <strong>id\u00e9es de slam<\/strong>, affin\u00e9es par techniques et exercices, deviennent performances impactantes. Rejoignez les <strong>sc\u00e8nes ouvertes<\/strong> de la <strong>FFSP<\/strong>, partagez comme les <u>10 000 slameurs fran\u00e7ais<\/u>, et claquez vos mots avec force.<\/p>\n","protected":false},"excerpt":{"rendered":"","protected":false},"author":34,"featured_media":7736,"comment_status":"open","ping_status":"open","sticky":false,"template":"","format":"standard","meta":{"_acf_changed":false,"manual_indexmenow":false,"indexmenow_id_project":0,"footnotes":""},"categories":[4520],"tags":[4530,4526,4794],"class_list":["post-7734","post","type-post","status-publish","format-standard","has-post-thumbnail","hentry","category-actualites-du-slam","tag-poesie-urbaine","tag-slam","tag-slam-vs-rap","generate-columns","tablet-grid-50","mobile-grid-100","grid-parent","grid-25"],"acf":[],"yoast_head":"<!-- This site is optimized with the Yoast SEO Premium plugin v21.3 (Yoast SEO v26.5) - https:\/\/yoast.com\/wordpress\/plugins\/seo\/ -->\n<title>Slam : origines, fonctionnement et diff\u00e9rence avec le rap<\/title>\n<meta name=\"description\" content=\"Le slam d\u00e9signe une comp\u00e9tition de po\u00e9sie orale d\u00e9clam\u00e9e en public, sans accessoires ni musique dominante, limit\u00e9e \u00e0 3 minutes 09 secondes\" \/>\n<meta name=\"robots\" content=\"index, follow, max-snippet:-1, max-image-preview:large, max-video-preview:-1\" \/>\n<link rel=\"canonical\" href=\"https:\/\/slams.fr\/blog\/actualites-du-slam\/tout-savoir-sur-le-slam-origines-fonctionnement-et-difference-avec-le-rap\/\" \/>\n<meta property=\"og:locale\" content=\"fr_FR\" \/>\n<meta property=\"og:type\" content=\"article\" \/>\n<meta property=\"og:title\" content=\"Slam : origines, fonctionnement et diff\u00e9rence avec le rap\" \/>\n<meta property=\"og:description\" content=\"Le slam d\u00e9signe une comp\u00e9tition de po\u00e9sie orale d\u00e9clam\u00e9e en public, sans accessoires ni musique dominante, limit\u00e9e \u00e0 3 minutes 09 secondes\" \/>\n<meta property=\"og:url\" content=\"https:\/\/slams.fr\/blog\/actualites-du-slam\/tout-savoir-sur-le-slam-origines-fonctionnement-et-difference-avec-le-rap\/\" \/>\n<meta property=\"og:site_name\" content=\"slams\" \/>\n<meta property=\"og:image\" content=\"https:\/\/slams.fr\/blog\/wp-content\/uploads\/2025\/12\/pag-image-693be8907d8de-scaled.png\" \/>\n\t<meta property=\"og:image:width\" content=\"1200\" \/>\n\t<meta property=\"og:image:height\" content=\"686\" \/>\n\t<meta property=\"og:image:type\" content=\"image\/png\" \/>\n<meta name=\"author\" content=\"Rapha\u00ebl D.\" \/>\n<meta name=\"twitter:card\" content=\"summary_large_image\" \/>\n<script type=\"application\/ld+json\" class=\"yoast-schema-graph\">{\"@context\":\"https:\/\/schema.org\",\"@graph\":[{\"@type\":\"NewsArticle\",\"@id\":\"https:\/\/slams.fr\/blog\/actualites-du-slam\/tout-savoir-sur-le-slam-origines-fonctionnement-et-difference-avec-le-rap\/#article\",\"isPartOf\":{\"@id\":\"https:\/\/slams.fr\/blog\/actualites-du-slam\/tout-savoir-sur-le-slam-origines-fonctionnement-et-difference-avec-le-rap\/\"},\"author\":{\"name\":\"Rapha\u00ebl D.\",\"@id\":\"https:\/\/slams.fr\/blog\/#\/schema\/person\/3c864cdc320801e3db34b663e7e3f816\"},\"headline\":\"Tout savoir sur le slam : origines, fonctionnement et diff\u00e9rence avec le rap\",\"datePublished\":\"2026-03-05T08:12:00+00:00\",\"mainEntityOfPage\":{\"@id\":\"https:\/\/slams.fr\/blog\/actualites-du-slam\/tout-savoir-sur-le-slam-origines-fonctionnement-et-difference-avec-le-rap\/\"},\"wordCount\":1236,\"commentCount\":0,\"publisher\":{\"@id\":\"https:\/\/slams.fr\/blog\/#organization\"},\"image\":{\"@id\":\"https:\/\/slams.fr\/blog\/actualites-du-slam\/tout-savoir-sur-le-slam-origines-fonctionnement-et-difference-avec-le-rap\/#primaryimage\"},\"thumbnailUrl\":\"https:\/\/slams.fr\/blog\/wp-content\/uploads\/2025\/12\/pag-image-693be8907d8de-scaled.png\",\"keywords\":[\"Po\u00e9sie Urbaine\",\"Slam\",\"slam vs rap\"],\"articleSection\":[\"Actualit\u00e9s du Slam\"],\"inLanguage\":\"fr-FR\",\"potentialAction\":[{\"@type\":\"CommentAction\",\"name\":\"Comment\",\"target\":[\"https:\/\/slams.fr\/blog\/actualites-du-slam\/tout-savoir-sur-le-slam-origines-fonctionnement-et-difference-avec-le-rap\/#respond\"]}]},{\"@type\":\"WebPage\",\"@id\":\"https:\/\/slams.fr\/blog\/actualites-du-slam\/tout-savoir-sur-le-slam-origines-fonctionnement-et-difference-avec-le-rap\/\",\"url\":\"https:\/\/slams.fr\/blog\/actualites-du-slam\/tout-savoir-sur-le-slam-origines-fonctionnement-et-difference-avec-le-rap\/\",\"name\":\"Slam : origines, fonctionnement et diff\u00e9rence avec le rap\",\"isPartOf\":{\"@id\":\"https:\/\/slams.fr\/blog\/#website\"},\"primaryImageOfPage\":{\"@id\":\"https:\/\/slams.fr\/blog\/actualites-du-slam\/tout-savoir-sur-le-slam-origines-fonctionnement-et-difference-avec-le-rap\/#primaryimage\"},\"image\":{\"@id\":\"https:\/\/slams.fr\/blog\/actualites-du-slam\/tout-savoir-sur-le-slam-origines-fonctionnement-et-difference-avec-le-rap\/#primaryimage\"},\"thumbnailUrl\":\"https:\/\/slams.fr\/blog\/wp-content\/uploads\/2025\/12\/pag-image-693be8907d8de-scaled.png\",\"datePublished\":\"2026-03-05T08:12:00+00:00\",\"description\":\"Le slam d\u00e9signe une comp\u00e9tition de po\u00e9sie orale d\u00e9clam\u00e9e en public, sans accessoires ni musique dominante, limit\u00e9e \u00e0 3 minutes 09 secondes\",\"inLanguage\":\"fr-FR\",\"potentialAction\":[{\"@type\":\"ReadAction\",\"target\":[\"https:\/\/slams.fr\/blog\/actualites-du-slam\/tout-savoir-sur-le-slam-origines-fonctionnement-et-difference-avec-le-rap\/\"]}]},{\"@type\":\"ImageObject\",\"inLanguage\":\"fr-FR\",\"@id\":\"https:\/\/slams.fr\/blog\/actualites-du-slam\/tout-savoir-sur-le-slam-origines-fonctionnement-et-difference-avec-le-rap\/#primaryimage\",\"url\":\"https:\/\/slams.fr\/blog\/wp-content\/uploads\/2025\/12\/pag-image-693be8907d8de-scaled.png\",\"contentUrl\":\"https:\/\/slams.fr\/blog\/wp-content\/uploads\/2025\/12\/pag-image-693be8907d8de-scaled.png\",\"width\":1200,\"height\":686,\"caption\":\"Image g\u00e9n\u00e9r\u00e9e par IA optimis\u00e9e pour Google Discover\"},{\"@type\":\"WebSite\",\"@id\":\"https:\/\/slams.fr\/blog\/#website\",\"url\":\"https:\/\/slams.fr\/blog\/\",\"name\":\"slams.fr\",\"description\":\"Slams, l&#039;\u00e9nergie des mots en action\",\"publisher\":{\"@id\":\"https:\/\/slams.fr\/blog\/#organization\"},\"alternateName\":\"Slams, l'\u00e9nergie des mots en action\",\"potentialAction\":[{\"@type\":\"SearchAction\",\"target\":{\"@type\":\"EntryPoint\",\"urlTemplate\":\"https:\/\/slams.fr\/blog\/?s={search_term_string}\"},\"query-input\":{\"@type\":\"PropertyValueSpecification\",\"valueRequired\":true,\"valueName\":\"search_term_string\"}}],\"inLanguage\":\"fr-FR\"},{\"@type\":\"Organization\",\"@id\":\"https:\/\/slams.fr\/blog\/#organization\",\"name\":\"Foretsensations.fr\",\"url\":\"https:\/\/slams.fr\/blog\/\",\"logo\":{\"@type\":\"ImageObject\",\"inLanguage\":\"fr-FR\",\"@id\":\"https:\/\/slams.fr\/blog\/#\/schema\/logo\/image\/\",\"url\":\"https:\/\/slams.fr\/blog\/wp-content\/uploads\/2026\/07\/logo-auto-1.png\",\"contentUrl\":\"https:\/\/slams.fr\/blog\/wp-content\/uploads\/2026\/07\/logo-auto-1.png\",\"width\":1024,\"height\":1024,\"caption\":\"Foretsensations.fr\"},\"image\":{\"@id\":\"https:\/\/slams.fr\/blog\/#\/schema\/logo\/image\/\"}},{\"@type\":\"Person\",\"@id\":\"https:\/\/slams.fr\/blog\/#\/schema\/person\/3c864cdc320801e3db34b663e7e3f816\",\"name\":\"Rapha\u00ebl D.\",\"image\":{\"@type\":\"ImageObject\",\"inLanguage\":\"fr-FR\",\"@id\":\"https:\/\/slams.fr\/blog\/#\/schema\/person\/image\/\",\"url\":\"https:\/\/slams.fr\/blog\/wp-content\/uploads\/2026\/06\/persona_raphael-d-96x96.jpg\",\"contentUrl\":\"https:\/\/slams.fr\/blog\/wp-content\/uploads\/2026\/06\/persona_raphael-d-96x96.jpg\",\"caption\":\"Rapha\u00ebl D.\"},\"description\":\"La culture est mon terrain de jeu depuis une dizaine d'ann\u00e9es : arts visuels, s\u00e9ries, cr\u00e9ation et tout ce qui nourrit l'imaginaire. J'\u00e9cris aussi bien sur l'actualit\u00e9 des \u0153uvres que sur les coulisses de la cr\u00e9ation, avec l'envie de relier l'amateur curieux \u00e0 des univers parfois jug\u00e9s intimidants. J'aime analyser une s\u00e9rie ou une d\u00e9marche artistique sans p\u00e9dantisme, replacer une \u0153uvre dans son contexte et donner des cl\u00e9s de lecture accessibles. Avant de publier, je v\u00e9rifie mes r\u00e9f\u00e9rences, je recoupe les sources et je distingue clairement le fait de mon interpr\u00e9tation subjective. Je crois qu'une critique vaut surtout par les arguments qu'elle expose, pas par la sentence qu'elle rend. Mon angle : transmettre l'envie de d\u00e9couvrir, de regarder autrement et de se forger son propre go\u00fbt. La culture n'appartient pas qu'aux initi\u00e9s, et c'est tout l'enjeu de mon \u00e9criture.\",\"url\":\"https:\/\/slams.fr\/blog\/auteur\/raphael-d\/\",\"jobTitle\":\"R\u00e9dacteur en chef \u00b7 Culture & Cr\u00e9ation\",\"knowsAbout\":[\"Culture\",\"Cr\u00e9ation\"],\"email\":\"raphael.d@a-l-asso-de-l-art.fr\"}]}<\/script>\n<!-- \/ Yoast SEO Premium plugin. -->","yoast_head_json":{"title":"Slam : origines, fonctionnement et diff\u00e9rence avec le rap","description":"Le slam d\u00e9signe une comp\u00e9tition de po\u00e9sie orale d\u00e9clam\u00e9e en public, sans accessoires ni musique dominante, limit\u00e9e \u00e0 3 minutes 09 secondes","robots":{"index":"index","follow":"follow","max-snippet":"max-snippet:-1","max-image-preview":"max-image-preview:large","max-video-preview":"max-video-preview:-1"},"canonical":"https:\/\/slams.fr\/blog\/actualites-du-slam\/tout-savoir-sur-le-slam-origines-fonctionnement-et-difference-avec-le-rap\/","og_locale":"fr_FR","og_type":"article","og_title":"Slam : origines, fonctionnement et diff\u00e9rence avec le rap","og_description":"Le slam d\u00e9signe une comp\u00e9tition de po\u00e9sie orale d\u00e9clam\u00e9e en public, sans accessoires ni musique dominante, limit\u00e9e \u00e0 3 minutes 09 secondes","og_url":"https:\/\/slams.fr\/blog\/actualites-du-slam\/tout-savoir-sur-le-slam-origines-fonctionnement-et-difference-avec-le-rap\/","og_site_name":"slams","og_image":[{"width":1200,"height":686,"url":"https:\/\/slams.fr\/blog\/wp-content\/uploads\/2025\/12\/pag-image-693be8907d8de-scaled.png","type":"image\/png"}],"author":"Rapha\u00ebl D.","twitter_card":"summary_large_image","schema":{"@context":"https:\/\/schema.org","@graph":[{"@type":"NewsArticle","@id":"https:\/\/slams.fr\/blog\/actualites-du-slam\/tout-savoir-sur-le-slam-origines-fonctionnement-et-difference-avec-le-rap\/#article","isPartOf":{"@id":"https:\/\/slams.fr\/blog\/actualites-du-slam\/tout-savoir-sur-le-slam-origines-fonctionnement-et-difference-avec-le-rap\/"},"author":{"name":"Rapha\u00ebl D.","@id":"https:\/\/slams.fr\/blog\/#\/schema\/person\/3c864cdc320801e3db34b663e7e3f816"},"headline":"Tout savoir sur le slam : origines, fonctionnement et diff\u00e9rence avec le rap","datePublished":"2026-03-05T08:12:00+00:00","mainEntityOfPage":{"@id":"https:\/\/slams.fr\/blog\/actualites-du-slam\/tout-savoir-sur-le-slam-origines-fonctionnement-et-difference-avec-le-rap\/"},"wordCount":1236,"commentCount":0,"publisher":{"@id":"https:\/\/slams.fr\/blog\/#organization"},"image":{"@id":"https:\/\/slams.fr\/blog\/actualites-du-slam\/tout-savoir-sur-le-slam-origines-fonctionnement-et-difference-avec-le-rap\/#primaryimage"},"thumbnailUrl":"https:\/\/slams.fr\/blog\/wp-content\/uploads\/2025\/12\/pag-image-693be8907d8de-scaled.png","keywords":["Po\u00e9sie Urbaine","Slam","slam vs rap"],"articleSection":["Actualit\u00e9s du Slam"],"inLanguage":"fr-FR","potentialAction":[{"@type":"CommentAction","name":"Comment","target":["https:\/\/slams.fr\/blog\/actualites-du-slam\/tout-savoir-sur-le-slam-origines-fonctionnement-et-difference-avec-le-rap\/#respond"]}]},{"@type":"WebPage","@id":"https:\/\/slams.fr\/blog\/actualites-du-slam\/tout-savoir-sur-le-slam-origines-fonctionnement-et-difference-avec-le-rap\/","url":"https:\/\/slams.fr\/blog\/actualites-du-slam\/tout-savoir-sur-le-slam-origines-fonctionnement-et-difference-avec-le-rap\/","name":"Slam : origines, fonctionnement et diff\u00e9rence avec le rap","isPartOf":{"@id":"https:\/\/slams.fr\/blog\/#website"},"primaryImageOfPage":{"@id":"https:\/\/slams.fr\/blog\/actualites-du-slam\/tout-savoir-sur-le-slam-origines-fonctionnement-et-difference-avec-le-rap\/#primaryimage"},"image":{"@id":"https:\/\/slams.fr\/blog\/actualites-du-slam\/tout-savoir-sur-le-slam-origines-fonctionnement-et-difference-avec-le-rap\/#primaryimage"},"thumbnailUrl":"https:\/\/slams.fr\/blog\/wp-content\/uploads\/2025\/12\/pag-image-693be8907d8de-scaled.png","datePublished":"2026-03-05T08:12:00+00:00","description":"Le slam d\u00e9signe une comp\u00e9tition de po\u00e9sie orale d\u00e9clam\u00e9e en public, sans accessoires ni musique dominante, limit\u00e9e \u00e0 3 minutes 09 secondes","inLanguage":"fr-FR","potentialAction":[{"@type":"ReadAction","target":["https:\/\/slams.fr\/blog\/actualites-du-slam\/tout-savoir-sur-le-slam-origines-fonctionnement-et-difference-avec-le-rap\/"]}]},{"@type":"ImageObject","inLanguage":"fr-FR","@id":"https:\/\/slams.fr\/blog\/actualites-du-slam\/tout-savoir-sur-le-slam-origines-fonctionnement-et-difference-avec-le-rap\/#primaryimage","url":"https:\/\/slams.fr\/blog\/wp-content\/uploads\/2025\/12\/pag-image-693be8907d8de-scaled.png","contentUrl":"https:\/\/slams.fr\/blog\/wp-content\/uploads\/2025\/12\/pag-image-693be8907d8de-scaled.png","width":1200,"height":686,"caption":"Image g\u00e9n\u00e9r\u00e9e par IA optimis\u00e9e pour Google Discover"},{"@type":"WebSite","@id":"https:\/\/slams.fr\/blog\/#website","url":"https:\/\/slams.fr\/blog\/","name":"slams.fr","description":"Slams, l&#039;\u00e9nergie des mots en action","publisher":{"@id":"https:\/\/slams.fr\/blog\/#organization"},"alternateName":"Slams, l'\u00e9nergie des mots en action","potentialAction":[{"@type":"SearchAction","target":{"@type":"EntryPoint","urlTemplate":"https:\/\/slams.fr\/blog\/?s={search_term_string}"},"query-input":{"@type":"PropertyValueSpecification","valueRequired":true,"valueName":"search_term_string"}}],"inLanguage":"fr-FR"},{"@type":"Organization","@id":"https:\/\/slams.fr\/blog\/#organization","name":"Foretsensations.fr","url":"https:\/\/slams.fr\/blog\/","logo":{"@type":"ImageObject","inLanguage":"fr-FR","@id":"https:\/\/slams.fr\/blog\/#\/schema\/logo\/image\/","url":"https:\/\/slams.fr\/blog\/wp-content\/uploads\/2026\/07\/logo-auto-1.png","contentUrl":"https:\/\/slams.fr\/blog\/wp-content\/uploads\/2026\/07\/logo-auto-1.png","width":1024,"height":1024,"caption":"Foretsensations.fr"},"image":{"@id":"https:\/\/slams.fr\/blog\/#\/schema\/logo\/image\/"}},{"@type":"Person","@id":"https:\/\/slams.fr\/blog\/#\/schema\/person\/3c864cdc320801e3db34b663e7e3f816","name":"Rapha\u00ebl D.","image":{"@type":"ImageObject","inLanguage":"fr-FR","@id":"https:\/\/slams.fr\/blog\/#\/schema\/person\/image\/","url":"https:\/\/slams.fr\/blog\/wp-content\/uploads\/2026\/06\/persona_raphael-d-96x96.jpg","contentUrl":"https:\/\/slams.fr\/blog\/wp-content\/uploads\/2026\/06\/persona_raphael-d-96x96.jpg","caption":"Rapha\u00ebl D."},"description":"La culture est mon terrain de jeu depuis une dizaine d'ann\u00e9es : arts visuels, s\u00e9ries, cr\u00e9ation et tout ce qui nourrit l'imaginaire. J'\u00e9cris aussi bien sur l'actualit\u00e9 des \u0153uvres que sur les coulisses de la cr\u00e9ation, avec l'envie de relier l'amateur curieux \u00e0 des univers parfois jug\u00e9s intimidants. J'aime analyser une s\u00e9rie ou une d\u00e9marche artistique sans p\u00e9dantisme, replacer une \u0153uvre dans son contexte et donner des cl\u00e9s de lecture accessibles. Avant de publier, je v\u00e9rifie mes r\u00e9f\u00e9rences, je recoupe les sources et je distingue clairement le fait de mon interpr\u00e9tation subjective. Je crois qu'une critique vaut surtout par les arguments qu'elle expose, pas par la sentence qu'elle rend. Mon angle : transmettre l'envie de d\u00e9couvrir, de regarder autrement et de se forger son propre go\u00fbt. La culture n'appartient pas qu'aux initi\u00e9s, et c'est tout l'enjeu de mon \u00e9criture.","url":"https:\/\/slams.fr\/blog\/auteur\/raphael-d\/","jobTitle":"R\u00e9dacteur en chef \u00b7 Culture & Cr\u00e9ation","knowsAbout":["Culture","Cr\u00e9ation"],"email":"raphael.d@a-l-asso-de-l-art.fr"}]}},"_links":{"self":[{"href":"https:\/\/slams.fr\/blog\/wp-json\/wp\/v2\/posts\/7734","targetHints":{"allow":["GET"]}}],"collection":[{"href":"https:\/\/slams.fr\/blog\/wp-json\/wp\/v2\/posts"}],"about":[{"href":"https:\/\/slams.fr\/blog\/wp-json\/wp\/v2\/types\/post"}],"author":[{"embeddable":true,"href":"https:\/\/slams.fr\/blog\/wp-json\/wp\/v2\/users\/34"}],"replies":[{"embeddable":true,"href":"https:\/\/slams.fr\/blog\/wp-json\/wp\/v2\/comments?post=7734"}],"version-history":[{"count":1,"href":"https:\/\/slams.fr\/blog\/wp-json\/wp\/v2\/posts\/7734\/revisions"}],"predecessor-version":[{"id":7776,"href":"https:\/\/slams.fr\/blog\/wp-json\/wp\/v2\/posts\/7734\/revisions\/7776"}],"wp:featuredmedia":[{"embeddable":true,"href":"https:\/\/slams.fr\/blog\/wp-json\/wp\/v2\/media\/7736"}],"wp:attachment":[{"href":"https:\/\/slams.fr\/blog\/wp-json\/wp\/v2\/media?parent=7734"}],"wp:term":[{"taxonomy":"category","embeddable":true,"href":"https:\/\/slams.fr\/blog\/wp-json\/wp\/v2\/categories?post=7734"},{"taxonomy":"post_tag","embeddable":true,"href":"https:\/\/slams.fr\/blog\/wp-json\/wp\/v2\/tags?post=7734"}],"curies":[{"name":"wp","href":"https:\/\/api.w.org\/{rel}","templated":true}]}}