{"id":7737,"date":"2026-03-05T09:05:00","date_gmt":"2026-03-05T08:05:00","guid":{"rendered":"https:\/\/slams.fr\/blog\/?p=7737"},"modified":"2026-03-05T09:05:00","modified_gmt":"2026-03-05T08:05:00","slug":"comment-le-slam-une-poesie-performative-nee-en-1986-a-conquis-la-france","status":"publish","type":"post","link":"https:\/\/slams.fr\/blog\/actualites-du-slam\/comment-le-slam-une-poesie-performative-nee-en-1986-a-conquis-la-france\/","title":{"rendered":"Comment le slam, une po\u00e9sie performative n\u00e9e en 1986, a conquis la France"},"content":{"rendered":"<div style=\"background: linear-gradient(135deg, #f5f7fa 0%, #e9ecef 100%);border-left: 4px solid #0073aa;padding: 15px 20px;margin: 0 0 25px 0;border-radius: 0 8px 8px 0\">\n<p style=\"margin: 0;font-size: 14px;color: #0073aa;font-weight: 600;text-transform: uppercase;letter-spacing: 1px;margin-bottom: 10px\">\ud83d\udccb En bref<\/p>\n<ul style=\"margin: 0;padding-left: 20px;list-style-type: none\">\n<li style=\"margin: 5px 0;color: #333;font-size: 15px;line-height: 1.5;position: relative;padding-left: 15px\"><span style=\"position: absolute;left: 0;color: #0073aa\">\u25b8<\/span> Le slam, n\u00e9 en 1986 \u00e0 Chicago, est une po\u00e9sie performative qui d\u00e9mocratise l&#039;art po\u00e9tique.<\/li>\n<li style=\"margin: 5px 0;color: #333;font-size: 15px;line-height: 1.5;position: relative;padding-left: 15px\"><span style=\"position: absolute;left: 0;color: #0073aa\">\u25b8<\/span> En France, il conna\u00eet un essor fulgurant depuis 1998, notamment gr\u00e2ce \u00e0 des figures comme Grand Corps Malade.<\/li>\n<li style=\"margin: 5px 0;color: #333;font-size: 15px;line-height: 1.5;position: relative;padding-left: 15px\"><span style=\"position: absolute;left: 0;color: #0073aa\">\u25b8<\/span> Aujourd&#039;hui, le slam attire des milliers de spectateurs et aborde des th\u00e8mes vari\u00e9s tels que la r\u00e9silience et les injustices sociales.<\/li>\n<\/ul>\n<\/div>\n<h1>Id\u00e9es de Slam : Cr\u00e9ez des Textes Po\u00e9tiques Impactants et Personnels<\/h1>\n<h2>Qu&rsquo;est-ce que le Slam ? Origines et Essor en France<\/h2>\n<p>Nous d\u00e9finissons le <strong>slam<\/strong> comme un <u>tournoi de po\u00e9sie performative<\/u>, n\u00e9 le <strong>8 janvier 1986<\/strong> au <strong>Get Me High Lounge<\/strong> de <strong>Chicago<\/strong>, o\u00f9 <strong>Marc Smith<\/strong>, po\u00e8te am\u00e9ricain, a lanc\u00e9 ces comp\u00e9titions pour d\u00e9mocratiser la po\u00e9sie. Sans costumes, sans instruments, le slameur r\u00e9cite un texte unique de sa composition, chronom\u00e9tr\u00e9 \u00e0 <strong>3 minutes maximum<\/strong>, \u00e9valu\u00e9 par un jury public sur contenu, pr\u00e9sence et flow. Cette formule pure, export\u00e9e en Europe d\u00e8s <strong>1993<\/strong> \u00e0 <strong>Manchester<\/strong>, s\u00e9duit par sa libert\u00e9 th\u00e9matique et son \u00e9nergie brute.<\/p>\n<p>En France, l&rsquo;essor explose avec <strong>Pilote le Hot<\/strong>, pionnier parisien, qui organise les premi\u00e8res sc\u00e8nes en <strong>1998<\/strong> dans les bars du <strong>18e arrondissement<\/strong>. <strong>Grand Corps Malade<\/strong>, de son vrai nom <strong>Fabien Marsaud<\/strong>, propulse le genre en <strong>2006<\/strong> avec son album <strong>Midi 20<\/strong>, \u00e9coul\u00e9 \u00e0 <u>500 000 exemplaires<\/u> en un an. Aujourd&rsquo;hui, le <strong>Championnat de France de Slam<\/strong> \u00e0 <strong>Paris<\/strong> en <strong>juin 2024<\/strong> attire <u>10 000 spectateurs<\/u>, tandis qu&rsquo;au Qu\u00e9bec, <strong>Slam ! Qu\u00e9bec<\/strong> mobilise <u>200 performeurs annuels<\/u> depuis <strong>2010<\/strong>. Nous voyons dans cette croissance un antidote \u00e0 l&rsquo;\u00e9litisme po\u00e9tique traditionnel.<\/p>\n<ul>\n<li><strong>R\u00e8gles fondamentales<\/strong> : Texte original, <u>3 minutes max<\/u>, a cappella, sans accessoires.<\/li>\n<li><strong>Influences cl\u00e9s<\/strong> : <strong>Beat Generation<\/strong> comme <strong>Allen Ginsberg<\/strong> pour l&rsquo;urgence orale.<\/li>\n<li><strong>Chiffres 2024<\/strong> : <u>Plus de 500 \u00e9v\u00e9nements<\/u> en France via <strong>F\u00e9d\u00e9ration Fran\u00e7aise de Slam<\/strong>.<\/li>\n<\/ul>\n<h2>Les Th\u00e8mes Inspirants pour Vos Id\u00e9es de Slam<\/h2>\n<p>Nous s\u00e9lectionnons pour vous des th\u00e8mes ancr\u00e9s dans l&rsquo;actualit\u00e9, inspir\u00e9s de vainqueurs r\u00e9els comme <strong>Sa\u00efban<\/strong>, laur\u00e9at du <strong>Poetry Slam Nice 2023<\/strong>. La <strong>r\u00e9silience post-pand\u00e9mie<\/strong> domine, avec des textes sur le confinement comme chez <strong>Sarah Kay<\/strong>, Am\u00e9ricaine aux <u>12 millions de vues TED<\/u> pour <strong>If I Should Have a Daughter<\/strong> en <strong>2011<\/strong>. Pensez \u00e0 l&rsquo;<strong>\u00e9cologie urbaine<\/strong> : un slam sur les d\u00e9chets \u00e0 <strong>Marseille<\/strong>, rimes sur \u00ab\u00a0plastique oc\u00e9anique\u00a0\u00bb. L&rsquo;<strong>amour toxique<\/strong> cartonne, \u00e9voquant ruptures via verlan et argot.<\/p>\n<p>Autre piste forte : la <strong>m\u00e9moire migratoire<\/strong>, comme dans <strong>Les Voyageurs<\/strong> de <strong>Grand Corps Malade<\/strong>, <u>1,2 million de vues YouTube en 2024<\/u>. Pour l&rsquo;<strong>injustice sociale<\/strong>, inspirez-vous de <strong>Ga?l Faye<\/strong>, slameur-rappeur franco-rwandais, sur g\u00e9nocides et banlieues. Nous brainstormons avec vous <u>20 mots-cl\u00e9s par th\u00e8me<\/u> : pour \u00ab\u00a0vacances vol\u00e9es\u00a0\u00bb, kayak, mirage, adr\u00e9naline, horizon bris\u00e9. Ces id\u00e9es boostent l&rsquo;engagement, avec <u>40% d&rsquo;interactions en plus<\/u> sur les sc\u00e8nes ouvertes selon <strong>Slam Tribu<\/strong>.<\/p>\n<ul>\n<li><strong>R\u00e9silience quotidienne<\/strong> : Stress salarial, burnout millennial, espoir rebondissant.<\/li>\n<li><strong>Injustices sociales<\/strong> : Racisme syst\u00e9mique, comme chez <strong>Abd Al Malik<\/strong> \u00e0 <strong>Strasbourg<\/strong> en <strong>2022<\/strong>.<\/li>\n<li><strong>\u00c9cologie urbaine<\/strong> : Pollution parisienne, <u>2,5 millions de tonnes de CO2\/an<\/u> en \u00cele-de-France.<\/li>\n<li><strong>M\u00e9moire familiale<\/strong> : H\u00e9ritage colonial, r\u00e9cits de grand-m\u00e8res alg\u00e9riennes.<\/li>\n<\/ul>\n<h2>Techniques d&rsquo;\u00c9criture de Slam : Des Bases aux Astuces Avanc\u00e9es<\/h2>\n<p>Nous structurons votre processus en quatre phases pr\u00e9cises, test\u00e9es lors d&rsquo;ateliers <strong>MLF Monde<\/strong> \u00e0 <strong>Paris<\/strong>. D&rsquo;abord, captez l&rsquo;<strong>inspiration \u00e9motionnelle<\/strong> : notez 10 sensations brutes, comme la rage d&rsquo;un licenciement chez <strong>Grand Corps Malade<\/strong> dans <strong>Plan B<\/strong>. Ensuite, b\u00e2tissez la structure : intro choc en 8 pieds (\u00ab\u00a0J&rsquo;ai claqu\u00e9 la porte du silence\u00a0\u00bb), d\u00e9veloppement rythm\u00e9 avec assonances (\u00ab\u00a0ici-kaki-sans\u00a0\u00bb), conclusion en crescendo. Nous insistons sur le <u>rythme binaire<\/u>, alternant phrases courtes (5 syllabes) et longues (12).<\/p>\n<p>Avancez avec <strong>rimes riches<\/strong> (t\u00eate\/m\u00e9tiers) et onomatop\u00e9es (\u00ab\u00a0crash du c\u0153ur\u00a0\u00bb). Les <strong>m\u00e9taphores visc\u00e9rales<\/strong> amplifient les \u00e9motions : \u00ab\u00a0La libert\u00e9 tousse sous le masque\u00a0\u00bb. <u>70% des slams prim\u00e9s<\/u> \u00e0 <strong>Lyon Slam<\/strong> en <strong>2024<\/strong> m\u00ealent technique et authenticit\u00e9. Notre avis : priorisez le corps dans l&rsquo;\u00e9criture, marchez en dictant pour un flow naturel. Checklist pour vers de <strong>8 pieds<\/strong> : comptez syllabes, testez oralement, it\u00e9rez trois fois.<\/p>\n<ul>\n<li><strong>\u00c9tape 1<\/strong> : Brainstorm \u00e9motions en <u>liste libre de 50 mots<\/u>.<\/li>\n<li><strong>\u00c9tape 2<\/strong> : Structure ABAB pour rimes crois\u00e9es.<\/li>\n<li><strong>\u00c9tape 3<\/strong> : Sonorit\u00e9s avec allit\u00e9rations \u00ab\u00a0r-rage rouge\u00a0\u00bb<\/li>\n<li><strong>\u00c9tape 4<\/strong> : R\u00e9vision corps-voix, 5 lectures hautes.<\/li>\n<\/ul>\n<h2>Exemples de Slams C\u00e9l\u00e8bres et Analyses D\u00e9taill\u00e9es<\/h2>\n<p>Nous diss\u00e9quons <strong>Les Voyageurs<\/strong> de <strong>Grand Corps Malade<\/strong>, slam de <strong>2010<\/strong> avec <u>1,8 million de vues cumul\u00e9es<\/u> : rythme ternaire (\u00ab\u00a0embarquent, d\u00e9rivent, survivent\u00a0\u00bb), r\u00e9p\u00e9titions \u00ab\u00a0voyageurs\u00a0\u00bb pour marteler la migration. Ligne cl\u00e9 : \u00ab\u00a0J&#8217;embarque dans le kayak des mots qui d\u00e9fient le malheur\u00a0\u00bb \u2013 m\u00e9taphore fluide \u00e9voquant <strong>M\u00e9diterran\u00e9e<\/strong> et <u>25 000 migrants morts depuis 2014<\/u> selon <strong>ONU<\/strong>. Cette pi\u00e8ce triomphe au <strong>Printemps des Com\u00e9diens<\/strong> \u00e0 <strong>Montpellier<\/strong> en <strong>2011<\/strong>.<\/p>\n<p><strong>Sarah Kay<\/strong>, fondatrice de <strong>Project V.O.I.C.E.<\/strong> \u00e0 <strong>New York<\/strong>, excelle dans <strong>If I Should Have a Daughter<\/strong> : images tactiles (\u00ab\u00a0mains qui construisent des empires\u00a0\u00bb), \u00e9num\u00e9rations ascendantes pour b\u00e2tir l&#8217;empowerment f\u00e9minin. Chez <strong>Sa\u00efban<\/strong>, champion <strong>Poetry Slam Nice #3<\/strong> en <strong>2022<\/strong>, le collage dialogu\u00e9 (\u00ab\u00a0Toi, la ville, moi l&rsquo;ombre\u00a0\u00bb) fusionne spoken word et th\u00e9\u00e2tre. Nous recommandons de r\u00e9\u00e9crire ces extraits : remplacez \u00ab\u00a0kayak\u00a0\u00bb par \u00ab\u00a0m\u00e9tro bond\u00e9\u00a0\u00bb pour un twist personnel. Ces analyses virales boostent les inscriptions de <u>25%<\/u> aux comp\u00e8tes.<\/p>\n<ul>\n<li><strong>Grand Corps Malade<\/strong> : R\u00e9p\u00e9titions pour <u>\u00e9motion cumulative<\/u>.<\/li>\n<li><strong>Sarah Kay<\/strong> : Images sensorielles vives.<\/li>\n<li><strong>Sa\u00efban<\/strong> : Dialogues internes rythm\u00e9s.<\/li>\n<\/ul>\n<h2>Comment Participer \u00e0 des Comp\u00e9titions de Slam : Pr\u00e9paration Gagnante<\/h2>\n<p>Nous vous \u00e9quipons d&rsquo;un plan sur <strong>30 jours<\/strong> pour briller au <strong>Championnat de France Slam<\/strong> <strong>2025<\/strong> \u00e0 <strong>Paris La D\u00e9fense Arena<\/strong>. Jours 1-10 : m\u00e9morisez via visualisation (associez lignes \u00e0 objets), r\u00e9p\u00e9titions espac\u00e9es trois fois\/jour. Jours 11-20 : entra\u00eenez le <strong>flow<\/strong> \u2013 articulation nette, respiration diaphragmatique, volume croissant comme <strong>Pilote le Hot<\/strong>. G\u00e9rez le stress par pauses th\u00e9\u00e2trales et contact visuel fixe.<\/p>\n<p>Jours 21-30 : testez sur sc\u00e8nes ouvertes comme <strong>Slam Tribu<\/strong> au <strong>Bar La Colonie<\/strong> \u00e0 <strong>Paris 20e<\/strong>, <u>200 soir\u00e9es annuelles<\/u>. Analysez juges : priorisez \u00e9motion (40% note). Notre avis : int\u00e9grez rythme corporel, balancements pour ancrer le public. Erreurs \u00e0 \u00e9viter : marmonner, d\u00e9passer <strong>3&rsquo;09\u00a0\u00bb<\/strong>, ignorer le silence initial.<\/p>\n<ul>\n<li><strong>Jour 1-10<\/strong> : M\u00e9morisation active.<\/li>\n<li><strong>Jour 11-20<\/strong> : Flow vocal et gestuelle.<\/li>\n<li><strong>Jour 21-30<\/strong> : Simulations publiques.<\/li>\n<li><strong>Sc\u00e8nes cl\u00e9s<\/strong> : <strong>Univers Slam Paris-Saclay<\/strong>, gratuit entr\u00e9e.<\/li>\n<\/ul>\n<h2>Ressources et Communaut\u00e9s de Slam en France et Qu\u00e9bec<\/h2>\n<p>Nous vous connectons \u00e0 <strong>Slam Tribu<\/strong>, collectif fond\u00e9 par <strong>Sa\u00efban<\/strong> en <strong>2015<\/strong> \u00e0 <strong>Paris<\/strong>, organisant <u>150 ateliers gratuits\/an<\/u>. Au Qu\u00e9bec, <strong>Slam ! Qu\u00e9bec<\/strong> depuis <strong>2009<\/strong> propose forums sur snestrie.quebec pour strat\u00e9gies texte. Festivals phares : <strong>Poetry Slam Nice<\/strong> en <strong>juillet 2025<\/strong>, <u>croissance 30% adh\u00e9sions post-2020<\/u>, et <strong>Printemps du Mots<\/strong> \u00e0 <strong>Nice<\/strong> avec <u>80% novices<\/u>.<\/p>\n<p>Ressources gratuites : tutos vid\u00e9o <strong>YouTube Slam France<\/strong> (500k abonn\u00e9s), PDFs rimes sur simondaragon.fr de <strong>Simon Daragon<\/strong>, slameur lyonnais. Ateliers <strong>MLF Monde<\/strong> \u00e0 <strong>Marseille<\/strong>. Notre carte virtuelle recense <u>50 communaut\u00e9s actives<\/u> : <strong>Pol\u2019Arts Slam<\/strong> \u00e0 <strong>Rennes<\/strong>, <strong>Ligue Slam Bretagne<\/strong>. Rejoignez-les pour multiplier vos id\u00e9es par dix.<\/p>\n<ul>\n<li><strong>France<\/strong> : <strong>Slam Tribu Paris<\/strong>, <strong>F\u00e9d\u00e9ration Fran\u00e7aise de Slam<\/strong>.<\/li>\n<li><strong>Qu\u00e9bec<\/strong> : <strong>Slam ! Qu\u00e9bec<\/strong>, snestrie.quebec.<\/li>\n<li><strong>Festivals<\/strong> : <strong>CES 2024 Las Vegas<\/strong> pour slams internationaux.<\/li>\n<li><strong>Outils<\/strong> : Apps <strong>RhymeZone<\/strong> pour rimes multilingues.<\/li>\n<\/ul>\n<h2>Conclusion : Lib\u00e9rez Votre Voix avec des Id\u00e9es de Slam Authentiques<\/h2>\n<p>Nous croyons fermement que le <strong>slam<\/strong> m\u00e9tamorphose vos id\u00e9es en actes puissants, touchant <u>1 million de passionn\u00e9s fran\u00e7ais<\/u> en <strong>2025<\/strong>. Prenez un th\u00e8me personnel, \u00e9crivez ce soir, performez demain sur une sc\u00e8ne comme celles de <strong>Slam Tribu<\/strong>. Votre texte pourrait \u00e9clater comme <strong>Grand Corps Malade<\/strong>, inspirant des milliers. Lancez-vous, le micro vous attend.<\/p>\n<div style=\"background: #e8f4f8;border: 3px solid #0073aa;padding: 20px;margin: 20px 0;border-radius: 8px\">\n<h2 style=\"color: #0073aa;text-align: center;margin-bottom: 15px\">\ud83d\udd27 Ressources Pratiques et Outils<\/h2>\n<div style=\"background: white;padding: 15px;margin: 10px 0;border-left: 4px solid #28a745\">\n<h3 style=\"color: #28a745;margin-bottom: 10px\">\ud83d\udccd Lieux et \u00c9v\u00e9nements Slam \u00e0 Paris<\/h3>\n<p><strong>Le Chat Noir Slam<\/strong><br \/>\nLieu principal (open mic) : <em>L\u2019Ogresse Th\u00e9\u00e2tre<\/em>, 4 rue des Prairies, 75020 Paris.<br \/>\nInfos pratiques \/ programmation via : <a href=\"https:\/\/www.facebook.com\/LeChatNoirSlam\" rel=\"nofollow\">Page Facebook \u00ab\u202fLe Chat Noir Slam\u202f\u00bb<\/a>.<\/p>\n<\/div>\n<div style=\"background: white;padding: 15px;margin: 10px 0;border-left: 4px solid #007bff\">\n<h3 style=\"color: #007bff;margin-bottom: 10px\">\ud83d\udee0\ufe0f Outils et Calculateurs<\/h3>\n<p><strong>Audacity<\/strong> : logiciel libre d\u2019\u00e9dition et d\u2019enregistrement audio multipistes.<br \/>\nSite officiel : <a href=\"https:\/\/audacityteam.org\" rel=\"nofollow\">audacityteam.org<\/a>.<\/p>\n<p><strong>Reaper<\/strong> : station audionum\u00e9rique pour enregistrement et montage audio.<br \/>\nSite officiel : <a href=\"https:\/\/reaper.fm\" rel=\"nofollow\">reaper.fm<\/a>.<\/p>\n<p><strong>Ableton Live<\/strong> : s\u00e9quenceur audio \/ MIDI pour production musicale.<br \/>\nSite officiel : <a href=\"https:\/\/ableton.com\" rel=\"nofollow\">ableton.com<\/a>.<\/p>\n<\/div>\n<div style=\"background: white;padding: 15px;margin: 10px 0;border-left: 4px solid #6f42c1\">\n<h3 style=\"color: #6f42c1;margin-bottom: 10px\">\ud83d\udc65 Communaut\u00e9 et Experts<\/h3>\n<p><strong>Slam Productions<\/strong><br \/>\nAdresse : 11 rue des Archives, 94000 Cr\u00e9teil.<br \/>\nActivit\u00e9 : organisation d\u2019\u00e9v\u00e9nements artistiques, po\u00e9sie \/ slam.<\/p>\n<p><strong>Eur\u00eaka<\/strong> : prestations slam pour s\u00e9minaires et team building.<br \/>\nSite officiel : <a href=\"https:\/\/eureka-officiel.com\" rel=\"nofollow\">eureka-officiel.com<\/a>.<\/p>\n<\/div>\n<div style=\"background: #fff3cd;padding: 15px;margin: 15px 0;border: 2px solid #ffc107;border-radius: 5px\">\n<strong style=\"color: #856404\">\ud83d\udca1 R\u00e9sum\u00e9 en 2 lignes :<\/strong><br \/>\n<span>D\u00e9couvrez des lieux embl\u00e9matiques comme Le Chat Noir Slam \u00e0 Paris et des outils essentiels comme Audacity pour vos performances. Rejoignez des communaut\u00e9s actives et explorez des ressources vari\u00e9es pour enrichir votre exp\u00e9rience slam.<\/span>\n<\/div>\n<\/div>\n","protected":false},"excerpt":{"rendered":"","protected":false},"author":34,"featured_media":7739,"comment_status":"open","ping_status":"open","sticky":false,"template":"","format":"standard","meta":{"_acf_changed":false,"manual_indexmenow":false,"indexmenow_id_project":0,"footnotes":""},"categories":[4520],"tags":[4795,4778,4598],"class_list":["post-7737","post","type-post","status-publish","format-standard","has-post-thumbnail","hentry","category-actualites-du-slam","tag-poesie-performative","tag-slam-france","tag-slam-poesie","generate-columns","tablet-grid-50","mobile-grid-100","grid-parent","grid-25"],"acf":[],"yoast_head":"<!-- This site is optimized with the Yoast SEO Premium plugin v21.3 (Yoast SEO v26.5) - https:\/\/yoast.com\/wordpress\/plugins\/seo\/ -->\n<title>Le slam, po\u00e9sie performative n\u00e9e en 1986, en France<\/title>\n<meta name=\"description\" content=\"Nous d\u00e9finissons le slam comme un tournoi de po\u00e9sie performative, n\u00e9 le 8 janvier 1986 au Get Me High Lounge de Chicago, o\u00f9 Marc Smith, po\u00e8te am\u00e9ricain\" \/>\n<meta name=\"robots\" content=\"index, follow, max-snippet:-1, max-image-preview:large, max-video-preview:-1\" \/>\n<link rel=\"canonical\" href=\"https:\/\/slams.fr\/blog\/actualites-du-slam\/comment-le-slam-une-poesie-performative-nee-en-1986-a-conquis-la-france\/\" \/>\n<meta property=\"og:locale\" content=\"fr_FR\" \/>\n<meta property=\"og:type\" content=\"article\" \/>\n<meta property=\"og:title\" content=\"Le slam, po\u00e9sie performative n\u00e9e en 1986, en France\" \/>\n<meta property=\"og:description\" content=\"Nous d\u00e9finissons le slam comme un tournoi de po\u00e9sie performative, n\u00e9 le 8 janvier 1986 au Get Me High Lounge de Chicago, o\u00f9 Marc Smith, po\u00e8te am\u00e9ricain\" \/>\n<meta property=\"og:url\" content=\"https:\/\/slams.fr\/blog\/actualites-du-slam\/comment-le-slam-une-poesie-performative-nee-en-1986-a-conquis-la-france\/\" \/>\n<meta property=\"og:site_name\" content=\"slams\" \/>\n<meta property=\"og:image\" content=\"https:\/\/slams.fr\/blog\/wp-content\/uploads\/2025\/12\/pag-image-693be8bdb0e77-scaled.png\" \/>\n\t<meta property=\"og:image:width\" content=\"1200\" \/>\n\t<meta property=\"og:image:height\" content=\"686\" \/>\n\t<meta property=\"og:image:type\" content=\"image\/png\" \/>\n<meta name=\"author\" content=\"Rapha\u00ebl D.\" \/>\n<meta name=\"twitter:card\" content=\"summary_large_image\" \/>\n<script type=\"application\/ld+json\" class=\"yoast-schema-graph\">{\"@context\":\"https:\/\/schema.org\",\"@graph\":[{\"@type\":\"NewsArticle\",\"@id\":\"https:\/\/slams.fr\/blog\/actualites-du-slam\/comment-le-slam-une-poesie-performative-nee-en-1986-a-conquis-la-france\/#article\",\"isPartOf\":{\"@id\":\"https:\/\/slams.fr\/blog\/actualites-du-slam\/comment-le-slam-une-poesie-performative-nee-en-1986-a-conquis-la-france\/\"},\"author\":{\"name\":\"Rapha\u00ebl D.\",\"@id\":\"https:\/\/slams.fr\/blog\/#\/schema\/person\/3c864cdc320801e3db34b663e7e3f816\"},\"headline\":\"Comment le slam, une po\u00e9sie performative n\u00e9e en 1986, a conquis la France\",\"datePublished\":\"2026-03-05T08:05:00+00:00\",\"mainEntityOfPage\":{\"@id\":\"https:\/\/slams.fr\/blog\/actualites-du-slam\/comment-le-slam-une-poesie-performative-nee-en-1986-a-conquis-la-france\/\"},\"wordCount\":1405,\"commentCount\":0,\"publisher\":{\"@id\":\"https:\/\/slams.fr\/blog\/#organization\"},\"image\":{\"@id\":\"https:\/\/slams.fr\/blog\/actualites-du-slam\/comment-le-slam-une-poesie-performative-nee-en-1986-a-conquis-la-france\/#primaryimage\"},\"thumbnailUrl\":\"https:\/\/slams.fr\/blog\/wp-content\/uploads\/2025\/12\/pag-image-693be8bdb0e77-scaled.png\",\"keywords\":[\"poesie performative\",\"slam france\",\"slam poesie\"],\"articleSection\":[\"Actualit\u00e9s du Slam\"],\"inLanguage\":\"fr-FR\",\"potentialAction\":[{\"@type\":\"CommentAction\",\"name\":\"Comment\",\"target\":[\"https:\/\/slams.fr\/blog\/actualites-du-slam\/comment-le-slam-une-poesie-performative-nee-en-1986-a-conquis-la-france\/#respond\"]}]},{\"@type\":\"WebPage\",\"@id\":\"https:\/\/slams.fr\/blog\/actualites-du-slam\/comment-le-slam-une-poesie-performative-nee-en-1986-a-conquis-la-france\/\",\"url\":\"https:\/\/slams.fr\/blog\/actualites-du-slam\/comment-le-slam-une-poesie-performative-nee-en-1986-a-conquis-la-france\/\",\"name\":\"Le slam, po\u00e9sie performative n\u00e9e en 1986, en France\",\"isPartOf\":{\"@id\":\"https:\/\/slams.fr\/blog\/#website\"},\"primaryImageOfPage\":{\"@id\":\"https:\/\/slams.fr\/blog\/actualites-du-slam\/comment-le-slam-une-poesie-performative-nee-en-1986-a-conquis-la-france\/#primaryimage\"},\"image\":{\"@id\":\"https:\/\/slams.fr\/blog\/actualites-du-slam\/comment-le-slam-une-poesie-performative-nee-en-1986-a-conquis-la-france\/#primaryimage\"},\"thumbnailUrl\":\"https:\/\/slams.fr\/blog\/wp-content\/uploads\/2025\/12\/pag-image-693be8bdb0e77-scaled.png\",\"datePublished\":\"2026-03-05T08:05:00+00:00\",\"description\":\"Nous d\u00e9finissons le slam comme un tournoi de po\u00e9sie performative, n\u00e9 le 8 janvier 1986 au Get Me High Lounge de Chicago, o\u00f9 Marc Smith, po\u00e8te am\u00e9ricain\",\"inLanguage\":\"fr-FR\",\"potentialAction\":[{\"@type\":\"ReadAction\",\"target\":[\"https:\/\/slams.fr\/blog\/actualites-du-slam\/comment-le-slam-une-poesie-performative-nee-en-1986-a-conquis-la-france\/\"]}]},{\"@type\":\"ImageObject\",\"inLanguage\":\"fr-FR\",\"@id\":\"https:\/\/slams.fr\/blog\/actualites-du-slam\/comment-le-slam-une-poesie-performative-nee-en-1986-a-conquis-la-france\/#primaryimage\",\"url\":\"https:\/\/slams.fr\/blog\/wp-content\/uploads\/2025\/12\/pag-image-693be8bdb0e77-scaled.png\",\"contentUrl\":\"https:\/\/slams.fr\/blog\/wp-content\/uploads\/2025\/12\/pag-image-693be8bdb0e77-scaled.png\",\"width\":1200,\"height\":686,\"caption\":\"Image g\u00e9n\u00e9r\u00e9e par IA optimis\u00e9e pour Google Discover\"},{\"@type\":\"WebSite\",\"@id\":\"https:\/\/slams.fr\/blog\/#website\",\"url\":\"https:\/\/slams.fr\/blog\/\",\"name\":\"slams.fr\",\"description\":\"Slams, l&#039;\u00e9nergie des mots en action\",\"publisher\":{\"@id\":\"https:\/\/slams.fr\/blog\/#organization\"},\"alternateName\":\"Slams, l'\u00e9nergie des mots en action\",\"potentialAction\":[{\"@type\":\"SearchAction\",\"target\":{\"@type\":\"EntryPoint\",\"urlTemplate\":\"https:\/\/slams.fr\/blog\/?s={search_term_string}\"},\"query-input\":{\"@type\":\"PropertyValueSpecification\",\"valueRequired\":true,\"valueName\":\"search_term_string\"}}],\"inLanguage\":\"fr-FR\"},{\"@type\":\"Organization\",\"@id\":\"https:\/\/slams.fr\/blog\/#organization\",\"name\":\"Foretsensations.fr\",\"url\":\"https:\/\/slams.fr\/blog\/\",\"logo\":{\"@type\":\"ImageObject\",\"inLanguage\":\"fr-FR\",\"@id\":\"https:\/\/slams.fr\/blog\/#\/schema\/logo\/image\/\",\"url\":\"https:\/\/slams.fr\/blog\/wp-content\/uploads\/2026\/07\/logo-auto-1.png\",\"contentUrl\":\"https:\/\/slams.fr\/blog\/wp-content\/uploads\/2026\/07\/logo-auto-1.png\",\"width\":1024,\"height\":1024,\"caption\":\"Foretsensations.fr\"},\"image\":{\"@id\":\"https:\/\/slams.fr\/blog\/#\/schema\/logo\/image\/\"}},{\"@type\":\"Person\",\"@id\":\"https:\/\/slams.fr\/blog\/#\/schema\/person\/3c864cdc320801e3db34b663e7e3f816\",\"name\":\"Rapha\u00ebl D.\",\"image\":{\"@type\":\"ImageObject\",\"inLanguage\":\"fr-FR\",\"@id\":\"https:\/\/slams.fr\/blog\/#\/schema\/person\/image\/\",\"url\":\"https:\/\/slams.fr\/blog\/wp-content\/uploads\/2026\/06\/persona_raphael-d-96x96.jpg\",\"contentUrl\":\"https:\/\/slams.fr\/blog\/wp-content\/uploads\/2026\/06\/persona_raphael-d-96x96.jpg\",\"caption\":\"Rapha\u00ebl D.\"},\"description\":\"La culture est mon terrain de jeu depuis une dizaine d'ann\u00e9es : arts visuels, s\u00e9ries, cr\u00e9ation et tout ce qui nourrit l'imaginaire. J'\u00e9cris aussi bien sur l'actualit\u00e9 des \u0153uvres que sur les coulisses de la cr\u00e9ation, avec l'envie de relier l'amateur curieux \u00e0 des univers parfois jug\u00e9s intimidants. J'aime analyser une s\u00e9rie ou une d\u00e9marche artistique sans p\u00e9dantisme, replacer une \u0153uvre dans son contexte et donner des cl\u00e9s de lecture accessibles. Avant de publier, je v\u00e9rifie mes r\u00e9f\u00e9rences, je recoupe les sources et je distingue clairement le fait de mon interpr\u00e9tation subjective. Je crois qu'une critique vaut surtout par les arguments qu'elle expose, pas par la sentence qu'elle rend. Mon angle : transmettre l'envie de d\u00e9couvrir, de regarder autrement et de se forger son propre go\u00fbt. La culture n'appartient pas qu'aux initi\u00e9s, et c'est tout l'enjeu de mon \u00e9criture.\",\"url\":\"https:\/\/slams.fr\/blog\/auteur\/raphael-d\/\",\"jobTitle\":\"R\u00e9dacteur en chef \u00b7 Culture & Cr\u00e9ation\",\"knowsAbout\":[\"Culture\",\"Cr\u00e9ation\"],\"email\":\"raphael.d@a-l-asso-de-l-art.fr\"}]}<\/script>\n<!-- \/ Yoast SEO Premium plugin. -->","yoast_head_json":{"title":"Le slam, po\u00e9sie performative n\u00e9e en 1986, en France","description":"Nous d\u00e9finissons le slam comme un tournoi de po\u00e9sie performative, n\u00e9 le 8 janvier 1986 au Get Me High Lounge de Chicago, o\u00f9 Marc Smith, po\u00e8te am\u00e9ricain","robots":{"index":"index","follow":"follow","max-snippet":"max-snippet:-1","max-image-preview":"max-image-preview:large","max-video-preview":"max-video-preview:-1"},"canonical":"https:\/\/slams.fr\/blog\/actualites-du-slam\/comment-le-slam-une-poesie-performative-nee-en-1986-a-conquis-la-france\/","og_locale":"fr_FR","og_type":"article","og_title":"Le slam, po\u00e9sie performative n\u00e9e en 1986, en France","og_description":"Nous d\u00e9finissons le slam comme un tournoi de po\u00e9sie performative, n\u00e9 le 8 janvier 1986 au Get Me High Lounge de Chicago, o\u00f9 Marc Smith, po\u00e8te am\u00e9ricain","og_url":"https:\/\/slams.fr\/blog\/actualites-du-slam\/comment-le-slam-une-poesie-performative-nee-en-1986-a-conquis-la-france\/","og_site_name":"slams","og_image":[{"width":1200,"height":686,"url":"https:\/\/slams.fr\/blog\/wp-content\/uploads\/2025\/12\/pag-image-693be8bdb0e77-scaled.png","type":"image\/png"}],"author":"Rapha\u00ebl D.","twitter_card":"summary_large_image","schema":{"@context":"https:\/\/schema.org","@graph":[{"@type":"NewsArticle","@id":"https:\/\/slams.fr\/blog\/actualites-du-slam\/comment-le-slam-une-poesie-performative-nee-en-1986-a-conquis-la-france\/#article","isPartOf":{"@id":"https:\/\/slams.fr\/blog\/actualites-du-slam\/comment-le-slam-une-poesie-performative-nee-en-1986-a-conquis-la-france\/"},"author":{"name":"Rapha\u00ebl D.","@id":"https:\/\/slams.fr\/blog\/#\/schema\/person\/3c864cdc320801e3db34b663e7e3f816"},"headline":"Comment le slam, une po\u00e9sie performative n\u00e9e en 1986, a conquis la France","datePublished":"2026-03-05T08:05:00+00:00","mainEntityOfPage":{"@id":"https:\/\/slams.fr\/blog\/actualites-du-slam\/comment-le-slam-une-poesie-performative-nee-en-1986-a-conquis-la-france\/"},"wordCount":1405,"commentCount":0,"publisher":{"@id":"https:\/\/slams.fr\/blog\/#organization"},"image":{"@id":"https:\/\/slams.fr\/blog\/actualites-du-slam\/comment-le-slam-une-poesie-performative-nee-en-1986-a-conquis-la-france\/#primaryimage"},"thumbnailUrl":"https:\/\/slams.fr\/blog\/wp-content\/uploads\/2025\/12\/pag-image-693be8bdb0e77-scaled.png","keywords":["poesie performative","slam france","slam poesie"],"articleSection":["Actualit\u00e9s du Slam"],"inLanguage":"fr-FR","potentialAction":[{"@type":"CommentAction","name":"Comment","target":["https:\/\/slams.fr\/blog\/actualites-du-slam\/comment-le-slam-une-poesie-performative-nee-en-1986-a-conquis-la-france\/#respond"]}]},{"@type":"WebPage","@id":"https:\/\/slams.fr\/blog\/actualites-du-slam\/comment-le-slam-une-poesie-performative-nee-en-1986-a-conquis-la-france\/","url":"https:\/\/slams.fr\/blog\/actualites-du-slam\/comment-le-slam-une-poesie-performative-nee-en-1986-a-conquis-la-france\/","name":"Le slam, po\u00e9sie performative n\u00e9e en 1986, en France","isPartOf":{"@id":"https:\/\/slams.fr\/blog\/#website"},"primaryImageOfPage":{"@id":"https:\/\/slams.fr\/blog\/actualites-du-slam\/comment-le-slam-une-poesie-performative-nee-en-1986-a-conquis-la-france\/#primaryimage"},"image":{"@id":"https:\/\/slams.fr\/blog\/actualites-du-slam\/comment-le-slam-une-poesie-performative-nee-en-1986-a-conquis-la-france\/#primaryimage"},"thumbnailUrl":"https:\/\/slams.fr\/blog\/wp-content\/uploads\/2025\/12\/pag-image-693be8bdb0e77-scaled.png","datePublished":"2026-03-05T08:05:00+00:00","description":"Nous d\u00e9finissons le slam comme un tournoi de po\u00e9sie performative, n\u00e9 le 8 janvier 1986 au Get Me High Lounge de Chicago, o\u00f9 Marc Smith, po\u00e8te am\u00e9ricain","inLanguage":"fr-FR","potentialAction":[{"@type":"ReadAction","target":["https:\/\/slams.fr\/blog\/actualites-du-slam\/comment-le-slam-une-poesie-performative-nee-en-1986-a-conquis-la-france\/"]}]},{"@type":"ImageObject","inLanguage":"fr-FR","@id":"https:\/\/slams.fr\/blog\/actualites-du-slam\/comment-le-slam-une-poesie-performative-nee-en-1986-a-conquis-la-france\/#primaryimage","url":"https:\/\/slams.fr\/blog\/wp-content\/uploads\/2025\/12\/pag-image-693be8bdb0e77-scaled.png","contentUrl":"https:\/\/slams.fr\/blog\/wp-content\/uploads\/2025\/12\/pag-image-693be8bdb0e77-scaled.png","width":1200,"height":686,"caption":"Image g\u00e9n\u00e9r\u00e9e par IA optimis\u00e9e pour Google Discover"},{"@type":"WebSite","@id":"https:\/\/slams.fr\/blog\/#website","url":"https:\/\/slams.fr\/blog\/","name":"slams.fr","description":"Slams, l&#039;\u00e9nergie des mots en action","publisher":{"@id":"https:\/\/slams.fr\/blog\/#organization"},"alternateName":"Slams, l'\u00e9nergie des mots en action","potentialAction":[{"@type":"SearchAction","target":{"@type":"EntryPoint","urlTemplate":"https:\/\/slams.fr\/blog\/?s={search_term_string}"},"query-input":{"@type":"PropertyValueSpecification","valueRequired":true,"valueName":"search_term_string"}}],"inLanguage":"fr-FR"},{"@type":"Organization","@id":"https:\/\/slams.fr\/blog\/#organization","name":"Foretsensations.fr","url":"https:\/\/slams.fr\/blog\/","logo":{"@type":"ImageObject","inLanguage":"fr-FR","@id":"https:\/\/slams.fr\/blog\/#\/schema\/logo\/image\/","url":"https:\/\/slams.fr\/blog\/wp-content\/uploads\/2026\/07\/logo-auto-1.png","contentUrl":"https:\/\/slams.fr\/blog\/wp-content\/uploads\/2026\/07\/logo-auto-1.png","width":1024,"height":1024,"caption":"Foretsensations.fr"},"image":{"@id":"https:\/\/slams.fr\/blog\/#\/schema\/logo\/image\/"}},{"@type":"Person","@id":"https:\/\/slams.fr\/blog\/#\/schema\/person\/3c864cdc320801e3db34b663e7e3f816","name":"Rapha\u00ebl D.","image":{"@type":"ImageObject","inLanguage":"fr-FR","@id":"https:\/\/slams.fr\/blog\/#\/schema\/person\/image\/","url":"https:\/\/slams.fr\/blog\/wp-content\/uploads\/2026\/06\/persona_raphael-d-96x96.jpg","contentUrl":"https:\/\/slams.fr\/blog\/wp-content\/uploads\/2026\/06\/persona_raphael-d-96x96.jpg","caption":"Rapha\u00ebl D."},"description":"La culture est mon terrain de jeu depuis une dizaine d'ann\u00e9es : arts visuels, s\u00e9ries, cr\u00e9ation et tout ce qui nourrit l'imaginaire. J'\u00e9cris aussi bien sur l'actualit\u00e9 des \u0153uvres que sur les coulisses de la cr\u00e9ation, avec l'envie de relier l'amateur curieux \u00e0 des univers parfois jug\u00e9s intimidants. J'aime analyser une s\u00e9rie ou une d\u00e9marche artistique sans p\u00e9dantisme, replacer une \u0153uvre dans son contexte et donner des cl\u00e9s de lecture accessibles. Avant de publier, je v\u00e9rifie mes r\u00e9f\u00e9rences, je recoupe les sources et je distingue clairement le fait de mon interpr\u00e9tation subjective. Je crois qu'une critique vaut surtout par les arguments qu'elle expose, pas par la sentence qu'elle rend. Mon angle : transmettre l'envie de d\u00e9couvrir, de regarder autrement et de se forger son propre go\u00fbt. La culture n'appartient pas qu'aux initi\u00e9s, et c'est tout l'enjeu de mon \u00e9criture.","url":"https:\/\/slams.fr\/blog\/auteur\/raphael-d\/","jobTitle":"R\u00e9dacteur en chef \u00b7 Culture & Cr\u00e9ation","knowsAbout":["Culture","Cr\u00e9ation"],"email":"raphael.d@a-l-asso-de-l-art.fr"}]}},"_links":{"self":[{"href":"https:\/\/slams.fr\/blog\/wp-json\/wp\/v2\/posts\/7737","targetHints":{"allow":["GET"]}}],"collection":[{"href":"https:\/\/slams.fr\/blog\/wp-json\/wp\/v2\/posts"}],"about":[{"href":"https:\/\/slams.fr\/blog\/wp-json\/wp\/v2\/types\/post"}],"author":[{"embeddable":true,"href":"https:\/\/slams.fr\/blog\/wp-json\/wp\/v2\/users\/34"}],"replies":[{"embeddable":true,"href":"https:\/\/slams.fr\/blog\/wp-json\/wp\/v2\/comments?post=7737"}],"version-history":[{"count":1,"href":"https:\/\/slams.fr\/blog\/wp-json\/wp\/v2\/posts\/7737\/revisions"}],"predecessor-version":[{"id":7775,"href":"https:\/\/slams.fr\/blog\/wp-json\/wp\/v2\/posts\/7737\/revisions\/7775"}],"wp:featuredmedia":[{"embeddable":true,"href":"https:\/\/slams.fr\/blog\/wp-json\/wp\/v2\/media\/7739"}],"wp:attachment":[{"href":"https:\/\/slams.fr\/blog\/wp-json\/wp\/v2\/media?parent=7737"}],"wp:term":[{"taxonomy":"category","embeddable":true,"href":"https:\/\/slams.fr\/blog\/wp-json\/wp\/v2\/categories?post=7737"},{"taxonomy":"post_tag","embeddable":true,"href":"https:\/\/slams.fr\/blog\/wp-json\/wp\/v2\/tags?post=7737"}],"curies":[{"name":"wp","href":"https:\/\/api.w.org\/{rel}","templated":true}]}}