{"id":7740,"date":"2026-03-09T09:18:00","date_gmt":"2026-03-09T08:18:00","guid":{"rendered":"https:\/\/slams.fr\/blog\/?p=7740"},"modified":"2026-03-09T09:18:00","modified_gmt":"2026-03-09T08:18:00","slug":"atelier-slam-comment-liberer-votre-voix-grace-a-la-poesie-orale","status":"publish","type":"post","link":"https:\/\/slams.fr\/blog\/communaute-et-interviews\/atelier-slam-comment-liberer-votre-voix-grace-a-la-poesie-orale\/","title":{"rendered":"Atelier Slam : Comment lib\u00e9rer votre voix gr\u00e2ce \u00e0 la po\u00e9sie orale"},"content":{"rendered":"<h1>Atelier Slam &#8211; Lib\u00e9rez Votre Voix \u00e0 Travers l&rsquo;\u00c9criture<\/h1>\n<h2>Qu&rsquo;est-ce que le Slam ?<\/h2>\n<p>Le <strong>slam<\/strong> d\u00e9signe une <u>comp\u00e9tition de po\u00e9sie orale<\/u> invent\u00e9e en 1986 par <strong>Marc Kelly Smith<\/strong>, po\u00e8te et entrepreneur en b\u00e2timent, dans un bar de <strong>Chicago, \u00c9tats-Unis<\/strong>. Cette forme hybride unit \u00e9criture cr\u00e9ative, <strong>performance sc\u00e9nique<\/strong> et interaction publique, sans micro ni instruments dominants, pour d\u00e9mocratiser l&rsquo;art po\u00e9tique. Nous appr\u00e9cions particuli\u00e8rement son essence inclusive, o\u00f9 le public tire au sort un jury notant de 0 \u00e0 10 les aspects contenu, pr\u00e9sence et <strong>flow<\/strong> rythmique, avec une dur\u00e9e stricte de <u>3 minutes 09 secondes<\/u> par texte.<\/p>\n<p>En France, le <strong>slam po\u00e9sie<\/strong> s&rsquo;implante d\u00e8s les ann\u00e9es 1990, \u00e9voluant vers une po\u00e9sie engag\u00e9e aux accents sociaux. Vocabulaire familier, argot et th\u00e8mes comme l&rsquo;injustice ou l&rsquo;identit\u00e9 marquent ses textes, diffus\u00e9s via plus de <u>300 sc\u00e8nes slam actives en 2025<\/u>, selon la <strong>Ligue Slam de France<\/strong> fond\u00e9e en septembre 2009. Cette croissance post-pand\u00e9mie, estim\u00e9e \u00e0 <u>20% depuis 2022<\/u>, refl\u00e8te son ancrage dans les bars, th\u00e9\u00e2tres et rues de villes comme <strong>Paris<\/strong> ou <strong>Marseille<\/strong>.<\/p>\n<ul>\n<li><strong>R\u00e8gles fondamentales<\/strong> : Pas de costumes extravagants, focus sur le verbe brut et le corps en mouvement.<\/li>\n<li><strong>Diff\u00e9rence avec la po\u00e9sie traditionnelle<\/strong> : Priorit\u00e9 \u00e0 l&rsquo;oralit\u00e9 et au <u>grain de la voix<\/u>, rendant chaque performance unique.<\/li>\n<li><strong>\u00c9volution globale<\/strong> : De soir\u00e9es ouvertes \u00e0 des championnats mondiaux, impactant 10 000 participants annuels au <strong>Championnat de France de Slam<\/strong> depuis 2004.<\/li>\n<\/ul>\n<h2>Les B\u00e9n\u00e9fices de Participer \u00e0 un Atelier Slam<\/h2>\n<p>Participer \u00e0 un <strong>atelier slam<\/strong> booste votre \u00e9criture rythmique et forge une confiance sc\u00e9nique solide, tout en offrant une <u>catharsis \u00e9motionnelle<\/u> profonde. Des enqu\u00eates de l&rsquo;<strong>Institut National du Slam<\/strong> (INSL) indiquent une r\u00e9duction de <u>30% de l&rsquo;anxi\u00e9t\u00e9 sociale<\/u> chez les pratiquants r\u00e9guliers apr\u00e8s six mois. Nous voyons dans ces ateliers un outil th\u00e9rapeutique inclusif, favorisant \u00e9changes multig\u00e9n\u00e9rationnels et diversit\u00e9, avec <u>40% des participants issus de milieux populaires<\/u>.<\/p>\n<p>Imaginez passer du mutisme \u00e0 vainqueur local, comme tant de novices le rapportent : <u>70% des slameurs<\/u> notent une meilleure expression personnelle post-atelier. Le feedback imm\u00e9diat du groupe renforce l&rsquo;estime de soi, cr\u00e9ant une communaut\u00e9 soud\u00e9e autour de la <strong>po\u00e9sie orale<\/strong>. \u00c0 notre avis, cette dynamique surpasse les th\u00e9rapies classiques par son aspect ludique et collectif.<\/p>\n<ul>\n<li><strong>Am\u00e9lioration cr\u00e9ative<\/strong> : Ma\u00eetrise des rimes internes et assonances pour un texte percutant.<\/li>\n<li><strong>Gain personnel<\/strong> : Lib\u00e9ration \u00e9motionnelle via th\u00e8mes intimes ou soci\u00e9taux.<\/li>\n<li><strong>Liens sociaux<\/strong> : R\u00e9seautage avec slameurs de tous horizons, boostant motivation.<\/li>\n<\/ul>\n<h2>Comment Se D\u00e9roule un Atelier Slam ?<\/h2>\n<p>Un <strong>atelier slam<\/strong> typique dure 2 \u00e0 3 heures, structur\u00e9 pour une immersion progressive. Nous commen\u00e7ons par un \u00e9chauffement vocal de 10 minutes, suivi d&rsquo;exercices d&rsquo;\u00e9criture th\u00e9matiques sur 45 minutes, puis partage en cercle (30 minutes) et performance finale avec notes bienveillantes (45 minutes). Limit\u00e9 \u00e0 10 participants, l&rsquo;espace safe garanti par l&rsquo;animateur alterne impro et textes pr\u00e9par\u00e9s, id\u00e9al pour <strong>Paris<\/strong> ou <strong>Lyon<\/strong>.<\/p>\n<p>Du novice nerveux \u00e0 l&rsquo;euphorie sc\u00e9nique, l&rsquo;exp\u00e9rience captive : cercles assis au sol, micros ouverts, rires et applaudissements fusent. Nous recommandons aux animateurs de privil\u00e9gier des activit\u00e9s comme la <u>cha\u00eene de mots<\/u> pour un flow collectif ou le <u>corps en \u00e9cho<\/u> pour gestuelle incarn\u00e9e. Testez un <u>jury fictif<\/u> pour simuler la comp\u00e9tition sans pression.<\/p>\n<ul>\n<li><strong>\u00c9tape 1<\/strong> : \u00c9chauffement avec onomatop\u00e9es et respirations rythm\u00e9es.<\/li>\n<li><strong>\u00c9tape 2<\/strong> : \u00c9criture sur un th\u00e8me impos\u00e9, comme \u00ab\u00a0ma rue en r\u00e9volte\u00a0\u00bb.<\/li>\n<li><strong>\u00c9tape 3<\/strong> : Performances chronom\u00e9tr\u00e9es avec retours constructifs.<\/li>\n<\/ul>\n<h2>Techniques d&rsquo;\u00c9criture pour le Slam<\/h2>\n<p>Les techniques phares du <strong>slam<\/strong> reposent sur rythme via <strong>rimes internes<\/strong>, assonances et m\u00e9taphores choc, avec jeux d&rsquo;argot pour capter l&rsquo;auditoire. Structurez en crescendo \u00e9motionnel, distinct du <strong>spoken word<\/strong> par l&rsquo;absence de musique pr\u00e9dominante. Nous admirons comment <strong>Grand Corps Malade<\/strong>, slameur devenu artiste certifi\u00e9 disque d&rsquo;or en 2006, excelle dans un lyrisme fluide : \u00ab\u00a0J&rsquo;ai mal aux vert\u00e8bres, \u00e7a part du bas du dos\u00a0\u00bb.<\/p>\n<p><strong>Ga?l Faye<\/strong>, laur\u00e9at du <strong>Prix Goncourt des Lyc\u00e9ens 2014<\/strong> pour <em>Petit Pays<\/em>, infuse engagement social : \u00ab\u00a0La guerre c&rsquo;est comme un cancer, \u00e7a ronge de l&rsquo;int\u00e9rieur\u00a0\u00bb. Adaptez au <u>grain de la voix<\/u> barthesien pour une hybridit\u00e9 texte-corps-voix. Exercice concret : r\u00e9digez en 15 minutes un texte de 3 minutes sur \u00ab\u00a0ma voix int\u00e9rieure\u00a0\u00bb, testez-le \u00e0 voix haute.<\/p>\n<ul>\n<li><strong>M\u00e9taphores percutantes<\/strong> : Transformez une anecdote quotidienne, comme le m\u00e9tro bond\u00e9, en \u00ab\u00a0train fant\u00f4me de r\u00eaves avort\u00e9s\u00a0\u00bb.<\/li>\n<li><strong>Jeux sonores<\/strong> : Paronymes et synonymes pour un flow hypnotique.<\/li>\n<li><strong>Crescendo<\/strong> : Montez en intensit\u00e9 \u00e9motionnelle sur 3 actes.<\/li>\n<\/ul>\n<h2>Les \u00c9coles et Initiatives de Slam en France<\/h2>\n<p>La France regorge d&rsquo;initiatives dynamiques : le <strong>Championnat de France de Slam<\/strong> r\u00e9unit <u>10 000 participants annuels depuis 2004<\/u>, avec finale \u00e0 <strong>La D\u00e9fense, Paris<\/strong> en <strong>juin 2025<\/strong>. Les <strong>Coupes d&rsquo;Europe de Slam<\/strong> \u00e0 <strong>Paris<\/strong> attirent 500 concurrents, tandis que l&rsquo;<strong>Atelier Slam de la Maison des Arts de la Parole<\/strong> \u00e0 <strong>Cergy-Pontoise<\/strong> forme depuis 2015. <strong>Slam \u00e0 l&rsquo;\u00c9cole<\/strong> d\u00e9ploie 1000 ateliers scolaires annuels.<\/p>\n<p>Ces structures, soutenues par subventions du <strong>Minist\u00e8re de la Culture<\/strong>, affichent <u>300 sc\u00e8nes slam en 2025<\/u>, en hausse de <u>20% post-pand\u00e9mie<\/u>. Initiatives inclusives comme les <strong>slams migrants<\/strong> \u00e0 <strong>Marseille<\/strong> ou f\u00e9ministes \u00e0 <strong>Lille<\/strong> enrichissent le paysage. Inscrivez-vous via la <strong>Ligue Slam de France<\/strong> pour la finale nationale 2025.<\/p>\n<ul>\n<li><strong>Festivals cl\u00e9s<\/strong> : <strong>Lyon Slam Festival<\/strong>, \u00e9dition 2025 du 15 au 17 mai.<\/li>\n<li><strong>\u00c9coles locales<\/strong> : <strong>\u00c9cole de Slam de Montreuil<\/strong>, 200 inscrits par session.<\/li>\n<li><strong>Programmes inclusifs<\/strong> : Slams en banlieue via <strong>Association Po\u00e9sie en Voix<\/strong>.<\/li>\n<\/ul>\n<h2>T\u00e9moignages d&rsquo;Artistes de Slam<\/h2>\n<p><strong>Rouda<\/strong>, slameuse parisienne, confie : \u00ab\u00a0L&rsquo;<strong>atelier slam<\/strong> m&rsquo;a lib\u00e9r\u00e9e de mes cha\u00eenes sociales, passant de silence \u00e0 ovations en un an.\u00a0\u00bb <strong>Lino Slameur<\/strong>, champion r\u00e9gional <strong>Normandie 2023<\/strong>, ajoute : \u00ab\u00a0Du doute \u00e0 la sc\u00e8ne, les retours collectifs ont tout chang\u00e9.\u00a0\u00bb <u>80% des pros fran\u00e7ais<\/u> \u00e9mergent d&rsquo;ateliers, selon la <strong>Ligue Slam de France<\/strong>.<\/p>\n<p>De participant anonyme \u00e0 tourn\u00e9es internationales, comme <strong>Le\u00efla Ka<\/strong> avec son album <em>Libert\u00e9<\/em> sorti en 2024, ces parcours inspirent. Avant : timidit\u00e9 paralysante ; apr\u00e8s : recueils publi\u00e9s et disques. Diversit\u00e9 rayonne : jeunes de <strong>banlieues Seine-Saint-Denis<\/strong>, seniors lyonnais. Votre histoire commence ici, avec un atelier pr\u00e8s de chez vous.<\/p>\n<ul>\n<li><strong>Rouda<\/strong> : De mutisme \u00e0 laur\u00e9ate <strong>Festival de Slam Femmes 2024<\/strong>.<\/li>\n<li><strong>Lino Slameur<\/strong> : Vainqueur en <u>6 mois d&rsquo;ateliers<\/u>.<\/li>\n<li><strong>Le\u00efla Ka<\/strong> : Tourn\u00e9es en <strong>Europe 2025<\/strong> post-atelier.<\/li>\n<\/ul>\n<h2>Embrasser le Slam pour S&rsquo;Exprimer<\/h2>\n<p>Le <strong>slam<\/strong> \u00e9rige une tribune libre o\u00f9 novices deviennent voix puissantes gr\u00e2ce aux ateliers. Nous r\u00e9capitulons son pouvoir transformateur : de d\u00e9finition d\u00e9mocratique \u00e0 techniques pr\u00e9cises, en passant par un \u00e9cosyst\u00e8me fran\u00e7ais foisonnant. Vous tenez l\u00e0 une cl\u00e9 pour exprimer votre verbe avec impact.<\/p>\n<p>Rejoignez un <strong>atelier slam<\/strong> local d\u00e8s demain, testez l&rsquo;exercice \u00ab\u00a0ma voix int\u00e9rieure\u00a0\u00bb, montez sur sc\u00e8ne. Lib\u00e9rez-vous dans cette <strong>po\u00e9sie orale<\/strong> authentique ; nous en sommes convaincus, elle changera votre regard sur les mots.<\/p>\n","protected":false},"excerpt":{"rendered":"","protected":false},"author":34,"featured_media":7742,"comment_status":"open","ping_status":"open","sticky":false,"template":"","format":"standard","meta":{"_acf_changed":false,"manual_indexmenow":false,"indexmenow_id_project":0,"footnotes":""},"categories":[4524],"tags":[4585,4618,4598],"class_list":["post-7740","post","type-post","status-publish","format-standard","has-post-thumbnail","hentry","category-communaute-et-interviews","tag-atelier-slam","tag-expression-orale","tag-slam-poesie","generate-columns","tablet-grid-50","mobile-grid-100","grid-parent","grid-25"],"acf":[],"yoast_head":"<!-- This site is optimized with the Yoast SEO Premium plugin v21.3 (Yoast SEO v26.5) - https:\/\/yoast.com\/wordpress\/plugins\/seo\/ -->\n<title>Atelier slam : lib\u00e9rer votre voix par la po\u00e9sie orale<\/title>\n<meta name=\"description\" content=\"Le slam d\u00e9signe une comp\u00e9tition de po\u00e9sie orale invent\u00e9e en 1986 par Marc Kelly Smith, po\u00e8te et entrepreneur en b\u00e2timent, dans un bar de Chicago\" \/>\n<meta name=\"robots\" content=\"index, follow, max-snippet:-1, max-image-preview:large, max-video-preview:-1\" \/>\n<link rel=\"canonical\" href=\"https:\/\/slams.fr\/blog\/communaute-et-interviews\/atelier-slam-comment-liberer-votre-voix-grace-a-la-poesie-orale\/\" \/>\n<meta property=\"og:locale\" content=\"fr_FR\" \/>\n<meta property=\"og:type\" content=\"article\" \/>\n<meta property=\"og:title\" content=\"Atelier slam : lib\u00e9rer votre voix par la po\u00e9sie orale\" \/>\n<meta property=\"og:description\" content=\"Le slam d\u00e9signe une comp\u00e9tition de po\u00e9sie orale invent\u00e9e en 1986 par Marc Kelly Smith, po\u00e8te et entrepreneur en b\u00e2timent, dans un bar de Chicago\" \/>\n<meta property=\"og:url\" content=\"https:\/\/slams.fr\/blog\/communaute-et-interviews\/atelier-slam-comment-liberer-votre-voix-grace-a-la-poesie-orale\/\" \/>\n<meta property=\"og:site_name\" content=\"slams\" \/>\n<meta property=\"og:image\" content=\"https:\/\/slams.fr\/blog\/wp-content\/uploads\/2025\/12\/pag-image-693be91210752-scaled.png\" \/>\n\t<meta property=\"og:image:width\" content=\"1200\" \/>\n\t<meta property=\"og:image:height\" content=\"686\" \/>\n\t<meta property=\"og:image:type\" content=\"image\/png\" \/>\n<meta name=\"author\" content=\"Rapha\u00ebl D.\" \/>\n<meta name=\"twitter:card\" content=\"summary_large_image\" \/>\n<script type=\"application\/ld+json\" class=\"yoast-schema-graph\">{\"@context\":\"https:\/\/schema.org\",\"@graph\":[{\"@type\":\"NewsArticle\",\"@id\":\"https:\/\/slams.fr\/blog\/communaute-et-interviews\/atelier-slam-comment-liberer-votre-voix-grace-a-la-poesie-orale\/#article\",\"isPartOf\":{\"@id\":\"https:\/\/slams.fr\/blog\/communaute-et-interviews\/atelier-slam-comment-liberer-votre-voix-grace-a-la-poesie-orale\/\"},\"author\":{\"name\":\"Rapha\u00ebl D.\",\"@id\":\"https:\/\/slams.fr\/blog\/#\/schema\/person\/3c864cdc320801e3db34b663e7e3f816\"},\"headline\":\"Atelier Slam : Comment lib\u00e9rer votre voix gr\u00e2ce \u00e0 la po\u00e9sie orale\",\"datePublished\":\"2026-03-09T08:18:00+00:00\",\"mainEntityOfPage\":{\"@id\":\"https:\/\/slams.fr\/blog\/communaute-et-interviews\/atelier-slam-comment-liberer-votre-voix-grace-a-la-poesie-orale\/\"},\"wordCount\":1141,\"commentCount\":0,\"publisher\":{\"@id\":\"https:\/\/slams.fr\/blog\/#organization\"},\"image\":{\"@id\":\"https:\/\/slams.fr\/blog\/communaute-et-interviews\/atelier-slam-comment-liberer-votre-voix-grace-a-la-poesie-orale\/#primaryimage\"},\"thumbnailUrl\":\"https:\/\/slams.fr\/blog\/wp-content\/uploads\/2025\/12\/pag-image-693be91210752-scaled.png\",\"keywords\":[\"atelier slam\",\"expression orale\",\"slam poesie\"],\"articleSection\":[\"Communaut\u00e9 et Interviews\"],\"inLanguage\":\"fr-FR\",\"potentialAction\":[{\"@type\":\"CommentAction\",\"name\":\"Comment\",\"target\":[\"https:\/\/slams.fr\/blog\/communaute-et-interviews\/atelier-slam-comment-liberer-votre-voix-grace-a-la-poesie-orale\/#respond\"]}]},{\"@type\":\"WebPage\",\"@id\":\"https:\/\/slams.fr\/blog\/communaute-et-interviews\/atelier-slam-comment-liberer-votre-voix-grace-a-la-poesie-orale\/\",\"url\":\"https:\/\/slams.fr\/blog\/communaute-et-interviews\/atelier-slam-comment-liberer-votre-voix-grace-a-la-poesie-orale\/\",\"name\":\"Atelier slam : lib\u00e9rer votre voix par la po\u00e9sie orale\",\"isPartOf\":{\"@id\":\"https:\/\/slams.fr\/blog\/#website\"},\"primaryImageOfPage\":{\"@id\":\"https:\/\/slams.fr\/blog\/communaute-et-interviews\/atelier-slam-comment-liberer-votre-voix-grace-a-la-poesie-orale\/#primaryimage\"},\"image\":{\"@id\":\"https:\/\/slams.fr\/blog\/communaute-et-interviews\/atelier-slam-comment-liberer-votre-voix-grace-a-la-poesie-orale\/#primaryimage\"},\"thumbnailUrl\":\"https:\/\/slams.fr\/blog\/wp-content\/uploads\/2025\/12\/pag-image-693be91210752-scaled.png\",\"datePublished\":\"2026-03-09T08:18:00+00:00\",\"description\":\"Le slam d\u00e9signe une comp\u00e9tition de po\u00e9sie orale invent\u00e9e en 1986 par Marc Kelly Smith, po\u00e8te et entrepreneur en b\u00e2timent, dans un bar de Chicago\",\"inLanguage\":\"fr-FR\",\"potentialAction\":[{\"@type\":\"ReadAction\",\"target\":[\"https:\/\/slams.fr\/blog\/communaute-et-interviews\/atelier-slam-comment-liberer-votre-voix-grace-a-la-poesie-orale\/\"]}]},{\"@type\":\"ImageObject\",\"inLanguage\":\"fr-FR\",\"@id\":\"https:\/\/slams.fr\/blog\/communaute-et-interviews\/atelier-slam-comment-liberer-votre-voix-grace-a-la-poesie-orale\/#primaryimage\",\"url\":\"https:\/\/slams.fr\/blog\/wp-content\/uploads\/2025\/12\/pag-image-693be91210752-scaled.png\",\"contentUrl\":\"https:\/\/slams.fr\/blog\/wp-content\/uploads\/2025\/12\/pag-image-693be91210752-scaled.png\",\"width\":1200,\"height\":686,\"caption\":\"Image g\u00e9n\u00e9r\u00e9e par IA optimis\u00e9e pour Google Discover\"},{\"@type\":\"WebSite\",\"@id\":\"https:\/\/slams.fr\/blog\/#website\",\"url\":\"https:\/\/slams.fr\/blog\/\",\"name\":\"slams.fr\",\"description\":\"Slams, l&#039;\u00e9nergie des mots en action\",\"publisher\":{\"@id\":\"https:\/\/slams.fr\/blog\/#organization\"},\"alternateName\":\"Slams, l'\u00e9nergie des mots en action\",\"potentialAction\":[{\"@type\":\"SearchAction\",\"target\":{\"@type\":\"EntryPoint\",\"urlTemplate\":\"https:\/\/slams.fr\/blog\/?s={search_term_string}\"},\"query-input\":{\"@type\":\"PropertyValueSpecification\",\"valueRequired\":true,\"valueName\":\"search_term_string\"}}],\"inLanguage\":\"fr-FR\"},{\"@type\":\"Organization\",\"@id\":\"https:\/\/slams.fr\/blog\/#organization\",\"name\":\"Foretsensations.fr\",\"url\":\"https:\/\/slams.fr\/blog\/\",\"logo\":{\"@type\":\"ImageObject\",\"inLanguage\":\"fr-FR\",\"@id\":\"https:\/\/slams.fr\/blog\/#\/schema\/logo\/image\/\",\"url\":\"https:\/\/slams.fr\/blog\/wp-content\/uploads\/2026\/07\/logo-auto-1.png\",\"contentUrl\":\"https:\/\/slams.fr\/blog\/wp-content\/uploads\/2026\/07\/logo-auto-1.png\",\"width\":1024,\"height\":1024,\"caption\":\"Foretsensations.fr\"},\"image\":{\"@id\":\"https:\/\/slams.fr\/blog\/#\/schema\/logo\/image\/\"}},{\"@type\":\"Person\",\"@id\":\"https:\/\/slams.fr\/blog\/#\/schema\/person\/3c864cdc320801e3db34b663e7e3f816\",\"name\":\"Rapha\u00ebl D.\",\"image\":{\"@type\":\"ImageObject\",\"inLanguage\":\"fr-FR\",\"@id\":\"https:\/\/slams.fr\/blog\/#\/schema\/person\/image\/\",\"url\":\"https:\/\/slams.fr\/blog\/wp-content\/uploads\/2026\/06\/persona_raphael-d-96x96.jpg\",\"contentUrl\":\"https:\/\/slams.fr\/blog\/wp-content\/uploads\/2026\/06\/persona_raphael-d-96x96.jpg\",\"caption\":\"Rapha\u00ebl D.\"},\"description\":\"La culture est mon terrain de jeu depuis une dizaine d'ann\u00e9es : arts visuels, s\u00e9ries, cr\u00e9ation et tout ce qui nourrit l'imaginaire. J'\u00e9cris aussi bien sur l'actualit\u00e9 des \u0153uvres que sur les coulisses de la cr\u00e9ation, avec l'envie de relier l'amateur curieux \u00e0 des univers parfois jug\u00e9s intimidants. J'aime analyser une s\u00e9rie ou une d\u00e9marche artistique sans p\u00e9dantisme, replacer une \u0153uvre dans son contexte et donner des cl\u00e9s de lecture accessibles. Avant de publier, je v\u00e9rifie mes r\u00e9f\u00e9rences, je recoupe les sources et je distingue clairement le fait de mon interpr\u00e9tation subjective. Je crois qu'une critique vaut surtout par les arguments qu'elle expose, pas par la sentence qu'elle rend. Mon angle : transmettre l'envie de d\u00e9couvrir, de regarder autrement et de se forger son propre go\u00fbt. La culture n'appartient pas qu'aux initi\u00e9s, et c'est tout l'enjeu de mon \u00e9criture.\",\"url\":\"https:\/\/slams.fr\/blog\/auteur\/raphael-d\/\",\"jobTitle\":\"R\u00e9dacteur en chef \u00b7 Culture & Cr\u00e9ation\",\"knowsAbout\":[\"Culture\",\"Cr\u00e9ation\"],\"email\":\"raphael.d@a-l-asso-de-l-art.fr\"}]}<\/script>\n<!-- \/ Yoast SEO Premium plugin. -->","yoast_head_json":{"title":"Atelier slam : lib\u00e9rer votre voix par la po\u00e9sie orale","description":"Le slam d\u00e9signe une comp\u00e9tition de po\u00e9sie orale invent\u00e9e en 1986 par Marc Kelly Smith, po\u00e8te et entrepreneur en b\u00e2timent, dans un bar de Chicago","robots":{"index":"index","follow":"follow","max-snippet":"max-snippet:-1","max-image-preview":"max-image-preview:large","max-video-preview":"max-video-preview:-1"},"canonical":"https:\/\/slams.fr\/blog\/communaute-et-interviews\/atelier-slam-comment-liberer-votre-voix-grace-a-la-poesie-orale\/","og_locale":"fr_FR","og_type":"article","og_title":"Atelier slam : lib\u00e9rer votre voix par la po\u00e9sie orale","og_description":"Le slam d\u00e9signe une comp\u00e9tition de po\u00e9sie orale invent\u00e9e en 1986 par Marc Kelly Smith, po\u00e8te et entrepreneur en b\u00e2timent, dans un bar de Chicago","og_url":"https:\/\/slams.fr\/blog\/communaute-et-interviews\/atelier-slam-comment-liberer-votre-voix-grace-a-la-poesie-orale\/","og_site_name":"slams","og_image":[{"width":1200,"height":686,"url":"https:\/\/slams.fr\/blog\/wp-content\/uploads\/2025\/12\/pag-image-693be91210752-scaled.png","type":"image\/png"}],"author":"Rapha\u00ebl D.","twitter_card":"summary_large_image","schema":{"@context":"https:\/\/schema.org","@graph":[{"@type":"NewsArticle","@id":"https:\/\/slams.fr\/blog\/communaute-et-interviews\/atelier-slam-comment-liberer-votre-voix-grace-a-la-poesie-orale\/#article","isPartOf":{"@id":"https:\/\/slams.fr\/blog\/communaute-et-interviews\/atelier-slam-comment-liberer-votre-voix-grace-a-la-poesie-orale\/"},"author":{"name":"Rapha\u00ebl D.","@id":"https:\/\/slams.fr\/blog\/#\/schema\/person\/3c864cdc320801e3db34b663e7e3f816"},"headline":"Atelier Slam : Comment lib\u00e9rer votre voix gr\u00e2ce \u00e0 la po\u00e9sie orale","datePublished":"2026-03-09T08:18:00+00:00","mainEntityOfPage":{"@id":"https:\/\/slams.fr\/blog\/communaute-et-interviews\/atelier-slam-comment-liberer-votre-voix-grace-a-la-poesie-orale\/"},"wordCount":1141,"commentCount":0,"publisher":{"@id":"https:\/\/slams.fr\/blog\/#organization"},"image":{"@id":"https:\/\/slams.fr\/blog\/communaute-et-interviews\/atelier-slam-comment-liberer-votre-voix-grace-a-la-poesie-orale\/#primaryimage"},"thumbnailUrl":"https:\/\/slams.fr\/blog\/wp-content\/uploads\/2025\/12\/pag-image-693be91210752-scaled.png","keywords":["atelier slam","expression orale","slam poesie"],"articleSection":["Communaut\u00e9 et Interviews"],"inLanguage":"fr-FR","potentialAction":[{"@type":"CommentAction","name":"Comment","target":["https:\/\/slams.fr\/blog\/communaute-et-interviews\/atelier-slam-comment-liberer-votre-voix-grace-a-la-poesie-orale\/#respond"]}]},{"@type":"WebPage","@id":"https:\/\/slams.fr\/blog\/communaute-et-interviews\/atelier-slam-comment-liberer-votre-voix-grace-a-la-poesie-orale\/","url":"https:\/\/slams.fr\/blog\/communaute-et-interviews\/atelier-slam-comment-liberer-votre-voix-grace-a-la-poesie-orale\/","name":"Atelier slam : lib\u00e9rer votre voix par la po\u00e9sie orale","isPartOf":{"@id":"https:\/\/slams.fr\/blog\/#website"},"primaryImageOfPage":{"@id":"https:\/\/slams.fr\/blog\/communaute-et-interviews\/atelier-slam-comment-liberer-votre-voix-grace-a-la-poesie-orale\/#primaryimage"},"image":{"@id":"https:\/\/slams.fr\/blog\/communaute-et-interviews\/atelier-slam-comment-liberer-votre-voix-grace-a-la-poesie-orale\/#primaryimage"},"thumbnailUrl":"https:\/\/slams.fr\/blog\/wp-content\/uploads\/2025\/12\/pag-image-693be91210752-scaled.png","datePublished":"2026-03-09T08:18:00+00:00","description":"Le slam d\u00e9signe une comp\u00e9tition de po\u00e9sie orale invent\u00e9e en 1986 par Marc Kelly Smith, po\u00e8te et entrepreneur en b\u00e2timent, dans un bar de Chicago","inLanguage":"fr-FR","potentialAction":[{"@type":"ReadAction","target":["https:\/\/slams.fr\/blog\/communaute-et-interviews\/atelier-slam-comment-liberer-votre-voix-grace-a-la-poesie-orale\/"]}]},{"@type":"ImageObject","inLanguage":"fr-FR","@id":"https:\/\/slams.fr\/blog\/communaute-et-interviews\/atelier-slam-comment-liberer-votre-voix-grace-a-la-poesie-orale\/#primaryimage","url":"https:\/\/slams.fr\/blog\/wp-content\/uploads\/2025\/12\/pag-image-693be91210752-scaled.png","contentUrl":"https:\/\/slams.fr\/blog\/wp-content\/uploads\/2025\/12\/pag-image-693be91210752-scaled.png","width":1200,"height":686,"caption":"Image g\u00e9n\u00e9r\u00e9e par IA optimis\u00e9e pour Google Discover"},{"@type":"WebSite","@id":"https:\/\/slams.fr\/blog\/#website","url":"https:\/\/slams.fr\/blog\/","name":"slams.fr","description":"Slams, l&#039;\u00e9nergie des mots en action","publisher":{"@id":"https:\/\/slams.fr\/blog\/#organization"},"alternateName":"Slams, l'\u00e9nergie des mots en action","potentialAction":[{"@type":"SearchAction","target":{"@type":"EntryPoint","urlTemplate":"https:\/\/slams.fr\/blog\/?s={search_term_string}"},"query-input":{"@type":"PropertyValueSpecification","valueRequired":true,"valueName":"search_term_string"}}],"inLanguage":"fr-FR"},{"@type":"Organization","@id":"https:\/\/slams.fr\/blog\/#organization","name":"Foretsensations.fr","url":"https:\/\/slams.fr\/blog\/","logo":{"@type":"ImageObject","inLanguage":"fr-FR","@id":"https:\/\/slams.fr\/blog\/#\/schema\/logo\/image\/","url":"https:\/\/slams.fr\/blog\/wp-content\/uploads\/2026\/07\/logo-auto-1.png","contentUrl":"https:\/\/slams.fr\/blog\/wp-content\/uploads\/2026\/07\/logo-auto-1.png","width":1024,"height":1024,"caption":"Foretsensations.fr"},"image":{"@id":"https:\/\/slams.fr\/blog\/#\/schema\/logo\/image\/"}},{"@type":"Person","@id":"https:\/\/slams.fr\/blog\/#\/schema\/person\/3c864cdc320801e3db34b663e7e3f816","name":"Rapha\u00ebl D.","image":{"@type":"ImageObject","inLanguage":"fr-FR","@id":"https:\/\/slams.fr\/blog\/#\/schema\/person\/image\/","url":"https:\/\/slams.fr\/blog\/wp-content\/uploads\/2026\/06\/persona_raphael-d-96x96.jpg","contentUrl":"https:\/\/slams.fr\/blog\/wp-content\/uploads\/2026\/06\/persona_raphael-d-96x96.jpg","caption":"Rapha\u00ebl D."},"description":"La culture est mon terrain de jeu depuis une dizaine d'ann\u00e9es : arts visuels, s\u00e9ries, cr\u00e9ation et tout ce qui nourrit l'imaginaire. J'\u00e9cris aussi bien sur l'actualit\u00e9 des \u0153uvres que sur les coulisses de la cr\u00e9ation, avec l'envie de relier l'amateur curieux \u00e0 des univers parfois jug\u00e9s intimidants. J'aime analyser une s\u00e9rie ou une d\u00e9marche artistique sans p\u00e9dantisme, replacer une \u0153uvre dans son contexte et donner des cl\u00e9s de lecture accessibles. Avant de publier, je v\u00e9rifie mes r\u00e9f\u00e9rences, je recoupe les sources et je distingue clairement le fait de mon interpr\u00e9tation subjective. Je crois qu'une critique vaut surtout par les arguments qu'elle expose, pas par la sentence qu'elle rend. Mon angle : transmettre l'envie de d\u00e9couvrir, de regarder autrement et de se forger son propre go\u00fbt. La culture n'appartient pas qu'aux initi\u00e9s, et c'est tout l'enjeu de mon \u00e9criture.","url":"https:\/\/slams.fr\/blog\/auteur\/raphael-d\/","jobTitle":"R\u00e9dacteur en chef \u00b7 Culture & Cr\u00e9ation","knowsAbout":["Culture","Cr\u00e9ation"],"email":"raphael.d@a-l-asso-de-l-art.fr"}]}},"_links":{"self":[{"href":"https:\/\/slams.fr\/blog\/wp-json\/wp\/v2\/posts\/7740","targetHints":{"allow":["GET"]}}],"collection":[{"href":"https:\/\/slams.fr\/blog\/wp-json\/wp\/v2\/posts"}],"about":[{"href":"https:\/\/slams.fr\/blog\/wp-json\/wp\/v2\/types\/post"}],"author":[{"embeddable":true,"href":"https:\/\/slams.fr\/blog\/wp-json\/wp\/v2\/users\/34"}],"replies":[{"embeddable":true,"href":"https:\/\/slams.fr\/blog\/wp-json\/wp\/v2\/comments?post=7740"}],"version-history":[{"count":1,"href":"https:\/\/slams.fr\/blog\/wp-json\/wp\/v2\/posts\/7740\/revisions"}],"predecessor-version":[{"id":7777,"href":"https:\/\/slams.fr\/blog\/wp-json\/wp\/v2\/posts\/7740\/revisions\/7777"}],"wp:featuredmedia":[{"embeddable":true,"href":"https:\/\/slams.fr\/blog\/wp-json\/wp\/v2\/media\/7742"}],"wp:attachment":[{"href":"https:\/\/slams.fr\/blog\/wp-json\/wp\/v2\/media?parent=7740"}],"wp:term":[{"taxonomy":"category","embeddable":true,"href":"https:\/\/slams.fr\/blog\/wp-json\/wp\/v2\/categories?post=7740"},{"taxonomy":"post_tag","embeddable":true,"href":"https:\/\/slams.fr\/blog\/wp-json\/wp\/v2\/tags?post=7740"}],"curies":[{"name":"wp","href":"https:\/\/api.w.org\/{rel}","templated":true}]}}