{"id":7743,"date":"2026-03-12T09:06:00","date_gmt":"2026-03-12T08:06:00","guid":{"rendered":"https:\/\/slams.fr\/blog\/?p=7743"},"modified":"2026-03-12T09:06:00","modified_gmt":"2026-03-12T08:06:00","slug":"atelier-slam-comment-liberer-votre-voix-avec-la-poesie-urbaine-inclusive","status":"publish","type":"post","link":"https:\/\/slams.fr\/blog\/communaute-et-interviews\/atelier-slam-comment-liberer-votre-voix-avec-la-poesie-urbaine-inclusive\/","title":{"rendered":"Atelier slam : comment lib\u00e9rer votre voix avec la po\u00e9sie urbaine inclusive"},"content":{"rendered":"<div style=\"background: linear-gradient(135deg, #f5f7fa 0%, #e9ecef 100%);border-left: 4px solid #0073aa;padding: 15px 20px;margin: 0 0 25px 0;border-radius: 0 8px 8px 0\">\n<p style=\"margin: 0;font-size: 14px;color: #0073aa;font-weight: 600;text-transform: uppercase;letter-spacing: 1px;margin-bottom: 10px\">\ud83d\udccb En bref<\/p>\n<ul style=\"margin: 0;padding-left: 20px;list-style-type: none\">\n<li style=\"margin: 5px 0;color: #333;font-size: 15px;line-height: 1.5;position: relative;padding-left: 15px\"><span style=\"position: absolute;left: 0;color: #0073aa\">\u25b8<\/span> Un atelier slam est un espace collectif pour pratiquer la po\u00e9sie orale sans musique.<\/li>\n<li style=\"margin: 5px 0;color: #333;font-size: 15px;line-height: 1.5;position: relative;padding-left: 15px\"><span style=\"position: absolute;left: 0;color: #0073aa\">\u25b8<\/span> N\u00e9 \u00e0 Chicago dans les ann\u00e9es 1980, le slam s&#039;est popularis\u00e9 en France gr\u00e2ce \u00e0 des artistes comme Grand Corps Malade.<\/li>\n<li style=\"margin: 5px 0;color: #333;font-size: 15px;line-height: 1.5;position: relative;padding-left: 15px\"><span style=\"position: absolute;left: 0;color: #0073aa\">\u25b8<\/span> Certains ateliers int\u00e8grent des techniques de th\u00e9\u00e2tre-forum pour enrichir l&#039;exp\u00e9rience et l&#039;interaction avec le public.<\/li>\n<\/ul>\n<\/div>\n<h1>Atelier Slam : Lib\u00e9rez Votre Voix \u00e0 Travers la Po\u00e9sie Urbaine et Inclusive<\/h1>\n<h2>Qu&rsquo;est-ce qu&rsquo;un atelier slam ? D\u00e9finition pr\u00e9cise et origines<\/h2>\n<p>\n        Un <strong>atelier slam<\/strong> est un <u>espace de pratique de la po\u00e9sie orale perform\u00e9e, sans accompagnement musical, dans un cadre collectif structur\u00e9<\/u>. Selon la structure <strong>La Tribut du Verbe, bas\u00e9e \u00e0 Lyon dans la r\u00e9gion Auvergne-Rh\u00f4ne-Alpes<\/strong>, les ateliers d\u2019\u00e9criture slam visent \u00e0  laisser libre cours au verbe ?, en consid\u00e9rant l\u2019\u00e9criture non comme une contrainte, mais comme un terrain de jeu, o\u00f9 l\u2019on exp\u00e9rimente la langue fran\u00e7aise, le rythme, la voix et la mise en sc\u00e8ne. Les participants y pr\u00e9parent des textes destin\u00e9s \u00e0 \u00eatre dits, puis partag\u00e9s lors d\u2019une <strong>slam session<\/strong>, une sc\u00e8ne ouverte o\u00f9 la prise de parole est libre, dans le respect de quelques r\u00e8gles simples : inscription pr\u00e9alable, texte original, absence de musique, temps limit\u00e9.<\/p>\n<p>\n        Historiquement, le <strong>slam<\/strong> na\u00eet \u00e0 <strong>Chicago, Illinois<\/strong>, au milieu des <strong>ann\u00e9es 1980<\/strong>, sous l\u2019impulsion de <strong>Marc Smith, po\u00e8te am\u00e9ricain<\/strong>, qui souhaite dynamiser la po\u00e9sie en la sortant des cercles acad\u00e9miques pour l\u2019emmener dans les bars et caf\u00e9s, o\u00f9 le public joue parfois un r\u00f4le de jury. Le mouvement se diffuse ensuite dans de nombreuses villes nord-am\u00e9ricaines. En France, il prend un essor d\u00e9cisif \u00e0 partir de <strong>2003\u20132005<\/strong>, quand <strong>Grand Corps Malade, artiste issu de Saint-Denis<\/strong>, am\u00e8ne le slam sur les grandes sc\u00e8nes et dans les m\u00e9dias nationaux, notamment avec l\u2019album <strong>\u00ab\u00a0Midi 20\u00a0\u00bb<\/strong> en <strong>2006<\/strong>. L\u2019atelier slam devient alors un outil identifi\u00e9 par le <strong>minist\u00e8re de l\u2019\u00c9ducation nationale<\/strong>, via le dispositif <strong>\u00ab\u00a0Slam-\u00e0-l\u2019\u00c9cole\u00a0\u00bb<\/strong>, comme un moyen de travailler la langue, l\u2019expression et la citoyennet\u00e9.<\/p>\n<ul>\n<li><u>D\u00e9finition cl\u00e9<\/u> : un atelier slam est un cadre collectif, anim\u00e9 par un ou plusieurs <strong>slameurs professionnels<\/strong>, o\u00f9 l\u2019on \u00e9crit, retravaille et performe des textes courts, destin\u00e9s \u00e0 une restitution orale.<\/li>\n<li><strong>Origine g\u00e9ographique<\/strong> : <u>\u00c9tats-Unis, Chicago, ann\u00e9es 1980<\/u>, diffusion en France au d\u00e9but des ann\u00e9es 2000.<\/li>\n<li><strong>Sp\u00e9cificit\u00e9<\/strong> : oralit\u00e9, absence de support musical, interaction avec le public, dimension d\u00e9mocratique de la prise de parole.<\/li>\n<\/ul>\n<h2>Une pratique \u00e0 la crois\u00e9e du slam et du th\u00e9\u00e2tre-forum<\/h2>\n<p>\n        Certains ateliers vont plus loin en articulant <strong>slam<\/strong> et <strong>th\u00e9\u00e2tre-forum<\/strong>. Le collectif <strong>Slam \u00f4 F\u00e9minin, association francilienne<\/strong>, par exemple, propose des formations int\u00e9grant des techniques de <strong>th\u00e9\u00e2tre-image<\/strong> et de <strong>th\u00e9\u00e2tre-forum<\/strong> inspir\u00e9es d\u2019<strong>Augusto Boal, metteur en sc\u00e8ne br\u00e9silien<\/strong>. Les participants travaillent alors des <u>statues vivantes<\/u>, des sc\u00e8nes courtes \u00e0 d\u00e9battre, des interactions sc\u00e9niques, pour renforcer la dimension corporelle, le lien au public et la port\u00e9e des textes.<\/p>\n<p>\n        Nous estimons que cette hybridation \u00e9largit fortement la puissance des ateliers slam, en les transformant en <strong>espaces d\u2019exp\u00e9rimentation sociale<\/strong>, o\u00f9 l\u2019on ne se contente pas de dire un texte, mais o\u00f9 l\u2019on interroge des situations de discrimination, d\u2019injustice, de sexisme ou de violence symbolique, \u00e0 travers la sc\u00e8ne. Ce type de dispositif est particuli\u00e8rement adapt\u00e9 aux structures de formation sociale, aux <strong>missions locales<\/strong> ou aux <strong>centres sociaux<\/strong>, qui souhaitent ouvrir des discussions sensibles tout en s\u00e9curisant la parole.<\/p>\n<ul>\n<li><strong>Th\u00e9\u00e2tre-forum<\/strong> : dispositif n\u00e9 dans les <u>ann\u00e9es 1960 au Br\u00e9sil<\/u>, visant \u00e0 faire d\u00e9battre le public en modifiant le cours d\u2019une sc\u00e8ne jou\u00e9e.<\/li>\n<li><strong>Interaction slam \/ th\u00e9\u00e2tre<\/strong> : renforcement de la pr\u00e9sence corporelle, travail de la posture, mise en situation collective.<\/li>\n<li><u>Publics concern\u00e9s<\/u> : groupes en insertion, structures de pr\u00e9vention, associations de m\u00e9diation culturelle.<\/li>\n<\/ul>\n<h2>Les b\u00e9n\u00e9fices des ateliers slam sur la sant\u00e9 mentale et les comp\u00e9tences<\/h2>\n<p>\n        Les \u00e9tudes p\u00e9dagogiques et retours de terrain convergent sur un point : les <strong>ateliers slam<\/strong> ont un impact net sur la <strong>confiance en soi<\/strong> et le <strong>bien-\u00eatre psychique<\/strong>. Le site de l\u2019<strong>ENSFEA, \u00c9cole nationale sup\u00e9rieure de formation de l\u2019enseignement agricole \u00e0 Toulouse<\/strong>, d\u00e9crit le slam comme un mode d\u2019expression permettant de travailler l\u2019<strong>expression orale<\/strong>, la <strong>corpor\u00e9it\u00e9<\/strong>, l\u2019<strong>image de soi<\/strong>, le <strong>vivre-ensemble<\/strong> et la <strong>communication humaine<\/strong>. L\u2019obligation d\u2019assumer un texte devant un public, dans un temps court de <u>3 minutes avec une tol\u00e9rance \u00e0 3 min 09 s<\/u>, am\u00e8ne les participants \u00e0 structurer leur pens\u00e9e, \u00e0 g\u00e9rer leur stress et \u00e0 accepter le regard des autres.<\/p>\n<p>\n        Dans un article de la revue scientifique <strong>\u00ab\u00a0Pratiques\u00a0\u00bb<\/strong>, publi\u00e9 sur la plateforme <strong>OpenEdition Journals<\/strong>, des chercheurs analysent l\u2019<u>atelier slam comme modalit\u00e9 de relation d\u2019aide p\u00e9dagogique<\/u>. Ils montrent que les \u00e9l\u00e8ves apprennent \u00e0 travailler un rythme, \u00e0 poser la voix, \u00e0 faire passer une intention et un message explicite au public. Selon nous, cette capacit\u00e9 \u00e0 assumer un propos construit, devant un groupe, constitue un levier p\u00e9dagogique puissant, notamment pour des adolescents peu \u00e0 l\u2019aise avec la norme scolaire traditionnelle. Plusieurs retours d\u2019enseignants signalent une am\u00e9lioration de la participation orale en classe et une r\u00e9duction des inhibitions.<\/p>\n<ul>\n<li><u>B\u00e9n\u00e9fices personnels<\/u> : meilleure image de soi, gestion plus sereine du trac, sentiment de comp\u00e9tence linguistique renforc\u00e9.<\/li>\n<li><strong>Comp\u00e9tences travaill\u00e9es<\/strong> : articulation, projection de la voix, structuration du discours, argumentation, \u00e9coute active.<\/li>\n<li><strong>Cadre type<\/strong> : s\u00e9ances de 2 heures, groupes de <u>12 \u00e0 15 participants par slameur<\/u>, ce qui favorise la coh\u00e9sion et la solidarit\u00e9.<\/li>\n<\/ul>\n<h2>L\u2019impact des ateliers slam en Ehpad, IME et ITEP<\/h2>\n<p>\n        Nous observons aussi une forte mont\u00e9e en puissance des ateliers slam dans les structures m\u00e9dico-sociales, notamment les <strong>Ehpad<\/strong> (\u00c9tablissements d\u2019h\u00e9bergement pour personnes \u00e2g\u00e9es d\u00e9pendantes), les <strong>IME<\/strong> (Instituts m\u00e9dico-\u00e9ducatifs) et les <strong>ITEP<\/strong> (Instituts th\u00e9rapeutiques, \u00e9ducatifs et p\u00e9dagogiques). La structure <strong>La Tribut du Verbe<\/strong>, par exemple, intervient r\u00e9guli\u00e8rement dans ces contextes, en adaptant les formats, la dur\u00e9e et les consignes, pour permettre \u00e0 des publics vuln\u00e9rables de retrouver une voix, parfois longtemps tue.<\/p>\n<p>\n        Dans ces environnements, l\u2019atelier slam devient un outil quasi th\u00e9rapeutique, m\u00eame s\u2019il ne se substitue \u00e9videmment pas \u00e0 une prise en charge m\u00e9dicale. Le simple fait de pouvoir formuler une \u00e9motion, une col\u00e8re, un souvenir ou une gratitude, devant un groupe bienveillant, agit comme une forme de <u>mise \u00e0 distance symbolique<\/u>. Nous consid\u00e9rons que cette fonction de m\u00e9diation \u00e9motionnelle en fait un dispositif pr\u00e9cieux pour les \u00e9quipes pluridisciplinaires (\u00e9ducateurs sp\u00e9cialis\u00e9s, psychologues, orthophonistes), qui cherchent des supports compl\u00e9mentaires pour accompagner les r\u00e9sidents ou les usagers.<\/p>\n<ul>\n<li><strong>Publics vis\u00e9s<\/strong> : personnes \u00e2g\u00e9es en perte d\u2019autonomie, enfants et adolescents en situation de handicap, jeunes en grande difficult\u00e9 comportementale.<\/li>\n<li><u>Effets observ\u00e9s<\/u> : lib\u00e9ration de la parole, regain d\u2019estime personnelle, sentiment d\u2019appartenance \u00e0 un groupe.<\/li>\n<li><strong>Cadre \u00e9thique<\/strong> : animation par des intervenants form\u00e9s, coordination avec les \u00e9quipes soignantes ou \u00e9ducatives.<\/li>\n<\/ul>\n<h2>Le d\u00e9roul\u00e9 concret d\u2019un atelier slam<\/h2>\n<p>\n        Un atelier type suit une progression structur\u00e9e, tout en gardant une marge de souplesse pour s\u2019adapter au groupe. Les structures comme <strong>La Tribut du Verbe<\/strong> ou <strong>Verbaludik, structure bas\u00e9e en France sp\u00e9cialis\u00e9e dans l\u2019oralit\u00e9 et l\u2019\u00e9criture<\/strong>, d\u00e9crivent des s\u00e9quences qui commencent par des <u>\u00e9chauffements corporels et vocaux<\/u> : posture, respiration, ancrage, d\u00e9tente des \u00e9paules et du visage, jeux de regard. Ces exercices servent \u00e0 r\u00e9duire la tension, \u00e0 installer la pr\u00e9sence sc\u00e9nique et \u00e0 pr\u00e9parer la voix.<\/p>\n<p>\n        Viennent ensuite des <strong>jeux d\u2019\u00e9criture<\/strong> : contraintes de rimes, variations autour d\u2019un mot impos\u00e9, d\u00e9tournement de proverbes, \u00e9criture automatique, travail sur la m\u00e9taphore. Le texte produit n\u2019est pas fig\u00e9 : nous encourageons les r\u00e9\u00e9critures, coupes, d\u00e9placements de vers, jusqu\u2019\u00e0 obtenir une forme efficace \u00e0 l\u2019oral. En fin de s\u00e9ance ou de cycle, les participants s\u2019exercent \u00e0 dire leur texte devant le groupe, puis, dans de nombreux cas, devant un public \u00e9largi lors d\u2019une <strong>slam session<\/strong> ou d\u2019une restitution sc\u00e9nique.<\/p>\n<ul>\n<li><strong>\u00c9tape 1<\/strong> : \u00e9chauffement corporel et vocal (gestion du trac, ancrage, respiration).<\/li>\n<li><strong>\u00c9tape 2<\/strong> : production de texte (jeux de contraintes, \u00e9criture guid\u00e9e, travail collectif ou individuel).<\/li>\n<li><strong>\u00c9tape 3<\/strong> : mise en voix et r\u00e9p\u00e9titions (diction, rythme, intention, gestion de l\u2019espace sc\u00e9nique).<\/li>\n<li><strong>\u00c9tape 4<\/strong> : restitution (slam session interne ou sc\u00e8ne ouverte publique).<\/li>\n<\/ul>\n<h2>Diff\u00e9rents formats : de la s\u00e9ance d\u00e9couverte au cycle annuel<\/h2>\n<p>\n        La structure <strong>Verbaludik<\/strong> formalise plusieurs formats distincts, qui se retrouvent aujourd\u2019hui dans de nombreuses offres professionnelles. Le module <strong>\u00ab\u00a0Slam\u2019 dirait bien\u00a0\u00bb<\/strong> correspond \u00e0 une s\u00e9ance unique, destin\u00e9e \u00e0 faire go\u00fbter la pratique, souvent utilis\u00e9e avant une <strong>sc\u00e8ne ouverte<\/strong> dans un festival ou une m\u00e9diath\u00e8que. Le format <strong>\u00ab\u00a0Slam\u2019 int\u00e9resse\u00a0\u00bb<\/strong>, sur trois s\u00e9ances, permet d\u2019approfondir la relation entre \u00e9criture et oralisation, en travaillant davantage la r\u00e9\u00e9criture et la pr\u00e9sence sc\u00e9nique. Quant au module <strong>\u00ab\u00a0Slam \u2013 Poetry is not dead\u00a0\u00bb<\/strong>, il s\u2019\u00e9tend sur au moins quatre s\u00e9ances, voire sur une ann\u00e9e scolaire, et s\u2019adresse \u00e0 des groupes qui souhaitent s\u2019immerger durablement dans la pratique.<\/p>\n<p>\n        \u00c0 l\u2019<strong>ENSFEA de Toulouse<\/strong>, l\u2019atelier slam est int\u00e9gr\u00e9 \u00e0 un dispositif plus large sur la <strong>communication humaine<\/strong>, o\u00f9 les \u00e9tudiants disposent de <u>3 minutes<\/u> pour porter un message clair, en coh\u00e9rence avec leur posture professionnelle. \u00c0 <strong>Lyon, dans le d\u00e9partement du Rh\u00f4ne<\/strong>, <strong>La Tribut du Verbe<\/strong> participe \u00e0 des \u00e9v\u00e9nements comme les <strong>Biennales de la Danse de Lyon<\/strong>, le festival <strong>Caramentran \u00e0 Buis-les-Baronnies<\/strong> ou l\u2019action <strong>\u00ab\u00a0Dis-moi dix mots\u00a0\u00bb au lyc\u00e9e La Xavi\u00e8re<\/strong>, avec des restitutions publiques qui donnent un horizon concret au travail men\u00e9 en atelier. Notre avis est que ces formats \u00e9volutifs constituent une force du dispositif, car ils s\u2019adaptent \u00e0 des contraintes de temps, de budget et de public tr\u00e8s vari\u00e9es.<\/p>\n<ul>\n<li><u>S\u00e9ance d\u00e9couverte<\/u> : id\u00e9ale pour classes ponctuelles, animations de m\u00e9diath\u00e8que, actions culturelles \u00e9v\u00e9nementielles.<\/li>\n<li><strong>Cycle court (3\u20134 s\u00e9ances)<\/strong> : travail plus fin sur la langue, la r\u00e9\u00e9criture, la performance.<\/li>\n<li><strong>Cycle long (trimestre ou ann\u00e9e)<\/strong> : int\u00e9gration durable dans un projet d\u2019\u00e9tablissement ou un projet p\u00e9dagogique.<\/li>\n<\/ul>\n<h2>Outils et techniques utilis\u00e9s en atelier slam<\/h2>\n<p>\n        Les intervenants labellis\u00e9s <strong>\u00ab\u00a0Slam \u00e0 l\u2019\u00c9cole\u00a0\u00bb<\/strong>, dispositif agr\u00e9\u00e9 par le <strong>minist\u00e8re de l\u2019\u00c9ducation nationale fran\u00e7ais<\/strong>, mobilisent un ensemble d\u2019outils pr\u00e9cis pour stimuler l\u2019\u00e9criture et l\u2019oralit\u00e9. Parmi les techniques d\u2019\u00e9criture, nous trouvons l\u2019<strong>\u00e9criture automatique<\/strong>, h\u00e9rit\u00e9e du surr\u00e9alisme, qui permet de contourner l\u2019auto-censure ; le <strong>cadavre exquis<\/strong>, \u00e9criture collective \u00e0 partir de fragments successifs ; les <strong>jeux de rimes et d\u2019assonances<\/strong>, qui densifient la musicalit\u00e9 du texte ; ou encore la <u>\u00ab\u00a0bataille de compliments\u00a0\u00bb<\/u>, joute verbale bienveillante o\u00f9 chaque participant doit surench\u00e9rir dans l\u2019\u00e9loge po\u00e9tique plut\u00f4t que dans l\u2019attaque.<\/p>\n<p>\n        Sur le plan de la performance, les ateliers travaillent la <strong>gestion de l\u2019espace sc\u00e9nique<\/strong>, la <strong>pr\u00e9sence \u00e0 soi<\/strong>, l\u2019efficacit\u00e9 du regard, ainsi que l\u2019usage du silence comme outil rh\u00e9torique. Des supports comme des vid\u00e9os de <strong>Grand Corps Malade<\/strong> ou d\u2019autres slameurs reconnus, sont utilis\u00e9s pour analyser le rythme, l\u2019intonation, l\u2019\u00e9criture. L\u2019ouvrage <strong>\u00ab\u00a0L\u2019Atelier slam\u00a0\u00bb<\/strong> de <strong>Julien Barret, auteur et formateur en prise de parole<\/strong>, propose un cahier d\u2019exercices tr\u00e8s concret pour \u00e9crire en quelques minutes des textes individuels ou collectifs, puis les d\u00e9clamer, ce qui en fait un outil op\u00e9rationnel pour de nombreux animateurs.<\/p>\n<ul>\n<li><strong>Techniques d\u2019\u00e9criture<\/strong> : \u00e9criture automatique, cadavre exquis, contraintes de rimes, d\u00e9tournements de slogans.<\/li>\n<li><strong>Outils de performance<\/strong> : gestion du volume, du tempo, de la respiration, travail sur la posture.<\/li>\n<li><u>Ressources p\u00e9dagogiques<\/u> : livres sp\u00e9cialis\u00e9s comme <strong>\u00ab\u00a0L\u2019Atelier slam\u00a0\u00bb<\/strong>, captations vid\u00e9o, recueils de textes.<\/li>\n<\/ul>\n<h2>Le cadre p\u00e9dagogique \u00ab\u00a0Slam-\u00e0-l\u2019\u00c9cole\u00a0\u00bb<\/h2>\n<p>\n        Le dispositif national <strong>\u00ab\u00a0Slam-\u00e0-l\u2019\u00c9cole\u00a0\u00bb<\/strong>, pr\u00e9sent\u00e9 dans un document-cadre accessible via la plateforme <strong>\u00c9duscol, portail p\u00e9dagogique du minist\u00e8re de l\u2019\u00c9ducation nationale<\/strong>, structure l\u2019usage du slam en milieu scolaire. Ce document pr\u00e9cise les contenus possibles : <u>pr\u00e9sentation de l\u2019histoire du slam<\/u>, analyse des valeurs d\u00e9mocratiques associ\u00e9es (prise de parole \u00e9galitaire, \u00e9coute mutuelle, absence de hi\u00e9rarchie entre les textes), travail sur des \u0153uvres d\u2019artistes slameurs, ateliers d\u2019\u00e9criture et de restitution.<\/p>\n<p>\n        Nous consid\u00e9rons que cette institutionnalisation ne d\u00e9nature pas l\u2019esprit du slam, d\u00e8s lors que l\u2019on pr\u00e9serve la libert\u00e9 de ton et la diversit\u00e9 des th\u00e9matiques. Au contraire, elle offre un cadre clair pour les \u00e9quipes p\u00e9dagogiques, qui peuvent s\u2019appuyer sur un agr\u00e9ment reconnu. Les artistes intervenants labellis\u00e9s disposent ainsi d\u2019une l\u00e9gitimit\u00e9 pour intervenir du <strong>CM1 au lyc\u00e9e<\/strong>, y compris dans les <strong>lyc\u00e9es professionnels<\/strong> ou les <strong>SEGPA<\/strong>. Les projets aboutissent souvent \u00e0 la r\u00e9alisation de recueils de textes ou de captations vid\u00e9o, qui permettent aux \u00e9l\u00e8ves de garder une trace tangible de leur travail.<\/p>\n<ul>\n<li><strong>Objectifs \u00e9ducatifs<\/strong> : ma\u00eetrise de la langue, \u00e9ducation \u00e0 la citoyennet\u00e9, d\u00e9veloppement de l\u2019esprit critique.<\/li>\n<li><u>Publics scolaires<\/u> : cycle 3, coll\u00e8ges, lyc\u00e9es g\u00e9n\u00e9raux, technologiques et professionnels.<\/li>\n<li><strong>Supports finaux<\/strong> : sc\u00e8nes ouvertes, recueils imprim\u00e9s, podcasts, vid\u00e9os.<\/li>\n<\/ul>\n<h2>T\u00e9moignages, exp\u00e9riences et trajectoires issues des ateliers slam<\/h2>\n<p>\n        Les retours recueillis aupr\u00e8s de participants et d\u2019intervenants convergent vers l\u2019id\u00e9e d\u2019une <strong>lib\u00e9ration \u00e9motionnelle<\/strong>. De nombreux ateliers t\u00e9moignent d\u2019\u00e9l\u00e8ves ou de participants qui n\u2019osaient presque jamais parler en groupe, et qui, au fil des s\u00e9ances, finissent par monter sur sc\u00e8ne, texte \u00e0 la main ou en m\u00e9moire, et assumer une parole forte. Le slogan de <strong>La Tribut du Verbe<\/strong> autour de la r\u00e9conciliation avec la langue via le jeu se confirme sur le terrain : des publics en difficult\u00e9 avec l\u2019\u00e9crit d\u00e9couvrent que la langue fran\u00e7aise peut \u00eatre un mat\u00e9riau mall\u00e9able, ludique, \u00e0 investir \u00e0 leur mani\u00e8re.<\/p>\n<p>\n        Certaines sc\u00e8nes slam servent aussi de tremplin vers des parcours artistiques plus professionnels. Des artistes pass\u00e9s par des ateliers, puis par des sc\u00e8nes ouvertes, se retrouvent programm\u00e9s dans des festivals comme <strong>les Biennales de la Danse de Lyon<\/strong>, <strong>Caramentran \u00e0 Buis-les-Baronnies<\/strong>, ou des \u00e9v\u00e9nements litt\u00e9raires dans des lieux patrimoniaux comme le <strong>Ch\u00e2teau de Grignan, dans la Dr\u00f4me proven\u00e7ale<\/strong>. Selon nous, ces trajectoires valident la capacit\u00e9 des ateliers slam \u00e0 rep\u00e9rer et accompagner des talents \u00e9mergents, sans exclure ceux qui viennent uniquement chercher un espace d\u2019expression ponctuel.<\/p>\n<ul>\n<li><u>\u00c9volutions possibles<\/u> : passage de l\u2019atelier \u00e0 la sc\u00e8ne ouverte, puis \u00e0 la sc\u00e8ne professionnelle pour certains profils.<\/li>\n<li><strong>Productions finales<\/strong> : spectacles, festivals, publications, collaborations interdisciplinaires (danse, musique, arts visuels).<\/li>\n<li><strong>Impact subjectif<\/strong> : sentiment d\u2019\u00eatre entendu, valorisation de parcours parfois fragilis\u00e9s.<\/li>\n<\/ul>\n<h2>Une pratique inclusive, accessible et multilingue<\/h2>\n<p>\n        Les acteurs comme <strong>Verbaludik<\/strong> insistent sur la dimension inclusive du slam. Les ateliers peuvent se d\u00e9rouler <u>au noir, en braille ou en langue des signes<\/u>, afin d\u2019int\u00e9grer des personnes en situation de handicap visuel ou auditif. Des projets en <strong>multilinguisme<\/strong> permettent aussi \u00e0 des participants issus de l\u2019immigration de m\u00ealer leur langue maternelle au fran\u00e7ais, cr\u00e9ant des textes hybrides, o\u00f9 s\u2019entrecroisent arabe, wolof, portugais, lingala ou espagnol. Ce choix renforce le sentiment de l\u00e9gitimit\u00e9 linguistique, en rompant avec une vision monolingue de la po\u00e9sie.<\/p>\n<p>\n        Nous pensons que cette plasticit\u00e9 linguistique et sensorielle place les ateliers slam au c\u0153ur des pr\u00e9occupations contemporaines autour de la <strong>diversit\u00e9 culturelle<\/strong> et de l\u2019accessibilit\u00e9. Loin d\u2019un \u00e9litisme litt\u00e9raire, le slam assume son ancrage dans la vie quotidienne, dans les langues parl\u00e9es \u00e0 la maison ou dans la rue, et dans les corps tels qu\u2019ils sont, avec leurs forces et leurs vuln\u00e9rabilit\u00e9s. Cette ouverture contribue \u00e0 faire des ateliers un outil pertinent pour les politiques locales de <strong>lutte contre l\u2019exclusion<\/strong> et de <strong>m\u00e9diation sociale<\/strong>.<\/p>\n<ul>\n<li><strong>Support inclusif<\/strong> : textes adapt\u00e9s en braille, usage de la <u>Langue des signes fran\u00e7aise (LSF)<\/u>, accessibilit\u00e9 des espaces.<\/li>\n<li><strong>Dimension multilingue<\/strong> : valorisation des langues familiales, cohabitation de plusieurs codes linguistiques dans un m\u00eame texte.<\/li>\n<li><u>Objectif social<\/u> : r\u00e9duire les barri\u00e8res culturelles, cr\u00e9er des espaces de rencontre entre publics tr\u00e8s diff\u00e9rents.<\/li>\n<\/ul>\n<h2>O\u00f9 trouver des ateliers slam en France ? Lieux, collectifs et \u00e9v\u00e9nements<\/h2>\n<p>\n        Sur le territoire fran\u00e7ais, les ateliers slam se d\u00e9ploient avant tout via des <strong>associations sp\u00e9cialis\u00e9es<\/strong> et des <strong>structures culturelles<\/strong>. \u00c0 <strong>Lyon<\/strong>, <strong>La Tribut du Verbe<\/strong> intervient dans des <strong>\u00e9coles primaires<\/strong>, des <strong>coll\u00e8ges<\/strong>, des <strong>lyc\u00e9es<\/strong>, des <strong>m\u00e9diath\u00e8ques<\/strong>, des <strong>Ehpad<\/strong>, ainsi que lors de festivals. \u00c0 <strong>Paris et en \u00cele-de-France<\/strong>, le collectif <strong>Slam \u00f4 F\u00e9minin<\/strong> propose des ateliers et formations sur mesure, parfois en partenariat avec des institutions ou des centres de formation. Des structures comme <strong>Verbaludik<\/strong> se d\u00e9placent dans diverses r\u00e9gions pour animer des cycles en milieu scolaire, associatif ou universitaire.<\/p>\n<p>\n        Des universit\u00e9s, telles que l\u2019<strong>Universit\u00e9 de Tours, en r\u00e9gion Centre-Val de Loire<\/strong>, int\u00e8grent des <strong>ateliers slam<\/strong> \u00e0 leurs offres de formation culturelle, permettant aux \u00e9tudiants d\u2019explorer d\u2019autres formes de prise de parole. Les sc\u00e8nes ouvertes se multiplient dans les bars, les caf\u00e9s culturels, les festivals de po\u00e9sie ou de th\u00e9\u00e2tre, et dans les \u00e9v\u00e9nements nationaux comme le dispositif <strong>\u00ab\u00a0Dis-moi dix mots\u00a0\u00bb<\/strong> pilot\u00e9 chaque ann\u00e9e par le <strong>minist\u00e8re de la Culture<\/strong>. Nous recommandons aux personnes int\u00e9ress\u00e9es de rechercher les mots-cl\u00e9s <u>\u00ab\u00a0Slam \u00e0 l\u2019\u00c9cole\u00a0\u00bb<\/u>, <u>\u00ab\u00a0ateliers slam + nom de ville\u00a0\u00bb<\/u> ou <u>\u00ab\u00a0slam session + r\u00e9gion\u00a0\u00bb<\/u> pour identifier les structures labellis\u00e9es ou les sc\u00e8nes les plus actives.<\/p>\n<ul>\n<li><strong>Lieux fr\u00e9quents<\/strong> : \u00e9tablissements scolaires, m\u00e9diath\u00e8ques, MJC, universit\u00e9s, Ehpad, centres sociaux, festivals.<\/li>\n<li><u>Acteurs identifi\u00e9s<\/u> : <strong>La Tribut du Verbe<\/strong> (Lyon), <strong>Slam \u00f4 F\u00e9minin<\/strong> (\u00cele-de-France), <strong>Verbaludik<\/strong> (France), ateliers universitaires comme \u00e0 <strong>l\u2019Universit\u00e9 de Tours<\/strong>.<\/li>\n<li><strong>\u00c9v\u00e9nements<\/strong> : sc\u00e8nes ouvertes locales, festivals de slam ou de po\u00e9sie, participation \u00e0 des \u00e9v\u00e9nements nationaux type <strong>\u00ab\u00a0Dis-moi dix mots\u00a0\u00bb<\/strong>.<\/li>\n<\/ul>\n<h2>Comment organiser son propre atelier slam ? Guide pratique<\/h2>\n<p>\n        Organiser un atelier slam demande une pr\u00e9paration m\u00e9thodique mais accessible. Nous pr\u00e9conisons de travailler avec un <strong>intervenant professionnel<\/strong>, id\u00e9alement <u>labellis\u00e9 \u00ab\u00a0Slam \u00e0 l\u2019\u00c9cole\u00a0\u00bb<\/u> lorsqu\u2019il s\u2019agit d\u2019un \u00e9tablissement scolaire, ou disposant d\u2019une exp\u00e9rience attest\u00e9e dans l\u2019animation d\u2019ateliers. Les structures comme <strong>Slam \u00f4 F\u00e9minin<\/strong> proposent des formations  <strong>cl\u00e9 en main<\/strong> ?, adaptables selon le public cibl\u00e9. Une configuration courante consiste \u00e0 pr\u00e9voir des s\u00e9ances de <u>2 heures<\/u>, pour un groupe de <u>12 \u00e0 15 personnes par slameur<\/u>, sur un cycle de <u>4 \u00e0 6 s\u00e9ances<\/u>, incluant \u00e9chauffements, \u00e9criture, r\u00e9p\u00e9titions et restitution.<\/p>\n<p>\n        Sur le plan budg\u00e9taire, les co\u00fbts varient selon la r\u00e9gion, le statut de la structure (association, collectivit\u00e9, \u00e9tablissement scolaire, entreprise) et la dur\u00e9e du projet. Nous observons, dans de nombreux appels \u00e0 projets culturels locaux, des enveloppes d\u00e9di\u00e9es allant de quelques centaines d\u2019euros pour une intervention courte, \u00e0 plusieurs milliers d\u2019euros pour un projet annuel int\u00e9grant captation vid\u00e9o ou \u00e9dition d\u2019un recueil. Il reste possible de combiner le slam avec d\u2019autres approches, comme les ateliers <strong>\u00ab\u00a0Orale actitude\u00a0\u00bb<\/strong> (travail sur l\u2019oralisation de textes existants) ou des dispositifs de <strong>th\u00e9\u00e2tre-forum<\/strong>, afin de r\u00e9pondre \u00e0 des objectifs sp\u00e9cifiques (pr\u00e9vention du harc\u00e8lement, \u00e9galit\u00e9 femmes-hommes, lutte contre le racisme).<\/p>\n<ul>\n<li><strong>Configuration recommand\u00e9e<\/strong> : 1 \u00e0 2 slameurs pour 12\u201315 participants, s\u00e9ances de 2 heures, 4\u20136 s\u00e9ances minimum.<\/li>\n<li><u>Pr\u00e9-requis logistiques<\/u> : salle calme, micro pour la restitution, possibilit\u00e9 de disposer les chaises en cercle, mat\u00e9riel d\u2019\u00e9criture.<\/li>\n<li><strong>Financement<\/strong> : budgets d\u2019action culturelle, dispositifs municipaux, appels \u00e0 projets, partenariats associatifs.<\/li>\n<\/ul>\n<h2>Conclusion : Rejoindre un atelier slam pour transformer son expression<\/h2>\n<p>\n        Les <strong>ateliers slam<\/strong> occupent aujourd\u2019hui une place singuli\u00e8re dans le paysage culturel fran\u00e7ais : \u00e0 la fois <u>outil d\u2019\u00e9mancipation personnelle<\/u>, <u>dispositif p\u00e9dagogique<\/u> et <u>espace artistique urbain<\/u>. Qu\u2019il s\u2019agisse d\u2019\u00e9l\u00e8ves de primaire, de lyc\u00e9ens, d\u2019\u00e9tudiants, de salari\u00e9s en qu\u00eate d\u2019aisance \u00e0 l\u2019oral, de r\u00e9sidents d\u2019Ehpad ou de jeunes suivis en structure m\u00e9dico-sociale, chacun y trouve une possibilit\u00e9 de poser sa voix, de nommer son v\u00e9cu et de s\u2019inscrire dans un collectif d\u2019\u00e9coute.<\/p>\n<p>\n        Nous sommes convaincus que la force de ces ateliers tient \u00e0 la combinaison d\u2019une r\u00e8gle simple \u2013 <strong>3 minutes sans musique pour dire un texte devant un public<\/strong> \u2013 et d\u2019un accompagnement exigeant sur la langue, la voix et le corps. Pour toute personne souhaitant travailler sa prise de parole, sa cr\u00e9ativit\u00e9 ou sa confiance en soi, rejoindre un atelier slam anim\u00e9 par une structure reconnue constitue, \u00e0 nos yeux, l\u2019un des moyens les plus stimulants et les plus accessibles pour transformer sa relation \u00e0 la langue, aux autres et \u00e0 soi-m\u00eame.<\/p>\n<ul>\n<li><u>Premier pas concret<\/u> : identifier une structure labellis\u00e9e ou une sc\u00e8ne slam active dans votre ville.<\/li>\n<li><strong>Objectif r\u00e9aliste<\/strong> : \u00e9crire un premier texte court, le retravailler, puis le dire en 3 minutes devant un public bienveillant.<\/li>\n<li><strong>Perspective<\/strong> : int\u00e9grer, si vous le souhaitez, un r\u00e9seau d\u2019artistes, de collectifs et de festivals qui font vivre la po\u00e9sie urbaine contemporaine.<\/li>\n<\/ul>\n<div style=\"background: #e8f4f8;border: 3px solid #0073aa;padding: 20px;margin: 20px 0;border-radius: 8px\">\n<h2 style=\"color: #0073aa;text-align: center;margin-bottom: 15px\">\ud83d\udd27 Ressources Pratiques et Outils<\/h2>\n<div style=\"background: white;padding: 15px;margin: 10px 0;border-left: 4px solid #28a745\">\n<h3 style=\"color: #28a745;margin-bottom: 10px\">\ud83d\udccd Ateliers Slam \u00e0 Paris<\/h3>\n<p><strong>Th\u00e9\u00e2tre de la Concorde<\/strong><br \/>\nAdresse : 1\u20133 avenue Gabriel, 75008 Paris<br \/>\nT\u00e9l\u00e9phone : 01 71 27 97 17 (du lundi au samedi, 8h\u201318h)<br \/>\nEmail : <a href=\"mailto:theatredelaconcorde@paris.fr\">theatredelaconcorde@paris.fr<\/a><br \/>\nSite : <a href=\"https:\/\/theatredelaconcorde.paris\" rel=\"nofollow\">theatredelaconcorde.paris<\/a><br \/>\nAtelier de slam propos\u00e9 \u00e0 partir du 23 novembre.<\/p>\n<\/div>\n<div style=\"background: white;padding: 15px;margin: 10px 0;border-left: 4px solid #007bff\">\n<h3 style=\"color: #007bff;margin-bottom: 10px\">\ud83d\udee0\ufe0f Outils et Calculateurs<\/h3>\n<p><strong>Ligue Slam de France<\/strong><br \/>\nR\u00e9seau coop\u00e9ratif d\u2019associations, slammasters, intervenants et organisateurs d\u2019ateliers slam.<br \/>\nR\u00e9f\u00e9rent Paris : <strong>Lyor<\/strong> \u2013 Email : <a href=\"mailto:lyor@ligueslamdefrance.fr\">lyor@ligueslamdefrance.fr<\/a><br \/>\nSite : <a href=\"https:\/\/ligueslamdefrance.fr\" rel=\"nofollow\">ligueslamdefrance.fr<\/a><\/p>\n<\/div>\n<div style=\"background: white;padding: 15px;margin: 10px 0;border-left: 4px solid #6f42c1\">\n<h3 style=\"color: #6f42c1;margin-bottom: 10px\">\ud83d\udc65 Communaut\u00e9 et Experts<\/h3>\n<p><strong>Slam \u00f4 F\u00e9minin<\/strong><br \/>\nCollectif slam proposant des sc\u00e8nes et spectacles \u00e0 Paris 18e.<br \/>\nSite : <a href=\"http:\/\/slamofeminin.free.fr\" rel=\"nofollow\">slamofeminin.free.fr<\/a><\/p>\n<p><strong>129H Productions<\/strong><br \/>\nLocalisation : Paris (75), membre du r\u00e9seau ateliers slam labellis\u00e9s.<\/p>\n<p><strong>Le Mot qui claque<\/strong><br \/>\nLocalisation : Paris (75), collectif slam.<\/p>\n<\/div>\n<div style=\"background: #fff3cd;padding: 15px;margin: 15px 0;border: 2px solid #ffc107;border-radius: 5px\">\n<strong style=\"color: #856404\">\ud83d\udca1 R\u00e9sum\u00e9 en 2 lignes :<\/strong><br \/>\n<span>D\u00e9couvrez les ateliers slam \u00e0 Paris, notamment au Th\u00e9\u00e2tre de la Concorde et \u00e0 travers des collectifs comme Slam \u00f4 F\u00e9minin. Ces ressources offrent des opportunit\u00e9s d&rsquo;expression po\u00e9tique et de d\u00e9veloppement personnel dans un cadre inclusif.<\/span>\n<\/div>\n<\/div>\n","protected":false},"excerpt":{"rendered":"","protected":false},"author":34,"featured_media":7745,"comment_status":"open","ping_status":"open","sticky":false,"template":"","format":"standard","meta":{"_acf_changed":false,"manual_indexmenow":false,"indexmenow_id_project":0,"footnotes":""},"categories":[4524],"tags":[4764,4796,4797],"class_list":["post-7743","post","type-post","status-publish","format-standard","has-post-thumbnail","hentry","category-communaute-et-interviews","tag-posie-urbaine","tag-slam-atelier","tag-voix-inclusive","generate-columns","tablet-grid-50","mobile-grid-100","grid-parent","grid-25"],"acf":[],"yoast_head":"<!-- This site is optimized with the Yoast SEO Premium plugin v21.3 (Yoast SEO v26.5) - https:\/\/yoast.com\/wordpress\/plugins\/seo\/ -->\n<title>Atelier slam : lib\u00e9rer votre voix par la po\u00e9sie urbaine<\/title>\n<meta name=\"description\" content=\"Un atelier slam est un espace de pratique de la po\u00e9sie orale perform\u00e9e, sans accompagnement musical, dans un cadre collectif structur\u00e9.\" \/>\n<meta name=\"robots\" content=\"index, follow, max-snippet:-1, max-image-preview:large, max-video-preview:-1\" \/>\n<link rel=\"canonical\" href=\"https:\/\/slams.fr\/blog\/communaute-et-interviews\/atelier-slam-comment-liberer-votre-voix-avec-la-poesie-urbaine-inclusive\/\" \/>\n<meta property=\"og:locale\" content=\"fr_FR\" \/>\n<meta property=\"og:type\" content=\"article\" \/>\n<meta property=\"og:title\" content=\"Atelier slam : lib\u00e9rer votre voix par la po\u00e9sie urbaine\" \/>\n<meta property=\"og:description\" content=\"Un atelier slam est un espace de pratique de la po\u00e9sie orale perform\u00e9e, sans accompagnement musical, dans un cadre collectif structur\u00e9.\" \/>\n<meta property=\"og:url\" content=\"https:\/\/slams.fr\/blog\/communaute-et-interviews\/atelier-slam-comment-liberer-votre-voix-avec-la-poesie-urbaine-inclusive\/\" \/>\n<meta property=\"og:site_name\" content=\"slams\" \/>\n<meta property=\"og:image\" content=\"https:\/\/slams.fr\/blog\/wp-content\/uploads\/2025\/12\/pag-image-693be95b1ebdc-scaled.png\" \/>\n\t<meta property=\"og:image:width\" content=\"1200\" \/>\n\t<meta property=\"og:image:height\" content=\"686\" \/>\n\t<meta property=\"og:image:type\" content=\"image\/png\" \/>\n<meta name=\"author\" content=\"Rapha\u00ebl D.\" \/>\n<meta name=\"twitter:card\" content=\"summary_large_image\" \/>\n<script type=\"application\/ld+json\" class=\"yoast-schema-graph\">{\"@context\":\"https:\/\/schema.org\",\"@graph\":[{\"@type\":\"NewsArticle\",\"@id\":\"https:\/\/slams.fr\/blog\/communaute-et-interviews\/atelier-slam-comment-liberer-votre-voix-avec-la-poesie-urbaine-inclusive\/#article\",\"isPartOf\":{\"@id\":\"https:\/\/slams.fr\/blog\/communaute-et-interviews\/atelier-slam-comment-liberer-votre-voix-avec-la-poesie-urbaine-inclusive\/\"},\"author\":{\"name\":\"Rapha\u00ebl D.\",\"@id\":\"https:\/\/slams.fr\/blog\/#\/schema\/person\/3c864cdc320801e3db34b663e7e3f816\"},\"headline\":\"Atelier slam : comment lib\u00e9rer votre voix avec la po\u00e9sie urbaine inclusive\",\"datePublished\":\"2026-03-12T08:06:00+00:00\",\"mainEntityOfPage\":{\"@id\":\"https:\/\/slams.fr\/blog\/communaute-et-interviews\/atelier-slam-comment-liberer-votre-voix-avec-la-poesie-urbaine-inclusive\/\"},\"wordCount\":3694,\"commentCount\":0,\"publisher\":{\"@id\":\"https:\/\/slams.fr\/blog\/#organization\"},\"image\":{\"@id\":\"https:\/\/slams.fr\/blog\/communaute-et-interviews\/atelier-slam-comment-liberer-votre-voix-avec-la-poesie-urbaine-inclusive\/#primaryimage\"},\"thumbnailUrl\":\"https:\/\/slams.fr\/blog\/wp-content\/uploads\/2025\/12\/pag-image-693be95b1ebdc-scaled.png\",\"keywords\":[\"posie urbaine\",\"slam atelier\",\"voix inclusive\"],\"articleSection\":[\"Communaut\u00e9 et Interviews\"],\"inLanguage\":\"fr-FR\",\"potentialAction\":[{\"@type\":\"CommentAction\",\"name\":\"Comment\",\"target\":[\"https:\/\/slams.fr\/blog\/communaute-et-interviews\/atelier-slam-comment-liberer-votre-voix-avec-la-poesie-urbaine-inclusive\/#respond\"]}]},{\"@type\":\"WebPage\",\"@id\":\"https:\/\/slams.fr\/blog\/communaute-et-interviews\/atelier-slam-comment-liberer-votre-voix-avec-la-poesie-urbaine-inclusive\/\",\"url\":\"https:\/\/slams.fr\/blog\/communaute-et-interviews\/atelier-slam-comment-liberer-votre-voix-avec-la-poesie-urbaine-inclusive\/\",\"name\":\"Atelier slam : lib\u00e9rer votre voix par la po\u00e9sie urbaine\",\"isPartOf\":{\"@id\":\"https:\/\/slams.fr\/blog\/#website\"},\"primaryImageOfPage\":{\"@id\":\"https:\/\/slams.fr\/blog\/communaute-et-interviews\/atelier-slam-comment-liberer-votre-voix-avec-la-poesie-urbaine-inclusive\/#primaryimage\"},\"image\":{\"@id\":\"https:\/\/slams.fr\/blog\/communaute-et-interviews\/atelier-slam-comment-liberer-votre-voix-avec-la-poesie-urbaine-inclusive\/#primaryimage\"},\"thumbnailUrl\":\"https:\/\/slams.fr\/blog\/wp-content\/uploads\/2025\/12\/pag-image-693be95b1ebdc-scaled.png\",\"datePublished\":\"2026-03-12T08:06:00+00:00\",\"description\":\"Un atelier slam est un espace de pratique de la po\u00e9sie orale perform\u00e9e, sans accompagnement musical, dans un cadre collectif structur\u00e9.\",\"inLanguage\":\"fr-FR\",\"potentialAction\":[{\"@type\":\"ReadAction\",\"target\":[\"https:\/\/slams.fr\/blog\/communaute-et-interviews\/atelier-slam-comment-liberer-votre-voix-avec-la-poesie-urbaine-inclusive\/\"]}]},{\"@type\":\"ImageObject\",\"inLanguage\":\"fr-FR\",\"@id\":\"https:\/\/slams.fr\/blog\/communaute-et-interviews\/atelier-slam-comment-liberer-votre-voix-avec-la-poesie-urbaine-inclusive\/#primaryimage\",\"url\":\"https:\/\/slams.fr\/blog\/wp-content\/uploads\/2025\/12\/pag-image-693be95b1ebdc-scaled.png\",\"contentUrl\":\"https:\/\/slams.fr\/blog\/wp-content\/uploads\/2025\/12\/pag-image-693be95b1ebdc-scaled.png\",\"width\":1200,\"height\":686,\"caption\":\"Image g\u00e9n\u00e9r\u00e9e par IA optimis\u00e9e pour Google Discover\"},{\"@type\":\"WebSite\",\"@id\":\"https:\/\/slams.fr\/blog\/#website\",\"url\":\"https:\/\/slams.fr\/blog\/\",\"name\":\"slams.fr\",\"description\":\"Slams, l&#039;\u00e9nergie des mots en action\",\"publisher\":{\"@id\":\"https:\/\/slams.fr\/blog\/#organization\"},\"alternateName\":\"Slams, l'\u00e9nergie des mots en action\",\"potentialAction\":[{\"@type\":\"SearchAction\",\"target\":{\"@type\":\"EntryPoint\",\"urlTemplate\":\"https:\/\/slams.fr\/blog\/?s={search_term_string}\"},\"query-input\":{\"@type\":\"PropertyValueSpecification\",\"valueRequired\":true,\"valueName\":\"search_term_string\"}}],\"inLanguage\":\"fr-FR\"},{\"@type\":\"Organization\",\"@id\":\"https:\/\/slams.fr\/blog\/#organization\",\"name\":\"Foretsensations.fr\",\"url\":\"https:\/\/slams.fr\/blog\/\",\"logo\":{\"@type\":\"ImageObject\",\"inLanguage\":\"fr-FR\",\"@id\":\"https:\/\/slams.fr\/blog\/#\/schema\/logo\/image\/\",\"url\":\"https:\/\/slams.fr\/blog\/wp-content\/uploads\/2026\/07\/logo-auto-1.png\",\"contentUrl\":\"https:\/\/slams.fr\/blog\/wp-content\/uploads\/2026\/07\/logo-auto-1.png\",\"width\":1024,\"height\":1024,\"caption\":\"Foretsensations.fr\"},\"image\":{\"@id\":\"https:\/\/slams.fr\/blog\/#\/schema\/logo\/image\/\"}},{\"@type\":\"Person\",\"@id\":\"https:\/\/slams.fr\/blog\/#\/schema\/person\/3c864cdc320801e3db34b663e7e3f816\",\"name\":\"Rapha\u00ebl D.\",\"image\":{\"@type\":\"ImageObject\",\"inLanguage\":\"fr-FR\",\"@id\":\"https:\/\/slams.fr\/blog\/#\/schema\/person\/image\/\",\"url\":\"https:\/\/slams.fr\/blog\/wp-content\/uploads\/2026\/06\/persona_raphael-d-96x96.jpg\",\"contentUrl\":\"https:\/\/slams.fr\/blog\/wp-content\/uploads\/2026\/06\/persona_raphael-d-96x96.jpg\",\"caption\":\"Rapha\u00ebl D.\"},\"description\":\"La culture est mon terrain de jeu depuis une dizaine d'ann\u00e9es : arts visuels, s\u00e9ries, cr\u00e9ation et tout ce qui nourrit l'imaginaire. J'\u00e9cris aussi bien sur l'actualit\u00e9 des \u0153uvres que sur les coulisses de la cr\u00e9ation, avec l'envie de relier l'amateur curieux \u00e0 des univers parfois jug\u00e9s intimidants. J'aime analyser une s\u00e9rie ou une d\u00e9marche artistique sans p\u00e9dantisme, replacer une \u0153uvre dans son contexte et donner des cl\u00e9s de lecture accessibles. Avant de publier, je v\u00e9rifie mes r\u00e9f\u00e9rences, je recoupe les sources et je distingue clairement le fait de mon interpr\u00e9tation subjective. Je crois qu'une critique vaut surtout par les arguments qu'elle expose, pas par la sentence qu'elle rend. Mon angle : transmettre l'envie de d\u00e9couvrir, de regarder autrement et de se forger son propre go\u00fbt. La culture n'appartient pas qu'aux initi\u00e9s, et c'est tout l'enjeu de mon \u00e9criture.\",\"url\":\"https:\/\/slams.fr\/blog\/auteur\/raphael-d\/\",\"jobTitle\":\"R\u00e9dacteur en chef \u00b7 Culture & Cr\u00e9ation\",\"knowsAbout\":[\"Culture\",\"Cr\u00e9ation\"],\"email\":\"raphael.d@a-l-asso-de-l-art.fr\"}]}<\/script>\n<!-- \/ Yoast SEO Premium plugin. -->","yoast_head_json":{"title":"Atelier slam : lib\u00e9rer votre voix par la po\u00e9sie urbaine","description":"Un atelier slam est un espace de pratique de la po\u00e9sie orale perform\u00e9e, sans accompagnement musical, dans un cadre collectif structur\u00e9.","robots":{"index":"index","follow":"follow","max-snippet":"max-snippet:-1","max-image-preview":"max-image-preview:large","max-video-preview":"max-video-preview:-1"},"canonical":"https:\/\/slams.fr\/blog\/communaute-et-interviews\/atelier-slam-comment-liberer-votre-voix-avec-la-poesie-urbaine-inclusive\/","og_locale":"fr_FR","og_type":"article","og_title":"Atelier slam : lib\u00e9rer votre voix par la po\u00e9sie urbaine","og_description":"Un atelier slam est un espace de pratique de la po\u00e9sie orale perform\u00e9e, sans accompagnement musical, dans un cadre collectif structur\u00e9.","og_url":"https:\/\/slams.fr\/blog\/communaute-et-interviews\/atelier-slam-comment-liberer-votre-voix-avec-la-poesie-urbaine-inclusive\/","og_site_name":"slams","og_image":[{"width":1200,"height":686,"url":"https:\/\/slams.fr\/blog\/wp-content\/uploads\/2025\/12\/pag-image-693be95b1ebdc-scaled.png","type":"image\/png"}],"author":"Rapha\u00ebl D.","twitter_card":"summary_large_image","schema":{"@context":"https:\/\/schema.org","@graph":[{"@type":"NewsArticle","@id":"https:\/\/slams.fr\/blog\/communaute-et-interviews\/atelier-slam-comment-liberer-votre-voix-avec-la-poesie-urbaine-inclusive\/#article","isPartOf":{"@id":"https:\/\/slams.fr\/blog\/communaute-et-interviews\/atelier-slam-comment-liberer-votre-voix-avec-la-poesie-urbaine-inclusive\/"},"author":{"name":"Rapha\u00ebl D.","@id":"https:\/\/slams.fr\/blog\/#\/schema\/person\/3c864cdc320801e3db34b663e7e3f816"},"headline":"Atelier slam : comment lib\u00e9rer votre voix avec la po\u00e9sie urbaine inclusive","datePublished":"2026-03-12T08:06:00+00:00","mainEntityOfPage":{"@id":"https:\/\/slams.fr\/blog\/communaute-et-interviews\/atelier-slam-comment-liberer-votre-voix-avec-la-poesie-urbaine-inclusive\/"},"wordCount":3694,"commentCount":0,"publisher":{"@id":"https:\/\/slams.fr\/blog\/#organization"},"image":{"@id":"https:\/\/slams.fr\/blog\/communaute-et-interviews\/atelier-slam-comment-liberer-votre-voix-avec-la-poesie-urbaine-inclusive\/#primaryimage"},"thumbnailUrl":"https:\/\/slams.fr\/blog\/wp-content\/uploads\/2025\/12\/pag-image-693be95b1ebdc-scaled.png","keywords":["posie urbaine","slam atelier","voix inclusive"],"articleSection":["Communaut\u00e9 et Interviews"],"inLanguage":"fr-FR","potentialAction":[{"@type":"CommentAction","name":"Comment","target":["https:\/\/slams.fr\/blog\/communaute-et-interviews\/atelier-slam-comment-liberer-votre-voix-avec-la-poesie-urbaine-inclusive\/#respond"]}]},{"@type":"WebPage","@id":"https:\/\/slams.fr\/blog\/communaute-et-interviews\/atelier-slam-comment-liberer-votre-voix-avec-la-poesie-urbaine-inclusive\/","url":"https:\/\/slams.fr\/blog\/communaute-et-interviews\/atelier-slam-comment-liberer-votre-voix-avec-la-poesie-urbaine-inclusive\/","name":"Atelier slam : lib\u00e9rer votre voix par la po\u00e9sie urbaine","isPartOf":{"@id":"https:\/\/slams.fr\/blog\/#website"},"primaryImageOfPage":{"@id":"https:\/\/slams.fr\/blog\/communaute-et-interviews\/atelier-slam-comment-liberer-votre-voix-avec-la-poesie-urbaine-inclusive\/#primaryimage"},"image":{"@id":"https:\/\/slams.fr\/blog\/communaute-et-interviews\/atelier-slam-comment-liberer-votre-voix-avec-la-poesie-urbaine-inclusive\/#primaryimage"},"thumbnailUrl":"https:\/\/slams.fr\/blog\/wp-content\/uploads\/2025\/12\/pag-image-693be95b1ebdc-scaled.png","datePublished":"2026-03-12T08:06:00+00:00","description":"Un atelier slam est un espace de pratique de la po\u00e9sie orale perform\u00e9e, sans accompagnement musical, dans un cadre collectif structur\u00e9.","inLanguage":"fr-FR","potentialAction":[{"@type":"ReadAction","target":["https:\/\/slams.fr\/blog\/communaute-et-interviews\/atelier-slam-comment-liberer-votre-voix-avec-la-poesie-urbaine-inclusive\/"]}]},{"@type":"ImageObject","inLanguage":"fr-FR","@id":"https:\/\/slams.fr\/blog\/communaute-et-interviews\/atelier-slam-comment-liberer-votre-voix-avec-la-poesie-urbaine-inclusive\/#primaryimage","url":"https:\/\/slams.fr\/blog\/wp-content\/uploads\/2025\/12\/pag-image-693be95b1ebdc-scaled.png","contentUrl":"https:\/\/slams.fr\/blog\/wp-content\/uploads\/2025\/12\/pag-image-693be95b1ebdc-scaled.png","width":1200,"height":686,"caption":"Image g\u00e9n\u00e9r\u00e9e par IA optimis\u00e9e pour Google Discover"},{"@type":"WebSite","@id":"https:\/\/slams.fr\/blog\/#website","url":"https:\/\/slams.fr\/blog\/","name":"slams.fr","description":"Slams, l&#039;\u00e9nergie des mots en action","publisher":{"@id":"https:\/\/slams.fr\/blog\/#organization"},"alternateName":"Slams, l'\u00e9nergie des mots en action","potentialAction":[{"@type":"SearchAction","target":{"@type":"EntryPoint","urlTemplate":"https:\/\/slams.fr\/blog\/?s={search_term_string}"},"query-input":{"@type":"PropertyValueSpecification","valueRequired":true,"valueName":"search_term_string"}}],"inLanguage":"fr-FR"},{"@type":"Organization","@id":"https:\/\/slams.fr\/blog\/#organization","name":"Foretsensations.fr","url":"https:\/\/slams.fr\/blog\/","logo":{"@type":"ImageObject","inLanguage":"fr-FR","@id":"https:\/\/slams.fr\/blog\/#\/schema\/logo\/image\/","url":"https:\/\/slams.fr\/blog\/wp-content\/uploads\/2026\/07\/logo-auto-1.png","contentUrl":"https:\/\/slams.fr\/blog\/wp-content\/uploads\/2026\/07\/logo-auto-1.png","width":1024,"height":1024,"caption":"Foretsensations.fr"},"image":{"@id":"https:\/\/slams.fr\/blog\/#\/schema\/logo\/image\/"}},{"@type":"Person","@id":"https:\/\/slams.fr\/blog\/#\/schema\/person\/3c864cdc320801e3db34b663e7e3f816","name":"Rapha\u00ebl D.","image":{"@type":"ImageObject","inLanguage":"fr-FR","@id":"https:\/\/slams.fr\/blog\/#\/schema\/person\/image\/","url":"https:\/\/slams.fr\/blog\/wp-content\/uploads\/2026\/06\/persona_raphael-d-96x96.jpg","contentUrl":"https:\/\/slams.fr\/blog\/wp-content\/uploads\/2026\/06\/persona_raphael-d-96x96.jpg","caption":"Rapha\u00ebl D."},"description":"La culture est mon terrain de jeu depuis une dizaine d'ann\u00e9es : arts visuels, s\u00e9ries, cr\u00e9ation et tout ce qui nourrit l'imaginaire. J'\u00e9cris aussi bien sur l'actualit\u00e9 des \u0153uvres que sur les coulisses de la cr\u00e9ation, avec l'envie de relier l'amateur curieux \u00e0 des univers parfois jug\u00e9s intimidants. J'aime analyser une s\u00e9rie ou une d\u00e9marche artistique sans p\u00e9dantisme, replacer une \u0153uvre dans son contexte et donner des cl\u00e9s de lecture accessibles. Avant de publier, je v\u00e9rifie mes r\u00e9f\u00e9rences, je recoupe les sources et je distingue clairement le fait de mon interpr\u00e9tation subjective. Je crois qu'une critique vaut surtout par les arguments qu'elle expose, pas par la sentence qu'elle rend. Mon angle : transmettre l'envie de d\u00e9couvrir, de regarder autrement et de se forger son propre go\u00fbt. La culture n'appartient pas qu'aux initi\u00e9s, et c'est tout l'enjeu de mon \u00e9criture.","url":"https:\/\/slams.fr\/blog\/auteur\/raphael-d\/","jobTitle":"R\u00e9dacteur en chef \u00b7 Culture & Cr\u00e9ation","knowsAbout":["Culture","Cr\u00e9ation"],"email":"raphael.d@a-l-asso-de-l-art.fr"}]}},"_links":{"self":[{"href":"https:\/\/slams.fr\/blog\/wp-json\/wp\/v2\/posts\/7743","targetHints":{"allow":["GET"]}}],"collection":[{"href":"https:\/\/slams.fr\/blog\/wp-json\/wp\/v2\/posts"}],"about":[{"href":"https:\/\/slams.fr\/blog\/wp-json\/wp\/v2\/types\/post"}],"author":[{"embeddable":true,"href":"https:\/\/slams.fr\/blog\/wp-json\/wp\/v2\/users\/34"}],"replies":[{"embeddable":true,"href":"https:\/\/slams.fr\/blog\/wp-json\/wp\/v2\/comments?post=7743"}],"version-history":[{"count":1,"href":"https:\/\/slams.fr\/blog\/wp-json\/wp\/v2\/posts\/7743\/revisions"}],"predecessor-version":[{"id":7778,"href":"https:\/\/slams.fr\/blog\/wp-json\/wp\/v2\/posts\/7743\/revisions\/7778"}],"wp:featuredmedia":[{"embeddable":true,"href":"https:\/\/slams.fr\/blog\/wp-json\/wp\/v2\/media\/7745"}],"wp:attachment":[{"href":"https:\/\/slams.fr\/blog\/wp-json\/wp\/v2\/media?parent=7743"}],"wp:term":[{"taxonomy":"category","embeddable":true,"href":"https:\/\/slams.fr\/blog\/wp-json\/wp\/v2\/categories?post=7743"},{"taxonomy":"post_tag","embeddable":true,"href":"https:\/\/slams.fr\/blog\/wp-json\/wp\/v2\/tags?post=7743"}],"curies":[{"name":"wp","href":"https:\/\/api.w.org\/{rel}","templated":true}]}}