{"id":7816,"date":"2026-07-17T13:38:21","date_gmt":"2026-07-17T11:38:21","guid":{"rendered":"https:\/\/slams.fr\/blog\/guides-et-conseils\/premier-slam\/comment-commencer-un-slam-les-premieres-phrases-qui-accrochent\/"},"modified":"2026-07-17T13:40:17","modified_gmt":"2026-07-17T11:40:17","slug":"comment-commencer-un-slam-les-premieres-phrases-qui-accrochent","status":"publish","type":"post","link":"https:\/\/slams.fr\/blog\/guides-et-conseils\/premier-slam\/comment-commencer-un-slam-les-premieres-phrases-qui-accrochent\/","title":{"rendered":"Comment commencer un slam ? Les premi\u00e8res phrases qui accrochent"},"content":{"rendered":"<p><strong>Commencez un slam par une phrase courte qui cr\u00e9e une image ou une tension \u2014 une question, une anaphore, un d\u00e9cor plant\u00e9 en cinq mots \u2014 jamais par une explication de ce que vous allez dire.<\/strong> Les dix premi\u00e8res secondes d\u00e9cident si le public \u00e9coute ou d\u00e9croche.<\/p>\n<h2>6 fa\u00e7ons \u00e9prouv\u00e9es d&rsquo;ouvrir un texte<\/h2>\n<table>\n<tr>\n<th>Technique<\/th>\n<th>Exemple d&rsquo;ouverture<\/th>\n<\/tr>\n<tr>\n<td>La question directe<\/td>\n<td>\u00ab Vous avez d\u00e9j\u00e0 rat\u00e9 un train qui partait vers vous-m\u00eame ? \u00bb<\/td>\n<\/tr>\n<tr>\n<td>L&rsquo;anaphore<\/td>\n<td>\u00ab Je viens d&rsquo;une rue\u2026 je viens d&rsquo;un rire\u2026 je viens d&rsquo;un doute\u2026 \u00bb<\/td>\n<\/tr>\n<tr>\n<td>Le d\u00e9cor en cinq mots<\/td>\n<td>\u00ab Cuisine. Dimanche. Caf\u00e9 froid. Silence. \u00bb<\/td>\n<\/tr>\n<tr>\n<td>La confidence<\/td>\n<td>\u00ab Je vais vous dire un truc que je n&rsquo;ai jamais dit tout haut. \u00bb<\/td>\n<\/tr>\n<tr>\n<td>Le paradoxe<\/td>\n<td>\u00ab J&rsquo;ai appris \u00e0 parler le jour o\u00f9 je me suis tu. \u00bb<\/td>\n<\/tr>\n<tr>\n<td>Le d\u00e9tail minuscule<\/td>\n<td>\u00ab Tout a commenc\u00e9 par un lacet d\u00e9fait. \u00bb<\/td>\n<\/tr>\n<\/table>\n<h2>Ce qu&rsquo;il ne faut surtout pas faire<\/h2>\n<p>Trois d\u00e9buts tuent un texte avant la deuxi\u00e8me ligne : l&rsquo;annonce (\u00ab aujourd&rsquo;hui je vais vous parler de\u2026 \u00bb \u2014 le public le verra bien) ; l&rsquo;excuse (\u00ab c&rsquo;est mon premier texte, il est pas terrible\u2026 \u00bb \u2014 vous sabotez votre propre passage) ; et le d\u00e9marrage trop grand (\u00ab depuis la nuit des temps, l&rsquo;humanit\u00e9\u2026 \u00bb \u2014 trop vague pour accrocher). Entrez directement dans la sc\u00e8ne, comme si le public arrivait au milieu d&rsquo;un film d\u00e9j\u00e0 commenc\u00e9.<\/p>\n<h2>Et juste avant la premi\u00e8re phrase ?<\/h2>\n<p>Le d\u00e9but d&rsquo;un slam commence avant les mots. Montez, installez-vous, regardez le public une seconde, respirez \u2014 puis lancez la premi\u00e8re phrase. Ce petit silence d&rsquo;ouverture capte l&rsquo;attention mieux qu&rsquo;un cri. Beaucoup de slameurs annoncent simplement le titre (\u00ab ce texte s&rsquo;appelle Dimanche \u00bb) : c&rsquo;est une fa\u00e7on toute simple de cr\u00e9er une attente et de se caler avant de d\u00e9marrer.<\/p>\n<p>Dernier conseil : \u00e9crivez votre ouverture en dernier. R\u00e9digez d&rsquo;abord le c\u0153ur du texte et la chute ; une fois que vous savez exactement o\u00f9 va le texte, la bonne premi\u00e8re phrase devient \u00e9vidente \u2014 c&rsquo;est souvent une ligne du milieu qui m\u00e9ritait mieux.<\/p>\n<details>\n<summary>Faut-il se pr\u00e9senter avant de slamer ?<\/summary>\n<p>Sur une sc\u00e8ne ouverte, l&rsquo;animateur vous annonce en g\u00e9n\u00e9ral. Dire son pr\u00e9nom et son titre suffit largement \u2014 le texte fait le reste.<\/p>\n<\/details>\n<details>\n<summary>Peut-on commencer un slam par le refrain ?<\/summary>\n<p>Oui, ouvrir par la phrase qui reviendra en refrain est m\u00eame une structure tr\u00e8s efficace : le public la reconna\u00eet \u00e0 chaque retour.<\/p>\n<\/details>\n<details>\n<summary>Combien de temps travailler son ouverture ?<\/summary>\n<p>Autant que la chute. Premi\u00e8re et derni\u00e8re phrases sont les deux lignes que le public retiendra \u2014 elles m\u00e9ritent chacune plusieurs r\u00e9\u00e9critures.<\/p>\n<\/details>\n<h2>\u00c0 lire aussi<\/h2>\n<ul>\n<li><a href=\"https:\/\/slams.fr\/blog\/guides-et-conseils\/premier-slam\/votre-premier-slam-les-12-questions-que-tout-le-monde-se-pose\/\">Votre premier slam : les 12 questions que tout le monde se pose<\/a><\/li>\n<li><a href=\"https:\/\/slams.fr\/blog\/guides-et-conseils\/premier-slam\/est-ce-quun-slam-doit-forcement-rimer\/\">Est-ce qu&rsquo;un slam doit forc\u00e9ment rimer ?<\/a><\/li>\n<li><a href=\"https:\/\/slams.fr\/blog\/guides-et-conseils\/premier-slam\/quel-theme-choisir-pour-un-slam-30-idees-qui-fonctionnent\/\">Quel th\u00e8me choisir pour un slam ? 30 id\u00e9es qui fonctionnent<\/a><\/li>\n<\/ul>\n","protected":false},"excerpt":{"rendered":"","protected":false},"author":34,"featured_media":999999999,"comment_status":"open","ping_status":"open","sticky":false,"template":"","format":"standard","meta":{"_acf_changed":false,"manual_indexmenow":false,"indexmenow_id_project":0,"footnotes":""},"categories":[4799],"tags":[],"class_list":["post-7816","post","type-post","status-publish","format-standard","has-post-thumbnail","hentry","category-premier-slam","generate-columns","tablet-grid-50","mobile-grid-100","grid-parent","grid-25"],"acf":[],"yoast_head":"<!-- This site is optimized with the Yoast SEO Premium plugin v21.3 (Yoast SEO v26.5) - https:\/\/yoast.com\/wordpress\/plugins\/seo\/ -->\n<title>Comment commencer un slam ? Les premi\u00e8res phrases qui accrochent<\/title>\n<meta name=\"description\" content=\"Commencez un slam par une phrase courte qui cr\u00e9e une image ou une tension \u2014 une question, une anaphore, un d\u00e9cor plant\u00e9 en cinq mots \u2014 jamais par une\" \/>\n<meta name=\"robots\" content=\"index, follow, max-snippet:-1, max-image-preview:large, max-video-preview:-1\" \/>\n<link rel=\"canonical\" href=\"https:\/\/slams.fr\/blog\/guides-et-conseils\/premier-slam\/comment-commencer-un-slam-les-premieres-phrases-qui-accrochent\/\" \/>\n<meta property=\"og:locale\" content=\"fr_FR\" \/>\n<meta property=\"og:type\" content=\"article\" \/>\n<meta property=\"og:title\" content=\"Comment commencer un slam ? Les premi\u00e8res phrases qui accrochent\" \/>\n<meta property=\"og:description\" content=\"Commencez un slam par une phrase courte qui cr\u00e9e une image ou une tension \u2014 une question, une anaphore, un d\u00e9cor plant\u00e9 en cinq mots \u2014 jamais par une\" \/>\n<meta property=\"og:url\" content=\"https:\/\/slams.fr\/blog\/guides-et-conseils\/premier-slam\/comment-commencer-un-slam-les-premieres-phrases-qui-accrochent\/\" \/>\n<meta property=\"og:site_name\" content=\"slams\" \/>\n<meta name=\"author\" content=\"Rapha\u00ebl D.\" \/>\n<meta name=\"twitter:card\" content=\"summary_large_image\" \/>\n<script type=\"application\/ld+json\" class=\"yoast-schema-graph\">{\"@context\":\"https:\/\/schema.org\",\"@graph\":[{\"@type\":\"NewsArticle\",\"@id\":\"https:\/\/slams.fr\/blog\/guides-et-conseils\/premier-slam\/comment-commencer-un-slam-les-premieres-phrases-qui-accrochent\/#article\",\"isPartOf\":{\"@id\":\"https:\/\/slams.fr\/blog\/guides-et-conseils\/premier-slam\/comment-commencer-un-slam-les-premieres-phrases-qui-accrochent\/\"},\"author\":{\"name\":\"Rapha\u00ebl D.\",\"@id\":\"https:\/\/slams.fr\/blog\/#\/schema\/person\/3c864cdc320801e3db34b663e7e3f816\"},\"headline\":\"Comment commencer un slam ? Les premi\u00e8res phrases qui accrochent\",\"datePublished\":\"2026-07-17T11:38:21+00:00\",\"dateModified\":\"2026-07-17T11:40:17+00:00\",\"mainEntityOfPage\":{\"@id\":\"https:\/\/slams.fr\/blog\/guides-et-conseils\/premier-slam\/comment-commencer-un-slam-les-premieres-phrases-qui-accrochent\/\"},\"wordCount\":491,\"commentCount\":0,\"publisher\":{\"@id\":\"https:\/\/slams.fr\/blog\/#organization\"},\"image\":{\"@id\":\"https:\/\/slams.fr\/blog\/guides-et-conseils\/premier-slam\/comment-commencer-un-slam-les-premieres-phrases-qui-accrochent\/#primaryimage\"},\"thumbnailUrl\":\"https:\/\/images.pexels.com\/photos\/18999478\/pexels-photo-18999478.jpeg?auto=compress&cs=tinysrgb&fit=crop&h=627&w=1200\",\"articleSection\":[\"Premier slam\"],\"inLanguage\":\"fr-FR\",\"potentialAction\":[{\"@type\":\"CommentAction\",\"name\":\"Comment\",\"target\":[\"https:\/\/slams.fr\/blog\/guides-et-conseils\/premier-slam\/comment-commencer-un-slam-les-premieres-phrases-qui-accrochent\/#respond\"]}]},{\"@type\":\"WebPage\",\"@id\":\"https:\/\/slams.fr\/blog\/guides-et-conseils\/premier-slam\/comment-commencer-un-slam-les-premieres-phrases-qui-accrochent\/\",\"url\":\"https:\/\/slams.fr\/blog\/guides-et-conseils\/premier-slam\/comment-commencer-un-slam-les-premieres-phrases-qui-accrochent\/\",\"name\":\"Comment commencer un slam ? Les premi\u00e8res phrases qui accrochent\",\"isPartOf\":{\"@id\":\"https:\/\/slams.fr\/blog\/#website\"},\"primaryImageOfPage\":{\"@id\":\"https:\/\/slams.fr\/blog\/guides-et-conseils\/premier-slam\/comment-commencer-un-slam-les-premieres-phrases-qui-accrochent\/#primaryimage\"},\"image\":{\"@id\":\"https:\/\/slams.fr\/blog\/guides-et-conseils\/premier-slam\/comment-commencer-un-slam-les-premieres-phrases-qui-accrochent\/#primaryimage\"},\"thumbnailUrl\":\"https:\/\/images.pexels.com\/photos\/18999478\/pexels-photo-18999478.jpeg?auto=compress&cs=tinysrgb&fit=crop&h=627&w=1200\",\"datePublished\":\"2026-07-17T11:38:21+00:00\",\"dateModified\":\"2026-07-17T11:40:17+00:00\",\"description\":\"Commencez un slam par une phrase courte qui cr\u00e9e une image ou une tension \u2014 une question, une anaphore, un d\u00e9cor plant\u00e9 en cinq mots \u2014 jamais par une\",\"inLanguage\":\"fr-FR\",\"potentialAction\":[{\"@type\":\"ReadAction\",\"target\":[\"https:\/\/slams.fr\/blog\/guides-et-conseils\/premier-slam\/comment-commencer-un-slam-les-premieres-phrases-qui-accrochent\/\"]}]},{\"@type\":\"ImageObject\",\"inLanguage\":\"fr-FR\",\"@id\":\"https:\/\/slams.fr\/blog\/guides-et-conseils\/premier-slam\/comment-commencer-un-slam-les-premieres-phrases-qui-accrochent\/#primaryimage\",\"url\":\"https:\/\/images.pexels.com\/photos\/18999478\/pexels-photo-18999478.jpeg?auto=compress&cs=tinysrgb&fit=crop&h=627&w=1200\",\"contentUrl\":\"https:\/\/images.pexels.com\/photos\/18999478\/pexels-photo-18999478.jpeg?auto=compress&cs=tinysrgb&fit=crop&h=627&w=1200\"},{\"@type\":\"WebSite\",\"@id\":\"https:\/\/slams.fr\/blog\/#website\",\"url\":\"https:\/\/slams.fr\/blog\/\",\"name\":\"slams.fr\",\"description\":\"Slams, l&#039;\u00e9nergie des mots en action\",\"publisher\":{\"@id\":\"https:\/\/slams.fr\/blog\/#organization\"},\"alternateName\":\"Slams, l'\u00e9nergie des mots en action\",\"potentialAction\":[{\"@type\":\"SearchAction\",\"target\":{\"@type\":\"EntryPoint\",\"urlTemplate\":\"https:\/\/slams.fr\/blog\/?s={search_term_string}\"},\"query-input\":{\"@type\":\"PropertyValueSpecification\",\"valueRequired\":true,\"valueName\":\"search_term_string\"}}],\"inLanguage\":\"fr-FR\"},{\"@type\":\"Organization\",\"@id\":\"https:\/\/slams.fr\/blog\/#organization\",\"name\":\"Foretsensations.fr\",\"url\":\"https:\/\/slams.fr\/blog\/\",\"logo\":{\"@type\":\"ImageObject\",\"inLanguage\":\"fr-FR\",\"@id\":\"https:\/\/slams.fr\/blog\/#\/schema\/logo\/image\/\",\"url\":\"https:\/\/slams.fr\/blog\/wp-content\/uploads\/2026\/07\/logo-auto-1.png\",\"contentUrl\":\"https:\/\/slams.fr\/blog\/wp-content\/uploads\/2026\/07\/logo-auto-1.png\",\"width\":1024,\"height\":1024,\"caption\":\"Foretsensations.fr\"},\"image\":{\"@id\":\"https:\/\/slams.fr\/blog\/#\/schema\/logo\/image\/\"}},{\"@type\":\"Person\",\"@id\":\"https:\/\/slams.fr\/blog\/#\/schema\/person\/3c864cdc320801e3db34b663e7e3f816\",\"name\":\"Rapha\u00ebl D.\",\"image\":{\"@type\":\"ImageObject\",\"inLanguage\":\"fr-FR\",\"@id\":\"https:\/\/slams.fr\/blog\/#\/schema\/person\/image\/\",\"url\":\"https:\/\/slams.fr\/blog\/wp-content\/uploads\/2026\/06\/persona_raphael-d-96x96.jpg\",\"contentUrl\":\"https:\/\/slams.fr\/blog\/wp-content\/uploads\/2026\/06\/persona_raphael-d-96x96.jpg\",\"caption\":\"Rapha\u00ebl D.\"},\"description\":\"La culture est mon terrain de jeu depuis une dizaine d'ann\u00e9es : arts visuels, s\u00e9ries, cr\u00e9ation et tout ce qui nourrit l'imaginaire. J'\u00e9cris aussi bien sur l'actualit\u00e9 des \u0153uvres que sur les coulisses de la cr\u00e9ation, avec l'envie de relier l'amateur curieux \u00e0 des univers parfois jug\u00e9s intimidants. J'aime analyser une s\u00e9rie ou une d\u00e9marche artistique sans p\u00e9dantisme, replacer une \u0153uvre dans son contexte et donner des cl\u00e9s de lecture accessibles. Avant de publier, je v\u00e9rifie mes r\u00e9f\u00e9rences, je recoupe les sources et je distingue clairement le fait de mon interpr\u00e9tation subjective. Je crois qu'une critique vaut surtout par les arguments qu'elle expose, pas par la sentence qu'elle rend. Mon angle : transmettre l'envie de d\u00e9couvrir, de regarder autrement et de se forger son propre go\u00fbt. La culture n'appartient pas qu'aux initi\u00e9s, et c'est tout l'enjeu de mon \u00e9criture.\",\"url\":\"https:\/\/slams.fr\/blog\/auteur\/raphael-d\/\",\"jobTitle\":\"R\u00e9dacteur en chef \u00b7 Culture & Cr\u00e9ation\",\"knowsAbout\":[\"Culture\",\"Cr\u00e9ation\"],\"email\":\"raphael.d@a-l-asso-de-l-art.fr\"}]}<\/script>\n<!-- \/ Yoast SEO Premium plugin. -->","yoast_head_json":{"title":"Comment commencer un slam ? Les premi\u00e8res phrases qui accrochent","description":"Commencez un slam par une phrase courte qui cr\u00e9e une image ou une tension \u2014 une question, une anaphore, un d\u00e9cor plant\u00e9 en cinq mots \u2014 jamais par une","robots":{"index":"index","follow":"follow","max-snippet":"max-snippet:-1","max-image-preview":"max-image-preview:large","max-video-preview":"max-video-preview:-1"},"canonical":"https:\/\/slams.fr\/blog\/guides-et-conseils\/premier-slam\/comment-commencer-un-slam-les-premieres-phrases-qui-accrochent\/","og_locale":"fr_FR","og_type":"article","og_title":"Comment commencer un slam ? Les premi\u00e8res phrases qui accrochent","og_description":"Commencez un slam par une phrase courte qui cr\u00e9e une image ou une tension \u2014 une question, une anaphore, un d\u00e9cor plant\u00e9 en cinq mots \u2014 jamais par une","og_url":"https:\/\/slams.fr\/blog\/guides-et-conseils\/premier-slam\/comment-commencer-un-slam-les-premieres-phrases-qui-accrochent\/","og_site_name":"slams","author":"Rapha\u00ebl D.","twitter_card":"summary_large_image","schema":{"@context":"https:\/\/schema.org","@graph":[{"@type":"NewsArticle","@id":"https:\/\/slams.fr\/blog\/guides-et-conseils\/premier-slam\/comment-commencer-un-slam-les-premieres-phrases-qui-accrochent\/#article","isPartOf":{"@id":"https:\/\/slams.fr\/blog\/guides-et-conseils\/premier-slam\/comment-commencer-un-slam-les-premieres-phrases-qui-accrochent\/"},"author":{"name":"Rapha\u00ebl D.","@id":"https:\/\/slams.fr\/blog\/#\/schema\/person\/3c864cdc320801e3db34b663e7e3f816"},"headline":"Comment commencer un slam ? Les premi\u00e8res phrases qui accrochent","datePublished":"2026-07-17T11:38:21+00:00","dateModified":"2026-07-17T11:40:17+00:00","mainEntityOfPage":{"@id":"https:\/\/slams.fr\/blog\/guides-et-conseils\/premier-slam\/comment-commencer-un-slam-les-premieres-phrases-qui-accrochent\/"},"wordCount":491,"commentCount":0,"publisher":{"@id":"https:\/\/slams.fr\/blog\/#organization"},"image":{"@id":"https:\/\/slams.fr\/blog\/guides-et-conseils\/premier-slam\/comment-commencer-un-slam-les-premieres-phrases-qui-accrochent\/#primaryimage"},"thumbnailUrl":"https:\/\/images.pexels.com\/photos\/18999478\/pexels-photo-18999478.jpeg?auto=compress&cs=tinysrgb&fit=crop&h=627&w=1200","articleSection":["Premier slam"],"inLanguage":"fr-FR","potentialAction":[{"@type":"CommentAction","name":"Comment","target":["https:\/\/slams.fr\/blog\/guides-et-conseils\/premier-slam\/comment-commencer-un-slam-les-premieres-phrases-qui-accrochent\/#respond"]}]},{"@type":"WebPage","@id":"https:\/\/slams.fr\/blog\/guides-et-conseils\/premier-slam\/comment-commencer-un-slam-les-premieres-phrases-qui-accrochent\/","url":"https:\/\/slams.fr\/blog\/guides-et-conseils\/premier-slam\/comment-commencer-un-slam-les-premieres-phrases-qui-accrochent\/","name":"Comment commencer un slam ? Les premi\u00e8res phrases qui accrochent","isPartOf":{"@id":"https:\/\/slams.fr\/blog\/#website"},"primaryImageOfPage":{"@id":"https:\/\/slams.fr\/blog\/guides-et-conseils\/premier-slam\/comment-commencer-un-slam-les-premieres-phrases-qui-accrochent\/#primaryimage"},"image":{"@id":"https:\/\/slams.fr\/blog\/guides-et-conseils\/premier-slam\/comment-commencer-un-slam-les-premieres-phrases-qui-accrochent\/#primaryimage"},"thumbnailUrl":"https:\/\/images.pexels.com\/photos\/18999478\/pexels-photo-18999478.jpeg?auto=compress&cs=tinysrgb&fit=crop&h=627&w=1200","datePublished":"2026-07-17T11:38:21+00:00","dateModified":"2026-07-17T11:40:17+00:00","description":"Commencez un slam par une phrase courte qui cr\u00e9e une image ou une tension \u2014 une question, une anaphore, un d\u00e9cor plant\u00e9 en cinq mots \u2014 jamais par une","inLanguage":"fr-FR","potentialAction":[{"@type":"ReadAction","target":["https:\/\/slams.fr\/blog\/guides-et-conseils\/premier-slam\/comment-commencer-un-slam-les-premieres-phrases-qui-accrochent\/"]}]},{"@type":"ImageObject","inLanguage":"fr-FR","@id":"https:\/\/slams.fr\/blog\/guides-et-conseils\/premier-slam\/comment-commencer-un-slam-les-premieres-phrases-qui-accrochent\/#primaryimage","url":"https:\/\/images.pexels.com\/photos\/18999478\/pexels-photo-18999478.jpeg?auto=compress&cs=tinysrgb&fit=crop&h=627&w=1200","contentUrl":"https:\/\/images.pexels.com\/photos\/18999478\/pexels-photo-18999478.jpeg?auto=compress&cs=tinysrgb&fit=crop&h=627&w=1200"},{"@type":"WebSite","@id":"https:\/\/slams.fr\/blog\/#website","url":"https:\/\/slams.fr\/blog\/","name":"slams.fr","description":"Slams, l&#039;\u00e9nergie des mots en action","publisher":{"@id":"https:\/\/slams.fr\/blog\/#organization"},"alternateName":"Slams, l'\u00e9nergie des mots en action","potentialAction":[{"@type":"SearchAction","target":{"@type":"EntryPoint","urlTemplate":"https:\/\/slams.fr\/blog\/?s={search_term_string}"},"query-input":{"@type":"PropertyValueSpecification","valueRequired":true,"valueName":"search_term_string"}}],"inLanguage":"fr-FR"},{"@type":"Organization","@id":"https:\/\/slams.fr\/blog\/#organization","name":"Foretsensations.fr","url":"https:\/\/slams.fr\/blog\/","logo":{"@type":"ImageObject","inLanguage":"fr-FR","@id":"https:\/\/slams.fr\/blog\/#\/schema\/logo\/image\/","url":"https:\/\/slams.fr\/blog\/wp-content\/uploads\/2026\/07\/logo-auto-1.png","contentUrl":"https:\/\/slams.fr\/blog\/wp-content\/uploads\/2026\/07\/logo-auto-1.png","width":1024,"height":1024,"caption":"Foretsensations.fr"},"image":{"@id":"https:\/\/slams.fr\/blog\/#\/schema\/logo\/image\/"}},{"@type":"Person","@id":"https:\/\/slams.fr\/blog\/#\/schema\/person\/3c864cdc320801e3db34b663e7e3f816","name":"Rapha\u00ebl D.","image":{"@type":"ImageObject","inLanguage":"fr-FR","@id":"https:\/\/slams.fr\/blog\/#\/schema\/person\/image\/","url":"https:\/\/slams.fr\/blog\/wp-content\/uploads\/2026\/06\/persona_raphael-d-96x96.jpg","contentUrl":"https:\/\/slams.fr\/blog\/wp-content\/uploads\/2026\/06\/persona_raphael-d-96x96.jpg","caption":"Rapha\u00ebl D."},"description":"La culture est mon terrain de jeu depuis une dizaine d'ann\u00e9es : arts visuels, s\u00e9ries, cr\u00e9ation et tout ce qui nourrit l'imaginaire. J'\u00e9cris aussi bien sur l'actualit\u00e9 des \u0153uvres que sur les coulisses de la cr\u00e9ation, avec l'envie de relier l'amateur curieux \u00e0 des univers parfois jug\u00e9s intimidants. J'aime analyser une s\u00e9rie ou une d\u00e9marche artistique sans p\u00e9dantisme, replacer une \u0153uvre dans son contexte et donner des cl\u00e9s de lecture accessibles. Avant de publier, je v\u00e9rifie mes r\u00e9f\u00e9rences, je recoupe les sources et je distingue clairement le fait de mon interpr\u00e9tation subjective. Je crois qu'une critique vaut surtout par les arguments qu'elle expose, pas par la sentence qu'elle rend. Mon angle : transmettre l'envie de d\u00e9couvrir, de regarder autrement et de se forger son propre go\u00fbt. La culture n'appartient pas qu'aux initi\u00e9s, et c'est tout l'enjeu de mon \u00e9criture.","url":"https:\/\/slams.fr\/blog\/auteur\/raphael-d\/","jobTitle":"R\u00e9dacteur en chef \u00b7 Culture & Cr\u00e9ation","knowsAbout":["Culture","Cr\u00e9ation"],"email":"raphael.d@a-l-asso-de-l-art.fr"}]}},"_links":{"self":[{"href":"https:\/\/slams.fr\/blog\/wp-json\/wp\/v2\/posts\/7816","targetHints":{"allow":["GET"]}}],"collection":[{"href":"https:\/\/slams.fr\/blog\/wp-json\/wp\/v2\/posts"}],"about":[{"href":"https:\/\/slams.fr\/blog\/wp-json\/wp\/v2\/types\/post"}],"author":[{"embeddable":true,"href":"https:\/\/slams.fr\/blog\/wp-json\/wp\/v2\/users\/34"}],"replies":[{"embeddable":true,"href":"https:\/\/slams.fr\/blog\/wp-json\/wp\/v2\/comments?post=7816"}],"version-history":[{"count":1,"href":"https:\/\/slams.fr\/blog\/wp-json\/wp\/v2\/posts\/7816\/revisions"}],"predecessor-version":[{"id":7829,"href":"https:\/\/slams.fr\/blog\/wp-json\/wp\/v2\/posts\/7816\/revisions\/7829"}],"wp:attachment":[{"href":"https:\/\/slams.fr\/blog\/wp-json\/wp\/v2\/media?parent=7816"}],"wp:term":[{"taxonomy":"category","embeddable":true,"href":"https:\/\/slams.fr\/blog\/wp-json\/wp\/v2\/categories?post=7816"},{"taxonomy":"post_tag","embeddable":true,"href":"https:\/\/slams.fr\/blog\/wp-json\/wp\/v2\/tags?post=7816"}],"curies":[{"name":"wp","href":"https:\/\/api.w.org\/{rel}","templated":true}]}}