{"id":7817,"date":"2026-07-17T13:38:26","date_gmt":"2026-07-17T11:38:26","guid":{"rendered":"https:\/\/slams.fr\/blog\/guides-et-conseils\/premier-slam\/le-slam-ca-se-chante-avec-ou-sans-musique\/"},"modified":"2026-07-17T13:40:19","modified_gmt":"2026-07-17T11:40:19","slug":"le-slam-ca-se-chante-avec-ou-sans-musique","status":"publish","type":"post","link":"https:\/\/slams.fr\/blog\/guides-et-conseils\/premier-slam\/le-slam-ca-se-chante-avec-ou-sans-musique\/","title":{"rendered":"Le slam, \u00e7a se chante ? Avec ou sans musique ?"},"content":{"rendered":"<p><strong>Sur sc\u00e8ne et en tournoi, le slam se dit a cappella : pas de musique, pas d&rsquo;instrument, pas de costume ni d&rsquo;accessoire \u2014 la musique n&rsquo;appara\u00eet que sur les albums et dans certains ateliers.<\/strong> C&rsquo;est la diff\u00e9rence la plus concr\u00e8te entre le slam de sc\u00e8ne et le \u00ab slam \u00bb qu&rsquo;on entend \u00e0 la radio.<\/p>\n<h2>La r\u00e8gle des sc\u00e8nes et des tournois<\/h2>\n<p>Le format fondateur du slam, n\u00e9 dans les clubs de Chicago dans les ann\u00e9es 1980 et repris par les sc\u00e8nes fran\u00e7aises, tient en quelques principes : un texte \u00e9crit par celui qui le dit, interpr\u00e9t\u00e9 seul, sans accompagnement musical, sans accessoire, en moins de 3 minutes. La voix nue est un choix d\u00e9lib\u00e9r\u00e9 : tout le monde concourt \u00e0 armes \u00e9gales, et rien ne vient masquer le texte. On ne chante pas non plus : on peut rythmer, scander, murmurer, acc\u00e9l\u00e9rer \u2014 mais le slam reste de la parole, pas du chant.<\/p>\n<h2>Alors pourquoi Grand Corps Malade a de la musique ?<\/h2>\n<p>Parce qu&rsquo;un album n&rsquo;est pas une sc\u00e8ne. Quand un slameur enregistre un disque, il ajoute souvent des instrumentations \u2014 piano, cordes, beats \u2014 pour accompagner l&rsquo;\u00e9coute. Grand Corps Malade, Ga\u00ebl Faye ou Abd al Malik font du slam mis en musique sur leurs albums, et reviennent \u00e0 la voix nue lors de lectures ou de sc\u00e8nes. Les deux formes coexistent sans se contredire : la sc\u00e8ne slam est a cappella, le disque est libre.<\/p>\n<h2>R\u00e9capitulatif selon le contexte<\/h2>\n<table>\n<tr>\n<th>Contexte<\/th>\n<th>Musique ?<\/th>\n<th>Chant ?<\/th>\n<\/tr>\n<tr>\n<td>Tournoi de slam<\/td>\n<td>Non (r\u00e8gle stricte)<\/td>\n<td>Non, parole scand\u00e9e<\/td>\n<\/tr>\n<tr>\n<td>Sc\u00e8ne ouverte<\/td>\n<td>Non, a cappella<\/td>\n<td>Non<\/td>\n<\/tr>\n<tr>\n<td>Album \/ studio<\/td>\n<td>Souvent oui<\/td>\n<td>Refrains parfois chant\u00e9s<\/td>\n<\/tr>\n<tr>\n<td>Atelier scolaire<\/td>\n<td>Au choix du professeur<\/td>\n<td>Rarement<\/td>\n<\/tr>\n<tr>\n<td>Mariage, f\u00eate<\/td>\n<td>Libre (fond musical discret possible)<\/td>\n<td>Libre<\/td>\n<\/tr>\n<\/table>\n<p>Pour un devoir de coll\u00e8ge, le plus courant est la voix seule ; certains professeurs autorisent un fond instrumental discret. Si vous en utilisez un, choisissez une boucle simple sans paroles et v\u00e9rifiez que votre voix reste toujours au-dessus.<\/p>\n<details>\n<summary>Le slam est-il un style de musique ?<\/summary>\n<p>Non : c&rsquo;est un art de la parole et un format de sc\u00e8ne. Quand il est enregistr\u00e9 avec des instruments, on parle de slam mis en musique, mais la base reste le texte dit.<\/p>\n<\/details>\n<details>\n<summary>Peut-on slamer sur un beat de rap ?<\/summary>\n<p>En dehors des tournois, oui \u2014 beaucoup d&rsquo;ateliers le proposent. La diff\u00e9rence avec le rap tient alors au phras\u00e9 : le slam ne cale pas chaque syllabe sur le tempo.<\/p>\n<\/details>\n<details>\n<summary>A-t-on le droit \u00e0 un micro ?<\/summary>\n<p>Oui, le micro n&rsquo;est pas un accessoire au sens du r\u00e8glement : c&rsquo;est de la sonorisation. La r\u00e8gle vise les objets, d\u00e9cors et costumes.<\/p>\n<\/details>\n<h2>\u00c0 lire aussi<\/h2>\n<ul>\n<li><a href=\"https:\/\/slams.fr\/blog\/guides-et-conseils\/premier-slam\/votre-premier-slam-les-12-questions-que-tout-le-monde-se-pose\/\">Votre premier slam : les 12 questions que tout le monde se pose<\/a><\/li>\n<li><a href=\"https:\/\/slams.fr\/blog\/guides-et-conseils\/premier-slam\/comment-se-passe-une-scene-ouverte-de-slam\/\">Comment se passe une sc\u00e8ne ouverte de slam ?<\/a><\/li>\n<li><a href=\"https:\/\/slams.fr\/blog\/guides-et-conseils\/premier-slam\/pourquoi-grand-corps-malade-sappelle-t-il-comme-ca\/\">Pourquoi Grand Corps Malade s&rsquo;appelle-t-il comme \u00e7a ?<\/a><\/li>\n<\/ul>\n","protected":false},"excerpt":{"rendered":"","protected":false},"author":34,"featured_media":999999999,"comment_status":"open","ping_status":"open","sticky":false,"template":"","format":"standard","meta":{"_acf_changed":false,"manual_indexmenow":false,"indexmenow_id_project":0,"footnotes":""},"categories":[4799],"tags":[],"class_list":["post-7817","post","type-post","status-publish","format-standard","has-post-thumbnail","hentry","category-premier-slam","generate-columns","tablet-grid-50","mobile-grid-100","grid-parent","grid-25"],"acf":[],"yoast_head":"<!-- This site is optimized with the Yoast SEO Premium plugin v21.3 (Yoast SEO v26.5) - https:\/\/yoast.com\/wordpress\/plugins\/seo\/ -->\n<title>Le slam, \u00e7a se chante ? Avec ou sans musique ?<\/title>\n<meta name=\"description\" content=\"Sur sc\u00e8ne et en tournoi, le slam se dit a cappella : pas de musique, pas d&#039;instrument, pas de costume ni d&#039;accessoire \u2014 la musique n&#039;appara\u00eet que sur les\" \/>\n<meta name=\"robots\" content=\"index, follow, max-snippet:-1, max-image-preview:large, max-video-preview:-1\" \/>\n<link rel=\"canonical\" href=\"https:\/\/slams.fr\/blog\/guides-et-conseils\/premier-slam\/le-slam-ca-se-chante-avec-ou-sans-musique\/\" \/>\n<meta property=\"og:locale\" content=\"fr_FR\" \/>\n<meta property=\"og:type\" content=\"article\" \/>\n<meta property=\"og:title\" content=\"Le slam, \u00e7a se chante ? Avec ou sans musique ?\" \/>\n<meta property=\"og:description\" content=\"Sur sc\u00e8ne et en tournoi, le slam se dit a cappella : pas de musique, pas d&#039;instrument, pas de costume ni d&#039;accessoire \u2014 la musique n&#039;appara\u00eet que sur les\" \/>\n<meta property=\"og:url\" content=\"https:\/\/slams.fr\/blog\/guides-et-conseils\/premier-slam\/le-slam-ca-se-chante-avec-ou-sans-musique\/\" \/>\n<meta property=\"og:site_name\" content=\"slams\" \/>\n<meta name=\"author\" content=\"Rapha\u00ebl D.\" \/>\n<meta name=\"twitter:card\" content=\"summary_large_image\" \/>\n<script type=\"application\/ld+json\" class=\"yoast-schema-graph\">{\"@context\":\"https:\/\/schema.org\",\"@graph\":[{\"@type\":\"NewsArticle\",\"@id\":\"https:\/\/slams.fr\/blog\/guides-et-conseils\/premier-slam\/le-slam-ca-se-chante-avec-ou-sans-musique\/#article\",\"isPartOf\":{\"@id\":\"https:\/\/slams.fr\/blog\/guides-et-conseils\/premier-slam\/le-slam-ca-se-chante-avec-ou-sans-musique\/\"},\"author\":{\"name\":\"Rapha\u00ebl D.\",\"@id\":\"https:\/\/slams.fr\/blog\/#\/schema\/person\/3c864cdc320801e3db34b663e7e3f816\"},\"headline\":\"Le slam, \u00e7a se chante ? Avec ou sans musique ?\",\"datePublished\":\"2026-07-17T11:38:26+00:00\",\"dateModified\":\"2026-07-17T11:40:19+00:00\",\"mainEntityOfPage\":{\"@id\":\"https:\/\/slams.fr\/blog\/guides-et-conseils\/premier-slam\/le-slam-ca-se-chante-avec-ou-sans-musique\/\"},\"wordCount\":489,\"commentCount\":0,\"publisher\":{\"@id\":\"https:\/\/slams.fr\/blog\/#organization\"},\"image\":{\"@id\":\"https:\/\/slams.fr\/blog\/guides-et-conseils\/premier-slam\/le-slam-ca-se-chante-avec-ou-sans-musique\/#primaryimage\"},\"thumbnailUrl\":\"https:\/\/images.pexels.com\/photos\/9009502\/pexels-photo-9009502.jpeg?auto=compress&cs=tinysrgb&fit=crop&h=627&w=1200\",\"articleSection\":[\"Premier slam\"],\"inLanguage\":\"fr-FR\",\"potentialAction\":[{\"@type\":\"CommentAction\",\"name\":\"Comment\",\"target\":[\"https:\/\/slams.fr\/blog\/guides-et-conseils\/premier-slam\/le-slam-ca-se-chante-avec-ou-sans-musique\/#respond\"]}]},{\"@type\":\"WebPage\",\"@id\":\"https:\/\/slams.fr\/blog\/guides-et-conseils\/premier-slam\/le-slam-ca-se-chante-avec-ou-sans-musique\/\",\"url\":\"https:\/\/slams.fr\/blog\/guides-et-conseils\/premier-slam\/le-slam-ca-se-chante-avec-ou-sans-musique\/\",\"name\":\"Le slam, \u00e7a se chante ? Avec ou sans musique ?\",\"isPartOf\":{\"@id\":\"https:\/\/slams.fr\/blog\/#website\"},\"primaryImageOfPage\":{\"@id\":\"https:\/\/slams.fr\/blog\/guides-et-conseils\/premier-slam\/le-slam-ca-se-chante-avec-ou-sans-musique\/#primaryimage\"},\"image\":{\"@id\":\"https:\/\/slams.fr\/blog\/guides-et-conseils\/premier-slam\/le-slam-ca-se-chante-avec-ou-sans-musique\/#primaryimage\"},\"thumbnailUrl\":\"https:\/\/images.pexels.com\/photos\/9009502\/pexels-photo-9009502.jpeg?auto=compress&cs=tinysrgb&fit=crop&h=627&w=1200\",\"datePublished\":\"2026-07-17T11:38:26+00:00\",\"dateModified\":\"2026-07-17T11:40:19+00:00\",\"description\":\"Sur sc\u00e8ne et en tournoi, le slam se dit a cappella : pas de musique, pas d'instrument, pas de costume ni d'accessoire \u2014 la musique n'appara\u00eet que sur les\",\"inLanguage\":\"fr-FR\",\"potentialAction\":[{\"@type\":\"ReadAction\",\"target\":[\"https:\/\/slams.fr\/blog\/guides-et-conseils\/premier-slam\/le-slam-ca-se-chante-avec-ou-sans-musique\/\"]}]},{\"@type\":\"ImageObject\",\"inLanguage\":\"fr-FR\",\"@id\":\"https:\/\/slams.fr\/blog\/guides-et-conseils\/premier-slam\/le-slam-ca-se-chante-avec-ou-sans-musique\/#primaryimage\",\"url\":\"https:\/\/images.pexels.com\/photos\/9009502\/pexels-photo-9009502.jpeg?auto=compress&cs=tinysrgb&fit=crop&h=627&w=1200\",\"contentUrl\":\"https:\/\/images.pexels.com\/photos\/9009502\/pexels-photo-9009502.jpeg?auto=compress&cs=tinysrgb&fit=crop&h=627&w=1200\"},{\"@type\":\"WebSite\",\"@id\":\"https:\/\/slams.fr\/blog\/#website\",\"url\":\"https:\/\/slams.fr\/blog\/\",\"name\":\"slams.fr\",\"description\":\"Slams, l&#039;\u00e9nergie des mots en action\",\"publisher\":{\"@id\":\"https:\/\/slams.fr\/blog\/#organization\"},\"alternateName\":\"Slams, l'\u00e9nergie des mots en action\",\"potentialAction\":[{\"@type\":\"SearchAction\",\"target\":{\"@type\":\"EntryPoint\",\"urlTemplate\":\"https:\/\/slams.fr\/blog\/?s={search_term_string}\"},\"query-input\":{\"@type\":\"PropertyValueSpecification\",\"valueRequired\":true,\"valueName\":\"search_term_string\"}}],\"inLanguage\":\"fr-FR\"},{\"@type\":\"Organization\",\"@id\":\"https:\/\/slams.fr\/blog\/#organization\",\"name\":\"Foretsensations.fr\",\"url\":\"https:\/\/slams.fr\/blog\/\",\"logo\":{\"@type\":\"ImageObject\",\"inLanguage\":\"fr-FR\",\"@id\":\"https:\/\/slams.fr\/blog\/#\/schema\/logo\/image\/\",\"url\":\"https:\/\/slams.fr\/blog\/wp-content\/uploads\/2026\/07\/logo-auto-1.png\",\"contentUrl\":\"https:\/\/slams.fr\/blog\/wp-content\/uploads\/2026\/07\/logo-auto-1.png\",\"width\":1024,\"height\":1024,\"caption\":\"Foretsensations.fr\"},\"image\":{\"@id\":\"https:\/\/slams.fr\/blog\/#\/schema\/logo\/image\/\"}},{\"@type\":\"Person\",\"@id\":\"https:\/\/slams.fr\/blog\/#\/schema\/person\/3c864cdc320801e3db34b663e7e3f816\",\"name\":\"Rapha\u00ebl D.\",\"image\":{\"@type\":\"ImageObject\",\"inLanguage\":\"fr-FR\",\"@id\":\"https:\/\/slams.fr\/blog\/#\/schema\/person\/image\/\",\"url\":\"https:\/\/slams.fr\/blog\/wp-content\/uploads\/2026\/06\/persona_raphael-d-96x96.jpg\",\"contentUrl\":\"https:\/\/slams.fr\/blog\/wp-content\/uploads\/2026\/06\/persona_raphael-d-96x96.jpg\",\"caption\":\"Rapha\u00ebl D.\"},\"description\":\"La culture est mon terrain de jeu depuis une dizaine d'ann\u00e9es : arts visuels, s\u00e9ries, cr\u00e9ation et tout ce qui nourrit l'imaginaire. J'\u00e9cris aussi bien sur l'actualit\u00e9 des \u0153uvres que sur les coulisses de la cr\u00e9ation, avec l'envie de relier l'amateur curieux \u00e0 des univers parfois jug\u00e9s intimidants. J'aime analyser une s\u00e9rie ou une d\u00e9marche artistique sans p\u00e9dantisme, replacer une \u0153uvre dans son contexte et donner des cl\u00e9s de lecture accessibles. Avant de publier, je v\u00e9rifie mes r\u00e9f\u00e9rences, je recoupe les sources et je distingue clairement le fait de mon interpr\u00e9tation subjective. Je crois qu'une critique vaut surtout par les arguments qu'elle expose, pas par la sentence qu'elle rend. Mon angle : transmettre l'envie de d\u00e9couvrir, de regarder autrement et de se forger son propre go\u00fbt. La culture n'appartient pas qu'aux initi\u00e9s, et c'est tout l'enjeu de mon \u00e9criture.\",\"url\":\"https:\/\/slams.fr\/blog\/auteur\/raphael-d\/\",\"jobTitle\":\"R\u00e9dacteur en chef \u00b7 Culture & Cr\u00e9ation\",\"knowsAbout\":[\"Culture\",\"Cr\u00e9ation\"],\"email\":\"raphael.d@a-l-asso-de-l-art.fr\"}]}<\/script>\n<!-- \/ Yoast SEO Premium plugin. -->","yoast_head_json":{"title":"Le slam, \u00e7a se chante ? Avec ou sans musique ?","description":"Sur sc\u00e8ne et en tournoi, le slam se dit a cappella : pas de musique, pas d'instrument, pas de costume ni d'accessoire \u2014 la musique n'appara\u00eet que sur les","robots":{"index":"index","follow":"follow","max-snippet":"max-snippet:-1","max-image-preview":"max-image-preview:large","max-video-preview":"max-video-preview:-1"},"canonical":"https:\/\/slams.fr\/blog\/guides-et-conseils\/premier-slam\/le-slam-ca-se-chante-avec-ou-sans-musique\/","og_locale":"fr_FR","og_type":"article","og_title":"Le slam, \u00e7a se chante ? Avec ou sans musique ?","og_description":"Sur sc\u00e8ne et en tournoi, le slam se dit a cappella : pas de musique, pas d'instrument, pas de costume ni d'accessoire \u2014 la musique n'appara\u00eet que sur les","og_url":"https:\/\/slams.fr\/blog\/guides-et-conseils\/premier-slam\/le-slam-ca-se-chante-avec-ou-sans-musique\/","og_site_name":"slams","author":"Rapha\u00ebl D.","twitter_card":"summary_large_image","schema":{"@context":"https:\/\/schema.org","@graph":[{"@type":"NewsArticle","@id":"https:\/\/slams.fr\/blog\/guides-et-conseils\/premier-slam\/le-slam-ca-se-chante-avec-ou-sans-musique\/#article","isPartOf":{"@id":"https:\/\/slams.fr\/blog\/guides-et-conseils\/premier-slam\/le-slam-ca-se-chante-avec-ou-sans-musique\/"},"author":{"name":"Rapha\u00ebl D.","@id":"https:\/\/slams.fr\/blog\/#\/schema\/person\/3c864cdc320801e3db34b663e7e3f816"},"headline":"Le slam, \u00e7a se chante ? Avec ou sans musique ?","datePublished":"2026-07-17T11:38:26+00:00","dateModified":"2026-07-17T11:40:19+00:00","mainEntityOfPage":{"@id":"https:\/\/slams.fr\/blog\/guides-et-conseils\/premier-slam\/le-slam-ca-se-chante-avec-ou-sans-musique\/"},"wordCount":489,"commentCount":0,"publisher":{"@id":"https:\/\/slams.fr\/blog\/#organization"},"image":{"@id":"https:\/\/slams.fr\/blog\/guides-et-conseils\/premier-slam\/le-slam-ca-se-chante-avec-ou-sans-musique\/#primaryimage"},"thumbnailUrl":"https:\/\/images.pexels.com\/photos\/9009502\/pexels-photo-9009502.jpeg?auto=compress&cs=tinysrgb&fit=crop&h=627&w=1200","articleSection":["Premier slam"],"inLanguage":"fr-FR","potentialAction":[{"@type":"CommentAction","name":"Comment","target":["https:\/\/slams.fr\/blog\/guides-et-conseils\/premier-slam\/le-slam-ca-se-chante-avec-ou-sans-musique\/#respond"]}]},{"@type":"WebPage","@id":"https:\/\/slams.fr\/blog\/guides-et-conseils\/premier-slam\/le-slam-ca-se-chante-avec-ou-sans-musique\/","url":"https:\/\/slams.fr\/blog\/guides-et-conseils\/premier-slam\/le-slam-ca-se-chante-avec-ou-sans-musique\/","name":"Le slam, \u00e7a se chante ? Avec ou sans musique ?","isPartOf":{"@id":"https:\/\/slams.fr\/blog\/#website"},"primaryImageOfPage":{"@id":"https:\/\/slams.fr\/blog\/guides-et-conseils\/premier-slam\/le-slam-ca-se-chante-avec-ou-sans-musique\/#primaryimage"},"image":{"@id":"https:\/\/slams.fr\/blog\/guides-et-conseils\/premier-slam\/le-slam-ca-se-chante-avec-ou-sans-musique\/#primaryimage"},"thumbnailUrl":"https:\/\/images.pexels.com\/photos\/9009502\/pexels-photo-9009502.jpeg?auto=compress&cs=tinysrgb&fit=crop&h=627&w=1200","datePublished":"2026-07-17T11:38:26+00:00","dateModified":"2026-07-17T11:40:19+00:00","description":"Sur sc\u00e8ne et en tournoi, le slam se dit a cappella : pas de musique, pas d'instrument, pas de costume ni d'accessoire \u2014 la musique n'appara\u00eet que sur les","inLanguage":"fr-FR","potentialAction":[{"@type":"ReadAction","target":["https:\/\/slams.fr\/blog\/guides-et-conseils\/premier-slam\/le-slam-ca-se-chante-avec-ou-sans-musique\/"]}]},{"@type":"ImageObject","inLanguage":"fr-FR","@id":"https:\/\/slams.fr\/blog\/guides-et-conseils\/premier-slam\/le-slam-ca-se-chante-avec-ou-sans-musique\/#primaryimage","url":"https:\/\/images.pexels.com\/photos\/9009502\/pexels-photo-9009502.jpeg?auto=compress&cs=tinysrgb&fit=crop&h=627&w=1200","contentUrl":"https:\/\/images.pexels.com\/photos\/9009502\/pexels-photo-9009502.jpeg?auto=compress&cs=tinysrgb&fit=crop&h=627&w=1200"},{"@type":"WebSite","@id":"https:\/\/slams.fr\/blog\/#website","url":"https:\/\/slams.fr\/blog\/","name":"slams.fr","description":"Slams, l&#039;\u00e9nergie des mots en action","publisher":{"@id":"https:\/\/slams.fr\/blog\/#organization"},"alternateName":"Slams, l'\u00e9nergie des mots en action","potentialAction":[{"@type":"SearchAction","target":{"@type":"EntryPoint","urlTemplate":"https:\/\/slams.fr\/blog\/?s={search_term_string}"},"query-input":{"@type":"PropertyValueSpecification","valueRequired":true,"valueName":"search_term_string"}}],"inLanguage":"fr-FR"},{"@type":"Organization","@id":"https:\/\/slams.fr\/blog\/#organization","name":"Foretsensations.fr","url":"https:\/\/slams.fr\/blog\/","logo":{"@type":"ImageObject","inLanguage":"fr-FR","@id":"https:\/\/slams.fr\/blog\/#\/schema\/logo\/image\/","url":"https:\/\/slams.fr\/blog\/wp-content\/uploads\/2026\/07\/logo-auto-1.png","contentUrl":"https:\/\/slams.fr\/blog\/wp-content\/uploads\/2026\/07\/logo-auto-1.png","width":1024,"height":1024,"caption":"Foretsensations.fr"},"image":{"@id":"https:\/\/slams.fr\/blog\/#\/schema\/logo\/image\/"}},{"@type":"Person","@id":"https:\/\/slams.fr\/blog\/#\/schema\/person\/3c864cdc320801e3db34b663e7e3f816","name":"Rapha\u00ebl D.","image":{"@type":"ImageObject","inLanguage":"fr-FR","@id":"https:\/\/slams.fr\/blog\/#\/schema\/person\/image\/","url":"https:\/\/slams.fr\/blog\/wp-content\/uploads\/2026\/06\/persona_raphael-d-96x96.jpg","contentUrl":"https:\/\/slams.fr\/blog\/wp-content\/uploads\/2026\/06\/persona_raphael-d-96x96.jpg","caption":"Rapha\u00ebl D."},"description":"La culture est mon terrain de jeu depuis une dizaine d'ann\u00e9es : arts visuels, s\u00e9ries, cr\u00e9ation et tout ce qui nourrit l'imaginaire. J'\u00e9cris aussi bien sur l'actualit\u00e9 des \u0153uvres que sur les coulisses de la cr\u00e9ation, avec l'envie de relier l'amateur curieux \u00e0 des univers parfois jug\u00e9s intimidants. J'aime analyser une s\u00e9rie ou une d\u00e9marche artistique sans p\u00e9dantisme, replacer une \u0153uvre dans son contexte et donner des cl\u00e9s de lecture accessibles. Avant de publier, je v\u00e9rifie mes r\u00e9f\u00e9rences, je recoupe les sources et je distingue clairement le fait de mon interpr\u00e9tation subjective. Je crois qu'une critique vaut surtout par les arguments qu'elle expose, pas par la sentence qu'elle rend. Mon angle : transmettre l'envie de d\u00e9couvrir, de regarder autrement et de se forger son propre go\u00fbt. La culture n'appartient pas qu'aux initi\u00e9s, et c'est tout l'enjeu de mon \u00e9criture.","url":"https:\/\/slams.fr\/blog\/auteur\/raphael-d\/","jobTitle":"R\u00e9dacteur en chef \u00b7 Culture & Cr\u00e9ation","knowsAbout":["Culture","Cr\u00e9ation"],"email":"raphael.d@a-l-asso-de-l-art.fr"}]}},"_links":{"self":[{"href":"https:\/\/slams.fr\/blog\/wp-json\/wp\/v2\/posts\/7817","targetHints":{"allow":["GET"]}}],"collection":[{"href":"https:\/\/slams.fr\/blog\/wp-json\/wp\/v2\/posts"}],"about":[{"href":"https:\/\/slams.fr\/blog\/wp-json\/wp\/v2\/types\/post"}],"author":[{"embeddable":true,"href":"https:\/\/slams.fr\/blog\/wp-json\/wp\/v2\/users\/34"}],"replies":[{"embeddable":true,"href":"https:\/\/slams.fr\/blog\/wp-json\/wp\/v2\/comments?post=7817"}],"version-history":[{"count":1,"href":"https:\/\/slams.fr\/blog\/wp-json\/wp\/v2\/posts\/7817\/revisions"}],"predecessor-version":[{"id":7830,"href":"https:\/\/slams.fr\/blog\/wp-json\/wp\/v2\/posts\/7817\/revisions\/7830"}],"wp:attachment":[{"href":"https:\/\/slams.fr\/blog\/wp-json\/wp\/v2\/media?parent=7817"}],"wp:term":[{"taxonomy":"category","embeddable":true,"href":"https:\/\/slams.fr\/blog\/wp-json\/wp\/v2\/categories?post=7817"},{"taxonomy":"post_tag","embeddable":true,"href":"https:\/\/slams.fr\/blog\/wp-json\/wp\/v2\/tags?post=7817"}],"curies":[{"name":"wp","href":"https:\/\/api.w.org\/{rel}","templated":true}]}}