{"id":7820,"date":"2026-07-17T13:38:42","date_gmt":"2026-07-17T11:38:42","guid":{"rendered":"https:\/\/slams.fr\/blog\/guides-et-conseils\/premier-slam\/comment-ne-pas-stresser-avant-de-slamer-devant-la-classe\/"},"modified":"2026-07-17T13:40:28","modified_gmt":"2026-07-17T11:40:28","slug":"comment-ne-pas-stresser-avant-de-slamer-devant-la-classe","status":"publish","type":"post","link":"https:\/\/slams.fr\/blog\/guides-et-conseils\/premier-slam\/comment-ne-pas-stresser-avant-de-slamer-devant-la-classe\/","title":{"rendered":"Comment ne pas stresser avant de slamer devant la classe ?"},"content":{"rendered":"<p><strong>Le trac ne s&rsquo;\u00e9limine pas, il se canalise : un texte sur-appris, une respiration lente par le ventre avant de passer, un point d&rsquo;appui au sol et un premier vers automatique suffisent \u00e0 faire redescendre la pression dans les 30 premi\u00e8res secondes.<\/strong> Pass\u00e9 ce cap, le texte prend le relais.<\/p>\n<h2>Avant le jour J : la seule vraie assurance<\/h2>\n<p>La pr\u00e9paration fait presque tout. Un texte connu \u00ab \u00e0 peu pr\u00e8s \u00bb nourrit le trac ; un texte sur-appris le neutralise, parce que la r\u00e9citation devient automatique m\u00eame avec le cerveau embu\u00e9. R\u00e9p\u00e9tez debout, \u00e0 voix haute, en conditions r\u00e9elles \u2014 id\u00e9alement devant une ou deux personnes (un parent, un ami) : la premi\u00e8re paire d&rsquo;yeux est la plus dure, autant la rencontrer avant la classe. Chronom\u00e9trez-vous, r\u00e9glez le volume : parler fort se travaille aussi.<\/p>\n<h2>Les 5 minutes avant de passer<\/h2>\n<table>\n<tr>\n<th>Sympt\u00f4me<\/th>\n<th>Parade concr\u00e8te<\/th>\n<\/tr>\n<tr>\n<td>C\u0153ur qui s&#8217;emballe<\/td>\n<td>Respiration lente par le ventre : inspirer 4 s, souffler 6 s, plusieurs fois<\/td>\n<\/tr>\n<tr>\n<td>Jambes en coton<\/td>\n<td>Se planter au sol, pieds \u00e9cart\u00e9s largeur d&rsquo;\u00e9paules, genoux souples<\/td>\n<\/tr>\n<tr>\n<td>Bouche s\u00e8che<\/td>\n<td>Boire une gorg\u00e9e d&rsquo;eau juste avant ; garder une bouteille \u00e0 port\u00e9e<\/td>\n<\/tr>\n<tr>\n<td>Mains qui tremblent<\/td>\n<td>Les occuper : une main tient l&rsquo;autre, ou marque discr\u00e8tement le rythme<\/td>\n<\/tr>\n<tr>\n<td>T\u00eate vide<\/td>\n<td>Se r\u00e9p\u00e9ter uniquement la premi\u00e8re ligne \u2014 la suite est accroch\u00e9e \u00e0 elle<\/td>\n<\/tr>\n<\/table>\n<h2>Pendant le passage<\/h2>\n<p>D\u00e9marrez lentement : le trac fait acc\u00e9l\u00e9rer, et un d\u00e9but trop rapide s&#8217;emballe jusqu&rsquo;\u00e0 la fin. Posez la premi\u00e8re phrase plus doucement que naturel, marquez une pause, puis suivez le rythme du texte. Pour le regard, ne fixez pas vos chaussures ni une seule personne : balayez lentement, ou regardez juste au-dessus des t\u00eates \u2014 de la classe, personne ne voit la diff\u00e9rence. Et si la voix tremble un peu, continuez : le public l&rsquo;oublie en dix secondes, vous \u00eates le seul \u00e0 l&rsquo;entendre encore.<\/p>\n<p>Rappelez-vous enfin que le trac est universel : les slameurs qui montent sur sc\u00e8ne chaque semaine l&rsquo;ont toujours. La diff\u00e9rence n&rsquo;est pas l&rsquo;absence de peur, c&rsquo;est l&rsquo;habitude de d\u00e9marrer avec elle. Chaque passage rend le suivant plus facile \u2014 le premier est objectivement le plus dur, et vous n&rsquo;aurez \u00e0 le faire qu&rsquo;une fois.<\/p>\n<details>\n<summary>Vaut-il mieux passer en premier ou en dernier ?<\/summary>\n<p>Si on vous laisse le choix, passer t\u00f4t \u00e9vite de mariner dans l&rsquo;attente \u2014 c&rsquo;est souvent l&rsquo;attente qui stresse le plus, pas le passage.<\/p>\n<\/details>\n<details>\n<summary>Que faire si je perds mes mots au milieu ?<\/summary>\n<p>Pause, respiration, et reprise de la derni\u00e8re phrase dite comme un \u00e9cho volontaire. Dans la plupart des cas, la suite revient d&rsquo;elle-m\u00eame.<\/p>\n<\/details>\n<details>\n<summary>Peut-on garder sa feuille pour se rassurer ?<\/summary>\n<p>Si c&rsquo;est autoris\u00e9, gardez-la pli\u00e9e dans la poche plut\u00f4t qu&rsquo;en main : sa pr\u00e9sence rassure, mais la lire coupe le lien avec le public.<\/p>\n<\/details>\n<h2>\u00c0 lire aussi<\/h2>\n<ul>\n<li><a href=\"https:\/\/slams.fr\/blog\/guides-et-conseils\/premier-slam\/votre-premier-slam-les-12-questions-que-tout-le-monde-se-pose\/\">Votre premier slam : les 12 questions que tout le monde se pose<\/a><\/li>\n<li><a href=\"https:\/\/slams.fr\/blog\/guides-et-conseils\/premier-slam\/comment-apprendre-son-texte-de-slam-par-coeur-rapidement\/\">Comment apprendre son texte de slam par c\u0153ur rapidement ?<\/a><\/li>\n<li><a href=\"https:\/\/slams.fr\/blog\/guides-et-conseils\/premier-slam\/comment-est-note-un-slam-en-tournoi-et-au-college\/\">Comment est not\u00e9 un slam ? (en tournoi et au coll\u00e8ge)<\/a><\/li>\n<\/ul>\n","protected":false},"excerpt":{"rendered":"","protected":false},"author":34,"featured_media":999999999,"comment_status":"open","ping_status":"open","sticky":false,"template":"","format":"standard","meta":{"_acf_changed":false,"manual_indexmenow":false,"indexmenow_id_project":0,"footnotes":""},"categories":[4799],"tags":[],"class_list":["post-7820","post","type-post","status-publish","format-standard","has-post-thumbnail","hentry","category-premier-slam","generate-columns","tablet-grid-50","mobile-grid-100","grid-parent","grid-25"],"acf":[],"yoast_head":"<!-- This site is optimized with the Yoast SEO Premium plugin v21.3 (Yoast SEO v26.5) - https:\/\/yoast.com\/wordpress\/plugins\/seo\/ -->\n<title>Comment ne pas stresser avant de slamer devant la classe ?<\/title>\n<meta name=\"description\" content=\"Le trac ne s&#039;\u00e9limine pas, il se canalise : un texte sur-appris, une respiration lente par le ventre avant de passer, un point d&#039;appui au sol et un premier\" \/>\n<meta name=\"robots\" content=\"index, follow, max-snippet:-1, max-image-preview:large, max-video-preview:-1\" \/>\n<link rel=\"canonical\" href=\"https:\/\/slams.fr\/blog\/guides-et-conseils\/premier-slam\/comment-ne-pas-stresser-avant-de-slamer-devant-la-classe\/\" \/>\n<meta property=\"og:locale\" content=\"fr_FR\" \/>\n<meta property=\"og:type\" content=\"article\" \/>\n<meta property=\"og:title\" content=\"Comment ne pas stresser avant de slamer devant la classe ?\" \/>\n<meta property=\"og:description\" content=\"Le trac ne s&#039;\u00e9limine pas, il se canalise : un texte sur-appris, une respiration lente par le ventre avant de passer, un point d&#039;appui au sol et un premier\" \/>\n<meta property=\"og:url\" content=\"https:\/\/slams.fr\/blog\/guides-et-conseils\/premier-slam\/comment-ne-pas-stresser-avant-de-slamer-devant-la-classe\/\" \/>\n<meta property=\"og:site_name\" content=\"slams\" \/>\n<meta name=\"author\" content=\"Rapha\u00ebl D.\" \/>\n<meta name=\"twitter:card\" content=\"summary_large_image\" \/>\n<script type=\"application\/ld+json\" class=\"yoast-schema-graph\">{\"@context\":\"https:\/\/schema.org\",\"@graph\":[{\"@type\":\"NewsArticle\",\"@id\":\"https:\/\/slams.fr\/blog\/guides-et-conseils\/premier-slam\/comment-ne-pas-stresser-avant-de-slamer-devant-la-classe\/#article\",\"isPartOf\":{\"@id\":\"https:\/\/slams.fr\/blog\/guides-et-conseils\/premier-slam\/comment-ne-pas-stresser-avant-de-slamer-devant-la-classe\/\"},\"author\":{\"name\":\"Rapha\u00ebl D.\",\"@id\":\"https:\/\/slams.fr\/blog\/#\/schema\/person\/3c864cdc320801e3db34b663e7e3f816\"},\"headline\":\"Comment ne pas stresser avant de slamer devant la classe ?\",\"datePublished\":\"2026-07-17T11:38:42+00:00\",\"dateModified\":\"2026-07-17T11:40:28+00:00\",\"mainEntityOfPage\":{\"@id\":\"https:\/\/slams.fr\/blog\/guides-et-conseils\/premier-slam\/comment-ne-pas-stresser-avant-de-slamer-devant-la-classe\/\"},\"wordCount\":532,\"commentCount\":0,\"publisher\":{\"@id\":\"https:\/\/slams.fr\/blog\/#organization\"},\"image\":{\"@id\":\"https:\/\/slams.fr\/blog\/guides-et-conseils\/premier-slam\/comment-ne-pas-stresser-avant-de-slamer-devant-la-classe\/#primaryimage\"},\"thumbnailUrl\":\"https:\/\/images.pexels.com\/photos\/4226215\/pexels-photo-4226215.jpeg?auto=compress&cs=tinysrgb&fit=crop&h=627&w=1200\",\"articleSection\":[\"Premier slam\"],\"inLanguage\":\"fr-FR\",\"potentialAction\":[{\"@type\":\"CommentAction\",\"name\":\"Comment\",\"target\":[\"https:\/\/slams.fr\/blog\/guides-et-conseils\/premier-slam\/comment-ne-pas-stresser-avant-de-slamer-devant-la-classe\/#respond\"]}]},{\"@type\":\"WebPage\",\"@id\":\"https:\/\/slams.fr\/blog\/guides-et-conseils\/premier-slam\/comment-ne-pas-stresser-avant-de-slamer-devant-la-classe\/\",\"url\":\"https:\/\/slams.fr\/blog\/guides-et-conseils\/premier-slam\/comment-ne-pas-stresser-avant-de-slamer-devant-la-classe\/\",\"name\":\"Comment ne pas stresser avant de slamer devant la classe ?\",\"isPartOf\":{\"@id\":\"https:\/\/slams.fr\/blog\/#website\"},\"primaryImageOfPage\":{\"@id\":\"https:\/\/slams.fr\/blog\/guides-et-conseils\/premier-slam\/comment-ne-pas-stresser-avant-de-slamer-devant-la-classe\/#primaryimage\"},\"image\":{\"@id\":\"https:\/\/slams.fr\/blog\/guides-et-conseils\/premier-slam\/comment-ne-pas-stresser-avant-de-slamer-devant-la-classe\/#primaryimage\"},\"thumbnailUrl\":\"https:\/\/images.pexels.com\/photos\/4226215\/pexels-photo-4226215.jpeg?auto=compress&cs=tinysrgb&fit=crop&h=627&w=1200\",\"datePublished\":\"2026-07-17T11:38:42+00:00\",\"dateModified\":\"2026-07-17T11:40:28+00:00\",\"description\":\"Le trac ne s'\u00e9limine pas, il se canalise : un texte sur-appris, une respiration lente par le ventre avant de passer, un point d'appui au sol et un premier\",\"inLanguage\":\"fr-FR\",\"potentialAction\":[{\"@type\":\"ReadAction\",\"target\":[\"https:\/\/slams.fr\/blog\/guides-et-conseils\/premier-slam\/comment-ne-pas-stresser-avant-de-slamer-devant-la-classe\/\"]}]},{\"@type\":\"ImageObject\",\"inLanguage\":\"fr-FR\",\"@id\":\"https:\/\/slams.fr\/blog\/guides-et-conseils\/premier-slam\/comment-ne-pas-stresser-avant-de-slamer-devant-la-classe\/#primaryimage\",\"url\":\"https:\/\/images.pexels.com\/photos\/4226215\/pexels-photo-4226215.jpeg?auto=compress&cs=tinysrgb&fit=crop&h=627&w=1200\",\"contentUrl\":\"https:\/\/images.pexels.com\/photos\/4226215\/pexels-photo-4226215.jpeg?auto=compress&cs=tinysrgb&fit=crop&h=627&w=1200\"},{\"@type\":\"WebSite\",\"@id\":\"https:\/\/slams.fr\/blog\/#website\",\"url\":\"https:\/\/slams.fr\/blog\/\",\"name\":\"slams.fr\",\"description\":\"Slams, l&#039;\u00e9nergie des mots en action\",\"publisher\":{\"@id\":\"https:\/\/slams.fr\/blog\/#organization\"},\"alternateName\":\"Slams, l'\u00e9nergie des mots en action\",\"potentialAction\":[{\"@type\":\"SearchAction\",\"target\":{\"@type\":\"EntryPoint\",\"urlTemplate\":\"https:\/\/slams.fr\/blog\/?s={search_term_string}\"},\"query-input\":{\"@type\":\"PropertyValueSpecification\",\"valueRequired\":true,\"valueName\":\"search_term_string\"}}],\"inLanguage\":\"fr-FR\"},{\"@type\":\"Organization\",\"@id\":\"https:\/\/slams.fr\/blog\/#organization\",\"name\":\"Foretsensations.fr\",\"url\":\"https:\/\/slams.fr\/blog\/\",\"logo\":{\"@type\":\"ImageObject\",\"inLanguage\":\"fr-FR\",\"@id\":\"https:\/\/slams.fr\/blog\/#\/schema\/logo\/image\/\",\"url\":\"https:\/\/slams.fr\/blog\/wp-content\/uploads\/2026\/07\/logo-auto-1.png\",\"contentUrl\":\"https:\/\/slams.fr\/blog\/wp-content\/uploads\/2026\/07\/logo-auto-1.png\",\"width\":1024,\"height\":1024,\"caption\":\"Foretsensations.fr\"},\"image\":{\"@id\":\"https:\/\/slams.fr\/blog\/#\/schema\/logo\/image\/\"}},{\"@type\":\"Person\",\"@id\":\"https:\/\/slams.fr\/blog\/#\/schema\/person\/3c864cdc320801e3db34b663e7e3f816\",\"name\":\"Rapha\u00ebl D.\",\"image\":{\"@type\":\"ImageObject\",\"inLanguage\":\"fr-FR\",\"@id\":\"https:\/\/slams.fr\/blog\/#\/schema\/person\/image\/\",\"url\":\"https:\/\/slams.fr\/blog\/wp-content\/uploads\/2026\/06\/persona_raphael-d-96x96.jpg\",\"contentUrl\":\"https:\/\/slams.fr\/blog\/wp-content\/uploads\/2026\/06\/persona_raphael-d-96x96.jpg\",\"caption\":\"Rapha\u00ebl D.\"},\"description\":\"La culture est mon terrain de jeu depuis une dizaine d'ann\u00e9es : arts visuels, s\u00e9ries, cr\u00e9ation et tout ce qui nourrit l'imaginaire. J'\u00e9cris aussi bien sur l'actualit\u00e9 des \u0153uvres que sur les coulisses de la cr\u00e9ation, avec l'envie de relier l'amateur curieux \u00e0 des univers parfois jug\u00e9s intimidants. J'aime analyser une s\u00e9rie ou une d\u00e9marche artistique sans p\u00e9dantisme, replacer une \u0153uvre dans son contexte et donner des cl\u00e9s de lecture accessibles. Avant de publier, je v\u00e9rifie mes r\u00e9f\u00e9rences, je recoupe les sources et je distingue clairement le fait de mon interpr\u00e9tation subjective. Je crois qu'une critique vaut surtout par les arguments qu'elle expose, pas par la sentence qu'elle rend. Mon angle : transmettre l'envie de d\u00e9couvrir, de regarder autrement et de se forger son propre go\u00fbt. La culture n'appartient pas qu'aux initi\u00e9s, et c'est tout l'enjeu de mon \u00e9criture.\",\"url\":\"https:\/\/slams.fr\/blog\/auteur\/raphael-d\/\",\"jobTitle\":\"R\u00e9dacteur en chef \u00b7 Culture & Cr\u00e9ation\",\"knowsAbout\":[\"Culture\",\"Cr\u00e9ation\"],\"email\":\"raphael.d@a-l-asso-de-l-art.fr\"}]}<\/script>\n<!-- \/ Yoast SEO Premium plugin. -->","yoast_head_json":{"title":"Comment ne pas stresser avant de slamer devant la classe ?","description":"Le trac ne s'\u00e9limine pas, il se canalise : un texte sur-appris, une respiration lente par le ventre avant de passer, un point d'appui au sol et un premier","robots":{"index":"index","follow":"follow","max-snippet":"max-snippet:-1","max-image-preview":"max-image-preview:large","max-video-preview":"max-video-preview:-1"},"canonical":"https:\/\/slams.fr\/blog\/guides-et-conseils\/premier-slam\/comment-ne-pas-stresser-avant-de-slamer-devant-la-classe\/","og_locale":"fr_FR","og_type":"article","og_title":"Comment ne pas stresser avant de slamer devant la classe ?","og_description":"Le trac ne s'\u00e9limine pas, il se canalise : un texte sur-appris, une respiration lente par le ventre avant de passer, un point d'appui au sol et un premier","og_url":"https:\/\/slams.fr\/blog\/guides-et-conseils\/premier-slam\/comment-ne-pas-stresser-avant-de-slamer-devant-la-classe\/","og_site_name":"slams","author":"Rapha\u00ebl D.","twitter_card":"summary_large_image","schema":{"@context":"https:\/\/schema.org","@graph":[{"@type":"NewsArticle","@id":"https:\/\/slams.fr\/blog\/guides-et-conseils\/premier-slam\/comment-ne-pas-stresser-avant-de-slamer-devant-la-classe\/#article","isPartOf":{"@id":"https:\/\/slams.fr\/blog\/guides-et-conseils\/premier-slam\/comment-ne-pas-stresser-avant-de-slamer-devant-la-classe\/"},"author":{"name":"Rapha\u00ebl D.","@id":"https:\/\/slams.fr\/blog\/#\/schema\/person\/3c864cdc320801e3db34b663e7e3f816"},"headline":"Comment ne pas stresser avant de slamer devant la classe ?","datePublished":"2026-07-17T11:38:42+00:00","dateModified":"2026-07-17T11:40:28+00:00","mainEntityOfPage":{"@id":"https:\/\/slams.fr\/blog\/guides-et-conseils\/premier-slam\/comment-ne-pas-stresser-avant-de-slamer-devant-la-classe\/"},"wordCount":532,"commentCount":0,"publisher":{"@id":"https:\/\/slams.fr\/blog\/#organization"},"image":{"@id":"https:\/\/slams.fr\/blog\/guides-et-conseils\/premier-slam\/comment-ne-pas-stresser-avant-de-slamer-devant-la-classe\/#primaryimage"},"thumbnailUrl":"https:\/\/images.pexels.com\/photos\/4226215\/pexels-photo-4226215.jpeg?auto=compress&cs=tinysrgb&fit=crop&h=627&w=1200","articleSection":["Premier slam"],"inLanguage":"fr-FR","potentialAction":[{"@type":"CommentAction","name":"Comment","target":["https:\/\/slams.fr\/blog\/guides-et-conseils\/premier-slam\/comment-ne-pas-stresser-avant-de-slamer-devant-la-classe\/#respond"]}]},{"@type":"WebPage","@id":"https:\/\/slams.fr\/blog\/guides-et-conseils\/premier-slam\/comment-ne-pas-stresser-avant-de-slamer-devant-la-classe\/","url":"https:\/\/slams.fr\/blog\/guides-et-conseils\/premier-slam\/comment-ne-pas-stresser-avant-de-slamer-devant-la-classe\/","name":"Comment ne pas stresser avant de slamer devant la classe ?","isPartOf":{"@id":"https:\/\/slams.fr\/blog\/#website"},"primaryImageOfPage":{"@id":"https:\/\/slams.fr\/blog\/guides-et-conseils\/premier-slam\/comment-ne-pas-stresser-avant-de-slamer-devant-la-classe\/#primaryimage"},"image":{"@id":"https:\/\/slams.fr\/blog\/guides-et-conseils\/premier-slam\/comment-ne-pas-stresser-avant-de-slamer-devant-la-classe\/#primaryimage"},"thumbnailUrl":"https:\/\/images.pexels.com\/photos\/4226215\/pexels-photo-4226215.jpeg?auto=compress&cs=tinysrgb&fit=crop&h=627&w=1200","datePublished":"2026-07-17T11:38:42+00:00","dateModified":"2026-07-17T11:40:28+00:00","description":"Le trac ne s'\u00e9limine pas, il se canalise : un texte sur-appris, une respiration lente par le ventre avant de passer, un point d'appui au sol et un premier","inLanguage":"fr-FR","potentialAction":[{"@type":"ReadAction","target":["https:\/\/slams.fr\/blog\/guides-et-conseils\/premier-slam\/comment-ne-pas-stresser-avant-de-slamer-devant-la-classe\/"]}]},{"@type":"ImageObject","inLanguage":"fr-FR","@id":"https:\/\/slams.fr\/blog\/guides-et-conseils\/premier-slam\/comment-ne-pas-stresser-avant-de-slamer-devant-la-classe\/#primaryimage","url":"https:\/\/images.pexels.com\/photos\/4226215\/pexels-photo-4226215.jpeg?auto=compress&cs=tinysrgb&fit=crop&h=627&w=1200","contentUrl":"https:\/\/images.pexels.com\/photos\/4226215\/pexels-photo-4226215.jpeg?auto=compress&cs=tinysrgb&fit=crop&h=627&w=1200"},{"@type":"WebSite","@id":"https:\/\/slams.fr\/blog\/#website","url":"https:\/\/slams.fr\/blog\/","name":"slams.fr","description":"Slams, l&#039;\u00e9nergie des mots en action","publisher":{"@id":"https:\/\/slams.fr\/blog\/#organization"},"alternateName":"Slams, l'\u00e9nergie des mots en action","potentialAction":[{"@type":"SearchAction","target":{"@type":"EntryPoint","urlTemplate":"https:\/\/slams.fr\/blog\/?s={search_term_string}"},"query-input":{"@type":"PropertyValueSpecification","valueRequired":true,"valueName":"search_term_string"}}],"inLanguage":"fr-FR"},{"@type":"Organization","@id":"https:\/\/slams.fr\/blog\/#organization","name":"Foretsensations.fr","url":"https:\/\/slams.fr\/blog\/","logo":{"@type":"ImageObject","inLanguage":"fr-FR","@id":"https:\/\/slams.fr\/blog\/#\/schema\/logo\/image\/","url":"https:\/\/slams.fr\/blog\/wp-content\/uploads\/2026\/07\/logo-auto-1.png","contentUrl":"https:\/\/slams.fr\/blog\/wp-content\/uploads\/2026\/07\/logo-auto-1.png","width":1024,"height":1024,"caption":"Foretsensations.fr"},"image":{"@id":"https:\/\/slams.fr\/blog\/#\/schema\/logo\/image\/"}},{"@type":"Person","@id":"https:\/\/slams.fr\/blog\/#\/schema\/person\/3c864cdc320801e3db34b663e7e3f816","name":"Rapha\u00ebl D.","image":{"@type":"ImageObject","inLanguage":"fr-FR","@id":"https:\/\/slams.fr\/blog\/#\/schema\/person\/image\/","url":"https:\/\/slams.fr\/blog\/wp-content\/uploads\/2026\/06\/persona_raphael-d-96x96.jpg","contentUrl":"https:\/\/slams.fr\/blog\/wp-content\/uploads\/2026\/06\/persona_raphael-d-96x96.jpg","caption":"Rapha\u00ebl D."},"description":"La culture est mon terrain de jeu depuis une dizaine d'ann\u00e9es : arts visuels, s\u00e9ries, cr\u00e9ation et tout ce qui nourrit l'imaginaire. J'\u00e9cris aussi bien sur l'actualit\u00e9 des \u0153uvres que sur les coulisses de la cr\u00e9ation, avec l'envie de relier l'amateur curieux \u00e0 des univers parfois jug\u00e9s intimidants. J'aime analyser une s\u00e9rie ou une d\u00e9marche artistique sans p\u00e9dantisme, replacer une \u0153uvre dans son contexte et donner des cl\u00e9s de lecture accessibles. Avant de publier, je v\u00e9rifie mes r\u00e9f\u00e9rences, je recoupe les sources et je distingue clairement le fait de mon interpr\u00e9tation subjective. Je crois qu'une critique vaut surtout par les arguments qu'elle expose, pas par la sentence qu'elle rend. Mon angle : transmettre l'envie de d\u00e9couvrir, de regarder autrement et de se forger son propre go\u00fbt. La culture n'appartient pas qu'aux initi\u00e9s, et c'est tout l'enjeu de mon \u00e9criture.","url":"https:\/\/slams.fr\/blog\/auteur\/raphael-d\/","jobTitle":"R\u00e9dacteur en chef \u00b7 Culture & Cr\u00e9ation","knowsAbout":["Culture","Cr\u00e9ation"],"email":"raphael.d@a-l-asso-de-l-art.fr"}]}},"_links":{"self":[{"href":"https:\/\/slams.fr\/blog\/wp-json\/wp\/v2\/posts\/7820","targetHints":{"allow":["GET"]}}],"collection":[{"href":"https:\/\/slams.fr\/blog\/wp-json\/wp\/v2\/posts"}],"about":[{"href":"https:\/\/slams.fr\/blog\/wp-json\/wp\/v2\/types\/post"}],"author":[{"embeddable":true,"href":"https:\/\/slams.fr\/blog\/wp-json\/wp\/v2\/users\/34"}],"replies":[{"embeddable":true,"href":"https:\/\/slams.fr\/blog\/wp-json\/wp\/v2\/comments?post=7820"}],"version-history":[{"count":1,"href":"https:\/\/slams.fr\/blog\/wp-json\/wp\/v2\/posts\/7820\/revisions"}],"predecessor-version":[{"id":7833,"href":"https:\/\/slams.fr\/blog\/wp-json\/wp\/v2\/posts\/7820\/revisions\/7833"}],"wp:attachment":[{"href":"https:\/\/slams.fr\/blog\/wp-json\/wp\/v2\/media?parent=7820"}],"wp:term":[{"taxonomy":"category","embeddable":true,"href":"https:\/\/slams.fr\/blog\/wp-json\/wp\/v2\/categories?post=7820"},{"taxonomy":"post_tag","embeddable":true,"href":"https:\/\/slams.fr\/blog\/wp-json\/wp\/v2\/tags?post=7820"}],"curies":[{"name":"wp","href":"https:\/\/api.w.org\/{rel}","templated":true}]}}