{"id":7822,"date":"2026-07-17T13:38:54","date_gmt":"2026-07-17T11:38:54","guid":{"rendered":"https:\/\/slams.fr\/blog\/guides-et-conseils\/premier-slam\/pourquoi-grand-corps-malade-sappelle-t-il-comme-ca\/"},"modified":"2026-07-17T13:40:34","modified_gmt":"2026-07-17T11:40:34","slug":"pourquoi-grand-corps-malade-sappelle-t-il-comme-ca","status":"publish","type":"post","link":"https:\/\/slams.fr\/blog\/guides-et-conseils\/premier-slam\/pourquoi-grand-corps-malade-sappelle-t-il-comme-ca\/","title":{"rendered":"Pourquoi Grand Corps Malade s&rsquo;appelle-t-il comme \u00e7a ?"},"content":{"rendered":"<p><strong>Grand Corps Malade s&rsquo;appelle ainsi en r\u00e9f\u00e9rence \u00e0 sa grande taille \u2014 environ 1,94 m \u2014 et aux s\u00e9quelles du grave accident de plongeon qui a failli le laisser paralys\u00e9 en 1997 : un \u00ab grand corps \u00bb devenu \u00ab malade \u00bb, qu&rsquo;il assume avec autod\u00e9rision.<\/strong> Son vrai nom est Fabien Marsaud.<\/p>\n<h2>L&rsquo;accident qui a tout chang\u00e9<\/h2>\n<p>En juillet 1997, Fabien Marsaud a 20 ans et un avenir de sportif : il est animateur dans une colonie de vacances lorsqu&rsquo;il plonge dans une piscine dont le niveau d&rsquo;eau est trop bas. Le choc lui d\u00e9place des vert\u00e8bres et touche la moelle \u00e9pini\u00e8re. Le pronostic des m\u00e9decins est sombre : il pourrait ne jamais remarcher. Apr\u00e8s une longue r\u00e9\u00e9ducation, il retrouve la marche en 1999, mais garde des s\u00e9quelles durables \u2014 c&rsquo;est pour cela qu&rsquo;il s&rsquo;appuie sur une b\u00e9quille, devenue involontairement sa silhouette de sc\u00e8ne.<\/p>\n<h2>Du pseudonyme \u00e0 la sc\u00e8ne<\/h2>\n<p>Quand il commence \u00e0 fr\u00e9quenter les sc\u00e8nes slam parisiennes au d\u00e9but des ann\u00e9es 2000, il choisit ce nom de sc\u00e8ne comme un pied de nez : plut\u00f4t que de cacher sa taille et sa b\u00e9quille, il en fait son identit\u00e9. Le succ\u00e8s arrive avec son premier album, \u00ab Midi 20 \u00bb, sorti en 2006, qui fait d\u00e9couvrir le slam au grand public fran\u00e7ais. Il racontera plus tard son ann\u00e9e de r\u00e9\u00e9ducation dans le film \u00ab Patients \u00bb (2017), adapt\u00e9 de son propre r\u00e9cit.<\/p>\n<h2>Rep\u00e8res v\u00e9rifi\u00e9s<\/h2>\n<table>\n<tr>\n<th>Rep\u00e8re<\/th>\n<th>Donn\u00e9e<\/th>\n<\/tr>\n<tr>\n<td>Vrai nom<\/td>\n<td>Fabien Marsaud<\/td>\n<\/tr>\n<tr>\n<td>Naissance<\/td>\n<td>1977, en Seine-Saint-Denis (Le Blanc-Mesnil)<\/td>\n<\/tr>\n<tr>\n<td>Taille<\/td>\n<td>Environ 1,94 m<\/td>\n<\/tr>\n<tr>\n<td>Accident<\/td>\n<td>Juillet 1997, plongeon dans une piscine au niveau d&rsquo;eau trop bas<\/td>\n<\/tr>\n<tr>\n<td>R\u00e9\u00e9ducation<\/td>\n<td>Remarche en 1999, avec une b\u00e9quille en soutien<\/td>\n<\/tr>\n<tr>\n<td>Premier album<\/td>\n<td>\u00ab Midi 20 \u00bb (2006)<\/td>\n<\/tr>\n<\/table>\n<p>Le nom \u00ab Grand Corps Malade \u00bb r\u00e9sume donc en trois mots une histoire vraie : celle d&rsquo;un corps de presque deux m\u00e8tres, cass\u00e9 \u00e0 20 ans, remis debout, et qui a transform\u00e9 cette fragilit\u00e9 en signature artistique. C&rsquo;est aussi un exemple parfait de l&rsquo;esprit slam : dire sa v\u00e9rit\u00e9, y compris ce qui blesse, avec des mots \u00e0 soi.<\/p>\n<details>\n<summary>Grand Corps Malade peut-il marcher sans b\u00e9quille ?<\/summary>\n<p>Il a retrouv\u00e9 la marche en 1999 apr\u00e8s sa r\u00e9\u00e9ducation, mais garde des s\u00e9quelles : la b\u00e9quille lui sert d&rsquo;appui au quotidien comme sur sc\u00e8ne.<\/p>\n<\/details>\n<details>\n<summary>Quel sport pratiquait-il avant son accident ?<\/summary>\n<p>Le basket-ball, \u00e0 un niveau qui lui laissait esp\u00e9rer une carri\u00e8re sportive avant l&rsquo;accident de 1997.<\/p>\n<\/details>\n<details>\n<summary>C&rsquo;est quoi le film \u00ab Patients \u00bb ?<\/summary>\n<p>Un film de 2017 co-r\u00e9alis\u00e9 par Grand Corps Malade, adapt\u00e9 de son livre autobiographique racontant son ann\u00e9e en centre de r\u00e9\u00e9ducation.<\/p>\n<\/details>\n<h2>\u00c0 lire aussi<\/h2>\n<ul>\n<li><a href=\"https:\/\/slams.fr\/blog\/guides-et-conseils\/premier-slam\/votre-premier-slam-les-12-questions-que-tout-le-monde-se-pose\/\">Votre premier slam : les 12 questions que tout le monde se pose<\/a><\/li>\n<li><a href=\"https:\/\/slams.fr\/blog\/guides-et-conseils\/premier-slam\/le-slam-ca-se-chante-avec-ou-sans-musique\/\">Le slam, \u00e7a se chante ? Avec ou sans musique ?<\/a><\/li>\n<li><a href=\"https:\/\/slams.fr\/blog\/guides-et-conseils\/premier-slam\/comment-se-passe-une-scene-ouverte-de-slam\/\">Comment se passe une sc\u00e8ne ouverte de slam ?<\/a><\/li>\n<\/ul>\n","protected":false},"excerpt":{"rendered":"","protected":false},"author":34,"featured_media":999999999,"comment_status":"open","ping_status":"open","sticky":false,"template":"","format":"standard","meta":{"_acf_changed":false,"manual_indexmenow":false,"indexmenow_id_project":0,"footnotes":""},"categories":[4799],"tags":[],"class_list":["post-7822","post","type-post","status-publish","format-standard","has-post-thumbnail","hentry","category-premier-slam","generate-columns","tablet-grid-50","mobile-grid-100","grid-parent","grid-25"],"acf":[],"yoast_head":"<!-- This site is optimized with the Yoast SEO Premium plugin v21.3 (Yoast SEO v26.5) - https:\/\/yoast.com\/wordpress\/plugins\/seo\/ -->\n<title>Pourquoi Grand Corps Malade s&#039;appelle-t-il comme \u00e7a ?<\/title>\n<meta name=\"description\" content=\"Grand Corps Malade s&#039;appelle ainsi en r\u00e9f\u00e9rence \u00e0 sa grande taille \u2014 environ 1,94 m \u2014 et aux s\u00e9quelles du grave accident de plongeon qui a failli le\" \/>\n<meta name=\"robots\" content=\"index, follow, max-snippet:-1, max-image-preview:large, max-video-preview:-1\" \/>\n<link rel=\"canonical\" href=\"https:\/\/slams.fr\/blog\/guides-et-conseils\/premier-slam\/pourquoi-grand-corps-malade-sappelle-t-il-comme-ca\/\" \/>\n<meta property=\"og:locale\" content=\"fr_FR\" \/>\n<meta property=\"og:type\" content=\"article\" \/>\n<meta property=\"og:title\" content=\"Pourquoi Grand Corps Malade s&#039;appelle-t-il comme \u00e7a ?\" \/>\n<meta property=\"og:description\" content=\"Grand Corps Malade s&#039;appelle ainsi en r\u00e9f\u00e9rence \u00e0 sa grande taille \u2014 environ 1,94 m \u2014 et aux s\u00e9quelles du grave accident de plongeon qui a failli le\" \/>\n<meta property=\"og:url\" content=\"https:\/\/slams.fr\/blog\/guides-et-conseils\/premier-slam\/pourquoi-grand-corps-malade-sappelle-t-il-comme-ca\/\" \/>\n<meta property=\"og:site_name\" content=\"slams\" \/>\n<meta name=\"author\" content=\"Rapha\u00ebl D.\" \/>\n<meta name=\"twitter:card\" content=\"summary_large_image\" \/>\n<script type=\"application\/ld+json\" class=\"yoast-schema-graph\">{\"@context\":\"https:\/\/schema.org\",\"@graph\":[{\"@type\":\"NewsArticle\",\"@id\":\"https:\/\/slams.fr\/blog\/guides-et-conseils\/premier-slam\/pourquoi-grand-corps-malade-sappelle-t-il-comme-ca\/#article\",\"isPartOf\":{\"@id\":\"https:\/\/slams.fr\/blog\/guides-et-conseils\/premier-slam\/pourquoi-grand-corps-malade-sappelle-t-il-comme-ca\/\"},\"author\":{\"name\":\"Rapha\u00ebl D.\",\"@id\":\"https:\/\/slams.fr\/blog\/#\/schema\/person\/3c864cdc320801e3db34b663e7e3f816\"},\"headline\":\"Pourquoi Grand Corps Malade s&rsquo;appelle-t-il comme \u00e7a ?\",\"datePublished\":\"2026-07-17T11:38:54+00:00\",\"dateModified\":\"2026-07-17T11:40:34+00:00\",\"mainEntityOfPage\":{\"@id\":\"https:\/\/slams.fr\/blog\/guides-et-conseils\/premier-slam\/pourquoi-grand-corps-malade-sappelle-t-il-comme-ca\/\"},\"wordCount\":473,\"commentCount\":0,\"publisher\":{\"@id\":\"https:\/\/slams.fr\/blog\/#organization\"},\"image\":{\"@id\":\"https:\/\/slams.fr\/blog\/guides-et-conseils\/premier-slam\/pourquoi-grand-corps-malade-sappelle-t-il-comme-ca\/#primaryimage\"},\"thumbnailUrl\":\"https:\/\/images.pexels.com\/photos\/36395694\/pexels-photo-36395694.jpeg?auto=compress&cs=tinysrgb&fit=crop&h=627&w=1200\",\"articleSection\":[\"Premier slam\"],\"inLanguage\":\"fr-FR\",\"potentialAction\":[{\"@type\":\"CommentAction\",\"name\":\"Comment\",\"target\":[\"https:\/\/slams.fr\/blog\/guides-et-conseils\/premier-slam\/pourquoi-grand-corps-malade-sappelle-t-il-comme-ca\/#respond\"]}]},{\"@type\":\"WebPage\",\"@id\":\"https:\/\/slams.fr\/blog\/guides-et-conseils\/premier-slam\/pourquoi-grand-corps-malade-sappelle-t-il-comme-ca\/\",\"url\":\"https:\/\/slams.fr\/blog\/guides-et-conseils\/premier-slam\/pourquoi-grand-corps-malade-sappelle-t-il-comme-ca\/\",\"name\":\"Pourquoi Grand Corps Malade s'appelle-t-il comme \u00e7a ?\",\"isPartOf\":{\"@id\":\"https:\/\/slams.fr\/blog\/#website\"},\"primaryImageOfPage\":{\"@id\":\"https:\/\/slams.fr\/blog\/guides-et-conseils\/premier-slam\/pourquoi-grand-corps-malade-sappelle-t-il-comme-ca\/#primaryimage\"},\"image\":{\"@id\":\"https:\/\/slams.fr\/blog\/guides-et-conseils\/premier-slam\/pourquoi-grand-corps-malade-sappelle-t-il-comme-ca\/#primaryimage\"},\"thumbnailUrl\":\"https:\/\/images.pexels.com\/photos\/36395694\/pexels-photo-36395694.jpeg?auto=compress&cs=tinysrgb&fit=crop&h=627&w=1200\",\"datePublished\":\"2026-07-17T11:38:54+00:00\",\"dateModified\":\"2026-07-17T11:40:34+00:00\",\"description\":\"Grand Corps Malade s'appelle ainsi en r\u00e9f\u00e9rence \u00e0 sa grande taille \u2014 environ 1,94 m \u2014 et aux s\u00e9quelles du grave accident de plongeon qui a failli le\",\"inLanguage\":\"fr-FR\",\"potentialAction\":[{\"@type\":\"ReadAction\",\"target\":[\"https:\/\/slams.fr\/blog\/guides-et-conseils\/premier-slam\/pourquoi-grand-corps-malade-sappelle-t-il-comme-ca\/\"]}]},{\"@type\":\"ImageObject\",\"inLanguage\":\"fr-FR\",\"@id\":\"https:\/\/slams.fr\/blog\/guides-et-conseils\/premier-slam\/pourquoi-grand-corps-malade-sappelle-t-il-comme-ca\/#primaryimage\",\"url\":\"https:\/\/images.pexels.com\/photos\/36395694\/pexels-photo-36395694.jpeg?auto=compress&cs=tinysrgb&fit=crop&h=627&w=1200\",\"contentUrl\":\"https:\/\/images.pexels.com\/photos\/36395694\/pexels-photo-36395694.jpeg?auto=compress&cs=tinysrgb&fit=crop&h=627&w=1200\"},{\"@type\":\"WebSite\",\"@id\":\"https:\/\/slams.fr\/blog\/#website\",\"url\":\"https:\/\/slams.fr\/blog\/\",\"name\":\"slams.fr\",\"description\":\"Slams, l&#039;\u00e9nergie des mots en action\",\"publisher\":{\"@id\":\"https:\/\/slams.fr\/blog\/#organization\"},\"alternateName\":\"Slams, l'\u00e9nergie des mots en action\",\"potentialAction\":[{\"@type\":\"SearchAction\",\"target\":{\"@type\":\"EntryPoint\",\"urlTemplate\":\"https:\/\/slams.fr\/blog\/?s={search_term_string}\"},\"query-input\":{\"@type\":\"PropertyValueSpecification\",\"valueRequired\":true,\"valueName\":\"search_term_string\"}}],\"inLanguage\":\"fr-FR\"},{\"@type\":\"Organization\",\"@id\":\"https:\/\/slams.fr\/blog\/#organization\",\"name\":\"Foretsensations.fr\",\"url\":\"https:\/\/slams.fr\/blog\/\",\"logo\":{\"@type\":\"ImageObject\",\"inLanguage\":\"fr-FR\",\"@id\":\"https:\/\/slams.fr\/blog\/#\/schema\/logo\/image\/\",\"url\":\"https:\/\/slams.fr\/blog\/wp-content\/uploads\/2026\/07\/logo-auto-1.png\",\"contentUrl\":\"https:\/\/slams.fr\/blog\/wp-content\/uploads\/2026\/07\/logo-auto-1.png\",\"width\":1024,\"height\":1024,\"caption\":\"Foretsensations.fr\"},\"image\":{\"@id\":\"https:\/\/slams.fr\/blog\/#\/schema\/logo\/image\/\"}},{\"@type\":\"Person\",\"@id\":\"https:\/\/slams.fr\/blog\/#\/schema\/person\/3c864cdc320801e3db34b663e7e3f816\",\"name\":\"Rapha\u00ebl D.\",\"image\":{\"@type\":\"ImageObject\",\"inLanguage\":\"fr-FR\",\"@id\":\"https:\/\/slams.fr\/blog\/#\/schema\/person\/image\/\",\"url\":\"https:\/\/slams.fr\/blog\/wp-content\/uploads\/2026\/06\/persona_raphael-d-96x96.jpg\",\"contentUrl\":\"https:\/\/slams.fr\/blog\/wp-content\/uploads\/2026\/06\/persona_raphael-d-96x96.jpg\",\"caption\":\"Rapha\u00ebl D.\"},\"description\":\"La culture est mon terrain de jeu depuis une dizaine d'ann\u00e9es : arts visuels, s\u00e9ries, cr\u00e9ation et tout ce qui nourrit l'imaginaire. J'\u00e9cris aussi bien sur l'actualit\u00e9 des \u0153uvres que sur les coulisses de la cr\u00e9ation, avec l'envie de relier l'amateur curieux \u00e0 des univers parfois jug\u00e9s intimidants. J'aime analyser une s\u00e9rie ou une d\u00e9marche artistique sans p\u00e9dantisme, replacer une \u0153uvre dans son contexte et donner des cl\u00e9s de lecture accessibles. Avant de publier, je v\u00e9rifie mes r\u00e9f\u00e9rences, je recoupe les sources et je distingue clairement le fait de mon interpr\u00e9tation subjective. Je crois qu'une critique vaut surtout par les arguments qu'elle expose, pas par la sentence qu'elle rend. Mon angle : transmettre l'envie de d\u00e9couvrir, de regarder autrement et de se forger son propre go\u00fbt. La culture n'appartient pas qu'aux initi\u00e9s, et c'est tout l'enjeu de mon \u00e9criture.\",\"url\":\"https:\/\/slams.fr\/blog\/auteur\/raphael-d\/\",\"jobTitle\":\"R\u00e9dacteur en chef \u00b7 Culture & Cr\u00e9ation\",\"knowsAbout\":[\"Culture\",\"Cr\u00e9ation\"],\"email\":\"raphael.d@a-l-asso-de-l-art.fr\"}]}<\/script>\n<!-- \/ Yoast SEO Premium plugin. -->","yoast_head_json":{"title":"Pourquoi Grand Corps Malade s'appelle-t-il comme \u00e7a ?","description":"Grand Corps Malade s'appelle ainsi en r\u00e9f\u00e9rence \u00e0 sa grande taille \u2014 environ 1,94 m \u2014 et aux s\u00e9quelles du grave accident de plongeon qui a failli le","robots":{"index":"index","follow":"follow","max-snippet":"max-snippet:-1","max-image-preview":"max-image-preview:large","max-video-preview":"max-video-preview:-1"},"canonical":"https:\/\/slams.fr\/blog\/guides-et-conseils\/premier-slam\/pourquoi-grand-corps-malade-sappelle-t-il-comme-ca\/","og_locale":"fr_FR","og_type":"article","og_title":"Pourquoi Grand Corps Malade s'appelle-t-il comme \u00e7a ?","og_description":"Grand Corps Malade s'appelle ainsi en r\u00e9f\u00e9rence \u00e0 sa grande taille \u2014 environ 1,94 m \u2014 et aux s\u00e9quelles du grave accident de plongeon qui a failli le","og_url":"https:\/\/slams.fr\/blog\/guides-et-conseils\/premier-slam\/pourquoi-grand-corps-malade-sappelle-t-il-comme-ca\/","og_site_name":"slams","author":"Rapha\u00ebl D.","twitter_card":"summary_large_image","schema":{"@context":"https:\/\/schema.org","@graph":[{"@type":"NewsArticle","@id":"https:\/\/slams.fr\/blog\/guides-et-conseils\/premier-slam\/pourquoi-grand-corps-malade-sappelle-t-il-comme-ca\/#article","isPartOf":{"@id":"https:\/\/slams.fr\/blog\/guides-et-conseils\/premier-slam\/pourquoi-grand-corps-malade-sappelle-t-il-comme-ca\/"},"author":{"name":"Rapha\u00ebl D.","@id":"https:\/\/slams.fr\/blog\/#\/schema\/person\/3c864cdc320801e3db34b663e7e3f816"},"headline":"Pourquoi Grand Corps Malade s&rsquo;appelle-t-il comme \u00e7a ?","datePublished":"2026-07-17T11:38:54+00:00","dateModified":"2026-07-17T11:40:34+00:00","mainEntityOfPage":{"@id":"https:\/\/slams.fr\/blog\/guides-et-conseils\/premier-slam\/pourquoi-grand-corps-malade-sappelle-t-il-comme-ca\/"},"wordCount":473,"commentCount":0,"publisher":{"@id":"https:\/\/slams.fr\/blog\/#organization"},"image":{"@id":"https:\/\/slams.fr\/blog\/guides-et-conseils\/premier-slam\/pourquoi-grand-corps-malade-sappelle-t-il-comme-ca\/#primaryimage"},"thumbnailUrl":"https:\/\/images.pexels.com\/photos\/36395694\/pexels-photo-36395694.jpeg?auto=compress&cs=tinysrgb&fit=crop&h=627&w=1200","articleSection":["Premier slam"],"inLanguage":"fr-FR","potentialAction":[{"@type":"CommentAction","name":"Comment","target":["https:\/\/slams.fr\/blog\/guides-et-conseils\/premier-slam\/pourquoi-grand-corps-malade-sappelle-t-il-comme-ca\/#respond"]}]},{"@type":"WebPage","@id":"https:\/\/slams.fr\/blog\/guides-et-conseils\/premier-slam\/pourquoi-grand-corps-malade-sappelle-t-il-comme-ca\/","url":"https:\/\/slams.fr\/blog\/guides-et-conseils\/premier-slam\/pourquoi-grand-corps-malade-sappelle-t-il-comme-ca\/","name":"Pourquoi Grand Corps Malade s'appelle-t-il comme \u00e7a ?","isPartOf":{"@id":"https:\/\/slams.fr\/blog\/#website"},"primaryImageOfPage":{"@id":"https:\/\/slams.fr\/blog\/guides-et-conseils\/premier-slam\/pourquoi-grand-corps-malade-sappelle-t-il-comme-ca\/#primaryimage"},"image":{"@id":"https:\/\/slams.fr\/blog\/guides-et-conseils\/premier-slam\/pourquoi-grand-corps-malade-sappelle-t-il-comme-ca\/#primaryimage"},"thumbnailUrl":"https:\/\/images.pexels.com\/photos\/36395694\/pexels-photo-36395694.jpeg?auto=compress&cs=tinysrgb&fit=crop&h=627&w=1200","datePublished":"2026-07-17T11:38:54+00:00","dateModified":"2026-07-17T11:40:34+00:00","description":"Grand Corps Malade s'appelle ainsi en r\u00e9f\u00e9rence \u00e0 sa grande taille \u2014 environ 1,94 m \u2014 et aux s\u00e9quelles du grave accident de plongeon qui a failli le","inLanguage":"fr-FR","potentialAction":[{"@type":"ReadAction","target":["https:\/\/slams.fr\/blog\/guides-et-conseils\/premier-slam\/pourquoi-grand-corps-malade-sappelle-t-il-comme-ca\/"]}]},{"@type":"ImageObject","inLanguage":"fr-FR","@id":"https:\/\/slams.fr\/blog\/guides-et-conseils\/premier-slam\/pourquoi-grand-corps-malade-sappelle-t-il-comme-ca\/#primaryimage","url":"https:\/\/images.pexels.com\/photos\/36395694\/pexels-photo-36395694.jpeg?auto=compress&cs=tinysrgb&fit=crop&h=627&w=1200","contentUrl":"https:\/\/images.pexels.com\/photos\/36395694\/pexels-photo-36395694.jpeg?auto=compress&cs=tinysrgb&fit=crop&h=627&w=1200"},{"@type":"WebSite","@id":"https:\/\/slams.fr\/blog\/#website","url":"https:\/\/slams.fr\/blog\/","name":"slams.fr","description":"Slams, l&#039;\u00e9nergie des mots en action","publisher":{"@id":"https:\/\/slams.fr\/blog\/#organization"},"alternateName":"Slams, l'\u00e9nergie des mots en action","potentialAction":[{"@type":"SearchAction","target":{"@type":"EntryPoint","urlTemplate":"https:\/\/slams.fr\/blog\/?s={search_term_string}"},"query-input":{"@type":"PropertyValueSpecification","valueRequired":true,"valueName":"search_term_string"}}],"inLanguage":"fr-FR"},{"@type":"Organization","@id":"https:\/\/slams.fr\/blog\/#organization","name":"Foretsensations.fr","url":"https:\/\/slams.fr\/blog\/","logo":{"@type":"ImageObject","inLanguage":"fr-FR","@id":"https:\/\/slams.fr\/blog\/#\/schema\/logo\/image\/","url":"https:\/\/slams.fr\/blog\/wp-content\/uploads\/2026\/07\/logo-auto-1.png","contentUrl":"https:\/\/slams.fr\/blog\/wp-content\/uploads\/2026\/07\/logo-auto-1.png","width":1024,"height":1024,"caption":"Foretsensations.fr"},"image":{"@id":"https:\/\/slams.fr\/blog\/#\/schema\/logo\/image\/"}},{"@type":"Person","@id":"https:\/\/slams.fr\/blog\/#\/schema\/person\/3c864cdc320801e3db34b663e7e3f816","name":"Rapha\u00ebl D.","image":{"@type":"ImageObject","inLanguage":"fr-FR","@id":"https:\/\/slams.fr\/blog\/#\/schema\/person\/image\/","url":"https:\/\/slams.fr\/blog\/wp-content\/uploads\/2026\/06\/persona_raphael-d-96x96.jpg","contentUrl":"https:\/\/slams.fr\/blog\/wp-content\/uploads\/2026\/06\/persona_raphael-d-96x96.jpg","caption":"Rapha\u00ebl D."},"description":"La culture est mon terrain de jeu depuis une dizaine d'ann\u00e9es : arts visuels, s\u00e9ries, cr\u00e9ation et tout ce qui nourrit l'imaginaire. J'\u00e9cris aussi bien sur l'actualit\u00e9 des \u0153uvres que sur les coulisses de la cr\u00e9ation, avec l'envie de relier l'amateur curieux \u00e0 des univers parfois jug\u00e9s intimidants. J'aime analyser une s\u00e9rie ou une d\u00e9marche artistique sans p\u00e9dantisme, replacer une \u0153uvre dans son contexte et donner des cl\u00e9s de lecture accessibles. Avant de publier, je v\u00e9rifie mes r\u00e9f\u00e9rences, je recoupe les sources et je distingue clairement le fait de mon interpr\u00e9tation subjective. Je crois qu'une critique vaut surtout par les arguments qu'elle expose, pas par la sentence qu'elle rend. Mon angle : transmettre l'envie de d\u00e9couvrir, de regarder autrement et de se forger son propre go\u00fbt. La culture n'appartient pas qu'aux initi\u00e9s, et c'est tout l'enjeu de mon \u00e9criture.","url":"https:\/\/slams.fr\/blog\/auteur\/raphael-d\/","jobTitle":"R\u00e9dacteur en chef \u00b7 Culture & Cr\u00e9ation","knowsAbout":["Culture","Cr\u00e9ation"],"email":"raphael.d@a-l-asso-de-l-art.fr"}]}},"_links":{"self":[{"href":"https:\/\/slams.fr\/blog\/wp-json\/wp\/v2\/posts\/7822","targetHints":{"allow":["GET"]}}],"collection":[{"href":"https:\/\/slams.fr\/blog\/wp-json\/wp\/v2\/posts"}],"about":[{"href":"https:\/\/slams.fr\/blog\/wp-json\/wp\/v2\/types\/post"}],"author":[{"embeddable":true,"href":"https:\/\/slams.fr\/blog\/wp-json\/wp\/v2\/users\/34"}],"replies":[{"embeddable":true,"href":"https:\/\/slams.fr\/blog\/wp-json\/wp\/v2\/comments?post=7822"}],"version-history":[{"count":1,"href":"https:\/\/slams.fr\/blog\/wp-json\/wp\/v2\/posts\/7822\/revisions"}],"predecessor-version":[{"id":7835,"href":"https:\/\/slams.fr\/blog\/wp-json\/wp\/v2\/posts\/7822\/revisions\/7835"}],"wp:attachment":[{"href":"https:\/\/slams.fr\/blog\/wp-json\/wp\/v2\/media?parent=7822"}],"wp:term":[{"taxonomy":"category","embeddable":true,"href":"https:\/\/slams.fr\/blog\/wp-json\/wp\/v2\/categories?post=7822"},{"taxonomy":"post_tag","embeddable":true,"href":"https:\/\/slams.fr\/blog\/wp-json\/wp\/v2\/tags?post=7822"}],"curies":[{"name":"wp","href":"https:\/\/api.w.org\/{rel}","templated":true}]}}