{"id":7824,"date":"2026-07-17T13:39:50","date_gmt":"2026-07-17T11:39:50","guid":{"rendered":"https:\/\/slams.fr\/blog\/guides-et-conseils\/premier-slam\/votre-premier-slam-les-12-questions-que-tout-le-monde-se-pose\/"},"modified":"2026-07-17T13:39:50","modified_gmt":"2026-07-17T11:39:50","slug":"votre-premier-slam-les-12-questions-que-tout-le-monde-se-pose","status":"publish","type":"post","link":"https:\/\/slams.fr\/blog\/guides-et-conseils\/premier-slam\/votre-premier-slam-les-12-questions-que-tout-le-monde-se-pose\/","title":{"rendered":"Votre premier slam : les 12 questions que tout le monde se pose"},"content":{"rendered":"<p><strong>Votre enfant rentre du coll\u00e8ge avec \u00ab \u00e9crire un slam pour vendredi \u00bb, ou vous voulez tenter une sc\u00e8ne ouverte, ou surprendre tout le monde \u00e0 un mariage : ce guide r\u00e9pond aux 12 questions concr\u00e8tes que tout futur slameur se pose vraiment.<\/strong> Une question, une fiche, une r\u00e9ponse d\u00e8s la premi\u00e8re phrase \u2014 pas de th\u00e9orie inutile.<\/p>\n<p>Le slam n&rsquo;exige aucun mat\u00e9riel, aucun dipl\u00f4me et aucune voix particuli\u00e8re : un texte \u00e0 soi, dit debout, en trois minutes au plus. Toute la difficult\u00e9 tient dans les d\u00e9tails pratiques \u2014 faut-il rimer, combien \u00e9crire, comment d\u00e9marrer, comment retenir son texte, comment survivre au trac. Chaque fiche ci-dessous r\u00e8gle une de ces questions.<\/p>\n<h2>\u00c9crire son texte<\/h2>\n<table>\n<tr>\n<th>Votre question<\/th>\n<th>La r\u00e9ponse en bref<\/th>\n<\/tr>\n<tr>\n<td><a href=\"https:\/\/slams.fr\/blog\/guides-et-conseils\/premier-slam\/est-ce-quun-slam-doit-forcement-rimer\/\">Est-ce qu&rsquo;un slam doit forc\u00e9ment rimer ?<\/a><\/td>\n<td>Non \u2014 le rythme et les sonorit\u00e9s comptent plus que la rime<\/td>\n<\/tr>\n<tr>\n<td><a href=\"https:\/\/slams.fr\/blog\/guides-et-conseils\/premier-slam\/combien-de-temps-dure-un-slam-et-combien-de-lignes-faut-il-ecrire\/\">Combien de temps dure un slam, combien de lignes \u00e9crire ?<\/a><\/td>\n<td>3 minutes max en tournoi ; 1 \u00e0 2 min (150-300 mots) au coll\u00e8ge<\/td>\n<\/tr>\n<tr>\n<td><a href=\"https:\/\/slams.fr\/blog\/guides-et-conseils\/premier-slam\/quel-theme-choisir-pour-un-slam-30-idees-qui-fonctionnent\/\">Quel th\u00e8me choisir ?<\/a><\/td>\n<td>Le meilleur th\u00e8me : une sc\u00e8ne pr\u00e9cise de votre vie \u2014 30 id\u00e9es class\u00e9es<\/td>\n<\/tr>\n<tr>\n<td><a href=\"https:\/\/slams.fr\/blog\/guides-et-conseils\/premier-slam\/comment-commencer-un-slam-les-premieres-phrases-qui-accrochent\/\">Comment commencer son texte ?<\/a><\/td>\n<td>Une phrase choc courte : question, image, anaphore \u2014 jamais d&rsquo;annonce<\/td>\n<\/tr>\n<tr>\n<td><a href=\"https:\/\/slams.fr\/blog\/guides-et-conseils\/premier-slam\/exemple-de-slam-court-3-textes-simples-pour-comprendre-la-structure\/\">Un exemple de slam court, concr\u00e8tement ?<\/a><\/td>\n<td>3 textes originaux courts, d\u00e9cortiqu\u00e9s ingr\u00e9dient par ingr\u00e9dient<\/td>\n<\/tr>\n<\/table>\n<h2>Le dire \u00e0 voix haute<\/h2>\n<table>\n<tr>\n<th>Votre question<\/th>\n<th>La r\u00e9ponse en bref<\/th>\n<\/tr>\n<tr>\n<td><a href=\"https:\/\/slams.fr\/blog\/guides-et-conseils\/premier-slam\/comment-apprendre-son-texte-de-slam-par-coeur-rapidement\/\">Comment l&rsquo;apprendre par c\u0153ur rapidement ?<\/a><\/td>\n<td>Par blocs de 4-6 lignes, \u00e0 voix haute, sur plusieurs jours courts<\/td>\n<\/tr>\n<tr>\n<td><a href=\"https:\/\/slams.fr\/blog\/guides-et-conseils\/premier-slam\/comment-ne-pas-stresser-avant-de-slamer-devant-la-classe\/\">Comment ne pas stresser devant la classe ?<\/a><\/td>\n<td>Texte sur-appris + respiration ventrale + premier vers automatique<\/td>\n<\/tr>\n<tr>\n<td><a href=\"https:\/\/slams.fr\/blog\/guides-et-conseils\/premier-slam\/le-slam-ca-se-chante-avec-ou-sans-musique\/\">\u00c7a se chante ? Avec ou sans musique ?<\/a><\/td>\n<td>A cappella sur sc\u00e8ne et en tournoi ; la musique, c&rsquo;est pour les albums<\/td>\n<\/tr>\n<tr>\n<td><a href=\"https:\/\/slams.fr\/blog\/guides-et-conseils\/premier-slam\/comment-est-note-un-slam-en-tournoi-et-au-college\/\">Comment un slam est-il not\u00e9 ?<\/a><\/td>\n<td>5 jur\u00e9s du public, notes de 0 \u00e0 10, score sur 30 apr\u00e8s retrait des extr\u00eames<\/td>\n<\/tr>\n<\/table>\n<h2>Passer le cap<\/h2>\n<table>\n<tr>\n<th>Votre question<\/th>\n<th>La r\u00e9ponse en bref<\/th>\n<\/tr>\n<tr>\n<td><a href=\"https:\/\/slams.fr\/blog\/guides-et-conseils\/premier-slam\/comment-se-passe-une-scene-ouverte-de-slam\/\">Comment se passe une sc\u00e8ne ouverte ?<\/a><\/td>\n<td>Inscription gratuite, ordre de passage, un texte a cappella d&rsquo;environ 3 min<\/td>\n<\/tr>\n<tr>\n<td><a href=\"https:\/\/slams.fr\/blog\/guides-et-conseils\/premier-slam\/ecrire-un-slam-pour-un-mariage-ou-un-anniversaire-comment-faire\/\">Un slam pour un mariage ou un anniversaire ?<\/a><\/td>\n<td>2-3 min, anecdotes vraies, refrain, chute tendre \u2014 la structure compl\u00e8te<\/td>\n<\/tr>\n<tr>\n<td><a href=\"https:\/\/slams.fr\/blog\/guides-et-conseils\/premier-slam\/pourquoi-grand-corps-malade-sappelle-t-il-comme-ca\/\">Au fait, pourquoi \u00ab Grand Corps Malade \u00bb ?<\/a><\/td>\n<td>1,94 m + les s\u00e9quelles de son accident de plongeon de 1997<\/td>\n<\/tr>\n<\/table>\n<p>Par o\u00f9 commencer ? Si le slam est un devoir : th\u00e8me, puis dur\u00e9e, puis exemple. Si c&rsquo;est une envie de sc\u00e8ne : lisez d&rsquo;abord le d\u00e9roul\u00e9 d&rsquo;une sc\u00e8ne ouverte, \u00e9crivez court, et sur-apprenez votre texte. Dans tous les cas, la r\u00e8gle d&rsquo;or reste la m\u00eame : des mots \u00e0 vous, dits debout, avec le trac \u2014 comme tout le monde, m\u00eame les meilleurs.<\/p>\n","protected":false},"excerpt":{"rendered":"","protected":false},"author":34,"featured_media":999999999,"comment_status":"open","ping_status":"open","sticky":false,"template":"","format":"standard","meta":{"_acf_changed":false,"manual_indexmenow":false,"indexmenow_id_project":0,"footnotes":""},"categories":[4799],"tags":[],"class_list":["post-7824","post","type-post","status-publish","format-standard","has-post-thumbnail","hentry","category-premier-slam","generate-columns","tablet-grid-50","mobile-grid-100","grid-parent","grid-25"],"acf":[],"yoast_head":"<!-- This site is optimized with the Yoast SEO Premium plugin v21.3 (Yoast SEO v26.5) - https:\/\/yoast.com\/wordpress\/plugins\/seo\/ -->\n<title>Votre premier slam : les 12 questions que tout le monde se pose<\/title>\n<meta name=\"description\" content=\"Votre enfant rentre du coll\u00e8ge avec \u00ab \u00e9crire un slam pour vendredi \u00bb, ou vous voulez tenter une sc\u00e8ne ouverte, ou surprendre tout le monde \u00e0 un mariage :\" \/>\n<meta name=\"robots\" content=\"index, follow, max-snippet:-1, max-image-preview:large, max-video-preview:-1\" \/>\n<link rel=\"canonical\" href=\"https:\/\/slams.fr\/blog\/guides-et-conseils\/premier-slam\/votre-premier-slam-les-12-questions-que-tout-le-monde-se-pose\/\" \/>\n<meta property=\"og:locale\" content=\"fr_FR\" \/>\n<meta property=\"og:type\" content=\"article\" \/>\n<meta property=\"og:title\" content=\"Votre premier slam : les 12 questions que tout le monde se pose\" \/>\n<meta property=\"og:description\" content=\"Votre enfant rentre du coll\u00e8ge avec \u00ab \u00e9crire un slam pour vendredi \u00bb, ou vous voulez tenter une sc\u00e8ne ouverte, ou surprendre tout le monde \u00e0 un mariage :\" \/>\n<meta property=\"og:url\" content=\"https:\/\/slams.fr\/blog\/guides-et-conseils\/premier-slam\/votre-premier-slam-les-12-questions-que-tout-le-monde-se-pose\/\" \/>\n<meta property=\"og:site_name\" content=\"slams\" \/>\n<meta name=\"author\" content=\"Rapha\u00ebl D.\" \/>\n<meta name=\"twitter:card\" content=\"summary_large_image\" \/>\n<script type=\"application\/ld+json\" class=\"yoast-schema-graph\">{\"@context\":\"https:\/\/schema.org\",\"@graph\":[{\"@type\":\"NewsArticle\",\"@id\":\"https:\/\/slams.fr\/blog\/guides-et-conseils\/premier-slam\/votre-premier-slam-les-12-questions-que-tout-le-monde-se-pose\/#article\",\"isPartOf\":{\"@id\":\"https:\/\/slams.fr\/blog\/guides-et-conseils\/premier-slam\/votre-premier-slam-les-12-questions-que-tout-le-monde-se-pose\/\"},\"author\":{\"name\":\"Rapha\u00ebl D.\",\"@id\":\"https:\/\/slams.fr\/blog\/#\/schema\/person\/3c864cdc320801e3db34b663e7e3f816\"},\"headline\":\"Votre premier slam : les 12 questions que tout le monde se pose\",\"datePublished\":\"2026-07-17T11:39:50+00:00\",\"mainEntityOfPage\":{\"@id\":\"https:\/\/slams.fr\/blog\/guides-et-conseils\/premier-slam\/votre-premier-slam-les-12-questions-que-tout-le-monde-se-pose\/\"},\"wordCount\":449,\"commentCount\":0,\"publisher\":{\"@id\":\"https:\/\/slams.fr\/blog\/#organization\"},\"image\":{\"@id\":\"https:\/\/slams.fr\/blog\/guides-et-conseils\/premier-slam\/votre-premier-slam-les-12-questions-que-tout-le-monde-se-pose\/#primaryimage\"},\"thumbnailUrl\":\"https:\/\/images.pexels.com\/photos\/30098562\/pexels-photo-30098562.jpeg?auto=compress&cs=tinysrgb&fit=crop&h=627&w=1200\",\"articleSection\":[\"Premier slam\"],\"inLanguage\":\"fr-FR\",\"potentialAction\":[{\"@type\":\"CommentAction\",\"name\":\"Comment\",\"target\":[\"https:\/\/slams.fr\/blog\/guides-et-conseils\/premier-slam\/votre-premier-slam-les-12-questions-que-tout-le-monde-se-pose\/#respond\"]}]},{\"@type\":\"WebPage\",\"@id\":\"https:\/\/slams.fr\/blog\/guides-et-conseils\/premier-slam\/votre-premier-slam-les-12-questions-que-tout-le-monde-se-pose\/\",\"url\":\"https:\/\/slams.fr\/blog\/guides-et-conseils\/premier-slam\/votre-premier-slam-les-12-questions-que-tout-le-monde-se-pose\/\",\"name\":\"Votre premier slam : les 12 questions que tout le monde se pose\",\"isPartOf\":{\"@id\":\"https:\/\/slams.fr\/blog\/#website\"},\"primaryImageOfPage\":{\"@id\":\"https:\/\/slams.fr\/blog\/guides-et-conseils\/premier-slam\/votre-premier-slam-les-12-questions-que-tout-le-monde-se-pose\/#primaryimage\"},\"image\":{\"@id\":\"https:\/\/slams.fr\/blog\/guides-et-conseils\/premier-slam\/votre-premier-slam-les-12-questions-que-tout-le-monde-se-pose\/#primaryimage\"},\"thumbnailUrl\":\"https:\/\/images.pexels.com\/photos\/30098562\/pexels-photo-30098562.jpeg?auto=compress&cs=tinysrgb&fit=crop&h=627&w=1200\",\"datePublished\":\"2026-07-17T11:39:50+00:00\",\"description\":\"Votre enfant rentre du coll\u00e8ge avec \u00ab \u00e9crire un slam pour vendredi \u00bb, ou vous voulez tenter une sc\u00e8ne ouverte, ou surprendre tout le monde \u00e0 un mariage :\",\"inLanguage\":\"fr-FR\",\"potentialAction\":[{\"@type\":\"ReadAction\",\"target\":[\"https:\/\/slams.fr\/blog\/guides-et-conseils\/premier-slam\/votre-premier-slam-les-12-questions-que-tout-le-monde-se-pose\/\"]}]},{\"@type\":\"ImageObject\",\"inLanguage\":\"fr-FR\",\"@id\":\"https:\/\/slams.fr\/blog\/guides-et-conseils\/premier-slam\/votre-premier-slam-les-12-questions-que-tout-le-monde-se-pose\/#primaryimage\",\"url\":\"https:\/\/images.pexels.com\/photos\/30098562\/pexels-photo-30098562.jpeg?auto=compress&cs=tinysrgb&fit=crop&h=627&w=1200\",\"contentUrl\":\"https:\/\/images.pexels.com\/photos\/30098562\/pexels-photo-30098562.jpeg?auto=compress&cs=tinysrgb&fit=crop&h=627&w=1200\"},{\"@type\":\"WebSite\",\"@id\":\"https:\/\/slams.fr\/blog\/#website\",\"url\":\"https:\/\/slams.fr\/blog\/\",\"name\":\"slams.fr\",\"description\":\"Slams, l&#039;\u00e9nergie des mots en action\",\"publisher\":{\"@id\":\"https:\/\/slams.fr\/blog\/#organization\"},\"alternateName\":\"Slams, l'\u00e9nergie des mots en action\",\"potentialAction\":[{\"@type\":\"SearchAction\",\"target\":{\"@type\":\"EntryPoint\",\"urlTemplate\":\"https:\/\/slams.fr\/blog\/?s={search_term_string}\"},\"query-input\":{\"@type\":\"PropertyValueSpecification\",\"valueRequired\":true,\"valueName\":\"search_term_string\"}}],\"inLanguage\":\"fr-FR\"},{\"@type\":\"Organization\",\"@id\":\"https:\/\/slams.fr\/blog\/#organization\",\"name\":\"Foretsensations.fr\",\"url\":\"https:\/\/slams.fr\/blog\/\",\"logo\":{\"@type\":\"ImageObject\",\"inLanguage\":\"fr-FR\",\"@id\":\"https:\/\/slams.fr\/blog\/#\/schema\/logo\/image\/\",\"url\":\"https:\/\/slams.fr\/blog\/wp-content\/uploads\/2026\/07\/logo-auto-1.png\",\"contentUrl\":\"https:\/\/slams.fr\/blog\/wp-content\/uploads\/2026\/07\/logo-auto-1.png\",\"width\":1024,\"height\":1024,\"caption\":\"Foretsensations.fr\"},\"image\":{\"@id\":\"https:\/\/slams.fr\/blog\/#\/schema\/logo\/image\/\"}},{\"@type\":\"Person\",\"@id\":\"https:\/\/slams.fr\/blog\/#\/schema\/person\/3c864cdc320801e3db34b663e7e3f816\",\"name\":\"Rapha\u00ebl D.\",\"image\":{\"@type\":\"ImageObject\",\"inLanguage\":\"fr-FR\",\"@id\":\"https:\/\/slams.fr\/blog\/#\/schema\/person\/image\/\",\"url\":\"https:\/\/slams.fr\/blog\/wp-content\/uploads\/2026\/06\/persona_raphael-d-96x96.jpg\",\"contentUrl\":\"https:\/\/slams.fr\/blog\/wp-content\/uploads\/2026\/06\/persona_raphael-d-96x96.jpg\",\"caption\":\"Rapha\u00ebl D.\"},\"description\":\"La culture est mon terrain de jeu depuis une dizaine d'ann\u00e9es : arts visuels, s\u00e9ries, cr\u00e9ation et tout ce qui nourrit l'imaginaire. J'\u00e9cris aussi bien sur l'actualit\u00e9 des \u0153uvres que sur les coulisses de la cr\u00e9ation, avec l'envie de relier l'amateur curieux \u00e0 des univers parfois jug\u00e9s intimidants. J'aime analyser une s\u00e9rie ou une d\u00e9marche artistique sans p\u00e9dantisme, replacer une \u0153uvre dans son contexte et donner des cl\u00e9s de lecture accessibles. Avant de publier, je v\u00e9rifie mes r\u00e9f\u00e9rences, je recoupe les sources et je distingue clairement le fait de mon interpr\u00e9tation subjective. Je crois qu'une critique vaut surtout par les arguments qu'elle expose, pas par la sentence qu'elle rend. Mon angle : transmettre l'envie de d\u00e9couvrir, de regarder autrement et de se forger son propre go\u00fbt. La culture n'appartient pas qu'aux initi\u00e9s, et c'est tout l'enjeu de mon \u00e9criture.\",\"url\":\"https:\/\/slams.fr\/blog\/auteur\/raphael-d\/\",\"jobTitle\":\"R\u00e9dacteur en chef \u00b7 Culture & Cr\u00e9ation\",\"knowsAbout\":[\"Culture\",\"Cr\u00e9ation\"],\"email\":\"raphael.d@a-l-asso-de-l-art.fr\"}]}<\/script>\n<!-- \/ Yoast SEO Premium plugin. -->","yoast_head_json":{"title":"Votre premier slam : les 12 questions que tout le monde se pose","description":"Votre enfant rentre du coll\u00e8ge avec \u00ab \u00e9crire un slam pour vendredi \u00bb, ou vous voulez tenter une sc\u00e8ne ouverte, ou surprendre tout le monde \u00e0 un mariage :","robots":{"index":"index","follow":"follow","max-snippet":"max-snippet:-1","max-image-preview":"max-image-preview:large","max-video-preview":"max-video-preview:-1"},"canonical":"https:\/\/slams.fr\/blog\/guides-et-conseils\/premier-slam\/votre-premier-slam-les-12-questions-que-tout-le-monde-se-pose\/","og_locale":"fr_FR","og_type":"article","og_title":"Votre premier slam : les 12 questions que tout le monde se pose","og_description":"Votre enfant rentre du coll\u00e8ge avec \u00ab \u00e9crire un slam pour vendredi \u00bb, ou vous voulez tenter une sc\u00e8ne ouverte, ou surprendre tout le monde \u00e0 un mariage :","og_url":"https:\/\/slams.fr\/blog\/guides-et-conseils\/premier-slam\/votre-premier-slam-les-12-questions-que-tout-le-monde-se-pose\/","og_site_name":"slams","author":"Rapha\u00ebl D.","twitter_card":"summary_large_image","schema":{"@context":"https:\/\/schema.org","@graph":[{"@type":"NewsArticle","@id":"https:\/\/slams.fr\/blog\/guides-et-conseils\/premier-slam\/votre-premier-slam-les-12-questions-que-tout-le-monde-se-pose\/#article","isPartOf":{"@id":"https:\/\/slams.fr\/blog\/guides-et-conseils\/premier-slam\/votre-premier-slam-les-12-questions-que-tout-le-monde-se-pose\/"},"author":{"name":"Rapha\u00ebl D.","@id":"https:\/\/slams.fr\/blog\/#\/schema\/person\/3c864cdc320801e3db34b663e7e3f816"},"headline":"Votre premier slam : les 12 questions que tout le monde se pose","datePublished":"2026-07-17T11:39:50+00:00","mainEntityOfPage":{"@id":"https:\/\/slams.fr\/blog\/guides-et-conseils\/premier-slam\/votre-premier-slam-les-12-questions-que-tout-le-monde-se-pose\/"},"wordCount":449,"commentCount":0,"publisher":{"@id":"https:\/\/slams.fr\/blog\/#organization"},"image":{"@id":"https:\/\/slams.fr\/blog\/guides-et-conseils\/premier-slam\/votre-premier-slam-les-12-questions-que-tout-le-monde-se-pose\/#primaryimage"},"thumbnailUrl":"https:\/\/images.pexels.com\/photos\/30098562\/pexels-photo-30098562.jpeg?auto=compress&cs=tinysrgb&fit=crop&h=627&w=1200","articleSection":["Premier slam"],"inLanguage":"fr-FR","potentialAction":[{"@type":"CommentAction","name":"Comment","target":["https:\/\/slams.fr\/blog\/guides-et-conseils\/premier-slam\/votre-premier-slam-les-12-questions-que-tout-le-monde-se-pose\/#respond"]}]},{"@type":"WebPage","@id":"https:\/\/slams.fr\/blog\/guides-et-conseils\/premier-slam\/votre-premier-slam-les-12-questions-que-tout-le-monde-se-pose\/","url":"https:\/\/slams.fr\/blog\/guides-et-conseils\/premier-slam\/votre-premier-slam-les-12-questions-que-tout-le-monde-se-pose\/","name":"Votre premier slam : les 12 questions que tout le monde se pose","isPartOf":{"@id":"https:\/\/slams.fr\/blog\/#website"},"primaryImageOfPage":{"@id":"https:\/\/slams.fr\/blog\/guides-et-conseils\/premier-slam\/votre-premier-slam-les-12-questions-que-tout-le-monde-se-pose\/#primaryimage"},"image":{"@id":"https:\/\/slams.fr\/blog\/guides-et-conseils\/premier-slam\/votre-premier-slam-les-12-questions-que-tout-le-monde-se-pose\/#primaryimage"},"thumbnailUrl":"https:\/\/images.pexels.com\/photos\/30098562\/pexels-photo-30098562.jpeg?auto=compress&cs=tinysrgb&fit=crop&h=627&w=1200","datePublished":"2026-07-17T11:39:50+00:00","description":"Votre enfant rentre du coll\u00e8ge avec \u00ab \u00e9crire un slam pour vendredi \u00bb, ou vous voulez tenter une sc\u00e8ne ouverte, ou surprendre tout le monde \u00e0 un mariage :","inLanguage":"fr-FR","potentialAction":[{"@type":"ReadAction","target":["https:\/\/slams.fr\/blog\/guides-et-conseils\/premier-slam\/votre-premier-slam-les-12-questions-que-tout-le-monde-se-pose\/"]}]},{"@type":"ImageObject","inLanguage":"fr-FR","@id":"https:\/\/slams.fr\/blog\/guides-et-conseils\/premier-slam\/votre-premier-slam-les-12-questions-que-tout-le-monde-se-pose\/#primaryimage","url":"https:\/\/images.pexels.com\/photos\/30098562\/pexels-photo-30098562.jpeg?auto=compress&cs=tinysrgb&fit=crop&h=627&w=1200","contentUrl":"https:\/\/images.pexels.com\/photos\/30098562\/pexels-photo-30098562.jpeg?auto=compress&cs=tinysrgb&fit=crop&h=627&w=1200"},{"@type":"WebSite","@id":"https:\/\/slams.fr\/blog\/#website","url":"https:\/\/slams.fr\/blog\/","name":"slams.fr","description":"Slams, l&#039;\u00e9nergie des mots en action","publisher":{"@id":"https:\/\/slams.fr\/blog\/#organization"},"alternateName":"Slams, l'\u00e9nergie des mots en action","potentialAction":[{"@type":"SearchAction","target":{"@type":"EntryPoint","urlTemplate":"https:\/\/slams.fr\/blog\/?s={search_term_string}"},"query-input":{"@type":"PropertyValueSpecification","valueRequired":true,"valueName":"search_term_string"}}],"inLanguage":"fr-FR"},{"@type":"Organization","@id":"https:\/\/slams.fr\/blog\/#organization","name":"Foretsensations.fr","url":"https:\/\/slams.fr\/blog\/","logo":{"@type":"ImageObject","inLanguage":"fr-FR","@id":"https:\/\/slams.fr\/blog\/#\/schema\/logo\/image\/","url":"https:\/\/slams.fr\/blog\/wp-content\/uploads\/2026\/07\/logo-auto-1.png","contentUrl":"https:\/\/slams.fr\/blog\/wp-content\/uploads\/2026\/07\/logo-auto-1.png","width":1024,"height":1024,"caption":"Foretsensations.fr"},"image":{"@id":"https:\/\/slams.fr\/blog\/#\/schema\/logo\/image\/"}},{"@type":"Person","@id":"https:\/\/slams.fr\/blog\/#\/schema\/person\/3c864cdc320801e3db34b663e7e3f816","name":"Rapha\u00ebl D.","image":{"@type":"ImageObject","inLanguage":"fr-FR","@id":"https:\/\/slams.fr\/blog\/#\/schema\/person\/image\/","url":"https:\/\/slams.fr\/blog\/wp-content\/uploads\/2026\/06\/persona_raphael-d-96x96.jpg","contentUrl":"https:\/\/slams.fr\/blog\/wp-content\/uploads\/2026\/06\/persona_raphael-d-96x96.jpg","caption":"Rapha\u00ebl D."},"description":"La culture est mon terrain de jeu depuis une dizaine d'ann\u00e9es : arts visuels, s\u00e9ries, cr\u00e9ation et tout ce qui nourrit l'imaginaire. J'\u00e9cris aussi bien sur l'actualit\u00e9 des \u0153uvres que sur les coulisses de la cr\u00e9ation, avec l'envie de relier l'amateur curieux \u00e0 des univers parfois jug\u00e9s intimidants. J'aime analyser une s\u00e9rie ou une d\u00e9marche artistique sans p\u00e9dantisme, replacer une \u0153uvre dans son contexte et donner des cl\u00e9s de lecture accessibles. Avant de publier, je v\u00e9rifie mes r\u00e9f\u00e9rences, je recoupe les sources et je distingue clairement le fait de mon interpr\u00e9tation subjective. Je crois qu'une critique vaut surtout par les arguments qu'elle expose, pas par la sentence qu'elle rend. Mon angle : transmettre l'envie de d\u00e9couvrir, de regarder autrement et de se forger son propre go\u00fbt. La culture n'appartient pas qu'aux initi\u00e9s, et c'est tout l'enjeu de mon \u00e9criture.","url":"https:\/\/slams.fr\/blog\/auteur\/raphael-d\/","jobTitle":"R\u00e9dacteur en chef \u00b7 Culture & Cr\u00e9ation","knowsAbout":["Culture","Cr\u00e9ation"],"email":"raphael.d@a-l-asso-de-l-art.fr"}]}},"_links":{"self":[{"href":"https:\/\/slams.fr\/blog\/wp-json\/wp\/v2\/posts\/7824","targetHints":{"allow":["GET"]}}],"collection":[{"href":"https:\/\/slams.fr\/blog\/wp-json\/wp\/v2\/posts"}],"about":[{"href":"https:\/\/slams.fr\/blog\/wp-json\/wp\/v2\/types\/post"}],"author":[{"embeddable":true,"href":"https:\/\/slams.fr\/blog\/wp-json\/wp\/v2\/users\/34"}],"replies":[{"embeddable":true,"href":"https:\/\/slams.fr\/blog\/wp-json\/wp\/v2\/comments?post=7824"}],"version-history":[{"count":0,"href":"https:\/\/slams.fr\/blog\/wp-json\/wp\/v2\/posts\/7824\/revisions"}],"wp:attachment":[{"href":"https:\/\/slams.fr\/blog\/wp-json\/wp\/v2\/media?parent=7824"}],"wp:term":[{"taxonomy":"category","embeddable":true,"href":"https:\/\/slams.fr\/blog\/wp-json\/wp\/v2\/categories?post=7824"},{"taxonomy":"post_tag","embeddable":true,"href":"https:\/\/slams.fr\/blog\/wp-json\/wp\/v2\/tags?post=7824"}],"curies":[{"name":"wp","href":"https:\/\/api.w.org\/{rel}","templated":true}]}}