{"id":7845,"date":"2026-08-03T01:42:13","date_gmt":"2026-08-02T23:42:13","guid":{"rendered":"https:\/\/slams.fr\/blog\/a-la-une\/harmonica-sur-scene-blues-slam\/"},"modified":"2026-08-03T01:42:13","modified_gmt":"2026-08-02T23:42:13","slug":"harmonica-sur-scene-blues-slam","status":"publish","type":"post","link":"https:\/\/slams.fr\/blog\/a-la-une\/harmonica-sur-scene-blues-slam\/","title":{"rendered":"L&rsquo;harmonica sur sc\u00e8ne : du blues au slam, un instrument de voix"},"content":{"rendered":"<p><strong>\u26a1 En bref<\/strong> \u2014 L&rsquo;harmonica n&rsquo;est pas qu&rsquo;un instrument de blues. Sa capacit\u00e9 \u00e0 imiter la voix humaine \u2014 plaintes, cris, chuchotements \u2014 en fait un compagnon naturel des formes parl\u00e9es, du folk narratif au slam.<\/p>\n<p>Cet article s&rsquo;appuie sur le travail d&rsquo;Alain Messier, professeur d&rsquo;harmonica dans l&rsquo;Eure, qui donne des cours \u00e0 domicile et anime des stages en Normandie.<\/p>\n<h2>Un instrument qui parle<\/h2>\n<p>Ce qui distingue l&rsquo;harmonica des autres instruments \u00e0 vent, c&rsquo;est sa proximit\u00e9 physique avec la voix. Il est dans la bouche. La cavit\u00e9 buccale, la langue, la gorge participent directement au timbre.<\/p>\n<p>Concr\u00e8tement, le joueur peut faire varier une note sans changer de trou : l&rsquo;infl\u00e9chir vers le bas, la faire g\u00e9mir, l&rsquo;\u00e9touffer. Ce sont exactement les inflexions d&rsquo;une voix qui parle plut\u00f4t que d&rsquo;une voix qui chante. D&rsquo;o\u00f9 sa parent\u00e9 avec les formes narratives.<\/p>\n<h2>Pourquoi \u00e7a fonctionne avec le texte<\/h2>\n<p>Un instrument tr\u00e8s pr\u00e9sent harmoniquement \u2014 un piano, une guitare en accords plaqu\u00e9s \u2014 impose une grille. Le texte doit s&rsquo;y couler. L&rsquo;harmonica, lui, est <strong>monodique<\/strong> : il pose une ligne, pas une structure.<\/p>\n<p>Il peut donc respirer avec le texte, se taire pendant les moments forts, relancer entre deux strophes. Il ponctue au lieu de porter. C&rsquo;est pr\u00e9cis\u00e9ment ce que demande une forme o\u00f9 la parole reste au centre.<\/p>\n<h2>Trois usages en sc\u00e8ne<\/h2>\n<ul>\n<li><strong>L&rsquo;intro et la sortie.<\/strong> Quelques mesures pour installer une couleur avant le premier mot, et refermer apr\u00e8s le dernier.<\/li>\n<li><strong>La respiration.<\/strong> Entre deux parties, l\u00e0 o\u00f9 le silence serait trop long mais o\u00f9 la parole n&rsquo;a plus rien \u00e0 dire.<\/li>\n<li><strong>Le contrepoint.<\/strong> Une note tenue, tr\u00e8s basse en volume, sous un passage parl\u00e9. Presque subliminale, mais elle change la densit\u00e9.<\/li>\n<\/ul>\n<h2>Ce qu&rsquo;il faut techniquement<\/h2>\n<p>Moins qu&rsquo;on ne croit. Savoir isoler une note proprement, tenir une dur\u00e9e sans trembler, et ma\u00eetriser deux ou trois inflexions suffisent pour accompagner un texte. La virtuosit\u00e9 n&rsquo;apporte rien ici \u2014 elle d\u00e9tournerait m\u00eame l&rsquo;attention.<\/p>\n<p>En revanche, le sens du placement est d\u00e9cisif : savoir quand ne pas jouer. C&rsquo;est une comp\u00e9tence de sc\u00e8ne plus que d&rsquo;instrument, et elle s&rsquo;acquiert en pratiquant devant des gens.<\/p>\n<h2>Se former<\/h2>\n<p>Le r\u00e9pertoire blues et folk reste la meilleure \u00e9cole pour ces inflexions, parce qu&rsquo;il est b\u00e2ti dessus. On y apprend le vocabulaire expressif qu&rsquo;on transposera ensuite sur d&rsquo;autres formes.<\/p>\n<p>Les d\u00e9monstrations film\u00e9es aident beaucoup \u00e0 comprendre ce qui se passe dans la bouche, ce qu&rsquo;un texte \u00e9crit peine \u00e0 transmettre : les vid\u00e9os d&rsquo;<a href=\"https:\/\/cours-harmonica.fr\/mes-videos\/\">alain messier<\/a> montrent ces gestes au ralenti, position de bouche comprise.<\/p>\n<h2>\ud83c\udfaf \u00c0 retenir<\/h2>\n<ul>\n<li>La bouche fait partie de l&rsquo;instrument : d&rsquo;o\u00f9 sa parent\u00e9 avec la voix parl\u00e9e.<\/li>\n<li>Monodique, il pose une ligne sans imposer de grille \u2014 le texte reste ma\u00eetre.<\/li>\n<li>Intro, respiration, contrepoint discret : trois usages qui suffisent en sc\u00e8ne.<\/li>\n<li>Le placement compte plus que la virtuosit\u00e9. Savoir se taire est une comp\u00e9tence.<\/li>\n<\/ul>\n<h2>Questions fr\u00e9quentes<\/h2>\n<details>\n<summary><strong>Quelle tonalit\u00e9 choisir pour accompagner un texte ?<\/strong><\/summary>\n<p>Un do reste le choix par d\u00e9faut et convient \u00e0 la plupart des situations. Si vous accompagnez un musicien, adaptez-vous \u00e0 sa tonalit\u00e9 \u2014 c&rsquo;est l\u00e0 qu&rsquo;un second harmonica devient utile.<\/p>\n<\/details>\n<details>\n<summary><strong>Faut-il un micro ?<\/strong><\/summary>\n<p>En petite salle, non. D\u00e8s qu&rsquo;il y a une sonorisation, un micro voix classique suffit largement pour un usage de ponctuation. Le mat\u00e9riel sp\u00e9cialis\u00e9 sert surtout au blues amplifi\u00e9.<\/p>\n<\/details>\n<details>\n<summary><strong>Peut-on jouer et dire en m\u00eame temps ?<\/strong><\/summary>\n<p>Pas simultan\u00e9ment, mais l&rsquo;alternance rapide se travaille. Un porte-harmonica lib\u00e8re les mains et permet de passer de la parole \u00e0 l&rsquo;instrument sans rupture.<\/p>\n<\/details>\n<details>\n<summary><strong>Combien de temps pour \u00eatre pr\u00e9sentable en sc\u00e8ne ?<\/strong><\/summary>\n<p>Cela d\u00e9pend de l&rsquo;ambition. Pour une ponctuation simple \u2014 une intro, une respiration \u2014 quelques mois de pratique r\u00e9guli\u00e8re suffisent. Le travail expressif fin demande plus de temps.<\/p>\n<\/details>\n","protected":false},"excerpt":{"rendered":"","protected":false},"author":34,"featured_media":999999999,"comment_status":"open","ping_status":"open","sticky":false,"template":"","format":"standard","meta":{"_acf_changed":false,"manual_indexmenow":false,"indexmenow_id_project":0,"footnotes":""},"categories":[1],"tags":[],"class_list":["post-7845","post","type-post","status-publish","format-standard","has-post-thumbnail","hentry","category-a-la-une","generate-columns","tablet-grid-50","mobile-grid-100","grid-parent","grid-25"],"acf":[],"yoast_head":"<!-- This site is optimized with the Yoast SEO Premium plugin v21.3 (Yoast SEO v26.5) - https:\/\/yoast.com\/wordpress\/plugins\/seo\/ -->\n<title>L&#039;harmonica sur sc\u00e8ne : du blues au slam, un instrument de voix<\/title>\n<meta name=\"description\" content=\"\u26a1 En bref \u2014 L&#039;harmonica n&#039;est pas qu&#039;un instrument de blues. Sa capacit\u00e9 \u00e0 imiter la voix humaine \u2014 plaintes, cris, chuchotements \u2014 en fait un compagnon\" \/>\n<meta name=\"robots\" content=\"index, follow, max-snippet:-1, max-image-preview:large, max-video-preview:-1\" \/>\n<link rel=\"canonical\" href=\"https:\/\/slams.fr\/blog\/a-la-une\/harmonica-sur-scene-blues-slam\/\" \/>\n<meta property=\"og:locale\" content=\"fr_FR\" \/>\n<meta property=\"og:type\" content=\"article\" \/>\n<meta property=\"og:title\" content=\"L&#039;harmonica sur sc\u00e8ne : du blues au slam, un instrument de voix\" \/>\n<meta property=\"og:description\" content=\"\u26a1 En bref \u2014 L&#039;harmonica n&#039;est pas qu&#039;un instrument de blues. Sa capacit\u00e9 \u00e0 imiter la voix humaine \u2014 plaintes, cris, chuchotements \u2014 en fait un compagnon\" \/>\n<meta property=\"og:url\" content=\"https:\/\/slams.fr\/blog\/a-la-une\/harmonica-sur-scene-blues-slam\/\" \/>\n<meta property=\"og:site_name\" content=\"slams\" \/>\n<meta name=\"author\" content=\"Rapha\u00ebl D.\" \/>\n<meta name=\"twitter:card\" content=\"summary_large_image\" \/>\n<script type=\"application\/ld+json\" class=\"yoast-schema-graph\">{\"@context\":\"https:\/\/schema.org\",\"@graph\":[{\"@type\":\"NewsArticle\",\"@id\":\"https:\/\/slams.fr\/blog\/a-la-une\/harmonica-sur-scene-blues-slam\/#article\",\"isPartOf\":{\"@id\":\"https:\/\/slams.fr\/blog\/a-la-une\/harmonica-sur-scene-blues-slam\/\"},\"author\":{\"name\":\"Rapha\u00ebl D.\",\"@id\":\"https:\/\/slams.fr\/blog\/#\/schema\/person\/3c864cdc320801e3db34b663e7e3f816\"},\"headline\":\"L&rsquo;harmonica sur sc\u00e8ne : du blues au slam, un instrument de voix\",\"datePublished\":\"2026-08-02T23:42:13+00:00\",\"mainEntityOfPage\":{\"@id\":\"https:\/\/slams.fr\/blog\/a-la-une\/harmonica-sur-scene-blues-slam\/\"},\"wordCount\":673,\"commentCount\":0,\"publisher\":{\"@id\":\"https:\/\/slams.fr\/blog\/#organization\"},\"image\":{\"@id\":\"https:\/\/slams.fr\/blog\/a-la-une\/harmonica-sur-scene-blues-slam\/#primaryimage\"},\"thumbnailUrl\":\"https:\/\/images.pexels.com\/photos\/8043736\/pexels-photo-8043736.jpeg?auto=compress&cs=tinysrgb&fit=crop&h=627&w=1200\",\"articleSection\":[\"\u00c0 la une\"],\"inLanguage\":\"fr-FR\",\"potentialAction\":[{\"@type\":\"CommentAction\",\"name\":\"Comment\",\"target\":[\"https:\/\/slams.fr\/blog\/a-la-une\/harmonica-sur-scene-blues-slam\/#respond\"]}]},{\"@type\":\"WebPage\",\"@id\":\"https:\/\/slams.fr\/blog\/a-la-une\/harmonica-sur-scene-blues-slam\/\",\"url\":\"https:\/\/slams.fr\/blog\/a-la-une\/harmonica-sur-scene-blues-slam\/\",\"name\":\"L'harmonica sur sc\u00e8ne : du blues au slam, un instrument de voix\",\"isPartOf\":{\"@id\":\"https:\/\/slams.fr\/blog\/#website\"},\"primaryImageOfPage\":{\"@id\":\"https:\/\/slams.fr\/blog\/a-la-une\/harmonica-sur-scene-blues-slam\/#primaryimage\"},\"image\":{\"@id\":\"https:\/\/slams.fr\/blog\/a-la-une\/harmonica-sur-scene-blues-slam\/#primaryimage\"},\"thumbnailUrl\":\"https:\/\/images.pexels.com\/photos\/8043736\/pexels-photo-8043736.jpeg?auto=compress&cs=tinysrgb&fit=crop&h=627&w=1200\",\"datePublished\":\"2026-08-02T23:42:13+00:00\",\"description\":\"\u26a1 En bref \u2014 L'harmonica n'est pas qu'un instrument de blues. Sa capacit\u00e9 \u00e0 imiter la voix humaine \u2014 plaintes, cris, chuchotements \u2014 en fait un compagnon\",\"inLanguage\":\"fr-FR\",\"potentialAction\":[{\"@type\":\"ReadAction\",\"target\":[\"https:\/\/slams.fr\/blog\/a-la-une\/harmonica-sur-scene-blues-slam\/\"]}]},{\"@type\":\"ImageObject\",\"inLanguage\":\"fr-FR\",\"@id\":\"https:\/\/slams.fr\/blog\/a-la-une\/harmonica-sur-scene-blues-slam\/#primaryimage\",\"url\":\"https:\/\/images.pexels.com\/photos\/8043736\/pexels-photo-8043736.jpeg?auto=compress&cs=tinysrgb&fit=crop&h=627&w=1200\",\"contentUrl\":\"https:\/\/images.pexels.com\/photos\/8043736\/pexels-photo-8043736.jpeg?auto=compress&cs=tinysrgb&fit=crop&h=627&w=1200\"},{\"@type\":\"WebSite\",\"@id\":\"https:\/\/slams.fr\/blog\/#website\",\"url\":\"https:\/\/slams.fr\/blog\/\",\"name\":\"slams.fr\",\"description\":\"Slams, l&#039;\u00e9nergie des mots en action\",\"publisher\":{\"@id\":\"https:\/\/slams.fr\/blog\/#organization\"},\"alternateName\":\"Slams, l'\u00e9nergie des mots en action\",\"potentialAction\":[{\"@type\":\"SearchAction\",\"target\":{\"@type\":\"EntryPoint\",\"urlTemplate\":\"https:\/\/slams.fr\/blog\/?s={search_term_string}\"},\"query-input\":{\"@type\":\"PropertyValueSpecification\",\"valueRequired\":true,\"valueName\":\"search_term_string\"}}],\"inLanguage\":\"fr-FR\"},{\"@type\":\"Organization\",\"@id\":\"https:\/\/slams.fr\/blog\/#organization\",\"name\":\"Foretsensations.fr\",\"url\":\"https:\/\/slams.fr\/blog\/\",\"logo\":{\"@type\":\"ImageObject\",\"inLanguage\":\"fr-FR\",\"@id\":\"https:\/\/slams.fr\/blog\/#\/schema\/logo\/image\/\",\"url\":\"https:\/\/slams.fr\/blog\/wp-content\/uploads\/2026\/07\/logo-auto-1.png\",\"contentUrl\":\"https:\/\/slams.fr\/blog\/wp-content\/uploads\/2026\/07\/logo-auto-1.png\",\"width\":1024,\"height\":1024,\"caption\":\"Foretsensations.fr\"},\"image\":{\"@id\":\"https:\/\/slams.fr\/blog\/#\/schema\/logo\/image\/\"}},{\"@type\":\"Person\",\"@id\":\"https:\/\/slams.fr\/blog\/#\/schema\/person\/3c864cdc320801e3db34b663e7e3f816\",\"name\":\"Rapha\u00ebl D.\",\"image\":{\"@type\":\"ImageObject\",\"inLanguage\":\"fr-FR\",\"@id\":\"https:\/\/slams.fr\/blog\/#\/schema\/person\/image\/\",\"url\":\"https:\/\/slams.fr\/blog\/wp-content\/uploads\/2026\/06\/persona_raphael-d-96x96.jpg\",\"contentUrl\":\"https:\/\/slams.fr\/blog\/wp-content\/uploads\/2026\/06\/persona_raphael-d-96x96.jpg\",\"caption\":\"Rapha\u00ebl D.\"},\"description\":\"La culture est mon terrain de jeu depuis une dizaine d'ann\u00e9es : arts visuels, s\u00e9ries, cr\u00e9ation et tout ce qui nourrit l'imaginaire. J'\u00e9cris aussi bien sur l'actualit\u00e9 des \u0153uvres que sur les coulisses de la cr\u00e9ation, avec l'envie de relier l'amateur curieux \u00e0 des univers parfois jug\u00e9s intimidants. J'aime analyser une s\u00e9rie ou une d\u00e9marche artistique sans p\u00e9dantisme, replacer une \u0153uvre dans son contexte et donner des cl\u00e9s de lecture accessibles. Avant de publier, je v\u00e9rifie mes r\u00e9f\u00e9rences, je recoupe les sources et je distingue clairement le fait de mon interpr\u00e9tation subjective. Je crois qu'une critique vaut surtout par les arguments qu'elle expose, pas par la sentence qu'elle rend. Mon angle : transmettre l'envie de d\u00e9couvrir, de regarder autrement et de se forger son propre go\u00fbt. La culture n'appartient pas qu'aux initi\u00e9s, et c'est tout l'enjeu de mon \u00e9criture.\",\"url\":\"https:\/\/slams.fr\/blog\/auteur\/raphael-d\/\",\"jobTitle\":\"R\u00e9dacteur en chef \u00b7 Culture & Cr\u00e9ation\",\"knowsAbout\":[\"Culture\",\"Cr\u00e9ation\"],\"email\":\"raphael.d@a-l-asso-de-l-art.fr\"}]}<\/script>\n<!-- \/ Yoast SEO Premium plugin. -->","yoast_head_json":{"title":"L'harmonica sur sc\u00e8ne : du blues au slam, un instrument de voix","description":"\u26a1 En bref \u2014 L'harmonica n'est pas qu'un instrument de blues. Sa capacit\u00e9 \u00e0 imiter la voix humaine \u2014 plaintes, cris, chuchotements \u2014 en fait un compagnon","robots":{"index":"index","follow":"follow","max-snippet":"max-snippet:-1","max-image-preview":"max-image-preview:large","max-video-preview":"max-video-preview:-1"},"canonical":"https:\/\/slams.fr\/blog\/a-la-une\/harmonica-sur-scene-blues-slam\/","og_locale":"fr_FR","og_type":"article","og_title":"L'harmonica sur sc\u00e8ne : du blues au slam, un instrument de voix","og_description":"\u26a1 En bref \u2014 L'harmonica n'est pas qu'un instrument de blues. Sa capacit\u00e9 \u00e0 imiter la voix humaine \u2014 plaintes, cris, chuchotements \u2014 en fait un compagnon","og_url":"https:\/\/slams.fr\/blog\/a-la-une\/harmonica-sur-scene-blues-slam\/","og_site_name":"slams","author":"Rapha\u00ebl D.","twitter_card":"summary_large_image","schema":{"@context":"https:\/\/schema.org","@graph":[{"@type":"NewsArticle","@id":"https:\/\/slams.fr\/blog\/a-la-une\/harmonica-sur-scene-blues-slam\/#article","isPartOf":{"@id":"https:\/\/slams.fr\/blog\/a-la-une\/harmonica-sur-scene-blues-slam\/"},"author":{"name":"Rapha\u00ebl D.","@id":"https:\/\/slams.fr\/blog\/#\/schema\/person\/3c864cdc320801e3db34b663e7e3f816"},"headline":"L&rsquo;harmonica sur sc\u00e8ne : du blues au slam, un instrument de voix","datePublished":"2026-08-02T23:42:13+00:00","mainEntityOfPage":{"@id":"https:\/\/slams.fr\/blog\/a-la-une\/harmonica-sur-scene-blues-slam\/"},"wordCount":673,"commentCount":0,"publisher":{"@id":"https:\/\/slams.fr\/blog\/#organization"},"image":{"@id":"https:\/\/slams.fr\/blog\/a-la-une\/harmonica-sur-scene-blues-slam\/#primaryimage"},"thumbnailUrl":"https:\/\/images.pexels.com\/photos\/8043736\/pexels-photo-8043736.jpeg?auto=compress&cs=tinysrgb&fit=crop&h=627&w=1200","articleSection":["\u00c0 la une"],"inLanguage":"fr-FR","potentialAction":[{"@type":"CommentAction","name":"Comment","target":["https:\/\/slams.fr\/blog\/a-la-une\/harmonica-sur-scene-blues-slam\/#respond"]}]},{"@type":"WebPage","@id":"https:\/\/slams.fr\/blog\/a-la-une\/harmonica-sur-scene-blues-slam\/","url":"https:\/\/slams.fr\/blog\/a-la-une\/harmonica-sur-scene-blues-slam\/","name":"L'harmonica sur sc\u00e8ne : du blues au slam, un instrument de voix","isPartOf":{"@id":"https:\/\/slams.fr\/blog\/#website"},"primaryImageOfPage":{"@id":"https:\/\/slams.fr\/blog\/a-la-une\/harmonica-sur-scene-blues-slam\/#primaryimage"},"image":{"@id":"https:\/\/slams.fr\/blog\/a-la-une\/harmonica-sur-scene-blues-slam\/#primaryimage"},"thumbnailUrl":"https:\/\/images.pexels.com\/photos\/8043736\/pexels-photo-8043736.jpeg?auto=compress&cs=tinysrgb&fit=crop&h=627&w=1200","datePublished":"2026-08-02T23:42:13+00:00","description":"\u26a1 En bref \u2014 L'harmonica n'est pas qu'un instrument de blues. Sa capacit\u00e9 \u00e0 imiter la voix humaine \u2014 plaintes, cris, chuchotements \u2014 en fait un compagnon","inLanguage":"fr-FR","potentialAction":[{"@type":"ReadAction","target":["https:\/\/slams.fr\/blog\/a-la-une\/harmonica-sur-scene-blues-slam\/"]}]},{"@type":"ImageObject","inLanguage":"fr-FR","@id":"https:\/\/slams.fr\/blog\/a-la-une\/harmonica-sur-scene-blues-slam\/#primaryimage","url":"https:\/\/images.pexels.com\/photos\/8043736\/pexels-photo-8043736.jpeg?auto=compress&cs=tinysrgb&fit=crop&h=627&w=1200","contentUrl":"https:\/\/images.pexels.com\/photos\/8043736\/pexels-photo-8043736.jpeg?auto=compress&cs=tinysrgb&fit=crop&h=627&w=1200"},{"@type":"WebSite","@id":"https:\/\/slams.fr\/blog\/#website","url":"https:\/\/slams.fr\/blog\/","name":"slams.fr","description":"Slams, l&#039;\u00e9nergie des mots en action","publisher":{"@id":"https:\/\/slams.fr\/blog\/#organization"},"alternateName":"Slams, l'\u00e9nergie des mots en action","potentialAction":[{"@type":"SearchAction","target":{"@type":"EntryPoint","urlTemplate":"https:\/\/slams.fr\/blog\/?s={search_term_string}"},"query-input":{"@type":"PropertyValueSpecification","valueRequired":true,"valueName":"search_term_string"}}],"inLanguage":"fr-FR"},{"@type":"Organization","@id":"https:\/\/slams.fr\/blog\/#organization","name":"Foretsensations.fr","url":"https:\/\/slams.fr\/blog\/","logo":{"@type":"ImageObject","inLanguage":"fr-FR","@id":"https:\/\/slams.fr\/blog\/#\/schema\/logo\/image\/","url":"https:\/\/slams.fr\/blog\/wp-content\/uploads\/2026\/07\/logo-auto-1.png","contentUrl":"https:\/\/slams.fr\/blog\/wp-content\/uploads\/2026\/07\/logo-auto-1.png","width":1024,"height":1024,"caption":"Foretsensations.fr"},"image":{"@id":"https:\/\/slams.fr\/blog\/#\/schema\/logo\/image\/"}},{"@type":"Person","@id":"https:\/\/slams.fr\/blog\/#\/schema\/person\/3c864cdc320801e3db34b663e7e3f816","name":"Rapha\u00ebl D.","image":{"@type":"ImageObject","inLanguage":"fr-FR","@id":"https:\/\/slams.fr\/blog\/#\/schema\/person\/image\/","url":"https:\/\/slams.fr\/blog\/wp-content\/uploads\/2026\/06\/persona_raphael-d-96x96.jpg","contentUrl":"https:\/\/slams.fr\/blog\/wp-content\/uploads\/2026\/06\/persona_raphael-d-96x96.jpg","caption":"Rapha\u00ebl D."},"description":"La culture est mon terrain de jeu depuis une dizaine d'ann\u00e9es : arts visuels, s\u00e9ries, cr\u00e9ation et tout ce qui nourrit l'imaginaire. J'\u00e9cris aussi bien sur l'actualit\u00e9 des \u0153uvres que sur les coulisses de la cr\u00e9ation, avec l'envie de relier l'amateur curieux \u00e0 des univers parfois jug\u00e9s intimidants. J'aime analyser une s\u00e9rie ou une d\u00e9marche artistique sans p\u00e9dantisme, replacer une \u0153uvre dans son contexte et donner des cl\u00e9s de lecture accessibles. Avant de publier, je v\u00e9rifie mes r\u00e9f\u00e9rences, je recoupe les sources et je distingue clairement le fait de mon interpr\u00e9tation subjective. Je crois qu'une critique vaut surtout par les arguments qu'elle expose, pas par la sentence qu'elle rend. Mon angle : transmettre l'envie de d\u00e9couvrir, de regarder autrement et de se forger son propre go\u00fbt. La culture n'appartient pas qu'aux initi\u00e9s, et c'est tout l'enjeu de mon \u00e9criture.","url":"https:\/\/slams.fr\/blog\/auteur\/raphael-d\/","jobTitle":"R\u00e9dacteur en chef \u00b7 Culture & Cr\u00e9ation","knowsAbout":["Culture","Cr\u00e9ation"],"email":"raphael.d@a-l-asso-de-l-art.fr"}]}},"_links":{"self":[{"href":"https:\/\/slams.fr\/blog\/wp-json\/wp\/v2\/posts\/7845","targetHints":{"allow":["GET"]}}],"collection":[{"href":"https:\/\/slams.fr\/blog\/wp-json\/wp\/v2\/posts"}],"about":[{"href":"https:\/\/slams.fr\/blog\/wp-json\/wp\/v2\/types\/post"}],"author":[{"embeddable":true,"href":"https:\/\/slams.fr\/blog\/wp-json\/wp\/v2\/users\/34"}],"replies":[{"embeddable":true,"href":"https:\/\/slams.fr\/blog\/wp-json\/wp\/v2\/comments?post=7845"}],"version-history":[{"count":0,"href":"https:\/\/slams.fr\/blog\/wp-json\/wp\/v2\/posts\/7845\/revisions"}],"wp:attachment":[{"href":"https:\/\/slams.fr\/blog\/wp-json\/wp\/v2\/media?parent=7845"}],"wp:term":[{"taxonomy":"category","embeddable":true,"href":"https:\/\/slams.fr\/blog\/wp-json\/wp\/v2\/categories?post=7845"},{"taxonomy":"post_tag","embeddable":true,"href":"https:\/\/slams.fr\/blog\/wp-json\/wp\/v2\/tags?post=7845"}],"curies":[{"name":"wp","href":"https:\/\/api.w.org\/{rel}","templated":true}]}}